{"id":35892,"date":"2021-06-26T00:31:42","date_gmt":"2021-06-25T23:31:42","guid":{"rendered":"https:\/\/radioljubuski.ba\/?p=35892"},"modified":"2021-06-26T00:31:43","modified_gmt":"2021-06-25T23:31:43","slug":"u-fbih-pad-industrijske-proizvodnje-u-svibnju-od-32-posto","status":"publish","type":"post","link":"https:\/\/radioljubuski.ba\/index.php\/2021\/06\/26\/u-fbih-pad-industrijske-proizvodnje-u-svibnju-od-32-posto\/","title":{"rendered":"U FBiH pad industrijske proizvodnje u svibnju od 3,2 posto"},"content":{"rendered":"\n<p>Ukupna desezonirana industrijska proizvodnja u Federaciji Bosne i Hercegovine u svibnju 2021. godine u odnosu na travanj iste godine , manja je za 3,2 posto.<\/p>\n\n\n\n<p>U svibnju 2021. u odnosu na svibanj 2020. godine, industrijska proizvodnja u Federaciji Bosne i Hercegovine, kalendarski prilago\u0111ena, ve\u0107a je za 13,6 posto.<\/p>\n\n\n\n<p>Prema GIG agregatima, u svibnju u odnosu na travanj 2021. godine, Netrajni proizvodi za \u0161iroku potro\u0161nju manji su za 7,8 posto, Energija je manja za 7,0 posto, Trajni proizvodi za \u0161iroku potro\u0161nju za 6,4 posto, Intermedijarni proizvodi su manji za 3,5 posto, a Kapitalni proizvodi manji su za 2,1 posto, pokazuju podaci Federalnog zavoda za statistiku.<\/p>\n\n\n\n<p>Na godi\u0161njem nivou, u svibnju 2021. u odnosu na isti mjesec pro\u0161le godine, Kapitalni proizvodi ve\u0107i su za 49,1 posto, Trajni proizvodi za \u0161iroku potro\u0161nju ve\u0107i su za 48,7 posto, Intermedijarni proizvodi &nbsp;za 22,8 posto, te Energija &nbsp;za 2,4 posto, dok su &nbsp;Netrajni proizvodi za \u0161iroku potro\u0161nju manji za 7,8 posto.<\/p>\n\n\n\n<p>Prema podru\u010djima KD BiH 2010, industrijska proizvodnja u svibnju u odnosu na travanj 2021. godine, u Va\u0111enju ruda i kamena ve\u0107a je za 6,3 posto. U Proizvodnji i snabdijevanju elektri\u010dnom energijom i plinom manja je za 12,1 posto i u Prera\u0111iva\u010dkoj industriji manja je za 4,2 posto.<\/p>\n\n\n\n<p>Na godi\u0161njem nivou, u svibnju 2021. u odnosu na isti mjesec 2020., industrijska proizvodnja u Prera\u0111iva\u010dkoj industriji ve\u0107a je za 17,1 posto, u Proizvodnji i snabdijevanju elektri\u010dnom energijom i plinom ve\u0107a je za 9,7 posto, dok je u Va\u0111enju ruda i kamena manja za 2,7 posto.<\/p>\n\n\n\n<p>Izvor:pogled.ba<\/p>\n","protected":false},"excerpt":{"rendered":"<p>Ukupna desezonirana industrijska proizvodnja u Federaciji Bosne i Hercegovine u svibnju 2021. godine u odnosu na travanj iste godine , manja je za 3,2 posto. U svibnju 2021. u odnosu na svibanj 2020. godine, industrijska proizvodnja u Federaciji Bosne i Hercegovine, kalendarski prilago\u0111ena, ve\u0107a je za 13,6 posto. Prema GIG agregatima, u svibnju u odnosu [&hellip;]<\/p>\n","protected":false},"author":2,"featured_media":35893,"comment_status":"closed","ping_status":"closed","sticky":false,"template":"","format":"standard","meta":{"h5ap_radio_sources":[],"footnotes":""},"categories":[1],"tags":[],"class_list":["post-35892","post","type-post","status-publish","format-standard","has-post-thumbnail","hentry","category-bihiregija"],"yoast_head":"<!-- This site is optimized with the Yoast SEO plugin v27.5 - https:\/\/yoast.com\/product\/yoast-seo-wordpress\/ -->\n<title>U FBiH pad industrijske proizvodnje u svibnju od 3,2 posto - RADIO LJUBU\u0160KI<\/title>\n<meta name=\"robots\" content=\"index, follow, max-snippet:-1, max-image-preview:large, max-video-preview:-1\" \/>\n<link rel=\"canonical\" href=\"https:\/\/radioljubuski.ba\/index.php\/2021\/06\/26\/u-fbih-pad-industrijske-proizvodnje-u-svibnju-od-32-posto\/\" \/>\n<meta property=\"og:locale\" content=\"hr_HR\" \/>\n<meta property=\"og:type\" content=\"article\" \/>\n<meta property=\"og:title\" content=\"U FBiH pad industrijske proizvodnje u svibnju od 3,2 posto - RADIO LJUBU\u0160KI\" \/>\n<meta property=\"og:description\" content=\"Ukupna desezonirana industrijska proizvodnja u Federaciji Bosne i Hercegovine u svibnju 2021. godine u odnosu na travanj iste godine , manja je za 3,2 posto. U svibnju 2021. u odnosu na svibanj 2020. godine, industrijska proizvodnja u Federaciji Bosne i Hercegovine, kalendarski prilago\u0111ena, ve\u0107a je za 13,6 posto. Prema GIG agregatima, u svibnju u odnosu [&hellip;]\" \/>\n<meta property=\"og:url\" content=\"https:\/\/radioljubuski.ba\/index.php\/2021\/06\/26\/u-fbih-pad-industrijske-proizvodnje-u-svibnju-od-32-posto\/\" \/>\n<meta property=\"og:site_name\" content=\"RADIO LJUBU\u0160KI\" \/>\n<meta property=\"article:publisher\" content=\"https:\/\/www.facebook.com\/Radiio-Ljubuski-1490835324566332\" \/>\n<meta property=\"article:published_time\" content=\"2021-06-25T23:31:42+00:00\" \/>\n<meta property=\"article:modified_time\" content=\"2021-06-25T23:31:43+00:00\" \/>\n<meta property=\"og:image\" content=\"https:\/\/radioljubuski.ba\/wp-content\/uploads\/2021\/06\/2-2021-06-25-13-44-45-industrija-radnici.jpg\" \/>\n\t<meta property=\"og:image:width\" content=\"1000\" \/>\n\t<meta property=\"og:image:height\" content=\"625\" \/>\n\t<meta property=\"og:image:type\" content=\"image\/jpeg\" \/>\n<meta name=\"author\" content=\"Radio Ljubu\u0161ki\" \/>\n<meta name=\"twitter:card\" content=\"summary_large_image\" \/>\n<meta name=\"twitter:creator\" content=\"@radioljubuski\" \/>\n<meta name=\"twitter:site\" content=\"@radioljubuski\" \/>\n<meta name=\"twitter:label1\" content=\"Napisao\/la\" \/>\n\t<meta name=\"twitter:data1\" content=\"Radio Ljubu\u0161ki\" \/>\n\t<meta name=\"twitter:label2\" content=\"Procijenjeno vrijeme \u010ditanja\" \/>\n\t<meta name=\"twitter:data2\" content=\"2 minute\" \/>\n<script type=\"application\/ld+json\" class=\"yoast-schema-graph\">{\"@context\":\"https:\\\/\\\/schema.org\",\"@graph\":[{\"@type\":\"Article\",\"@id\":\"https:\\\/\\\/radioljubuski.ba\\\/index.php\\\/2021\\\/06\\\/26\\\/u-fbih-pad-industrijske-proizvodnje-u-svibnju-od-32-posto\\\/#article\",\"isPartOf\":{\"@id\":\"https:\\\/\\\/radioljubuski.ba\\\/index.php\\\/2021\\\/06\\\/26\\\/u-fbih-pad-industrijske-proizvodnje-u-svibnju-od-32-posto\\\/\"},\"author\":{\"name\":\"Radio Ljubu\u0161ki\",\"@id\":\"https:\\\/\\\/radioljubuski.ba\\\/#\\\/schema\\\/person\\\/19fc700381a780f69665d7956c469e3b\"},\"headline\":\"U FBiH pad industrijske proizvodnje u svibnju od 3,2 posto\",\"datePublished\":\"2021-06-25T23:31:42+00:00\",\"dateModified\":\"2021-06-25T23:31:43+00:00\",\"mainEntityOfPage\":{\"@id\":\"https:\\\/\\\/radioljubuski.ba\\\/index.php\\\/2021\\\/06\\\/26\\\/u-fbih-pad-industrijske-proizvodnje-u-svibnju-od-32-posto\\\/\"},\"wordCount\":258,\"publisher\":{\"@id\":\"https:\\\/\\\/radioljubuski.ba\\\/#organization\"},\"image\":{\"@id\":\"https:\\\/\\\/radioljubuski.ba\\\/index.php\\\/2021\\\/06\\\/26\\\/u-fbih-pad-industrijske-proizvodnje-u-svibnju-od-32-posto\\\/#primaryimage\"},\"thumbnailUrl\":\"https:\\\/\\\/radioljubuski.ba\\\/wp-content\\\/uploads\\\/2021\\\/06\\\/2-2021-06-25-13-44-45-industrija-radnici.jpg\",\"articleSection\":[\"BIH i regija\"],\"inLanguage\":\"hr\"},{\"@type\":\"WebPage\",\"@id\":\"https:\\\/\\\/radioljubuski.ba\\\/index.php\\\/2021\\\/06\\\/26\\\/u-fbih-pad-industrijske-proizvodnje-u-svibnju-od-32-posto\\\/\",\"url\":\"https:\\\/\\\/radioljubuski.ba\\\/index.php\\\/2021\\\/06\\\/26\\\/u-fbih-pad-industrijske-proizvodnje-u-svibnju-od-32-posto\\\/\",\"name\":\"U FBiH pad industrijske proizvodnje u svibnju od 3,2 posto - RADIO LJUBU\u0160KI\",\"isPartOf\":{\"@id\":\"https:\\\/\\\/radioljubuski.ba\\\/#website\"},\"primaryImageOfPage\":{\"@id\":\"https:\\\/\\\/radioljubuski.ba\\\/index.php\\\/2021\\\/06\\\/26\\\/u-fbih-pad-industrijske-proizvodnje-u-svibnju-od-32-posto\\\/#primaryimage\"},\"image\":{\"@id\":\"https:\\\/\\\/radioljubuski.ba\\\/index.php\\\/2021\\\/06\\\/26\\\/u-fbih-pad-industrijske-proizvodnje-u-svibnju-od-32-posto\\\/#primaryimage\"},\"thumbnailUrl\":\"https:\\\/\\\/radioljubuski.ba\\\/wp-content\\\/uploads\\\/2021\\\/06\\\/2-2021-06-25-13-44-45-industrija-radnici.jpg\",\"datePublished\":\"2021-06-25T23:31:42+00:00\",\"dateModified\":\"2021-06-25T23:31:43+00:00\",\"breadcrumb\":{\"@id\":\"https:\\\/\\\/radioljubuski.ba\\\/index.php\\\/2021\\\/06\\\/26\\\/u-fbih-pad-industrijske-proizvodnje-u-svibnju-od-32-posto\\\/#breadcrumb\"},\"inLanguage\":\"hr\",\"potentialAction\":[{\"@type\":\"ReadAction\",\"target\":[\"https:\\\/\\\/radioljubuski.ba\\\/index.php\\\/2021\\\/06\\\/26\\\/u-fbih-pad-industrijske-proizvodnje-u-svibnju-od-32-posto\\\/\"]}]},{\"@type\":\"ImageObject\",\"inLanguage\":\"hr\",\"@id\":\"https:\\\/\\\/radioljubuski.ba\\\/index.php\\\/2021\\\/06\\\/26\\\/u-fbih-pad-industrijske-proizvodnje-u-svibnju-od-32-posto\\\/#primaryimage\",\"url\":\"https:\\\/\\\/radioljubuski.ba\\\/wp-content\\\/uploads\\\/2021\\\/06\\\/2-2021-06-25-13-44-45-industrija-radnici.jpg\",\"contentUrl\":\"https:\\\/\\\/radioljubuski.ba\\\/wp-content\\\/uploads\\\/2021\\\/06\\\/2-2021-06-25-13-44-45-industrija-radnici.jpg\",\"width\":1000,\"height\":625},{\"@type\":\"BreadcrumbList\",\"@id\":\"https:\\\/\\\/radioljubuski.ba\\\/index.php\\\/2021\\\/06\\\/26\\\/u-fbih-pad-industrijske-proizvodnje-u-svibnju-od-32-posto\\\/#breadcrumb\",\"itemListElement\":[{\"@type\":\"ListItem\",\"position\":1,\"name\":\"Po\u010detna stranica\",\"item\":\"https:\\\/\\\/radioljubuski.ba\\\/\"},{\"@type\":\"ListItem\",\"position\":2,\"name\":\"U FBiH pad industrijske proizvodnje u svibnju od 3,2 posto\"}]},{\"@type\":\"WebSite\",\"@id\":\"https:\\\/\\\/radioljubuski.ba\\\/#website\",\"url\":\"https:\\\/\\\/radioljubuski.ba\\\/\",\"name\":\"Radio Ljubu\u0161ki\",\"description\":\"Sun\u010dana frekvencija Hercegovine\",\"publisher\":{\"@id\":\"https:\\\/\\\/radioljubuski.ba\\\/#organization\"},\"potentialAction\":[{\"@type\":\"SearchAction\",\"target\":{\"@type\":\"EntryPoint\",\"urlTemplate\":\"https:\\\/\\\/radioljubuski.ba\\\/?s={search_term_string}\"},\"query-input\":{\"@type\":\"PropertyValueSpecification\",\"valueRequired\":true,\"valueName\":\"search_term_string\"}}],\"inLanguage\":\"hr\"},{\"@type\":\"Organization\",\"@id\":\"https:\\\/\\\/radioljubuski.ba\\\/#organization\",\"name\":\"Radio Ljubu\u0161ki\",\"url\":\"https:\\\/\\\/radioljubuski.ba\\\/\",\"logo\":{\"@type\":\"ImageObject\",\"inLanguage\":\"hr\",\"@id\":\"https:\\\/\\\/radioljubuski.ba\\\/#\\\/schema\\\/logo\\\/image\\\/\",\"url\":\"https:\\\/\\\/radioljubuski.ba\\\/wp-content\\\/uploads\\\/2021\\\/02\\\/cropped-Radio_Ljubuski_logo1.jpg\",\"contentUrl\":\"https:\\\/\\\/radioljubuski.ba\\\/wp-content\\\/uploads\\\/2021\\\/02\\\/cropped-Radio_Ljubuski_logo1.jpg\",\"width\":512,\"height\":512,\"caption\":\"Radio Ljubu\u0161ki\"},\"image\":{\"@id\":\"https:\\\/\\\/radioljubuski.ba\\\/#\\\/schema\\\/logo\\\/image\\\/\"},\"sameAs\":[\"https:\\\/\\\/www.facebook.com\\\/Radiio-Ljubuski-1490835324566332\",\"https:\\\/\\\/x.com\\\/radioljubuski\",\"https:\\\/\\\/hr.linkedin.com\\\/company\\\/radio-ljubuski\",\"https:\\\/\\\/www.youtube.com\\\/channel\\\/UCHYaeO_n0Db3tjNGudGpXyw\"]},{\"@type\":\"Person\",\"@id\":\"https:\\\/\\\/radioljubuski.ba\\\/#\\\/schema\\\/person\\\/19fc700381a780f69665d7956c469e3b\",\"name\":\"Radio Ljubu\u0161ki\"}]}<\/script>\n<!-- \/ Yoast SEO plugin. -->","yoast_head_json":{"title":"U FBiH pad industrijske proizvodnje u svibnju od 3,2 posto - RADIO LJUBU\u0160KI","robots":{"index":"index","follow":"follow","max-snippet":"max-snippet:-1","max-image-preview":"max-image-preview:large","max-video-preview":"max-video-preview:-1"},"canonical":"https:\/\/radioljubuski.ba\/index.php\/2021\/06\/26\/u-fbih-pad-industrijske-proizvodnje-u-svibnju-od-32-posto\/","og_locale":"hr_HR","og_type":"article","og_title":"U FBiH pad industrijske proizvodnje u svibnju od 3,2 posto - RADIO LJUBU\u0160KI","og_description":"Ukupna desezonirana industrijska proizvodnja u Federaciji Bosne i Hercegovine u svibnju 2021. godine u odnosu na travanj iste godine , manja je za 3,2 posto. U svibnju 2021. u odnosu na svibanj 2020. godine, industrijska proizvodnja u Federaciji Bosne i Hercegovine, kalendarski prilago\u0111ena, ve\u0107a je za 13,6 posto. Prema GIG agregatima, u svibnju u odnosu [&hellip;]","og_url":"https:\/\/radioljubuski.ba\/index.php\/2021\/06\/26\/u-fbih-pad-industrijske-proizvodnje-u-svibnju-od-32-posto\/","og_site_name":"RADIO LJUBU\u0160KI","article_publisher":"https:\/\/www.facebook.com\/Radiio-Ljubuski-1490835324566332","article_published_time":"2021-06-25T23:31:42+00:00","article_modified_time":"2021-06-25T23:31:43+00:00","og_image":[{"width":1000,"height":625,"url":"https:\/\/radioljubuski.ba\/wp-content\/uploads\/2021\/06\/2-2021-06-25-13-44-45-industrija-radnici.jpg","type":"image\/jpeg"}],"author":"Radio Ljubu\u0161ki","twitter_card":"summary_large_image","twitter_creator":"@radioljubuski","twitter_site":"@radioljubuski","twitter_misc":{"Napisao\/la":"Radio Ljubu\u0161ki","Procijenjeno vrijeme \u010ditanja":"2 minute"},"schema":{"@context":"https:\/\/schema.org","@graph":[{"@type":"Article","@id":"https:\/\/radioljubuski.ba\/index.php\/2021\/06\/26\/u-fbih-pad-industrijske-proizvodnje-u-svibnju-od-32-posto\/#article","isPartOf":{"@id":"https:\/\/radioljubuski.ba\/index.php\/2021\/06\/26\/u-fbih-pad-industrijske-proizvodnje-u-svibnju-od-32-posto\/"},"author":{"name":"Radio Ljubu\u0161ki","@id":"https:\/\/radioljubuski.ba\/#\/schema\/person\/19fc700381a780f69665d7956c469e3b"},"headline":"U FBiH pad industrijske proizvodnje u svibnju od 3,2 posto","datePublished":"2021-06-25T23:31:42+00:00","dateModified":"2021-06-25T23:31:43+00:00","mainEntityOfPage":{"@id":"https:\/\/radioljubuski.ba\/index.php\/2021\/06\/26\/u-fbih-pad-industrijske-proizvodnje-u-svibnju-od-32-posto\/"},"wordCount":258,"publisher":{"@id":"https:\/\/radioljubuski.ba\/#organization"},"image":{"@id":"https:\/\/radioljubuski.ba\/index.php\/2021\/06\/26\/u-fbih-pad-industrijske-proizvodnje-u-svibnju-od-32-posto\/#primaryimage"},"thumbnailUrl":"https:\/\/radioljubuski.ba\/wp-content\/uploads\/2021\/06\/2-2021-06-25-13-44-45-industrija-radnici.jpg","articleSection":["BIH i regija"],"inLanguage":"hr"},{"@type":"WebPage","@id":"https:\/\/radioljubuski.ba\/index.php\/2021\/06\/26\/u-fbih-pad-industrijske-proizvodnje-u-svibnju-od-32-posto\/","url":"https:\/\/radioljubuski.ba\/index.php\/2021\/06\/26\/u-fbih-pad-industrijske-proizvodnje-u-svibnju-od-32-posto\/","name":"U FBiH pad industrijske proizvodnje u svibnju od 3,2 posto - RADIO LJUBU\u0160KI","isPartOf":{"@id":"https:\/\/radioljubuski.ba\/#website"},"primaryImageOfPage":{"@id":"https:\/\/radioljubuski.ba\/index.php\/2021\/06\/26\/u-fbih-pad-industrijske-proizvodnje-u-svibnju-od-32-posto\/#primaryimage"},"image":{"@id":"https:\/\/radioljubuski.ba\/index.php\/2021\/06\/26\/u-fbih-pad-industrijske-proizvodnje-u-svibnju-od-32-posto\/#primaryimage"},"thumbnailUrl":"https:\/\/radioljubuski.ba\/wp-content\/uploads\/2021\/06\/2-2021-06-25-13-44-45-industrija-radnici.jpg","datePublished":"2021-06-25T23:31:42+00:00","dateModified":"2021-06-25T23:31:43+00:00","breadcrumb":{"@id":"https:\/\/radioljubuski.ba\/index.php\/2021\/06\/26\/u-fbih-pad-industrijske-proizvodnje-u-svibnju-od-32-posto\/#breadcrumb"},"inLanguage":"hr","potentialAction":[{"@type":"ReadAction","target":["https:\/\/radioljubuski.ba\/index.php\/2021\/06\/26\/u-fbih-pad-industrijske-proizvodnje-u-svibnju-od-32-posto\/"]}]},{"@type":"ImageObject","inLanguage":"hr","@id":"https:\/\/radioljubuski.ba\/index.php\/2021\/06\/26\/u-fbih-pad-industrijske-proizvodnje-u-svibnju-od-32-posto\/#primaryimage","url":"https:\/\/radioljubuski.ba\/wp-content\/uploads\/2021\/06\/2-2021-06-25-13-44-45-industrija-radnici.jpg","contentUrl":"https:\/\/radioljubuski.ba\/wp-content\/uploads\/2021\/06\/2-2021-06-25-13-44-45-industrija-radnici.jpg","width":1000,"height":625},{"@type":"BreadcrumbList","@id":"https:\/\/radioljubuski.ba\/index.php\/2021\/06\/26\/u-fbih-pad-industrijske-proizvodnje-u-svibnju-od-32-posto\/#breadcrumb","itemListElement":[{"@type":"ListItem","position":1,"name":"Po\u010detna stranica","item":"https:\/\/radioljubuski.ba\/"},{"@type":"ListItem","position":2,"name":"U FBiH pad industrijske proizvodnje u svibnju od 3,2 posto"}]},{"@type":"WebSite","@id":"https:\/\/radioljubuski.ba\/#website","url":"https:\/\/radioljubuski.ba\/","name":"Radio Ljubu\u0161ki","description":"Sun\u010dana frekvencija Hercegovine","publisher":{"@id":"https:\/\/radioljubuski.ba\/#organization"},"potentialAction":[{"@type":"SearchAction","target":{"@type":"EntryPoint","urlTemplate":"https:\/\/radioljubuski.ba\/?s={search_term_string}"},"query-input":{"@type":"PropertyValueSpecification","valueRequired":true,"valueName":"search_term_string"}}],"inLanguage":"hr"},{"@type":"Organization","@id":"https:\/\/radioljubuski.ba\/#organization","name":"Radio Ljubu\u0161ki","url":"https:\/\/radioljubuski.ba\/","logo":{"@type":"ImageObject","inLanguage":"hr","@id":"https:\/\/radioljubuski.ba\/#\/schema\/logo\/image\/","url":"https:\/\/radioljubuski.ba\/wp-content\/uploads\/2021\/02\/cropped-Radio_Ljubuski_logo1.jpg","contentUrl":"https:\/\/radioljubuski.ba\/wp-content\/uploads\/2021\/02\/cropped-Radio_Ljubuski_logo1.jpg","width":512,"height":512,"caption":"Radio Ljubu\u0161ki"},"image":{"@id":"https:\/\/radioljubuski.ba\/#\/schema\/logo\/image\/"},"sameAs":["https:\/\/www.facebook.com\/Radiio-Ljubuski-1490835324566332","https:\/\/x.com\/radioljubuski","https:\/\/hr.linkedin.com\/company\/radio-ljubuski","https:\/\/www.youtube.com\/channel\/UCHYaeO_n0Db3tjNGudGpXyw"]},{"@type":"Person","@id":"https:\/\/radioljubuski.ba\/#\/schema\/person\/19fc700381a780f69665d7956c469e3b","name":"Radio Ljubu\u0161ki"}]}},"_links":{"self":[{"href":"https:\/\/radioljubuski.ba\/index.php\/wp-json\/wp\/v2\/posts\/35892","targetHints":{"allow":["GET"]}}],"collection":[{"href":"https:\/\/radioljubuski.ba\/index.php\/wp-json\/wp\/v2\/posts"}],"about":[{"href":"https:\/\/radioljubuski.ba\/index.php\/wp-json\/wp\/v2\/types\/post"}],"author":[{"embeddable":true,"href":"https:\/\/radioljubuski.ba\/index.php\/wp-json\/wp\/v2\/users\/2"}],"replies":[{"embeddable":true,"href":"https:\/\/radioljubuski.ba\/index.php\/wp-json\/wp\/v2\/comments?post=35892"}],"version-history":[{"count":1,"href":"https:\/\/radioljubuski.ba\/index.php\/wp-json\/wp\/v2\/posts\/35892\/revisions"}],"predecessor-version":[{"id":35894,"href":"https:\/\/radioljubuski.ba\/index.php\/wp-json\/wp\/v2\/posts\/35892\/revisions\/35894"}],"wp:featuredmedia":[{"embeddable":true,"href":"https:\/\/radioljubuski.ba\/index.php\/wp-json\/wp\/v2\/media\/35893"}],"wp:attachment":[{"href":"https:\/\/radioljubuski.ba\/index.php\/wp-json\/wp\/v2\/media?parent=35892"}],"wp:term":[{"taxonomy":"category","embeddable":true,"href":"https:\/\/radioljubuski.ba\/index.php\/wp-json\/wp\/v2\/categories?post=35892"},{"taxonomy":"post_tag","embeddable":true,"href":"https:\/\/radioljubuski.ba\/index.php\/wp-json\/wp\/v2\/tags?post=35892"}],"curies":[{"name":"wp","href":"https:\/\/api.w.org\/{rel}","templated":true}]}}