{"id":35910,"date":"2021-06-26T00:40:33","date_gmt":"2021-06-25T23:40:33","guid":{"rendered":"https:\/\/radioljubuski.ba\/?p=35910"},"modified":"2021-06-26T00:40:34","modified_gmt":"2021-06-25T23:40:34","slug":"zapadni-balkan-bez-rominga-za-bolje-povezivanje","status":"publish","type":"post","link":"https:\/\/radioljubuski.ba\/index.php\/2021\/06\/26\/zapadni-balkan-bez-rominga-za-bolje-povezivanje\/","title":{"rendered":"Zapadni Balkan bez rominga za bolje povezivanje"},"content":{"rendered":"\n<p>Vije\u0107e za regionalnu suradnju je organiziralo sastanak ministara zadu\u017eenih za informacijske i komunikacijske tehnologije iz regije da se obilje\u017ei po\u010detak re\u017eima bez rominga na zapadnom Balkanu -Ljudi \u017eele i trebaju biti povezani na razli\u010dite na\u010dine, a regija bez rominga je jedan od njih. Ako se vratimo tri godine unatrag, kada su lideri zapadnog Balkana odlu\u010dili da smanje cijene rominga u regijiu, niko nije mislio da \u0107emo tako brzo imati regiju u kojoj \u0107e cijene rominga biti nula. A vidite gdje smo, brojimo dane kada \u0107e zapadni Balkan biti bez rominga &#8211; rekla je generalna tajnica Vije\u0107a za regionalnu suradnju Majlinda Bregu na sastanku ministara zadu\u017eenih za informacione i komunikacijske tehnologije zapadnog Balkana odr\u017eanom danas u Podgorici, kojim se obilje\u017eava skori po\u010detak zapadnog Balkana bez rominga, priop\u0107io je RCC. &nbsp;<\/p>\n\n\n\n<p>Potpredsjednik Vlade Crne Gore i &nbsp;jedan od doma\u0107ina sastanka Dritan Abazovi\u0107 pozdravio je sudionike, po\u017eelio im uspje\u0161an rad i istaknuo da \u0107e ovakve teme, poput digitalizacije, inovacija i suradnje, pribli\u017eiti regiju, te da trebaju biti osnova svih budu\u0107ih aktivnosti \u0161irom zapadnog Balkana kojima \u0107emo se usmjeriti na budu\u0107nost, umjesto da se samo prisje\u0107amo pro\u0161losti. Abazovi\u0107 je dodao da je Crna Gora ponosna \u0161to ima priliku biti doma\u0107in narednog Digitalnog sumita zapadnog Balkana. Europski komesar za susjedstvo i pregovore o pro\u0161irenju Oliver Varhelyi rekao je da Regionalni sporazum o smanjenju cijena rominga pokazuje \u0161to je sve mogu\u0107e kada regija udru\u017ei snage i dodao da je \u201euvjeren da \u0107emo u narednim godinama vidjeti jo\u0161 mnogo drugih postignu\u0107a\u201c, dok je direktor za strategiju politika i informiranje u Generalnoj direkciji Europske komisije za komunikacijske mre\u017ee, sadr\u017eaje i tehnologije, Thibaut Kleiner, jo\u0161 jednom istaknuo podr\u0161ku EU procesu digitalizacije Zapadnog Balkana.<\/p>\n\n\n\n<p>Ministri su izrazili svoju opredjeljenost i zahvalnost Vije\u0107u za regionalnu suradnju i Europskoj uniji koji su olak\u0161ali postizanje sporazuma kojim je omogu\u0107eno sveobuhvatno produ\u010dje rominga na Zapadnom Balkanu. U prvoj fazi primjene Regionalnog sporazuma cijene rominga su smanjene izme\u0111u 83 i 96 posto na cijelom zapadnom Balkanu, a od 1. srpnja kada sporazum u potpunosti stupi na snagu, cijene rominga \u0107e biti nula, \u0161to \u0107e ozna\u010diti po\u010detak zapadnog Balkana bez rominga. Vije\u0107e za regionalnu suradnju je organiziralo sastanak na kome su se okupili ministri zadu\u017eeni za informacijske i komunikacijske tehnologije zapadnog Balkana da obilje\u017ee veliki doga\u0111aj za regiju i razmotre potencijalne regionalne digitalne programe i njihovu vezu s aktivnostima EU, kao i naredne korake za pripremu konkretnog, predvidljivog i vremenski definiranog plana za smanjenje cijena rominga izme\u0111u Europske unije i zapadnog Balkana, priop\u0107eno je.<\/p>\n\n\n\n<p>Izvor:pogled.ba<\/p>\n","protected":false},"excerpt":{"rendered":"<p>Vije\u0107e za regionalnu suradnju je organiziralo sastanak ministara zadu\u017eenih za informacijske i komunikacijske tehnologije iz regije da se obilje\u017ei po\u010detak re\u017eima bez rominga na zapadnom Balkanu -Ljudi \u017eele i trebaju biti povezani na razli\u010dite na\u010dine, a regija bez rominga je jedan od njih. Ako se vratimo tri godine unatrag, kada su lideri zapadnog Balkana odlu\u010dili [&hellip;]<\/p>\n","protected":false},"author":2,"featured_media":35911,"comment_status":"closed","ping_status":"closed","sticky":false,"template":"","format":"standard","meta":{"h5ap_radio_sources":[],"footnotes":""},"categories":[1],"tags":[],"class_list":["post-35910","post","type-post","status-publish","format-standard","has-post-thumbnail","hentry","category-bihiregija"],"yoast_head":"<!-- This site is optimized with the Yoast SEO plugin v27.5 - https:\/\/yoast.com\/product\/yoast-seo-wordpress\/ -->\n<title>Zapadni Balkan bez rominga za bolje povezivanje - RADIO LJUBU\u0160KI<\/title>\n<meta name=\"robots\" content=\"index, follow, max-snippet:-1, max-image-preview:large, max-video-preview:-1\" \/>\n<link rel=\"canonical\" href=\"https:\/\/radioljubuski.ba\/index.php\/2021\/06\/26\/zapadni-balkan-bez-rominga-za-bolje-povezivanje\/\" \/>\n<meta property=\"og:locale\" content=\"hr_HR\" \/>\n<meta property=\"og:type\" content=\"article\" \/>\n<meta property=\"og:title\" content=\"Zapadni Balkan bez rominga za bolje povezivanje - RADIO LJUBU\u0160KI\" \/>\n<meta property=\"og:description\" content=\"Vije\u0107e za regionalnu suradnju je organiziralo sastanak ministara zadu\u017eenih za informacijske i komunikacijske tehnologije iz regije da se obilje\u017ei po\u010detak re\u017eima bez rominga na zapadnom Balkanu -Ljudi \u017eele i trebaju biti povezani na razli\u010dite na\u010dine, a regija bez rominga je jedan od njih. Ako se vratimo tri godine unatrag, kada su lideri zapadnog Balkana odlu\u010dili [&hellip;]\" \/>\n<meta property=\"og:url\" content=\"https:\/\/radioljubuski.ba\/index.php\/2021\/06\/26\/zapadni-balkan-bez-rominga-za-bolje-povezivanje\/\" \/>\n<meta property=\"og:site_name\" content=\"RADIO LJUBU\u0160KI\" \/>\n<meta property=\"article:publisher\" content=\"https:\/\/www.facebook.com\/Radiio-Ljubuski-1490835324566332\" \/>\n<meta property=\"article:published_time\" content=\"2021-06-25T23:40:33+00:00\" \/>\n<meta property=\"article:modified_time\" content=\"2021-06-25T23:40:34+00:00\" \/>\n<meta property=\"og:image\" content=\"https:\/\/radioljubuski.ba\/wp-content\/uploads\/2021\/06\/6134_gradjani_prijavili_prijevaru_bh_telecoma_korisnicima_aktiviran_roming_i_u_bih.jpg\" \/>\n\t<meta property=\"og:image:width\" content=\"1000\" \/>\n\t<meta property=\"og:image:height\" content=\"625\" \/>\n\t<meta property=\"og:image:type\" content=\"image\/jpeg\" \/>\n<meta name=\"author\" content=\"Radio Ljubu\u0161ki\" \/>\n<meta name=\"twitter:card\" content=\"summary_large_image\" \/>\n<meta name=\"twitter:creator\" content=\"@radioljubuski\" \/>\n<meta name=\"twitter:site\" content=\"@radioljubuski\" \/>\n<meta name=\"twitter:label1\" content=\"Napisao\/la\" \/>\n\t<meta name=\"twitter:data1\" content=\"Radio Ljubu\u0161ki\" \/>\n\t<meta name=\"twitter:label2\" content=\"Procijenjeno vrijeme \u010ditanja\" \/>\n\t<meta name=\"twitter:data2\" content=\"2 minute\" \/>\n<script type=\"application\/ld+json\" class=\"yoast-schema-graph\">{\"@context\":\"https:\\\/\\\/schema.org\",\"@graph\":[{\"@type\":\"Article\",\"@id\":\"https:\\\/\\\/radioljubuski.ba\\\/index.php\\\/2021\\\/06\\\/26\\\/zapadni-balkan-bez-rominga-za-bolje-povezivanje\\\/#article\",\"isPartOf\":{\"@id\":\"https:\\\/\\\/radioljubuski.ba\\\/index.php\\\/2021\\\/06\\\/26\\\/zapadni-balkan-bez-rominga-za-bolje-povezivanje\\\/\"},\"author\":{\"name\":\"Radio Ljubu\u0161ki\",\"@id\":\"https:\\\/\\\/radioljubuski.ba\\\/#\\\/schema\\\/person\\\/19fc700381a780f69665d7956c469e3b\"},\"headline\":\"Zapadni Balkan bez rominga za bolje povezivanje\",\"datePublished\":\"2021-06-25T23:40:33+00:00\",\"dateModified\":\"2021-06-25T23:40:34+00:00\",\"mainEntityOfPage\":{\"@id\":\"https:\\\/\\\/radioljubuski.ba\\\/index.php\\\/2021\\\/06\\\/26\\\/zapadni-balkan-bez-rominga-za-bolje-povezivanje\\\/\"},\"wordCount\":459,\"publisher\":{\"@id\":\"https:\\\/\\\/radioljubuski.ba\\\/#organization\"},\"image\":{\"@id\":\"https:\\\/\\\/radioljubuski.ba\\\/index.php\\\/2021\\\/06\\\/26\\\/zapadni-balkan-bez-rominga-za-bolje-povezivanje\\\/#primaryimage\"},\"thumbnailUrl\":\"https:\\\/\\\/radioljubuski.ba\\\/wp-content\\\/uploads\\\/2021\\\/06\\\/6134_gradjani_prijavili_prijevaru_bh_telecoma_korisnicima_aktiviran_roming_i_u_bih.jpg\",\"articleSection\":[\"BIH i regija\"],\"inLanguage\":\"hr\"},{\"@type\":\"WebPage\",\"@id\":\"https:\\\/\\\/radioljubuski.ba\\\/index.php\\\/2021\\\/06\\\/26\\\/zapadni-balkan-bez-rominga-za-bolje-povezivanje\\\/\",\"url\":\"https:\\\/\\\/radioljubuski.ba\\\/index.php\\\/2021\\\/06\\\/26\\\/zapadni-balkan-bez-rominga-za-bolje-povezivanje\\\/\",\"name\":\"Zapadni Balkan bez rominga za bolje povezivanje - RADIO LJUBU\u0160KI\",\"isPartOf\":{\"@id\":\"https:\\\/\\\/radioljubuski.ba\\\/#website\"},\"primaryImageOfPage\":{\"@id\":\"https:\\\/\\\/radioljubuski.ba\\\/index.php\\\/2021\\\/06\\\/26\\\/zapadni-balkan-bez-rominga-za-bolje-povezivanje\\\/#primaryimage\"},\"image\":{\"@id\":\"https:\\\/\\\/radioljubuski.ba\\\/index.php\\\/2021\\\/06\\\/26\\\/zapadni-balkan-bez-rominga-za-bolje-povezivanje\\\/#primaryimage\"},\"thumbnailUrl\":\"https:\\\/\\\/radioljubuski.ba\\\/wp-content\\\/uploads\\\/2021\\\/06\\\/6134_gradjani_prijavili_prijevaru_bh_telecoma_korisnicima_aktiviran_roming_i_u_bih.jpg\",\"datePublished\":\"2021-06-25T23:40:33+00:00\",\"dateModified\":\"2021-06-25T23:40:34+00:00\",\"breadcrumb\":{\"@id\":\"https:\\\/\\\/radioljubuski.ba\\\/index.php\\\/2021\\\/06\\\/26\\\/zapadni-balkan-bez-rominga-za-bolje-povezivanje\\\/#breadcrumb\"},\"inLanguage\":\"hr\",\"potentialAction\":[{\"@type\":\"ReadAction\",\"target\":[\"https:\\\/\\\/radioljubuski.ba\\\/index.php\\\/2021\\\/06\\\/26\\\/zapadni-balkan-bez-rominga-za-bolje-povezivanje\\\/\"]}]},{\"@type\":\"ImageObject\",\"inLanguage\":\"hr\",\"@id\":\"https:\\\/\\\/radioljubuski.ba\\\/index.php\\\/2021\\\/06\\\/26\\\/zapadni-balkan-bez-rominga-za-bolje-povezivanje\\\/#primaryimage\",\"url\":\"https:\\\/\\\/radioljubuski.ba\\\/wp-content\\\/uploads\\\/2021\\\/06\\\/6134_gradjani_prijavili_prijevaru_bh_telecoma_korisnicima_aktiviran_roming_i_u_bih.jpg\",\"contentUrl\":\"https:\\\/\\\/radioljubuski.ba\\\/wp-content\\\/uploads\\\/2021\\\/06\\\/6134_gradjani_prijavili_prijevaru_bh_telecoma_korisnicima_aktiviran_roming_i_u_bih.jpg\",\"width\":1000,\"height\":625},{\"@type\":\"BreadcrumbList\",\"@id\":\"https:\\\/\\\/radioljubuski.ba\\\/index.php\\\/2021\\\/06\\\/26\\\/zapadni-balkan-bez-rominga-za-bolje-povezivanje\\\/#breadcrumb\",\"itemListElement\":[{\"@type\":\"ListItem\",\"position\":1,\"name\":\"Po\u010detna stranica\",\"item\":\"https:\\\/\\\/radioljubuski.ba\\\/\"},{\"@type\":\"ListItem\",\"position\":2,\"name\":\"Zapadni Balkan bez rominga za bolje povezivanje\"}]},{\"@type\":\"WebSite\",\"@id\":\"https:\\\/\\\/radioljubuski.ba\\\/#website\",\"url\":\"https:\\\/\\\/radioljubuski.ba\\\/\",\"name\":\"Radio Ljubu\u0161ki\",\"description\":\"Sun\u010dana frekvencija Hercegovine\",\"publisher\":{\"@id\":\"https:\\\/\\\/radioljubuski.ba\\\/#organization\"},\"potentialAction\":[{\"@type\":\"SearchAction\",\"target\":{\"@type\":\"EntryPoint\",\"urlTemplate\":\"https:\\\/\\\/radioljubuski.ba\\\/?s={search_term_string}\"},\"query-input\":{\"@type\":\"PropertyValueSpecification\",\"valueRequired\":true,\"valueName\":\"search_term_string\"}}],\"inLanguage\":\"hr\"},{\"@type\":\"Organization\",\"@id\":\"https:\\\/\\\/radioljubuski.ba\\\/#organization\",\"name\":\"Radio Ljubu\u0161ki\",\"url\":\"https:\\\/\\\/radioljubuski.ba\\\/\",\"logo\":{\"@type\":\"ImageObject\",\"inLanguage\":\"hr\",\"@id\":\"https:\\\/\\\/radioljubuski.ba\\\/#\\\/schema\\\/logo\\\/image\\\/\",\"url\":\"https:\\\/\\\/radioljubuski.ba\\\/wp-content\\\/uploads\\\/2021\\\/02\\\/cropped-Radio_Ljubuski_logo1.jpg\",\"contentUrl\":\"https:\\\/\\\/radioljubuski.ba\\\/wp-content\\\/uploads\\\/2021\\\/02\\\/cropped-Radio_Ljubuski_logo1.jpg\",\"width\":512,\"height\":512,\"caption\":\"Radio Ljubu\u0161ki\"},\"image\":{\"@id\":\"https:\\\/\\\/radioljubuski.ba\\\/#\\\/schema\\\/logo\\\/image\\\/\"},\"sameAs\":[\"https:\\\/\\\/www.facebook.com\\\/Radiio-Ljubuski-1490835324566332\",\"https:\\\/\\\/x.com\\\/radioljubuski\",\"https:\\\/\\\/hr.linkedin.com\\\/company\\\/radio-ljubuski\",\"https:\\\/\\\/www.youtube.com\\\/channel\\\/UCHYaeO_n0Db3tjNGudGpXyw\"]},{\"@type\":\"Person\",\"@id\":\"https:\\\/\\\/radioljubuski.ba\\\/#\\\/schema\\\/person\\\/19fc700381a780f69665d7956c469e3b\",\"name\":\"Radio Ljubu\u0161ki\"}]}<\/script>\n<!-- \/ Yoast SEO plugin. -->","yoast_head_json":{"title":"Zapadni Balkan bez rominga za bolje povezivanje - RADIO LJUBU\u0160KI","robots":{"index":"index","follow":"follow","max-snippet":"max-snippet:-1","max-image-preview":"max-image-preview:large","max-video-preview":"max-video-preview:-1"},"canonical":"https:\/\/radioljubuski.ba\/index.php\/2021\/06\/26\/zapadni-balkan-bez-rominga-za-bolje-povezivanje\/","og_locale":"hr_HR","og_type":"article","og_title":"Zapadni Balkan bez rominga za bolje povezivanje - RADIO LJUBU\u0160KI","og_description":"Vije\u0107e za regionalnu suradnju je organiziralo sastanak ministara zadu\u017eenih za informacijske i komunikacijske tehnologije iz regije da se obilje\u017ei po\u010detak re\u017eima bez rominga na zapadnom Balkanu -Ljudi \u017eele i trebaju biti povezani na razli\u010dite na\u010dine, a regija bez rominga je jedan od njih. Ako se vratimo tri godine unatrag, kada su lideri zapadnog Balkana odlu\u010dili [&hellip;]","og_url":"https:\/\/radioljubuski.ba\/index.php\/2021\/06\/26\/zapadni-balkan-bez-rominga-za-bolje-povezivanje\/","og_site_name":"RADIO LJUBU\u0160KI","article_publisher":"https:\/\/www.facebook.com\/Radiio-Ljubuski-1490835324566332","article_published_time":"2021-06-25T23:40:33+00:00","article_modified_time":"2021-06-25T23:40:34+00:00","og_image":[{"width":1000,"height":625,"url":"https:\/\/radioljubuski.ba\/wp-content\/uploads\/2021\/06\/6134_gradjani_prijavili_prijevaru_bh_telecoma_korisnicima_aktiviran_roming_i_u_bih.jpg","type":"image\/jpeg"}],"author":"Radio Ljubu\u0161ki","twitter_card":"summary_large_image","twitter_creator":"@radioljubuski","twitter_site":"@radioljubuski","twitter_misc":{"Napisao\/la":"Radio Ljubu\u0161ki","Procijenjeno vrijeme \u010ditanja":"2 minute"},"schema":{"@context":"https:\/\/schema.org","@graph":[{"@type":"Article","@id":"https:\/\/radioljubuski.ba\/index.php\/2021\/06\/26\/zapadni-balkan-bez-rominga-za-bolje-povezivanje\/#article","isPartOf":{"@id":"https:\/\/radioljubuski.ba\/index.php\/2021\/06\/26\/zapadni-balkan-bez-rominga-za-bolje-povezivanje\/"},"author":{"name":"Radio Ljubu\u0161ki","@id":"https:\/\/radioljubuski.ba\/#\/schema\/person\/19fc700381a780f69665d7956c469e3b"},"headline":"Zapadni Balkan bez rominga za bolje povezivanje","datePublished":"2021-06-25T23:40:33+00:00","dateModified":"2021-06-25T23:40:34+00:00","mainEntityOfPage":{"@id":"https:\/\/radioljubuski.ba\/index.php\/2021\/06\/26\/zapadni-balkan-bez-rominga-za-bolje-povezivanje\/"},"wordCount":459,"publisher":{"@id":"https:\/\/radioljubuski.ba\/#organization"},"image":{"@id":"https:\/\/radioljubuski.ba\/index.php\/2021\/06\/26\/zapadni-balkan-bez-rominga-za-bolje-povezivanje\/#primaryimage"},"thumbnailUrl":"https:\/\/radioljubuski.ba\/wp-content\/uploads\/2021\/06\/6134_gradjani_prijavili_prijevaru_bh_telecoma_korisnicima_aktiviran_roming_i_u_bih.jpg","articleSection":["BIH i regija"],"inLanguage":"hr"},{"@type":"WebPage","@id":"https:\/\/radioljubuski.ba\/index.php\/2021\/06\/26\/zapadni-balkan-bez-rominga-za-bolje-povezivanje\/","url":"https:\/\/radioljubuski.ba\/index.php\/2021\/06\/26\/zapadni-balkan-bez-rominga-za-bolje-povezivanje\/","name":"Zapadni Balkan bez rominga za bolje povezivanje - RADIO LJUBU\u0160KI","isPartOf":{"@id":"https:\/\/radioljubuski.ba\/#website"},"primaryImageOfPage":{"@id":"https:\/\/radioljubuski.ba\/index.php\/2021\/06\/26\/zapadni-balkan-bez-rominga-za-bolje-povezivanje\/#primaryimage"},"image":{"@id":"https:\/\/radioljubuski.ba\/index.php\/2021\/06\/26\/zapadni-balkan-bez-rominga-za-bolje-povezivanje\/#primaryimage"},"thumbnailUrl":"https:\/\/radioljubuski.ba\/wp-content\/uploads\/2021\/06\/6134_gradjani_prijavili_prijevaru_bh_telecoma_korisnicima_aktiviran_roming_i_u_bih.jpg","datePublished":"2021-06-25T23:40:33+00:00","dateModified":"2021-06-25T23:40:34+00:00","breadcrumb":{"@id":"https:\/\/radioljubuski.ba\/index.php\/2021\/06\/26\/zapadni-balkan-bez-rominga-za-bolje-povezivanje\/#breadcrumb"},"inLanguage":"hr","potentialAction":[{"@type":"ReadAction","target":["https:\/\/radioljubuski.ba\/index.php\/2021\/06\/26\/zapadni-balkan-bez-rominga-za-bolje-povezivanje\/"]}]},{"@type":"ImageObject","inLanguage":"hr","@id":"https:\/\/radioljubuski.ba\/index.php\/2021\/06\/26\/zapadni-balkan-bez-rominga-za-bolje-povezivanje\/#primaryimage","url":"https:\/\/radioljubuski.ba\/wp-content\/uploads\/2021\/06\/6134_gradjani_prijavili_prijevaru_bh_telecoma_korisnicima_aktiviran_roming_i_u_bih.jpg","contentUrl":"https:\/\/radioljubuski.ba\/wp-content\/uploads\/2021\/06\/6134_gradjani_prijavili_prijevaru_bh_telecoma_korisnicima_aktiviran_roming_i_u_bih.jpg","width":1000,"height":625},{"@type":"BreadcrumbList","@id":"https:\/\/radioljubuski.ba\/index.php\/2021\/06\/26\/zapadni-balkan-bez-rominga-za-bolje-povezivanje\/#breadcrumb","itemListElement":[{"@type":"ListItem","position":1,"name":"Po\u010detna stranica","item":"https:\/\/radioljubuski.ba\/"},{"@type":"ListItem","position":2,"name":"Zapadni Balkan bez rominga za bolje povezivanje"}]},{"@type":"WebSite","@id":"https:\/\/radioljubuski.ba\/#website","url":"https:\/\/radioljubuski.ba\/","name":"Radio Ljubu\u0161ki","description":"Sun\u010dana frekvencija Hercegovine","publisher":{"@id":"https:\/\/radioljubuski.ba\/#organization"},"potentialAction":[{"@type":"SearchAction","target":{"@type":"EntryPoint","urlTemplate":"https:\/\/radioljubuski.ba\/?s={search_term_string}"},"query-input":{"@type":"PropertyValueSpecification","valueRequired":true,"valueName":"search_term_string"}}],"inLanguage":"hr"},{"@type":"Organization","@id":"https:\/\/radioljubuski.ba\/#organization","name":"Radio Ljubu\u0161ki","url":"https:\/\/radioljubuski.ba\/","logo":{"@type":"ImageObject","inLanguage":"hr","@id":"https:\/\/radioljubuski.ba\/#\/schema\/logo\/image\/","url":"https:\/\/radioljubuski.ba\/wp-content\/uploads\/2021\/02\/cropped-Radio_Ljubuski_logo1.jpg","contentUrl":"https:\/\/radioljubuski.ba\/wp-content\/uploads\/2021\/02\/cropped-Radio_Ljubuski_logo1.jpg","width":512,"height":512,"caption":"Radio Ljubu\u0161ki"},"image":{"@id":"https:\/\/radioljubuski.ba\/#\/schema\/logo\/image\/"},"sameAs":["https:\/\/www.facebook.com\/Radiio-Ljubuski-1490835324566332","https:\/\/x.com\/radioljubuski","https:\/\/hr.linkedin.com\/company\/radio-ljubuski","https:\/\/www.youtube.com\/channel\/UCHYaeO_n0Db3tjNGudGpXyw"]},{"@type":"Person","@id":"https:\/\/radioljubuski.ba\/#\/schema\/person\/19fc700381a780f69665d7956c469e3b","name":"Radio Ljubu\u0161ki"}]}},"_links":{"self":[{"href":"https:\/\/radioljubuski.ba\/index.php\/wp-json\/wp\/v2\/posts\/35910","targetHints":{"allow":["GET"]}}],"collection":[{"href":"https:\/\/radioljubuski.ba\/index.php\/wp-json\/wp\/v2\/posts"}],"about":[{"href":"https:\/\/radioljubuski.ba\/index.php\/wp-json\/wp\/v2\/types\/post"}],"author":[{"embeddable":true,"href":"https:\/\/radioljubuski.ba\/index.php\/wp-json\/wp\/v2\/users\/2"}],"replies":[{"embeddable":true,"href":"https:\/\/radioljubuski.ba\/index.php\/wp-json\/wp\/v2\/comments?post=35910"}],"version-history":[{"count":1,"href":"https:\/\/radioljubuski.ba\/index.php\/wp-json\/wp\/v2\/posts\/35910\/revisions"}],"predecessor-version":[{"id":35912,"href":"https:\/\/radioljubuski.ba\/index.php\/wp-json\/wp\/v2\/posts\/35910\/revisions\/35912"}],"wp:featuredmedia":[{"embeddable":true,"href":"https:\/\/radioljubuski.ba\/index.php\/wp-json\/wp\/v2\/media\/35911"}],"wp:attachment":[{"href":"https:\/\/radioljubuski.ba\/index.php\/wp-json\/wp\/v2\/media?parent=35910"}],"wp:term":[{"taxonomy":"category","embeddable":true,"href":"https:\/\/radioljubuski.ba\/index.php\/wp-json\/wp\/v2\/categories?post=35910"},{"taxonomy":"post_tag","embeddable":true,"href":"https:\/\/radioljubuski.ba\/index.php\/wp-json\/wp\/v2\/tags?post=35910"}],"curies":[{"name":"wp","href":"https:\/\/api.w.org\/{rel}","templated":true}]}}