{"id":35919,"date":"2021-06-26T00:44:53","date_gmt":"2021-06-25T23:44:53","guid":{"rendered":"https:\/\/radioljubuski.ba\/?p=35919"},"modified":"2021-06-26T00:44:54","modified_gmt":"2021-06-25T23:44:54","slug":"merkel-madarska-vizija-europske-buducnosti-je-ogroman-problem","status":"publish","type":"post","link":"https:\/\/radioljubuski.ba\/index.php\/2021\/06\/26\/merkel-madarska-vizija-europske-buducnosti-je-ogroman-problem\/","title":{"rendered":"Merkel: Ma\u0111arska vizija europske budu\u0107nosti je ogroman problem"},"content":{"rendered":"\n<p>Njema\u010dka kancelarka Angela Merkel smatra kako ma\u0111arska vizija budu\u0107nosti Europske unije predstavlja ozbiljan problem jer se zna\u010dajno razlikuje od vizija drugih \u010dlanica.<\/p>\n\n\n\n<p>&#8220;Svakako postoje vrlo duboko ukorijenjene razli\u010dite koncepcije i to vidimo kad promatramo ma\u0111arske stavove o budu\u0107nosti Europske unije&#8221;, rekla je Merkel novinarima nakon sastanka na vrhu obilje\u017eenog sporom Ma\u0111arske i drugih \u010dlanica europskog saveza.<\/p>\n\n\n\n<p>&#8220;Primjerice, prijedlozi Budimpe\u0161te za novopokrenutu Konferenciju o budu\u0107nosti Europe, inicijativu koja bi trebala dati nove ideje za reformu institucija Unije u nadolaze\u0107im godinama, ve\u0107 su daleko od onih koje bih ja dala&#8221;, rekla je njema\u010dka kancelarka.<\/p>\n\n\n\n<p>Orban \u017eeli manje ovlasti Europskog parlamenta<\/p>\n\n\n\n<p>Ma\u0111arski premijer Viktor Orban pro\u0161li je tjedan rekao da \u017eeli smanjivanje ovlasti Europskog parlamenta.<\/p>\n\n\n\n<p>&#8220;U tom pogledu ve\u0107 imamo ozbiljan problem&#8221;, upozorila je Merkel.<\/p>\n\n\n\n<p>Ona je to rekla nakon napete i emocionalne sino\u0107nje rasprave potaknute novim zakonom u Ma\u0111arskoj koji vi\u0161e od pola Europske unije smatra diskriminatornim i protivnim temeljnim europskim vrijednostima, prenosi agencija dpa.<\/p>\n\n\n\n<p>Tim se zakonom, izme\u0111u ostalog, ograni\u010dava pristup mladih sadr\u017eaju s lezbijskim, homoseksualnim, biseksualnim i transrodnim pitanjima. Merkel je kazala kako su razgovori provedeni s vi\u0161e dubine i iskrenosti nego bilo koji dosada\u0161nji susret 27 \u010delnika.<\/p>\n\n\n\n<p>&#8220;Ta rasprava jo\u0161 nije gotova, naravno&#8221;, dodala je.<\/p>\n\n\n\n<p>Budimpe\u0161tu zbog zakona vjerojatno \u010deka pravni proces Europske komisije. Predsjednica te institucije Ursula von der Leyen kazala je kako je ve\u0107ina sudionika sastanka na vrhu jasno izrazila da ma\u0111arski zakon kr\u0161i temeljne vrijednosti poput jednakosti, dostojanstva i slobode.<\/p>\n\n\n\n<p>Izvor:pogled.ba<\/p>\n","protected":false},"excerpt":{"rendered":"<p>Njema\u010dka kancelarka Angela Merkel smatra kako ma\u0111arska vizija budu\u0107nosti Europske unije predstavlja ozbiljan problem jer se zna\u010dajno razlikuje od vizija drugih \u010dlanica. &#8220;Svakako postoje vrlo duboko ukorijenjene razli\u010dite koncepcije i to vidimo kad promatramo ma\u0111arske stavove o budu\u0107nosti Europske unije&#8221;, rekla je Merkel novinarima nakon sastanka na vrhu obilje\u017eenog sporom Ma\u0111arske i drugih \u010dlanica europskog [&hellip;]<\/p>\n","protected":false},"author":2,"featured_media":6514,"comment_status":"closed","ping_status":"closed","sticky":false,"template":"","format":"standard","meta":{"h5ap_radio_sources":[],"footnotes":""},"categories":[1],"tags":[],"class_list":["post-35919","post","type-post","status-publish","format-standard","has-post-thumbnail","hentry","category-bihiregija"],"yoast_head":"<!-- This site is optimized with the Yoast SEO plugin v27.5 - https:\/\/yoast.com\/product\/yoast-seo-wordpress\/ -->\n<title>Merkel: Ma\u0111arska vizija europske budu\u0107nosti je ogroman problem - RADIO LJUBU\u0160KI<\/title>\n<meta name=\"robots\" content=\"index, follow, max-snippet:-1, max-image-preview:large, max-video-preview:-1\" \/>\n<link rel=\"canonical\" href=\"https:\/\/radioljubuski.ba\/index.php\/2021\/06\/26\/merkel-madarska-vizija-europske-buducnosti-je-ogroman-problem\/\" \/>\n<meta property=\"og:locale\" content=\"hr_HR\" \/>\n<meta property=\"og:type\" content=\"article\" \/>\n<meta property=\"og:title\" content=\"Merkel: Ma\u0111arska vizija europske budu\u0107nosti je ogroman problem - RADIO LJUBU\u0160KI\" \/>\n<meta property=\"og:description\" content=\"Njema\u010dka kancelarka Angela Merkel smatra kako ma\u0111arska vizija budu\u0107nosti Europske unije predstavlja ozbiljan problem jer se zna\u010dajno razlikuje od vizija drugih \u010dlanica. &#8220;Svakako postoje vrlo duboko ukorijenjene razli\u010dite koncepcije i to vidimo kad promatramo ma\u0111arske stavove o budu\u0107nosti Europske unije&#8221;, rekla je Merkel novinarima nakon sastanka na vrhu obilje\u017eenog sporom Ma\u0111arske i drugih \u010dlanica europskog [&hellip;]\" \/>\n<meta property=\"og:url\" content=\"https:\/\/radioljubuski.ba\/index.php\/2021\/06\/26\/merkel-madarska-vizija-europske-buducnosti-je-ogroman-problem\/\" \/>\n<meta property=\"og:site_name\" content=\"RADIO LJUBU\u0160KI\" \/>\n<meta property=\"article:publisher\" content=\"https:\/\/www.facebook.com\/Radiio-Ljubuski-1490835324566332\" \/>\n<meta property=\"article:published_time\" content=\"2021-06-25T23:44:53+00:00\" \/>\n<meta property=\"article:modified_time\" content=\"2021-06-25T23:44:54+00:00\" \/>\n<meta property=\"og:image\" content=\"https:\/\/radioljubuski.ba\/wp-content\/uploads\/2021\/03\/2-2021-03-24-13-17-24-merkel.jpg\" \/>\n\t<meta property=\"og:image:width\" content=\"1000\" \/>\n\t<meta property=\"og:image:height\" content=\"625\" \/>\n\t<meta property=\"og:image:type\" content=\"image\/jpeg\" \/>\n<meta name=\"author\" content=\"Radio Ljubu\u0161ki\" \/>\n<meta name=\"twitter:card\" content=\"summary_large_image\" \/>\n<meta name=\"twitter:creator\" content=\"@radioljubuski\" \/>\n<meta name=\"twitter:site\" content=\"@radioljubuski\" \/>\n<meta name=\"twitter:label1\" content=\"Napisao\/la\" \/>\n\t<meta name=\"twitter:data1\" content=\"Radio Ljubu\u0161ki\" \/>\n\t<meta name=\"twitter:label2\" content=\"Procijenjeno vrijeme \u010ditanja\" \/>\n\t<meta name=\"twitter:data2\" content=\"2 minute\" \/>\n<script type=\"application\/ld+json\" class=\"yoast-schema-graph\">{\"@context\":\"https:\\\/\\\/schema.org\",\"@graph\":[{\"@type\":\"Article\",\"@id\":\"https:\\\/\\\/radioljubuski.ba\\\/index.php\\\/2021\\\/06\\\/26\\\/merkel-madarska-vizija-europske-buducnosti-je-ogroman-problem\\\/#article\",\"isPartOf\":{\"@id\":\"https:\\\/\\\/radioljubuski.ba\\\/index.php\\\/2021\\\/06\\\/26\\\/merkel-madarska-vizija-europske-buducnosti-je-ogroman-problem\\\/\"},\"author\":{\"name\":\"Radio Ljubu\u0161ki\",\"@id\":\"https:\\\/\\\/radioljubuski.ba\\\/#\\\/schema\\\/person\\\/19fc700381a780f69665d7956c469e3b\"},\"headline\":\"Merkel: Ma\u0111arska vizija europske budu\u0107nosti je ogroman problem\",\"datePublished\":\"2021-06-25T23:44:53+00:00\",\"dateModified\":\"2021-06-25T23:44:54+00:00\",\"mainEntityOfPage\":{\"@id\":\"https:\\\/\\\/radioljubuski.ba\\\/index.php\\\/2021\\\/06\\\/26\\\/merkel-madarska-vizija-europske-buducnosti-je-ogroman-problem\\\/\"},\"wordCount\":273,\"publisher\":{\"@id\":\"https:\\\/\\\/radioljubuski.ba\\\/#organization\"},\"image\":{\"@id\":\"https:\\\/\\\/radioljubuski.ba\\\/index.php\\\/2021\\\/06\\\/26\\\/merkel-madarska-vizija-europske-buducnosti-je-ogroman-problem\\\/#primaryimage\"},\"thumbnailUrl\":\"https:\\\/\\\/radioljubuski.ba\\\/wp-content\\\/uploads\\\/2021\\\/03\\\/2-2021-03-24-13-17-24-merkel.jpg\",\"articleSection\":[\"BIH i regija\"],\"inLanguage\":\"hr\"},{\"@type\":\"WebPage\",\"@id\":\"https:\\\/\\\/radioljubuski.ba\\\/index.php\\\/2021\\\/06\\\/26\\\/merkel-madarska-vizija-europske-buducnosti-je-ogroman-problem\\\/\",\"url\":\"https:\\\/\\\/radioljubuski.ba\\\/index.php\\\/2021\\\/06\\\/26\\\/merkel-madarska-vizija-europske-buducnosti-je-ogroman-problem\\\/\",\"name\":\"Merkel: Ma\u0111arska vizija europske budu\u0107nosti je ogroman problem - RADIO LJUBU\u0160KI\",\"isPartOf\":{\"@id\":\"https:\\\/\\\/radioljubuski.ba\\\/#website\"},\"primaryImageOfPage\":{\"@id\":\"https:\\\/\\\/radioljubuski.ba\\\/index.php\\\/2021\\\/06\\\/26\\\/merkel-madarska-vizija-europske-buducnosti-je-ogroman-problem\\\/#primaryimage\"},\"image\":{\"@id\":\"https:\\\/\\\/radioljubuski.ba\\\/index.php\\\/2021\\\/06\\\/26\\\/merkel-madarska-vizija-europske-buducnosti-je-ogroman-problem\\\/#primaryimage\"},\"thumbnailUrl\":\"https:\\\/\\\/radioljubuski.ba\\\/wp-content\\\/uploads\\\/2021\\\/03\\\/2-2021-03-24-13-17-24-merkel.jpg\",\"datePublished\":\"2021-06-25T23:44:53+00:00\",\"dateModified\":\"2021-06-25T23:44:54+00:00\",\"breadcrumb\":{\"@id\":\"https:\\\/\\\/radioljubuski.ba\\\/index.php\\\/2021\\\/06\\\/26\\\/merkel-madarska-vizija-europske-buducnosti-je-ogroman-problem\\\/#breadcrumb\"},\"inLanguage\":\"hr\",\"potentialAction\":[{\"@type\":\"ReadAction\",\"target\":[\"https:\\\/\\\/radioljubuski.ba\\\/index.php\\\/2021\\\/06\\\/26\\\/merkel-madarska-vizija-europske-buducnosti-je-ogroman-problem\\\/\"]}]},{\"@type\":\"ImageObject\",\"inLanguage\":\"hr\",\"@id\":\"https:\\\/\\\/radioljubuski.ba\\\/index.php\\\/2021\\\/06\\\/26\\\/merkel-madarska-vizija-europske-buducnosti-je-ogroman-problem\\\/#primaryimage\",\"url\":\"https:\\\/\\\/radioljubuski.ba\\\/wp-content\\\/uploads\\\/2021\\\/03\\\/2-2021-03-24-13-17-24-merkel.jpg\",\"contentUrl\":\"https:\\\/\\\/radioljubuski.ba\\\/wp-content\\\/uploads\\\/2021\\\/03\\\/2-2021-03-24-13-17-24-merkel.jpg\",\"width\":1000,\"height\":625},{\"@type\":\"BreadcrumbList\",\"@id\":\"https:\\\/\\\/radioljubuski.ba\\\/index.php\\\/2021\\\/06\\\/26\\\/merkel-madarska-vizija-europske-buducnosti-je-ogroman-problem\\\/#breadcrumb\",\"itemListElement\":[{\"@type\":\"ListItem\",\"position\":1,\"name\":\"Po\u010detna stranica\",\"item\":\"https:\\\/\\\/radioljubuski.ba\\\/\"},{\"@type\":\"ListItem\",\"position\":2,\"name\":\"Merkel: Ma\u0111arska vizija europske budu\u0107nosti je ogroman problem\"}]},{\"@type\":\"WebSite\",\"@id\":\"https:\\\/\\\/radioljubuski.ba\\\/#website\",\"url\":\"https:\\\/\\\/radioljubuski.ba\\\/\",\"name\":\"Radio Ljubu\u0161ki\",\"description\":\"Sun\u010dana frekvencija Hercegovine\",\"publisher\":{\"@id\":\"https:\\\/\\\/radioljubuski.ba\\\/#organization\"},\"potentialAction\":[{\"@type\":\"SearchAction\",\"target\":{\"@type\":\"EntryPoint\",\"urlTemplate\":\"https:\\\/\\\/radioljubuski.ba\\\/?s={search_term_string}\"},\"query-input\":{\"@type\":\"PropertyValueSpecification\",\"valueRequired\":true,\"valueName\":\"search_term_string\"}}],\"inLanguage\":\"hr\"},{\"@type\":\"Organization\",\"@id\":\"https:\\\/\\\/radioljubuski.ba\\\/#organization\",\"name\":\"Radio Ljubu\u0161ki\",\"url\":\"https:\\\/\\\/radioljubuski.ba\\\/\",\"logo\":{\"@type\":\"ImageObject\",\"inLanguage\":\"hr\",\"@id\":\"https:\\\/\\\/radioljubuski.ba\\\/#\\\/schema\\\/logo\\\/image\\\/\",\"url\":\"https:\\\/\\\/radioljubuski.ba\\\/wp-content\\\/uploads\\\/2021\\\/02\\\/cropped-Radio_Ljubuski_logo1.jpg\",\"contentUrl\":\"https:\\\/\\\/radioljubuski.ba\\\/wp-content\\\/uploads\\\/2021\\\/02\\\/cropped-Radio_Ljubuski_logo1.jpg\",\"width\":512,\"height\":512,\"caption\":\"Radio Ljubu\u0161ki\"},\"image\":{\"@id\":\"https:\\\/\\\/radioljubuski.ba\\\/#\\\/schema\\\/logo\\\/image\\\/\"},\"sameAs\":[\"https:\\\/\\\/www.facebook.com\\\/Radiio-Ljubuski-1490835324566332\",\"https:\\\/\\\/x.com\\\/radioljubuski\",\"https:\\\/\\\/hr.linkedin.com\\\/company\\\/radio-ljubuski\",\"https:\\\/\\\/www.youtube.com\\\/channel\\\/UCHYaeO_n0Db3tjNGudGpXyw\"]},{\"@type\":\"Person\",\"@id\":\"https:\\\/\\\/radioljubuski.ba\\\/#\\\/schema\\\/person\\\/19fc700381a780f69665d7956c469e3b\",\"name\":\"Radio Ljubu\u0161ki\"}]}<\/script>\n<!-- \/ Yoast SEO plugin. -->","yoast_head_json":{"title":"Merkel: Ma\u0111arska vizija europske budu\u0107nosti je ogroman problem - RADIO LJUBU\u0160KI","robots":{"index":"index","follow":"follow","max-snippet":"max-snippet:-1","max-image-preview":"max-image-preview:large","max-video-preview":"max-video-preview:-1"},"canonical":"https:\/\/radioljubuski.ba\/index.php\/2021\/06\/26\/merkel-madarska-vizija-europske-buducnosti-je-ogroman-problem\/","og_locale":"hr_HR","og_type":"article","og_title":"Merkel: Ma\u0111arska vizija europske budu\u0107nosti je ogroman problem - RADIO LJUBU\u0160KI","og_description":"Njema\u010dka kancelarka Angela Merkel smatra kako ma\u0111arska vizija budu\u0107nosti Europske unije predstavlja ozbiljan problem jer se zna\u010dajno razlikuje od vizija drugih \u010dlanica. &#8220;Svakako postoje vrlo duboko ukorijenjene razli\u010dite koncepcije i to vidimo kad promatramo ma\u0111arske stavove o budu\u0107nosti Europske unije&#8221;, rekla je Merkel novinarima nakon sastanka na vrhu obilje\u017eenog sporom Ma\u0111arske i drugih \u010dlanica europskog [&hellip;]","og_url":"https:\/\/radioljubuski.ba\/index.php\/2021\/06\/26\/merkel-madarska-vizija-europske-buducnosti-je-ogroman-problem\/","og_site_name":"RADIO LJUBU\u0160KI","article_publisher":"https:\/\/www.facebook.com\/Radiio-Ljubuski-1490835324566332","article_published_time":"2021-06-25T23:44:53+00:00","article_modified_time":"2021-06-25T23:44:54+00:00","og_image":[{"width":1000,"height":625,"url":"https:\/\/radioljubuski.ba\/wp-content\/uploads\/2021\/03\/2-2021-03-24-13-17-24-merkel.jpg","type":"image\/jpeg"}],"author":"Radio Ljubu\u0161ki","twitter_card":"summary_large_image","twitter_creator":"@radioljubuski","twitter_site":"@radioljubuski","twitter_misc":{"Napisao\/la":"Radio Ljubu\u0161ki","Procijenjeno vrijeme \u010ditanja":"2 minute"},"schema":{"@context":"https:\/\/schema.org","@graph":[{"@type":"Article","@id":"https:\/\/radioljubuski.ba\/index.php\/2021\/06\/26\/merkel-madarska-vizija-europske-buducnosti-je-ogroman-problem\/#article","isPartOf":{"@id":"https:\/\/radioljubuski.ba\/index.php\/2021\/06\/26\/merkel-madarska-vizija-europske-buducnosti-je-ogroman-problem\/"},"author":{"name":"Radio Ljubu\u0161ki","@id":"https:\/\/radioljubuski.ba\/#\/schema\/person\/19fc700381a780f69665d7956c469e3b"},"headline":"Merkel: Ma\u0111arska vizija europske budu\u0107nosti je ogroman problem","datePublished":"2021-06-25T23:44:53+00:00","dateModified":"2021-06-25T23:44:54+00:00","mainEntityOfPage":{"@id":"https:\/\/radioljubuski.ba\/index.php\/2021\/06\/26\/merkel-madarska-vizija-europske-buducnosti-je-ogroman-problem\/"},"wordCount":273,"publisher":{"@id":"https:\/\/radioljubuski.ba\/#organization"},"image":{"@id":"https:\/\/radioljubuski.ba\/index.php\/2021\/06\/26\/merkel-madarska-vizija-europske-buducnosti-je-ogroman-problem\/#primaryimage"},"thumbnailUrl":"https:\/\/radioljubuski.ba\/wp-content\/uploads\/2021\/03\/2-2021-03-24-13-17-24-merkel.jpg","articleSection":["BIH i regija"],"inLanguage":"hr"},{"@type":"WebPage","@id":"https:\/\/radioljubuski.ba\/index.php\/2021\/06\/26\/merkel-madarska-vizija-europske-buducnosti-je-ogroman-problem\/","url":"https:\/\/radioljubuski.ba\/index.php\/2021\/06\/26\/merkel-madarska-vizija-europske-buducnosti-je-ogroman-problem\/","name":"Merkel: Ma\u0111arska vizija europske budu\u0107nosti je ogroman problem - RADIO LJUBU\u0160KI","isPartOf":{"@id":"https:\/\/radioljubuski.ba\/#website"},"primaryImageOfPage":{"@id":"https:\/\/radioljubuski.ba\/index.php\/2021\/06\/26\/merkel-madarska-vizija-europske-buducnosti-je-ogroman-problem\/#primaryimage"},"image":{"@id":"https:\/\/radioljubuski.ba\/index.php\/2021\/06\/26\/merkel-madarska-vizija-europske-buducnosti-je-ogroman-problem\/#primaryimage"},"thumbnailUrl":"https:\/\/radioljubuski.ba\/wp-content\/uploads\/2021\/03\/2-2021-03-24-13-17-24-merkel.jpg","datePublished":"2021-06-25T23:44:53+00:00","dateModified":"2021-06-25T23:44:54+00:00","breadcrumb":{"@id":"https:\/\/radioljubuski.ba\/index.php\/2021\/06\/26\/merkel-madarska-vizija-europske-buducnosti-je-ogroman-problem\/#breadcrumb"},"inLanguage":"hr","potentialAction":[{"@type":"ReadAction","target":["https:\/\/radioljubuski.ba\/index.php\/2021\/06\/26\/merkel-madarska-vizija-europske-buducnosti-je-ogroman-problem\/"]}]},{"@type":"ImageObject","inLanguage":"hr","@id":"https:\/\/radioljubuski.ba\/index.php\/2021\/06\/26\/merkel-madarska-vizija-europske-buducnosti-je-ogroman-problem\/#primaryimage","url":"https:\/\/radioljubuski.ba\/wp-content\/uploads\/2021\/03\/2-2021-03-24-13-17-24-merkel.jpg","contentUrl":"https:\/\/radioljubuski.ba\/wp-content\/uploads\/2021\/03\/2-2021-03-24-13-17-24-merkel.jpg","width":1000,"height":625},{"@type":"BreadcrumbList","@id":"https:\/\/radioljubuski.ba\/index.php\/2021\/06\/26\/merkel-madarska-vizija-europske-buducnosti-je-ogroman-problem\/#breadcrumb","itemListElement":[{"@type":"ListItem","position":1,"name":"Po\u010detna stranica","item":"https:\/\/radioljubuski.ba\/"},{"@type":"ListItem","position":2,"name":"Merkel: Ma\u0111arska vizija europske budu\u0107nosti je ogroman problem"}]},{"@type":"WebSite","@id":"https:\/\/radioljubuski.ba\/#website","url":"https:\/\/radioljubuski.ba\/","name":"Radio Ljubu\u0161ki","description":"Sun\u010dana frekvencija Hercegovine","publisher":{"@id":"https:\/\/radioljubuski.ba\/#organization"},"potentialAction":[{"@type":"SearchAction","target":{"@type":"EntryPoint","urlTemplate":"https:\/\/radioljubuski.ba\/?s={search_term_string}"},"query-input":{"@type":"PropertyValueSpecification","valueRequired":true,"valueName":"search_term_string"}}],"inLanguage":"hr"},{"@type":"Organization","@id":"https:\/\/radioljubuski.ba\/#organization","name":"Radio Ljubu\u0161ki","url":"https:\/\/radioljubuski.ba\/","logo":{"@type":"ImageObject","inLanguage":"hr","@id":"https:\/\/radioljubuski.ba\/#\/schema\/logo\/image\/","url":"https:\/\/radioljubuski.ba\/wp-content\/uploads\/2021\/02\/cropped-Radio_Ljubuski_logo1.jpg","contentUrl":"https:\/\/radioljubuski.ba\/wp-content\/uploads\/2021\/02\/cropped-Radio_Ljubuski_logo1.jpg","width":512,"height":512,"caption":"Radio Ljubu\u0161ki"},"image":{"@id":"https:\/\/radioljubuski.ba\/#\/schema\/logo\/image\/"},"sameAs":["https:\/\/www.facebook.com\/Radiio-Ljubuski-1490835324566332","https:\/\/x.com\/radioljubuski","https:\/\/hr.linkedin.com\/company\/radio-ljubuski","https:\/\/www.youtube.com\/channel\/UCHYaeO_n0Db3tjNGudGpXyw"]},{"@type":"Person","@id":"https:\/\/radioljubuski.ba\/#\/schema\/person\/19fc700381a780f69665d7956c469e3b","name":"Radio Ljubu\u0161ki"}]}},"_links":{"self":[{"href":"https:\/\/radioljubuski.ba\/index.php\/wp-json\/wp\/v2\/posts\/35919","targetHints":{"allow":["GET"]}}],"collection":[{"href":"https:\/\/radioljubuski.ba\/index.php\/wp-json\/wp\/v2\/posts"}],"about":[{"href":"https:\/\/radioljubuski.ba\/index.php\/wp-json\/wp\/v2\/types\/post"}],"author":[{"embeddable":true,"href":"https:\/\/radioljubuski.ba\/index.php\/wp-json\/wp\/v2\/users\/2"}],"replies":[{"embeddable":true,"href":"https:\/\/radioljubuski.ba\/index.php\/wp-json\/wp\/v2\/comments?post=35919"}],"version-history":[{"count":1,"href":"https:\/\/radioljubuski.ba\/index.php\/wp-json\/wp\/v2\/posts\/35919\/revisions"}],"predecessor-version":[{"id":35920,"href":"https:\/\/radioljubuski.ba\/index.php\/wp-json\/wp\/v2\/posts\/35919\/revisions\/35920"}],"wp:featuredmedia":[{"embeddable":true,"href":"https:\/\/radioljubuski.ba\/index.php\/wp-json\/wp\/v2\/media\/6514"}],"wp:attachment":[{"href":"https:\/\/radioljubuski.ba\/index.php\/wp-json\/wp\/v2\/media?parent=35919"}],"wp:term":[{"taxonomy":"category","embeddable":true,"href":"https:\/\/radioljubuski.ba\/index.php\/wp-json\/wp\/v2\/categories?post=35919"},{"taxonomy":"post_tag","embeddable":true,"href":"https:\/\/radioljubuski.ba\/index.php\/wp-json\/wp\/v2\/tags?post=35919"}],"curies":[{"name":"wp","href":"https:\/\/api.w.org\/{rel}","templated":true}]}}