{"id":35924,"date":"2021-06-26T00:49:02","date_gmt":"2021-06-25T23:49:02","guid":{"rendered":"https:\/\/radioljubuski.ba\/?p=35924"},"modified":"2021-06-26T00:49:03","modified_gmt":"2021-06-25T23:49:03","slug":"sportske-zvijezde-na-cilicevom-humanitarnom-turniru-za-djecu-petrinje","status":"publish","type":"post","link":"https:\/\/radioljubuski.ba\/index.php\/2021\/06\/26\/sportske-zvijezde-na-cilicevom-humanitarnom-turniru-za-djecu-petrinje\/","title":{"rendered":"Sportske zvijezde na \u010cili\u0107evom humanitarnom turniru za djecu Petrinje"},"content":{"rendered":"\n<p><strong>Dvije godine nakon premijernog izdanja &#8220;Gem Set Hrvatska&#8221; odr\u017eanog na zagreba\u010dkoj \u0160alati, gdje je velik broj vrhunskih hrvatskih sporta\u0161a sudjelovao na humanitarnom teniskom turniru parova, 12. i 13. srpnja u Petrinji \u0107e biti odr\u017eano drugo izdanje ovog humanitarno-sportskog doga\u0111aja kojeg organizira Zaklada Marin \u010cili\u0107.<\/strong><\/p>\n\n\n\n<p>Kao \u0161to je to bio slu\u010daj 2019., kad su se brojna velika sportska imena iz Hrvatske odazvala pozivu Marina \u010cili\u0107a i svojim anga\u017emanom na teniskom terenu i oko njega pomogli u prikupljanju sredstava za izgradnju multifunkcionalnog igrali\u0161ta osnovne \u0161kole u Tordincima, dvije godine poslije Marin \u010cili\u0107 je uspio ponovno okupiti hrvatske sportske zvijezde koje \u0107e se 13. srpnja u Petrinji, na tek izgra\u0111enom multifunkcionalnom sportskom terenu Osnovne \u0161kole Dragutina Tadijanovi\u0107a u Petrinji, pokazati svoje tenisko umije\u0107e na turniru parova. Uz ve\u0107 najavljene<strong>&nbsp;Luku Modri\u0107a, Marija Mand\u017euki\u0107a, Matu Pavi\u0107a&nbsp;<\/strong>i&nbsp;<strong>Nikolu Mekti\u0107a<\/strong>, najbolji hrvatski tenisa\u010d je putem video veze iz Londona objavio jo\u0161 nekolicinu imena koja \u0107e se na\u0107i na drugom izdanju humanitarno-sportskog spektakla.<\/p>\n\n\n\n<p>&#8211; Dolaze&nbsp;<strong>Ivan Peri\u0161i\u0107, Ante Rebi\u0107, Mateo Kova\u010di\u0107, Donna Veki\u0107, Ivan Dodig<\/strong>&#8230; Nadamo se rukometa\u0161ima, bit \u0107e ko\u0161arka\u0161a, bit \u0107e sjajan sportski event, poru\u010dio je \u010cili\u0107 i prisjetio se kako je to izgledalo prije dvije godine na \u0160alati:<\/p>\n\n\n\n<p>&#8211; Stra\u0161no sam ponosan \u0161to smo do\u0161li do drugog izdanja. Svi su mogli u\u017eivati u prvom izdanju, vidjeti sporta\u0161e u drugom sportu od onog na koji su navikli. Svi su bili odu\u0161evljeni, to jedno veliko dru\u017eenje je rezultiralo skupljanjem velikog nov\u010danog iznosa. Mi sporta\u0161i imamo veliko srce kad su u pitanju humanitarne akcije.<\/p>\n\n\n\n<p>U Petrinji \u0107e se me\u0111u natjecateljima na\u0107i i&nbsp;<strong>Borna \u0106ori\u0107<\/strong>, koji zbog sportskih obveza nije mogao sudjelovati na prvom izdanju.<\/p>\n\n\n\n<p>&#8211; Jako mi puno zna\u010di \u0161to \u0107u biti tamo, s obzirom da prije dvije godine nisam mogao sudjelovati. Vidio sam da je bilo jako dobro, da se prikupilo mnogo sredstava. Razgovarao sam sa sporta\u0161ima i rekli su mi da su se dobro zabavili, da je bila sjajna atmosfera, rekao je \u0106ori\u0107 na konferenciji za medije u zagreba\u010dkom hotelu Esplanade, a onda nastavio u \u0161aljivom tonu:<\/p>\n\n\n\n<p>&#8211; Meni \u0107e to biti odli\u010dan pripreman turnir, za moje rame koje sam operirao prije pet tjedana. Nadam se da \u0107e Marin \u0161to bolje pro\u0107i na Wimbledonu pa da \u0161to kasnije do\u0111e. Ja \u0107u oti\u0107i probati teren par dana prije, \u0161to \u0107e mi biti prednost, jer \u0107e on do\u0107i s trave.<\/p>\n\n\n\n<p>Ni \u010cili\u0107 nije ostao du\u017ean.<\/p>\n\n\n\n<p>&#8211; Nisam siguran koliko si svjestan nivoa kompetitivnosti. Borna, spremi se &#8211; u formi sam.<\/p>\n\n\n\n<p><strong>Nevena Mrkonji\u0107<\/strong>, direktorica Zaklade Marin \u010cili\u0107, istaknula je uspje\u0161nost prvog izdanja ovog projekta.<\/p>\n\n\n\n<p>&#8211; Kad smo dobili ideju o projektu, nismo ni sanjali koliko \u0107e dobro biti prihva\u0107en. Cilj koji smo zadali prije prvog izdanja smo nadma\u0161ili. Osim izgradnje igrali\u0161ta u Tordincima, uspjeli smo obnoviti i igrali\u0161te osnovne \u0161kole u Grubi\u0161nom Polju.<\/p>\n\n\n\n<p>Mrkonji\u0107 je najavila da \u0107e 12. srpnja, dan uo\u010di turnira, biti otvoreno i tenisko selo s bogatim sadr\u017eajima i programima za djecu, a da \u0107e od 26. lipnja biti mogu\u0107e kupiti ulaznice za turnir putem sustava Entrio.<\/p>\n\n\n\n<p>U ovoj akciji Zakladi je partner Rotary klub Osijek &#8211; Josip Juraj Strossmayer.<\/p>\n\n\n\n<p>&#8211; Drago mi je da smo partneri i veselim se budu\u0107im suradnjama, izjavio je predsjednik Rotary kluba&nbsp;<strong>Velimir Slova\u010dek<\/strong>.<\/p>\n\n\n\n<p>&#8211; Ne mogu opisati koliko ova akcija zna\u010di za Petrinju, rekla je gradona\u010delnica&nbsp;<strong>Magdalena Komes<\/strong>&nbsp;koja je isktaknula da je grad na \u010dijem je \u010delu &#8220;te\u0161ko ranjen, ali jo\u0161 uvijek \u017eiv&#8221; zahvaljuju\u0107i ljudima koji ga nisu napustili.<\/p>\n\n\n\n<p>&#8211; Mi nismo ostali samo bez ku\u0107a i domova. Ostali smo bez vrti\u0107a, \u0161kola, kulturnih centara. Nemamo centar grada. Ali ljudi su odlu\u010dili ostati. Ostali su zbog ljubavi prema tom kraju. Zamislite koliko \u0107e zna\u010diti djeci dobiti autogram od sporta\u0161a, zajedni\u010dku fotografiju.<\/p>\n\n\n\n<p>Pro\u010delnik za prosvjetu, kulturu i sport Sisa\u010dko-moslava\u010dke \u017eupanije&nbsp;<strong>Darijan Vlahov<\/strong>&nbsp;o\u010dekuje da ovo ne\u0107e biti samo jednokratna suradnja.<\/p>\n\n\n\n<p>&#8211; Petrinji \u0107e jo\u0161 sljede\u0107ih deset godina Zaklada trebati. To igrali\u0161te je izuzetno bitno, jer je jedino preostalo u tom dijelu grada. Zato nam je ta suradnja bila zna\u010dajna, rekao je Vlahov te dodao:<\/p>\n\n\n\n<p>&#8211; Od Univerzijade u Zagrebu nije bilo ovako zna\u010dajnog sportskog doga\u0111anja u Petrinji.<\/p>\n\n\n\n<p>Direktor Hrvatske turisti\u010dke zajednice&nbsp;<strong>Kristijan Stani\u010di\u0107<\/strong>&nbsp;istaknuo je va\u017enost sinergije sporta\u0161a i turizma po kojima je Hrvatska globalno prepoznatljiva.<\/p>\n\n\n\n<p>&#8211; Takva suradnja se pokazala iznimno uspje\u0161nom i u\u010dinkovitom. Nismo ni sekunde dvojili da se uklju\u010dimo u ovaj projekt. Vjerujem da je pred nama dugoro\u010dna uspje\u0161na suradnja.<\/p>\n\n\n\n<p>Za kraj se Marin \u010cili\u0107 jo\u0161 jednom obratio onima zbog kojih \u0107e se hrvatski sporta\u0161i okupiti u Petrinji.<\/p>\n\n\n\n<p>&#8211; Nadam se da \u0107e djeca Petrinje i okolnih mjesta okupiti u velikom broju i da \u0107e im ovaj doga\u0111aj ostati u ugodnom sje\u0107anju.<\/p>\n\n\n\n<p>Izvor:hrt.hr<\/p>\n","protected":false},"excerpt":{"rendered":"<p>Dvije godine nakon premijernog izdanja &#8220;Gem Set Hrvatska&#8221; odr\u017eanog na zagreba\u010dkoj \u0160alati, gdje je velik broj vrhunskih hrvatskih sporta\u0161a sudjelovao na humanitarnom teniskom turniru parova, 12. i 13. srpnja u Petrinji \u0107e biti odr\u017eano drugo izdanje ovog humanitarno-sportskog doga\u0111aja kojeg organizira Zaklada Marin \u010cili\u0107. Kao \u0161to je to bio slu\u010daj 2019., kad su se brojna [&hellip;]<\/p>\n","protected":false},"author":2,"featured_media":35925,"comment_status":"closed","ping_status":"closed","sticky":false,"template":"","format":"standard","meta":{"h5ap_radio_sources":[],"footnotes":""},"categories":[7],"tags":[],"class_list":["post-35924","post","type-post","status-publish","format-standard","has-post-thumbnail","hentry","category-sport"],"yoast_head":"<!-- This site is optimized with the Yoast SEO plugin v27.4 - https:\/\/yoast.com\/product\/yoast-seo-wordpress\/ -->\n<title>Sportske zvijezde na \u010cili\u0107evom humanitarnom turniru za djecu Petrinje - RADIO LJUBU\u0160KI<\/title>\n<meta name=\"robots\" content=\"index, follow, max-snippet:-1, max-image-preview:large, max-video-preview:-1\" \/>\n<link rel=\"canonical\" href=\"https:\/\/radioljubuski.ba\/index.php\/2021\/06\/26\/sportske-zvijezde-na-cilicevom-humanitarnom-turniru-za-djecu-petrinje\/\" \/>\n<meta property=\"og:locale\" content=\"hr_HR\" \/>\n<meta property=\"og:type\" content=\"article\" \/>\n<meta property=\"og:title\" content=\"Sportske zvijezde na \u010cili\u0107evom humanitarnom turniru za djecu Petrinje - RADIO LJUBU\u0160KI\" \/>\n<meta property=\"og:description\" content=\"Dvije godine nakon premijernog izdanja &#8220;Gem Set Hrvatska&#8221; odr\u017eanog na zagreba\u010dkoj \u0160alati, gdje je velik broj vrhunskih hrvatskih sporta\u0161a sudjelovao na humanitarnom teniskom turniru parova, 12. i 13. srpnja u Petrinji \u0107e biti odr\u017eano drugo izdanje ovog humanitarno-sportskog doga\u0111aja kojeg organizira Zaklada Marin \u010cili\u0107. Kao \u0161to je to bio slu\u010daj 2019., kad su se brojna [&hellip;]\" \/>\n<meta property=\"og:url\" content=\"https:\/\/radioljubuski.ba\/index.php\/2021\/06\/26\/sportske-zvijezde-na-cilicevom-humanitarnom-turniru-za-djecu-petrinje\/\" \/>\n<meta property=\"og:site_name\" content=\"RADIO LJUBU\u0160KI\" \/>\n<meta property=\"article:publisher\" content=\"https:\/\/www.facebook.com\/Radiio-Ljubuski-1490835324566332\" \/>\n<meta property=\"article:published_time\" content=\"2021-06-25T23:49:02+00:00\" \/>\n<meta property=\"article:modified_time\" content=\"2021-06-25T23:49:03+00:00\" \/>\n<meta property=\"og:image\" content=\"https:\/\/radioljubuski.ba\/wp-content\/uploads\/2021\/06\/gem-set-hrv-pxl-250621-33398678-20210625123110.jpg\" \/>\n\t<meta property=\"og:image:width\" content=\"1000\" \/>\n\t<meta property=\"og:image:height\" content=\"611\" \/>\n\t<meta property=\"og:image:type\" content=\"image\/jpeg\" \/>\n<meta name=\"author\" content=\"Radio Ljubu\u0161ki\" \/>\n<meta name=\"twitter:card\" content=\"summary_large_image\" \/>\n<meta name=\"twitter:creator\" content=\"@radioljubuski\" \/>\n<meta name=\"twitter:site\" content=\"@radioljubuski\" \/>\n<meta name=\"twitter:label1\" content=\"Napisao\/la\" \/>\n\t<meta name=\"twitter:data1\" content=\"Radio Ljubu\u0161ki\" \/>\n\t<meta name=\"twitter:label2\" content=\"Procijenjeno vrijeme \u010ditanja\" \/>\n\t<meta name=\"twitter:data2\" content=\"4 minute\" \/>\n<script type=\"application\/ld+json\" class=\"yoast-schema-graph\">{\"@context\":\"https:\\\/\\\/schema.org\",\"@graph\":[{\"@type\":\"Article\",\"@id\":\"https:\\\/\\\/radioljubuski.ba\\\/index.php\\\/2021\\\/06\\\/26\\\/sportske-zvijezde-na-cilicevom-humanitarnom-turniru-za-djecu-petrinje\\\/#article\",\"isPartOf\":{\"@id\":\"https:\\\/\\\/radioljubuski.ba\\\/index.php\\\/2021\\\/06\\\/26\\\/sportske-zvijezde-na-cilicevom-humanitarnom-turniru-za-djecu-petrinje\\\/\"},\"author\":{\"name\":\"Radio Ljubu\u0161ki\",\"@id\":\"https:\\\/\\\/radioljubuski.ba\\\/#\\\/schema\\\/person\\\/19fc700381a780f69665d7956c469e3b\"},\"headline\":\"Sportske zvijezde na \u010cili\u0107evom humanitarnom turniru za djecu Petrinje\",\"datePublished\":\"2021-06-25T23:49:02+00:00\",\"dateModified\":\"2021-06-25T23:49:03+00:00\",\"mainEntityOfPage\":{\"@id\":\"https:\\\/\\\/radioljubuski.ba\\\/index.php\\\/2021\\\/06\\\/26\\\/sportske-zvijezde-na-cilicevom-humanitarnom-turniru-za-djecu-petrinje\\\/\"},\"wordCount\":862,\"publisher\":{\"@id\":\"https:\\\/\\\/radioljubuski.ba\\\/#organization\"},\"image\":{\"@id\":\"https:\\\/\\\/radioljubuski.ba\\\/index.php\\\/2021\\\/06\\\/26\\\/sportske-zvijezde-na-cilicevom-humanitarnom-turniru-za-djecu-petrinje\\\/#primaryimage\"},\"thumbnailUrl\":\"https:\\\/\\\/radioljubuski.ba\\\/wp-content\\\/uploads\\\/2021\\\/06\\\/gem-set-hrv-pxl-250621-33398678-20210625123110.jpg\",\"articleSection\":[\"\u0160port\"],\"inLanguage\":\"hr\"},{\"@type\":\"WebPage\",\"@id\":\"https:\\\/\\\/radioljubuski.ba\\\/index.php\\\/2021\\\/06\\\/26\\\/sportske-zvijezde-na-cilicevom-humanitarnom-turniru-za-djecu-petrinje\\\/\",\"url\":\"https:\\\/\\\/radioljubuski.ba\\\/index.php\\\/2021\\\/06\\\/26\\\/sportske-zvijezde-na-cilicevom-humanitarnom-turniru-za-djecu-petrinje\\\/\",\"name\":\"Sportske zvijezde na \u010cili\u0107evom humanitarnom turniru za djecu Petrinje - RADIO LJUBU\u0160KI\",\"isPartOf\":{\"@id\":\"https:\\\/\\\/radioljubuski.ba\\\/#website\"},\"primaryImageOfPage\":{\"@id\":\"https:\\\/\\\/radioljubuski.ba\\\/index.php\\\/2021\\\/06\\\/26\\\/sportske-zvijezde-na-cilicevom-humanitarnom-turniru-za-djecu-petrinje\\\/#primaryimage\"},\"image\":{\"@id\":\"https:\\\/\\\/radioljubuski.ba\\\/index.php\\\/2021\\\/06\\\/26\\\/sportske-zvijezde-na-cilicevom-humanitarnom-turniru-za-djecu-petrinje\\\/#primaryimage\"},\"thumbnailUrl\":\"https:\\\/\\\/radioljubuski.ba\\\/wp-content\\\/uploads\\\/2021\\\/06\\\/gem-set-hrv-pxl-250621-33398678-20210625123110.jpg\",\"datePublished\":\"2021-06-25T23:49:02+00:00\",\"dateModified\":\"2021-06-25T23:49:03+00:00\",\"breadcrumb\":{\"@id\":\"https:\\\/\\\/radioljubuski.ba\\\/index.php\\\/2021\\\/06\\\/26\\\/sportske-zvijezde-na-cilicevom-humanitarnom-turniru-za-djecu-petrinje\\\/#breadcrumb\"},\"inLanguage\":\"hr\",\"potentialAction\":[{\"@type\":\"ReadAction\",\"target\":[\"https:\\\/\\\/radioljubuski.ba\\\/index.php\\\/2021\\\/06\\\/26\\\/sportske-zvijezde-na-cilicevom-humanitarnom-turniru-za-djecu-petrinje\\\/\"]}]},{\"@type\":\"ImageObject\",\"inLanguage\":\"hr\",\"@id\":\"https:\\\/\\\/radioljubuski.ba\\\/index.php\\\/2021\\\/06\\\/26\\\/sportske-zvijezde-na-cilicevom-humanitarnom-turniru-za-djecu-petrinje\\\/#primaryimage\",\"url\":\"https:\\\/\\\/radioljubuski.ba\\\/wp-content\\\/uploads\\\/2021\\\/06\\\/gem-set-hrv-pxl-250621-33398678-20210625123110.jpg\",\"contentUrl\":\"https:\\\/\\\/radioljubuski.ba\\\/wp-content\\\/uploads\\\/2021\\\/06\\\/gem-set-hrv-pxl-250621-33398678-20210625123110.jpg\",\"width\":1000,\"height\":611},{\"@type\":\"BreadcrumbList\",\"@id\":\"https:\\\/\\\/radioljubuski.ba\\\/index.php\\\/2021\\\/06\\\/26\\\/sportske-zvijezde-na-cilicevom-humanitarnom-turniru-za-djecu-petrinje\\\/#breadcrumb\",\"itemListElement\":[{\"@type\":\"ListItem\",\"position\":1,\"name\":\"Po\u010detna stranica\",\"item\":\"https:\\\/\\\/radioljubuski.ba\\\/\"},{\"@type\":\"ListItem\",\"position\":2,\"name\":\"Sportske zvijezde na \u010cili\u0107evom humanitarnom turniru za djecu Petrinje\"}]},{\"@type\":\"WebSite\",\"@id\":\"https:\\\/\\\/radioljubuski.ba\\\/#website\",\"url\":\"https:\\\/\\\/radioljubuski.ba\\\/\",\"name\":\"Radio Ljubu\u0161ki\",\"description\":\"Sun\u010dana frekvencija Hercegovine\",\"publisher\":{\"@id\":\"https:\\\/\\\/radioljubuski.ba\\\/#organization\"},\"potentialAction\":[{\"@type\":\"SearchAction\",\"target\":{\"@type\":\"EntryPoint\",\"urlTemplate\":\"https:\\\/\\\/radioljubuski.ba\\\/?s={search_term_string}\"},\"query-input\":{\"@type\":\"PropertyValueSpecification\",\"valueRequired\":true,\"valueName\":\"search_term_string\"}}],\"inLanguage\":\"hr\"},{\"@type\":\"Organization\",\"@id\":\"https:\\\/\\\/radioljubuski.ba\\\/#organization\",\"name\":\"Radio Ljubu\u0161ki\",\"url\":\"https:\\\/\\\/radioljubuski.ba\\\/\",\"logo\":{\"@type\":\"ImageObject\",\"inLanguage\":\"hr\",\"@id\":\"https:\\\/\\\/radioljubuski.ba\\\/#\\\/schema\\\/logo\\\/image\\\/\",\"url\":\"https:\\\/\\\/radioljubuski.ba\\\/wp-content\\\/uploads\\\/2021\\\/02\\\/cropped-Radio_Ljubuski_logo1.jpg\",\"contentUrl\":\"https:\\\/\\\/radioljubuski.ba\\\/wp-content\\\/uploads\\\/2021\\\/02\\\/cropped-Radio_Ljubuski_logo1.jpg\",\"width\":512,\"height\":512,\"caption\":\"Radio Ljubu\u0161ki\"},\"image\":{\"@id\":\"https:\\\/\\\/radioljubuski.ba\\\/#\\\/schema\\\/logo\\\/image\\\/\"},\"sameAs\":[\"https:\\\/\\\/www.facebook.com\\\/Radiio-Ljubuski-1490835324566332\",\"https:\\\/\\\/x.com\\\/radioljubuski\",\"https:\\\/\\\/hr.linkedin.com\\\/company\\\/radio-ljubuski\",\"https:\\\/\\\/www.youtube.com\\\/channel\\\/UCHYaeO_n0Db3tjNGudGpXyw\"]},{\"@type\":\"Person\",\"@id\":\"https:\\\/\\\/radioljubuski.ba\\\/#\\\/schema\\\/person\\\/19fc700381a780f69665d7956c469e3b\",\"name\":\"Radio Ljubu\u0161ki\"}]}<\/script>\n<!-- \/ Yoast SEO plugin. -->","yoast_head_json":{"title":"Sportske zvijezde na \u010cili\u0107evom humanitarnom turniru za djecu Petrinje - RADIO LJUBU\u0160KI","robots":{"index":"index","follow":"follow","max-snippet":"max-snippet:-1","max-image-preview":"max-image-preview:large","max-video-preview":"max-video-preview:-1"},"canonical":"https:\/\/radioljubuski.ba\/index.php\/2021\/06\/26\/sportske-zvijezde-na-cilicevom-humanitarnom-turniru-za-djecu-petrinje\/","og_locale":"hr_HR","og_type":"article","og_title":"Sportske zvijezde na \u010cili\u0107evom humanitarnom turniru za djecu Petrinje - RADIO LJUBU\u0160KI","og_description":"Dvije godine nakon premijernog izdanja &#8220;Gem Set Hrvatska&#8221; odr\u017eanog na zagreba\u010dkoj \u0160alati, gdje je velik broj vrhunskih hrvatskih sporta\u0161a sudjelovao na humanitarnom teniskom turniru parova, 12. i 13. srpnja u Petrinji \u0107e biti odr\u017eano drugo izdanje ovog humanitarno-sportskog doga\u0111aja kojeg organizira Zaklada Marin \u010cili\u0107. Kao \u0161to je to bio slu\u010daj 2019., kad su se brojna [&hellip;]","og_url":"https:\/\/radioljubuski.ba\/index.php\/2021\/06\/26\/sportske-zvijezde-na-cilicevom-humanitarnom-turniru-za-djecu-petrinje\/","og_site_name":"RADIO LJUBU\u0160KI","article_publisher":"https:\/\/www.facebook.com\/Radiio-Ljubuski-1490835324566332","article_published_time":"2021-06-25T23:49:02+00:00","article_modified_time":"2021-06-25T23:49:03+00:00","og_image":[{"width":1000,"height":611,"url":"https:\/\/radioljubuski.ba\/wp-content\/uploads\/2021\/06\/gem-set-hrv-pxl-250621-33398678-20210625123110.jpg","type":"image\/jpeg"}],"author":"Radio Ljubu\u0161ki","twitter_card":"summary_large_image","twitter_creator":"@radioljubuski","twitter_site":"@radioljubuski","twitter_misc":{"Napisao\/la":"Radio Ljubu\u0161ki","Procijenjeno vrijeme \u010ditanja":"4 minute"},"schema":{"@context":"https:\/\/schema.org","@graph":[{"@type":"Article","@id":"https:\/\/radioljubuski.ba\/index.php\/2021\/06\/26\/sportske-zvijezde-na-cilicevom-humanitarnom-turniru-za-djecu-petrinje\/#article","isPartOf":{"@id":"https:\/\/radioljubuski.ba\/index.php\/2021\/06\/26\/sportske-zvijezde-na-cilicevom-humanitarnom-turniru-za-djecu-petrinje\/"},"author":{"name":"Radio Ljubu\u0161ki","@id":"https:\/\/radioljubuski.ba\/#\/schema\/person\/19fc700381a780f69665d7956c469e3b"},"headline":"Sportske zvijezde na \u010cili\u0107evom humanitarnom turniru za djecu Petrinje","datePublished":"2021-06-25T23:49:02+00:00","dateModified":"2021-06-25T23:49:03+00:00","mainEntityOfPage":{"@id":"https:\/\/radioljubuski.ba\/index.php\/2021\/06\/26\/sportske-zvijezde-na-cilicevom-humanitarnom-turniru-za-djecu-petrinje\/"},"wordCount":862,"publisher":{"@id":"https:\/\/radioljubuski.ba\/#organization"},"image":{"@id":"https:\/\/radioljubuski.ba\/index.php\/2021\/06\/26\/sportske-zvijezde-na-cilicevom-humanitarnom-turniru-za-djecu-petrinje\/#primaryimage"},"thumbnailUrl":"https:\/\/radioljubuski.ba\/wp-content\/uploads\/2021\/06\/gem-set-hrv-pxl-250621-33398678-20210625123110.jpg","articleSection":["\u0160port"],"inLanguage":"hr"},{"@type":"WebPage","@id":"https:\/\/radioljubuski.ba\/index.php\/2021\/06\/26\/sportske-zvijezde-na-cilicevom-humanitarnom-turniru-za-djecu-petrinje\/","url":"https:\/\/radioljubuski.ba\/index.php\/2021\/06\/26\/sportske-zvijezde-na-cilicevom-humanitarnom-turniru-za-djecu-petrinje\/","name":"Sportske zvijezde na \u010cili\u0107evom humanitarnom turniru za djecu Petrinje - RADIO LJUBU\u0160KI","isPartOf":{"@id":"https:\/\/radioljubuski.ba\/#website"},"primaryImageOfPage":{"@id":"https:\/\/radioljubuski.ba\/index.php\/2021\/06\/26\/sportske-zvijezde-na-cilicevom-humanitarnom-turniru-za-djecu-petrinje\/#primaryimage"},"image":{"@id":"https:\/\/radioljubuski.ba\/index.php\/2021\/06\/26\/sportske-zvijezde-na-cilicevom-humanitarnom-turniru-za-djecu-petrinje\/#primaryimage"},"thumbnailUrl":"https:\/\/radioljubuski.ba\/wp-content\/uploads\/2021\/06\/gem-set-hrv-pxl-250621-33398678-20210625123110.jpg","datePublished":"2021-06-25T23:49:02+00:00","dateModified":"2021-06-25T23:49:03+00:00","breadcrumb":{"@id":"https:\/\/radioljubuski.ba\/index.php\/2021\/06\/26\/sportske-zvijezde-na-cilicevom-humanitarnom-turniru-za-djecu-petrinje\/#breadcrumb"},"inLanguage":"hr","potentialAction":[{"@type":"ReadAction","target":["https:\/\/radioljubuski.ba\/index.php\/2021\/06\/26\/sportske-zvijezde-na-cilicevom-humanitarnom-turniru-za-djecu-petrinje\/"]}]},{"@type":"ImageObject","inLanguage":"hr","@id":"https:\/\/radioljubuski.ba\/index.php\/2021\/06\/26\/sportske-zvijezde-na-cilicevom-humanitarnom-turniru-za-djecu-petrinje\/#primaryimage","url":"https:\/\/radioljubuski.ba\/wp-content\/uploads\/2021\/06\/gem-set-hrv-pxl-250621-33398678-20210625123110.jpg","contentUrl":"https:\/\/radioljubuski.ba\/wp-content\/uploads\/2021\/06\/gem-set-hrv-pxl-250621-33398678-20210625123110.jpg","width":1000,"height":611},{"@type":"BreadcrumbList","@id":"https:\/\/radioljubuski.ba\/index.php\/2021\/06\/26\/sportske-zvijezde-na-cilicevom-humanitarnom-turniru-za-djecu-petrinje\/#breadcrumb","itemListElement":[{"@type":"ListItem","position":1,"name":"Po\u010detna stranica","item":"https:\/\/radioljubuski.ba\/"},{"@type":"ListItem","position":2,"name":"Sportske zvijezde na \u010cili\u0107evom humanitarnom turniru za djecu Petrinje"}]},{"@type":"WebSite","@id":"https:\/\/radioljubuski.ba\/#website","url":"https:\/\/radioljubuski.ba\/","name":"Radio Ljubu\u0161ki","description":"Sun\u010dana frekvencija Hercegovine","publisher":{"@id":"https:\/\/radioljubuski.ba\/#organization"},"potentialAction":[{"@type":"SearchAction","target":{"@type":"EntryPoint","urlTemplate":"https:\/\/radioljubuski.ba\/?s={search_term_string}"},"query-input":{"@type":"PropertyValueSpecification","valueRequired":true,"valueName":"search_term_string"}}],"inLanguage":"hr"},{"@type":"Organization","@id":"https:\/\/radioljubuski.ba\/#organization","name":"Radio Ljubu\u0161ki","url":"https:\/\/radioljubuski.ba\/","logo":{"@type":"ImageObject","inLanguage":"hr","@id":"https:\/\/radioljubuski.ba\/#\/schema\/logo\/image\/","url":"https:\/\/radioljubuski.ba\/wp-content\/uploads\/2021\/02\/cropped-Radio_Ljubuski_logo1.jpg","contentUrl":"https:\/\/radioljubuski.ba\/wp-content\/uploads\/2021\/02\/cropped-Radio_Ljubuski_logo1.jpg","width":512,"height":512,"caption":"Radio Ljubu\u0161ki"},"image":{"@id":"https:\/\/radioljubuski.ba\/#\/schema\/logo\/image\/"},"sameAs":["https:\/\/www.facebook.com\/Radiio-Ljubuski-1490835324566332","https:\/\/x.com\/radioljubuski","https:\/\/hr.linkedin.com\/company\/radio-ljubuski","https:\/\/www.youtube.com\/channel\/UCHYaeO_n0Db3tjNGudGpXyw"]},{"@type":"Person","@id":"https:\/\/radioljubuski.ba\/#\/schema\/person\/19fc700381a780f69665d7956c469e3b","name":"Radio Ljubu\u0161ki"}]}},"_links":{"self":[{"href":"https:\/\/radioljubuski.ba\/index.php\/wp-json\/wp\/v2\/posts\/35924","targetHints":{"allow":["GET"]}}],"collection":[{"href":"https:\/\/radioljubuski.ba\/index.php\/wp-json\/wp\/v2\/posts"}],"about":[{"href":"https:\/\/radioljubuski.ba\/index.php\/wp-json\/wp\/v2\/types\/post"}],"author":[{"embeddable":true,"href":"https:\/\/radioljubuski.ba\/index.php\/wp-json\/wp\/v2\/users\/2"}],"replies":[{"embeddable":true,"href":"https:\/\/radioljubuski.ba\/index.php\/wp-json\/wp\/v2\/comments?post=35924"}],"version-history":[{"count":1,"href":"https:\/\/radioljubuski.ba\/index.php\/wp-json\/wp\/v2\/posts\/35924\/revisions"}],"predecessor-version":[{"id":35926,"href":"https:\/\/radioljubuski.ba\/index.php\/wp-json\/wp\/v2\/posts\/35924\/revisions\/35926"}],"wp:featuredmedia":[{"embeddable":true,"href":"https:\/\/radioljubuski.ba\/index.php\/wp-json\/wp\/v2\/media\/35925"}],"wp:attachment":[{"href":"https:\/\/radioljubuski.ba\/index.php\/wp-json\/wp\/v2\/media?parent=35924"}],"wp:term":[{"taxonomy":"category","embeddable":true,"href":"https:\/\/radioljubuski.ba\/index.php\/wp-json\/wp\/v2\/categories?post=35924"},{"taxonomy":"post_tag","embeddable":true,"href":"https:\/\/radioljubuski.ba\/index.php\/wp-json\/wp\/v2\/tags?post=35924"}],"curies":[{"name":"wp","href":"https:\/\/api.w.org\/{rel}","templated":true}]}}