{"id":35929,"date":"2021-06-26T00:52:08","date_gmt":"2021-06-25T23:52:08","guid":{"rendered":"https:\/\/radioljubuski.ba\/?p=35929"},"modified":"2021-06-26T00:52:08","modified_gmt":"2021-06-25T23:52:08","slug":"gasquet-i-trojica-bivsih-pobjednika-protiv-mladih-zvijezda","status":"publish","type":"post","link":"https:\/\/radioljubuski.ba\/index.php\/2021\/06\/26\/gasquet-i-trojica-bivsih-pobjednika-protiv-mladih-zvijezda\/","title":{"rendered":"Gasquet i trojica biv\u0161ih pobjednika protiv mladih zvijezda"},"content":{"rendered":"\n<p><strong>Nekada\u0161nji \u010dlan Top 10 dru\u0161tva Francuz Richard Gasquet i trojica biv\u0161ih pobjednika, Srbin Du\u0161an Lajovi\u0107, Talijan Marco Cecchinato i Urugvajac Pablo Cuevas nalaze se na listi igra\u010da koji \u0107e se na\u0107i u glavnom \u017edrijebu 31. izdanja uma\u0161kog ATP turnira koji \u0107e biti odr\u017ean od 16. do 25. srpnja u Teniskom centru Stella Maris.<\/strong><\/p>\n\n\n\n<p>Turnir je u petak predstavljen u zagreba\u010dkom Rougemarin parku, gdje je prethodno ve\u0107 najavljen dolazak mladih, uspinju\u0107ih teniskih zvijezda, 19-godi\u0161njeg Talijana<strong>\u00a0Lorenza Musettija<\/strong>\u00a0i 18-godi\u0161njeg \u0160panjolca\u00a0<strong>Carlosa Alcaraza<\/strong>.<br><br>&#8211; U izazovnoj godini poput ove, u kojoj su Covid-19, \u010dinjenica da se na\u0161 turnir preklapa s Olimpijskim igrama i borba s konkurentima iz Gstaada i Los Cabosa uvelike ote\u017eali posao dovo\u0111enja igra\u010da, moramo biti zadovoljni listom koju prezentiramo. I\u0161li smo na spoj mladosti i iskustva, rekao je direktor uma\u0161kog turnira\u00a0<strong>Tomislav Poljak<\/strong>\u00a0te dodao:<br><br>&#8211; Mladost nas jako veseli. Carlos Alcaraz i Lorenzo Musetti ru\u0161e ve\u0107 sve rekorde koje mogu sru\u0161iti i vidimo ih kao za\u0161titna lica Umaga u godinama koje dolaze.<br><br>Unato\u010d spomenutim ote\u017eavaju\u0107im okolnostima, za izravan ulazak u glavni \u017edrijeb Plava Laguna Croatia Opena tenisa\u010di su uglavnom morali biti rangirani do stotog mjesta na ATP ljestvici. Najbolje je rangiran \u0160panjolac\u00a0<strong>Albert Ramos-Vinolas<\/strong>, koji je u trenutku zaklju\u010denja prijava bio 40. tenisa\u010d svijeta. No, svakako najve\u0107e ime na prijavnoj listi je ono<strong>\u00a0Richarda Gasqueta<\/strong>.<\/p>\n\n\n\n<iframe loading=\"lazy\" src=\"https:\/\/www.facebook.com\/plugins\/video.php?height=476&#038;href=https%3A%2F%2Fwww.facebook.com%2FHRTsport%2Fvideos%2F523969115686919%2F&#038;show_text=false&#038;width=476&#038;t=0\" width=\"476\" height=\"476\" style=\"border:none;overflow:hidden\" scrolling=\"no\" frameborder=\"0\" allowfullscreen=\"true\" allow=\"autoplay; clipboard-write; encrypted-media; picture-in-picture; web-share\" allowFullScreen=\"true\"><\/iframe>\n\n\n\n<p>&#8211; Imao je karijeru koju su u jednom dijelu obilje\u017eile ozljede i sprije\u010dile ga da ode do samoga vrha za \u0161to je svakako imao potencijala, istaknuo je Poljak.<br><br>U Umag \u0107e se vratiti Srbin<strong>&nbsp;Du\u0161an Lajovi\u0107<\/strong>, branitelj naslova osvojenog 2019., prije nego \u0161to se svijetom pro\u0161irila pandemija izazvana koronavirusom, a od biv\u0161ih pobjednika u Stella Marisu \u0107e ponovno zaigrati i Talijan<strong>&nbsp;Marco Cecchinato<\/strong>&nbsp;(2018.) te Urugvajac<strong>&nbsp;Pablo Cuevas<\/strong>&nbsp;(2014.).<br>&nbsp;<br>&#8211; Lajovi\u0107 se ove godine malo mu\u010di s rezultatima, mo\u017eda se ba\u0161 u Umagu opet vrati u formu. &#8211; Cecchinato je 2018. u Roland Garrosu pobijedio Novaka \u0110okovi\u0107a i jedan je od petorice Talijana u glavnom \u017edrijebu, \u0161to je bitno za na\u0161 turnir, jer oni pobu\u0111uju veliki interes u Umagu. Cuevas je hodaju\u0107i &#8216;hot shot&#8217;, vrlo atraktivan igra\u010d, sklon raznim vragolijama, i za mene jedan od favorita, opisao je uma\u0161ki direktor trojicu biv\u0161ih pobjednika, a potom istaknuo jo\u0161 dvojicu tenisa\u010da s popisa:<br><br>&#8211; Slovenac&nbsp;<strong>Alja\u017e Bedene<\/strong>&nbsp;deseti put dolazi u Umagu i ovo mu je jedan od zadnjih nastupa. Tko ga je gledao, zna kakva je atmosfera bila na njegovim me\u010devima. Ima ogromnu \u017eelja da ode dalje od \u010detvrtfinala \u0161to mu je najbolji uma\u0161ki rezultat. Frncuz<strong>&nbsp;Lucas Pouille<\/strong>&nbsp;je biv\u0161i Top 10, ali tri godine se mu\u010di s ozljedama. Ove godine je na putu povratka i sretni smo \u0161to se vra\u0107a u Umag.<\/p>\n\n\n\n<p><strong>Najmanje dvije pozivnice za Hrvate<\/strong><\/p>\n\n\n\n<p>Hrvatskih tenisa\u010da nema me\u0111u onima koji su izravno po renkingu u\u0161li u turnir, ali najmanje dvojica \u0107e dobiti pozivnice.<br><br>&#8211;&nbsp;<strong>Duje Ajdukovi\u0107<\/strong>&nbsp;\u0107e dobiti prvu, zaslu\u017eio je to svojim ovotjednim igrama na Challengeru u Milanu.&nbsp;<strong>Borna Gojo<\/strong>&nbsp;i&nbsp;<strong>Nino Serdaru\u0161i\u0107<\/strong>&nbsp;konkuriraju za pozivnice. U turniru parova \u0107e je dobiti bra\u0107a&nbsp;<strong>Sabanov<\/strong>, ako \u0107e im biti potrebna, najavio je Poljak.<br><br>Teniski centar u Stella Marisu \u0107e imati zelenu, tzv. &#8220;Covid-19 free&#8221; zonu, \u0161to \u0107e omogu\u0107iti i povratak gledatelja na tribine, za one koji \u0107e imati Covid potvrdu o provedenom cijepljenju ili preboljenju, odnosno va\u017ee\u0107i negativan PCR test.<br><br>&#8211; Nakon jednogodi\u0161nje stanke, ova omiljena sportska manifestacija opet se vra\u0107a u na\u0161 kompleks Stella Maris. U ovakvim uvjetima biti u kalendaru ATP Toura nije mala stvar. Vjerujem da mo\u017eemo pru\u017eiti dobar &#8216;event&#8217;, da se svi osje\u0107aju ugodno i sigurno, izjavio je predsjednik uprave Plave Lagune<strong>&nbsp;Dragan Pujas&nbsp;<\/strong>te dodao da \u0107e slika iz Umaga putem televizijskih prijenosa oti\u0107i u vi\u0161e od 120 zemalja na pet kontinenata.<\/p>\n\n\n\n<p><strong>&#8220;Neprocjenjiv zna\u010daj&#8221;<\/strong><\/p>\n\n\n\n<p><br>&#8211; ATP Croatia Open od neprocjenjivog je zna\u010daja za na\u0161 grad, od same promocije Umaga u svijetu pa do dizanja kvalitete sporta u Umagu, istaknuo je zamjenik gradona\u010delnika grada Umaga<strong>&nbsp;Mauro Jurman<\/strong>.<br><br>&#8211; Odli\u010dna je vijest da se turnir odr\u017eava i da \u0107e Umag, Istra i Hrvatska okupiti tenisku elitu te brojnim gostima ponuditi atraktivan sadr\u017eaj kroz vrhunski teniski spektakl. Ovaj doga\u0111aj je va\u017ean ne samo iz sportskog, ve\u0107 i zbog turisti\u010dkog aspekta, rekao je u svom obra\u0107anju direktor Hrvatske turisti\u010dke zajednice&nbsp;<strong>Kristijan Stani\u010di\u0107<\/strong>, a pohvalama organizatorima za napore koje su napravili kako bi turnir bio odr\u017ean pridru\u017eio se i&nbsp;<strong>Josip Pavi\u0107,<\/strong>&nbsp;posebni savjetnik za sport ministrice turizma i sporta&nbsp;<strong>Nikoline Brnjac<\/strong>:<br><br>&#8211; Spoj turizma i sporta je pun pogodak. Mo\u017eemo biti ponosni i na ovo partnerstvo koje Ministarstvo provodi s turnirom dugi niz godina. Ovaj turnir je potvrda ponovnog otvaranja i ponovnog dolaska boljih vremena. Mislim da \u0107emo ovu priliku svi iskoristiti.<br><br>Osim sportskog, u Stella Maris se vra\u0107aju i popratni sadr\u017eaji u kojima \u0107e posjetitelji Umaga mo\u0107i u\u017eivati tijekom turnira.<br><br>Ovogodi\u0161nji novitet vezan za uma\u0161ki turnir je i niz od tri turnira koji \u0107e \u010diniti pretkvalifikacijsku seriju &#8220;Road to Umag&#8221;, a pobjednik te serije \u0107e dobiti priliku zaigrati u kvalifikacijama za glavni \u017edrijeb.<\/p>\n\n\n\n<p>Izvor:hrt.hr<\/p>\n","protected":false},"excerpt":{"rendered":"<p>Nekada\u0161nji \u010dlan Top 10 dru\u0161tva Francuz Richard Gasquet i trojica biv\u0161ih pobjednika, Srbin Du\u0161an Lajovi\u0107, Talijan Marco Cecchinato i Urugvajac Pablo Cuevas nalaze se na listi igra\u010da koji \u0107e se na\u0107i u glavnom \u017edrijebu 31. izdanja uma\u0161kog ATP turnira koji \u0107e biti odr\u017ean od 16. do 25. srpnja u Teniskom centru Stella Maris. Turnir je [&hellip;]<\/p>\n","protected":false},"author":2,"featured_media":35930,"comment_status":"closed","ping_status":"closed","sticky":false,"template":"","format":"standard","meta":{"h5ap_radio_sources":[],"footnotes":""},"categories":[7],"tags":[],"class_list":["post-35929","post","type-post","status-publish","format-standard","has-post-thumbnail","hentry","category-sport"],"yoast_head":"<!-- This site is optimized with the Yoast SEO plugin v27.5 - https:\/\/yoast.com\/product\/yoast-seo-wordpress\/ -->\n<title>Gasquet i trojica biv\u0161ih pobjednika protiv mladih zvijezda - RADIO LJUBU\u0160KI<\/title>\n<meta name=\"robots\" content=\"index, follow, max-snippet:-1, max-image-preview:large, max-video-preview:-1\" \/>\n<link rel=\"canonical\" href=\"https:\/\/radioljubuski.ba\/index.php\/2021\/06\/26\/gasquet-i-trojica-bivsih-pobjednika-protiv-mladih-zvijezda\/\" \/>\n<meta property=\"og:locale\" content=\"hr_HR\" \/>\n<meta property=\"og:type\" content=\"article\" \/>\n<meta property=\"og:title\" content=\"Gasquet i trojica biv\u0161ih pobjednika protiv mladih zvijezda - RADIO LJUBU\u0160KI\" \/>\n<meta property=\"og:description\" content=\"Nekada\u0161nji \u010dlan Top 10 dru\u0161tva Francuz Richard Gasquet i trojica biv\u0161ih pobjednika, Srbin Du\u0161an Lajovi\u0107, Talijan Marco Cecchinato i Urugvajac Pablo Cuevas nalaze se na listi igra\u010da koji \u0107e se na\u0107i u glavnom \u017edrijebu 31. izdanja uma\u0161kog ATP turnira koji \u0107e biti odr\u017ean od 16. do 25. srpnja u Teniskom centru Stella Maris. Turnir je [&hellip;]\" \/>\n<meta property=\"og:url\" content=\"https:\/\/radioljubuski.ba\/index.php\/2021\/06\/26\/gasquet-i-trojica-bivsih-pobjednika-protiv-mladih-zvijezda\/\" \/>\n<meta property=\"og:site_name\" content=\"RADIO LJUBU\u0160KI\" \/>\n<meta property=\"article:publisher\" content=\"https:\/\/www.facebook.com\/Radiio-Ljubuski-1490835324566332\" \/>\n<meta property=\"article:published_time\" content=\"2021-06-25T23:52:08+00:00\" \/>\n<meta property=\"og:image\" content=\"https:\/\/radioljubuski.ba\/wp-content\/uploads\/2021\/06\/ace55998716eb47bb200.jpeg\" \/>\n\t<meta property=\"og:image:width\" content=\"1280\" \/>\n\t<meta property=\"og:image:height\" content=\"857\" \/>\n\t<meta property=\"og:image:type\" content=\"image\/jpeg\" \/>\n<meta name=\"author\" content=\"Radio Ljubu\u0161ki\" \/>\n<meta name=\"twitter:card\" content=\"summary_large_image\" \/>\n<meta name=\"twitter:creator\" content=\"@radioljubuski\" \/>\n<meta name=\"twitter:site\" content=\"@radioljubuski\" \/>\n<meta name=\"twitter:label1\" content=\"Napisao\/la\" \/>\n\t<meta name=\"twitter:data1\" content=\"Radio Ljubu\u0161ki\" \/>\n\t<meta name=\"twitter:label2\" content=\"Procijenjeno vrijeme \u010ditanja\" \/>\n\t<meta name=\"twitter:data2\" content=\"4 minute\" \/>\n<script type=\"application\/ld+json\" class=\"yoast-schema-graph\">{\"@context\":\"https:\\\/\\\/schema.org\",\"@graph\":[{\"@type\":\"Article\",\"@id\":\"https:\\\/\\\/radioljubuski.ba\\\/index.php\\\/2021\\\/06\\\/26\\\/gasquet-i-trojica-bivsih-pobjednika-protiv-mladih-zvijezda\\\/#article\",\"isPartOf\":{\"@id\":\"https:\\\/\\\/radioljubuski.ba\\\/index.php\\\/2021\\\/06\\\/26\\\/gasquet-i-trojica-bivsih-pobjednika-protiv-mladih-zvijezda\\\/\"},\"author\":{\"name\":\"Radio Ljubu\u0161ki\",\"@id\":\"https:\\\/\\\/radioljubuski.ba\\\/#\\\/schema\\\/person\\\/19fc700381a780f69665d7956c469e3b\"},\"headline\":\"Gasquet i trojica biv\u0161ih pobjednika protiv mladih zvijezda\",\"datePublished\":\"2021-06-25T23:52:08+00:00\",\"mainEntityOfPage\":{\"@id\":\"https:\\\/\\\/radioljubuski.ba\\\/index.php\\\/2021\\\/06\\\/26\\\/gasquet-i-trojica-bivsih-pobjednika-protiv-mladih-zvijezda\\\/\"},\"wordCount\":919,\"publisher\":{\"@id\":\"https:\\\/\\\/radioljubuski.ba\\\/#organization\"},\"image\":{\"@id\":\"https:\\\/\\\/radioljubuski.ba\\\/index.php\\\/2021\\\/06\\\/26\\\/gasquet-i-trojica-bivsih-pobjednika-protiv-mladih-zvijezda\\\/#primaryimage\"},\"thumbnailUrl\":\"https:\\\/\\\/radioljubuski.ba\\\/wp-content\\\/uploads\\\/2021\\\/06\\\/ace55998716eb47bb200.jpeg\",\"articleSection\":[\"\u0160port\"],\"inLanguage\":\"hr\"},{\"@type\":\"WebPage\",\"@id\":\"https:\\\/\\\/radioljubuski.ba\\\/index.php\\\/2021\\\/06\\\/26\\\/gasquet-i-trojica-bivsih-pobjednika-protiv-mladih-zvijezda\\\/\",\"url\":\"https:\\\/\\\/radioljubuski.ba\\\/index.php\\\/2021\\\/06\\\/26\\\/gasquet-i-trojica-bivsih-pobjednika-protiv-mladih-zvijezda\\\/\",\"name\":\"Gasquet i trojica biv\u0161ih pobjednika protiv mladih zvijezda - RADIO LJUBU\u0160KI\",\"isPartOf\":{\"@id\":\"https:\\\/\\\/radioljubuski.ba\\\/#website\"},\"primaryImageOfPage\":{\"@id\":\"https:\\\/\\\/radioljubuski.ba\\\/index.php\\\/2021\\\/06\\\/26\\\/gasquet-i-trojica-bivsih-pobjednika-protiv-mladih-zvijezda\\\/#primaryimage\"},\"image\":{\"@id\":\"https:\\\/\\\/radioljubuski.ba\\\/index.php\\\/2021\\\/06\\\/26\\\/gasquet-i-trojica-bivsih-pobjednika-protiv-mladih-zvijezda\\\/#primaryimage\"},\"thumbnailUrl\":\"https:\\\/\\\/radioljubuski.ba\\\/wp-content\\\/uploads\\\/2021\\\/06\\\/ace55998716eb47bb200.jpeg\",\"datePublished\":\"2021-06-25T23:52:08+00:00\",\"breadcrumb\":{\"@id\":\"https:\\\/\\\/radioljubuski.ba\\\/index.php\\\/2021\\\/06\\\/26\\\/gasquet-i-trojica-bivsih-pobjednika-protiv-mladih-zvijezda\\\/#breadcrumb\"},\"inLanguage\":\"hr\",\"potentialAction\":[{\"@type\":\"ReadAction\",\"target\":[\"https:\\\/\\\/radioljubuski.ba\\\/index.php\\\/2021\\\/06\\\/26\\\/gasquet-i-trojica-bivsih-pobjednika-protiv-mladih-zvijezda\\\/\"]}]},{\"@type\":\"ImageObject\",\"inLanguage\":\"hr\",\"@id\":\"https:\\\/\\\/radioljubuski.ba\\\/index.php\\\/2021\\\/06\\\/26\\\/gasquet-i-trojica-bivsih-pobjednika-protiv-mladih-zvijezda\\\/#primaryimage\",\"url\":\"https:\\\/\\\/radioljubuski.ba\\\/wp-content\\\/uploads\\\/2021\\\/06\\\/ace55998716eb47bb200.jpeg\",\"contentUrl\":\"https:\\\/\\\/radioljubuski.ba\\\/wp-content\\\/uploads\\\/2021\\\/06\\\/ace55998716eb47bb200.jpeg\",\"width\":1280,\"height\":857},{\"@type\":\"BreadcrumbList\",\"@id\":\"https:\\\/\\\/radioljubuski.ba\\\/index.php\\\/2021\\\/06\\\/26\\\/gasquet-i-trojica-bivsih-pobjednika-protiv-mladih-zvijezda\\\/#breadcrumb\",\"itemListElement\":[{\"@type\":\"ListItem\",\"position\":1,\"name\":\"Po\u010detna stranica\",\"item\":\"https:\\\/\\\/radioljubuski.ba\\\/\"},{\"@type\":\"ListItem\",\"position\":2,\"name\":\"Gasquet i trojica biv\u0161ih pobjednika protiv mladih zvijezda\"}]},{\"@type\":\"WebSite\",\"@id\":\"https:\\\/\\\/radioljubuski.ba\\\/#website\",\"url\":\"https:\\\/\\\/radioljubuski.ba\\\/\",\"name\":\"Radio Ljubu\u0161ki\",\"description\":\"Sun\u010dana frekvencija Hercegovine\",\"publisher\":{\"@id\":\"https:\\\/\\\/radioljubuski.ba\\\/#organization\"},\"potentialAction\":[{\"@type\":\"SearchAction\",\"target\":{\"@type\":\"EntryPoint\",\"urlTemplate\":\"https:\\\/\\\/radioljubuski.ba\\\/?s={search_term_string}\"},\"query-input\":{\"@type\":\"PropertyValueSpecification\",\"valueRequired\":true,\"valueName\":\"search_term_string\"}}],\"inLanguage\":\"hr\"},{\"@type\":\"Organization\",\"@id\":\"https:\\\/\\\/radioljubuski.ba\\\/#organization\",\"name\":\"Radio Ljubu\u0161ki\",\"url\":\"https:\\\/\\\/radioljubuski.ba\\\/\",\"logo\":{\"@type\":\"ImageObject\",\"inLanguage\":\"hr\",\"@id\":\"https:\\\/\\\/radioljubuski.ba\\\/#\\\/schema\\\/logo\\\/image\\\/\",\"url\":\"https:\\\/\\\/radioljubuski.ba\\\/wp-content\\\/uploads\\\/2021\\\/02\\\/cropped-Radio_Ljubuski_logo1.jpg\",\"contentUrl\":\"https:\\\/\\\/radioljubuski.ba\\\/wp-content\\\/uploads\\\/2021\\\/02\\\/cropped-Radio_Ljubuski_logo1.jpg\",\"width\":512,\"height\":512,\"caption\":\"Radio Ljubu\u0161ki\"},\"image\":{\"@id\":\"https:\\\/\\\/radioljubuski.ba\\\/#\\\/schema\\\/logo\\\/image\\\/\"},\"sameAs\":[\"https:\\\/\\\/www.facebook.com\\\/Radiio-Ljubuski-1490835324566332\",\"https:\\\/\\\/x.com\\\/radioljubuski\",\"https:\\\/\\\/hr.linkedin.com\\\/company\\\/radio-ljubuski\",\"https:\\\/\\\/www.youtube.com\\\/channel\\\/UCHYaeO_n0Db3tjNGudGpXyw\"]},{\"@type\":\"Person\",\"@id\":\"https:\\\/\\\/radioljubuski.ba\\\/#\\\/schema\\\/person\\\/19fc700381a780f69665d7956c469e3b\",\"name\":\"Radio Ljubu\u0161ki\"}]}<\/script>\n<!-- \/ Yoast SEO plugin. -->","yoast_head_json":{"title":"Gasquet i trojica biv\u0161ih pobjednika protiv mladih zvijezda - RADIO LJUBU\u0160KI","robots":{"index":"index","follow":"follow","max-snippet":"max-snippet:-1","max-image-preview":"max-image-preview:large","max-video-preview":"max-video-preview:-1"},"canonical":"https:\/\/radioljubuski.ba\/index.php\/2021\/06\/26\/gasquet-i-trojica-bivsih-pobjednika-protiv-mladih-zvijezda\/","og_locale":"hr_HR","og_type":"article","og_title":"Gasquet i trojica biv\u0161ih pobjednika protiv mladih zvijezda - RADIO LJUBU\u0160KI","og_description":"Nekada\u0161nji \u010dlan Top 10 dru\u0161tva Francuz Richard Gasquet i trojica biv\u0161ih pobjednika, Srbin Du\u0161an Lajovi\u0107, Talijan Marco Cecchinato i Urugvajac Pablo Cuevas nalaze se na listi igra\u010da koji \u0107e se na\u0107i u glavnom \u017edrijebu 31. izdanja uma\u0161kog ATP turnira koji \u0107e biti odr\u017ean od 16. do 25. srpnja u Teniskom centru Stella Maris. Turnir je [&hellip;]","og_url":"https:\/\/radioljubuski.ba\/index.php\/2021\/06\/26\/gasquet-i-trojica-bivsih-pobjednika-protiv-mladih-zvijezda\/","og_site_name":"RADIO LJUBU\u0160KI","article_publisher":"https:\/\/www.facebook.com\/Radiio-Ljubuski-1490835324566332","article_published_time":"2021-06-25T23:52:08+00:00","og_image":[{"width":1280,"height":857,"url":"https:\/\/radioljubuski.ba\/wp-content\/uploads\/2021\/06\/ace55998716eb47bb200.jpeg","type":"image\/jpeg"}],"author":"Radio Ljubu\u0161ki","twitter_card":"summary_large_image","twitter_creator":"@radioljubuski","twitter_site":"@radioljubuski","twitter_misc":{"Napisao\/la":"Radio Ljubu\u0161ki","Procijenjeno vrijeme \u010ditanja":"4 minute"},"schema":{"@context":"https:\/\/schema.org","@graph":[{"@type":"Article","@id":"https:\/\/radioljubuski.ba\/index.php\/2021\/06\/26\/gasquet-i-trojica-bivsih-pobjednika-protiv-mladih-zvijezda\/#article","isPartOf":{"@id":"https:\/\/radioljubuski.ba\/index.php\/2021\/06\/26\/gasquet-i-trojica-bivsih-pobjednika-protiv-mladih-zvijezda\/"},"author":{"name":"Radio Ljubu\u0161ki","@id":"https:\/\/radioljubuski.ba\/#\/schema\/person\/19fc700381a780f69665d7956c469e3b"},"headline":"Gasquet i trojica biv\u0161ih pobjednika protiv mladih zvijezda","datePublished":"2021-06-25T23:52:08+00:00","mainEntityOfPage":{"@id":"https:\/\/radioljubuski.ba\/index.php\/2021\/06\/26\/gasquet-i-trojica-bivsih-pobjednika-protiv-mladih-zvijezda\/"},"wordCount":919,"publisher":{"@id":"https:\/\/radioljubuski.ba\/#organization"},"image":{"@id":"https:\/\/radioljubuski.ba\/index.php\/2021\/06\/26\/gasquet-i-trojica-bivsih-pobjednika-protiv-mladih-zvijezda\/#primaryimage"},"thumbnailUrl":"https:\/\/radioljubuski.ba\/wp-content\/uploads\/2021\/06\/ace55998716eb47bb200.jpeg","articleSection":["\u0160port"],"inLanguage":"hr"},{"@type":"WebPage","@id":"https:\/\/radioljubuski.ba\/index.php\/2021\/06\/26\/gasquet-i-trojica-bivsih-pobjednika-protiv-mladih-zvijezda\/","url":"https:\/\/radioljubuski.ba\/index.php\/2021\/06\/26\/gasquet-i-trojica-bivsih-pobjednika-protiv-mladih-zvijezda\/","name":"Gasquet i trojica biv\u0161ih pobjednika protiv mladih zvijezda - RADIO LJUBU\u0160KI","isPartOf":{"@id":"https:\/\/radioljubuski.ba\/#website"},"primaryImageOfPage":{"@id":"https:\/\/radioljubuski.ba\/index.php\/2021\/06\/26\/gasquet-i-trojica-bivsih-pobjednika-protiv-mladih-zvijezda\/#primaryimage"},"image":{"@id":"https:\/\/radioljubuski.ba\/index.php\/2021\/06\/26\/gasquet-i-trojica-bivsih-pobjednika-protiv-mladih-zvijezda\/#primaryimage"},"thumbnailUrl":"https:\/\/radioljubuski.ba\/wp-content\/uploads\/2021\/06\/ace55998716eb47bb200.jpeg","datePublished":"2021-06-25T23:52:08+00:00","breadcrumb":{"@id":"https:\/\/radioljubuski.ba\/index.php\/2021\/06\/26\/gasquet-i-trojica-bivsih-pobjednika-protiv-mladih-zvijezda\/#breadcrumb"},"inLanguage":"hr","potentialAction":[{"@type":"ReadAction","target":["https:\/\/radioljubuski.ba\/index.php\/2021\/06\/26\/gasquet-i-trojica-bivsih-pobjednika-protiv-mladih-zvijezda\/"]}]},{"@type":"ImageObject","inLanguage":"hr","@id":"https:\/\/radioljubuski.ba\/index.php\/2021\/06\/26\/gasquet-i-trojica-bivsih-pobjednika-protiv-mladih-zvijezda\/#primaryimage","url":"https:\/\/radioljubuski.ba\/wp-content\/uploads\/2021\/06\/ace55998716eb47bb200.jpeg","contentUrl":"https:\/\/radioljubuski.ba\/wp-content\/uploads\/2021\/06\/ace55998716eb47bb200.jpeg","width":1280,"height":857},{"@type":"BreadcrumbList","@id":"https:\/\/radioljubuski.ba\/index.php\/2021\/06\/26\/gasquet-i-trojica-bivsih-pobjednika-protiv-mladih-zvijezda\/#breadcrumb","itemListElement":[{"@type":"ListItem","position":1,"name":"Po\u010detna stranica","item":"https:\/\/radioljubuski.ba\/"},{"@type":"ListItem","position":2,"name":"Gasquet i trojica biv\u0161ih pobjednika protiv mladih zvijezda"}]},{"@type":"WebSite","@id":"https:\/\/radioljubuski.ba\/#website","url":"https:\/\/radioljubuski.ba\/","name":"Radio Ljubu\u0161ki","description":"Sun\u010dana frekvencija Hercegovine","publisher":{"@id":"https:\/\/radioljubuski.ba\/#organization"},"potentialAction":[{"@type":"SearchAction","target":{"@type":"EntryPoint","urlTemplate":"https:\/\/radioljubuski.ba\/?s={search_term_string}"},"query-input":{"@type":"PropertyValueSpecification","valueRequired":true,"valueName":"search_term_string"}}],"inLanguage":"hr"},{"@type":"Organization","@id":"https:\/\/radioljubuski.ba\/#organization","name":"Radio Ljubu\u0161ki","url":"https:\/\/radioljubuski.ba\/","logo":{"@type":"ImageObject","inLanguage":"hr","@id":"https:\/\/radioljubuski.ba\/#\/schema\/logo\/image\/","url":"https:\/\/radioljubuski.ba\/wp-content\/uploads\/2021\/02\/cropped-Radio_Ljubuski_logo1.jpg","contentUrl":"https:\/\/radioljubuski.ba\/wp-content\/uploads\/2021\/02\/cropped-Radio_Ljubuski_logo1.jpg","width":512,"height":512,"caption":"Radio Ljubu\u0161ki"},"image":{"@id":"https:\/\/radioljubuski.ba\/#\/schema\/logo\/image\/"},"sameAs":["https:\/\/www.facebook.com\/Radiio-Ljubuski-1490835324566332","https:\/\/x.com\/radioljubuski","https:\/\/hr.linkedin.com\/company\/radio-ljubuski","https:\/\/www.youtube.com\/channel\/UCHYaeO_n0Db3tjNGudGpXyw"]},{"@type":"Person","@id":"https:\/\/radioljubuski.ba\/#\/schema\/person\/19fc700381a780f69665d7956c469e3b","name":"Radio Ljubu\u0161ki"}]}},"_links":{"self":[{"href":"https:\/\/radioljubuski.ba\/index.php\/wp-json\/wp\/v2\/posts\/35929","targetHints":{"allow":["GET"]}}],"collection":[{"href":"https:\/\/radioljubuski.ba\/index.php\/wp-json\/wp\/v2\/posts"}],"about":[{"href":"https:\/\/radioljubuski.ba\/index.php\/wp-json\/wp\/v2\/types\/post"}],"author":[{"embeddable":true,"href":"https:\/\/radioljubuski.ba\/index.php\/wp-json\/wp\/v2\/users\/2"}],"replies":[{"embeddable":true,"href":"https:\/\/radioljubuski.ba\/index.php\/wp-json\/wp\/v2\/comments?post=35929"}],"version-history":[{"count":1,"href":"https:\/\/radioljubuski.ba\/index.php\/wp-json\/wp\/v2\/posts\/35929\/revisions"}],"predecessor-version":[{"id":35931,"href":"https:\/\/radioljubuski.ba\/index.php\/wp-json\/wp\/v2\/posts\/35929\/revisions\/35931"}],"wp:featuredmedia":[{"embeddable":true,"href":"https:\/\/radioljubuski.ba\/index.php\/wp-json\/wp\/v2\/media\/35930"}],"wp:attachment":[{"href":"https:\/\/radioljubuski.ba\/index.php\/wp-json\/wp\/v2\/media?parent=35929"}],"wp:term":[{"taxonomy":"category","embeddable":true,"href":"https:\/\/radioljubuski.ba\/index.php\/wp-json\/wp\/v2\/categories?post=35929"},{"taxonomy":"post_tag","embeddable":true,"href":"https:\/\/radioljubuski.ba\/index.php\/wp-json\/wp\/v2\/tags?post=35929"}],"curies":[{"name":"wp","href":"https:\/\/api.w.org\/{rel}","templated":true}]}}