{"id":35932,"date":"2021-06-26T00:53:32","date_gmt":"2021-06-25T23:53:32","guid":{"rendered":"https:\/\/radioljubuski.ba\/?p=35932"},"modified":"2021-06-26T00:53:34","modified_gmt":"2021-06-25T23:53:34","slug":"cilic-na-pravom-sam-putu-da-se-vratim-tamo-gdje-mislim-da-mi-je-mjesto","status":"publish","type":"post","link":"https:\/\/radioljubuski.ba\/index.php\/2021\/06\/26\/cilic-na-pravom-sam-putu-da-se-vratim-tamo-gdje-mislim-da-mi-je-mjesto\/","title":{"rendered":"\u010cili\u0107: Na pravom sam putu da se vratim tamo gdje mislim da mi je mjesto"},"content":{"rendered":"\n<p><strong>Marin \u010cili\u0107 u odli\u010dnom raspolo\u017eenju do\u010dekuje po\u010detak tre\u0107eg Grand Slam turnira ove sezone, koji u ponedjeljak zapo\u010dinje na legendarnim travnatim terenima u Wimbledonu, gdje ga u prvom kolu \u010deka 97. tenisa\u010d svijeta, Talijan Salvatore Caruso.<\/strong><\/p>\n\n\n\n<p>Marin se javio video linkom iz Londona, kako bi predstavio drugo izdanje humanitarno-sportskog spektakla &#8220;Gem Set Hrvatska&#8221;, koje \u0107e 12. i 13. srpnja biti odr\u017eano u Petrinji u organizaciji njegove Zaklade.<br><br>&#8211; Stignem se pozabaviti najvi\u0161e oko dogovaranja sa sporta\u0161ima i oko cijelog koncepta doga\u0111anja, a moja ekipa iz Zaklade se bavi s cijelom organizacijom. Nije jednostavno skupiti sve sporta\u0161e na jedno mjesto. Stra\u0161no sam sretan \u0161to \u0107emo nakon \u0160alate, koja je bila fenomenalna i gdje su u\u017eivali, i gledatelji i sporta\u0161i, do\u0107i u Petrinju. Vjerujem da \u0107emo na\u0161im igrama i na\u0161im dolaskom doprinijeti tom kraju, da im se podigne duh, da se o\u010di Hrvatske opet upru prema njima i da im se pomogne koliko god se mo\u017ee, rekao je \u010cili\u0107 koji je dva i pol tjedna u Stuttgartu osvojio 19. naslov u karijeri nakon tri godine \u010dekanja.<\/p>\n\n\n\n<p><strong>Dobio samopouzdanje za Wimbledon<\/strong><\/p>\n\n\n\n<p>&#8211; Zasigurno da mi je to jedna od dra\u017eih titula u karijeri, jer je do\u0161la nakon dugog posta, nakon tog tra\u017eenja. Nije bilo jednostavno kroz uspone i padove forme, ali posljednjih nekoliko tjedana sam osjetio da su stvari kliknule na svoje mjesto, \u0161to je rezultiralo osvajanjem turnira u Stuttgartu. To mi daje veliko samopouzdanje ne samo sada za Wimbledon, nego i za ostatak cijele sezone. Vjerujem da sam sada na pravom putu da se vratim tamo gdje mislim da mi je mjesto.<br><br>Nakon dvije godine tenisa\u010di i tenisa\u010dice ponovno su se vratiti u All England Club, gdje je Marin \u010cili\u0107 2017. ostao na korak do drugog Grand Slam trofeja. Wimbledon nije onakav kakav je bio prije, nova su pravila na snazi.<br><br>&#8211; Dosta su druga\u010dije okolnosti nego ina\u010de. Svi smo smje\u0161teni u jednom hotelu, prakti\u010dno u centru Londona, pokraj Big Bena. No, to nam ne zna\u010di puno, jer, iako s prozora gledamo u Big Ben, ne smijemo nigdje iza\u0107i izvan hotela i izvan teniskog centra u Wimbledonu. Tako \u0107e biti, nadam se, naredna dva i pol tjedna. U hotelu nam je sve organizirano, a jedino \u0161to je nezgodno je prijevoz od hotela do teniskog centra, koji traje dosta dugo.<\/p>\n\n\n\n<p><strong>Slijedi Wimbledon<\/strong><\/p>\n\n\n\n<p><br>Sve su te mjere poduzete kako bi se tenis vratio u Wimbledon, nakon \u0161to je pro\u0161logodi\u0161nje izdanje turnira otkazano i nije odr\u017eano prvi put od zavr\u0161etka Drugog svjetskog rata.<br><br>&#8211; Turnira \u0107e biti, trenuta\u010dno s nekim restrikcijama za gledatelje, a najavljeno je da bi za finale mogao biti puni kapacitet sredi\u0161njeg terena. Motiv je velik, bio stadion pun ili ne. Wimbledon mi je jedan od najdra\u017eih turnira u sezoni, tu sam bio blizu titule prije \u010detiri godine i nadam se da bih mogao opet napraviti sjajan rezultat.<br><br>Pro\u0111e li Carusa, Marina bi u 2. kolu \u010dekao bolji iz dvoboja dvojice kvalifikanata, Argentinca<strong>&nbsp;Marca Trungellitija<\/strong>&nbsp;i Francuza&nbsp;<strong>Benjamina Bonzija<\/strong>, a tre\u0107e kolo mu mo\u017ee donijeti drugog igra\u010da svijeta Rusa<strong>&nbsp;Danila Medvjedeva<\/strong>.<\/p>\n\n\n\n<p><strong>Trening sa \u0160kotom<\/strong><\/p>\n\n\n\n<p>Za Wimbledon se pripremao treniraju\u0107i i s<strong>&nbsp;Andyjem Murrayem<\/strong>, koji od 2017. nije nastupio u Wimbledonu zbog ozljede kuka na kojem je imao dvije operacije.<br><br>&#8211; Trening s Andyjem je bio jako intenzivan, bio je jako motiviran, tako da sam ostao s jedne strane \u010dak malo iznena\u0111en njegovom razinom.<br><br>Trenirali su na dan dvoboja nogometnih reprezentacija Hrvatske i \u0160kotske u Glasgowu, u kojem su &#8216;Vatreni&#8217; pobjedom 3-1 izborili mjesto u osmini finala Europskog prvenstva, a \u0160kote jo\u0161 jednom ostavili bez plasmana u drugi krug natjecanja.<br><br>&#8211; Iskreno, bili smo potpuno zaboravili da je taj dan utakmica Hrvatska &#8211; \u0160kotska pa me tek pred kraj treninga pitao \u0161to mislim. Predvidio sam tvrdu i te\u0161ku utakmicu, s obzirom na prija\u0161nja iskustva, ali sre\u0107om je ispalo sve fenomenalno za nas. Nismo se nakon toga sreli. Sakrio se. Nije smio izlaziti, rekao je Marin kroz smijeh.<br><br>Nedugo nakon nastupa u Wimbledonu, pred \u010cili\u0107em \u0107e biti jo\u0161 jedan izazov &#8211; \u010detvrti nastup na olimpijskom turniru.<br><br>&#8211; Ove godine \u0107e biti druga\u010dije igrati na Olimpijskim igrama, s malim brojem gledatelja. Nastupit \u0107u i u paru s&nbsp;<strong>Ivanom Dodigom<\/strong>, ponovno nakon 2012. Nadamo se sjajnom rezultatu, tako\u0111er i u singlu. Imat \u0107emo i&nbsp;<strong>Matu Pavi\u0107a<\/strong>&nbsp;i<strong>&nbsp;Nikolu Mekti\u0107a<\/strong>&nbsp;koji pokazuju stra\u0161nu formu u ovoj sezoni. Nadamo se sjajnim rezultatima i da \u0107e forma biti dobra kroz ovih nekoliko tjedana. Mala pauza za &#8216;Gem Set Hrvatska&#8217;, a onda se nadamo nekim medaljama. Bilo bi lijepo.<\/p>\n\n\n\n<p>Izvor:hrt.hr<\/p>\n","protected":false},"excerpt":{"rendered":"<p>Marin \u010cili\u0107 u odli\u010dnom raspolo\u017eenju do\u010dekuje po\u010detak tre\u0107eg Grand Slam turnira ove sezone, koji u ponedjeljak zapo\u010dinje na legendarnim travnatim terenima u Wimbledonu, gdje ga u prvom kolu \u010deka 97. tenisa\u010d svijeta, Talijan Salvatore Caruso. Marin se javio video linkom iz Londona, kako bi predstavio drugo izdanje humanitarno-sportskog spektakla &#8220;Gem Set Hrvatska&#8221;, koje \u0107e 12. [&hellip;]<\/p>\n","protected":false},"author":2,"featured_media":0,"comment_status":"closed","ping_status":"closed","sticky":false,"template":"","format":"standard","meta":{"h5ap_radio_sources":[],"footnotes":""},"categories":[7],"tags":[],"class_list":["post-35932","post","type-post","status-publish","format-standard","hentry","category-sport"],"yoast_head":"<!-- This site is optimized with the Yoast SEO plugin v27.5 - https:\/\/yoast.com\/product\/yoast-seo-wordpress\/ -->\n<title>\u010cili\u0107: Na pravom sam putu da se vratim tamo gdje mislim da mi je mjesto - RADIO LJUBU\u0160KI<\/title>\n<meta name=\"robots\" content=\"index, follow, max-snippet:-1, max-image-preview:large, max-video-preview:-1\" \/>\n<link rel=\"canonical\" href=\"https:\/\/radioljubuski.ba\/index.php\/2021\/06\/26\/cilic-na-pravom-sam-putu-da-se-vratim-tamo-gdje-mislim-da-mi-je-mjesto\/\" \/>\n<meta property=\"og:locale\" content=\"hr_HR\" \/>\n<meta property=\"og:type\" content=\"article\" \/>\n<meta property=\"og:title\" content=\"\u010cili\u0107: Na pravom sam putu da se vratim tamo gdje mislim da mi je mjesto - RADIO LJUBU\u0160KI\" \/>\n<meta property=\"og:description\" content=\"Marin \u010cili\u0107 u odli\u010dnom raspolo\u017eenju do\u010dekuje po\u010detak tre\u0107eg Grand Slam turnira ove sezone, koji u ponedjeljak zapo\u010dinje na legendarnim travnatim terenima u Wimbledonu, gdje ga u prvom kolu \u010deka 97. tenisa\u010d svijeta, Talijan Salvatore Caruso. Marin se javio video linkom iz Londona, kako bi predstavio drugo izdanje humanitarno-sportskog spektakla &#8220;Gem Set Hrvatska&#8221;, koje \u0107e 12. [&hellip;]\" \/>\n<meta property=\"og:url\" content=\"https:\/\/radioljubuski.ba\/index.php\/2021\/06\/26\/cilic-na-pravom-sam-putu-da-se-vratim-tamo-gdje-mislim-da-mi-je-mjesto\/\" \/>\n<meta property=\"og:site_name\" content=\"RADIO LJUBU\u0160KI\" \/>\n<meta property=\"article:publisher\" content=\"https:\/\/www.facebook.com\/Radiio-Ljubuski-1490835324566332\" \/>\n<meta property=\"article:published_time\" content=\"2021-06-25T23:53:32+00:00\" \/>\n<meta property=\"article:modified_time\" content=\"2021-06-25T23:53:34+00:00\" \/>\n<meta property=\"og:image\" content=\"https:\/\/radioljubuski.ba\/wp-content\/uploads\/2021\/06\/pxl-070421-32438843-20210625152647.jpg\" \/>\n\t<meta property=\"og:image:width\" content=\"1600\" \/>\n\t<meta property=\"og:image:height\" content=\"1114\" \/>\n\t<meta property=\"og:image:type\" content=\"image\/jpeg\" \/>\n<meta name=\"author\" content=\"Radio Ljubu\u0161ki\" \/>\n<meta name=\"twitter:card\" content=\"summary_large_image\" \/>\n<meta name=\"twitter:creator\" content=\"@radioljubuski\" \/>\n<meta name=\"twitter:site\" content=\"@radioljubuski\" \/>\n<meta name=\"twitter:label1\" content=\"Napisao\/la\" \/>\n\t<meta name=\"twitter:data1\" content=\"Radio Ljubu\u0161ki\" \/>\n\t<meta name=\"twitter:label2\" content=\"Procijenjeno vrijeme \u010ditanja\" \/>\n\t<meta name=\"twitter:data2\" content=\"4 minute\" \/>\n<script type=\"application\/ld+json\" class=\"yoast-schema-graph\">{\"@context\":\"https:\\\/\\\/schema.org\",\"@graph\":[{\"@type\":\"Article\",\"@id\":\"https:\\\/\\\/radioljubuski.ba\\\/index.php\\\/2021\\\/06\\\/26\\\/cilic-na-pravom-sam-putu-da-se-vratim-tamo-gdje-mislim-da-mi-je-mjesto\\\/#article\",\"isPartOf\":{\"@id\":\"https:\\\/\\\/radioljubuski.ba\\\/index.php\\\/2021\\\/06\\\/26\\\/cilic-na-pravom-sam-putu-da-se-vratim-tamo-gdje-mislim-da-mi-je-mjesto\\\/\"},\"author\":{\"name\":\"Radio Ljubu\u0161ki\",\"@id\":\"https:\\\/\\\/radioljubuski.ba\\\/#\\\/schema\\\/person\\\/19fc700381a780f69665d7956c469e3b\"},\"headline\":\"\u010cili\u0107: Na pravom sam putu da se vratim tamo gdje mislim da mi je mjesto\",\"datePublished\":\"2021-06-25T23:53:32+00:00\",\"dateModified\":\"2021-06-25T23:53:34+00:00\",\"mainEntityOfPage\":{\"@id\":\"https:\\\/\\\/radioljubuski.ba\\\/index.php\\\/2021\\\/06\\\/26\\\/cilic-na-pravom-sam-putu-da-se-vratim-tamo-gdje-mislim-da-mi-je-mjesto\\\/\"},\"wordCount\":810,\"publisher\":{\"@id\":\"https:\\\/\\\/radioljubuski.ba\\\/#organization\"},\"articleSection\":[\"\u0160port\"],\"inLanguage\":\"hr\"},{\"@type\":\"WebPage\",\"@id\":\"https:\\\/\\\/radioljubuski.ba\\\/index.php\\\/2021\\\/06\\\/26\\\/cilic-na-pravom-sam-putu-da-se-vratim-tamo-gdje-mislim-da-mi-je-mjesto\\\/\",\"url\":\"https:\\\/\\\/radioljubuski.ba\\\/index.php\\\/2021\\\/06\\\/26\\\/cilic-na-pravom-sam-putu-da-se-vratim-tamo-gdje-mislim-da-mi-je-mjesto\\\/\",\"name\":\"\u010cili\u0107: Na pravom sam putu da se vratim tamo gdje mislim da mi je mjesto - RADIO LJUBU\u0160KI\",\"isPartOf\":{\"@id\":\"https:\\\/\\\/radioljubuski.ba\\\/#website\"},\"datePublished\":\"2021-06-25T23:53:32+00:00\",\"dateModified\":\"2021-06-25T23:53:34+00:00\",\"breadcrumb\":{\"@id\":\"https:\\\/\\\/radioljubuski.ba\\\/index.php\\\/2021\\\/06\\\/26\\\/cilic-na-pravom-sam-putu-da-se-vratim-tamo-gdje-mislim-da-mi-je-mjesto\\\/#breadcrumb\"},\"inLanguage\":\"hr\",\"potentialAction\":[{\"@type\":\"ReadAction\",\"target\":[\"https:\\\/\\\/radioljubuski.ba\\\/index.php\\\/2021\\\/06\\\/26\\\/cilic-na-pravom-sam-putu-da-se-vratim-tamo-gdje-mislim-da-mi-je-mjesto\\\/\"]}]},{\"@type\":\"BreadcrumbList\",\"@id\":\"https:\\\/\\\/radioljubuski.ba\\\/index.php\\\/2021\\\/06\\\/26\\\/cilic-na-pravom-sam-putu-da-se-vratim-tamo-gdje-mislim-da-mi-je-mjesto\\\/#breadcrumb\",\"itemListElement\":[{\"@type\":\"ListItem\",\"position\":1,\"name\":\"Po\u010detna stranica\",\"item\":\"https:\\\/\\\/radioljubuski.ba\\\/\"},{\"@type\":\"ListItem\",\"position\":2,\"name\":\"\u010cili\u0107: Na pravom sam putu da se vratim tamo gdje mislim da mi je mjesto\"}]},{\"@type\":\"WebSite\",\"@id\":\"https:\\\/\\\/radioljubuski.ba\\\/#website\",\"url\":\"https:\\\/\\\/radioljubuski.ba\\\/\",\"name\":\"Radio Ljubu\u0161ki\",\"description\":\"Sun\u010dana frekvencija Hercegovine\",\"publisher\":{\"@id\":\"https:\\\/\\\/radioljubuski.ba\\\/#organization\"},\"potentialAction\":[{\"@type\":\"SearchAction\",\"target\":{\"@type\":\"EntryPoint\",\"urlTemplate\":\"https:\\\/\\\/radioljubuski.ba\\\/?s={search_term_string}\"},\"query-input\":{\"@type\":\"PropertyValueSpecification\",\"valueRequired\":true,\"valueName\":\"search_term_string\"}}],\"inLanguage\":\"hr\"},{\"@type\":\"Organization\",\"@id\":\"https:\\\/\\\/radioljubuski.ba\\\/#organization\",\"name\":\"Radio Ljubu\u0161ki\",\"url\":\"https:\\\/\\\/radioljubuski.ba\\\/\",\"logo\":{\"@type\":\"ImageObject\",\"inLanguage\":\"hr\",\"@id\":\"https:\\\/\\\/radioljubuski.ba\\\/#\\\/schema\\\/logo\\\/image\\\/\",\"url\":\"https:\\\/\\\/radioljubuski.ba\\\/wp-content\\\/uploads\\\/2021\\\/02\\\/cropped-Radio_Ljubuski_logo1.jpg\",\"contentUrl\":\"https:\\\/\\\/radioljubuski.ba\\\/wp-content\\\/uploads\\\/2021\\\/02\\\/cropped-Radio_Ljubuski_logo1.jpg\",\"width\":512,\"height\":512,\"caption\":\"Radio Ljubu\u0161ki\"},\"image\":{\"@id\":\"https:\\\/\\\/radioljubuski.ba\\\/#\\\/schema\\\/logo\\\/image\\\/\"},\"sameAs\":[\"https:\\\/\\\/www.facebook.com\\\/Radiio-Ljubuski-1490835324566332\",\"https:\\\/\\\/x.com\\\/radioljubuski\",\"https:\\\/\\\/hr.linkedin.com\\\/company\\\/radio-ljubuski\",\"https:\\\/\\\/www.youtube.com\\\/channel\\\/UCHYaeO_n0Db3tjNGudGpXyw\"]},{\"@type\":\"Person\",\"@id\":\"https:\\\/\\\/radioljubuski.ba\\\/#\\\/schema\\\/person\\\/19fc700381a780f69665d7956c469e3b\",\"name\":\"Radio Ljubu\u0161ki\"}]}<\/script>\n<!-- \/ Yoast SEO plugin. -->","yoast_head_json":{"title":"\u010cili\u0107: Na pravom sam putu da se vratim tamo gdje mislim da mi je mjesto - RADIO LJUBU\u0160KI","robots":{"index":"index","follow":"follow","max-snippet":"max-snippet:-1","max-image-preview":"max-image-preview:large","max-video-preview":"max-video-preview:-1"},"canonical":"https:\/\/radioljubuski.ba\/index.php\/2021\/06\/26\/cilic-na-pravom-sam-putu-da-se-vratim-tamo-gdje-mislim-da-mi-je-mjesto\/","og_locale":"hr_HR","og_type":"article","og_title":"\u010cili\u0107: Na pravom sam putu da se vratim tamo gdje mislim da mi je mjesto - RADIO LJUBU\u0160KI","og_description":"Marin \u010cili\u0107 u odli\u010dnom raspolo\u017eenju do\u010dekuje po\u010detak tre\u0107eg Grand Slam turnira ove sezone, koji u ponedjeljak zapo\u010dinje na legendarnim travnatim terenima u Wimbledonu, gdje ga u prvom kolu \u010deka 97. tenisa\u010d svijeta, Talijan Salvatore Caruso. Marin se javio video linkom iz Londona, kako bi predstavio drugo izdanje humanitarno-sportskog spektakla &#8220;Gem Set Hrvatska&#8221;, koje \u0107e 12. [&hellip;]","og_url":"https:\/\/radioljubuski.ba\/index.php\/2021\/06\/26\/cilic-na-pravom-sam-putu-da-se-vratim-tamo-gdje-mislim-da-mi-je-mjesto\/","og_site_name":"RADIO LJUBU\u0160KI","article_publisher":"https:\/\/www.facebook.com\/Radiio-Ljubuski-1490835324566332","article_published_time":"2021-06-25T23:53:32+00:00","article_modified_time":"2021-06-25T23:53:34+00:00","og_image":[{"width":1600,"height":1114,"url":"https:\/\/radioljubuski.ba\/wp-content\/uploads\/2021\/06\/pxl-070421-32438843-20210625152647.jpg","type":"image\/jpeg"}],"author":"Radio Ljubu\u0161ki","twitter_card":"summary_large_image","twitter_creator":"@radioljubuski","twitter_site":"@radioljubuski","twitter_misc":{"Napisao\/la":"Radio Ljubu\u0161ki","Procijenjeno vrijeme \u010ditanja":"4 minute"},"schema":{"@context":"https:\/\/schema.org","@graph":[{"@type":"Article","@id":"https:\/\/radioljubuski.ba\/index.php\/2021\/06\/26\/cilic-na-pravom-sam-putu-da-se-vratim-tamo-gdje-mislim-da-mi-je-mjesto\/#article","isPartOf":{"@id":"https:\/\/radioljubuski.ba\/index.php\/2021\/06\/26\/cilic-na-pravom-sam-putu-da-se-vratim-tamo-gdje-mislim-da-mi-je-mjesto\/"},"author":{"name":"Radio Ljubu\u0161ki","@id":"https:\/\/radioljubuski.ba\/#\/schema\/person\/19fc700381a780f69665d7956c469e3b"},"headline":"\u010cili\u0107: Na pravom sam putu da se vratim tamo gdje mislim da mi je mjesto","datePublished":"2021-06-25T23:53:32+00:00","dateModified":"2021-06-25T23:53:34+00:00","mainEntityOfPage":{"@id":"https:\/\/radioljubuski.ba\/index.php\/2021\/06\/26\/cilic-na-pravom-sam-putu-da-se-vratim-tamo-gdje-mislim-da-mi-je-mjesto\/"},"wordCount":810,"publisher":{"@id":"https:\/\/radioljubuski.ba\/#organization"},"articleSection":["\u0160port"],"inLanguage":"hr"},{"@type":"WebPage","@id":"https:\/\/radioljubuski.ba\/index.php\/2021\/06\/26\/cilic-na-pravom-sam-putu-da-se-vratim-tamo-gdje-mislim-da-mi-je-mjesto\/","url":"https:\/\/radioljubuski.ba\/index.php\/2021\/06\/26\/cilic-na-pravom-sam-putu-da-se-vratim-tamo-gdje-mislim-da-mi-je-mjesto\/","name":"\u010cili\u0107: Na pravom sam putu da se vratim tamo gdje mislim da mi je mjesto - RADIO LJUBU\u0160KI","isPartOf":{"@id":"https:\/\/radioljubuski.ba\/#website"},"datePublished":"2021-06-25T23:53:32+00:00","dateModified":"2021-06-25T23:53:34+00:00","breadcrumb":{"@id":"https:\/\/radioljubuski.ba\/index.php\/2021\/06\/26\/cilic-na-pravom-sam-putu-da-se-vratim-tamo-gdje-mislim-da-mi-je-mjesto\/#breadcrumb"},"inLanguage":"hr","potentialAction":[{"@type":"ReadAction","target":["https:\/\/radioljubuski.ba\/index.php\/2021\/06\/26\/cilic-na-pravom-sam-putu-da-se-vratim-tamo-gdje-mislim-da-mi-je-mjesto\/"]}]},{"@type":"BreadcrumbList","@id":"https:\/\/radioljubuski.ba\/index.php\/2021\/06\/26\/cilic-na-pravom-sam-putu-da-se-vratim-tamo-gdje-mislim-da-mi-je-mjesto\/#breadcrumb","itemListElement":[{"@type":"ListItem","position":1,"name":"Po\u010detna stranica","item":"https:\/\/radioljubuski.ba\/"},{"@type":"ListItem","position":2,"name":"\u010cili\u0107: Na pravom sam putu da se vratim tamo gdje mislim da mi je mjesto"}]},{"@type":"WebSite","@id":"https:\/\/radioljubuski.ba\/#website","url":"https:\/\/radioljubuski.ba\/","name":"Radio Ljubu\u0161ki","description":"Sun\u010dana frekvencija Hercegovine","publisher":{"@id":"https:\/\/radioljubuski.ba\/#organization"},"potentialAction":[{"@type":"SearchAction","target":{"@type":"EntryPoint","urlTemplate":"https:\/\/radioljubuski.ba\/?s={search_term_string}"},"query-input":{"@type":"PropertyValueSpecification","valueRequired":true,"valueName":"search_term_string"}}],"inLanguage":"hr"},{"@type":"Organization","@id":"https:\/\/radioljubuski.ba\/#organization","name":"Radio Ljubu\u0161ki","url":"https:\/\/radioljubuski.ba\/","logo":{"@type":"ImageObject","inLanguage":"hr","@id":"https:\/\/radioljubuski.ba\/#\/schema\/logo\/image\/","url":"https:\/\/radioljubuski.ba\/wp-content\/uploads\/2021\/02\/cropped-Radio_Ljubuski_logo1.jpg","contentUrl":"https:\/\/radioljubuski.ba\/wp-content\/uploads\/2021\/02\/cropped-Radio_Ljubuski_logo1.jpg","width":512,"height":512,"caption":"Radio Ljubu\u0161ki"},"image":{"@id":"https:\/\/radioljubuski.ba\/#\/schema\/logo\/image\/"},"sameAs":["https:\/\/www.facebook.com\/Radiio-Ljubuski-1490835324566332","https:\/\/x.com\/radioljubuski","https:\/\/hr.linkedin.com\/company\/radio-ljubuski","https:\/\/www.youtube.com\/channel\/UCHYaeO_n0Db3tjNGudGpXyw"]},{"@type":"Person","@id":"https:\/\/radioljubuski.ba\/#\/schema\/person\/19fc700381a780f69665d7956c469e3b","name":"Radio Ljubu\u0161ki"}]}},"_links":{"self":[{"href":"https:\/\/radioljubuski.ba\/index.php\/wp-json\/wp\/v2\/posts\/35932","targetHints":{"allow":["GET"]}}],"collection":[{"href":"https:\/\/radioljubuski.ba\/index.php\/wp-json\/wp\/v2\/posts"}],"about":[{"href":"https:\/\/radioljubuski.ba\/index.php\/wp-json\/wp\/v2\/types\/post"}],"author":[{"embeddable":true,"href":"https:\/\/radioljubuski.ba\/index.php\/wp-json\/wp\/v2\/users\/2"}],"replies":[{"embeddable":true,"href":"https:\/\/radioljubuski.ba\/index.php\/wp-json\/wp\/v2\/comments?post=35932"}],"version-history":[{"count":1,"href":"https:\/\/radioljubuski.ba\/index.php\/wp-json\/wp\/v2\/posts\/35932\/revisions"}],"predecessor-version":[{"id":35934,"href":"https:\/\/radioljubuski.ba\/index.php\/wp-json\/wp\/v2\/posts\/35932\/revisions\/35934"}],"wp:attachment":[{"href":"https:\/\/radioljubuski.ba\/index.php\/wp-json\/wp\/v2\/media?parent=35932"}],"wp:term":[{"taxonomy":"category","embeddable":true,"href":"https:\/\/radioljubuski.ba\/index.php\/wp-json\/wp\/v2\/categories?post=35932"},{"taxonomy":"post_tag","embeddable":true,"href":"https:\/\/radioljubuski.ba\/index.php\/wp-json\/wp\/v2\/tags?post=35932"}],"curies":[{"name":"wp","href":"https:\/\/api.w.org\/{rel}","templated":true}]}}