{"id":35935,"date":"2021-06-26T00:56:57","date_gmt":"2021-06-25T23:56:57","guid":{"rendered":"https:\/\/radioljubuski.ba\/?p=35935"},"modified":"2021-06-26T00:56:57","modified_gmt":"2021-06-25T23:56:57","slug":"mektic-i-pavic-osvojili-sedmi-zajednicki-naslov","status":"publish","type":"post","link":"https:\/\/radioljubuski.ba\/index.php\/2021\/06\/26\/mektic-i-pavic-osvojili-sedmi-zajednicki-naslov\/","title":{"rendered":"Mekti\u0107 i Pavi\u0107 osvojili sedmi zajedni\u010dki naslov"},"content":{"rendered":"\n<p><strong>Hrvatski tenisa\u010di Nikola Mekti\u0107 i Mate Pavi\u0107 pobjednici su ATP turnira u Eastbourneu nakon \u0161to su u finalu sa 6-4, 6-3 pobijedili ameri\u010dko-britanski par Rajeev Ram &#8211; Joe Salisbury.<\/strong><\/p>\n\n\n\n<p>U me\u010du koji je trajao sat i tri minute Mekti\u0107 i Pavi\u0107 su servirali \u010detiri asa, a suparnici su napravili tri dvostruke pogre\u0161ke, Tako\u0111er hrvatski par nije ni jednom izgubio svoj servis, a Ramu i Salisburyju su ga uzeli tri puta.<\/p>\n\n\n\n<blockquote class=\"twitter-tweet\"><p lang=\"en\" dir=\"ltr\">Croatians <a href=\"https:\/\/twitter.com\/NMektic?ref_src=twsrc%5Etfw\">@NMektic<\/a> &amp; Mate Pavic improve to 42-5 in 1st season by beating Rajeev Ram &amp; Joe Salisbury in <a href=\"https:\/\/twitter.com\/hashtag\/VikingInternational?src=hash&amp;ref_src=twsrc%5Etfw\">#VikingInternational<\/a> final.<br><br>Mektic and Pavic beat Lloyd Glasspool &amp; Harri Heliovaara 6-4 6-7(5) [18-16] in SFs, saving 5 match points en route to their 7th title and 9th final.<\/p>&mdash; ATP Media Info (@ATPMediaInfo) <a href=\"https:\/\/twitter.com\/ATPMediaInfo\/status\/1408460413751205901?ref_src=twsrc%5Etfw\">June 25, 2021<\/a><\/blockquote> <script async src=\"https:\/\/platform.twitter.com\/widgets.js\" charset=\"utf-8\"><\/script>\n\n\n\n<p>Ovo je bilo deveto finale ove godine za Mekti\u0107a i Pavi\u0107a i sedmi zajedni\u010dki naslov. Ove sezone su izgubili tek pet me\u010deva, a upisali 42 pobjede.<\/p>\n\n\n\n<blockquote class=\"twitter-tweet\"><p lang=\"und\" dir=\"ltr\">Nikola Mekti\u0107 i Mate Pavi\u0107 nastavili su sjajnu sezonu osvajanjem novog naslova! \ud83d\udcaa\ud83c\udfc6\ud83c\udfbe\ud83c\udded\ud83c\uddf7 <a href=\"https:\/\/twitter.com\/hashtag\/Mektic?src=hash&amp;ref_src=twsrc%5Etfw\">#Mektic<\/a> <a href=\"https:\/\/twitter.com\/hashtag\/Pavic?src=hash&amp;ref_src=twsrc%5Etfw\">#Pavic<\/a> <a href=\"https:\/\/twitter.com\/hashtag\/ATPWorldTour?src=hash&amp;ref_src=twsrc%5Etfw\">#ATPWorldTour<\/a> <a href=\"https:\/\/twitter.com\/hashtag\/Eastbourne?src=hash&amp;ref_src=twsrc%5Etfw\">#Eastbourne<\/a><a href=\"https:\/\/t.co\/9uHCMaRYva\">https:\/\/t.co\/9uHCMaRYva<\/a><\/p>&mdash; Hrvatski teniski savez (@hts_sluzbeni) <a href=\"https:\/\/twitter.com\/hts_sluzbeni\/status\/1408459491046211588?ref_src=twsrc%5Etfw\">June 25, 2021<\/a><\/blockquote> <script async src=\"https:\/\/platform.twitter.com\/widgets.js\" charset=\"utf-8\"><\/script>\n\n\n\n<p>Izvor:hrt.hr<\/p>\n","protected":false},"excerpt":{"rendered":"<p>Hrvatski tenisa\u010di Nikola Mekti\u0107 i Mate Pavi\u0107 pobjednici su ATP turnira u Eastbourneu nakon \u0161to su u finalu sa 6-4, 6-3 pobijedili ameri\u010dko-britanski par Rajeev Ram &#8211; Joe Salisbury. U me\u010du koji je trajao sat i tri minute Mekti\u0107 i Pavi\u0107 su servirali \u010detiri asa, a suparnici su napravili tri dvostruke pogre\u0161ke, Tako\u0111er hrvatski par [&hellip;]<\/p>\n","protected":false},"author":2,"featured_media":35936,"comment_status":"closed","ping_status":"closed","sticky":false,"template":"","format":"standard","meta":{"h5ap_radio_sources":[],"footnotes":""},"categories":[7],"tags":[],"class_list":["post-35935","post","type-post","status-publish","format-standard","has-post-thumbnail","hentry","category-sport"],"yoast_head":"<!-- This site is optimized with the Yoast SEO plugin v27.5 - https:\/\/yoast.com\/product\/yoast-seo-wordpress\/ -->\n<title>Mekti\u0107 i Pavi\u0107 osvojili sedmi zajedni\u010dki naslov - RADIO LJUBU\u0160KI<\/title>\n<meta name=\"robots\" content=\"index, follow, max-snippet:-1, max-image-preview:large, max-video-preview:-1\" \/>\n<link rel=\"canonical\" href=\"https:\/\/radioljubuski.ba\/index.php\/2021\/06\/26\/mektic-i-pavic-osvojili-sedmi-zajednicki-naslov\/\" \/>\n<meta property=\"og:locale\" content=\"hr_HR\" \/>\n<meta property=\"og:type\" content=\"article\" \/>\n<meta property=\"og:title\" content=\"Mekti\u0107 i Pavi\u0107 osvojili sedmi zajedni\u010dki naslov - RADIO LJUBU\u0160KI\" \/>\n<meta property=\"og:description\" content=\"Hrvatski tenisa\u010di Nikola Mekti\u0107 i Mate Pavi\u0107 pobjednici su ATP turnira u Eastbourneu nakon \u0161to su u finalu sa 6-4, 6-3 pobijedili ameri\u010dko-britanski par Rajeev Ram &#8211; Joe Salisbury. U me\u010du koji je trajao sat i tri minute Mekti\u0107 i Pavi\u0107 su servirali \u010detiri asa, a suparnici su napravili tri dvostruke pogre\u0161ke, Tako\u0111er hrvatski par [&hellip;]\" \/>\n<meta property=\"og:url\" content=\"https:\/\/radioljubuski.ba\/index.php\/2021\/06\/26\/mektic-i-pavic-osvojili-sedmi-zajednicki-naslov\/\" \/>\n<meta property=\"og:site_name\" content=\"RADIO LJUBU\u0160KI\" \/>\n<meta property=\"article:publisher\" content=\"https:\/\/www.facebook.com\/Radiio-Ljubuski-1490835324566332\" \/>\n<meta property=\"article:published_time\" content=\"2021-06-25T23:56:57+00:00\" \/>\n<meta property=\"og:image\" content=\"https:\/\/radioljubuski.ba\/wp-content\/uploads\/2021\/06\/11-4.png\" \/>\n\t<meta property=\"og:image:width\" content=\"493\" \/>\n\t<meta property=\"og:image:height\" content=\"268\" \/>\n\t<meta property=\"og:image:type\" content=\"image\/png\" \/>\n<meta name=\"author\" content=\"Radio Ljubu\u0161ki\" \/>\n<meta name=\"twitter:card\" content=\"summary_large_image\" \/>\n<meta name=\"twitter:creator\" content=\"@radioljubuski\" \/>\n<meta name=\"twitter:site\" content=\"@radioljubuski\" \/>\n<meta name=\"twitter:label1\" content=\"Napisao\/la\" \/>\n\t<meta name=\"twitter:data1\" content=\"Radio Ljubu\u0161ki\" \/>\n\t<meta name=\"twitter:label2\" content=\"Procijenjeno vrijeme \u010ditanja\" \/>\n\t<meta name=\"twitter:data2\" content=\"1 minuta\" \/>\n<script type=\"application\/ld+json\" class=\"yoast-schema-graph\">{\"@context\":\"https:\\\/\\\/schema.org\",\"@graph\":[{\"@type\":\"Article\",\"@id\":\"https:\\\/\\\/radioljubuski.ba\\\/index.php\\\/2021\\\/06\\\/26\\\/mektic-i-pavic-osvojili-sedmi-zajednicki-naslov\\\/#article\",\"isPartOf\":{\"@id\":\"https:\\\/\\\/radioljubuski.ba\\\/index.php\\\/2021\\\/06\\\/26\\\/mektic-i-pavic-osvojili-sedmi-zajednicki-naslov\\\/\"},\"author\":{\"name\":\"Radio Ljubu\u0161ki\",\"@id\":\"https:\\\/\\\/radioljubuski.ba\\\/#\\\/schema\\\/person\\\/19fc700381a780f69665d7956c469e3b\"},\"headline\":\"Mekti\u0107 i Pavi\u0107 osvojili sedmi zajedni\u010dki naslov\",\"datePublished\":\"2021-06-25T23:56:57+00:00\",\"mainEntityOfPage\":{\"@id\":\"https:\\\/\\\/radioljubuski.ba\\\/index.php\\\/2021\\\/06\\\/26\\\/mektic-i-pavic-osvojili-sedmi-zajednicki-naslov\\\/\"},\"wordCount\":195,\"publisher\":{\"@id\":\"https:\\\/\\\/radioljubuski.ba\\\/#organization\"},\"image\":{\"@id\":\"https:\\\/\\\/radioljubuski.ba\\\/index.php\\\/2021\\\/06\\\/26\\\/mektic-i-pavic-osvojili-sedmi-zajednicki-naslov\\\/#primaryimage\"},\"thumbnailUrl\":\"https:\\\/\\\/radioljubuski.ba\\\/wp-content\\\/uploads\\\/2021\\\/06\\\/11-4.png\",\"articleSection\":[\"\u0160port\"],\"inLanguage\":\"hr\"},{\"@type\":\"WebPage\",\"@id\":\"https:\\\/\\\/radioljubuski.ba\\\/index.php\\\/2021\\\/06\\\/26\\\/mektic-i-pavic-osvojili-sedmi-zajednicki-naslov\\\/\",\"url\":\"https:\\\/\\\/radioljubuski.ba\\\/index.php\\\/2021\\\/06\\\/26\\\/mektic-i-pavic-osvojili-sedmi-zajednicki-naslov\\\/\",\"name\":\"Mekti\u0107 i Pavi\u0107 osvojili sedmi zajedni\u010dki naslov - RADIO LJUBU\u0160KI\",\"isPartOf\":{\"@id\":\"https:\\\/\\\/radioljubuski.ba\\\/#website\"},\"primaryImageOfPage\":{\"@id\":\"https:\\\/\\\/radioljubuski.ba\\\/index.php\\\/2021\\\/06\\\/26\\\/mektic-i-pavic-osvojili-sedmi-zajednicki-naslov\\\/#primaryimage\"},\"image\":{\"@id\":\"https:\\\/\\\/radioljubuski.ba\\\/index.php\\\/2021\\\/06\\\/26\\\/mektic-i-pavic-osvojili-sedmi-zajednicki-naslov\\\/#primaryimage\"},\"thumbnailUrl\":\"https:\\\/\\\/radioljubuski.ba\\\/wp-content\\\/uploads\\\/2021\\\/06\\\/11-4.png\",\"datePublished\":\"2021-06-25T23:56:57+00:00\",\"breadcrumb\":{\"@id\":\"https:\\\/\\\/radioljubuski.ba\\\/index.php\\\/2021\\\/06\\\/26\\\/mektic-i-pavic-osvojili-sedmi-zajednicki-naslov\\\/#breadcrumb\"},\"inLanguage\":\"hr\",\"potentialAction\":[{\"@type\":\"ReadAction\",\"target\":[\"https:\\\/\\\/radioljubuski.ba\\\/index.php\\\/2021\\\/06\\\/26\\\/mektic-i-pavic-osvojili-sedmi-zajednicki-naslov\\\/\"]}]},{\"@type\":\"ImageObject\",\"inLanguage\":\"hr\",\"@id\":\"https:\\\/\\\/radioljubuski.ba\\\/index.php\\\/2021\\\/06\\\/26\\\/mektic-i-pavic-osvojili-sedmi-zajednicki-naslov\\\/#primaryimage\",\"url\":\"https:\\\/\\\/radioljubuski.ba\\\/wp-content\\\/uploads\\\/2021\\\/06\\\/11-4.png\",\"contentUrl\":\"https:\\\/\\\/radioljubuski.ba\\\/wp-content\\\/uploads\\\/2021\\\/06\\\/11-4.png\",\"width\":493,\"height\":268},{\"@type\":\"BreadcrumbList\",\"@id\":\"https:\\\/\\\/radioljubuski.ba\\\/index.php\\\/2021\\\/06\\\/26\\\/mektic-i-pavic-osvojili-sedmi-zajednicki-naslov\\\/#breadcrumb\",\"itemListElement\":[{\"@type\":\"ListItem\",\"position\":1,\"name\":\"Po\u010detna stranica\",\"item\":\"https:\\\/\\\/radioljubuski.ba\\\/\"},{\"@type\":\"ListItem\",\"position\":2,\"name\":\"Mekti\u0107 i Pavi\u0107 osvojili sedmi zajedni\u010dki naslov\"}]},{\"@type\":\"WebSite\",\"@id\":\"https:\\\/\\\/radioljubuski.ba\\\/#website\",\"url\":\"https:\\\/\\\/radioljubuski.ba\\\/\",\"name\":\"Radio Ljubu\u0161ki\",\"description\":\"Sun\u010dana frekvencija Hercegovine\",\"publisher\":{\"@id\":\"https:\\\/\\\/radioljubuski.ba\\\/#organization\"},\"potentialAction\":[{\"@type\":\"SearchAction\",\"target\":{\"@type\":\"EntryPoint\",\"urlTemplate\":\"https:\\\/\\\/radioljubuski.ba\\\/?s={search_term_string}\"},\"query-input\":{\"@type\":\"PropertyValueSpecification\",\"valueRequired\":true,\"valueName\":\"search_term_string\"}}],\"inLanguage\":\"hr\"},{\"@type\":\"Organization\",\"@id\":\"https:\\\/\\\/radioljubuski.ba\\\/#organization\",\"name\":\"Radio Ljubu\u0161ki\",\"url\":\"https:\\\/\\\/radioljubuski.ba\\\/\",\"logo\":{\"@type\":\"ImageObject\",\"inLanguage\":\"hr\",\"@id\":\"https:\\\/\\\/radioljubuski.ba\\\/#\\\/schema\\\/logo\\\/image\\\/\",\"url\":\"https:\\\/\\\/radioljubuski.ba\\\/wp-content\\\/uploads\\\/2021\\\/02\\\/cropped-Radio_Ljubuski_logo1.jpg\",\"contentUrl\":\"https:\\\/\\\/radioljubuski.ba\\\/wp-content\\\/uploads\\\/2021\\\/02\\\/cropped-Radio_Ljubuski_logo1.jpg\",\"width\":512,\"height\":512,\"caption\":\"Radio Ljubu\u0161ki\"},\"image\":{\"@id\":\"https:\\\/\\\/radioljubuski.ba\\\/#\\\/schema\\\/logo\\\/image\\\/\"},\"sameAs\":[\"https:\\\/\\\/www.facebook.com\\\/Radiio-Ljubuski-1490835324566332\",\"https:\\\/\\\/x.com\\\/radioljubuski\",\"https:\\\/\\\/hr.linkedin.com\\\/company\\\/radio-ljubuski\",\"https:\\\/\\\/www.youtube.com\\\/channel\\\/UCHYaeO_n0Db3tjNGudGpXyw\"]},{\"@type\":\"Person\",\"@id\":\"https:\\\/\\\/radioljubuski.ba\\\/#\\\/schema\\\/person\\\/19fc700381a780f69665d7956c469e3b\",\"name\":\"Radio Ljubu\u0161ki\"}]}<\/script>\n<!-- \/ Yoast SEO plugin. -->","yoast_head_json":{"title":"Mekti\u0107 i Pavi\u0107 osvojili sedmi zajedni\u010dki naslov - RADIO LJUBU\u0160KI","robots":{"index":"index","follow":"follow","max-snippet":"max-snippet:-1","max-image-preview":"max-image-preview:large","max-video-preview":"max-video-preview:-1"},"canonical":"https:\/\/radioljubuski.ba\/index.php\/2021\/06\/26\/mektic-i-pavic-osvojili-sedmi-zajednicki-naslov\/","og_locale":"hr_HR","og_type":"article","og_title":"Mekti\u0107 i Pavi\u0107 osvojili sedmi zajedni\u010dki naslov - RADIO LJUBU\u0160KI","og_description":"Hrvatski tenisa\u010di Nikola Mekti\u0107 i Mate Pavi\u0107 pobjednici su ATP turnira u Eastbourneu nakon \u0161to su u finalu sa 6-4, 6-3 pobijedili ameri\u010dko-britanski par Rajeev Ram &#8211; Joe Salisbury. U me\u010du koji je trajao sat i tri minute Mekti\u0107 i Pavi\u0107 su servirali \u010detiri asa, a suparnici su napravili tri dvostruke pogre\u0161ke, Tako\u0111er hrvatski par [&hellip;]","og_url":"https:\/\/radioljubuski.ba\/index.php\/2021\/06\/26\/mektic-i-pavic-osvojili-sedmi-zajednicki-naslov\/","og_site_name":"RADIO LJUBU\u0160KI","article_publisher":"https:\/\/www.facebook.com\/Radiio-Ljubuski-1490835324566332","article_published_time":"2021-06-25T23:56:57+00:00","og_image":[{"width":493,"height":268,"url":"https:\/\/radioljubuski.ba\/wp-content\/uploads\/2021\/06\/11-4.png","type":"image\/png"}],"author":"Radio Ljubu\u0161ki","twitter_card":"summary_large_image","twitter_creator":"@radioljubuski","twitter_site":"@radioljubuski","twitter_misc":{"Napisao\/la":"Radio Ljubu\u0161ki","Procijenjeno vrijeme \u010ditanja":"1 minuta"},"schema":{"@context":"https:\/\/schema.org","@graph":[{"@type":"Article","@id":"https:\/\/radioljubuski.ba\/index.php\/2021\/06\/26\/mektic-i-pavic-osvojili-sedmi-zajednicki-naslov\/#article","isPartOf":{"@id":"https:\/\/radioljubuski.ba\/index.php\/2021\/06\/26\/mektic-i-pavic-osvojili-sedmi-zajednicki-naslov\/"},"author":{"name":"Radio Ljubu\u0161ki","@id":"https:\/\/radioljubuski.ba\/#\/schema\/person\/19fc700381a780f69665d7956c469e3b"},"headline":"Mekti\u0107 i Pavi\u0107 osvojili sedmi zajedni\u010dki naslov","datePublished":"2021-06-25T23:56:57+00:00","mainEntityOfPage":{"@id":"https:\/\/radioljubuski.ba\/index.php\/2021\/06\/26\/mektic-i-pavic-osvojili-sedmi-zajednicki-naslov\/"},"wordCount":195,"publisher":{"@id":"https:\/\/radioljubuski.ba\/#organization"},"image":{"@id":"https:\/\/radioljubuski.ba\/index.php\/2021\/06\/26\/mektic-i-pavic-osvojili-sedmi-zajednicki-naslov\/#primaryimage"},"thumbnailUrl":"https:\/\/radioljubuski.ba\/wp-content\/uploads\/2021\/06\/11-4.png","articleSection":["\u0160port"],"inLanguage":"hr"},{"@type":"WebPage","@id":"https:\/\/radioljubuski.ba\/index.php\/2021\/06\/26\/mektic-i-pavic-osvojili-sedmi-zajednicki-naslov\/","url":"https:\/\/radioljubuski.ba\/index.php\/2021\/06\/26\/mektic-i-pavic-osvojili-sedmi-zajednicki-naslov\/","name":"Mekti\u0107 i Pavi\u0107 osvojili sedmi zajedni\u010dki naslov - RADIO LJUBU\u0160KI","isPartOf":{"@id":"https:\/\/radioljubuski.ba\/#website"},"primaryImageOfPage":{"@id":"https:\/\/radioljubuski.ba\/index.php\/2021\/06\/26\/mektic-i-pavic-osvojili-sedmi-zajednicki-naslov\/#primaryimage"},"image":{"@id":"https:\/\/radioljubuski.ba\/index.php\/2021\/06\/26\/mektic-i-pavic-osvojili-sedmi-zajednicki-naslov\/#primaryimage"},"thumbnailUrl":"https:\/\/radioljubuski.ba\/wp-content\/uploads\/2021\/06\/11-4.png","datePublished":"2021-06-25T23:56:57+00:00","breadcrumb":{"@id":"https:\/\/radioljubuski.ba\/index.php\/2021\/06\/26\/mektic-i-pavic-osvojili-sedmi-zajednicki-naslov\/#breadcrumb"},"inLanguage":"hr","potentialAction":[{"@type":"ReadAction","target":["https:\/\/radioljubuski.ba\/index.php\/2021\/06\/26\/mektic-i-pavic-osvojili-sedmi-zajednicki-naslov\/"]}]},{"@type":"ImageObject","inLanguage":"hr","@id":"https:\/\/radioljubuski.ba\/index.php\/2021\/06\/26\/mektic-i-pavic-osvojili-sedmi-zajednicki-naslov\/#primaryimage","url":"https:\/\/radioljubuski.ba\/wp-content\/uploads\/2021\/06\/11-4.png","contentUrl":"https:\/\/radioljubuski.ba\/wp-content\/uploads\/2021\/06\/11-4.png","width":493,"height":268},{"@type":"BreadcrumbList","@id":"https:\/\/radioljubuski.ba\/index.php\/2021\/06\/26\/mektic-i-pavic-osvojili-sedmi-zajednicki-naslov\/#breadcrumb","itemListElement":[{"@type":"ListItem","position":1,"name":"Po\u010detna stranica","item":"https:\/\/radioljubuski.ba\/"},{"@type":"ListItem","position":2,"name":"Mekti\u0107 i Pavi\u0107 osvojili sedmi zajedni\u010dki naslov"}]},{"@type":"WebSite","@id":"https:\/\/radioljubuski.ba\/#website","url":"https:\/\/radioljubuski.ba\/","name":"Radio Ljubu\u0161ki","description":"Sun\u010dana frekvencija Hercegovine","publisher":{"@id":"https:\/\/radioljubuski.ba\/#organization"},"potentialAction":[{"@type":"SearchAction","target":{"@type":"EntryPoint","urlTemplate":"https:\/\/radioljubuski.ba\/?s={search_term_string}"},"query-input":{"@type":"PropertyValueSpecification","valueRequired":true,"valueName":"search_term_string"}}],"inLanguage":"hr"},{"@type":"Organization","@id":"https:\/\/radioljubuski.ba\/#organization","name":"Radio Ljubu\u0161ki","url":"https:\/\/radioljubuski.ba\/","logo":{"@type":"ImageObject","inLanguage":"hr","@id":"https:\/\/radioljubuski.ba\/#\/schema\/logo\/image\/","url":"https:\/\/radioljubuski.ba\/wp-content\/uploads\/2021\/02\/cropped-Radio_Ljubuski_logo1.jpg","contentUrl":"https:\/\/radioljubuski.ba\/wp-content\/uploads\/2021\/02\/cropped-Radio_Ljubuski_logo1.jpg","width":512,"height":512,"caption":"Radio Ljubu\u0161ki"},"image":{"@id":"https:\/\/radioljubuski.ba\/#\/schema\/logo\/image\/"},"sameAs":["https:\/\/www.facebook.com\/Radiio-Ljubuski-1490835324566332","https:\/\/x.com\/radioljubuski","https:\/\/hr.linkedin.com\/company\/radio-ljubuski","https:\/\/www.youtube.com\/channel\/UCHYaeO_n0Db3tjNGudGpXyw"]},{"@type":"Person","@id":"https:\/\/radioljubuski.ba\/#\/schema\/person\/19fc700381a780f69665d7956c469e3b","name":"Radio Ljubu\u0161ki"}]}},"_links":{"self":[{"href":"https:\/\/radioljubuski.ba\/index.php\/wp-json\/wp\/v2\/posts\/35935","targetHints":{"allow":["GET"]}}],"collection":[{"href":"https:\/\/radioljubuski.ba\/index.php\/wp-json\/wp\/v2\/posts"}],"about":[{"href":"https:\/\/radioljubuski.ba\/index.php\/wp-json\/wp\/v2\/types\/post"}],"author":[{"embeddable":true,"href":"https:\/\/radioljubuski.ba\/index.php\/wp-json\/wp\/v2\/users\/2"}],"replies":[{"embeddable":true,"href":"https:\/\/radioljubuski.ba\/index.php\/wp-json\/wp\/v2\/comments?post=35935"}],"version-history":[{"count":1,"href":"https:\/\/radioljubuski.ba\/index.php\/wp-json\/wp\/v2\/posts\/35935\/revisions"}],"predecessor-version":[{"id":35937,"href":"https:\/\/radioljubuski.ba\/index.php\/wp-json\/wp\/v2\/posts\/35935\/revisions\/35937"}],"wp:featuredmedia":[{"embeddable":true,"href":"https:\/\/radioljubuski.ba\/index.php\/wp-json\/wp\/v2\/media\/35936"}],"wp:attachment":[{"href":"https:\/\/radioljubuski.ba\/index.php\/wp-json\/wp\/v2\/media?parent=35935"}],"wp:term":[{"taxonomy":"category","embeddable":true,"href":"https:\/\/radioljubuski.ba\/index.php\/wp-json\/wp\/v2\/categories?post=35935"},{"taxonomy":"post_tag","embeddable":true,"href":"https:\/\/radioljubuski.ba\/index.php\/wp-json\/wp\/v2\/tags?post=35935"}],"curies":[{"name":"wp","href":"https:\/\/api.w.org\/{rel}","templated":true}]}}