{"id":35969,"date":"2021-06-26T01:15:41","date_gmt":"2021-06-26T00:15:41","guid":{"rendered":"https:\/\/radioljubuski.ba\/?p=35969"},"modified":"2021-06-26T01:15:42","modified_gmt":"2021-06-26T00:15:42","slug":"carevic-tesko-je-igrati-protiv-spanjolske-ako-te-ubaci-u-svoju-masinu","status":"publish","type":"post","link":"https:\/\/radioljubuski.ba\/index.php\/2021\/06\/26\/carevic-tesko-je-igrati-protiv-spanjolske-ako-te-ubaci-u-svoju-masinu\/","title":{"rendered":"Carevi\u0107: Te\u0161ko je igrati protiv \u0160panjolske ako te ubaci u svoju &#8220;ma\u0161inu&#8221;"},"content":{"rendered":"\n<p><strong>Uo\u010di nastavka Europskog nogometnog prvenstva i osmine finala, stru\u010dni komentatori HRT-a Anton Samovojska i Mario Carevi\u0107 komentirali su u emisiji Europeo parove te stanje u hrvatskoj reprezentaciji.<\/strong><\/p>\n\n\n\n<p>&#8211; Ostale su najbolje reprezentacije, veselimo se osmini finala. Na\u017ealost, neki od favorita \u0107e ispasti jer igraju me\u0111usobno, ali bit \u0107e sve zanimljivo popratiti, rekao je Carevi\u0107.<br><br>&#8211; Sada vi\u0161e nema slabih suparnika, mogu se slu\u010dajno dogoditi nekakve stvari, kao \u0161to se nama u Rusiji 2018. godine, kada smo o\u010dekivali \u0160panjolsku, a dobijemo Rusiju. Do\u0161lo je do mnogih susreta favorita ve\u0107 u osmini finala, a za to su &#8220;krivi&#8221; rezultati u grupi, rekao je Samovojska te dodao:<br><br>&#8211; Sada nam se dogodila ista stvar kao i 2016. godine. U 92. minuti imali smo \u017eeljenog suparnika iz druge skupine, \u0160vedsku, ali tad su oni zabili gol Poljskoj i dobili smo \u0160panjolce, objasnio je komentator HRT-a.<\/p>\n\n\n\n<p>Carevi\u0107 se nadao da \u0107emo igrati protiv \u0160vedske, a ne \u0160panjolske.<br><br>&#8211; Nadao sam se do zadnje sekunde da \u0107emo dobiti \u0160vedsku, iako \u0160panjolci ne briljiraju, \u0160vedska je za nas u ovom trenutku ipak lak\u0161i suparnik. Ipak, ne sumnjam da \u0107emo mi svejedno pro\u0107i, dodao je. \u00a0<br><br><strong>Borna Bari\u0161i\u0107\u00a0<\/strong>mogao bi se na\u0107i u prvih 11 u dvoboju sa \u0160panjolcima nakon \u0161to je zalije\u010dio ozljedu.<br><br>&#8211; Mo\u017ee dati puno reprezentaciji, \u0161teta te njegove ozljede prvenstva. Ali, mo\u017eda bude i u po\u010detnih 11, ako \u0107e Gvardiol igrati na stoperskoj poziciji. Ne znam sad da li je pametno s tako mladim igra\u010dem koji igra na vrhunskoj razini, da ga se sad \u0161alta na drugu poziciju, ali ako \u0107e igrati Bari\u0161i\u0107, on mo\u017ee dati puno, napredovao je u Rangersima, siguran je u obrani i ima dobar centar\u0161ut, rekao je Carevi\u0107.\u00a0<\/p>\n\n\n\n<div style=\"width: 640px;\" class=\"wp-video\"><video class=\"wp-video-shortcode\" id=\"video-35969-1\" width=\"640\" height=\"360\" preload=\"metadata\" controls=\"controls\"><source type=\"video\/mp4\" src=\"https:\/\/api.hrt.hr\/media\/27\/75\/carevic-spanjoslska-europeo-20210625184520.mp4?_=1\" \/><a href=\"https:\/\/api.hrt.hr\/media\/27\/75\/carevic-spanjoslska-europeo-20210625184520.mp4\">https:\/\/api.hrt.hr\/media\/27\/75\/carevic-spanjoslska-europeo-20210625184520.mp4<\/a><\/video><\/div>\n\n\n\n<p>Samovojska je pohvalio\u00a0<strong>Matea Kova\u010di\u0107a\u00a0<\/strong>koji igra odli\u010dan Euro.<br><br>&#8211; Kova\u010di\u0107 je odli\u010dan i bila je ta jedna njegova izjava koja je meni napunila srce, kad je rekao \u010dovjek: &#8220;Vi\u0161e mi se vjeruje.&#8221; Naravno da je to jedan od razloga za\u0161to igra bolje jer to je ono \u0161to je igra\u010du strahovito potrebno. Da vjeruje sam u sebe, ali i da drugi vjeruju u njega. Kova\u010di\u0107 igra odli\u010dno. Jedan \u0161panjolski novinar nazvao je Kova\u010di\u0107a Modri\u0107evog \u0161titono\u0161om, kazao je Samovojska.<br><br>Hrvatska bi morala sprije\u010diti \u0160panjolce da igraju svoju igru.\u00a0\u00a0 \u00a0<br><br>&#8211; Imat \u0107emo poticaj s navija\u010dima na tribinama, ali va\u017eno je da dobro takti\u010dki pripremimo utakmicu i da se nametnemo njima. Ako te \u0160panjolci ubace u ma\u0161inu i svojim posjedom izdominiraju, te\u0161ko je protiv njih igrati. Imaju posjed, nemaju mo\u017eda previ\u0161e \u0161ansi, ali jako su opasni i dominantni, zaklju\u010dio je Carevi\u0107.<\/p>\n\n\n\n<div style=\"width: 640px;\" class=\"wp-video\"><video class=\"wp-video-shortcode\" id=\"video-35969-2\" width=\"640\" height=\"360\" preload=\"metadata\" controls=\"controls\"><source type=\"video\/mp4\" src=\"https:\/\/api.hrt.hr\/media\/2c\/12\/vojska-kovacic-2506-20210625184438.mp4?_=2\" \/><a href=\"https:\/\/api.hrt.hr\/media\/2c\/12\/vojska-kovacic-2506-20210625184438.mp4\">https:\/\/api.hrt.hr\/media\/2c\/12\/vojska-kovacic-2506-20210625184438.mp4<\/a><\/video><\/div>\n\n\n\n<p>Izvor:hrt.hr<\/p>\n","protected":false},"excerpt":{"rendered":"<p>Uo\u010di nastavka Europskog nogometnog prvenstva i osmine finala, stru\u010dni komentatori HRT-a Anton Samovojska i Mario Carevi\u0107 komentirali su u emisiji Europeo parove te stanje u hrvatskoj reprezentaciji. &#8211; Ostale su najbolje reprezentacije, veselimo se osmini finala. Na\u017ealost, neki od favorita \u0107e ispasti jer igraju me\u0111usobno, ali bit \u0107e sve zanimljivo popratiti, rekao je Carevi\u0107. &#8211; [&hellip;]<\/p>\n","protected":false},"author":2,"featured_media":35970,"comment_status":"closed","ping_status":"closed","sticky":false,"template":"","format":"standard","meta":{"h5ap_radio_sources":[],"footnotes":""},"categories":[7],"tags":[],"class_list":["post-35969","post","type-post","status-publish","format-standard","has-post-thumbnail","hentry","category-sport"],"yoast_head":"<!-- This site is optimized with the Yoast SEO plugin v27.5 - https:\/\/yoast.com\/product\/yoast-seo-wordpress\/ -->\n<title>Carevi\u0107: Te\u0161ko je igrati protiv \u0160panjolske ako te ubaci u svoju &quot;ma\u0161inu&quot; - RADIO LJUBU\u0160KI<\/title>\n<meta name=\"robots\" content=\"index, follow, max-snippet:-1, max-image-preview:large, max-video-preview:-1\" \/>\n<link rel=\"canonical\" href=\"https:\/\/radioljubuski.ba\/index.php\/2021\/06\/26\/carevic-tesko-je-igrati-protiv-spanjolske-ako-te-ubaci-u-svoju-masinu\/\" \/>\n<meta property=\"og:locale\" content=\"hr_HR\" \/>\n<meta property=\"og:type\" content=\"article\" \/>\n<meta property=\"og:title\" content=\"Carevi\u0107: Te\u0161ko je igrati protiv \u0160panjolske ako te ubaci u svoju &quot;ma\u0161inu&quot; - RADIO LJUBU\u0160KI\" \/>\n<meta property=\"og:description\" content=\"Uo\u010di nastavka Europskog nogometnog prvenstva i osmine finala, stru\u010dni komentatori HRT-a Anton Samovojska i Mario Carevi\u0107 komentirali su u emisiji Europeo parove te stanje u hrvatskoj reprezentaciji. &#8211; Ostale su najbolje reprezentacije, veselimo se osmini finala. Na\u017ealost, neki od favorita \u0107e ispasti jer igraju me\u0111usobno, ali bit \u0107e sve zanimljivo popratiti, rekao je Carevi\u0107. &#8211; [&hellip;]\" \/>\n<meta property=\"og:url\" content=\"https:\/\/radioljubuski.ba\/index.php\/2021\/06\/26\/carevic-tesko-je-igrati-protiv-spanjolske-ako-te-ubaci-u-svoju-masinu\/\" \/>\n<meta property=\"og:site_name\" content=\"RADIO LJUBU\u0160KI\" \/>\n<meta property=\"article:publisher\" content=\"https:\/\/www.facebook.com\/Radiio-Ljubuski-1490835324566332\" \/>\n<meta property=\"article:published_time\" content=\"2021-06-26T00:15:41+00:00\" \/>\n<meta property=\"article:modified_time\" content=\"2021-06-26T00:15:42+00:00\" \/>\n<meta property=\"og:image\" content=\"https:\/\/radioljubuski.ba\/wp-content\/uploads\/2021\/06\/t-carevic-spanjoslska-europeo-20210625184520.jpg\" \/>\n\t<meta property=\"og:image:width\" content=\"1920\" \/>\n\t<meta property=\"og:image:height\" content=\"1080\" \/>\n\t<meta property=\"og:image:type\" content=\"image\/jpeg\" \/>\n<meta name=\"author\" content=\"Radio Ljubu\u0161ki\" \/>\n<meta name=\"twitter:card\" content=\"summary_large_image\" \/>\n<meta name=\"twitter:creator\" content=\"@radioljubuski\" \/>\n<meta name=\"twitter:site\" content=\"@radioljubuski\" \/>\n<meta name=\"twitter:label1\" content=\"Napisao\/la\" \/>\n\t<meta name=\"twitter:data1\" content=\"Radio Ljubu\u0161ki\" \/>\n\t<meta name=\"twitter:label2\" content=\"Procijenjeno vrijeme \u010ditanja\" \/>\n\t<meta name=\"twitter:data2\" content=\"2 minute\" \/>\n<script type=\"application\/ld+json\" class=\"yoast-schema-graph\">{\"@context\":\"https:\\\/\\\/schema.org\",\"@graph\":[{\"@type\":\"Article\",\"@id\":\"https:\\\/\\\/radioljubuski.ba\\\/index.php\\\/2021\\\/06\\\/26\\\/carevic-tesko-je-igrati-protiv-spanjolske-ako-te-ubaci-u-svoju-masinu\\\/#article\",\"isPartOf\":{\"@id\":\"https:\\\/\\\/radioljubuski.ba\\\/index.php\\\/2021\\\/06\\\/26\\\/carevic-tesko-je-igrati-protiv-spanjolske-ako-te-ubaci-u-svoju-masinu\\\/\"},\"author\":{\"name\":\"Radio Ljubu\u0161ki\",\"@id\":\"https:\\\/\\\/radioljubuski.ba\\\/#\\\/schema\\\/person\\\/19fc700381a780f69665d7956c469e3b\"},\"headline\":\"Carevi\u0107: Te\u0161ko je igrati protiv \u0160panjolske ako te ubaci u svoju &#8220;ma\u0161inu&#8221;\",\"datePublished\":\"2021-06-26T00:15:41+00:00\",\"dateModified\":\"2021-06-26T00:15:42+00:00\",\"mainEntityOfPage\":{\"@id\":\"https:\\\/\\\/radioljubuski.ba\\\/index.php\\\/2021\\\/06\\\/26\\\/carevic-tesko-je-igrati-protiv-spanjolske-ako-te-ubaci-u-svoju-masinu\\\/\"},\"wordCount\":486,\"publisher\":{\"@id\":\"https:\\\/\\\/radioljubuski.ba\\\/#organization\"},\"image\":{\"@id\":\"https:\\\/\\\/radioljubuski.ba\\\/index.php\\\/2021\\\/06\\\/26\\\/carevic-tesko-je-igrati-protiv-spanjolske-ako-te-ubaci-u-svoju-masinu\\\/#primaryimage\"},\"thumbnailUrl\":\"https:\\\/\\\/radioljubuski.ba\\\/wp-content\\\/uploads\\\/2021\\\/06\\\/t-carevic-spanjoslska-europeo-20210625184520.jpg\",\"articleSection\":[\"\u0160port\"],\"inLanguage\":\"hr\"},{\"@type\":\"WebPage\",\"@id\":\"https:\\\/\\\/radioljubuski.ba\\\/index.php\\\/2021\\\/06\\\/26\\\/carevic-tesko-je-igrati-protiv-spanjolske-ako-te-ubaci-u-svoju-masinu\\\/\",\"url\":\"https:\\\/\\\/radioljubuski.ba\\\/index.php\\\/2021\\\/06\\\/26\\\/carevic-tesko-je-igrati-protiv-spanjolske-ako-te-ubaci-u-svoju-masinu\\\/\",\"name\":\"Carevi\u0107: Te\u0161ko je igrati protiv \u0160panjolske ako te ubaci u svoju \\\"ma\u0161inu\\\" - RADIO LJUBU\u0160KI\",\"isPartOf\":{\"@id\":\"https:\\\/\\\/radioljubuski.ba\\\/#website\"},\"primaryImageOfPage\":{\"@id\":\"https:\\\/\\\/radioljubuski.ba\\\/index.php\\\/2021\\\/06\\\/26\\\/carevic-tesko-je-igrati-protiv-spanjolske-ako-te-ubaci-u-svoju-masinu\\\/#primaryimage\"},\"image\":{\"@id\":\"https:\\\/\\\/radioljubuski.ba\\\/index.php\\\/2021\\\/06\\\/26\\\/carevic-tesko-je-igrati-protiv-spanjolske-ako-te-ubaci-u-svoju-masinu\\\/#primaryimage\"},\"thumbnailUrl\":\"https:\\\/\\\/radioljubuski.ba\\\/wp-content\\\/uploads\\\/2021\\\/06\\\/t-carevic-spanjoslska-europeo-20210625184520.jpg\",\"datePublished\":\"2021-06-26T00:15:41+00:00\",\"dateModified\":\"2021-06-26T00:15:42+00:00\",\"breadcrumb\":{\"@id\":\"https:\\\/\\\/radioljubuski.ba\\\/index.php\\\/2021\\\/06\\\/26\\\/carevic-tesko-je-igrati-protiv-spanjolske-ako-te-ubaci-u-svoju-masinu\\\/#breadcrumb\"},\"inLanguage\":\"hr\",\"potentialAction\":[{\"@type\":\"ReadAction\",\"target\":[\"https:\\\/\\\/radioljubuski.ba\\\/index.php\\\/2021\\\/06\\\/26\\\/carevic-tesko-je-igrati-protiv-spanjolske-ako-te-ubaci-u-svoju-masinu\\\/\"]}]},{\"@type\":\"ImageObject\",\"inLanguage\":\"hr\",\"@id\":\"https:\\\/\\\/radioljubuski.ba\\\/index.php\\\/2021\\\/06\\\/26\\\/carevic-tesko-je-igrati-protiv-spanjolske-ako-te-ubaci-u-svoju-masinu\\\/#primaryimage\",\"url\":\"https:\\\/\\\/radioljubuski.ba\\\/wp-content\\\/uploads\\\/2021\\\/06\\\/t-carevic-spanjoslska-europeo-20210625184520.jpg\",\"contentUrl\":\"https:\\\/\\\/radioljubuski.ba\\\/wp-content\\\/uploads\\\/2021\\\/06\\\/t-carevic-spanjoslska-europeo-20210625184520.jpg\",\"width\":1920,\"height\":1080},{\"@type\":\"BreadcrumbList\",\"@id\":\"https:\\\/\\\/radioljubuski.ba\\\/index.php\\\/2021\\\/06\\\/26\\\/carevic-tesko-je-igrati-protiv-spanjolske-ako-te-ubaci-u-svoju-masinu\\\/#breadcrumb\",\"itemListElement\":[{\"@type\":\"ListItem\",\"position\":1,\"name\":\"Po\u010detna stranica\",\"item\":\"https:\\\/\\\/radioljubuski.ba\\\/\"},{\"@type\":\"ListItem\",\"position\":2,\"name\":\"Carevi\u0107: Te\u0161ko je igrati protiv \u0160panjolske ako te ubaci u svoju &#8220;ma\u0161inu&#8221;\"}]},{\"@type\":\"WebSite\",\"@id\":\"https:\\\/\\\/radioljubuski.ba\\\/#website\",\"url\":\"https:\\\/\\\/radioljubuski.ba\\\/\",\"name\":\"Radio Ljubu\u0161ki\",\"description\":\"Sun\u010dana frekvencija Hercegovine\",\"publisher\":{\"@id\":\"https:\\\/\\\/radioljubuski.ba\\\/#organization\"},\"potentialAction\":[{\"@type\":\"SearchAction\",\"target\":{\"@type\":\"EntryPoint\",\"urlTemplate\":\"https:\\\/\\\/radioljubuski.ba\\\/?s={search_term_string}\"},\"query-input\":{\"@type\":\"PropertyValueSpecification\",\"valueRequired\":true,\"valueName\":\"search_term_string\"}}],\"inLanguage\":\"hr\"},{\"@type\":\"Organization\",\"@id\":\"https:\\\/\\\/radioljubuski.ba\\\/#organization\",\"name\":\"Radio Ljubu\u0161ki\",\"url\":\"https:\\\/\\\/radioljubuski.ba\\\/\",\"logo\":{\"@type\":\"ImageObject\",\"inLanguage\":\"hr\",\"@id\":\"https:\\\/\\\/radioljubuski.ba\\\/#\\\/schema\\\/logo\\\/image\\\/\",\"url\":\"https:\\\/\\\/radioljubuski.ba\\\/wp-content\\\/uploads\\\/2021\\\/02\\\/cropped-Radio_Ljubuski_logo1.jpg\",\"contentUrl\":\"https:\\\/\\\/radioljubuski.ba\\\/wp-content\\\/uploads\\\/2021\\\/02\\\/cropped-Radio_Ljubuski_logo1.jpg\",\"width\":512,\"height\":512,\"caption\":\"Radio Ljubu\u0161ki\"},\"image\":{\"@id\":\"https:\\\/\\\/radioljubuski.ba\\\/#\\\/schema\\\/logo\\\/image\\\/\"},\"sameAs\":[\"https:\\\/\\\/www.facebook.com\\\/Radiio-Ljubuski-1490835324566332\",\"https:\\\/\\\/x.com\\\/radioljubuski\",\"https:\\\/\\\/hr.linkedin.com\\\/company\\\/radio-ljubuski\",\"https:\\\/\\\/www.youtube.com\\\/channel\\\/UCHYaeO_n0Db3tjNGudGpXyw\"]},{\"@type\":\"Person\",\"@id\":\"https:\\\/\\\/radioljubuski.ba\\\/#\\\/schema\\\/person\\\/19fc700381a780f69665d7956c469e3b\",\"name\":\"Radio Ljubu\u0161ki\"}]}<\/script>\n<!-- \/ Yoast SEO plugin. -->","yoast_head_json":{"title":"Carevi\u0107: Te\u0161ko je igrati protiv \u0160panjolske ako te ubaci u svoju \"ma\u0161inu\" - RADIO LJUBU\u0160KI","robots":{"index":"index","follow":"follow","max-snippet":"max-snippet:-1","max-image-preview":"max-image-preview:large","max-video-preview":"max-video-preview:-1"},"canonical":"https:\/\/radioljubuski.ba\/index.php\/2021\/06\/26\/carevic-tesko-je-igrati-protiv-spanjolske-ako-te-ubaci-u-svoju-masinu\/","og_locale":"hr_HR","og_type":"article","og_title":"Carevi\u0107: Te\u0161ko je igrati protiv \u0160panjolske ako te ubaci u svoju \"ma\u0161inu\" - RADIO LJUBU\u0160KI","og_description":"Uo\u010di nastavka Europskog nogometnog prvenstva i osmine finala, stru\u010dni komentatori HRT-a Anton Samovojska i Mario Carevi\u0107 komentirali su u emisiji Europeo parove te stanje u hrvatskoj reprezentaciji. &#8211; Ostale su najbolje reprezentacije, veselimo se osmini finala. Na\u017ealost, neki od favorita \u0107e ispasti jer igraju me\u0111usobno, ali bit \u0107e sve zanimljivo popratiti, rekao je Carevi\u0107. &#8211; [&hellip;]","og_url":"https:\/\/radioljubuski.ba\/index.php\/2021\/06\/26\/carevic-tesko-je-igrati-protiv-spanjolske-ako-te-ubaci-u-svoju-masinu\/","og_site_name":"RADIO LJUBU\u0160KI","article_publisher":"https:\/\/www.facebook.com\/Radiio-Ljubuski-1490835324566332","article_published_time":"2021-06-26T00:15:41+00:00","article_modified_time":"2021-06-26T00:15:42+00:00","og_image":[{"width":1920,"height":1080,"url":"https:\/\/radioljubuski.ba\/wp-content\/uploads\/2021\/06\/t-carevic-spanjoslska-europeo-20210625184520.jpg","type":"image\/jpeg"}],"author":"Radio Ljubu\u0161ki","twitter_card":"summary_large_image","twitter_creator":"@radioljubuski","twitter_site":"@radioljubuski","twitter_misc":{"Napisao\/la":"Radio Ljubu\u0161ki","Procijenjeno vrijeme \u010ditanja":"2 minute"},"schema":{"@context":"https:\/\/schema.org","@graph":[{"@type":"Article","@id":"https:\/\/radioljubuski.ba\/index.php\/2021\/06\/26\/carevic-tesko-je-igrati-protiv-spanjolske-ako-te-ubaci-u-svoju-masinu\/#article","isPartOf":{"@id":"https:\/\/radioljubuski.ba\/index.php\/2021\/06\/26\/carevic-tesko-je-igrati-protiv-spanjolske-ako-te-ubaci-u-svoju-masinu\/"},"author":{"name":"Radio Ljubu\u0161ki","@id":"https:\/\/radioljubuski.ba\/#\/schema\/person\/19fc700381a780f69665d7956c469e3b"},"headline":"Carevi\u0107: Te\u0161ko je igrati protiv \u0160panjolske ako te ubaci u svoju &#8220;ma\u0161inu&#8221;","datePublished":"2021-06-26T00:15:41+00:00","dateModified":"2021-06-26T00:15:42+00:00","mainEntityOfPage":{"@id":"https:\/\/radioljubuski.ba\/index.php\/2021\/06\/26\/carevic-tesko-je-igrati-protiv-spanjolske-ako-te-ubaci-u-svoju-masinu\/"},"wordCount":486,"publisher":{"@id":"https:\/\/radioljubuski.ba\/#organization"},"image":{"@id":"https:\/\/radioljubuski.ba\/index.php\/2021\/06\/26\/carevic-tesko-je-igrati-protiv-spanjolske-ako-te-ubaci-u-svoju-masinu\/#primaryimage"},"thumbnailUrl":"https:\/\/radioljubuski.ba\/wp-content\/uploads\/2021\/06\/t-carevic-spanjoslska-europeo-20210625184520.jpg","articleSection":["\u0160port"],"inLanguage":"hr"},{"@type":"WebPage","@id":"https:\/\/radioljubuski.ba\/index.php\/2021\/06\/26\/carevic-tesko-je-igrati-protiv-spanjolske-ako-te-ubaci-u-svoju-masinu\/","url":"https:\/\/radioljubuski.ba\/index.php\/2021\/06\/26\/carevic-tesko-je-igrati-protiv-spanjolske-ako-te-ubaci-u-svoju-masinu\/","name":"Carevi\u0107: Te\u0161ko je igrati protiv \u0160panjolske ako te ubaci u svoju \"ma\u0161inu\" - RADIO LJUBU\u0160KI","isPartOf":{"@id":"https:\/\/radioljubuski.ba\/#website"},"primaryImageOfPage":{"@id":"https:\/\/radioljubuski.ba\/index.php\/2021\/06\/26\/carevic-tesko-je-igrati-protiv-spanjolske-ako-te-ubaci-u-svoju-masinu\/#primaryimage"},"image":{"@id":"https:\/\/radioljubuski.ba\/index.php\/2021\/06\/26\/carevic-tesko-je-igrati-protiv-spanjolske-ako-te-ubaci-u-svoju-masinu\/#primaryimage"},"thumbnailUrl":"https:\/\/radioljubuski.ba\/wp-content\/uploads\/2021\/06\/t-carevic-spanjoslska-europeo-20210625184520.jpg","datePublished":"2021-06-26T00:15:41+00:00","dateModified":"2021-06-26T00:15:42+00:00","breadcrumb":{"@id":"https:\/\/radioljubuski.ba\/index.php\/2021\/06\/26\/carevic-tesko-je-igrati-protiv-spanjolske-ako-te-ubaci-u-svoju-masinu\/#breadcrumb"},"inLanguage":"hr","potentialAction":[{"@type":"ReadAction","target":["https:\/\/radioljubuski.ba\/index.php\/2021\/06\/26\/carevic-tesko-je-igrati-protiv-spanjolske-ako-te-ubaci-u-svoju-masinu\/"]}]},{"@type":"ImageObject","inLanguage":"hr","@id":"https:\/\/radioljubuski.ba\/index.php\/2021\/06\/26\/carevic-tesko-je-igrati-protiv-spanjolske-ako-te-ubaci-u-svoju-masinu\/#primaryimage","url":"https:\/\/radioljubuski.ba\/wp-content\/uploads\/2021\/06\/t-carevic-spanjoslska-europeo-20210625184520.jpg","contentUrl":"https:\/\/radioljubuski.ba\/wp-content\/uploads\/2021\/06\/t-carevic-spanjoslska-europeo-20210625184520.jpg","width":1920,"height":1080},{"@type":"BreadcrumbList","@id":"https:\/\/radioljubuski.ba\/index.php\/2021\/06\/26\/carevic-tesko-je-igrati-protiv-spanjolske-ako-te-ubaci-u-svoju-masinu\/#breadcrumb","itemListElement":[{"@type":"ListItem","position":1,"name":"Po\u010detna stranica","item":"https:\/\/radioljubuski.ba\/"},{"@type":"ListItem","position":2,"name":"Carevi\u0107: Te\u0161ko je igrati protiv \u0160panjolske ako te ubaci u svoju &#8220;ma\u0161inu&#8221;"}]},{"@type":"WebSite","@id":"https:\/\/radioljubuski.ba\/#website","url":"https:\/\/radioljubuski.ba\/","name":"Radio Ljubu\u0161ki","description":"Sun\u010dana frekvencija Hercegovine","publisher":{"@id":"https:\/\/radioljubuski.ba\/#organization"},"potentialAction":[{"@type":"SearchAction","target":{"@type":"EntryPoint","urlTemplate":"https:\/\/radioljubuski.ba\/?s={search_term_string}"},"query-input":{"@type":"PropertyValueSpecification","valueRequired":true,"valueName":"search_term_string"}}],"inLanguage":"hr"},{"@type":"Organization","@id":"https:\/\/radioljubuski.ba\/#organization","name":"Radio Ljubu\u0161ki","url":"https:\/\/radioljubuski.ba\/","logo":{"@type":"ImageObject","inLanguage":"hr","@id":"https:\/\/radioljubuski.ba\/#\/schema\/logo\/image\/","url":"https:\/\/radioljubuski.ba\/wp-content\/uploads\/2021\/02\/cropped-Radio_Ljubuski_logo1.jpg","contentUrl":"https:\/\/radioljubuski.ba\/wp-content\/uploads\/2021\/02\/cropped-Radio_Ljubuski_logo1.jpg","width":512,"height":512,"caption":"Radio Ljubu\u0161ki"},"image":{"@id":"https:\/\/radioljubuski.ba\/#\/schema\/logo\/image\/"},"sameAs":["https:\/\/www.facebook.com\/Radiio-Ljubuski-1490835324566332","https:\/\/x.com\/radioljubuski","https:\/\/hr.linkedin.com\/company\/radio-ljubuski","https:\/\/www.youtube.com\/channel\/UCHYaeO_n0Db3tjNGudGpXyw"]},{"@type":"Person","@id":"https:\/\/radioljubuski.ba\/#\/schema\/person\/19fc700381a780f69665d7956c469e3b","name":"Radio Ljubu\u0161ki"}]}},"_links":{"self":[{"href":"https:\/\/radioljubuski.ba\/index.php\/wp-json\/wp\/v2\/posts\/35969","targetHints":{"allow":["GET"]}}],"collection":[{"href":"https:\/\/radioljubuski.ba\/index.php\/wp-json\/wp\/v2\/posts"}],"about":[{"href":"https:\/\/radioljubuski.ba\/index.php\/wp-json\/wp\/v2\/types\/post"}],"author":[{"embeddable":true,"href":"https:\/\/radioljubuski.ba\/index.php\/wp-json\/wp\/v2\/users\/2"}],"replies":[{"embeddable":true,"href":"https:\/\/radioljubuski.ba\/index.php\/wp-json\/wp\/v2\/comments?post=35969"}],"version-history":[{"count":1,"href":"https:\/\/radioljubuski.ba\/index.php\/wp-json\/wp\/v2\/posts\/35969\/revisions"}],"predecessor-version":[{"id":35971,"href":"https:\/\/radioljubuski.ba\/index.php\/wp-json\/wp\/v2\/posts\/35969\/revisions\/35971"}],"wp:featuredmedia":[{"embeddable":true,"href":"https:\/\/radioljubuski.ba\/index.php\/wp-json\/wp\/v2\/media\/35970"}],"wp:attachment":[{"href":"https:\/\/radioljubuski.ba\/index.php\/wp-json\/wp\/v2\/media?parent=35969"}],"wp:term":[{"taxonomy":"category","embeddable":true,"href":"https:\/\/radioljubuski.ba\/index.php\/wp-json\/wp\/v2\/categories?post=35969"},{"taxonomy":"post_tag","embeddable":true,"href":"https:\/\/radioljubuski.ba\/index.php\/wp-json\/wp\/v2\/tags?post=35969"}],"curies":[{"name":"wp","href":"https:\/\/api.w.org\/{rel}","templated":true}]}}