{"id":35985,"date":"2021-06-26T10:18:14","date_gmt":"2021-06-26T09:18:14","guid":{"rendered":"https:\/\/radioljubuski.ba\/?p=35985"},"modified":"2021-06-26T10:18:15","modified_gmt":"2021-06-26T09:18:15","slug":"bitcoin-vrijedi-tocno-nula","status":"publish","type":"post","link":"https:\/\/radioljubuski.ba\/index.php\/2021\/06\/26\/bitcoin-vrijedi-tocno-nula\/","title":{"rendered":"&#8220;Bitcoin vrijedi to\u010dno &#8211; nula&#8221;"},"content":{"rendered":"\n<p>Autor knjige Crni labud\u00a0Nassim Taleb poja\u010dao je svoje kritike Bitcoina.<\/p>\n\n\n\n<p>Ovog puta&nbsp;rekao je da ova kriptovaluta &#8220;vrijedi to\u010dno nula&#8221; i da nema dokaza da je blockchain korisna tehnologija.<\/p>\n\n\n\n<p>U svom skora\u0161njem nacrtu \u010dlanka pod nazivom &#8220;Bitcoin, valute i baloni&#8221; (Bitcoin, Currencies, and Bubbles) Taleb je izlo\u017eio \u010detiri argumenta protiv kriptovaluta, a \u010dlanak je promovirao na Twitteru gdje ima 743.000 pratitelja.<\/p>\n\n\n\n<p>Autor navodi da, usprkos uzbu\u0111enju, bitcoin nije uspio zadovoljiti pojam &#8220;valute bez vlade&#8221;. Zapravo, navodi Taleb, bitcoin je dokazao da \u010dak i nije valuta.<\/p>\n\n\n\n<p>&#8220;Totalni neuspjeh bitcoina u nastojanju da postane valuta maskiran je inflacijom vrijednosti valute, generiraju\u0107i &#8216;paper&#8217; profit za dovoljno veliki broj ljudi da u\u0111u u diskurs puno ispred njegove korisnosti\u201c, rekao je on.<\/p>\n\n\n\n<p>Talebova druga kritika govori o tome da bitcoin ne mo\u017ee biti ni kratkoro\u010dno ni dugoro\u010dno skladi\u0161te vrijednosti. Iskoristio je usporedbu zlata naspram bitcoina, za \u0161to&nbsp;je rekao da je lo\u0161a usporedba s ciljem ilustriranja vlastite poante.<\/p>\n\n\n\n<p>&#8220;Zlato i drugi plemeniti metali uglavnom ne zahtijevaju odr\u017eavanje, ne propadaju kroz povijesni horizont i ne zahtijevaju odr\u017eavanje kako bi se njihova fizi\u010dka svojstva osvje\u017eavala tijekom vremena&#8221;, naveo je.<\/p>\n\n\n\n<p>Njegove posljednje dvije to\u010dke govore o tome da bitcoin nije pouzdana za\u0161tita od inflacije, \u0161to je protivno vi\u0111enjima nekih analiti\u010dara, i da nije sigurno uto\u010di\u0161te za investitore &#8211; bilo da \u017eele za\u0161titu od tiranije vlade, bilo zbog drugih katastrofa.<\/p>\n\n\n\n<p>&#8220;Ni izdaleka&#8221;, rekao je, pozivaju\u0107i se na tr\u017ei\u0161nu paniku iz o\u017eujka pro\u0161le godine kada je bitcoin potonuo, kao i na nedavna pla\u0107anja otkupnine koja su uslijedila nakon cyber napada na Colonial Pipeline, kojem su vlasti uspjele u\u0107i u trag.<\/p>\n\n\n\n<p>&#8220;Vladine strukture i ra\u010dunalna snaga ostat \u0107e ja\u010de nego one distribuiranih operatora koji, zato \u0161to ne vjeruju jedni drugima, mogu postati plijen jednostavnim prevarama&#8221;, dodao je.<\/p>\n\n\n\n<p>Taleb je ina\u010de glasni&nbsp;kriti\u010dar bitcoina, ali je u ovom \u010dlanku kritizirao i tehnologiju na koju se bitcoin oslanja. Istaknuo je ono \u0161to on smatra manjkom korisnosti blockchain tehnologije, prenosi Business Insider.<\/p>\n\n\n\n<p>&#8220;Nema dokaza da dobivamo sjajnu tehnologiju &#8211; osim ako &#8216;sjajna tehnologija&#8217; ne zna\u010di &#8216;korisno'&#8221;, naveo je Taleb i nastavio:<\/p>\n\n\n\n<p>&#8220;I uradili smo, u vrijeme pisanja \u010dlanka, usprkos svoj pompi, skoro ni\u0161ta s&nbsp;blockchainom&#8221;.<\/p>\n\n\n\n<p>U travnju je Taleb je za CNBC rekao da je bitcoin &#8216;otvorena Poncijeva shema&#8217;&nbsp;i neuspjela valuta.<\/p>\n\n\n\n<p>Ipak, Taleb nije oduvijek bio protiv bitcoina. 2017. je napisao predgovor za knjigu &#8220;Bitcoin standard&#8221;.<\/p>\n\n\n\n<p>Tada je napisao da je bitcoin &#8216;odli\u010dna ideja&#8217; jer &#8220;ispunjava potrebe kompleksnog sistema &#8230; budu\u0107i da nema vlasnika i vlast koja mo\u017ee odlu\u010divati o njegovoj sudbini&#8221;.<\/p>\n\n\n\n<p>Izvor: Dnevnik.ba<\/p>\n","protected":false},"excerpt":{"rendered":"<p>Autor knjige Crni labud\u00a0Nassim Taleb poja\u010dao je svoje kritike Bitcoina. Ovog puta&nbsp;rekao je da ova kriptovaluta &#8220;vrijedi to\u010dno nula&#8221; i da nema dokaza da je blockchain korisna tehnologija. U svom skora\u0161njem nacrtu \u010dlanka pod nazivom &#8220;Bitcoin, valute i baloni&#8221; (Bitcoin, Currencies, and Bubbles) Taleb je izlo\u017eio \u010detiri argumenta protiv kriptovaluta, a \u010dlanak je promovirao na [&hellip;]<\/p>\n","protected":false},"author":2,"featured_media":5311,"comment_status":"closed","ping_status":"closed","sticky":false,"template":"","format":"standard","meta":{"h5ap_radio_sources":[],"footnotes":""},"categories":[1],"tags":[],"class_list":["post-35985","post","type-post","status-publish","format-standard","has-post-thumbnail","hentry","category-bihiregija"],"yoast_head":"<!-- This site is optimized with the Yoast SEO plugin v27.5 - https:\/\/yoast.com\/product\/yoast-seo-wordpress\/ -->\n<title>&quot;Bitcoin vrijedi to\u010dno - nula&quot; - RADIO LJUBU\u0160KI<\/title>\n<meta name=\"robots\" content=\"index, follow, max-snippet:-1, max-image-preview:large, max-video-preview:-1\" \/>\n<link rel=\"canonical\" href=\"https:\/\/radioljubuski.ba\/index.php\/2021\/06\/26\/bitcoin-vrijedi-tocno-nula\/\" \/>\n<meta property=\"og:locale\" content=\"hr_HR\" \/>\n<meta property=\"og:type\" content=\"article\" \/>\n<meta property=\"og:title\" content=\"&quot;Bitcoin vrijedi to\u010dno - nula&quot; - RADIO LJUBU\u0160KI\" \/>\n<meta property=\"og:description\" content=\"Autor knjige Crni labud\u00a0Nassim Taleb poja\u010dao je svoje kritike Bitcoina. Ovog puta&nbsp;rekao je da ova kriptovaluta &#8220;vrijedi to\u010dno nula&#8221; i da nema dokaza da je blockchain korisna tehnologija. U svom skora\u0161njem nacrtu \u010dlanka pod nazivom &#8220;Bitcoin, valute i baloni&#8221; (Bitcoin, Currencies, and Bubbles) Taleb je izlo\u017eio \u010detiri argumenta protiv kriptovaluta, a \u010dlanak je promovirao na [&hellip;]\" \/>\n<meta property=\"og:url\" content=\"https:\/\/radioljubuski.ba\/index.php\/2021\/06\/26\/bitcoin-vrijedi-tocno-nula\/\" \/>\n<meta property=\"og:site_name\" content=\"RADIO LJUBU\u0160KI\" \/>\n<meta property=\"article:publisher\" content=\"https:\/\/www.facebook.com\/Radiio-Ljubuski-1490835324566332\" \/>\n<meta property=\"article:published_time\" content=\"2021-06-26T09:18:14+00:00\" \/>\n<meta property=\"article:modified_time\" content=\"2021-06-26T09:18:15+00:00\" \/>\n<meta property=\"og:image\" content=\"https:\/\/radioljubuski.ba\/wp-content\/uploads\/2021\/03\/bitcoin.jpg\" \/>\n\t<meta property=\"og:image:width\" content=\"1200\" \/>\n\t<meta property=\"og:image:height\" content=\"675\" \/>\n\t<meta property=\"og:image:type\" content=\"image\/jpeg\" \/>\n<meta name=\"author\" content=\"Radio Ljubu\u0161ki\" \/>\n<meta name=\"twitter:card\" content=\"summary_large_image\" \/>\n<meta name=\"twitter:creator\" content=\"@radioljubuski\" \/>\n<meta name=\"twitter:site\" content=\"@radioljubuski\" \/>\n<meta name=\"twitter:label1\" content=\"Napisao\/la\" \/>\n\t<meta name=\"twitter:data1\" content=\"Radio Ljubu\u0161ki\" \/>\n\t<meta name=\"twitter:label2\" content=\"Procijenjeno vrijeme \u010ditanja\" \/>\n\t<meta name=\"twitter:data2\" content=\"2 minute\" \/>\n<script type=\"application\/ld+json\" class=\"yoast-schema-graph\">{\"@context\":\"https:\\\/\\\/schema.org\",\"@graph\":[{\"@type\":\"Article\",\"@id\":\"https:\\\/\\\/radioljubuski.ba\\\/index.php\\\/2021\\\/06\\\/26\\\/bitcoin-vrijedi-tocno-nula\\\/#article\",\"isPartOf\":{\"@id\":\"https:\\\/\\\/radioljubuski.ba\\\/index.php\\\/2021\\\/06\\\/26\\\/bitcoin-vrijedi-tocno-nula\\\/\"},\"author\":{\"name\":\"Radio Ljubu\u0161ki\",\"@id\":\"https:\\\/\\\/radioljubuski.ba\\\/#\\\/schema\\\/person\\\/19fc700381a780f69665d7956c469e3b\"},\"headline\":\"&#8220;Bitcoin vrijedi to\u010dno &#8211; nula&#8221;\",\"datePublished\":\"2021-06-26T09:18:14+00:00\",\"dateModified\":\"2021-06-26T09:18:15+00:00\",\"mainEntityOfPage\":{\"@id\":\"https:\\\/\\\/radioljubuski.ba\\\/index.php\\\/2021\\\/06\\\/26\\\/bitcoin-vrijedi-tocno-nula\\\/\"},\"wordCount\":461,\"publisher\":{\"@id\":\"https:\\\/\\\/radioljubuski.ba\\\/#organization\"},\"image\":{\"@id\":\"https:\\\/\\\/radioljubuski.ba\\\/index.php\\\/2021\\\/06\\\/26\\\/bitcoin-vrijedi-tocno-nula\\\/#primaryimage\"},\"thumbnailUrl\":\"https:\\\/\\\/radioljubuski.ba\\\/wp-content\\\/uploads\\\/2021\\\/03\\\/bitcoin.jpg\",\"articleSection\":[\"BIH i regija\"],\"inLanguage\":\"hr\"},{\"@type\":\"WebPage\",\"@id\":\"https:\\\/\\\/radioljubuski.ba\\\/index.php\\\/2021\\\/06\\\/26\\\/bitcoin-vrijedi-tocno-nula\\\/\",\"url\":\"https:\\\/\\\/radioljubuski.ba\\\/index.php\\\/2021\\\/06\\\/26\\\/bitcoin-vrijedi-tocno-nula\\\/\",\"name\":\"\\\"Bitcoin vrijedi to\u010dno - nula\\\" - RADIO LJUBU\u0160KI\",\"isPartOf\":{\"@id\":\"https:\\\/\\\/radioljubuski.ba\\\/#website\"},\"primaryImageOfPage\":{\"@id\":\"https:\\\/\\\/radioljubuski.ba\\\/index.php\\\/2021\\\/06\\\/26\\\/bitcoin-vrijedi-tocno-nula\\\/#primaryimage\"},\"image\":{\"@id\":\"https:\\\/\\\/radioljubuski.ba\\\/index.php\\\/2021\\\/06\\\/26\\\/bitcoin-vrijedi-tocno-nula\\\/#primaryimage\"},\"thumbnailUrl\":\"https:\\\/\\\/radioljubuski.ba\\\/wp-content\\\/uploads\\\/2021\\\/03\\\/bitcoin.jpg\",\"datePublished\":\"2021-06-26T09:18:14+00:00\",\"dateModified\":\"2021-06-26T09:18:15+00:00\",\"breadcrumb\":{\"@id\":\"https:\\\/\\\/radioljubuski.ba\\\/index.php\\\/2021\\\/06\\\/26\\\/bitcoin-vrijedi-tocno-nula\\\/#breadcrumb\"},\"inLanguage\":\"hr\",\"potentialAction\":[{\"@type\":\"ReadAction\",\"target\":[\"https:\\\/\\\/radioljubuski.ba\\\/index.php\\\/2021\\\/06\\\/26\\\/bitcoin-vrijedi-tocno-nula\\\/\"]}]},{\"@type\":\"ImageObject\",\"inLanguage\":\"hr\",\"@id\":\"https:\\\/\\\/radioljubuski.ba\\\/index.php\\\/2021\\\/06\\\/26\\\/bitcoin-vrijedi-tocno-nula\\\/#primaryimage\",\"url\":\"https:\\\/\\\/radioljubuski.ba\\\/wp-content\\\/uploads\\\/2021\\\/03\\\/bitcoin.jpg\",\"contentUrl\":\"https:\\\/\\\/radioljubuski.ba\\\/wp-content\\\/uploads\\\/2021\\\/03\\\/bitcoin.jpg\",\"width\":1200,\"height\":675},{\"@type\":\"BreadcrumbList\",\"@id\":\"https:\\\/\\\/radioljubuski.ba\\\/index.php\\\/2021\\\/06\\\/26\\\/bitcoin-vrijedi-tocno-nula\\\/#breadcrumb\",\"itemListElement\":[{\"@type\":\"ListItem\",\"position\":1,\"name\":\"Po\u010detna stranica\",\"item\":\"https:\\\/\\\/radioljubuski.ba\\\/\"},{\"@type\":\"ListItem\",\"position\":2,\"name\":\"&#8220;Bitcoin vrijedi to\u010dno &#8211; nula&#8221;\"}]},{\"@type\":\"WebSite\",\"@id\":\"https:\\\/\\\/radioljubuski.ba\\\/#website\",\"url\":\"https:\\\/\\\/radioljubuski.ba\\\/\",\"name\":\"Radio Ljubu\u0161ki\",\"description\":\"Sun\u010dana frekvencija Hercegovine\",\"publisher\":{\"@id\":\"https:\\\/\\\/radioljubuski.ba\\\/#organization\"},\"potentialAction\":[{\"@type\":\"SearchAction\",\"target\":{\"@type\":\"EntryPoint\",\"urlTemplate\":\"https:\\\/\\\/radioljubuski.ba\\\/?s={search_term_string}\"},\"query-input\":{\"@type\":\"PropertyValueSpecification\",\"valueRequired\":true,\"valueName\":\"search_term_string\"}}],\"inLanguage\":\"hr\"},{\"@type\":\"Organization\",\"@id\":\"https:\\\/\\\/radioljubuski.ba\\\/#organization\",\"name\":\"Radio Ljubu\u0161ki\",\"url\":\"https:\\\/\\\/radioljubuski.ba\\\/\",\"logo\":{\"@type\":\"ImageObject\",\"inLanguage\":\"hr\",\"@id\":\"https:\\\/\\\/radioljubuski.ba\\\/#\\\/schema\\\/logo\\\/image\\\/\",\"url\":\"https:\\\/\\\/radioljubuski.ba\\\/wp-content\\\/uploads\\\/2021\\\/02\\\/cropped-Radio_Ljubuski_logo1.jpg\",\"contentUrl\":\"https:\\\/\\\/radioljubuski.ba\\\/wp-content\\\/uploads\\\/2021\\\/02\\\/cropped-Radio_Ljubuski_logo1.jpg\",\"width\":512,\"height\":512,\"caption\":\"Radio Ljubu\u0161ki\"},\"image\":{\"@id\":\"https:\\\/\\\/radioljubuski.ba\\\/#\\\/schema\\\/logo\\\/image\\\/\"},\"sameAs\":[\"https:\\\/\\\/www.facebook.com\\\/Radiio-Ljubuski-1490835324566332\",\"https:\\\/\\\/x.com\\\/radioljubuski\",\"https:\\\/\\\/hr.linkedin.com\\\/company\\\/radio-ljubuski\",\"https:\\\/\\\/www.youtube.com\\\/channel\\\/UCHYaeO_n0Db3tjNGudGpXyw\"]},{\"@type\":\"Person\",\"@id\":\"https:\\\/\\\/radioljubuski.ba\\\/#\\\/schema\\\/person\\\/19fc700381a780f69665d7956c469e3b\",\"name\":\"Radio Ljubu\u0161ki\"}]}<\/script>\n<!-- \/ Yoast SEO plugin. -->","yoast_head_json":{"title":"\"Bitcoin vrijedi to\u010dno - nula\" - RADIO LJUBU\u0160KI","robots":{"index":"index","follow":"follow","max-snippet":"max-snippet:-1","max-image-preview":"max-image-preview:large","max-video-preview":"max-video-preview:-1"},"canonical":"https:\/\/radioljubuski.ba\/index.php\/2021\/06\/26\/bitcoin-vrijedi-tocno-nula\/","og_locale":"hr_HR","og_type":"article","og_title":"\"Bitcoin vrijedi to\u010dno - nula\" - RADIO LJUBU\u0160KI","og_description":"Autor knjige Crni labud\u00a0Nassim Taleb poja\u010dao je svoje kritike Bitcoina. Ovog puta&nbsp;rekao je da ova kriptovaluta &#8220;vrijedi to\u010dno nula&#8221; i da nema dokaza da je blockchain korisna tehnologija. U svom skora\u0161njem nacrtu \u010dlanka pod nazivom &#8220;Bitcoin, valute i baloni&#8221; (Bitcoin, Currencies, and Bubbles) Taleb je izlo\u017eio \u010detiri argumenta protiv kriptovaluta, a \u010dlanak je promovirao na [&hellip;]","og_url":"https:\/\/radioljubuski.ba\/index.php\/2021\/06\/26\/bitcoin-vrijedi-tocno-nula\/","og_site_name":"RADIO LJUBU\u0160KI","article_publisher":"https:\/\/www.facebook.com\/Radiio-Ljubuski-1490835324566332","article_published_time":"2021-06-26T09:18:14+00:00","article_modified_time":"2021-06-26T09:18:15+00:00","og_image":[{"width":1200,"height":675,"url":"https:\/\/radioljubuski.ba\/wp-content\/uploads\/2021\/03\/bitcoin.jpg","type":"image\/jpeg"}],"author":"Radio Ljubu\u0161ki","twitter_card":"summary_large_image","twitter_creator":"@radioljubuski","twitter_site":"@radioljubuski","twitter_misc":{"Napisao\/la":"Radio Ljubu\u0161ki","Procijenjeno vrijeme \u010ditanja":"2 minute"},"schema":{"@context":"https:\/\/schema.org","@graph":[{"@type":"Article","@id":"https:\/\/radioljubuski.ba\/index.php\/2021\/06\/26\/bitcoin-vrijedi-tocno-nula\/#article","isPartOf":{"@id":"https:\/\/radioljubuski.ba\/index.php\/2021\/06\/26\/bitcoin-vrijedi-tocno-nula\/"},"author":{"name":"Radio Ljubu\u0161ki","@id":"https:\/\/radioljubuski.ba\/#\/schema\/person\/19fc700381a780f69665d7956c469e3b"},"headline":"&#8220;Bitcoin vrijedi to\u010dno &#8211; nula&#8221;","datePublished":"2021-06-26T09:18:14+00:00","dateModified":"2021-06-26T09:18:15+00:00","mainEntityOfPage":{"@id":"https:\/\/radioljubuski.ba\/index.php\/2021\/06\/26\/bitcoin-vrijedi-tocno-nula\/"},"wordCount":461,"publisher":{"@id":"https:\/\/radioljubuski.ba\/#organization"},"image":{"@id":"https:\/\/radioljubuski.ba\/index.php\/2021\/06\/26\/bitcoin-vrijedi-tocno-nula\/#primaryimage"},"thumbnailUrl":"https:\/\/radioljubuski.ba\/wp-content\/uploads\/2021\/03\/bitcoin.jpg","articleSection":["BIH i regija"],"inLanguage":"hr"},{"@type":"WebPage","@id":"https:\/\/radioljubuski.ba\/index.php\/2021\/06\/26\/bitcoin-vrijedi-tocno-nula\/","url":"https:\/\/radioljubuski.ba\/index.php\/2021\/06\/26\/bitcoin-vrijedi-tocno-nula\/","name":"\"Bitcoin vrijedi to\u010dno - nula\" - RADIO LJUBU\u0160KI","isPartOf":{"@id":"https:\/\/radioljubuski.ba\/#website"},"primaryImageOfPage":{"@id":"https:\/\/radioljubuski.ba\/index.php\/2021\/06\/26\/bitcoin-vrijedi-tocno-nula\/#primaryimage"},"image":{"@id":"https:\/\/radioljubuski.ba\/index.php\/2021\/06\/26\/bitcoin-vrijedi-tocno-nula\/#primaryimage"},"thumbnailUrl":"https:\/\/radioljubuski.ba\/wp-content\/uploads\/2021\/03\/bitcoin.jpg","datePublished":"2021-06-26T09:18:14+00:00","dateModified":"2021-06-26T09:18:15+00:00","breadcrumb":{"@id":"https:\/\/radioljubuski.ba\/index.php\/2021\/06\/26\/bitcoin-vrijedi-tocno-nula\/#breadcrumb"},"inLanguage":"hr","potentialAction":[{"@type":"ReadAction","target":["https:\/\/radioljubuski.ba\/index.php\/2021\/06\/26\/bitcoin-vrijedi-tocno-nula\/"]}]},{"@type":"ImageObject","inLanguage":"hr","@id":"https:\/\/radioljubuski.ba\/index.php\/2021\/06\/26\/bitcoin-vrijedi-tocno-nula\/#primaryimage","url":"https:\/\/radioljubuski.ba\/wp-content\/uploads\/2021\/03\/bitcoin.jpg","contentUrl":"https:\/\/radioljubuski.ba\/wp-content\/uploads\/2021\/03\/bitcoin.jpg","width":1200,"height":675},{"@type":"BreadcrumbList","@id":"https:\/\/radioljubuski.ba\/index.php\/2021\/06\/26\/bitcoin-vrijedi-tocno-nula\/#breadcrumb","itemListElement":[{"@type":"ListItem","position":1,"name":"Po\u010detna stranica","item":"https:\/\/radioljubuski.ba\/"},{"@type":"ListItem","position":2,"name":"&#8220;Bitcoin vrijedi to\u010dno &#8211; nula&#8221;"}]},{"@type":"WebSite","@id":"https:\/\/radioljubuski.ba\/#website","url":"https:\/\/radioljubuski.ba\/","name":"Radio Ljubu\u0161ki","description":"Sun\u010dana frekvencija Hercegovine","publisher":{"@id":"https:\/\/radioljubuski.ba\/#organization"},"potentialAction":[{"@type":"SearchAction","target":{"@type":"EntryPoint","urlTemplate":"https:\/\/radioljubuski.ba\/?s={search_term_string}"},"query-input":{"@type":"PropertyValueSpecification","valueRequired":true,"valueName":"search_term_string"}}],"inLanguage":"hr"},{"@type":"Organization","@id":"https:\/\/radioljubuski.ba\/#organization","name":"Radio Ljubu\u0161ki","url":"https:\/\/radioljubuski.ba\/","logo":{"@type":"ImageObject","inLanguage":"hr","@id":"https:\/\/radioljubuski.ba\/#\/schema\/logo\/image\/","url":"https:\/\/radioljubuski.ba\/wp-content\/uploads\/2021\/02\/cropped-Radio_Ljubuski_logo1.jpg","contentUrl":"https:\/\/radioljubuski.ba\/wp-content\/uploads\/2021\/02\/cropped-Radio_Ljubuski_logo1.jpg","width":512,"height":512,"caption":"Radio Ljubu\u0161ki"},"image":{"@id":"https:\/\/radioljubuski.ba\/#\/schema\/logo\/image\/"},"sameAs":["https:\/\/www.facebook.com\/Radiio-Ljubuski-1490835324566332","https:\/\/x.com\/radioljubuski","https:\/\/hr.linkedin.com\/company\/radio-ljubuski","https:\/\/www.youtube.com\/channel\/UCHYaeO_n0Db3tjNGudGpXyw"]},{"@type":"Person","@id":"https:\/\/radioljubuski.ba\/#\/schema\/person\/19fc700381a780f69665d7956c469e3b","name":"Radio Ljubu\u0161ki"}]}},"_links":{"self":[{"href":"https:\/\/radioljubuski.ba\/index.php\/wp-json\/wp\/v2\/posts\/35985","targetHints":{"allow":["GET"]}}],"collection":[{"href":"https:\/\/radioljubuski.ba\/index.php\/wp-json\/wp\/v2\/posts"}],"about":[{"href":"https:\/\/radioljubuski.ba\/index.php\/wp-json\/wp\/v2\/types\/post"}],"author":[{"embeddable":true,"href":"https:\/\/radioljubuski.ba\/index.php\/wp-json\/wp\/v2\/users\/2"}],"replies":[{"embeddable":true,"href":"https:\/\/radioljubuski.ba\/index.php\/wp-json\/wp\/v2\/comments?post=35985"}],"version-history":[{"count":1,"href":"https:\/\/radioljubuski.ba\/index.php\/wp-json\/wp\/v2\/posts\/35985\/revisions"}],"predecessor-version":[{"id":35986,"href":"https:\/\/radioljubuski.ba\/index.php\/wp-json\/wp\/v2\/posts\/35985\/revisions\/35986"}],"wp:featuredmedia":[{"embeddable":true,"href":"https:\/\/radioljubuski.ba\/index.php\/wp-json\/wp\/v2\/media\/5311"}],"wp:attachment":[{"href":"https:\/\/radioljubuski.ba\/index.php\/wp-json\/wp\/v2\/media?parent=35985"}],"wp:term":[{"taxonomy":"category","embeddable":true,"href":"https:\/\/radioljubuski.ba\/index.php\/wp-json\/wp\/v2\/categories?post=35985"},{"taxonomy":"post_tag","embeddable":true,"href":"https:\/\/radioljubuski.ba\/index.php\/wp-json\/wp\/v2\/tags?post=35985"}],"curies":[{"name":"wp","href":"https:\/\/api.w.org\/{rel}","templated":true}]}}