{"id":35987,"date":"2021-06-26T10:24:59","date_gmt":"2021-06-26T09:24:59","guid":{"rendered":"https:\/\/radioljubuski.ba\/?p=35987"},"modified":"2021-06-26T10:25:10","modified_gmt":"2021-06-26T09:25:10","slug":"delta-soj-virusa-zabrinjavajuci-diljem-svijeta-uvode-nove-restrikcije","status":"publish","type":"post","link":"https:\/\/radioljubuski.ba\/index.php\/2021\/06\/26\/delta-soj-virusa-zabrinjavajuci-diljem-svijeta-uvode-nove-restrikcije\/","title":{"rendered":"Delta soj virusa zabrinjavaju\u0107i, diljem svijeta uvode nove restrikcije"},"content":{"rendered":"\n<p>Pandemija covida-19 \u010dija se vrlo zarazna delta varijanta \u0161iri svijetom, izaziva novu zabrinutost: Australija je u petak ponovno zatvorila dijelove Sydneyja, a Izrael uveo obvezu no\u0161enja maski u zatvorenim javnim prostorima, prenosi Hina. <\/p>\n\n\n\n<p>U Australiji, koja je dosad dosta uspje\u0161no suzbijala \u0161irenje zaraze, ali uz neprekidne ekstremno rigorozne lockdowne, vlasti su naredile zatvaranje \u010detiriju \u010detvrti u sredi\u0161tu Sydneyja od petka u pono\u0107 kako bi se sprije\u010dilo \u0161irenje delta varijante, prvi puta otkrivene u Indiji. <\/p>\n\n\n\n<p>Ukupno je 65 osoba ovaj tjedan imalo pozitivan rezultat na testiranju za koronavirus, a svi su u vezi s voza\u010dem koji je prevozio osoblje zra\u010dnih kompanija iz zra\u010dne luke u Sydneyju do hotela. <\/p>\n\n\n\n<p>Vi\u0161e zemalja suo\u010dava se s novim rastom slu\u010dajeva, djelomi\u010dno povezanih s varijantom delta, koja je ve\u0107 odgovorna za novo \u0161irenje zaraze u Velikoj Britaniji posljednjih nekoliko tjedana.<\/p>\n\n\n\n<p>Ipak, s obzirom na visoku stopu procijepljenosti, u Britaniji nije zabilje\u017een dramati\u010dan skok hospitalizacija, a i stopa smrtnosti je i dalje na najni\u017eim razinama od po\u010detka pandemije. <\/p>\n\n\n\n<p>Izrael je u petak objavio nove mjere zbog pove\u0107anog broja slu\u010dajeva: zemlja koja je tako\u0111er provela \u0161iroku kampanju cijepljenja, ponovno je uvela no\u0161enje maski u zatvorenim javnim prostorima i u tvrtkama. <\/p>\n\n\n\n<p>Moskva, epicentar \u0161irenja delta varijante u Rusiji, objavila je da se vra\u0107a na rad od ku\u0107e za oko 30 posto zaposlenika tvrtki. Tako\u0111er suo\u010den s novim rastom slu\u010dajeva zbog varijante delta, Portugal je odlu\u010dio privremeno prekinuti popu\u0161tanje mjera a \u010dak ih i oja\u010dati u Lisabonu. <\/p>\n\n\n\n<p>Berlin je dodao Portugal i Rusiju na popis zemalja &#8220;s varijantama&#8221;, \u0161to prakti\u010dno zna\u010di da se u Njema\u010dku ne mo\u017ee u\u0107i iz te dvije zemlje. <\/p>\n\n\n\n<p>\u0160panjolska pak ima novo \u017eari\u0161te koje je proizvelo studentsko putovanje na Baleare. \u0160vicarska je od subote ukinula dobar dio restrikcija koje su jo\u0161 bile na snazi, i bit \u0107e lak\u0161e u\u0107i u zemlju. <\/p>\n\n\n\n<p>Island je u petak kao prva europska zemlja ukinuo sve mjere. Afrika, koja daleko zaostaje za ostatkom svijeta u smislu cijepljenja, pogo\u0111ena je tre\u0107im valom pandemije, koji je ponovno veliki izazov za bolni\u010dke sustave. Nekoliko tisu\u0107a Ju\u017enoafrikanaca u petak je prosvjedovalo u Pretoriji na poziv oporbene stranke Borbi za ekonomsku slobodu (EFF) tra\u017ee\u0107i ubrzanje cijepljenja protiv covida-19. <\/p>\n\n\n\n<p>Iako je generalno epidemija trenutno u silaznoj putanji, s obzirom da je broj slu\u010dajeva u svijetu na najni\u017eoj razini od velja\u010de, delta varijanta mogla bi dovesti do porasta broja slu\u010dajeva ovo ljeto ako se ni\u0161ta ne u\u010dini kako bi se sprije\u010dilo njezino \u0161irenje, upozoravaju stru\u010dnjaci i epidemiolo\u0161ke vlasti, a prenosi agencija France presse. <\/p>\n\n\n\n<p><strong>Izvor: Bljesak.info<\/strong><\/p>\n","protected":false},"excerpt":{"rendered":"<p>Pandemija covida-19 \u010dija se vrlo zarazna delta varijanta \u0161iri svijetom, izaziva novu zabrinutost: Australija je u petak ponovno zatvorila dijelove Sydneyja, a Izrael uveo obvezu no\u0161enja maski u zatvorenim javnim prostorima, prenosi Hina. U Australiji, koja je dosad dosta uspje\u0161no suzbijala \u0161irenje zaraze, ali uz neprekidne ekstremno rigorozne lockdowne, vlasti su naredile zatvaranje \u010detiriju \u010detvrti [&hellip;]<\/p>\n","protected":false},"author":2,"featured_media":24507,"comment_status":"closed","ping_status":"closed","sticky":false,"template":"","format":"standard","meta":{"h5ap_radio_sources":[],"footnotes":""},"categories":[1],"tags":[],"class_list":["post-35987","post","type-post","status-publish","format-standard","has-post-thumbnail","hentry","category-bihiregija"],"yoast_head":"<!-- This site is optimized with the Yoast SEO plugin v27.5 - https:\/\/yoast.com\/product\/yoast-seo-wordpress\/ -->\n<title>Delta soj virusa zabrinjavaju\u0107i, diljem svijeta uvode nove restrikcije - RADIO LJUBU\u0160KI<\/title>\n<meta name=\"robots\" content=\"index, follow, max-snippet:-1, max-image-preview:large, max-video-preview:-1\" \/>\n<link rel=\"canonical\" href=\"https:\/\/radioljubuski.ba\/index.php\/2021\/06\/26\/delta-soj-virusa-zabrinjavajuci-diljem-svijeta-uvode-nove-restrikcije\/\" \/>\n<meta property=\"og:locale\" content=\"hr_HR\" \/>\n<meta property=\"og:type\" content=\"article\" \/>\n<meta property=\"og:title\" content=\"Delta soj virusa zabrinjavaju\u0107i, diljem svijeta uvode nove restrikcije - RADIO LJUBU\u0160KI\" \/>\n<meta property=\"og:description\" content=\"Pandemija covida-19 \u010dija se vrlo zarazna delta varijanta \u0161iri svijetom, izaziva novu zabrinutost: Australija je u petak ponovno zatvorila dijelove Sydneyja, a Izrael uveo obvezu no\u0161enja maski u zatvorenim javnim prostorima, prenosi Hina. U Australiji, koja je dosad dosta uspje\u0161no suzbijala \u0161irenje zaraze, ali uz neprekidne ekstremno rigorozne lockdowne, vlasti su naredile zatvaranje \u010detiriju \u010detvrti [&hellip;]\" \/>\n<meta property=\"og:url\" content=\"https:\/\/radioljubuski.ba\/index.php\/2021\/06\/26\/delta-soj-virusa-zabrinjavajuci-diljem-svijeta-uvode-nove-restrikcije\/\" \/>\n<meta property=\"og:site_name\" content=\"RADIO LJUBU\u0160KI\" \/>\n<meta property=\"article:publisher\" content=\"https:\/\/www.facebook.com\/Radiio-Ljubuski-1490835324566332\" \/>\n<meta property=\"article:published_time\" content=\"2021-06-26T09:24:59+00:00\" \/>\n<meta property=\"article:modified_time\" content=\"2021-06-26T09:25:10+00:00\" \/>\n<meta property=\"og:image\" content=\"https:\/\/radioljubuski.ba\/wp-content\/uploads\/2021\/05\/korona.jpg\" \/>\n\t<meta property=\"og:image:width\" content=\"1000\" \/>\n\t<meta property=\"og:image:height\" content=\"625\" \/>\n\t<meta property=\"og:image:type\" content=\"image\/jpeg\" \/>\n<meta name=\"author\" content=\"Radio Ljubu\u0161ki\" \/>\n<meta name=\"twitter:card\" content=\"summary_large_image\" \/>\n<meta name=\"twitter:creator\" content=\"@radioljubuski\" \/>\n<meta name=\"twitter:site\" content=\"@radioljubuski\" \/>\n<meta name=\"twitter:label1\" content=\"Napisao\/la\" \/>\n\t<meta name=\"twitter:data1\" content=\"Radio Ljubu\u0161ki\" \/>\n\t<meta name=\"twitter:label2\" content=\"Procijenjeno vrijeme \u010ditanja\" \/>\n\t<meta name=\"twitter:data2\" content=\"2 minute\" \/>\n<script type=\"application\/ld+json\" class=\"yoast-schema-graph\">{\"@context\":\"https:\\\/\\\/schema.org\",\"@graph\":[{\"@type\":\"Article\",\"@id\":\"https:\\\/\\\/radioljubuski.ba\\\/index.php\\\/2021\\\/06\\\/26\\\/delta-soj-virusa-zabrinjavajuci-diljem-svijeta-uvode-nove-restrikcije\\\/#article\",\"isPartOf\":{\"@id\":\"https:\\\/\\\/radioljubuski.ba\\\/index.php\\\/2021\\\/06\\\/26\\\/delta-soj-virusa-zabrinjavajuci-diljem-svijeta-uvode-nove-restrikcije\\\/\"},\"author\":{\"name\":\"Radio Ljubu\u0161ki\",\"@id\":\"https:\\\/\\\/radioljubuski.ba\\\/#\\\/schema\\\/person\\\/19fc700381a780f69665d7956c469e3b\"},\"headline\":\"Delta soj virusa zabrinjavaju\u0107i, diljem svijeta uvode nove restrikcije\",\"datePublished\":\"2021-06-26T09:24:59+00:00\",\"dateModified\":\"2021-06-26T09:25:10+00:00\",\"mainEntityOfPage\":{\"@id\":\"https:\\\/\\\/radioljubuski.ba\\\/index.php\\\/2021\\\/06\\\/26\\\/delta-soj-virusa-zabrinjavajuci-diljem-svijeta-uvode-nove-restrikcije\\\/\"},\"wordCount\":467,\"publisher\":{\"@id\":\"https:\\\/\\\/radioljubuski.ba\\\/#organization\"},\"image\":{\"@id\":\"https:\\\/\\\/radioljubuski.ba\\\/index.php\\\/2021\\\/06\\\/26\\\/delta-soj-virusa-zabrinjavajuci-diljem-svijeta-uvode-nove-restrikcije\\\/#primaryimage\"},\"thumbnailUrl\":\"https:\\\/\\\/radioljubuski.ba\\\/wp-content\\\/uploads\\\/2021\\\/05\\\/korona.jpg\",\"articleSection\":[\"BIH i regija\"],\"inLanguage\":\"hr\"},{\"@type\":\"WebPage\",\"@id\":\"https:\\\/\\\/radioljubuski.ba\\\/index.php\\\/2021\\\/06\\\/26\\\/delta-soj-virusa-zabrinjavajuci-diljem-svijeta-uvode-nove-restrikcije\\\/\",\"url\":\"https:\\\/\\\/radioljubuski.ba\\\/index.php\\\/2021\\\/06\\\/26\\\/delta-soj-virusa-zabrinjavajuci-diljem-svijeta-uvode-nove-restrikcije\\\/\",\"name\":\"Delta soj virusa zabrinjavaju\u0107i, diljem svijeta uvode nove restrikcije - RADIO LJUBU\u0160KI\",\"isPartOf\":{\"@id\":\"https:\\\/\\\/radioljubuski.ba\\\/#website\"},\"primaryImageOfPage\":{\"@id\":\"https:\\\/\\\/radioljubuski.ba\\\/index.php\\\/2021\\\/06\\\/26\\\/delta-soj-virusa-zabrinjavajuci-diljem-svijeta-uvode-nove-restrikcije\\\/#primaryimage\"},\"image\":{\"@id\":\"https:\\\/\\\/radioljubuski.ba\\\/index.php\\\/2021\\\/06\\\/26\\\/delta-soj-virusa-zabrinjavajuci-diljem-svijeta-uvode-nove-restrikcije\\\/#primaryimage\"},\"thumbnailUrl\":\"https:\\\/\\\/radioljubuski.ba\\\/wp-content\\\/uploads\\\/2021\\\/05\\\/korona.jpg\",\"datePublished\":\"2021-06-26T09:24:59+00:00\",\"dateModified\":\"2021-06-26T09:25:10+00:00\",\"breadcrumb\":{\"@id\":\"https:\\\/\\\/radioljubuski.ba\\\/index.php\\\/2021\\\/06\\\/26\\\/delta-soj-virusa-zabrinjavajuci-diljem-svijeta-uvode-nove-restrikcije\\\/#breadcrumb\"},\"inLanguage\":\"hr\",\"potentialAction\":[{\"@type\":\"ReadAction\",\"target\":[\"https:\\\/\\\/radioljubuski.ba\\\/index.php\\\/2021\\\/06\\\/26\\\/delta-soj-virusa-zabrinjavajuci-diljem-svijeta-uvode-nove-restrikcije\\\/\"]}]},{\"@type\":\"ImageObject\",\"inLanguage\":\"hr\",\"@id\":\"https:\\\/\\\/radioljubuski.ba\\\/index.php\\\/2021\\\/06\\\/26\\\/delta-soj-virusa-zabrinjavajuci-diljem-svijeta-uvode-nove-restrikcije\\\/#primaryimage\",\"url\":\"https:\\\/\\\/radioljubuski.ba\\\/wp-content\\\/uploads\\\/2021\\\/05\\\/korona.jpg\",\"contentUrl\":\"https:\\\/\\\/radioljubuski.ba\\\/wp-content\\\/uploads\\\/2021\\\/05\\\/korona.jpg\",\"width\":1000,\"height\":625},{\"@type\":\"BreadcrumbList\",\"@id\":\"https:\\\/\\\/radioljubuski.ba\\\/index.php\\\/2021\\\/06\\\/26\\\/delta-soj-virusa-zabrinjavajuci-diljem-svijeta-uvode-nove-restrikcije\\\/#breadcrumb\",\"itemListElement\":[{\"@type\":\"ListItem\",\"position\":1,\"name\":\"Po\u010detna stranica\",\"item\":\"https:\\\/\\\/radioljubuski.ba\\\/\"},{\"@type\":\"ListItem\",\"position\":2,\"name\":\"Delta soj virusa zabrinjavaju\u0107i, diljem svijeta uvode nove restrikcije\"}]},{\"@type\":\"WebSite\",\"@id\":\"https:\\\/\\\/radioljubuski.ba\\\/#website\",\"url\":\"https:\\\/\\\/radioljubuski.ba\\\/\",\"name\":\"Radio Ljubu\u0161ki\",\"description\":\"Sun\u010dana frekvencija Hercegovine\",\"publisher\":{\"@id\":\"https:\\\/\\\/radioljubuski.ba\\\/#organization\"},\"potentialAction\":[{\"@type\":\"SearchAction\",\"target\":{\"@type\":\"EntryPoint\",\"urlTemplate\":\"https:\\\/\\\/radioljubuski.ba\\\/?s={search_term_string}\"},\"query-input\":{\"@type\":\"PropertyValueSpecification\",\"valueRequired\":true,\"valueName\":\"search_term_string\"}}],\"inLanguage\":\"hr\"},{\"@type\":\"Organization\",\"@id\":\"https:\\\/\\\/radioljubuski.ba\\\/#organization\",\"name\":\"Radio Ljubu\u0161ki\",\"url\":\"https:\\\/\\\/radioljubuski.ba\\\/\",\"logo\":{\"@type\":\"ImageObject\",\"inLanguage\":\"hr\",\"@id\":\"https:\\\/\\\/radioljubuski.ba\\\/#\\\/schema\\\/logo\\\/image\\\/\",\"url\":\"https:\\\/\\\/radioljubuski.ba\\\/wp-content\\\/uploads\\\/2021\\\/02\\\/cropped-Radio_Ljubuski_logo1.jpg\",\"contentUrl\":\"https:\\\/\\\/radioljubuski.ba\\\/wp-content\\\/uploads\\\/2021\\\/02\\\/cropped-Radio_Ljubuski_logo1.jpg\",\"width\":512,\"height\":512,\"caption\":\"Radio Ljubu\u0161ki\"},\"image\":{\"@id\":\"https:\\\/\\\/radioljubuski.ba\\\/#\\\/schema\\\/logo\\\/image\\\/\"},\"sameAs\":[\"https:\\\/\\\/www.facebook.com\\\/Radiio-Ljubuski-1490835324566332\",\"https:\\\/\\\/x.com\\\/radioljubuski\",\"https:\\\/\\\/hr.linkedin.com\\\/company\\\/radio-ljubuski\",\"https:\\\/\\\/www.youtube.com\\\/channel\\\/UCHYaeO_n0Db3tjNGudGpXyw\"]},{\"@type\":\"Person\",\"@id\":\"https:\\\/\\\/radioljubuski.ba\\\/#\\\/schema\\\/person\\\/19fc700381a780f69665d7956c469e3b\",\"name\":\"Radio Ljubu\u0161ki\"}]}<\/script>\n<!-- \/ Yoast SEO plugin. -->","yoast_head_json":{"title":"Delta soj virusa zabrinjavaju\u0107i, diljem svijeta uvode nove restrikcije - RADIO LJUBU\u0160KI","robots":{"index":"index","follow":"follow","max-snippet":"max-snippet:-1","max-image-preview":"max-image-preview:large","max-video-preview":"max-video-preview:-1"},"canonical":"https:\/\/radioljubuski.ba\/index.php\/2021\/06\/26\/delta-soj-virusa-zabrinjavajuci-diljem-svijeta-uvode-nove-restrikcije\/","og_locale":"hr_HR","og_type":"article","og_title":"Delta soj virusa zabrinjavaju\u0107i, diljem svijeta uvode nove restrikcije - RADIO LJUBU\u0160KI","og_description":"Pandemija covida-19 \u010dija se vrlo zarazna delta varijanta \u0161iri svijetom, izaziva novu zabrinutost: Australija je u petak ponovno zatvorila dijelove Sydneyja, a Izrael uveo obvezu no\u0161enja maski u zatvorenim javnim prostorima, prenosi Hina. U Australiji, koja je dosad dosta uspje\u0161no suzbijala \u0161irenje zaraze, ali uz neprekidne ekstremno rigorozne lockdowne, vlasti su naredile zatvaranje \u010detiriju \u010detvrti [&hellip;]","og_url":"https:\/\/radioljubuski.ba\/index.php\/2021\/06\/26\/delta-soj-virusa-zabrinjavajuci-diljem-svijeta-uvode-nove-restrikcije\/","og_site_name":"RADIO LJUBU\u0160KI","article_publisher":"https:\/\/www.facebook.com\/Radiio-Ljubuski-1490835324566332","article_published_time":"2021-06-26T09:24:59+00:00","article_modified_time":"2021-06-26T09:25:10+00:00","og_image":[{"width":1000,"height":625,"url":"https:\/\/radioljubuski.ba\/wp-content\/uploads\/2021\/05\/korona.jpg","type":"image\/jpeg"}],"author":"Radio Ljubu\u0161ki","twitter_card":"summary_large_image","twitter_creator":"@radioljubuski","twitter_site":"@radioljubuski","twitter_misc":{"Napisao\/la":"Radio Ljubu\u0161ki","Procijenjeno vrijeme \u010ditanja":"2 minute"},"schema":{"@context":"https:\/\/schema.org","@graph":[{"@type":"Article","@id":"https:\/\/radioljubuski.ba\/index.php\/2021\/06\/26\/delta-soj-virusa-zabrinjavajuci-diljem-svijeta-uvode-nove-restrikcije\/#article","isPartOf":{"@id":"https:\/\/radioljubuski.ba\/index.php\/2021\/06\/26\/delta-soj-virusa-zabrinjavajuci-diljem-svijeta-uvode-nove-restrikcije\/"},"author":{"name":"Radio Ljubu\u0161ki","@id":"https:\/\/radioljubuski.ba\/#\/schema\/person\/19fc700381a780f69665d7956c469e3b"},"headline":"Delta soj virusa zabrinjavaju\u0107i, diljem svijeta uvode nove restrikcije","datePublished":"2021-06-26T09:24:59+00:00","dateModified":"2021-06-26T09:25:10+00:00","mainEntityOfPage":{"@id":"https:\/\/radioljubuski.ba\/index.php\/2021\/06\/26\/delta-soj-virusa-zabrinjavajuci-diljem-svijeta-uvode-nove-restrikcije\/"},"wordCount":467,"publisher":{"@id":"https:\/\/radioljubuski.ba\/#organization"},"image":{"@id":"https:\/\/radioljubuski.ba\/index.php\/2021\/06\/26\/delta-soj-virusa-zabrinjavajuci-diljem-svijeta-uvode-nove-restrikcije\/#primaryimage"},"thumbnailUrl":"https:\/\/radioljubuski.ba\/wp-content\/uploads\/2021\/05\/korona.jpg","articleSection":["BIH i regija"],"inLanguage":"hr"},{"@type":"WebPage","@id":"https:\/\/radioljubuski.ba\/index.php\/2021\/06\/26\/delta-soj-virusa-zabrinjavajuci-diljem-svijeta-uvode-nove-restrikcije\/","url":"https:\/\/radioljubuski.ba\/index.php\/2021\/06\/26\/delta-soj-virusa-zabrinjavajuci-diljem-svijeta-uvode-nove-restrikcije\/","name":"Delta soj virusa zabrinjavaju\u0107i, diljem svijeta uvode nove restrikcije - RADIO LJUBU\u0160KI","isPartOf":{"@id":"https:\/\/radioljubuski.ba\/#website"},"primaryImageOfPage":{"@id":"https:\/\/radioljubuski.ba\/index.php\/2021\/06\/26\/delta-soj-virusa-zabrinjavajuci-diljem-svijeta-uvode-nove-restrikcije\/#primaryimage"},"image":{"@id":"https:\/\/radioljubuski.ba\/index.php\/2021\/06\/26\/delta-soj-virusa-zabrinjavajuci-diljem-svijeta-uvode-nove-restrikcije\/#primaryimage"},"thumbnailUrl":"https:\/\/radioljubuski.ba\/wp-content\/uploads\/2021\/05\/korona.jpg","datePublished":"2021-06-26T09:24:59+00:00","dateModified":"2021-06-26T09:25:10+00:00","breadcrumb":{"@id":"https:\/\/radioljubuski.ba\/index.php\/2021\/06\/26\/delta-soj-virusa-zabrinjavajuci-diljem-svijeta-uvode-nove-restrikcije\/#breadcrumb"},"inLanguage":"hr","potentialAction":[{"@type":"ReadAction","target":["https:\/\/radioljubuski.ba\/index.php\/2021\/06\/26\/delta-soj-virusa-zabrinjavajuci-diljem-svijeta-uvode-nove-restrikcije\/"]}]},{"@type":"ImageObject","inLanguage":"hr","@id":"https:\/\/radioljubuski.ba\/index.php\/2021\/06\/26\/delta-soj-virusa-zabrinjavajuci-diljem-svijeta-uvode-nove-restrikcije\/#primaryimage","url":"https:\/\/radioljubuski.ba\/wp-content\/uploads\/2021\/05\/korona.jpg","contentUrl":"https:\/\/radioljubuski.ba\/wp-content\/uploads\/2021\/05\/korona.jpg","width":1000,"height":625},{"@type":"BreadcrumbList","@id":"https:\/\/radioljubuski.ba\/index.php\/2021\/06\/26\/delta-soj-virusa-zabrinjavajuci-diljem-svijeta-uvode-nove-restrikcije\/#breadcrumb","itemListElement":[{"@type":"ListItem","position":1,"name":"Po\u010detna stranica","item":"https:\/\/radioljubuski.ba\/"},{"@type":"ListItem","position":2,"name":"Delta soj virusa zabrinjavaju\u0107i, diljem svijeta uvode nove restrikcije"}]},{"@type":"WebSite","@id":"https:\/\/radioljubuski.ba\/#website","url":"https:\/\/radioljubuski.ba\/","name":"Radio Ljubu\u0161ki","description":"Sun\u010dana frekvencija Hercegovine","publisher":{"@id":"https:\/\/radioljubuski.ba\/#organization"},"potentialAction":[{"@type":"SearchAction","target":{"@type":"EntryPoint","urlTemplate":"https:\/\/radioljubuski.ba\/?s={search_term_string}"},"query-input":{"@type":"PropertyValueSpecification","valueRequired":true,"valueName":"search_term_string"}}],"inLanguage":"hr"},{"@type":"Organization","@id":"https:\/\/radioljubuski.ba\/#organization","name":"Radio Ljubu\u0161ki","url":"https:\/\/radioljubuski.ba\/","logo":{"@type":"ImageObject","inLanguage":"hr","@id":"https:\/\/radioljubuski.ba\/#\/schema\/logo\/image\/","url":"https:\/\/radioljubuski.ba\/wp-content\/uploads\/2021\/02\/cropped-Radio_Ljubuski_logo1.jpg","contentUrl":"https:\/\/radioljubuski.ba\/wp-content\/uploads\/2021\/02\/cropped-Radio_Ljubuski_logo1.jpg","width":512,"height":512,"caption":"Radio Ljubu\u0161ki"},"image":{"@id":"https:\/\/radioljubuski.ba\/#\/schema\/logo\/image\/"},"sameAs":["https:\/\/www.facebook.com\/Radiio-Ljubuski-1490835324566332","https:\/\/x.com\/radioljubuski","https:\/\/hr.linkedin.com\/company\/radio-ljubuski","https:\/\/www.youtube.com\/channel\/UCHYaeO_n0Db3tjNGudGpXyw"]},{"@type":"Person","@id":"https:\/\/radioljubuski.ba\/#\/schema\/person\/19fc700381a780f69665d7956c469e3b","name":"Radio Ljubu\u0161ki"}]}},"_links":{"self":[{"href":"https:\/\/radioljubuski.ba\/index.php\/wp-json\/wp\/v2\/posts\/35987","targetHints":{"allow":["GET"]}}],"collection":[{"href":"https:\/\/radioljubuski.ba\/index.php\/wp-json\/wp\/v2\/posts"}],"about":[{"href":"https:\/\/radioljubuski.ba\/index.php\/wp-json\/wp\/v2\/types\/post"}],"author":[{"embeddable":true,"href":"https:\/\/radioljubuski.ba\/index.php\/wp-json\/wp\/v2\/users\/2"}],"replies":[{"embeddable":true,"href":"https:\/\/radioljubuski.ba\/index.php\/wp-json\/wp\/v2\/comments?post=35987"}],"version-history":[{"count":1,"href":"https:\/\/radioljubuski.ba\/index.php\/wp-json\/wp\/v2\/posts\/35987\/revisions"}],"predecessor-version":[{"id":35988,"href":"https:\/\/radioljubuski.ba\/index.php\/wp-json\/wp\/v2\/posts\/35987\/revisions\/35988"}],"wp:featuredmedia":[{"embeddable":true,"href":"https:\/\/radioljubuski.ba\/index.php\/wp-json\/wp\/v2\/media\/24507"}],"wp:attachment":[{"href":"https:\/\/radioljubuski.ba\/index.php\/wp-json\/wp\/v2\/media?parent=35987"}],"wp:term":[{"taxonomy":"category","embeddable":true,"href":"https:\/\/radioljubuski.ba\/index.php\/wp-json\/wp\/v2\/categories?post=35987"},{"taxonomy":"post_tag","embeddable":true,"href":"https:\/\/radioljubuski.ba\/index.php\/wp-json\/wp\/v2\/tags?post=35987"}],"curies":[{"name":"wp","href":"https:\/\/api.w.org\/{rel}","templated":true}]}}