{"id":35989,"date":"2021-06-26T11:08:10","date_gmt":"2021-06-26T10:08:10","guid":{"rendered":"https:\/\/radioljubuski.ba\/?p=35989"},"modified":"2021-06-26T11:08:11","modified_gmt":"2021-06-26T10:08:11","slug":"iznenadujuce-otkrice-epidemija-koronavirusa-harala-je-istocnom-azijom-i-prije-20-000-godina","status":"publish","type":"post","link":"https:\/\/radioljubuski.ba\/index.php\/2021\/06\/26\/iznenadujuce-otkrice-epidemija-koronavirusa-harala-je-istocnom-azijom-i-prije-20-000-godina\/","title":{"rendered":"Iznena\u0111uju\u0107e otkri\u0107e: Epidemija koronavirusa harala je isto\u010dnom Azijom i prije 20.000 godina"},"content":{"rendered":"\n<p>Znanstvenici su otkrili da je epidemija koronavirusa harala u isto\u010dnoj Aziji prije vi\u0161e od 20.000 godina, pi\u0161e agencija dpa. <\/p>\n\n\n\n<p>Tragovi epidemije prona\u0111eni su u genima stanovnika tog podru\u010dja, kazali su. U zadnjih 20 godina, dogodile su se tri velike epidemije koronavirusa. <\/p>\n\n\n\n<p>To su SARS (Te\u0161ki akutni respiratorni sindrom), koji se pojavio u Kini 2002. i usmrtio vi\u0161e od 800 ljudi, zatim MERS-CoV (Bliskoisto\u010dni respiratorni sindrom) koji je usmrtio vi\u0161e od 850 ljudi te SARS-CoV-2 koji je izazvao pandemiju COVID-19 koja je do sada usmrtila vi\u0161e od 3,8 milijuna ljudi. <\/p>\n\n\n\n<p>Ali novo istra\u017eivanje evolucije ljudskog genoma otkrilo je da je jo\u0161 jedna velika epidemija koronavirusa izbila prije puno tisu\u0107a godina. <\/p>\n\n\n\n<p>Profesor Kirill Alexandrov, sa Sveu\u010dili\u0161ta u Queenslandu, bio je dio tima znanstvenika sa Sveu\u010dili\u0161ta u Arizoni, Kalifornijskog sveu\u010dili\u0161ta u San Franciscu i Sveu\u010dili\u0161ta u Adelaideu. <\/p>\n\n\n\n<p>Moderni ljudski genom sadr\u017ei evolucijsku informaciju koja se\u017ee desecima tisu\u0107a godina u pro\u0161lost, kao kada prou\u010davaju\u0107i godove drveta otkrivate uvjete koje je do\u017eivjelo rastu\u0107i. <\/p>\n\n\n\n<p>Znanstvenici su koristili podatke iz projekta &#8220;1000 Genomes Project&#8221;, najve\u0107eg javnog kataloga ljudskih genetskih varijacija, i prou\u010dili promjene u genima koji kodiraju proteine koji stupaju u interakciju s virusom SARS-CoV-2. Tada su sintetizirali i ljudske i SARS-CoV-2 proteine, ne koriste\u0107i \u017eive stanice, i pokazali da izravno stupaju u interakciju, te da je opstao mehanizam kojima se koronavirusi koriste da bi napali stanice. <\/p>\n\n\n\n<p>Ra\u010dunalni znanstvenici u timu primijenili su evolucijsku analizu podataka o ljudskom genomu kako bi otkrili dokaze da su preci ljudi iz isto\u010dne Azije do\u017eivjeli epidemiju bolesti izazvanu koronavirusom sli\u010dnu COVID-19, rekao je Alexandrov. Ispitanici su bili porijeklom iz podru\u010dja koja danas pripadaju Kini, Japanu, Mongoliji, Sjevernoj Koreji, Ju\u017enoj Koreji i Tajvanu Ve\u0107im uvidom u drevne virusne neprijatelje mo\u017eemo razumjeti kako su se genomi razli\u010ditih ljudskih populacija prilagodili virusima koji su nedavno priznati kao zna\u010dajni pokreta\u010di ljudske evolucije, dodao je. <\/p>\n\n\n\n<p>Drugi va\u017ean rezultat ovog istra\u017eivanja je mogu\u0107nost identificiranja virusa koji su izazvali epidemiju u dalekoj pro\u0161losti i mogli bi je izazvati u budu\u0107nosti, kazao je. <\/p>\n\n\n\n<p>To nam u na\u010delu omogu\u0107uje da sastavimo popis potencijalno opasnih virusa i razvijemo dijagnostiku, cjepiva i lijekove u slu\u010daju da se vrate, zaklju\u010dio je. Istra\u017eivanje je objavljeno u \u010dasopisu Current Biology, prenosi Hina. <\/p>\n\n\n\n<p><strong><a href=\"https:\/\/www.bljesak.info\/lifestyle\/zdravlje\/iznenadujuce-otkrice-epidemija-koronavirusa-harala-je-istocnom-azijom-i-prije-20000-godina\/352099\">Izvor: Bljesak.info<\/a><\/strong><\/p>\n","protected":false},"excerpt":{"rendered":"<p>Znanstvenici su otkrili da je epidemija koronavirusa harala u isto\u010dnoj Aziji prije vi\u0161e od 20.000 godina, pi\u0161e agencija dpa. Tragovi epidemije prona\u0111eni su u genima stanovnika tog podru\u010dja, kazali su. U zadnjih 20 godina, dogodile su se tri velike epidemije koronavirusa. To su SARS (Te\u0161ki akutni respiratorni sindrom), koji se pojavio u Kini 2002. i [&hellip;]<\/p>\n","protected":false},"author":2,"featured_media":21687,"comment_status":"closed","ping_status":"closed","sticky":false,"template":"","format":"standard","meta":{"h5ap_radio_sources":[],"footnotes":""},"categories":[1],"tags":[],"class_list":["post-35989","post","type-post","status-publish","format-standard","has-post-thumbnail","hentry","category-bihiregija"],"yoast_head":"<!-- This site is optimized with the Yoast SEO plugin v27.5 - https:\/\/yoast.com\/product\/yoast-seo-wordpress\/ -->\n<title>Iznena\u0111uju\u0107e otkri\u0107e: Epidemija koronavirusa harala je isto\u010dnom Azijom i prije 20.000 godina - RADIO LJUBU\u0160KI<\/title>\n<meta name=\"robots\" content=\"index, follow, max-snippet:-1, max-image-preview:large, max-video-preview:-1\" \/>\n<link rel=\"canonical\" href=\"https:\/\/radioljubuski.ba\/index.php\/2021\/06\/26\/iznenadujuce-otkrice-epidemija-koronavirusa-harala-je-istocnom-azijom-i-prije-20-000-godina\/\" \/>\n<meta property=\"og:locale\" content=\"hr_HR\" \/>\n<meta property=\"og:type\" content=\"article\" \/>\n<meta property=\"og:title\" content=\"Iznena\u0111uju\u0107e otkri\u0107e: Epidemija koronavirusa harala je isto\u010dnom Azijom i prije 20.000 godina - RADIO LJUBU\u0160KI\" \/>\n<meta property=\"og:description\" content=\"Znanstvenici su otkrili da je epidemija koronavirusa harala u isto\u010dnoj Aziji prije vi\u0161e od 20.000 godina, pi\u0161e agencija dpa. Tragovi epidemije prona\u0111eni su u genima stanovnika tog podru\u010dja, kazali su. U zadnjih 20 godina, dogodile su se tri velike epidemije koronavirusa. To su SARS (Te\u0161ki akutni respiratorni sindrom), koji se pojavio u Kini 2002. i [&hellip;]\" \/>\n<meta property=\"og:url\" content=\"https:\/\/radioljubuski.ba\/index.php\/2021\/06\/26\/iznenadujuce-otkrice-epidemija-koronavirusa-harala-je-istocnom-azijom-i-prije-20-000-godina\/\" \/>\n<meta property=\"og:site_name\" content=\"RADIO LJUBU\u0160KI\" \/>\n<meta property=\"article:publisher\" content=\"https:\/\/www.facebook.com\/Radiio-Ljubuski-1490835324566332\" \/>\n<meta property=\"article:published_time\" content=\"2021-06-26T10:08:10+00:00\" \/>\n<meta property=\"article:modified_time\" content=\"2021-06-26T10:08:11+00:00\" \/>\n<meta property=\"og:image\" content=\"https:\/\/radioljubuski.ba\/wp-content\/uploads\/2021\/05\/koronav.jpg\" \/>\n\t<meta property=\"og:image:width\" content=\"275\" \/>\n\t<meta property=\"og:image:height\" content=\"183\" \/>\n\t<meta property=\"og:image:type\" content=\"image\/jpeg\" \/>\n<meta name=\"author\" content=\"Radio Ljubu\u0161ki\" \/>\n<meta name=\"twitter:card\" content=\"summary_large_image\" \/>\n<meta name=\"twitter:creator\" content=\"@radioljubuski\" \/>\n<meta name=\"twitter:site\" content=\"@radioljubuski\" \/>\n<meta name=\"twitter:label1\" content=\"Napisao\/la\" \/>\n\t<meta name=\"twitter:data1\" content=\"Radio Ljubu\u0161ki\" \/>\n\t<meta name=\"twitter:label2\" content=\"Procijenjeno vrijeme \u010ditanja\" \/>\n\t<meta name=\"twitter:data2\" content=\"2 minute\" \/>\n<script type=\"application\/ld+json\" class=\"yoast-schema-graph\">{\"@context\":\"https:\\\/\\\/schema.org\",\"@graph\":[{\"@type\":\"Article\",\"@id\":\"https:\\\/\\\/radioljubuski.ba\\\/index.php\\\/2021\\\/06\\\/26\\\/iznenadujuce-otkrice-epidemija-koronavirusa-harala-je-istocnom-azijom-i-prije-20-000-godina\\\/#article\",\"isPartOf\":{\"@id\":\"https:\\\/\\\/radioljubuski.ba\\\/index.php\\\/2021\\\/06\\\/26\\\/iznenadujuce-otkrice-epidemija-koronavirusa-harala-je-istocnom-azijom-i-prije-20-000-godina\\\/\"},\"author\":{\"name\":\"Radio Ljubu\u0161ki\",\"@id\":\"https:\\\/\\\/radioljubuski.ba\\\/#\\\/schema\\\/person\\\/19fc700381a780f69665d7956c469e3b\"},\"headline\":\"Iznena\u0111uju\u0107e otkri\u0107e: Epidemija koronavirusa harala je isto\u010dnom Azijom i prije 20.000 godina\",\"datePublished\":\"2021-06-26T10:08:10+00:00\",\"dateModified\":\"2021-06-26T10:08:11+00:00\",\"mainEntityOfPage\":{\"@id\":\"https:\\\/\\\/radioljubuski.ba\\\/index.php\\\/2021\\\/06\\\/26\\\/iznenadujuce-otkrice-epidemija-koronavirusa-harala-je-istocnom-azijom-i-prije-20-000-godina\\\/\"},\"wordCount\":420,\"publisher\":{\"@id\":\"https:\\\/\\\/radioljubuski.ba\\\/#organization\"},\"image\":{\"@id\":\"https:\\\/\\\/radioljubuski.ba\\\/index.php\\\/2021\\\/06\\\/26\\\/iznenadujuce-otkrice-epidemija-koronavirusa-harala-je-istocnom-azijom-i-prije-20-000-godina\\\/#primaryimage\"},\"thumbnailUrl\":\"https:\\\/\\\/radioljubuski.ba\\\/wp-content\\\/uploads\\\/2021\\\/05\\\/koronav.jpg\",\"articleSection\":[\"BIH i regija\"],\"inLanguage\":\"hr\"},{\"@type\":\"WebPage\",\"@id\":\"https:\\\/\\\/radioljubuski.ba\\\/index.php\\\/2021\\\/06\\\/26\\\/iznenadujuce-otkrice-epidemija-koronavirusa-harala-je-istocnom-azijom-i-prije-20-000-godina\\\/\",\"url\":\"https:\\\/\\\/radioljubuski.ba\\\/index.php\\\/2021\\\/06\\\/26\\\/iznenadujuce-otkrice-epidemija-koronavirusa-harala-je-istocnom-azijom-i-prije-20-000-godina\\\/\",\"name\":\"Iznena\u0111uju\u0107e otkri\u0107e: Epidemija koronavirusa harala je isto\u010dnom Azijom i prije 20.000 godina - RADIO LJUBU\u0160KI\",\"isPartOf\":{\"@id\":\"https:\\\/\\\/radioljubuski.ba\\\/#website\"},\"primaryImageOfPage\":{\"@id\":\"https:\\\/\\\/radioljubuski.ba\\\/index.php\\\/2021\\\/06\\\/26\\\/iznenadujuce-otkrice-epidemija-koronavirusa-harala-je-istocnom-azijom-i-prije-20-000-godina\\\/#primaryimage\"},\"image\":{\"@id\":\"https:\\\/\\\/radioljubuski.ba\\\/index.php\\\/2021\\\/06\\\/26\\\/iznenadujuce-otkrice-epidemija-koronavirusa-harala-je-istocnom-azijom-i-prije-20-000-godina\\\/#primaryimage\"},\"thumbnailUrl\":\"https:\\\/\\\/radioljubuski.ba\\\/wp-content\\\/uploads\\\/2021\\\/05\\\/koronav.jpg\",\"datePublished\":\"2021-06-26T10:08:10+00:00\",\"dateModified\":\"2021-06-26T10:08:11+00:00\",\"breadcrumb\":{\"@id\":\"https:\\\/\\\/radioljubuski.ba\\\/index.php\\\/2021\\\/06\\\/26\\\/iznenadujuce-otkrice-epidemija-koronavirusa-harala-je-istocnom-azijom-i-prije-20-000-godina\\\/#breadcrumb\"},\"inLanguage\":\"hr\",\"potentialAction\":[{\"@type\":\"ReadAction\",\"target\":[\"https:\\\/\\\/radioljubuski.ba\\\/index.php\\\/2021\\\/06\\\/26\\\/iznenadujuce-otkrice-epidemija-koronavirusa-harala-je-istocnom-azijom-i-prije-20-000-godina\\\/\"]}]},{\"@type\":\"ImageObject\",\"inLanguage\":\"hr\",\"@id\":\"https:\\\/\\\/radioljubuski.ba\\\/index.php\\\/2021\\\/06\\\/26\\\/iznenadujuce-otkrice-epidemija-koronavirusa-harala-je-istocnom-azijom-i-prije-20-000-godina\\\/#primaryimage\",\"url\":\"https:\\\/\\\/radioljubuski.ba\\\/wp-content\\\/uploads\\\/2021\\\/05\\\/koronav.jpg\",\"contentUrl\":\"https:\\\/\\\/radioljubuski.ba\\\/wp-content\\\/uploads\\\/2021\\\/05\\\/koronav.jpg\",\"width\":275,\"height\":183},{\"@type\":\"BreadcrumbList\",\"@id\":\"https:\\\/\\\/radioljubuski.ba\\\/index.php\\\/2021\\\/06\\\/26\\\/iznenadujuce-otkrice-epidemija-koronavirusa-harala-je-istocnom-azijom-i-prije-20-000-godina\\\/#breadcrumb\",\"itemListElement\":[{\"@type\":\"ListItem\",\"position\":1,\"name\":\"Po\u010detna stranica\",\"item\":\"https:\\\/\\\/radioljubuski.ba\\\/\"},{\"@type\":\"ListItem\",\"position\":2,\"name\":\"Iznena\u0111uju\u0107e otkri\u0107e: Epidemija koronavirusa harala je isto\u010dnom Azijom i prije 20.000 godina\"}]},{\"@type\":\"WebSite\",\"@id\":\"https:\\\/\\\/radioljubuski.ba\\\/#website\",\"url\":\"https:\\\/\\\/radioljubuski.ba\\\/\",\"name\":\"Radio Ljubu\u0161ki\",\"description\":\"Sun\u010dana frekvencija Hercegovine\",\"publisher\":{\"@id\":\"https:\\\/\\\/radioljubuski.ba\\\/#organization\"},\"potentialAction\":[{\"@type\":\"SearchAction\",\"target\":{\"@type\":\"EntryPoint\",\"urlTemplate\":\"https:\\\/\\\/radioljubuski.ba\\\/?s={search_term_string}\"},\"query-input\":{\"@type\":\"PropertyValueSpecification\",\"valueRequired\":true,\"valueName\":\"search_term_string\"}}],\"inLanguage\":\"hr\"},{\"@type\":\"Organization\",\"@id\":\"https:\\\/\\\/radioljubuski.ba\\\/#organization\",\"name\":\"Radio Ljubu\u0161ki\",\"url\":\"https:\\\/\\\/radioljubuski.ba\\\/\",\"logo\":{\"@type\":\"ImageObject\",\"inLanguage\":\"hr\",\"@id\":\"https:\\\/\\\/radioljubuski.ba\\\/#\\\/schema\\\/logo\\\/image\\\/\",\"url\":\"https:\\\/\\\/radioljubuski.ba\\\/wp-content\\\/uploads\\\/2021\\\/02\\\/cropped-Radio_Ljubuski_logo1.jpg\",\"contentUrl\":\"https:\\\/\\\/radioljubuski.ba\\\/wp-content\\\/uploads\\\/2021\\\/02\\\/cropped-Radio_Ljubuski_logo1.jpg\",\"width\":512,\"height\":512,\"caption\":\"Radio Ljubu\u0161ki\"},\"image\":{\"@id\":\"https:\\\/\\\/radioljubuski.ba\\\/#\\\/schema\\\/logo\\\/image\\\/\"},\"sameAs\":[\"https:\\\/\\\/www.facebook.com\\\/Radiio-Ljubuski-1490835324566332\",\"https:\\\/\\\/x.com\\\/radioljubuski\",\"https:\\\/\\\/hr.linkedin.com\\\/company\\\/radio-ljubuski\",\"https:\\\/\\\/www.youtube.com\\\/channel\\\/UCHYaeO_n0Db3tjNGudGpXyw\"]},{\"@type\":\"Person\",\"@id\":\"https:\\\/\\\/radioljubuski.ba\\\/#\\\/schema\\\/person\\\/19fc700381a780f69665d7956c469e3b\",\"name\":\"Radio Ljubu\u0161ki\"}]}<\/script>\n<!-- \/ Yoast SEO plugin. -->","yoast_head_json":{"title":"Iznena\u0111uju\u0107e otkri\u0107e: Epidemija koronavirusa harala je isto\u010dnom Azijom i prije 20.000 godina - RADIO LJUBU\u0160KI","robots":{"index":"index","follow":"follow","max-snippet":"max-snippet:-1","max-image-preview":"max-image-preview:large","max-video-preview":"max-video-preview:-1"},"canonical":"https:\/\/radioljubuski.ba\/index.php\/2021\/06\/26\/iznenadujuce-otkrice-epidemija-koronavirusa-harala-je-istocnom-azijom-i-prije-20-000-godina\/","og_locale":"hr_HR","og_type":"article","og_title":"Iznena\u0111uju\u0107e otkri\u0107e: Epidemija koronavirusa harala je isto\u010dnom Azijom i prije 20.000 godina - RADIO LJUBU\u0160KI","og_description":"Znanstvenici su otkrili da je epidemija koronavirusa harala u isto\u010dnoj Aziji prije vi\u0161e od 20.000 godina, pi\u0161e agencija dpa. Tragovi epidemije prona\u0111eni su u genima stanovnika tog podru\u010dja, kazali su. U zadnjih 20 godina, dogodile su se tri velike epidemije koronavirusa. To su SARS (Te\u0161ki akutni respiratorni sindrom), koji se pojavio u Kini 2002. i [&hellip;]","og_url":"https:\/\/radioljubuski.ba\/index.php\/2021\/06\/26\/iznenadujuce-otkrice-epidemija-koronavirusa-harala-je-istocnom-azijom-i-prije-20-000-godina\/","og_site_name":"RADIO LJUBU\u0160KI","article_publisher":"https:\/\/www.facebook.com\/Radiio-Ljubuski-1490835324566332","article_published_time":"2021-06-26T10:08:10+00:00","article_modified_time":"2021-06-26T10:08:11+00:00","og_image":[{"width":275,"height":183,"url":"https:\/\/radioljubuski.ba\/wp-content\/uploads\/2021\/05\/koronav.jpg","type":"image\/jpeg"}],"author":"Radio Ljubu\u0161ki","twitter_card":"summary_large_image","twitter_creator":"@radioljubuski","twitter_site":"@radioljubuski","twitter_misc":{"Napisao\/la":"Radio Ljubu\u0161ki","Procijenjeno vrijeme \u010ditanja":"2 minute"},"schema":{"@context":"https:\/\/schema.org","@graph":[{"@type":"Article","@id":"https:\/\/radioljubuski.ba\/index.php\/2021\/06\/26\/iznenadujuce-otkrice-epidemija-koronavirusa-harala-je-istocnom-azijom-i-prije-20-000-godina\/#article","isPartOf":{"@id":"https:\/\/radioljubuski.ba\/index.php\/2021\/06\/26\/iznenadujuce-otkrice-epidemija-koronavirusa-harala-je-istocnom-azijom-i-prije-20-000-godina\/"},"author":{"name":"Radio Ljubu\u0161ki","@id":"https:\/\/radioljubuski.ba\/#\/schema\/person\/19fc700381a780f69665d7956c469e3b"},"headline":"Iznena\u0111uju\u0107e otkri\u0107e: Epidemija koronavirusa harala je isto\u010dnom Azijom i prije 20.000 godina","datePublished":"2021-06-26T10:08:10+00:00","dateModified":"2021-06-26T10:08:11+00:00","mainEntityOfPage":{"@id":"https:\/\/radioljubuski.ba\/index.php\/2021\/06\/26\/iznenadujuce-otkrice-epidemija-koronavirusa-harala-je-istocnom-azijom-i-prije-20-000-godina\/"},"wordCount":420,"publisher":{"@id":"https:\/\/radioljubuski.ba\/#organization"},"image":{"@id":"https:\/\/radioljubuski.ba\/index.php\/2021\/06\/26\/iznenadujuce-otkrice-epidemija-koronavirusa-harala-je-istocnom-azijom-i-prije-20-000-godina\/#primaryimage"},"thumbnailUrl":"https:\/\/radioljubuski.ba\/wp-content\/uploads\/2021\/05\/koronav.jpg","articleSection":["BIH i regija"],"inLanguage":"hr"},{"@type":"WebPage","@id":"https:\/\/radioljubuski.ba\/index.php\/2021\/06\/26\/iznenadujuce-otkrice-epidemija-koronavirusa-harala-je-istocnom-azijom-i-prije-20-000-godina\/","url":"https:\/\/radioljubuski.ba\/index.php\/2021\/06\/26\/iznenadujuce-otkrice-epidemija-koronavirusa-harala-je-istocnom-azijom-i-prije-20-000-godina\/","name":"Iznena\u0111uju\u0107e otkri\u0107e: Epidemija koronavirusa harala je isto\u010dnom Azijom i prije 20.000 godina - RADIO LJUBU\u0160KI","isPartOf":{"@id":"https:\/\/radioljubuski.ba\/#website"},"primaryImageOfPage":{"@id":"https:\/\/radioljubuski.ba\/index.php\/2021\/06\/26\/iznenadujuce-otkrice-epidemija-koronavirusa-harala-je-istocnom-azijom-i-prije-20-000-godina\/#primaryimage"},"image":{"@id":"https:\/\/radioljubuski.ba\/index.php\/2021\/06\/26\/iznenadujuce-otkrice-epidemija-koronavirusa-harala-je-istocnom-azijom-i-prije-20-000-godina\/#primaryimage"},"thumbnailUrl":"https:\/\/radioljubuski.ba\/wp-content\/uploads\/2021\/05\/koronav.jpg","datePublished":"2021-06-26T10:08:10+00:00","dateModified":"2021-06-26T10:08:11+00:00","breadcrumb":{"@id":"https:\/\/radioljubuski.ba\/index.php\/2021\/06\/26\/iznenadujuce-otkrice-epidemija-koronavirusa-harala-je-istocnom-azijom-i-prije-20-000-godina\/#breadcrumb"},"inLanguage":"hr","potentialAction":[{"@type":"ReadAction","target":["https:\/\/radioljubuski.ba\/index.php\/2021\/06\/26\/iznenadujuce-otkrice-epidemija-koronavirusa-harala-je-istocnom-azijom-i-prije-20-000-godina\/"]}]},{"@type":"ImageObject","inLanguage":"hr","@id":"https:\/\/radioljubuski.ba\/index.php\/2021\/06\/26\/iznenadujuce-otkrice-epidemija-koronavirusa-harala-je-istocnom-azijom-i-prije-20-000-godina\/#primaryimage","url":"https:\/\/radioljubuski.ba\/wp-content\/uploads\/2021\/05\/koronav.jpg","contentUrl":"https:\/\/radioljubuski.ba\/wp-content\/uploads\/2021\/05\/koronav.jpg","width":275,"height":183},{"@type":"BreadcrumbList","@id":"https:\/\/radioljubuski.ba\/index.php\/2021\/06\/26\/iznenadujuce-otkrice-epidemija-koronavirusa-harala-je-istocnom-azijom-i-prije-20-000-godina\/#breadcrumb","itemListElement":[{"@type":"ListItem","position":1,"name":"Po\u010detna stranica","item":"https:\/\/radioljubuski.ba\/"},{"@type":"ListItem","position":2,"name":"Iznena\u0111uju\u0107e otkri\u0107e: Epidemija koronavirusa harala je isto\u010dnom Azijom i prije 20.000 godina"}]},{"@type":"WebSite","@id":"https:\/\/radioljubuski.ba\/#website","url":"https:\/\/radioljubuski.ba\/","name":"Radio Ljubu\u0161ki","description":"Sun\u010dana frekvencija Hercegovine","publisher":{"@id":"https:\/\/radioljubuski.ba\/#organization"},"potentialAction":[{"@type":"SearchAction","target":{"@type":"EntryPoint","urlTemplate":"https:\/\/radioljubuski.ba\/?s={search_term_string}"},"query-input":{"@type":"PropertyValueSpecification","valueRequired":true,"valueName":"search_term_string"}}],"inLanguage":"hr"},{"@type":"Organization","@id":"https:\/\/radioljubuski.ba\/#organization","name":"Radio Ljubu\u0161ki","url":"https:\/\/radioljubuski.ba\/","logo":{"@type":"ImageObject","inLanguage":"hr","@id":"https:\/\/radioljubuski.ba\/#\/schema\/logo\/image\/","url":"https:\/\/radioljubuski.ba\/wp-content\/uploads\/2021\/02\/cropped-Radio_Ljubuski_logo1.jpg","contentUrl":"https:\/\/radioljubuski.ba\/wp-content\/uploads\/2021\/02\/cropped-Radio_Ljubuski_logo1.jpg","width":512,"height":512,"caption":"Radio Ljubu\u0161ki"},"image":{"@id":"https:\/\/radioljubuski.ba\/#\/schema\/logo\/image\/"},"sameAs":["https:\/\/www.facebook.com\/Radiio-Ljubuski-1490835324566332","https:\/\/x.com\/radioljubuski","https:\/\/hr.linkedin.com\/company\/radio-ljubuski","https:\/\/www.youtube.com\/channel\/UCHYaeO_n0Db3tjNGudGpXyw"]},{"@type":"Person","@id":"https:\/\/radioljubuski.ba\/#\/schema\/person\/19fc700381a780f69665d7956c469e3b","name":"Radio Ljubu\u0161ki"}]}},"_links":{"self":[{"href":"https:\/\/radioljubuski.ba\/index.php\/wp-json\/wp\/v2\/posts\/35989","targetHints":{"allow":["GET"]}}],"collection":[{"href":"https:\/\/radioljubuski.ba\/index.php\/wp-json\/wp\/v2\/posts"}],"about":[{"href":"https:\/\/radioljubuski.ba\/index.php\/wp-json\/wp\/v2\/types\/post"}],"author":[{"embeddable":true,"href":"https:\/\/radioljubuski.ba\/index.php\/wp-json\/wp\/v2\/users\/2"}],"replies":[{"embeddable":true,"href":"https:\/\/radioljubuski.ba\/index.php\/wp-json\/wp\/v2\/comments?post=35989"}],"version-history":[{"count":1,"href":"https:\/\/radioljubuski.ba\/index.php\/wp-json\/wp\/v2\/posts\/35989\/revisions"}],"predecessor-version":[{"id":35990,"href":"https:\/\/radioljubuski.ba\/index.php\/wp-json\/wp\/v2\/posts\/35989\/revisions\/35990"}],"wp:featuredmedia":[{"embeddable":true,"href":"https:\/\/radioljubuski.ba\/index.php\/wp-json\/wp\/v2\/media\/21687"}],"wp:attachment":[{"href":"https:\/\/radioljubuski.ba\/index.php\/wp-json\/wp\/v2\/media?parent=35989"}],"wp:term":[{"taxonomy":"category","embeddable":true,"href":"https:\/\/radioljubuski.ba\/index.php\/wp-json\/wp\/v2\/categories?post=35989"},{"taxonomy":"post_tag","embeddable":true,"href":"https:\/\/radioljubuski.ba\/index.php\/wp-json\/wp\/v2\/tags?post=35989"}],"curies":[{"name":"wp","href":"https:\/\/api.w.org\/{rel}","templated":true}]}}