{"id":36009,"date":"2021-06-26T13:42:08","date_gmt":"2021-06-26T12:42:08","guid":{"rendered":"https:\/\/radioljubuski.ba\/?p=36009"},"modified":"2021-06-26T13:42:09","modified_gmt":"2021-06-26T12:42:09","slug":"26-lipnja-1991-napad-agresora-na-policijsku-postaju-u-glini-pocetak-rata-na-banovini","status":"publish","type":"post","link":"https:\/\/radioljubuski.ba\/index.php\/2021\/06\/26\/26-lipnja-1991-napad-agresora-na-policijsku-postaju-u-glini-pocetak-rata-na-banovini\/","title":{"rendered":"26. lipnja 1991. Napad agresora na policijsku postaju u Glini: Po\u010detak rata na Banovini"},"content":{"rendered":"\n<p><strong>U ranim jutarnjim satima 26. lipnja 1991. srpske paramilicije potpomognute jedinicama JNA napale su policijsku postaju u gradu Glini. Time je zapo\u010deo krvavi rat na Banovini u kojem su \u017eivote izgubili mnogi Hrvati s tog podru\u010dja, a sve hrvatsko stanovni\u0161tvo je bilo protjerano sa svih podru\u010dja Banovine gdje su \u017eivjeli.<\/strong><\/p>\n\n\n\n<p>Rat se ubrzo pro\u0161irio na ostale dijelove Banovine: Hrvatsku Kostajnicu, Hrvatsku Dubicu, Petrinju, Topusko i druga mjesta koja su postala \u017eari\u0161ta velikih sukoba hrvatskih gardista i policajaca sa JNA, doma\u0107im \u010detnicima, kao i onima koji su do\u0161li iz Srbije.<\/p>\n\n\n\n<p><strong>Napad na policijsku postaju u Glini<\/strong><\/p>\n\n\n\n<p>Nakon \u0161to je sabor RH donio odluku o uspostavljanju suverene i nezavisne Republike Hrvatske 25. lipnja 1991. jedinice JNA zapo\u010dinju sa razmje\u0161tanjem po unaprijed odre\u0111enim strate\u0161kim pozicijama. Kao razloge su naveli da samo \u201euspostavljaju tampon zone izme\u0111u pobunjenika koji se nisu slagali sa novom vla\u0161\u0107u i ostalog stanovni\u0161tva\u201c. Situacija je jako napeta i u Glini gdje JNA zauzima pozicije sa 30 oklopnih vozila i kontrolira policijsku postaju u gradu u kojoj su bili hrvatski policajci.<\/p>\n\n\n\n<p>Me\u0111utim, da uloga jedinica nije bila odr\u017eavanje mira pokazuje drugo jutro 26. lipnja 1991. kada dobro naoru\u017eani pobunjenici napadaju policijsku postaju. U tom napadu gine policajac Tomislav Rom dok je pet policajaca ranjeno. \u0160esnaest hrvatskih policajaca paravojne srpske formacije zarobljavaju i odvode u zatvor smje\u0161ten u gradu Kninu. Sve se to doga\u0111a pred jedinicama JNA koje samo promatraju \u0161to se doga\u0111a. Iako su paravojne formacije uspjele zauzeti PP Glina ubrzo u grad sti\u017eu specijalne jedinice ATJ Lu\u010dko koje stavljaju postaju pod svoj nadzor. Nakon \u0161to su specijalci zauzeli policijsku postaju oko nje se po\u010dinju razmje\u0161tati oklopnjaci JNA otvoreno pokazuju\u0107i na \u010dijoj su strani.<\/p>\n\n\n\n<p><strong>JNA na strani pobunjenika<\/strong><\/p>\n\n\n\n<p>Kako su jedinice JNA dr\u017eale policijsku postaju u okru\u017eenju, a sa njom i policajce u postaji, paravojne formacije su bez problema uspostavljale kontrolu nad gotovo cijelim gradom. Jedino nisu mogli zauzeti postaju i dio grada prema Petrinji pod imenom Jukinac jer su te polo\u017eaje dr\u017eale policijske snage. Dana 27. srpnja 1991., ohrabrene zbog pomo\u0107i koju su dobivale od JNA, neprijateljske paravojne formacije kre\u0107u u kona\u010dan napad na policijsku postaju i naselje Jukinac te zauzimaju grad. Pripadnici policije se zajedno sa stanovni\u0161tvom povla\u010de prema Gornjem i Donjem Vidu\u0161evcu koji uskoro tako\u0111er dolaze na udar neprijatelja.<\/p>\n\n\n\n<p><strong>Ratni zlo\u010dinac \u201ekapetan Dragan\u201c sudjelovao u napadu na Glinu<\/strong><\/p>\n\n\n\n<p>U napadima na Glinu po prvi puta se spominje i <strong>Dragan Vasiljkovi\u0107<\/strong> poznatiji kao Kapetan Dragan, ina\u010de povratnik iz Australije koji u vojnom kampu Golubi\u0107 kraj Knina uspostavlja bazu za obuku specijalnih jedinica. Kapetan Dragan je osmislio i proveo napad na Glinu, a postoji i snimka na kojoj se nalazi pred policijskom postajom i govori pored osvojenog policijskog bova. Ina\u010de, Kapetan Dragan je osmislio i operaciju \u201e\u017daoka\u201c no ta operacija je ve\u0107 na samom po\u010detku do\u017eivjela neuspjeh sve dok se, kao i u slu\u010daju Gline, nisu uplele jedinice JNA koje su pobunjenicima pru\u017eile neophodnu pomo\u0107 da nastave sa agresijom.<\/p>\n\n\n\n<p><em>* Ovaj tekst sufinanciran je sredstvima Fonda za poticanje pluralizma i raznovrsnosti elektroni\u010dkih medija<\/em><\/p>\n\n\n\n<p><em>Izvor: narod.hr<\/em><\/p>\n","protected":false},"excerpt":{"rendered":"<p>U ranim jutarnjim satima 26. lipnja 1991. srpske paramilicije potpomognute jedinicama JNA napale su policijsku postaju u gradu Glini. Time je zapo\u010deo krvavi rat na Banovini u kojem su \u017eivote izgubili mnogi Hrvati s tog podru\u010dja, a sve hrvatsko stanovni\u0161tvo je bilo protjerano sa svih podru\u010dja Banovine gdje su \u017eivjeli. Rat se ubrzo pro\u0161irio na [&hellip;]<\/p>\n","protected":false},"author":2,"featured_media":36010,"comment_status":"closed","ping_status":"closed","sticky":false,"template":"","format":"standard","meta":{"h5ap_radio_sources":[],"footnotes":""},"categories":[1],"tags":[],"class_list":["post-36009","post","type-post","status-publish","format-standard","has-post-thumbnail","hentry","category-bihiregija"],"yoast_head":"<!-- This site is optimized with the Yoast SEO plugin v27.5 - https:\/\/yoast.com\/product\/yoast-seo-wordpress\/ -->\n<title>26. lipnja 1991. Napad agresora na policijsku postaju u Glini: Po\u010detak rata na Banovini - RADIO LJUBU\u0160KI<\/title>\n<meta name=\"robots\" content=\"index, follow, max-snippet:-1, max-image-preview:large, max-video-preview:-1\" \/>\n<link rel=\"canonical\" href=\"https:\/\/radioljubuski.ba\/index.php\/2021\/06\/26\/26-lipnja-1991-napad-agresora-na-policijsku-postaju-u-glini-pocetak-rata-na-banovini\/\" \/>\n<meta property=\"og:locale\" content=\"hr_HR\" \/>\n<meta property=\"og:type\" content=\"article\" \/>\n<meta property=\"og:title\" content=\"26. lipnja 1991. Napad agresora na policijsku postaju u Glini: Po\u010detak rata na Banovini - RADIO LJUBU\u0160KI\" \/>\n<meta property=\"og:description\" content=\"U ranim jutarnjim satima 26. lipnja 1991. srpske paramilicije potpomognute jedinicama JNA napale su policijsku postaju u gradu Glini. Time je zapo\u010deo krvavi rat na Banovini u kojem su \u017eivote izgubili mnogi Hrvati s tog podru\u010dja, a sve hrvatsko stanovni\u0161tvo je bilo protjerano sa svih podru\u010dja Banovine gdje su \u017eivjeli. Rat se ubrzo pro\u0161irio na [&hellip;]\" \/>\n<meta property=\"og:url\" content=\"https:\/\/radioljubuski.ba\/index.php\/2021\/06\/26\/26-lipnja-1991-napad-agresora-na-policijsku-postaju-u-glini-pocetak-rata-na-banovini\/\" \/>\n<meta property=\"og:site_name\" content=\"RADIO LJUBU\u0160KI\" \/>\n<meta property=\"article:publisher\" content=\"https:\/\/www.facebook.com\/Radiio-Ljubuski-1490835324566332\" \/>\n<meta property=\"article:published_time\" content=\"2021-06-26T12:42:08+00:00\" \/>\n<meta property=\"article:modified_time\" content=\"2021-06-26T12:42:09+00:00\" \/>\n<meta property=\"og:image\" content=\"https:\/\/radioljubuski.ba\/wp-content\/uploads\/2021\/06\/napad-na-policijsku-postaju-u-glini-696x395-1.jpg\" \/>\n\t<meta property=\"og:image:width\" content=\"696\" \/>\n\t<meta property=\"og:image:height\" content=\"395\" \/>\n\t<meta property=\"og:image:type\" content=\"image\/jpeg\" \/>\n<meta name=\"author\" content=\"Radio Ljubu\u0161ki\" \/>\n<meta name=\"twitter:card\" content=\"summary_large_image\" \/>\n<meta name=\"twitter:creator\" content=\"@radioljubuski\" \/>\n<meta name=\"twitter:site\" content=\"@radioljubuski\" \/>\n<meta name=\"twitter:label1\" content=\"Napisao\/la\" \/>\n\t<meta name=\"twitter:data1\" content=\"Radio Ljubu\u0161ki\" \/>\n\t<meta name=\"twitter:label2\" content=\"Procijenjeno vrijeme \u010ditanja\" \/>\n\t<meta name=\"twitter:data2\" content=\"3 minute\" \/>\n<script type=\"application\/ld+json\" class=\"yoast-schema-graph\">{\"@context\":\"https:\\\/\\\/schema.org\",\"@graph\":[{\"@type\":\"Article\",\"@id\":\"https:\\\/\\\/radioljubuski.ba\\\/index.php\\\/2021\\\/06\\\/26\\\/26-lipnja-1991-napad-agresora-na-policijsku-postaju-u-glini-pocetak-rata-na-banovini\\\/#article\",\"isPartOf\":{\"@id\":\"https:\\\/\\\/radioljubuski.ba\\\/index.php\\\/2021\\\/06\\\/26\\\/26-lipnja-1991-napad-agresora-na-policijsku-postaju-u-glini-pocetak-rata-na-banovini\\\/\"},\"author\":{\"name\":\"Radio Ljubu\u0161ki\",\"@id\":\"https:\\\/\\\/radioljubuski.ba\\\/#\\\/schema\\\/person\\\/19fc700381a780f69665d7956c469e3b\"},\"headline\":\"26. lipnja 1991. Napad agresora na policijsku postaju u Glini: Po\u010detak rata na Banovini\",\"datePublished\":\"2021-06-26T12:42:08+00:00\",\"dateModified\":\"2021-06-26T12:42:09+00:00\",\"mainEntityOfPage\":{\"@id\":\"https:\\\/\\\/radioljubuski.ba\\\/index.php\\\/2021\\\/06\\\/26\\\/26-lipnja-1991-napad-agresora-na-policijsku-postaju-u-glini-pocetak-rata-na-banovini\\\/\"},\"wordCount\":544,\"publisher\":{\"@id\":\"https:\\\/\\\/radioljubuski.ba\\\/#organization\"},\"image\":{\"@id\":\"https:\\\/\\\/radioljubuski.ba\\\/index.php\\\/2021\\\/06\\\/26\\\/26-lipnja-1991-napad-agresora-na-policijsku-postaju-u-glini-pocetak-rata-na-banovini\\\/#primaryimage\"},\"thumbnailUrl\":\"https:\\\/\\\/radioljubuski.ba\\\/wp-content\\\/uploads\\\/2021\\\/06\\\/napad-na-policijsku-postaju-u-glini-696x395-1.jpg\",\"articleSection\":[\"BIH i regija\"],\"inLanguage\":\"hr\"},{\"@type\":\"WebPage\",\"@id\":\"https:\\\/\\\/radioljubuski.ba\\\/index.php\\\/2021\\\/06\\\/26\\\/26-lipnja-1991-napad-agresora-na-policijsku-postaju-u-glini-pocetak-rata-na-banovini\\\/\",\"url\":\"https:\\\/\\\/radioljubuski.ba\\\/index.php\\\/2021\\\/06\\\/26\\\/26-lipnja-1991-napad-agresora-na-policijsku-postaju-u-glini-pocetak-rata-na-banovini\\\/\",\"name\":\"26. lipnja 1991. Napad agresora na policijsku postaju u Glini: Po\u010detak rata na Banovini - RADIO LJUBU\u0160KI\",\"isPartOf\":{\"@id\":\"https:\\\/\\\/radioljubuski.ba\\\/#website\"},\"primaryImageOfPage\":{\"@id\":\"https:\\\/\\\/radioljubuski.ba\\\/index.php\\\/2021\\\/06\\\/26\\\/26-lipnja-1991-napad-agresora-na-policijsku-postaju-u-glini-pocetak-rata-na-banovini\\\/#primaryimage\"},\"image\":{\"@id\":\"https:\\\/\\\/radioljubuski.ba\\\/index.php\\\/2021\\\/06\\\/26\\\/26-lipnja-1991-napad-agresora-na-policijsku-postaju-u-glini-pocetak-rata-na-banovini\\\/#primaryimage\"},\"thumbnailUrl\":\"https:\\\/\\\/radioljubuski.ba\\\/wp-content\\\/uploads\\\/2021\\\/06\\\/napad-na-policijsku-postaju-u-glini-696x395-1.jpg\",\"datePublished\":\"2021-06-26T12:42:08+00:00\",\"dateModified\":\"2021-06-26T12:42:09+00:00\",\"breadcrumb\":{\"@id\":\"https:\\\/\\\/radioljubuski.ba\\\/index.php\\\/2021\\\/06\\\/26\\\/26-lipnja-1991-napad-agresora-na-policijsku-postaju-u-glini-pocetak-rata-na-banovini\\\/#breadcrumb\"},\"inLanguage\":\"hr\",\"potentialAction\":[{\"@type\":\"ReadAction\",\"target\":[\"https:\\\/\\\/radioljubuski.ba\\\/index.php\\\/2021\\\/06\\\/26\\\/26-lipnja-1991-napad-agresora-na-policijsku-postaju-u-glini-pocetak-rata-na-banovini\\\/\"]}]},{\"@type\":\"ImageObject\",\"inLanguage\":\"hr\",\"@id\":\"https:\\\/\\\/radioljubuski.ba\\\/index.php\\\/2021\\\/06\\\/26\\\/26-lipnja-1991-napad-agresora-na-policijsku-postaju-u-glini-pocetak-rata-na-banovini\\\/#primaryimage\",\"url\":\"https:\\\/\\\/radioljubuski.ba\\\/wp-content\\\/uploads\\\/2021\\\/06\\\/napad-na-policijsku-postaju-u-glini-696x395-1.jpg\",\"contentUrl\":\"https:\\\/\\\/radioljubuski.ba\\\/wp-content\\\/uploads\\\/2021\\\/06\\\/napad-na-policijsku-postaju-u-glini-696x395-1.jpg\",\"width\":696,\"height\":395},{\"@type\":\"BreadcrumbList\",\"@id\":\"https:\\\/\\\/radioljubuski.ba\\\/index.php\\\/2021\\\/06\\\/26\\\/26-lipnja-1991-napad-agresora-na-policijsku-postaju-u-glini-pocetak-rata-na-banovini\\\/#breadcrumb\",\"itemListElement\":[{\"@type\":\"ListItem\",\"position\":1,\"name\":\"Po\u010detna stranica\",\"item\":\"https:\\\/\\\/radioljubuski.ba\\\/\"},{\"@type\":\"ListItem\",\"position\":2,\"name\":\"26. lipnja 1991. Napad agresora na policijsku postaju u Glini: Po\u010detak rata na Banovini\"}]},{\"@type\":\"WebSite\",\"@id\":\"https:\\\/\\\/radioljubuski.ba\\\/#website\",\"url\":\"https:\\\/\\\/radioljubuski.ba\\\/\",\"name\":\"Radio Ljubu\u0161ki\",\"description\":\"Sun\u010dana frekvencija Hercegovine\",\"publisher\":{\"@id\":\"https:\\\/\\\/radioljubuski.ba\\\/#organization\"},\"potentialAction\":[{\"@type\":\"SearchAction\",\"target\":{\"@type\":\"EntryPoint\",\"urlTemplate\":\"https:\\\/\\\/radioljubuski.ba\\\/?s={search_term_string}\"},\"query-input\":{\"@type\":\"PropertyValueSpecification\",\"valueRequired\":true,\"valueName\":\"search_term_string\"}}],\"inLanguage\":\"hr\"},{\"@type\":\"Organization\",\"@id\":\"https:\\\/\\\/radioljubuski.ba\\\/#organization\",\"name\":\"Radio Ljubu\u0161ki\",\"url\":\"https:\\\/\\\/radioljubuski.ba\\\/\",\"logo\":{\"@type\":\"ImageObject\",\"inLanguage\":\"hr\",\"@id\":\"https:\\\/\\\/radioljubuski.ba\\\/#\\\/schema\\\/logo\\\/image\\\/\",\"url\":\"https:\\\/\\\/radioljubuski.ba\\\/wp-content\\\/uploads\\\/2021\\\/02\\\/cropped-Radio_Ljubuski_logo1.jpg\",\"contentUrl\":\"https:\\\/\\\/radioljubuski.ba\\\/wp-content\\\/uploads\\\/2021\\\/02\\\/cropped-Radio_Ljubuski_logo1.jpg\",\"width\":512,\"height\":512,\"caption\":\"Radio Ljubu\u0161ki\"},\"image\":{\"@id\":\"https:\\\/\\\/radioljubuski.ba\\\/#\\\/schema\\\/logo\\\/image\\\/\"},\"sameAs\":[\"https:\\\/\\\/www.facebook.com\\\/Radiio-Ljubuski-1490835324566332\",\"https:\\\/\\\/x.com\\\/radioljubuski\",\"https:\\\/\\\/hr.linkedin.com\\\/company\\\/radio-ljubuski\",\"https:\\\/\\\/www.youtube.com\\\/channel\\\/UCHYaeO_n0Db3tjNGudGpXyw\"]},{\"@type\":\"Person\",\"@id\":\"https:\\\/\\\/radioljubuski.ba\\\/#\\\/schema\\\/person\\\/19fc700381a780f69665d7956c469e3b\",\"name\":\"Radio Ljubu\u0161ki\"}]}<\/script>\n<!-- \/ Yoast SEO plugin. -->","yoast_head_json":{"title":"26. lipnja 1991. Napad agresora na policijsku postaju u Glini: Po\u010detak rata na Banovini - RADIO LJUBU\u0160KI","robots":{"index":"index","follow":"follow","max-snippet":"max-snippet:-1","max-image-preview":"max-image-preview:large","max-video-preview":"max-video-preview:-1"},"canonical":"https:\/\/radioljubuski.ba\/index.php\/2021\/06\/26\/26-lipnja-1991-napad-agresora-na-policijsku-postaju-u-glini-pocetak-rata-na-banovini\/","og_locale":"hr_HR","og_type":"article","og_title":"26. lipnja 1991. Napad agresora na policijsku postaju u Glini: Po\u010detak rata na Banovini - RADIO LJUBU\u0160KI","og_description":"U ranim jutarnjim satima 26. lipnja 1991. srpske paramilicije potpomognute jedinicama JNA napale su policijsku postaju u gradu Glini. Time je zapo\u010deo krvavi rat na Banovini u kojem su \u017eivote izgubili mnogi Hrvati s tog podru\u010dja, a sve hrvatsko stanovni\u0161tvo je bilo protjerano sa svih podru\u010dja Banovine gdje su \u017eivjeli. Rat se ubrzo pro\u0161irio na [&hellip;]","og_url":"https:\/\/radioljubuski.ba\/index.php\/2021\/06\/26\/26-lipnja-1991-napad-agresora-na-policijsku-postaju-u-glini-pocetak-rata-na-banovini\/","og_site_name":"RADIO LJUBU\u0160KI","article_publisher":"https:\/\/www.facebook.com\/Radiio-Ljubuski-1490835324566332","article_published_time":"2021-06-26T12:42:08+00:00","article_modified_time":"2021-06-26T12:42:09+00:00","og_image":[{"width":696,"height":395,"url":"https:\/\/radioljubuski.ba\/wp-content\/uploads\/2021\/06\/napad-na-policijsku-postaju-u-glini-696x395-1.jpg","type":"image\/jpeg"}],"author":"Radio Ljubu\u0161ki","twitter_card":"summary_large_image","twitter_creator":"@radioljubuski","twitter_site":"@radioljubuski","twitter_misc":{"Napisao\/la":"Radio Ljubu\u0161ki","Procijenjeno vrijeme \u010ditanja":"3 minute"},"schema":{"@context":"https:\/\/schema.org","@graph":[{"@type":"Article","@id":"https:\/\/radioljubuski.ba\/index.php\/2021\/06\/26\/26-lipnja-1991-napad-agresora-na-policijsku-postaju-u-glini-pocetak-rata-na-banovini\/#article","isPartOf":{"@id":"https:\/\/radioljubuski.ba\/index.php\/2021\/06\/26\/26-lipnja-1991-napad-agresora-na-policijsku-postaju-u-glini-pocetak-rata-na-banovini\/"},"author":{"name":"Radio Ljubu\u0161ki","@id":"https:\/\/radioljubuski.ba\/#\/schema\/person\/19fc700381a780f69665d7956c469e3b"},"headline":"26. lipnja 1991. Napad agresora na policijsku postaju u Glini: Po\u010detak rata na Banovini","datePublished":"2021-06-26T12:42:08+00:00","dateModified":"2021-06-26T12:42:09+00:00","mainEntityOfPage":{"@id":"https:\/\/radioljubuski.ba\/index.php\/2021\/06\/26\/26-lipnja-1991-napad-agresora-na-policijsku-postaju-u-glini-pocetak-rata-na-banovini\/"},"wordCount":544,"publisher":{"@id":"https:\/\/radioljubuski.ba\/#organization"},"image":{"@id":"https:\/\/radioljubuski.ba\/index.php\/2021\/06\/26\/26-lipnja-1991-napad-agresora-na-policijsku-postaju-u-glini-pocetak-rata-na-banovini\/#primaryimage"},"thumbnailUrl":"https:\/\/radioljubuski.ba\/wp-content\/uploads\/2021\/06\/napad-na-policijsku-postaju-u-glini-696x395-1.jpg","articleSection":["BIH i regija"],"inLanguage":"hr"},{"@type":"WebPage","@id":"https:\/\/radioljubuski.ba\/index.php\/2021\/06\/26\/26-lipnja-1991-napad-agresora-na-policijsku-postaju-u-glini-pocetak-rata-na-banovini\/","url":"https:\/\/radioljubuski.ba\/index.php\/2021\/06\/26\/26-lipnja-1991-napad-agresora-na-policijsku-postaju-u-glini-pocetak-rata-na-banovini\/","name":"26. lipnja 1991. Napad agresora na policijsku postaju u Glini: Po\u010detak rata na Banovini - RADIO LJUBU\u0160KI","isPartOf":{"@id":"https:\/\/radioljubuski.ba\/#website"},"primaryImageOfPage":{"@id":"https:\/\/radioljubuski.ba\/index.php\/2021\/06\/26\/26-lipnja-1991-napad-agresora-na-policijsku-postaju-u-glini-pocetak-rata-na-banovini\/#primaryimage"},"image":{"@id":"https:\/\/radioljubuski.ba\/index.php\/2021\/06\/26\/26-lipnja-1991-napad-agresora-na-policijsku-postaju-u-glini-pocetak-rata-na-banovini\/#primaryimage"},"thumbnailUrl":"https:\/\/radioljubuski.ba\/wp-content\/uploads\/2021\/06\/napad-na-policijsku-postaju-u-glini-696x395-1.jpg","datePublished":"2021-06-26T12:42:08+00:00","dateModified":"2021-06-26T12:42:09+00:00","breadcrumb":{"@id":"https:\/\/radioljubuski.ba\/index.php\/2021\/06\/26\/26-lipnja-1991-napad-agresora-na-policijsku-postaju-u-glini-pocetak-rata-na-banovini\/#breadcrumb"},"inLanguage":"hr","potentialAction":[{"@type":"ReadAction","target":["https:\/\/radioljubuski.ba\/index.php\/2021\/06\/26\/26-lipnja-1991-napad-agresora-na-policijsku-postaju-u-glini-pocetak-rata-na-banovini\/"]}]},{"@type":"ImageObject","inLanguage":"hr","@id":"https:\/\/radioljubuski.ba\/index.php\/2021\/06\/26\/26-lipnja-1991-napad-agresora-na-policijsku-postaju-u-glini-pocetak-rata-na-banovini\/#primaryimage","url":"https:\/\/radioljubuski.ba\/wp-content\/uploads\/2021\/06\/napad-na-policijsku-postaju-u-glini-696x395-1.jpg","contentUrl":"https:\/\/radioljubuski.ba\/wp-content\/uploads\/2021\/06\/napad-na-policijsku-postaju-u-glini-696x395-1.jpg","width":696,"height":395},{"@type":"BreadcrumbList","@id":"https:\/\/radioljubuski.ba\/index.php\/2021\/06\/26\/26-lipnja-1991-napad-agresora-na-policijsku-postaju-u-glini-pocetak-rata-na-banovini\/#breadcrumb","itemListElement":[{"@type":"ListItem","position":1,"name":"Po\u010detna stranica","item":"https:\/\/radioljubuski.ba\/"},{"@type":"ListItem","position":2,"name":"26. lipnja 1991. Napad agresora na policijsku postaju u Glini: Po\u010detak rata na Banovini"}]},{"@type":"WebSite","@id":"https:\/\/radioljubuski.ba\/#website","url":"https:\/\/radioljubuski.ba\/","name":"Radio Ljubu\u0161ki","description":"Sun\u010dana frekvencija Hercegovine","publisher":{"@id":"https:\/\/radioljubuski.ba\/#organization"},"potentialAction":[{"@type":"SearchAction","target":{"@type":"EntryPoint","urlTemplate":"https:\/\/radioljubuski.ba\/?s={search_term_string}"},"query-input":{"@type":"PropertyValueSpecification","valueRequired":true,"valueName":"search_term_string"}}],"inLanguage":"hr"},{"@type":"Organization","@id":"https:\/\/radioljubuski.ba\/#organization","name":"Radio Ljubu\u0161ki","url":"https:\/\/radioljubuski.ba\/","logo":{"@type":"ImageObject","inLanguage":"hr","@id":"https:\/\/radioljubuski.ba\/#\/schema\/logo\/image\/","url":"https:\/\/radioljubuski.ba\/wp-content\/uploads\/2021\/02\/cropped-Radio_Ljubuski_logo1.jpg","contentUrl":"https:\/\/radioljubuski.ba\/wp-content\/uploads\/2021\/02\/cropped-Radio_Ljubuski_logo1.jpg","width":512,"height":512,"caption":"Radio Ljubu\u0161ki"},"image":{"@id":"https:\/\/radioljubuski.ba\/#\/schema\/logo\/image\/"},"sameAs":["https:\/\/www.facebook.com\/Radiio-Ljubuski-1490835324566332","https:\/\/x.com\/radioljubuski","https:\/\/hr.linkedin.com\/company\/radio-ljubuski","https:\/\/www.youtube.com\/channel\/UCHYaeO_n0Db3tjNGudGpXyw"]},{"@type":"Person","@id":"https:\/\/radioljubuski.ba\/#\/schema\/person\/19fc700381a780f69665d7956c469e3b","name":"Radio Ljubu\u0161ki"}]}},"_links":{"self":[{"href":"https:\/\/radioljubuski.ba\/index.php\/wp-json\/wp\/v2\/posts\/36009","targetHints":{"allow":["GET"]}}],"collection":[{"href":"https:\/\/radioljubuski.ba\/index.php\/wp-json\/wp\/v2\/posts"}],"about":[{"href":"https:\/\/radioljubuski.ba\/index.php\/wp-json\/wp\/v2\/types\/post"}],"author":[{"embeddable":true,"href":"https:\/\/radioljubuski.ba\/index.php\/wp-json\/wp\/v2\/users\/2"}],"replies":[{"embeddable":true,"href":"https:\/\/radioljubuski.ba\/index.php\/wp-json\/wp\/v2\/comments?post=36009"}],"version-history":[{"count":1,"href":"https:\/\/radioljubuski.ba\/index.php\/wp-json\/wp\/v2\/posts\/36009\/revisions"}],"predecessor-version":[{"id":36011,"href":"https:\/\/radioljubuski.ba\/index.php\/wp-json\/wp\/v2\/posts\/36009\/revisions\/36011"}],"wp:featuredmedia":[{"embeddable":true,"href":"https:\/\/radioljubuski.ba\/index.php\/wp-json\/wp\/v2\/media\/36010"}],"wp:attachment":[{"href":"https:\/\/radioljubuski.ba\/index.php\/wp-json\/wp\/v2\/media?parent=36009"}],"wp:term":[{"taxonomy":"category","embeddable":true,"href":"https:\/\/radioljubuski.ba\/index.php\/wp-json\/wp\/v2\/categories?post=36009"},{"taxonomy":"post_tag","embeddable":true,"href":"https:\/\/radioljubuski.ba\/index.php\/wp-json\/wp\/v2\/tags?post=36009"}],"curies":[{"name":"wp","href":"https:\/\/api.w.org\/{rel}","templated":true}]}}