{"id":36012,"date":"2021-06-26T13:43:23","date_gmt":"2021-06-26T12:43:23","guid":{"rendered":"https:\/\/radioljubuski.ba\/?p=36012"},"modified":"2021-06-26T13:43:24","modified_gmt":"2021-06-26T12:43:24","slug":"26-lipnja-roden-feliks-niedzielski-zasto-su-ga-komunisti-strijeljali-iako-je-spasavao-srbe","status":"publish","type":"post","link":"https:\/\/radioljubuski.ba\/index.php\/2021\/06\/26\/26-lipnja-roden-feliks-niedzielski-zasto-su-ga-komunisti-strijeljali-iako-je-spasavao-srbe\/","title":{"rendered":"26. lipnja ro\u0111en Feliks Niedzielski: Za\u0161to su ga komunisti strijeljali iako je spa\u0161avao Srbe?"},"content":{"rendered":"\n<p><em><strong>\u201eMi&nbsp;mnogo raspravljamo o raznim sistemima, prigovaramo ideologijama opre\u010dnim na\u0161em \u017eivotnom shva\u0107anju, ogovaramo pogrje\u0161ke svojih bli\u017enjih. Bilo bi mnogo korisnije da ispitamo same sebe te ustanovimo koliko u nama ima kr\u0161\u0107anstva, a koliko poganstva, jer evan\u0111elje nije poziv na vojnu protiv drugih, nego u prvom redu poziv na na\u0161e vlastito obra\u0107enje\u2026\u201c&nbsp;(Feliks Niedzielski)<\/strong><\/em><\/p>\n\n\n\n<p>Feliks Niedzielski ro\u0111en je 26. lipnja 1912. u Banjoj Luci. Njegov otac, Anton Nikodem, bio je potomak poljskih doseljenika, a majka Gjorgja, ro\u0111. Slavni\u0107, Srpkinja, pravoslavka ro\u0111ena u Vara\u017edinu koja je od Biskupskog ordinarijata zatra\u017eila odobrenje za sklapanje braka uz izjavu da \u0107e djecu odgajati u katoli\u010dkom duhu. Feliks je vrti\u0107 polazio kod sestara Klanjateljica Krvi Kristove. Kao gimnazijalac prou\u010dava i odu\u0161evljava se katoli\u010dkim socijalnim naukom, prati dru\u0161tvena, kulturna i politi\u010dka zbivanja te postaje aktivni zagovornik kr\u0161\u0107anskih i hrvatskih ideja.<\/p>\n\n\n\n<p>Godine 1933. stupio je u Kri\u017earsku organizaciju i prvi put javno nastupio predavanjem na kri\u017earskom te\u010daju. Dvije godine kasnije kao student objavljuje prvu knjigu: \u201eKritika marksizma\u201d. 1939. diplomirao je na Pravnom fakultetu u Zagrebu i postao odvjetni\u010dki pripravnik. Godinu dana kasnije postaje predsjednik Velikoga kri\u017earskog bratstva, stje\u010de doktorsku titulu i osniva dru\u0161tvo \u201ePreporod\u201d u Banjoj Luci. Od sije\u010dnja do travnja 1941. zaposlen je kao novinar u dnevniku \u201eHrvatski glas\u201d.<\/p>\n\n\n\n<p>Uspostavom Nezavisne Dr\u017eave Hrvatske radio je u \u017eupama u Tuzli i Banja Luci. Narod u Bosni i Hercegovini, napose Banja Luci i okolici, prozvao ga je zbog nesebi\u010dnog pomaganja \u201esrpskom majkom\u201c. Kada je 1941. godine do\u0161lo do te\u0161kih zlo\u010dina u Banja Luci, otvoreno se tome suprotstavio. Zbog prijetnji ubojstvom od pojedinih \u010dlanova usta\u0161ke organizacije, pobjegao je iz grada i sklonio na neko vrijeme u samostan.<\/p>\n\n\n\n<p>Godine 1944. preuzeo je du\u017enost upravnog zapovjednika usta\u0161ke mlade\u017ei te je podnio ostavku na du\u017enost u vodstvu Kri\u017earske organizacije, jer prema kri\u017earskim pravilima nije mogao istodobno biti u vodstvu i djelovati kao javni politi\u010dki radnik. Me\u0111utim i dalje je ostao \u010dlan Kri\u017earske organizacije. Prema njegovim izjavama, ali i izjavama drugih, usta\u0161kom pokretu pristupio je s naj\u010di\u0161\u0107im domoljubnim nakanama i \u017eeljama da sprje\u010dava zlo koje se u 2. Svjetskom ratu doga\u0111alo na podru\u010dju Nezavisne Dr\u017eave Hrvatske, te da hrvatsku mlade\u017e, koja je ve\u0107 bila uklju\u010dena u pokret, usmjerava prema pravim vrijednostima.<\/p>\n\n\n\n<p><strong>Za\u0161to su banjalu\u010dki Srbi tra\u017eili pomilovanje i oslobo\u0111enje Niedzielskog?<\/strong><\/p>\n\n\n\n<p>Pred komunisti\u010dkim se sudom mirno i odva\u017eno branio, isti\u010du\u0107i da mu se ni jedan zlo\u010din ne mo\u017ee staviti na teret. \u010cak su i brojni banjalu\u010dki Srbi stupili u njegovu obranu i sakupili potpise za njegovo oslobo\u0111enje. Ipak je osu\u0111en na smrt.&nbsp; Dana 20. velja\u010de 1947. godine strijeljan je u Banja Luci. U d\u017eepu je imao knji\u017eicu \u201eNasljeduj Krista\u201c i krunicu, a u knji\u017eici fotografiju svoje majke. Grob mu se nalazi u Boriku u Banja Luci i ni\u010dim nije obilje\u017een, te je nad njim danas izgra\u0111eno igrali\u0161te za mlade\u017e.<\/p>\n\n\n\n<p>\u010cinjenica da je za vrijeme rata u Banjoj Luci pomagao i od divljih elemenata u usta\u0161kom pokretu spasio mnoge ljude, osobito Srbe. Zbog toga su, u poratno vrijeme kada je to bilo opasno po \u017eivot, prikupljeni potpisi \u010dak 850 pravoslavnih obitelji koje su tra\u017eile njegovo osloba\u0111anje. Za komuniste je Niedzielski bio samo i isklju\u010divo \u201eduhovni ideolog krvavog usta\u0161kog pokreta\u201d te \u201e\u010dovjek koji je svoje kri\u017eare duhovno pripremao za krvave usta\u0161ke zlo\u010dine\u201d, te su zahtjevi srpskih obitelji ba\u010deni u sme\u0107e.<\/p>\n\n\n\n<p><strong>Glas Koncila izdao knjigu o Niedzelskom \u2013 \u0161to je sadr\u017eaj tog djela?<\/strong><\/p>\n\n\n\n<p>U okviru projekta Glasa Koncila \u201eHrvatska katoli\u010dka ba\u0161tina 20. stolje\u0107a\u201d \u2013 kojemu je, prema rije\u010dima mr. Bo\u017eidara Petra\u010da, cilj \u201esustavno, objektivno i cjelovito predstaviti laike i klerike koji su u odre\u0111enim razdobljima prakti\u010dno dominirali javnom kulturnom scenom ostaviv\u0161i neporeciv trag u mnogim disciplinama i podru\u010djima javnog \u017eivota, 2012. objavljena je knjiga izabranih eseja, \u010dlanaka i studija dr: Feliksa Niedzielskog pod naslovom \u201eSocijalni nauk, dru\u0161tvo i dr\u017eava\u201c. Knjigu je uredio i napisao predgovor Ivan \u010culo.<\/p>\n\n\n\n<p>U toj knjizi radova Felixa Niedzielskog&nbsp; \u010ditamo u predgovoru: \u201cSlu\u010daj Felixa Niedzielskog raskrinkava mitolo\u0161ke postavke i sofizme kojima je komunizam likvidirao svoje protivnike. Iako postoje brojni primjeri u kojima upravo komunisti, politi\u010dki neistomi\u0161ljenici i protivnici u ratu, zatim relevantni, osobito srpski povjesni\u010dari, kao ni onodobno ugro\u017eeno srpsko stanovni\u0161tvo ne prepoznaje niti smatra Felixa odgovornim za bilo kakve zlo\u010dine, on je, bez obzira na sve ljudske kvalitete koje je imao, strijeljan. Kad je strijeljan, nije imao vi\u0161e pretke, nije imao potomke, nije imao vlastite, a kamoli tu\u0111e imovine\u201c.<\/p>\n\n\n\n<p>Prema knjizi, put zlatne sredine izme\u0111u dvaju ekstrema, liberalizma (koji zastupa pretjerani individualizam) i marksizma (koji se fanati\u010dno zala\u017ee za kolektivizam) prema Niedzielskom je socijalni nauk Katoli\u010dke crkve sa svojim zahtjevom za solidarno\u0161\u0107u. Samo se taj srednji put podigao iznad materijalisti\u010dke baze, koja je zajedni\u010dka obim ekstremima te vodi vodi prema vi\u0161oj bazi metafizi\u010dkog realizma. \u201ePrema socijalnom nauku Crkve treba putem uredaba i popravljanja \u0107udore\u0111a stvoriti novi dru\u0161tveni poredak, koji \u0107e se izgraditi na temelju zdravog razuma, a usavr\u0161iti spasonosnom naukom evan\u0111elja, i u kojem \u0107e biti ostvarena ideja socijalne pravde okrunjene socijalnom ljubavlju\u201d, pi\u0161e Feliks Niedzielski.<\/p>\n\n\n\n<p><em>Izvor: narod.hr<\/em><\/p>\n","protected":false},"excerpt":{"rendered":"<p>\u201eMi&nbsp;mnogo raspravljamo o raznim sistemima, prigovaramo ideologijama opre\u010dnim na\u0161em \u017eivotnom shva\u0107anju, ogovaramo pogrje\u0161ke svojih bli\u017enjih. Bilo bi mnogo korisnije da ispitamo same sebe te ustanovimo koliko u nama ima kr\u0161\u0107anstva, a koliko poganstva, jer evan\u0111elje nije poziv na vojnu protiv drugih, nego u prvom redu poziv na na\u0161e vlastito obra\u0107enje\u2026\u201c&nbsp;(Feliks Niedzielski) Feliks Niedzielski ro\u0111en je [&hellip;]<\/p>\n","protected":false},"author":2,"featured_media":36013,"comment_status":"closed","ping_status":"closed","sticky":false,"template":"","format":"standard","meta":{"h5ap_radio_sources":[],"footnotes":""},"categories":[1],"tags":[],"class_list":["post-36012","post","type-post","status-publish","format-standard","has-post-thumbnail","hentry","category-bihiregija"],"yoast_head":"<!-- This site is optimized with the Yoast SEO plugin v27.5 - https:\/\/yoast.com\/product\/yoast-seo-wordpress\/ -->\n<title>26. lipnja ro\u0111en Feliks Niedzielski: Za\u0161to su ga komunisti strijeljali iako je spa\u0161avao Srbe? - RADIO LJUBU\u0160KI<\/title>\n<meta name=\"robots\" content=\"index, follow, max-snippet:-1, max-image-preview:large, max-video-preview:-1\" \/>\n<link rel=\"canonical\" href=\"https:\/\/radioljubuski.ba\/index.php\/2021\/06\/26\/26-lipnja-roden-feliks-niedzielski-zasto-su-ga-komunisti-strijeljali-iako-je-spasavao-srbe\/\" \/>\n<meta property=\"og:locale\" content=\"hr_HR\" \/>\n<meta property=\"og:type\" content=\"article\" \/>\n<meta property=\"og:title\" content=\"26. lipnja ro\u0111en Feliks Niedzielski: Za\u0161to su ga komunisti strijeljali iako je spa\u0161avao Srbe? - RADIO LJUBU\u0160KI\" \/>\n<meta property=\"og:description\" content=\"\u201eMi&nbsp;mnogo raspravljamo o raznim sistemima, prigovaramo ideologijama opre\u010dnim na\u0161em \u017eivotnom shva\u0107anju, ogovaramo pogrje\u0161ke svojih bli\u017enjih. Bilo bi mnogo korisnije da ispitamo same sebe te ustanovimo koliko u nama ima kr\u0161\u0107anstva, a koliko poganstva, jer evan\u0111elje nije poziv na vojnu protiv drugih, nego u prvom redu poziv na na\u0161e vlastito obra\u0107enje\u2026\u201c&nbsp;(Feliks Niedzielski) Feliks Niedzielski ro\u0111en je [&hellip;]\" \/>\n<meta property=\"og:url\" content=\"https:\/\/radioljubuski.ba\/index.php\/2021\/06\/26\/26-lipnja-roden-feliks-niedzielski-zasto-su-ga-komunisti-strijeljali-iako-je-spasavao-srbe\/\" \/>\n<meta property=\"og:site_name\" content=\"RADIO LJUBU\u0160KI\" \/>\n<meta property=\"article:publisher\" content=\"https:\/\/www.facebook.com\/Radiio-Ljubuski-1490835324566332\" \/>\n<meta property=\"article:published_time\" content=\"2021-06-26T12:43:23+00:00\" \/>\n<meta property=\"article:modified_time\" content=\"2021-06-26T12:43:24+00:00\" \/>\n<meta property=\"og:image\" content=\"https:\/\/radioljubuski.ba\/wp-content\/uploads\/2021\/06\/Feliks_Niedzielski.jpg\" \/>\n\t<meta property=\"og:image:width\" content=\"624\" \/>\n\t<meta property=\"og:image:height\" content=\"371\" \/>\n\t<meta property=\"og:image:type\" content=\"image\/jpeg\" \/>\n<meta name=\"author\" content=\"Radio Ljubu\u0161ki\" \/>\n<meta name=\"twitter:card\" content=\"summary_large_image\" \/>\n<meta name=\"twitter:creator\" content=\"@radioljubuski\" \/>\n<meta name=\"twitter:site\" content=\"@radioljubuski\" \/>\n<meta name=\"twitter:label1\" content=\"Napisao\/la\" \/>\n\t<meta name=\"twitter:data1\" content=\"Radio Ljubu\u0161ki\" \/>\n\t<meta name=\"twitter:label2\" content=\"Procijenjeno vrijeme \u010ditanja\" \/>\n\t<meta name=\"twitter:data2\" content=\"4 minute\" \/>\n<script type=\"application\/ld+json\" class=\"yoast-schema-graph\">{\"@context\":\"https:\\\/\\\/schema.org\",\"@graph\":[{\"@type\":\"Article\",\"@id\":\"https:\\\/\\\/radioljubuski.ba\\\/index.php\\\/2021\\\/06\\\/26\\\/26-lipnja-roden-feliks-niedzielski-zasto-su-ga-komunisti-strijeljali-iako-je-spasavao-srbe\\\/#article\",\"isPartOf\":{\"@id\":\"https:\\\/\\\/radioljubuski.ba\\\/index.php\\\/2021\\\/06\\\/26\\\/26-lipnja-roden-feliks-niedzielski-zasto-su-ga-komunisti-strijeljali-iako-je-spasavao-srbe\\\/\"},\"author\":{\"name\":\"Radio Ljubu\u0161ki\",\"@id\":\"https:\\\/\\\/radioljubuski.ba\\\/#\\\/schema\\\/person\\\/19fc700381a780f69665d7956c469e3b\"},\"headline\":\"26. lipnja ro\u0111en Feliks Niedzielski: Za\u0161to su ga komunisti strijeljali iako je spa\u0161avao Srbe?\",\"datePublished\":\"2021-06-26T12:43:23+00:00\",\"dateModified\":\"2021-06-26T12:43:24+00:00\",\"mainEntityOfPage\":{\"@id\":\"https:\\\/\\\/radioljubuski.ba\\\/index.php\\\/2021\\\/06\\\/26\\\/26-lipnja-roden-feliks-niedzielski-zasto-su-ga-komunisti-strijeljali-iako-je-spasavao-srbe\\\/\"},\"wordCount\":930,\"publisher\":{\"@id\":\"https:\\\/\\\/radioljubuski.ba\\\/#organization\"},\"image\":{\"@id\":\"https:\\\/\\\/radioljubuski.ba\\\/index.php\\\/2021\\\/06\\\/26\\\/26-lipnja-roden-feliks-niedzielski-zasto-su-ga-komunisti-strijeljali-iako-je-spasavao-srbe\\\/#primaryimage\"},\"thumbnailUrl\":\"https:\\\/\\\/radioljubuski.ba\\\/wp-content\\\/uploads\\\/2021\\\/06\\\/Feliks_Niedzielski.jpg\",\"articleSection\":[\"BIH i regija\"],\"inLanguage\":\"hr\"},{\"@type\":\"WebPage\",\"@id\":\"https:\\\/\\\/radioljubuski.ba\\\/index.php\\\/2021\\\/06\\\/26\\\/26-lipnja-roden-feliks-niedzielski-zasto-su-ga-komunisti-strijeljali-iako-je-spasavao-srbe\\\/\",\"url\":\"https:\\\/\\\/radioljubuski.ba\\\/index.php\\\/2021\\\/06\\\/26\\\/26-lipnja-roden-feliks-niedzielski-zasto-su-ga-komunisti-strijeljali-iako-je-spasavao-srbe\\\/\",\"name\":\"26. lipnja ro\u0111en Feliks Niedzielski: Za\u0161to su ga komunisti strijeljali iako je spa\u0161avao Srbe? - RADIO LJUBU\u0160KI\",\"isPartOf\":{\"@id\":\"https:\\\/\\\/radioljubuski.ba\\\/#website\"},\"primaryImageOfPage\":{\"@id\":\"https:\\\/\\\/radioljubuski.ba\\\/index.php\\\/2021\\\/06\\\/26\\\/26-lipnja-roden-feliks-niedzielski-zasto-su-ga-komunisti-strijeljali-iako-je-spasavao-srbe\\\/#primaryimage\"},\"image\":{\"@id\":\"https:\\\/\\\/radioljubuski.ba\\\/index.php\\\/2021\\\/06\\\/26\\\/26-lipnja-roden-feliks-niedzielski-zasto-su-ga-komunisti-strijeljali-iako-je-spasavao-srbe\\\/#primaryimage\"},\"thumbnailUrl\":\"https:\\\/\\\/radioljubuski.ba\\\/wp-content\\\/uploads\\\/2021\\\/06\\\/Feliks_Niedzielski.jpg\",\"datePublished\":\"2021-06-26T12:43:23+00:00\",\"dateModified\":\"2021-06-26T12:43:24+00:00\",\"breadcrumb\":{\"@id\":\"https:\\\/\\\/radioljubuski.ba\\\/index.php\\\/2021\\\/06\\\/26\\\/26-lipnja-roden-feliks-niedzielski-zasto-su-ga-komunisti-strijeljali-iako-je-spasavao-srbe\\\/#breadcrumb\"},\"inLanguage\":\"hr\",\"potentialAction\":[{\"@type\":\"ReadAction\",\"target\":[\"https:\\\/\\\/radioljubuski.ba\\\/index.php\\\/2021\\\/06\\\/26\\\/26-lipnja-roden-feliks-niedzielski-zasto-su-ga-komunisti-strijeljali-iako-je-spasavao-srbe\\\/\"]}]},{\"@type\":\"ImageObject\",\"inLanguage\":\"hr\",\"@id\":\"https:\\\/\\\/radioljubuski.ba\\\/index.php\\\/2021\\\/06\\\/26\\\/26-lipnja-roden-feliks-niedzielski-zasto-su-ga-komunisti-strijeljali-iako-je-spasavao-srbe\\\/#primaryimage\",\"url\":\"https:\\\/\\\/radioljubuski.ba\\\/wp-content\\\/uploads\\\/2021\\\/06\\\/Feliks_Niedzielski.jpg\",\"contentUrl\":\"https:\\\/\\\/radioljubuski.ba\\\/wp-content\\\/uploads\\\/2021\\\/06\\\/Feliks_Niedzielski.jpg\",\"width\":624,\"height\":371},{\"@type\":\"BreadcrumbList\",\"@id\":\"https:\\\/\\\/radioljubuski.ba\\\/index.php\\\/2021\\\/06\\\/26\\\/26-lipnja-roden-feliks-niedzielski-zasto-su-ga-komunisti-strijeljali-iako-je-spasavao-srbe\\\/#breadcrumb\",\"itemListElement\":[{\"@type\":\"ListItem\",\"position\":1,\"name\":\"Po\u010detna stranica\",\"item\":\"https:\\\/\\\/radioljubuski.ba\\\/\"},{\"@type\":\"ListItem\",\"position\":2,\"name\":\"26. lipnja ro\u0111en Feliks Niedzielski: Za\u0161to su ga komunisti strijeljali iako je spa\u0161avao Srbe?\"}]},{\"@type\":\"WebSite\",\"@id\":\"https:\\\/\\\/radioljubuski.ba\\\/#website\",\"url\":\"https:\\\/\\\/radioljubuski.ba\\\/\",\"name\":\"Radio Ljubu\u0161ki\",\"description\":\"Sun\u010dana frekvencija Hercegovine\",\"publisher\":{\"@id\":\"https:\\\/\\\/radioljubuski.ba\\\/#organization\"},\"potentialAction\":[{\"@type\":\"SearchAction\",\"target\":{\"@type\":\"EntryPoint\",\"urlTemplate\":\"https:\\\/\\\/radioljubuski.ba\\\/?s={search_term_string}\"},\"query-input\":{\"@type\":\"PropertyValueSpecification\",\"valueRequired\":true,\"valueName\":\"search_term_string\"}}],\"inLanguage\":\"hr\"},{\"@type\":\"Organization\",\"@id\":\"https:\\\/\\\/radioljubuski.ba\\\/#organization\",\"name\":\"Radio Ljubu\u0161ki\",\"url\":\"https:\\\/\\\/radioljubuski.ba\\\/\",\"logo\":{\"@type\":\"ImageObject\",\"inLanguage\":\"hr\",\"@id\":\"https:\\\/\\\/radioljubuski.ba\\\/#\\\/schema\\\/logo\\\/image\\\/\",\"url\":\"https:\\\/\\\/radioljubuski.ba\\\/wp-content\\\/uploads\\\/2021\\\/02\\\/cropped-Radio_Ljubuski_logo1.jpg\",\"contentUrl\":\"https:\\\/\\\/radioljubuski.ba\\\/wp-content\\\/uploads\\\/2021\\\/02\\\/cropped-Radio_Ljubuski_logo1.jpg\",\"width\":512,\"height\":512,\"caption\":\"Radio Ljubu\u0161ki\"},\"image\":{\"@id\":\"https:\\\/\\\/radioljubuski.ba\\\/#\\\/schema\\\/logo\\\/image\\\/\"},\"sameAs\":[\"https:\\\/\\\/www.facebook.com\\\/Radiio-Ljubuski-1490835324566332\",\"https:\\\/\\\/x.com\\\/radioljubuski\",\"https:\\\/\\\/hr.linkedin.com\\\/company\\\/radio-ljubuski\",\"https:\\\/\\\/www.youtube.com\\\/channel\\\/UCHYaeO_n0Db3tjNGudGpXyw\"]},{\"@type\":\"Person\",\"@id\":\"https:\\\/\\\/radioljubuski.ba\\\/#\\\/schema\\\/person\\\/19fc700381a780f69665d7956c469e3b\",\"name\":\"Radio Ljubu\u0161ki\"}]}<\/script>\n<!-- \/ Yoast SEO plugin. -->","yoast_head_json":{"title":"26. lipnja ro\u0111en Feliks Niedzielski: Za\u0161to su ga komunisti strijeljali iako je spa\u0161avao Srbe? - RADIO LJUBU\u0160KI","robots":{"index":"index","follow":"follow","max-snippet":"max-snippet:-1","max-image-preview":"max-image-preview:large","max-video-preview":"max-video-preview:-1"},"canonical":"https:\/\/radioljubuski.ba\/index.php\/2021\/06\/26\/26-lipnja-roden-feliks-niedzielski-zasto-su-ga-komunisti-strijeljali-iako-je-spasavao-srbe\/","og_locale":"hr_HR","og_type":"article","og_title":"26. lipnja ro\u0111en Feliks Niedzielski: Za\u0161to su ga komunisti strijeljali iako je spa\u0161avao Srbe? - RADIO LJUBU\u0160KI","og_description":"\u201eMi&nbsp;mnogo raspravljamo o raznim sistemima, prigovaramo ideologijama opre\u010dnim na\u0161em \u017eivotnom shva\u0107anju, ogovaramo pogrje\u0161ke svojih bli\u017enjih. Bilo bi mnogo korisnije da ispitamo same sebe te ustanovimo koliko u nama ima kr\u0161\u0107anstva, a koliko poganstva, jer evan\u0111elje nije poziv na vojnu protiv drugih, nego u prvom redu poziv na na\u0161e vlastito obra\u0107enje\u2026\u201c&nbsp;(Feliks Niedzielski) Feliks Niedzielski ro\u0111en je [&hellip;]","og_url":"https:\/\/radioljubuski.ba\/index.php\/2021\/06\/26\/26-lipnja-roden-feliks-niedzielski-zasto-su-ga-komunisti-strijeljali-iako-je-spasavao-srbe\/","og_site_name":"RADIO LJUBU\u0160KI","article_publisher":"https:\/\/www.facebook.com\/Radiio-Ljubuski-1490835324566332","article_published_time":"2021-06-26T12:43:23+00:00","article_modified_time":"2021-06-26T12:43:24+00:00","og_image":[{"width":624,"height":371,"url":"https:\/\/radioljubuski.ba\/wp-content\/uploads\/2021\/06\/Feliks_Niedzielski.jpg","type":"image\/jpeg"}],"author":"Radio Ljubu\u0161ki","twitter_card":"summary_large_image","twitter_creator":"@radioljubuski","twitter_site":"@radioljubuski","twitter_misc":{"Napisao\/la":"Radio Ljubu\u0161ki","Procijenjeno vrijeme \u010ditanja":"4 minute"},"schema":{"@context":"https:\/\/schema.org","@graph":[{"@type":"Article","@id":"https:\/\/radioljubuski.ba\/index.php\/2021\/06\/26\/26-lipnja-roden-feliks-niedzielski-zasto-su-ga-komunisti-strijeljali-iako-je-spasavao-srbe\/#article","isPartOf":{"@id":"https:\/\/radioljubuski.ba\/index.php\/2021\/06\/26\/26-lipnja-roden-feliks-niedzielski-zasto-su-ga-komunisti-strijeljali-iako-je-spasavao-srbe\/"},"author":{"name":"Radio Ljubu\u0161ki","@id":"https:\/\/radioljubuski.ba\/#\/schema\/person\/19fc700381a780f69665d7956c469e3b"},"headline":"26. lipnja ro\u0111en Feliks Niedzielski: Za\u0161to su ga komunisti strijeljali iako je spa\u0161avao Srbe?","datePublished":"2021-06-26T12:43:23+00:00","dateModified":"2021-06-26T12:43:24+00:00","mainEntityOfPage":{"@id":"https:\/\/radioljubuski.ba\/index.php\/2021\/06\/26\/26-lipnja-roden-feliks-niedzielski-zasto-su-ga-komunisti-strijeljali-iako-je-spasavao-srbe\/"},"wordCount":930,"publisher":{"@id":"https:\/\/radioljubuski.ba\/#organization"},"image":{"@id":"https:\/\/radioljubuski.ba\/index.php\/2021\/06\/26\/26-lipnja-roden-feliks-niedzielski-zasto-su-ga-komunisti-strijeljali-iako-je-spasavao-srbe\/#primaryimage"},"thumbnailUrl":"https:\/\/radioljubuski.ba\/wp-content\/uploads\/2021\/06\/Feliks_Niedzielski.jpg","articleSection":["BIH i regija"],"inLanguage":"hr"},{"@type":"WebPage","@id":"https:\/\/radioljubuski.ba\/index.php\/2021\/06\/26\/26-lipnja-roden-feliks-niedzielski-zasto-su-ga-komunisti-strijeljali-iako-je-spasavao-srbe\/","url":"https:\/\/radioljubuski.ba\/index.php\/2021\/06\/26\/26-lipnja-roden-feliks-niedzielski-zasto-su-ga-komunisti-strijeljali-iako-je-spasavao-srbe\/","name":"26. lipnja ro\u0111en Feliks Niedzielski: Za\u0161to su ga komunisti strijeljali iako je spa\u0161avao Srbe? - RADIO LJUBU\u0160KI","isPartOf":{"@id":"https:\/\/radioljubuski.ba\/#website"},"primaryImageOfPage":{"@id":"https:\/\/radioljubuski.ba\/index.php\/2021\/06\/26\/26-lipnja-roden-feliks-niedzielski-zasto-su-ga-komunisti-strijeljali-iako-je-spasavao-srbe\/#primaryimage"},"image":{"@id":"https:\/\/radioljubuski.ba\/index.php\/2021\/06\/26\/26-lipnja-roden-feliks-niedzielski-zasto-su-ga-komunisti-strijeljali-iako-je-spasavao-srbe\/#primaryimage"},"thumbnailUrl":"https:\/\/radioljubuski.ba\/wp-content\/uploads\/2021\/06\/Feliks_Niedzielski.jpg","datePublished":"2021-06-26T12:43:23+00:00","dateModified":"2021-06-26T12:43:24+00:00","breadcrumb":{"@id":"https:\/\/radioljubuski.ba\/index.php\/2021\/06\/26\/26-lipnja-roden-feliks-niedzielski-zasto-su-ga-komunisti-strijeljali-iako-je-spasavao-srbe\/#breadcrumb"},"inLanguage":"hr","potentialAction":[{"@type":"ReadAction","target":["https:\/\/radioljubuski.ba\/index.php\/2021\/06\/26\/26-lipnja-roden-feliks-niedzielski-zasto-su-ga-komunisti-strijeljali-iako-je-spasavao-srbe\/"]}]},{"@type":"ImageObject","inLanguage":"hr","@id":"https:\/\/radioljubuski.ba\/index.php\/2021\/06\/26\/26-lipnja-roden-feliks-niedzielski-zasto-su-ga-komunisti-strijeljali-iako-je-spasavao-srbe\/#primaryimage","url":"https:\/\/radioljubuski.ba\/wp-content\/uploads\/2021\/06\/Feliks_Niedzielski.jpg","contentUrl":"https:\/\/radioljubuski.ba\/wp-content\/uploads\/2021\/06\/Feliks_Niedzielski.jpg","width":624,"height":371},{"@type":"BreadcrumbList","@id":"https:\/\/radioljubuski.ba\/index.php\/2021\/06\/26\/26-lipnja-roden-feliks-niedzielski-zasto-su-ga-komunisti-strijeljali-iako-je-spasavao-srbe\/#breadcrumb","itemListElement":[{"@type":"ListItem","position":1,"name":"Po\u010detna stranica","item":"https:\/\/radioljubuski.ba\/"},{"@type":"ListItem","position":2,"name":"26. lipnja ro\u0111en Feliks Niedzielski: Za\u0161to su ga komunisti strijeljali iako je spa\u0161avao Srbe?"}]},{"@type":"WebSite","@id":"https:\/\/radioljubuski.ba\/#website","url":"https:\/\/radioljubuski.ba\/","name":"Radio Ljubu\u0161ki","description":"Sun\u010dana frekvencija Hercegovine","publisher":{"@id":"https:\/\/radioljubuski.ba\/#organization"},"potentialAction":[{"@type":"SearchAction","target":{"@type":"EntryPoint","urlTemplate":"https:\/\/radioljubuski.ba\/?s={search_term_string}"},"query-input":{"@type":"PropertyValueSpecification","valueRequired":true,"valueName":"search_term_string"}}],"inLanguage":"hr"},{"@type":"Organization","@id":"https:\/\/radioljubuski.ba\/#organization","name":"Radio Ljubu\u0161ki","url":"https:\/\/radioljubuski.ba\/","logo":{"@type":"ImageObject","inLanguage":"hr","@id":"https:\/\/radioljubuski.ba\/#\/schema\/logo\/image\/","url":"https:\/\/radioljubuski.ba\/wp-content\/uploads\/2021\/02\/cropped-Radio_Ljubuski_logo1.jpg","contentUrl":"https:\/\/radioljubuski.ba\/wp-content\/uploads\/2021\/02\/cropped-Radio_Ljubuski_logo1.jpg","width":512,"height":512,"caption":"Radio Ljubu\u0161ki"},"image":{"@id":"https:\/\/radioljubuski.ba\/#\/schema\/logo\/image\/"},"sameAs":["https:\/\/www.facebook.com\/Radiio-Ljubuski-1490835324566332","https:\/\/x.com\/radioljubuski","https:\/\/hr.linkedin.com\/company\/radio-ljubuski","https:\/\/www.youtube.com\/channel\/UCHYaeO_n0Db3tjNGudGpXyw"]},{"@type":"Person","@id":"https:\/\/radioljubuski.ba\/#\/schema\/person\/19fc700381a780f69665d7956c469e3b","name":"Radio Ljubu\u0161ki"}]}},"_links":{"self":[{"href":"https:\/\/radioljubuski.ba\/index.php\/wp-json\/wp\/v2\/posts\/36012","targetHints":{"allow":["GET"]}}],"collection":[{"href":"https:\/\/radioljubuski.ba\/index.php\/wp-json\/wp\/v2\/posts"}],"about":[{"href":"https:\/\/radioljubuski.ba\/index.php\/wp-json\/wp\/v2\/types\/post"}],"author":[{"embeddable":true,"href":"https:\/\/radioljubuski.ba\/index.php\/wp-json\/wp\/v2\/users\/2"}],"replies":[{"embeddable":true,"href":"https:\/\/radioljubuski.ba\/index.php\/wp-json\/wp\/v2\/comments?post=36012"}],"version-history":[{"count":1,"href":"https:\/\/radioljubuski.ba\/index.php\/wp-json\/wp\/v2\/posts\/36012\/revisions"}],"predecessor-version":[{"id":36014,"href":"https:\/\/radioljubuski.ba\/index.php\/wp-json\/wp\/v2\/posts\/36012\/revisions\/36014"}],"wp:featuredmedia":[{"embeddable":true,"href":"https:\/\/radioljubuski.ba\/index.php\/wp-json\/wp\/v2\/media\/36013"}],"wp:attachment":[{"href":"https:\/\/radioljubuski.ba\/index.php\/wp-json\/wp\/v2\/media?parent=36012"}],"wp:term":[{"taxonomy":"category","embeddable":true,"href":"https:\/\/radioljubuski.ba\/index.php\/wp-json\/wp\/v2\/categories?post=36012"},{"taxonomy":"post_tag","embeddable":true,"href":"https:\/\/radioljubuski.ba\/index.php\/wp-json\/wp\/v2\/tags?post=36012"}],"curies":[{"name":"wp","href":"https:\/\/api.w.org\/{rel}","templated":true}]}}