{"id":36015,"date":"2021-06-26T13:44:53","date_gmt":"2021-06-26T12:44:53","guid":{"rendered":"https:\/\/radioljubuski.ba\/?p=36015"},"modified":"2021-06-26T13:44:54","modified_gmt":"2021-06-26T12:44:54","slug":"imunolog-trobonjaca-iz-indije-dolazi-nekoliko-sojeva-koronavirusa","status":"publish","type":"post","link":"https:\/\/radioljubuski.ba\/index.php\/2021\/06\/26\/imunolog-trobonjaca-iz-indije-dolazi-nekoliko-sojeva-koronavirusa\/","title":{"rendered":"Imunolog Trobonja\u010da: Iz Indije dolazi nekoliko sojeva koronavirusa"},"content":{"rendered":"\n<p>Iako se Hrvatska nada mirnoj i profitabilnoj sezoni, delta soj se sve vi\u0161e \u0161iri, a prijeti i lambda soj.<\/p>\n\n\n\n<p>\u2013 Bojim se zna\u010dajnijeg \u0161irenja delta soja, jer \u0107e nas turisti\u010dki emitivne zemlje odmah staviti u crvenu zonu, a da ne govorim o posljedicama na ljudima i stanju u zdravstvenom sustavu. Ljeto je vrijeme kad na\u0161 imunosni sustav dobro funkcionira, pa bi bilo pametno to iskoristiti da se cijepimo, steknemo kvalitetnu imunost koja \u0107e nas \u0161tititi na jesen. Ako se ovako kilavo procjepljivanje nastavi tijekom ljeta, naro\u010dito zbog pada sklonosti cijepljenju, a u kontekstu pojave novih sojeva, mo\u017eemo o\u010dekivati lo\u0161u epidemijsku sliku na jesen, kazao je za <a href=\"https:\/\/slobodnadalmacija.hr\/vijesti\/hrvatska\/imunolog-trobonjaca-bojim-se-znacajnijeg-sirenja-delta-soja-tijekom-ljeta-tada-bi-nas-druge-zemlje-mogle-opet-staviti-u-crvenu-zonu-a-prava-opasnost-prijeti-na-jesen-1108361\">Slobodnu Dalmaciju i<\/a>munolog, prof. dr. sc. Zlatko Trobonja\u010da.<\/p>\n\n\n\n<p><strong>Koliko je hrvatska procijepljenost i preboljenost stanovni\u0161tva dovoljna da nam osigura mirnu sezonu?<\/strong><\/p>\n\n\n\n<p>\u2013 Delta soj se naglo pro\u0161irio svijetom, pa je trenutno prisutan u vi\u0161e od 90 zemalja, gdje \u0107e najvjerojatnije istisnuti druge sojeve, budu\u0107i da je izuzetno zarazan. Temeljem \u010detiri najzna\u010dajnije mutacije u genskom odsje\u010dku koji kontrolira proizvodnju proteina \u0161iljka (L452R, T478K, D614G, P681R) virus je stekao prednost u prijenosu, pa je za 23-64% zarazniji nego britanski (alfa) soj, za kojega pak znamo da je oko 50-80% zarazniji od orginalnog wuhanskog soja, odnosno soja sa D614G mutacijom. Iako pokazuje mogu\u0107nosti izbjegavanja imunosnom odgovoru, cjepiva nas na sre\u0107u \u0161tite od delta soja, no pouzdano i u visokom postotku od oko 80% samo nakon druge doze.<\/p>\n\n\n\n<p>Naime, pokazalo se da je nakon prve doze Pfizerova cjepiva za\u0161tita od simptomatske bolesti samo 36%, \u0161to zna\u010di da bi se gotovo dvije tre\u0107ine ljudi moglo razboljeti ako bi do\u0161li u kontakt s delta varijantom, i to \u010dak 4 tjedna od prve doze. Drugim rije\u010dima, va\u017eno je \u0161to je mogu\u0107e prije ljude cijepiti i drugom dozom da bismo prevenirali \u0161irenje ovog opasnog soja. Na dodatni problem ukazuju neki znanstveni radovi u \u010dinjenici da znatan dio rekonvalescenata koji su preboljeli bolest unatrag vi\u0161e od godine dana gubi neutraliziraju\u0107a antitijela, \u0161to smanjuje bazu imunih pojedinaca u populaciji. No, za sada je takvih u na\u0161em dru\u0161tvu relativno malo, budu\u0107i da je najve\u0107i dio na\u0161ih rekonvalescenata bolest prebolio na jesen i zimu pro\u0161le ili na prolje\u0107e ove godine.<\/p>\n\n\n\n<p><strong>Angela Merkel je primila jednu dozu \u2018Astre\u2019 i jednu doze Moderne. Neki stru\u010dnjaci navode da je to idealna kombinacija?<\/strong><\/p>\n\n\n\n<p>\u2013 Mislim da je to dobra kombinacija, budu\u0107i da AZ cjepivo ne\u0161to sna\u017enije stimulira T-limfocitnu imunost, a Modernino (ili Pfizerovo) ja\u010de poti\u010de proizvodnju protutijela, pa ta kombinacija vodi u sna\u017enu antivirusnu za\u0161titu. No, sve druge preporu\u010dene kombinacije s dva istovjetna ili razli\u010dita cjepiva bolje su od \u010dekanja zaraze bez ikakve imunosti.<\/p>\n\n\n\n<p>Profesor Trobonja\u010da ka\u017ee da naziv \u201eindijski\u201c za delta soj nije potpuno ispravan jer nam iz Indije dolazi nekoliko sojeva od kojih je delta (prema PANGO klasifikaciji B.1.617.2) u\u0161ao me\u0111u \u010detiri virusne varijante koje zabrinjavaju (engl. variant of concern, skra\u0107eno VOC), dok je soj B.1.617.1 (kapa soj prema SZO) varijanta od interesa (VOI), a B.1.617.3 soj je varijanta pod pra\u0107enjem.<\/p>\n\n\n\n<p><em>Izvor: narod.hr\/Slobodna Dalmacija<\/em><\/p>\n","protected":false},"excerpt":{"rendered":"<p>Iako se Hrvatska nada mirnoj i profitabilnoj sezoni, delta soj se sve vi\u0161e \u0161iri, a prijeti i lambda soj. \u2013 Bojim se zna\u010dajnijeg \u0161irenja delta soja, jer \u0107e nas turisti\u010dki emitivne zemlje odmah staviti u crvenu zonu, a da ne govorim o posljedicama na ljudima i stanju u zdravstvenom sustavu. Ljeto je vrijeme kad na\u0161 [&hellip;]<\/p>\n","protected":false},"author":2,"featured_media":36016,"comment_status":"closed","ping_status":"closed","sticky":false,"template":"","format":"standard","meta":{"h5ap_radio_sources":[],"footnotes":""},"categories":[1],"tags":[],"class_list":["post-36015","post","type-post","status-publish","format-standard","has-post-thumbnail","hentry","category-bihiregija"],"yoast_head":"<!-- This site is optimized with the Yoast SEO plugin v27.5 - https:\/\/yoast.com\/product\/yoast-seo-wordpress\/ -->\n<title>Imunolog Trobonja\u010da: Iz Indije dolazi nekoliko sojeva koronavirusa - RADIO LJUBU\u0160KI<\/title>\n<meta name=\"robots\" content=\"index, follow, max-snippet:-1, max-image-preview:large, max-video-preview:-1\" \/>\n<link rel=\"canonical\" href=\"https:\/\/radioljubuski.ba\/index.php\/2021\/06\/26\/imunolog-trobonjaca-iz-indije-dolazi-nekoliko-sojeva-koronavirusa\/\" \/>\n<meta property=\"og:locale\" content=\"hr_HR\" \/>\n<meta property=\"og:type\" content=\"article\" \/>\n<meta property=\"og:title\" content=\"Imunolog Trobonja\u010da: Iz Indije dolazi nekoliko sojeva koronavirusa - RADIO LJUBU\u0160KI\" \/>\n<meta property=\"og:description\" content=\"Iako se Hrvatska nada mirnoj i profitabilnoj sezoni, delta soj se sve vi\u0161e \u0161iri, a prijeti i lambda soj. \u2013 Bojim se zna\u010dajnijeg \u0161irenja delta soja, jer \u0107e nas turisti\u010dki emitivne zemlje odmah staviti u crvenu zonu, a da ne govorim o posljedicama na ljudima i stanju u zdravstvenom sustavu. Ljeto je vrijeme kad na\u0161 [&hellip;]\" \/>\n<meta property=\"og:url\" content=\"https:\/\/radioljubuski.ba\/index.php\/2021\/06\/26\/imunolog-trobonjaca-iz-indije-dolazi-nekoliko-sojeva-koronavirusa\/\" \/>\n<meta property=\"og:site_name\" content=\"RADIO LJUBU\u0160KI\" \/>\n<meta property=\"article:publisher\" content=\"https:\/\/www.facebook.com\/Radiio-Ljubuski-1490835324566332\" \/>\n<meta property=\"article:published_time\" content=\"2021-06-26T12:44:53+00:00\" \/>\n<meta property=\"article:modified_time\" content=\"2021-06-26T12:44:54+00:00\" \/>\n<meta property=\"og:image\" content=\"https:\/\/radioljubuski.ba\/wp-content\/uploads\/2021\/06\/zlatko-trobonjaca-1-696x392-1.jpg\" \/>\n\t<meta property=\"og:image:width\" content=\"696\" \/>\n\t<meta property=\"og:image:height\" content=\"392\" \/>\n\t<meta property=\"og:image:type\" content=\"image\/jpeg\" \/>\n<meta name=\"author\" content=\"Radio Ljubu\u0161ki\" \/>\n<meta name=\"twitter:card\" content=\"summary_large_image\" \/>\n<meta name=\"twitter:creator\" content=\"@radioljubuski\" \/>\n<meta name=\"twitter:site\" content=\"@radioljubuski\" \/>\n<meta name=\"twitter:label1\" content=\"Napisao\/la\" \/>\n\t<meta name=\"twitter:data1\" content=\"Radio Ljubu\u0161ki\" \/>\n\t<meta name=\"twitter:label2\" content=\"Procijenjeno vrijeme \u010ditanja\" \/>\n\t<meta name=\"twitter:data2\" content=\"3 minute\" \/>\n<script type=\"application\/ld+json\" class=\"yoast-schema-graph\">{\"@context\":\"https:\\\/\\\/schema.org\",\"@graph\":[{\"@type\":\"Article\",\"@id\":\"https:\\\/\\\/radioljubuski.ba\\\/index.php\\\/2021\\\/06\\\/26\\\/imunolog-trobonjaca-iz-indije-dolazi-nekoliko-sojeva-koronavirusa\\\/#article\",\"isPartOf\":{\"@id\":\"https:\\\/\\\/radioljubuski.ba\\\/index.php\\\/2021\\\/06\\\/26\\\/imunolog-trobonjaca-iz-indije-dolazi-nekoliko-sojeva-koronavirusa\\\/\"},\"author\":{\"name\":\"Radio Ljubu\u0161ki\",\"@id\":\"https:\\\/\\\/radioljubuski.ba\\\/#\\\/schema\\\/person\\\/19fc700381a780f69665d7956c469e3b\"},\"headline\":\"Imunolog Trobonja\u010da: Iz Indije dolazi nekoliko sojeva koronavirusa\",\"datePublished\":\"2021-06-26T12:44:53+00:00\",\"dateModified\":\"2021-06-26T12:44:54+00:00\",\"mainEntityOfPage\":{\"@id\":\"https:\\\/\\\/radioljubuski.ba\\\/index.php\\\/2021\\\/06\\\/26\\\/imunolog-trobonjaca-iz-indije-dolazi-nekoliko-sojeva-koronavirusa\\\/\"},\"wordCount\":543,\"publisher\":{\"@id\":\"https:\\\/\\\/radioljubuski.ba\\\/#organization\"},\"image\":{\"@id\":\"https:\\\/\\\/radioljubuski.ba\\\/index.php\\\/2021\\\/06\\\/26\\\/imunolog-trobonjaca-iz-indije-dolazi-nekoliko-sojeva-koronavirusa\\\/#primaryimage\"},\"thumbnailUrl\":\"https:\\\/\\\/radioljubuski.ba\\\/wp-content\\\/uploads\\\/2021\\\/06\\\/zlatko-trobonjaca-1-696x392-1.jpg\",\"articleSection\":[\"BIH i regija\"],\"inLanguage\":\"hr\"},{\"@type\":\"WebPage\",\"@id\":\"https:\\\/\\\/radioljubuski.ba\\\/index.php\\\/2021\\\/06\\\/26\\\/imunolog-trobonjaca-iz-indije-dolazi-nekoliko-sojeva-koronavirusa\\\/\",\"url\":\"https:\\\/\\\/radioljubuski.ba\\\/index.php\\\/2021\\\/06\\\/26\\\/imunolog-trobonjaca-iz-indije-dolazi-nekoliko-sojeva-koronavirusa\\\/\",\"name\":\"Imunolog Trobonja\u010da: Iz Indije dolazi nekoliko sojeva koronavirusa - RADIO LJUBU\u0160KI\",\"isPartOf\":{\"@id\":\"https:\\\/\\\/radioljubuski.ba\\\/#website\"},\"primaryImageOfPage\":{\"@id\":\"https:\\\/\\\/radioljubuski.ba\\\/index.php\\\/2021\\\/06\\\/26\\\/imunolog-trobonjaca-iz-indije-dolazi-nekoliko-sojeva-koronavirusa\\\/#primaryimage\"},\"image\":{\"@id\":\"https:\\\/\\\/radioljubuski.ba\\\/index.php\\\/2021\\\/06\\\/26\\\/imunolog-trobonjaca-iz-indije-dolazi-nekoliko-sojeva-koronavirusa\\\/#primaryimage\"},\"thumbnailUrl\":\"https:\\\/\\\/radioljubuski.ba\\\/wp-content\\\/uploads\\\/2021\\\/06\\\/zlatko-trobonjaca-1-696x392-1.jpg\",\"datePublished\":\"2021-06-26T12:44:53+00:00\",\"dateModified\":\"2021-06-26T12:44:54+00:00\",\"breadcrumb\":{\"@id\":\"https:\\\/\\\/radioljubuski.ba\\\/index.php\\\/2021\\\/06\\\/26\\\/imunolog-trobonjaca-iz-indije-dolazi-nekoliko-sojeva-koronavirusa\\\/#breadcrumb\"},\"inLanguage\":\"hr\",\"potentialAction\":[{\"@type\":\"ReadAction\",\"target\":[\"https:\\\/\\\/radioljubuski.ba\\\/index.php\\\/2021\\\/06\\\/26\\\/imunolog-trobonjaca-iz-indije-dolazi-nekoliko-sojeva-koronavirusa\\\/\"]}]},{\"@type\":\"ImageObject\",\"inLanguage\":\"hr\",\"@id\":\"https:\\\/\\\/radioljubuski.ba\\\/index.php\\\/2021\\\/06\\\/26\\\/imunolog-trobonjaca-iz-indije-dolazi-nekoliko-sojeva-koronavirusa\\\/#primaryimage\",\"url\":\"https:\\\/\\\/radioljubuski.ba\\\/wp-content\\\/uploads\\\/2021\\\/06\\\/zlatko-trobonjaca-1-696x392-1.jpg\",\"contentUrl\":\"https:\\\/\\\/radioljubuski.ba\\\/wp-content\\\/uploads\\\/2021\\\/06\\\/zlatko-trobonjaca-1-696x392-1.jpg\",\"width\":696,\"height\":392},{\"@type\":\"BreadcrumbList\",\"@id\":\"https:\\\/\\\/radioljubuski.ba\\\/index.php\\\/2021\\\/06\\\/26\\\/imunolog-trobonjaca-iz-indije-dolazi-nekoliko-sojeva-koronavirusa\\\/#breadcrumb\",\"itemListElement\":[{\"@type\":\"ListItem\",\"position\":1,\"name\":\"Po\u010detna stranica\",\"item\":\"https:\\\/\\\/radioljubuski.ba\\\/\"},{\"@type\":\"ListItem\",\"position\":2,\"name\":\"Imunolog Trobonja\u010da: Iz Indije dolazi nekoliko sojeva koronavirusa\"}]},{\"@type\":\"WebSite\",\"@id\":\"https:\\\/\\\/radioljubuski.ba\\\/#website\",\"url\":\"https:\\\/\\\/radioljubuski.ba\\\/\",\"name\":\"Radio Ljubu\u0161ki\",\"description\":\"Sun\u010dana frekvencija Hercegovine\",\"publisher\":{\"@id\":\"https:\\\/\\\/radioljubuski.ba\\\/#organization\"},\"potentialAction\":[{\"@type\":\"SearchAction\",\"target\":{\"@type\":\"EntryPoint\",\"urlTemplate\":\"https:\\\/\\\/radioljubuski.ba\\\/?s={search_term_string}\"},\"query-input\":{\"@type\":\"PropertyValueSpecification\",\"valueRequired\":true,\"valueName\":\"search_term_string\"}}],\"inLanguage\":\"hr\"},{\"@type\":\"Organization\",\"@id\":\"https:\\\/\\\/radioljubuski.ba\\\/#organization\",\"name\":\"Radio Ljubu\u0161ki\",\"url\":\"https:\\\/\\\/radioljubuski.ba\\\/\",\"logo\":{\"@type\":\"ImageObject\",\"inLanguage\":\"hr\",\"@id\":\"https:\\\/\\\/radioljubuski.ba\\\/#\\\/schema\\\/logo\\\/image\\\/\",\"url\":\"https:\\\/\\\/radioljubuski.ba\\\/wp-content\\\/uploads\\\/2021\\\/02\\\/cropped-Radio_Ljubuski_logo1.jpg\",\"contentUrl\":\"https:\\\/\\\/radioljubuski.ba\\\/wp-content\\\/uploads\\\/2021\\\/02\\\/cropped-Radio_Ljubuski_logo1.jpg\",\"width\":512,\"height\":512,\"caption\":\"Radio Ljubu\u0161ki\"},\"image\":{\"@id\":\"https:\\\/\\\/radioljubuski.ba\\\/#\\\/schema\\\/logo\\\/image\\\/\"},\"sameAs\":[\"https:\\\/\\\/www.facebook.com\\\/Radiio-Ljubuski-1490835324566332\",\"https:\\\/\\\/x.com\\\/radioljubuski\",\"https:\\\/\\\/hr.linkedin.com\\\/company\\\/radio-ljubuski\",\"https:\\\/\\\/www.youtube.com\\\/channel\\\/UCHYaeO_n0Db3tjNGudGpXyw\"]},{\"@type\":\"Person\",\"@id\":\"https:\\\/\\\/radioljubuski.ba\\\/#\\\/schema\\\/person\\\/19fc700381a780f69665d7956c469e3b\",\"name\":\"Radio Ljubu\u0161ki\"}]}<\/script>\n<!-- \/ Yoast SEO plugin. -->","yoast_head_json":{"title":"Imunolog Trobonja\u010da: Iz Indije dolazi nekoliko sojeva koronavirusa - RADIO LJUBU\u0160KI","robots":{"index":"index","follow":"follow","max-snippet":"max-snippet:-1","max-image-preview":"max-image-preview:large","max-video-preview":"max-video-preview:-1"},"canonical":"https:\/\/radioljubuski.ba\/index.php\/2021\/06\/26\/imunolog-trobonjaca-iz-indije-dolazi-nekoliko-sojeva-koronavirusa\/","og_locale":"hr_HR","og_type":"article","og_title":"Imunolog Trobonja\u010da: Iz Indije dolazi nekoliko sojeva koronavirusa - RADIO LJUBU\u0160KI","og_description":"Iako se Hrvatska nada mirnoj i profitabilnoj sezoni, delta soj se sve vi\u0161e \u0161iri, a prijeti i lambda soj. \u2013 Bojim se zna\u010dajnijeg \u0161irenja delta soja, jer \u0107e nas turisti\u010dki emitivne zemlje odmah staviti u crvenu zonu, a da ne govorim o posljedicama na ljudima i stanju u zdravstvenom sustavu. Ljeto je vrijeme kad na\u0161 [&hellip;]","og_url":"https:\/\/radioljubuski.ba\/index.php\/2021\/06\/26\/imunolog-trobonjaca-iz-indije-dolazi-nekoliko-sojeva-koronavirusa\/","og_site_name":"RADIO LJUBU\u0160KI","article_publisher":"https:\/\/www.facebook.com\/Radiio-Ljubuski-1490835324566332","article_published_time":"2021-06-26T12:44:53+00:00","article_modified_time":"2021-06-26T12:44:54+00:00","og_image":[{"width":696,"height":392,"url":"https:\/\/radioljubuski.ba\/wp-content\/uploads\/2021\/06\/zlatko-trobonjaca-1-696x392-1.jpg","type":"image\/jpeg"}],"author":"Radio Ljubu\u0161ki","twitter_card":"summary_large_image","twitter_creator":"@radioljubuski","twitter_site":"@radioljubuski","twitter_misc":{"Napisao\/la":"Radio Ljubu\u0161ki","Procijenjeno vrijeme \u010ditanja":"3 minute"},"schema":{"@context":"https:\/\/schema.org","@graph":[{"@type":"Article","@id":"https:\/\/radioljubuski.ba\/index.php\/2021\/06\/26\/imunolog-trobonjaca-iz-indije-dolazi-nekoliko-sojeva-koronavirusa\/#article","isPartOf":{"@id":"https:\/\/radioljubuski.ba\/index.php\/2021\/06\/26\/imunolog-trobonjaca-iz-indije-dolazi-nekoliko-sojeva-koronavirusa\/"},"author":{"name":"Radio Ljubu\u0161ki","@id":"https:\/\/radioljubuski.ba\/#\/schema\/person\/19fc700381a780f69665d7956c469e3b"},"headline":"Imunolog Trobonja\u010da: Iz Indije dolazi nekoliko sojeva koronavirusa","datePublished":"2021-06-26T12:44:53+00:00","dateModified":"2021-06-26T12:44:54+00:00","mainEntityOfPage":{"@id":"https:\/\/radioljubuski.ba\/index.php\/2021\/06\/26\/imunolog-trobonjaca-iz-indije-dolazi-nekoliko-sojeva-koronavirusa\/"},"wordCount":543,"publisher":{"@id":"https:\/\/radioljubuski.ba\/#organization"},"image":{"@id":"https:\/\/radioljubuski.ba\/index.php\/2021\/06\/26\/imunolog-trobonjaca-iz-indije-dolazi-nekoliko-sojeva-koronavirusa\/#primaryimage"},"thumbnailUrl":"https:\/\/radioljubuski.ba\/wp-content\/uploads\/2021\/06\/zlatko-trobonjaca-1-696x392-1.jpg","articleSection":["BIH i regija"],"inLanguage":"hr"},{"@type":"WebPage","@id":"https:\/\/radioljubuski.ba\/index.php\/2021\/06\/26\/imunolog-trobonjaca-iz-indije-dolazi-nekoliko-sojeva-koronavirusa\/","url":"https:\/\/radioljubuski.ba\/index.php\/2021\/06\/26\/imunolog-trobonjaca-iz-indije-dolazi-nekoliko-sojeva-koronavirusa\/","name":"Imunolog Trobonja\u010da: Iz Indije dolazi nekoliko sojeva koronavirusa - RADIO LJUBU\u0160KI","isPartOf":{"@id":"https:\/\/radioljubuski.ba\/#website"},"primaryImageOfPage":{"@id":"https:\/\/radioljubuski.ba\/index.php\/2021\/06\/26\/imunolog-trobonjaca-iz-indije-dolazi-nekoliko-sojeva-koronavirusa\/#primaryimage"},"image":{"@id":"https:\/\/radioljubuski.ba\/index.php\/2021\/06\/26\/imunolog-trobonjaca-iz-indije-dolazi-nekoliko-sojeva-koronavirusa\/#primaryimage"},"thumbnailUrl":"https:\/\/radioljubuski.ba\/wp-content\/uploads\/2021\/06\/zlatko-trobonjaca-1-696x392-1.jpg","datePublished":"2021-06-26T12:44:53+00:00","dateModified":"2021-06-26T12:44:54+00:00","breadcrumb":{"@id":"https:\/\/radioljubuski.ba\/index.php\/2021\/06\/26\/imunolog-trobonjaca-iz-indije-dolazi-nekoliko-sojeva-koronavirusa\/#breadcrumb"},"inLanguage":"hr","potentialAction":[{"@type":"ReadAction","target":["https:\/\/radioljubuski.ba\/index.php\/2021\/06\/26\/imunolog-trobonjaca-iz-indije-dolazi-nekoliko-sojeva-koronavirusa\/"]}]},{"@type":"ImageObject","inLanguage":"hr","@id":"https:\/\/radioljubuski.ba\/index.php\/2021\/06\/26\/imunolog-trobonjaca-iz-indije-dolazi-nekoliko-sojeva-koronavirusa\/#primaryimage","url":"https:\/\/radioljubuski.ba\/wp-content\/uploads\/2021\/06\/zlatko-trobonjaca-1-696x392-1.jpg","contentUrl":"https:\/\/radioljubuski.ba\/wp-content\/uploads\/2021\/06\/zlatko-trobonjaca-1-696x392-1.jpg","width":696,"height":392},{"@type":"BreadcrumbList","@id":"https:\/\/radioljubuski.ba\/index.php\/2021\/06\/26\/imunolog-trobonjaca-iz-indije-dolazi-nekoliko-sojeva-koronavirusa\/#breadcrumb","itemListElement":[{"@type":"ListItem","position":1,"name":"Po\u010detna stranica","item":"https:\/\/radioljubuski.ba\/"},{"@type":"ListItem","position":2,"name":"Imunolog Trobonja\u010da: Iz Indije dolazi nekoliko sojeva koronavirusa"}]},{"@type":"WebSite","@id":"https:\/\/radioljubuski.ba\/#website","url":"https:\/\/radioljubuski.ba\/","name":"Radio Ljubu\u0161ki","description":"Sun\u010dana frekvencija Hercegovine","publisher":{"@id":"https:\/\/radioljubuski.ba\/#organization"},"potentialAction":[{"@type":"SearchAction","target":{"@type":"EntryPoint","urlTemplate":"https:\/\/radioljubuski.ba\/?s={search_term_string}"},"query-input":{"@type":"PropertyValueSpecification","valueRequired":true,"valueName":"search_term_string"}}],"inLanguage":"hr"},{"@type":"Organization","@id":"https:\/\/radioljubuski.ba\/#organization","name":"Radio Ljubu\u0161ki","url":"https:\/\/radioljubuski.ba\/","logo":{"@type":"ImageObject","inLanguage":"hr","@id":"https:\/\/radioljubuski.ba\/#\/schema\/logo\/image\/","url":"https:\/\/radioljubuski.ba\/wp-content\/uploads\/2021\/02\/cropped-Radio_Ljubuski_logo1.jpg","contentUrl":"https:\/\/radioljubuski.ba\/wp-content\/uploads\/2021\/02\/cropped-Radio_Ljubuski_logo1.jpg","width":512,"height":512,"caption":"Radio Ljubu\u0161ki"},"image":{"@id":"https:\/\/radioljubuski.ba\/#\/schema\/logo\/image\/"},"sameAs":["https:\/\/www.facebook.com\/Radiio-Ljubuski-1490835324566332","https:\/\/x.com\/radioljubuski","https:\/\/hr.linkedin.com\/company\/radio-ljubuski","https:\/\/www.youtube.com\/channel\/UCHYaeO_n0Db3tjNGudGpXyw"]},{"@type":"Person","@id":"https:\/\/radioljubuski.ba\/#\/schema\/person\/19fc700381a780f69665d7956c469e3b","name":"Radio Ljubu\u0161ki"}]}},"_links":{"self":[{"href":"https:\/\/radioljubuski.ba\/index.php\/wp-json\/wp\/v2\/posts\/36015","targetHints":{"allow":["GET"]}}],"collection":[{"href":"https:\/\/radioljubuski.ba\/index.php\/wp-json\/wp\/v2\/posts"}],"about":[{"href":"https:\/\/radioljubuski.ba\/index.php\/wp-json\/wp\/v2\/types\/post"}],"author":[{"embeddable":true,"href":"https:\/\/radioljubuski.ba\/index.php\/wp-json\/wp\/v2\/users\/2"}],"replies":[{"embeddable":true,"href":"https:\/\/radioljubuski.ba\/index.php\/wp-json\/wp\/v2\/comments?post=36015"}],"version-history":[{"count":1,"href":"https:\/\/radioljubuski.ba\/index.php\/wp-json\/wp\/v2\/posts\/36015\/revisions"}],"predecessor-version":[{"id":36017,"href":"https:\/\/radioljubuski.ba\/index.php\/wp-json\/wp\/v2\/posts\/36015\/revisions\/36017"}],"wp:featuredmedia":[{"embeddable":true,"href":"https:\/\/radioljubuski.ba\/index.php\/wp-json\/wp\/v2\/media\/36016"}],"wp:attachment":[{"href":"https:\/\/radioljubuski.ba\/index.php\/wp-json\/wp\/v2\/media?parent=36015"}],"wp:term":[{"taxonomy":"category","embeddable":true,"href":"https:\/\/radioljubuski.ba\/index.php\/wp-json\/wp\/v2\/categories?post=36015"},{"taxonomy":"post_tag","embeddable":true,"href":"https:\/\/radioljubuski.ba\/index.php\/wp-json\/wp\/v2\/tags?post=36015"}],"curies":[{"name":"wp","href":"https:\/\/api.w.org\/{rel}","templated":true}]}}