{"id":36018,"date":"2021-06-26T13:46:55","date_gmt":"2021-06-26T12:46:55","guid":{"rendered":"https:\/\/radioljubuski.ba\/?p=36018"},"modified":"2021-06-26T13:46:56","modified_gmt":"2021-06-26T12:46:56","slug":"potres-jacine-47-prema-richteru-uznemirio-dalmaciju-strasan-osjecaj","status":"publish","type":"post","link":"https:\/\/radioljubuski.ba\/index.php\/2021\/06\/26\/potres-jacine-47-prema-richteru-uznemirio-dalmaciju-strasan-osjecaj\/","title":{"rendered":"Potres ja\u010dine 4,7 prema Richteru uznemirio Dalmaciju: \u2018Stra\u0161an osje\u0107aj\u2019"},"content":{"rendered":"\n<p>Danas, 26. 6. 2021. u 1 sat i 18 minuta (ljetno SEV) dogodio se jak potres u Crnoj Gori, magnitude M=4.7 prema Richteru.<\/p>\n\n\n\n<p>Osjetio se u<strong> cijeloj ju\u017enoj Dalmaciji, od Konavala do Ba\u0161ke Vode<\/strong>, izvijestila je jutros Seizmolo\u0161ka slu\u017eba Republike Hrvatske.<\/p>\n\n\n\n<p>Prema informacijama koje je objavio EMSC, epicentar potresa bio je 14 kilometar sjeverno od Herceg Novog, objavio je portal Dubrova\u010dki vjesnik.<\/p>\n\n\n\n<blockquote class=\"twitter-tweet\"><p lang=\"en\" dir=\"ltr\">M4.5 <a href=\"https:\/\/twitter.com\/hashtag\/earthquake?src=hash&amp;ref_src=twsrc%5Etfw\">#earthquake<\/a> (<a href=\"https:\/\/twitter.com\/hashtag\/%D0%B7%D0%B5%D0%BC%D1%99%D0%BE%D1%82%D1%80%D0%B5%D1%81?src=hash&amp;ref_src=twsrc%5Etfw\">#\u0437\u0435\u043c\u0459\u043e\u0442\u0440\u0435\u0441<\/a>) strikes 57 km W of <a href=\"https:\/\/twitter.com\/hashtag\/Podgorica?src=hash&amp;ref_src=twsrc%5Etfw\">#Podgorica<\/a> (<a href=\"https:\/\/twitter.com\/hashtag\/Montenegro?src=hash&amp;ref_src=twsrc%5Etfw\">#Montenegro<\/a>) 14 min ago. Updated map of its effects: <a href=\"https:\/\/t.co\/EIfGQp0Wg2\">pic.twitter.com\/EIfGQp0Wg2<\/a><\/p>&mdash; EMSC (@LastQuake) <a href=\"https:\/\/twitter.com\/LastQuake\/status\/1408568959977275394?ref_src=twsrc%5Etfw\">June 25, 2021<\/a><\/blockquote> <script async src=\"https:\/\/platform.twitter.com\/widgets.js\" charset=\"utf-8\"><\/script> \n\n\n\n<p>Brojni korisnici EMSC-ove aplikacije opisali su svoj do\u017eivljaj.<\/p>\n\n\n\n<p>Stanovnike Herceg Novog upla\u0161io je sna\u017ean potres. \u201dJedan od ja\u010dih koje sam do\u017eivjela\u201d, \u201dKratak, ali jako sna\u017ean sa zastra\u0161uju\u0107im zvukovima\u201d, isti\u010du.<\/p>\n\n\n\n<p>\u201cProbudilo me iz sna. Treslo se desetak sekundi, stra\u0161an je ovo osje\u0107aj\u201d, \u201cPoput eksplozije ili jake grmljavine. Sre\u0107om kratko\u201d, \u201cCijela soba mi se tresla, mislila sam da \u0107e se krov sru\u0161iti!. U\u017eas, zaledila sam se od straha\u201d, \u201dDobro se osjetio u \u017dupi dubrova\u010dkoj. A taman stigli iz Zagreba, nema mira\u2026\u201d, \u201dDobro je zatreslo\u201d, neki su od komentara koje su Dubrov\u010dani ostavili na stranici EMSC-a.<\/p>\n\n\n\n<p>Podrhtavanje su osjetili \u010dak i u Splitu.<\/p>\n\n\n\n<p><em>Izvor: narod.hr<\/em><\/p>\n","protected":false},"excerpt":{"rendered":"<p>Danas, 26. 6. 2021. u 1 sat i 18 minuta (ljetno SEV) dogodio se jak potres u Crnoj Gori, magnitude M=4.7 prema Richteru. Osjetio se u cijeloj ju\u017enoj Dalmaciji, od Konavala do Ba\u0161ke Vode, izvijestila je jutros Seizmolo\u0161ka slu\u017eba Republike Hrvatske. Prema informacijama koje je objavio EMSC, epicentar potresa bio je 14 kilometar sjeverno od [&hellip;]<\/p>\n","protected":false},"author":2,"featured_media":36019,"comment_status":"closed","ping_status":"closed","sticky":false,"template":"","format":"standard","meta":{"h5ap_radio_sources":[],"footnotes":""},"categories":[1],"tags":[],"class_list":["post-36018","post","type-post","status-publish","format-standard","has-post-thumbnail","hentry","category-bihiregija"],"yoast_head":"<!-- This site is optimized with the Yoast SEO plugin v27.5 - https:\/\/yoast.com\/product\/yoast-seo-wordpress\/ -->\n<title>Potres ja\u010dine 4,7 prema Richteru uznemirio Dalmaciju: \u2018Stra\u0161an osje\u0107aj\u2019 - RADIO LJUBU\u0160KI<\/title>\n<meta name=\"robots\" content=\"index, follow, max-snippet:-1, max-image-preview:large, max-video-preview:-1\" \/>\n<link rel=\"canonical\" href=\"https:\/\/radioljubuski.ba\/index.php\/2021\/06\/26\/potres-jacine-47-prema-richteru-uznemirio-dalmaciju-strasan-osjecaj\/\" \/>\n<meta property=\"og:locale\" content=\"hr_HR\" \/>\n<meta property=\"og:type\" content=\"article\" \/>\n<meta property=\"og:title\" content=\"Potres ja\u010dine 4,7 prema Richteru uznemirio Dalmaciju: \u2018Stra\u0161an osje\u0107aj\u2019 - RADIO LJUBU\u0160KI\" \/>\n<meta property=\"og:description\" content=\"Danas, 26. 6. 2021. u 1 sat i 18 minuta (ljetno SEV) dogodio se jak potres u Crnoj Gori, magnitude M=4.7 prema Richteru. Osjetio se u cijeloj ju\u017enoj Dalmaciji, od Konavala do Ba\u0161ke Vode, izvijestila je jutros Seizmolo\u0161ka slu\u017eba Republike Hrvatske. Prema informacijama koje je objavio EMSC, epicentar potresa bio je 14 kilometar sjeverno od [&hellip;]\" \/>\n<meta property=\"og:url\" content=\"https:\/\/radioljubuski.ba\/index.php\/2021\/06\/26\/potres-jacine-47-prema-richteru-uznemirio-dalmaciju-strasan-osjecaj\/\" \/>\n<meta property=\"og:site_name\" content=\"RADIO LJUBU\u0160KI\" \/>\n<meta property=\"article:publisher\" content=\"https:\/\/www.facebook.com\/Radiio-Ljubuski-1490835324566332\" \/>\n<meta property=\"article:published_time\" content=\"2021-06-26T12:46:55+00:00\" \/>\n<meta property=\"article:modified_time\" content=\"2021-06-26T12:46:56+00:00\" \/>\n<meta property=\"og:image\" content=\"https:\/\/radioljubuski.ba\/wp-content\/uploads\/2021\/06\/potres-696x485-1.jpg\" \/>\n\t<meta property=\"og:image:width\" content=\"696\" \/>\n\t<meta property=\"og:image:height\" content=\"485\" \/>\n\t<meta property=\"og:image:type\" content=\"image\/jpeg\" \/>\n<meta name=\"author\" content=\"Radio Ljubu\u0161ki\" \/>\n<meta name=\"twitter:card\" content=\"summary_large_image\" \/>\n<meta name=\"twitter:creator\" content=\"@radioljubuski\" \/>\n<meta name=\"twitter:site\" content=\"@radioljubuski\" \/>\n<meta name=\"twitter:label1\" content=\"Napisao\/la\" \/>\n\t<meta name=\"twitter:data1\" content=\"Radio Ljubu\u0161ki\" \/>\n\t<meta name=\"twitter:label2\" content=\"Procijenjeno vrijeme \u010ditanja\" \/>\n\t<meta name=\"twitter:data2\" content=\"1 minuta\" \/>\n<script type=\"application\/ld+json\" class=\"yoast-schema-graph\">{\"@context\":\"https:\\\/\\\/schema.org\",\"@graph\":[{\"@type\":\"Article\",\"@id\":\"https:\\\/\\\/radioljubuski.ba\\\/index.php\\\/2021\\\/06\\\/26\\\/potres-jacine-47-prema-richteru-uznemirio-dalmaciju-strasan-osjecaj\\\/#article\",\"isPartOf\":{\"@id\":\"https:\\\/\\\/radioljubuski.ba\\\/index.php\\\/2021\\\/06\\\/26\\\/potres-jacine-47-prema-richteru-uznemirio-dalmaciju-strasan-osjecaj\\\/\"},\"author\":{\"name\":\"Radio Ljubu\u0161ki\",\"@id\":\"https:\\\/\\\/radioljubuski.ba\\\/#\\\/schema\\\/person\\\/19fc700381a780f69665d7956c469e3b\"},\"headline\":\"Potres ja\u010dine 4,7 prema Richteru uznemirio Dalmaciju: \u2018Stra\u0161an osje\u0107aj\u2019\",\"datePublished\":\"2021-06-26T12:46:55+00:00\",\"dateModified\":\"2021-06-26T12:46:56+00:00\",\"mainEntityOfPage\":{\"@id\":\"https:\\\/\\\/radioljubuski.ba\\\/index.php\\\/2021\\\/06\\\/26\\\/potres-jacine-47-prema-richteru-uznemirio-dalmaciju-strasan-osjecaj\\\/\"},\"wordCount\":216,\"publisher\":{\"@id\":\"https:\\\/\\\/radioljubuski.ba\\\/#organization\"},\"image\":{\"@id\":\"https:\\\/\\\/radioljubuski.ba\\\/index.php\\\/2021\\\/06\\\/26\\\/potres-jacine-47-prema-richteru-uznemirio-dalmaciju-strasan-osjecaj\\\/#primaryimage\"},\"thumbnailUrl\":\"https:\\\/\\\/radioljubuski.ba\\\/wp-content\\\/uploads\\\/2021\\\/06\\\/potres-696x485-1.jpg\",\"articleSection\":[\"BIH i regija\"],\"inLanguage\":\"hr\"},{\"@type\":\"WebPage\",\"@id\":\"https:\\\/\\\/radioljubuski.ba\\\/index.php\\\/2021\\\/06\\\/26\\\/potres-jacine-47-prema-richteru-uznemirio-dalmaciju-strasan-osjecaj\\\/\",\"url\":\"https:\\\/\\\/radioljubuski.ba\\\/index.php\\\/2021\\\/06\\\/26\\\/potres-jacine-47-prema-richteru-uznemirio-dalmaciju-strasan-osjecaj\\\/\",\"name\":\"Potres ja\u010dine 4,7 prema Richteru uznemirio Dalmaciju: \u2018Stra\u0161an osje\u0107aj\u2019 - RADIO LJUBU\u0160KI\",\"isPartOf\":{\"@id\":\"https:\\\/\\\/radioljubuski.ba\\\/#website\"},\"primaryImageOfPage\":{\"@id\":\"https:\\\/\\\/radioljubuski.ba\\\/index.php\\\/2021\\\/06\\\/26\\\/potres-jacine-47-prema-richteru-uznemirio-dalmaciju-strasan-osjecaj\\\/#primaryimage\"},\"image\":{\"@id\":\"https:\\\/\\\/radioljubuski.ba\\\/index.php\\\/2021\\\/06\\\/26\\\/potres-jacine-47-prema-richteru-uznemirio-dalmaciju-strasan-osjecaj\\\/#primaryimage\"},\"thumbnailUrl\":\"https:\\\/\\\/radioljubuski.ba\\\/wp-content\\\/uploads\\\/2021\\\/06\\\/potres-696x485-1.jpg\",\"datePublished\":\"2021-06-26T12:46:55+00:00\",\"dateModified\":\"2021-06-26T12:46:56+00:00\",\"breadcrumb\":{\"@id\":\"https:\\\/\\\/radioljubuski.ba\\\/index.php\\\/2021\\\/06\\\/26\\\/potres-jacine-47-prema-richteru-uznemirio-dalmaciju-strasan-osjecaj\\\/#breadcrumb\"},\"inLanguage\":\"hr\",\"potentialAction\":[{\"@type\":\"ReadAction\",\"target\":[\"https:\\\/\\\/radioljubuski.ba\\\/index.php\\\/2021\\\/06\\\/26\\\/potres-jacine-47-prema-richteru-uznemirio-dalmaciju-strasan-osjecaj\\\/\"]}]},{\"@type\":\"ImageObject\",\"inLanguage\":\"hr\",\"@id\":\"https:\\\/\\\/radioljubuski.ba\\\/index.php\\\/2021\\\/06\\\/26\\\/potres-jacine-47-prema-richteru-uznemirio-dalmaciju-strasan-osjecaj\\\/#primaryimage\",\"url\":\"https:\\\/\\\/radioljubuski.ba\\\/wp-content\\\/uploads\\\/2021\\\/06\\\/potres-696x485-1.jpg\",\"contentUrl\":\"https:\\\/\\\/radioljubuski.ba\\\/wp-content\\\/uploads\\\/2021\\\/06\\\/potres-696x485-1.jpg\",\"width\":696,\"height\":485},{\"@type\":\"BreadcrumbList\",\"@id\":\"https:\\\/\\\/radioljubuski.ba\\\/index.php\\\/2021\\\/06\\\/26\\\/potres-jacine-47-prema-richteru-uznemirio-dalmaciju-strasan-osjecaj\\\/#breadcrumb\",\"itemListElement\":[{\"@type\":\"ListItem\",\"position\":1,\"name\":\"Po\u010detna stranica\",\"item\":\"https:\\\/\\\/radioljubuski.ba\\\/\"},{\"@type\":\"ListItem\",\"position\":2,\"name\":\"Potres ja\u010dine 4,7 prema Richteru uznemirio Dalmaciju: \u2018Stra\u0161an osje\u0107aj\u2019\"}]},{\"@type\":\"WebSite\",\"@id\":\"https:\\\/\\\/radioljubuski.ba\\\/#website\",\"url\":\"https:\\\/\\\/radioljubuski.ba\\\/\",\"name\":\"Radio Ljubu\u0161ki\",\"description\":\"Sun\u010dana frekvencija Hercegovine\",\"publisher\":{\"@id\":\"https:\\\/\\\/radioljubuski.ba\\\/#organization\"},\"potentialAction\":[{\"@type\":\"SearchAction\",\"target\":{\"@type\":\"EntryPoint\",\"urlTemplate\":\"https:\\\/\\\/radioljubuski.ba\\\/?s={search_term_string}\"},\"query-input\":{\"@type\":\"PropertyValueSpecification\",\"valueRequired\":true,\"valueName\":\"search_term_string\"}}],\"inLanguage\":\"hr\"},{\"@type\":\"Organization\",\"@id\":\"https:\\\/\\\/radioljubuski.ba\\\/#organization\",\"name\":\"Radio Ljubu\u0161ki\",\"url\":\"https:\\\/\\\/radioljubuski.ba\\\/\",\"logo\":{\"@type\":\"ImageObject\",\"inLanguage\":\"hr\",\"@id\":\"https:\\\/\\\/radioljubuski.ba\\\/#\\\/schema\\\/logo\\\/image\\\/\",\"url\":\"https:\\\/\\\/radioljubuski.ba\\\/wp-content\\\/uploads\\\/2021\\\/02\\\/cropped-Radio_Ljubuski_logo1.jpg\",\"contentUrl\":\"https:\\\/\\\/radioljubuski.ba\\\/wp-content\\\/uploads\\\/2021\\\/02\\\/cropped-Radio_Ljubuski_logo1.jpg\",\"width\":512,\"height\":512,\"caption\":\"Radio Ljubu\u0161ki\"},\"image\":{\"@id\":\"https:\\\/\\\/radioljubuski.ba\\\/#\\\/schema\\\/logo\\\/image\\\/\"},\"sameAs\":[\"https:\\\/\\\/www.facebook.com\\\/Radiio-Ljubuski-1490835324566332\",\"https:\\\/\\\/x.com\\\/radioljubuski\",\"https:\\\/\\\/hr.linkedin.com\\\/company\\\/radio-ljubuski\",\"https:\\\/\\\/www.youtube.com\\\/channel\\\/UCHYaeO_n0Db3tjNGudGpXyw\"]},{\"@type\":\"Person\",\"@id\":\"https:\\\/\\\/radioljubuski.ba\\\/#\\\/schema\\\/person\\\/19fc700381a780f69665d7956c469e3b\",\"name\":\"Radio Ljubu\u0161ki\"}]}<\/script>\n<!-- \/ Yoast SEO plugin. -->","yoast_head_json":{"title":"Potres ja\u010dine 4,7 prema Richteru uznemirio Dalmaciju: \u2018Stra\u0161an osje\u0107aj\u2019 - RADIO LJUBU\u0160KI","robots":{"index":"index","follow":"follow","max-snippet":"max-snippet:-1","max-image-preview":"max-image-preview:large","max-video-preview":"max-video-preview:-1"},"canonical":"https:\/\/radioljubuski.ba\/index.php\/2021\/06\/26\/potres-jacine-47-prema-richteru-uznemirio-dalmaciju-strasan-osjecaj\/","og_locale":"hr_HR","og_type":"article","og_title":"Potres ja\u010dine 4,7 prema Richteru uznemirio Dalmaciju: \u2018Stra\u0161an osje\u0107aj\u2019 - RADIO LJUBU\u0160KI","og_description":"Danas, 26. 6. 2021. u 1 sat i 18 minuta (ljetno SEV) dogodio se jak potres u Crnoj Gori, magnitude M=4.7 prema Richteru. Osjetio se u cijeloj ju\u017enoj Dalmaciji, od Konavala do Ba\u0161ke Vode, izvijestila je jutros Seizmolo\u0161ka slu\u017eba Republike Hrvatske. Prema informacijama koje je objavio EMSC, epicentar potresa bio je 14 kilometar sjeverno od [&hellip;]","og_url":"https:\/\/radioljubuski.ba\/index.php\/2021\/06\/26\/potres-jacine-47-prema-richteru-uznemirio-dalmaciju-strasan-osjecaj\/","og_site_name":"RADIO LJUBU\u0160KI","article_publisher":"https:\/\/www.facebook.com\/Radiio-Ljubuski-1490835324566332","article_published_time":"2021-06-26T12:46:55+00:00","article_modified_time":"2021-06-26T12:46:56+00:00","og_image":[{"width":696,"height":485,"url":"https:\/\/radioljubuski.ba\/wp-content\/uploads\/2021\/06\/potres-696x485-1.jpg","type":"image\/jpeg"}],"author":"Radio Ljubu\u0161ki","twitter_card":"summary_large_image","twitter_creator":"@radioljubuski","twitter_site":"@radioljubuski","twitter_misc":{"Napisao\/la":"Radio Ljubu\u0161ki","Procijenjeno vrijeme \u010ditanja":"1 minuta"},"schema":{"@context":"https:\/\/schema.org","@graph":[{"@type":"Article","@id":"https:\/\/radioljubuski.ba\/index.php\/2021\/06\/26\/potres-jacine-47-prema-richteru-uznemirio-dalmaciju-strasan-osjecaj\/#article","isPartOf":{"@id":"https:\/\/radioljubuski.ba\/index.php\/2021\/06\/26\/potres-jacine-47-prema-richteru-uznemirio-dalmaciju-strasan-osjecaj\/"},"author":{"name":"Radio Ljubu\u0161ki","@id":"https:\/\/radioljubuski.ba\/#\/schema\/person\/19fc700381a780f69665d7956c469e3b"},"headline":"Potres ja\u010dine 4,7 prema Richteru uznemirio Dalmaciju: \u2018Stra\u0161an osje\u0107aj\u2019","datePublished":"2021-06-26T12:46:55+00:00","dateModified":"2021-06-26T12:46:56+00:00","mainEntityOfPage":{"@id":"https:\/\/radioljubuski.ba\/index.php\/2021\/06\/26\/potres-jacine-47-prema-richteru-uznemirio-dalmaciju-strasan-osjecaj\/"},"wordCount":216,"publisher":{"@id":"https:\/\/radioljubuski.ba\/#organization"},"image":{"@id":"https:\/\/radioljubuski.ba\/index.php\/2021\/06\/26\/potres-jacine-47-prema-richteru-uznemirio-dalmaciju-strasan-osjecaj\/#primaryimage"},"thumbnailUrl":"https:\/\/radioljubuski.ba\/wp-content\/uploads\/2021\/06\/potres-696x485-1.jpg","articleSection":["BIH i regija"],"inLanguage":"hr"},{"@type":"WebPage","@id":"https:\/\/radioljubuski.ba\/index.php\/2021\/06\/26\/potres-jacine-47-prema-richteru-uznemirio-dalmaciju-strasan-osjecaj\/","url":"https:\/\/radioljubuski.ba\/index.php\/2021\/06\/26\/potres-jacine-47-prema-richteru-uznemirio-dalmaciju-strasan-osjecaj\/","name":"Potres ja\u010dine 4,7 prema Richteru uznemirio Dalmaciju: \u2018Stra\u0161an osje\u0107aj\u2019 - RADIO LJUBU\u0160KI","isPartOf":{"@id":"https:\/\/radioljubuski.ba\/#website"},"primaryImageOfPage":{"@id":"https:\/\/radioljubuski.ba\/index.php\/2021\/06\/26\/potres-jacine-47-prema-richteru-uznemirio-dalmaciju-strasan-osjecaj\/#primaryimage"},"image":{"@id":"https:\/\/radioljubuski.ba\/index.php\/2021\/06\/26\/potres-jacine-47-prema-richteru-uznemirio-dalmaciju-strasan-osjecaj\/#primaryimage"},"thumbnailUrl":"https:\/\/radioljubuski.ba\/wp-content\/uploads\/2021\/06\/potres-696x485-1.jpg","datePublished":"2021-06-26T12:46:55+00:00","dateModified":"2021-06-26T12:46:56+00:00","breadcrumb":{"@id":"https:\/\/radioljubuski.ba\/index.php\/2021\/06\/26\/potres-jacine-47-prema-richteru-uznemirio-dalmaciju-strasan-osjecaj\/#breadcrumb"},"inLanguage":"hr","potentialAction":[{"@type":"ReadAction","target":["https:\/\/radioljubuski.ba\/index.php\/2021\/06\/26\/potres-jacine-47-prema-richteru-uznemirio-dalmaciju-strasan-osjecaj\/"]}]},{"@type":"ImageObject","inLanguage":"hr","@id":"https:\/\/radioljubuski.ba\/index.php\/2021\/06\/26\/potres-jacine-47-prema-richteru-uznemirio-dalmaciju-strasan-osjecaj\/#primaryimage","url":"https:\/\/radioljubuski.ba\/wp-content\/uploads\/2021\/06\/potres-696x485-1.jpg","contentUrl":"https:\/\/radioljubuski.ba\/wp-content\/uploads\/2021\/06\/potres-696x485-1.jpg","width":696,"height":485},{"@type":"BreadcrumbList","@id":"https:\/\/radioljubuski.ba\/index.php\/2021\/06\/26\/potres-jacine-47-prema-richteru-uznemirio-dalmaciju-strasan-osjecaj\/#breadcrumb","itemListElement":[{"@type":"ListItem","position":1,"name":"Po\u010detna stranica","item":"https:\/\/radioljubuski.ba\/"},{"@type":"ListItem","position":2,"name":"Potres ja\u010dine 4,7 prema Richteru uznemirio Dalmaciju: \u2018Stra\u0161an osje\u0107aj\u2019"}]},{"@type":"WebSite","@id":"https:\/\/radioljubuski.ba\/#website","url":"https:\/\/radioljubuski.ba\/","name":"Radio Ljubu\u0161ki","description":"Sun\u010dana frekvencija Hercegovine","publisher":{"@id":"https:\/\/radioljubuski.ba\/#organization"},"potentialAction":[{"@type":"SearchAction","target":{"@type":"EntryPoint","urlTemplate":"https:\/\/radioljubuski.ba\/?s={search_term_string}"},"query-input":{"@type":"PropertyValueSpecification","valueRequired":true,"valueName":"search_term_string"}}],"inLanguage":"hr"},{"@type":"Organization","@id":"https:\/\/radioljubuski.ba\/#organization","name":"Radio Ljubu\u0161ki","url":"https:\/\/radioljubuski.ba\/","logo":{"@type":"ImageObject","inLanguage":"hr","@id":"https:\/\/radioljubuski.ba\/#\/schema\/logo\/image\/","url":"https:\/\/radioljubuski.ba\/wp-content\/uploads\/2021\/02\/cropped-Radio_Ljubuski_logo1.jpg","contentUrl":"https:\/\/radioljubuski.ba\/wp-content\/uploads\/2021\/02\/cropped-Radio_Ljubuski_logo1.jpg","width":512,"height":512,"caption":"Radio Ljubu\u0161ki"},"image":{"@id":"https:\/\/radioljubuski.ba\/#\/schema\/logo\/image\/"},"sameAs":["https:\/\/www.facebook.com\/Radiio-Ljubuski-1490835324566332","https:\/\/x.com\/radioljubuski","https:\/\/hr.linkedin.com\/company\/radio-ljubuski","https:\/\/www.youtube.com\/channel\/UCHYaeO_n0Db3tjNGudGpXyw"]},{"@type":"Person","@id":"https:\/\/radioljubuski.ba\/#\/schema\/person\/19fc700381a780f69665d7956c469e3b","name":"Radio Ljubu\u0161ki"}]}},"_links":{"self":[{"href":"https:\/\/radioljubuski.ba\/index.php\/wp-json\/wp\/v2\/posts\/36018","targetHints":{"allow":["GET"]}}],"collection":[{"href":"https:\/\/radioljubuski.ba\/index.php\/wp-json\/wp\/v2\/posts"}],"about":[{"href":"https:\/\/radioljubuski.ba\/index.php\/wp-json\/wp\/v2\/types\/post"}],"author":[{"embeddable":true,"href":"https:\/\/radioljubuski.ba\/index.php\/wp-json\/wp\/v2\/users\/2"}],"replies":[{"embeddable":true,"href":"https:\/\/radioljubuski.ba\/index.php\/wp-json\/wp\/v2\/comments?post=36018"}],"version-history":[{"count":1,"href":"https:\/\/radioljubuski.ba\/index.php\/wp-json\/wp\/v2\/posts\/36018\/revisions"}],"predecessor-version":[{"id":36020,"href":"https:\/\/radioljubuski.ba\/index.php\/wp-json\/wp\/v2\/posts\/36018\/revisions\/36020"}],"wp:featuredmedia":[{"embeddable":true,"href":"https:\/\/radioljubuski.ba\/index.php\/wp-json\/wp\/v2\/media\/36019"}],"wp:attachment":[{"href":"https:\/\/radioljubuski.ba\/index.php\/wp-json\/wp\/v2\/media?parent=36018"}],"wp:term":[{"taxonomy":"category","embeddable":true,"href":"https:\/\/radioljubuski.ba\/index.php\/wp-json\/wp\/v2\/categories?post=36018"},{"taxonomy":"post_tag","embeddable":true,"href":"https:\/\/radioljubuski.ba\/index.php\/wp-json\/wp\/v2\/tags?post=36018"}],"curies":[{"name":"wp","href":"https:\/\/api.w.org\/{rel}","templated":true}]}}