{"id":36024,"date":"2021-06-26T13:49:32","date_gmt":"2021-06-26T12:49:32","guid":{"rendered":"https:\/\/radioljubuski.ba\/?p=36024"},"modified":"2021-06-26T13:49:33","modified_gmt":"2021-06-26T12:49:33","slug":"hak-guzve-na-autocestama-kilometarske-kolone-na-granicama","status":"publish","type":"post","link":"https:\/\/radioljubuski.ba\/index.php\/2021\/06\/26\/hak-guzve-na-autocestama-kilometarske-kolone-na-granicama\/","title":{"rendered":"HAK: Gu\u017eve na autocestama, kilometarske kolone na granicama"},"content":{"rendered":"\n<p>Na grani\u010dnim prijelazima od ranog jutra \u010deka se u kilometarskim kolonama.<\/p>\n\n\n\n<p>Najve\u0107e gu\u017eve su na prijelazu Rupa, gdje se \u010deka oko dva sata, a na Maclju oko sat i pol. Po jedan sat voza\u010di \u010dekaju na prijelazu Gori\u010dan i Gori\u010dan II, dok se oko pola sata \u010deka na grani\u010dnim prijelazima Bregana, Plovanija, Ka\u0161tel, Pasjak i Jurovski Brod.<\/p>\n\n\n\n<p>\u201cMogu\u0107e su vo\u017enje u kolonama i povremeni zastoji na pojedinim dionicama dr\u017eavnih cesta i na autocestama, u blizini odmori\u0161ta, kod ulaza ili izlaza s autocesta te na dionicama cesta gdje traju radovi\u201d, izvijestili su iz HAK-a.<\/p>\n\n\n\n<p>Poja\u010dan je promet na ve\u0107ini cesta u smjeru mora i obrnuto prema unutra\u0161njosti, vozi se usporeno:<\/p>\n\n\n\n<p>na autocesti A1 Zagreb-Split-Plo\u010de izme\u0111u naplatne postaje DEMERJE i \u010dvora Donja Zden\u010dina u smjeru Dubrovnika;<br>na autocesti A7 Rupa-Dira\u010dje pred grani\u010dnim prijelazom Rupa u smjeru Slovenije kolona je oko 1 km;<br>na Kr\u010dkom mostu u oba smjera (DC102), prema rotoru \u0160mrika (DC102) i dalje prema Kr\u010dkom mostu;<br>na pojedinim dionicama dr\u017eavnih cesta i na autocestama, u blizini odmori\u0161ta, kod ulaza ili izlaza s autocesta te na dionicama cesta gdje traju radovi.<\/p>\n\n\n\n<p>Zbog vjetra na Jadranskoj magistrali (DC8) izme\u0111u Novog Vinodolskog i Senja zabrana je prometa za autobuse na kat, vozila s kamp prikolicama i motocikle (I. skupina vozila).<\/p>\n\n\n\n<p>Ljetna zabrana prometa za teretna motorna vozila najve\u0107e dopu\u0161tene mase iznad 7,5 tona na pojedinim cestama u Istri i priobalju danas je do 14:00 te u nedjelju od 12:00 do 23:00. Zabrane nema na autocestama, kao i na dr\u017eavnoj cesti DC1.<\/p>\n\n\n\n<p><strong>Pomorski promet<\/strong><\/p>\n\n\n\n<p>Trajekti i katamarani plove prema plovidbenom redu, uz povremeno poja\u010dan priljev vozila u trajektnim lukama i pristani\u0161tima.<\/p>\n\n\n\n<p><strong>Upozorenje od toplinskog vala<\/strong><\/p>\n\n\n\n<p>Zbog upozorenja od toplinskog vala HAK savjetuje svima koji putuju na du\u017eim relacijama da to \u010dine rano ujutro ili kasnije nave\u010der, a izbjegavaju vo\u017enju i putovanje tijekom dana kada temperature dose\u017eu svoj maksimum. Tijekom puta treba se \u010de\u0161\u0107e zaustaviti i rashladiti te piti dovoljno teku\u0107ine i umjereno koristiti rashladni ure\u0111aj u vozilu. \u201c<strong>Nikada ne ostavljajte djecu ili \u017eivotinje u parkiranom vozilu. Ako se tijekom vo\u017enje osje\u0107ate lo\u0161e odmah se zaustavite i potra\u017eite lije\u010dni\u010dku pomo\u0107<\/strong>\u201c, upozoravaju iz HAK-a.<\/p>\n\n\n\n<p><em>Izvor: narod.hr<\/em><\/p>\n","protected":false},"excerpt":{"rendered":"<p>Na grani\u010dnim prijelazima od ranog jutra \u010deka se u kilometarskim kolonama. Najve\u0107e gu\u017eve su na prijelazu Rupa, gdje se \u010deka oko dva sata, a na Maclju oko sat i pol. Po jedan sat voza\u010di \u010dekaju na prijelazu Gori\u010dan i Gori\u010dan II, dok se oko pola sata \u010deka na grani\u010dnim prijelazima Bregana, Plovanija, Ka\u0161tel, Pasjak i [&hellip;]<\/p>\n","protected":false},"author":2,"featured_media":36025,"comment_status":"closed","ping_status":"closed","sticky":false,"template":"","format":"standard","meta":{"h5ap_radio_sources":[],"footnotes":""},"categories":[1],"tags":[],"class_list":["post-36024","post","type-post","status-publish","format-standard","has-post-thumbnail","hentry","category-bihiregija"],"yoast_head":"<!-- This site is optimized with the Yoast SEO plugin v27.5 - https:\/\/yoast.com\/product\/yoast-seo-wordpress\/ -->\n<title>HAK: Gu\u017eve na autocestama, kilometarske kolone na granicama - RADIO LJUBU\u0160KI<\/title>\n<meta name=\"robots\" content=\"index, follow, max-snippet:-1, max-image-preview:large, max-video-preview:-1\" \/>\n<link rel=\"canonical\" href=\"https:\/\/radioljubuski.ba\/index.php\/2021\/06\/26\/hak-guzve-na-autocestama-kilometarske-kolone-na-granicama\/\" \/>\n<meta property=\"og:locale\" content=\"hr_HR\" \/>\n<meta property=\"og:type\" content=\"article\" \/>\n<meta property=\"og:title\" content=\"HAK: Gu\u017eve na autocestama, kilometarske kolone na granicama - RADIO LJUBU\u0160KI\" \/>\n<meta property=\"og:description\" content=\"Na grani\u010dnim prijelazima od ranog jutra \u010deka se u kilometarskim kolonama. Najve\u0107e gu\u017eve su na prijelazu Rupa, gdje se \u010deka oko dva sata, a na Maclju oko sat i pol. Po jedan sat voza\u010di \u010dekaju na prijelazu Gori\u010dan i Gori\u010dan II, dok se oko pola sata \u010deka na grani\u010dnim prijelazima Bregana, Plovanija, Ka\u0161tel, Pasjak i [&hellip;]\" \/>\n<meta property=\"og:url\" content=\"https:\/\/radioljubuski.ba\/index.php\/2021\/06\/26\/hak-guzve-na-autocestama-kilometarske-kolone-na-granicama\/\" \/>\n<meta property=\"og:site_name\" content=\"RADIO LJUBU\u0160KI\" \/>\n<meta property=\"article:publisher\" content=\"https:\/\/www.facebook.com\/Radiio-Ljubuski-1490835324566332\" \/>\n<meta property=\"article:published_time\" content=\"2021-06-26T12:49:32+00:00\" \/>\n<meta property=\"article:modified_time\" content=\"2021-06-26T12:49:33+00:00\" \/>\n<meta property=\"og:image\" content=\"https:\/\/radioljubuski.ba\/wp-content\/uploads\/2021\/06\/hak-guzve-granica-autoceste-696x464-1.jpg\" \/>\n\t<meta property=\"og:image:width\" content=\"696\" \/>\n\t<meta property=\"og:image:height\" content=\"464\" \/>\n\t<meta property=\"og:image:type\" content=\"image\/jpeg\" \/>\n<meta name=\"author\" content=\"Radio Ljubu\u0161ki\" \/>\n<meta name=\"twitter:card\" content=\"summary_large_image\" \/>\n<meta name=\"twitter:creator\" content=\"@radioljubuski\" \/>\n<meta name=\"twitter:site\" content=\"@radioljubuski\" \/>\n<meta name=\"twitter:label1\" content=\"Napisao\/la\" \/>\n\t<meta name=\"twitter:data1\" content=\"Radio Ljubu\u0161ki\" \/>\n\t<meta name=\"twitter:label2\" content=\"Procijenjeno vrijeme \u010ditanja\" \/>\n\t<meta name=\"twitter:data2\" content=\"2 minute\" \/>\n<script type=\"application\/ld+json\" class=\"yoast-schema-graph\">{\"@context\":\"https:\\\/\\\/schema.org\",\"@graph\":[{\"@type\":\"Article\",\"@id\":\"https:\\\/\\\/radioljubuski.ba\\\/index.php\\\/2021\\\/06\\\/26\\\/hak-guzve-na-autocestama-kilometarske-kolone-na-granicama\\\/#article\",\"isPartOf\":{\"@id\":\"https:\\\/\\\/radioljubuski.ba\\\/index.php\\\/2021\\\/06\\\/26\\\/hak-guzve-na-autocestama-kilometarske-kolone-na-granicama\\\/\"},\"author\":{\"name\":\"Radio Ljubu\u0161ki\",\"@id\":\"https:\\\/\\\/radioljubuski.ba\\\/#\\\/schema\\\/person\\\/19fc700381a780f69665d7956c469e3b\"},\"headline\":\"HAK: Gu\u017eve na autocestama, kilometarske kolone na granicama\",\"datePublished\":\"2021-06-26T12:49:32+00:00\",\"dateModified\":\"2021-06-26T12:49:33+00:00\",\"mainEntityOfPage\":{\"@id\":\"https:\\\/\\\/radioljubuski.ba\\\/index.php\\\/2021\\\/06\\\/26\\\/hak-guzve-na-autocestama-kilometarske-kolone-na-granicama\\\/\"},\"wordCount\":398,\"publisher\":{\"@id\":\"https:\\\/\\\/radioljubuski.ba\\\/#organization\"},\"image\":{\"@id\":\"https:\\\/\\\/radioljubuski.ba\\\/index.php\\\/2021\\\/06\\\/26\\\/hak-guzve-na-autocestama-kilometarske-kolone-na-granicama\\\/#primaryimage\"},\"thumbnailUrl\":\"https:\\\/\\\/radioljubuski.ba\\\/wp-content\\\/uploads\\\/2021\\\/06\\\/hak-guzve-granica-autoceste-696x464-1.jpg\",\"articleSection\":[\"BIH i regija\"],\"inLanguage\":\"hr\"},{\"@type\":\"WebPage\",\"@id\":\"https:\\\/\\\/radioljubuski.ba\\\/index.php\\\/2021\\\/06\\\/26\\\/hak-guzve-na-autocestama-kilometarske-kolone-na-granicama\\\/\",\"url\":\"https:\\\/\\\/radioljubuski.ba\\\/index.php\\\/2021\\\/06\\\/26\\\/hak-guzve-na-autocestama-kilometarske-kolone-na-granicama\\\/\",\"name\":\"HAK: Gu\u017eve na autocestama, kilometarske kolone na granicama - RADIO LJUBU\u0160KI\",\"isPartOf\":{\"@id\":\"https:\\\/\\\/radioljubuski.ba\\\/#website\"},\"primaryImageOfPage\":{\"@id\":\"https:\\\/\\\/radioljubuski.ba\\\/index.php\\\/2021\\\/06\\\/26\\\/hak-guzve-na-autocestama-kilometarske-kolone-na-granicama\\\/#primaryimage\"},\"image\":{\"@id\":\"https:\\\/\\\/radioljubuski.ba\\\/index.php\\\/2021\\\/06\\\/26\\\/hak-guzve-na-autocestama-kilometarske-kolone-na-granicama\\\/#primaryimage\"},\"thumbnailUrl\":\"https:\\\/\\\/radioljubuski.ba\\\/wp-content\\\/uploads\\\/2021\\\/06\\\/hak-guzve-granica-autoceste-696x464-1.jpg\",\"datePublished\":\"2021-06-26T12:49:32+00:00\",\"dateModified\":\"2021-06-26T12:49:33+00:00\",\"breadcrumb\":{\"@id\":\"https:\\\/\\\/radioljubuski.ba\\\/index.php\\\/2021\\\/06\\\/26\\\/hak-guzve-na-autocestama-kilometarske-kolone-na-granicama\\\/#breadcrumb\"},\"inLanguage\":\"hr\",\"potentialAction\":[{\"@type\":\"ReadAction\",\"target\":[\"https:\\\/\\\/radioljubuski.ba\\\/index.php\\\/2021\\\/06\\\/26\\\/hak-guzve-na-autocestama-kilometarske-kolone-na-granicama\\\/\"]}]},{\"@type\":\"ImageObject\",\"inLanguage\":\"hr\",\"@id\":\"https:\\\/\\\/radioljubuski.ba\\\/index.php\\\/2021\\\/06\\\/26\\\/hak-guzve-na-autocestama-kilometarske-kolone-na-granicama\\\/#primaryimage\",\"url\":\"https:\\\/\\\/radioljubuski.ba\\\/wp-content\\\/uploads\\\/2021\\\/06\\\/hak-guzve-granica-autoceste-696x464-1.jpg\",\"contentUrl\":\"https:\\\/\\\/radioljubuski.ba\\\/wp-content\\\/uploads\\\/2021\\\/06\\\/hak-guzve-granica-autoceste-696x464-1.jpg\",\"width\":696,\"height\":464},{\"@type\":\"BreadcrumbList\",\"@id\":\"https:\\\/\\\/radioljubuski.ba\\\/index.php\\\/2021\\\/06\\\/26\\\/hak-guzve-na-autocestama-kilometarske-kolone-na-granicama\\\/#breadcrumb\",\"itemListElement\":[{\"@type\":\"ListItem\",\"position\":1,\"name\":\"Po\u010detna stranica\",\"item\":\"https:\\\/\\\/radioljubuski.ba\\\/\"},{\"@type\":\"ListItem\",\"position\":2,\"name\":\"HAK: Gu\u017eve na autocestama, kilometarske kolone na granicama\"}]},{\"@type\":\"WebSite\",\"@id\":\"https:\\\/\\\/radioljubuski.ba\\\/#website\",\"url\":\"https:\\\/\\\/radioljubuski.ba\\\/\",\"name\":\"Radio Ljubu\u0161ki\",\"description\":\"Sun\u010dana frekvencija Hercegovine\",\"publisher\":{\"@id\":\"https:\\\/\\\/radioljubuski.ba\\\/#organization\"},\"potentialAction\":[{\"@type\":\"SearchAction\",\"target\":{\"@type\":\"EntryPoint\",\"urlTemplate\":\"https:\\\/\\\/radioljubuski.ba\\\/?s={search_term_string}\"},\"query-input\":{\"@type\":\"PropertyValueSpecification\",\"valueRequired\":true,\"valueName\":\"search_term_string\"}}],\"inLanguage\":\"hr\"},{\"@type\":\"Organization\",\"@id\":\"https:\\\/\\\/radioljubuski.ba\\\/#organization\",\"name\":\"Radio Ljubu\u0161ki\",\"url\":\"https:\\\/\\\/radioljubuski.ba\\\/\",\"logo\":{\"@type\":\"ImageObject\",\"inLanguage\":\"hr\",\"@id\":\"https:\\\/\\\/radioljubuski.ba\\\/#\\\/schema\\\/logo\\\/image\\\/\",\"url\":\"https:\\\/\\\/radioljubuski.ba\\\/wp-content\\\/uploads\\\/2021\\\/02\\\/cropped-Radio_Ljubuski_logo1.jpg\",\"contentUrl\":\"https:\\\/\\\/radioljubuski.ba\\\/wp-content\\\/uploads\\\/2021\\\/02\\\/cropped-Radio_Ljubuski_logo1.jpg\",\"width\":512,\"height\":512,\"caption\":\"Radio Ljubu\u0161ki\"},\"image\":{\"@id\":\"https:\\\/\\\/radioljubuski.ba\\\/#\\\/schema\\\/logo\\\/image\\\/\"},\"sameAs\":[\"https:\\\/\\\/www.facebook.com\\\/Radiio-Ljubuski-1490835324566332\",\"https:\\\/\\\/x.com\\\/radioljubuski\",\"https:\\\/\\\/hr.linkedin.com\\\/company\\\/radio-ljubuski\",\"https:\\\/\\\/www.youtube.com\\\/channel\\\/UCHYaeO_n0Db3tjNGudGpXyw\"]},{\"@type\":\"Person\",\"@id\":\"https:\\\/\\\/radioljubuski.ba\\\/#\\\/schema\\\/person\\\/19fc700381a780f69665d7956c469e3b\",\"name\":\"Radio Ljubu\u0161ki\"}]}<\/script>\n<!-- \/ Yoast SEO plugin. -->","yoast_head_json":{"title":"HAK: Gu\u017eve na autocestama, kilometarske kolone na granicama - RADIO LJUBU\u0160KI","robots":{"index":"index","follow":"follow","max-snippet":"max-snippet:-1","max-image-preview":"max-image-preview:large","max-video-preview":"max-video-preview:-1"},"canonical":"https:\/\/radioljubuski.ba\/index.php\/2021\/06\/26\/hak-guzve-na-autocestama-kilometarske-kolone-na-granicama\/","og_locale":"hr_HR","og_type":"article","og_title":"HAK: Gu\u017eve na autocestama, kilometarske kolone na granicama - RADIO LJUBU\u0160KI","og_description":"Na grani\u010dnim prijelazima od ranog jutra \u010deka se u kilometarskim kolonama. Najve\u0107e gu\u017eve su na prijelazu Rupa, gdje se \u010deka oko dva sata, a na Maclju oko sat i pol. Po jedan sat voza\u010di \u010dekaju na prijelazu Gori\u010dan i Gori\u010dan II, dok se oko pola sata \u010deka na grani\u010dnim prijelazima Bregana, Plovanija, Ka\u0161tel, Pasjak i [&hellip;]","og_url":"https:\/\/radioljubuski.ba\/index.php\/2021\/06\/26\/hak-guzve-na-autocestama-kilometarske-kolone-na-granicama\/","og_site_name":"RADIO LJUBU\u0160KI","article_publisher":"https:\/\/www.facebook.com\/Radiio-Ljubuski-1490835324566332","article_published_time":"2021-06-26T12:49:32+00:00","article_modified_time":"2021-06-26T12:49:33+00:00","og_image":[{"width":696,"height":464,"url":"https:\/\/radioljubuski.ba\/wp-content\/uploads\/2021\/06\/hak-guzve-granica-autoceste-696x464-1.jpg","type":"image\/jpeg"}],"author":"Radio Ljubu\u0161ki","twitter_card":"summary_large_image","twitter_creator":"@radioljubuski","twitter_site":"@radioljubuski","twitter_misc":{"Napisao\/la":"Radio Ljubu\u0161ki","Procijenjeno vrijeme \u010ditanja":"2 minute"},"schema":{"@context":"https:\/\/schema.org","@graph":[{"@type":"Article","@id":"https:\/\/radioljubuski.ba\/index.php\/2021\/06\/26\/hak-guzve-na-autocestama-kilometarske-kolone-na-granicama\/#article","isPartOf":{"@id":"https:\/\/radioljubuski.ba\/index.php\/2021\/06\/26\/hak-guzve-na-autocestama-kilometarske-kolone-na-granicama\/"},"author":{"name":"Radio Ljubu\u0161ki","@id":"https:\/\/radioljubuski.ba\/#\/schema\/person\/19fc700381a780f69665d7956c469e3b"},"headline":"HAK: Gu\u017eve na autocestama, kilometarske kolone na granicama","datePublished":"2021-06-26T12:49:32+00:00","dateModified":"2021-06-26T12:49:33+00:00","mainEntityOfPage":{"@id":"https:\/\/radioljubuski.ba\/index.php\/2021\/06\/26\/hak-guzve-na-autocestama-kilometarske-kolone-na-granicama\/"},"wordCount":398,"publisher":{"@id":"https:\/\/radioljubuski.ba\/#organization"},"image":{"@id":"https:\/\/radioljubuski.ba\/index.php\/2021\/06\/26\/hak-guzve-na-autocestama-kilometarske-kolone-na-granicama\/#primaryimage"},"thumbnailUrl":"https:\/\/radioljubuski.ba\/wp-content\/uploads\/2021\/06\/hak-guzve-granica-autoceste-696x464-1.jpg","articleSection":["BIH i regija"],"inLanguage":"hr"},{"@type":"WebPage","@id":"https:\/\/radioljubuski.ba\/index.php\/2021\/06\/26\/hak-guzve-na-autocestama-kilometarske-kolone-na-granicama\/","url":"https:\/\/radioljubuski.ba\/index.php\/2021\/06\/26\/hak-guzve-na-autocestama-kilometarske-kolone-na-granicama\/","name":"HAK: Gu\u017eve na autocestama, kilometarske kolone na granicama - RADIO LJUBU\u0160KI","isPartOf":{"@id":"https:\/\/radioljubuski.ba\/#website"},"primaryImageOfPage":{"@id":"https:\/\/radioljubuski.ba\/index.php\/2021\/06\/26\/hak-guzve-na-autocestama-kilometarske-kolone-na-granicama\/#primaryimage"},"image":{"@id":"https:\/\/radioljubuski.ba\/index.php\/2021\/06\/26\/hak-guzve-na-autocestama-kilometarske-kolone-na-granicama\/#primaryimage"},"thumbnailUrl":"https:\/\/radioljubuski.ba\/wp-content\/uploads\/2021\/06\/hak-guzve-granica-autoceste-696x464-1.jpg","datePublished":"2021-06-26T12:49:32+00:00","dateModified":"2021-06-26T12:49:33+00:00","breadcrumb":{"@id":"https:\/\/radioljubuski.ba\/index.php\/2021\/06\/26\/hak-guzve-na-autocestama-kilometarske-kolone-na-granicama\/#breadcrumb"},"inLanguage":"hr","potentialAction":[{"@type":"ReadAction","target":["https:\/\/radioljubuski.ba\/index.php\/2021\/06\/26\/hak-guzve-na-autocestama-kilometarske-kolone-na-granicama\/"]}]},{"@type":"ImageObject","inLanguage":"hr","@id":"https:\/\/radioljubuski.ba\/index.php\/2021\/06\/26\/hak-guzve-na-autocestama-kilometarske-kolone-na-granicama\/#primaryimage","url":"https:\/\/radioljubuski.ba\/wp-content\/uploads\/2021\/06\/hak-guzve-granica-autoceste-696x464-1.jpg","contentUrl":"https:\/\/radioljubuski.ba\/wp-content\/uploads\/2021\/06\/hak-guzve-granica-autoceste-696x464-1.jpg","width":696,"height":464},{"@type":"BreadcrumbList","@id":"https:\/\/radioljubuski.ba\/index.php\/2021\/06\/26\/hak-guzve-na-autocestama-kilometarske-kolone-na-granicama\/#breadcrumb","itemListElement":[{"@type":"ListItem","position":1,"name":"Po\u010detna stranica","item":"https:\/\/radioljubuski.ba\/"},{"@type":"ListItem","position":2,"name":"HAK: Gu\u017eve na autocestama, kilometarske kolone na granicama"}]},{"@type":"WebSite","@id":"https:\/\/radioljubuski.ba\/#website","url":"https:\/\/radioljubuski.ba\/","name":"Radio Ljubu\u0161ki","description":"Sun\u010dana frekvencija Hercegovine","publisher":{"@id":"https:\/\/radioljubuski.ba\/#organization"},"potentialAction":[{"@type":"SearchAction","target":{"@type":"EntryPoint","urlTemplate":"https:\/\/radioljubuski.ba\/?s={search_term_string}"},"query-input":{"@type":"PropertyValueSpecification","valueRequired":true,"valueName":"search_term_string"}}],"inLanguage":"hr"},{"@type":"Organization","@id":"https:\/\/radioljubuski.ba\/#organization","name":"Radio Ljubu\u0161ki","url":"https:\/\/radioljubuski.ba\/","logo":{"@type":"ImageObject","inLanguage":"hr","@id":"https:\/\/radioljubuski.ba\/#\/schema\/logo\/image\/","url":"https:\/\/radioljubuski.ba\/wp-content\/uploads\/2021\/02\/cropped-Radio_Ljubuski_logo1.jpg","contentUrl":"https:\/\/radioljubuski.ba\/wp-content\/uploads\/2021\/02\/cropped-Radio_Ljubuski_logo1.jpg","width":512,"height":512,"caption":"Radio Ljubu\u0161ki"},"image":{"@id":"https:\/\/radioljubuski.ba\/#\/schema\/logo\/image\/"},"sameAs":["https:\/\/www.facebook.com\/Radiio-Ljubuski-1490835324566332","https:\/\/x.com\/radioljubuski","https:\/\/hr.linkedin.com\/company\/radio-ljubuski","https:\/\/www.youtube.com\/channel\/UCHYaeO_n0Db3tjNGudGpXyw"]},{"@type":"Person","@id":"https:\/\/radioljubuski.ba\/#\/schema\/person\/19fc700381a780f69665d7956c469e3b","name":"Radio Ljubu\u0161ki"}]}},"_links":{"self":[{"href":"https:\/\/radioljubuski.ba\/index.php\/wp-json\/wp\/v2\/posts\/36024","targetHints":{"allow":["GET"]}}],"collection":[{"href":"https:\/\/radioljubuski.ba\/index.php\/wp-json\/wp\/v2\/posts"}],"about":[{"href":"https:\/\/radioljubuski.ba\/index.php\/wp-json\/wp\/v2\/types\/post"}],"author":[{"embeddable":true,"href":"https:\/\/radioljubuski.ba\/index.php\/wp-json\/wp\/v2\/users\/2"}],"replies":[{"embeddable":true,"href":"https:\/\/radioljubuski.ba\/index.php\/wp-json\/wp\/v2\/comments?post=36024"}],"version-history":[{"count":1,"href":"https:\/\/radioljubuski.ba\/index.php\/wp-json\/wp\/v2\/posts\/36024\/revisions"}],"predecessor-version":[{"id":36026,"href":"https:\/\/radioljubuski.ba\/index.php\/wp-json\/wp\/v2\/posts\/36024\/revisions\/36026"}],"wp:featuredmedia":[{"embeddable":true,"href":"https:\/\/radioljubuski.ba\/index.php\/wp-json\/wp\/v2\/media\/36025"}],"wp:attachment":[{"href":"https:\/\/radioljubuski.ba\/index.php\/wp-json\/wp\/v2\/media?parent=36024"}],"wp:term":[{"taxonomy":"category","embeddable":true,"href":"https:\/\/radioljubuski.ba\/index.php\/wp-json\/wp\/v2\/categories?post=36024"},{"taxonomy":"post_tag","embeddable":true,"href":"https:\/\/radioljubuski.ba\/index.php\/wp-json\/wp\/v2\/tags?post=36024"}],"curies":[{"name":"wp","href":"https:\/\/api.w.org\/{rel}","templated":true}]}}