{"id":36027,"date":"2021-06-26T13:51:40","date_gmt":"2021-06-26T12:51:40","guid":{"rendered":"https:\/\/radioljubuski.ba\/?p=36027"},"modified":"2021-06-26T13:51:42","modified_gmt":"2021-06-26T12:51:42","slug":"brojni-predstavnici-akademske-zajednice-civilnog-drustva-i-politicari-protiv-maticevog-izvjesca","status":"publish","type":"post","link":"https:\/\/radioljubuski.ba\/index.php\/2021\/06\/26\/brojni-predstavnici-akademske-zajednice-civilnog-drustva-i-politicari-protiv-maticevog-izvjesca\/","title":{"rendered":"Brojni predstavnici akademske zajednice, civilnog dru\u0161tva i politi\u010dari protiv \u2018Mati\u0107evog izvje\u0161\u0107a\u2019"},"content":{"rendered":"\n<p>Brojni predstavnici akademske zajednice, civilnog dru\u0161tva, me\u0111u kojima je i udruga U ime obitelji i politi\u010dari potpisali su Izjavu o tzv. Mati\u0107evom izvje\u0161\u0107u.<\/p>\n\n\n\n<p>\u201cRezolucija je, kao i Izvje\u0161\u0107e, problemati\u010dna iz nekoliko razloga, koji \u010dine najve\u0107i dio njezina sadr\u017eaja i koje ne bi trebalo zanemariti. Rezolucija se mije\u0161a u podru\u010dje nacionalne zdravstvene politike, ujedno u pru\u017eanje zdravstvenih usluga i zdravstvene za\u0161tite, koje je prema Ugovoru o funkcioniranju EU-a u isklju\u010divoj nadle\u017enosti dr\u017eava \u010dlanica. (\u2026) Rezolucija pogre\u0161no predstavlja temeljna ljudska prava i poziva na smanjenje dosega i ukidanje ostalih me\u0111unarodno priznatih prava: priziv savjesti zdravstvenih djelatnika ozna\u010dava ranije spomenutom \u201cpreprekom\u201d koju treba ukloniti.\u201d, stoji u zajedni\u010dkoj Izjavi koju je potpisalo 140 doktora znanosti, uglednih stru\u010dnjaka, sveu\u010dili\u0161nih profesora, akademika, predstavnika udruga i saborskih zastupnika.<\/p>\n\n\n\n<p>U \u010detvrtak 24. lipnja, Europski parlament na plenarnoj sjednici izglasao je Rezoluciju o stanju u pogledu seksualnog i reproduktivnog zdravlja i prava u EU-u u kontekstu zdravlja \u017eena <a href=\"https:\/\/www.europarl.europa.eu\/doceo\/document\/A-9-2021-0169_HR.html#_ftn21\" target=\"_blank\" rel=\"noreferrer noopener\">(2020\/2215(INI))<\/a>, sa 378 glasova za, 255 protiv i 42 suzdr\u017eanih. Podsjetimo, rije\u010d je o Izvje\u0161\u0107u Predraga Freda Mati\u0107a, hrvatskoga europarlamentarca iz redova socijalista i demokrata, ujedno izvjestitelja Odbora za prava \u017eena i rodnu ravnopravnost Europskoga parlamenta (FEMM). Valja naglasiti kako <strong>rezolucije<\/strong>, koliko god utjecajne bile na podru\u010dju politike i definiranja programa i smjernica, <strong>nisu pravno obvezuju\u0107e.<\/strong> Nakon \u0161to je Rezolucija izglasana, na dr\u017eavama je \u010dlanicama zadatak da ne klonu pod eventualnim politi\u010dkim prinudama i da ostanu svjesne kako su pitanja zdravlja i ure\u0111enja doma\u0107ih zdravstvenih sustava u njihovoj isklju\u010divoj nadle\u017enosti.<\/p>\n\n\n\n<p>Spomenutu <strong>Izjavu<\/strong> <strong>predstavnika akademske zajednice i civilnoga dru\u0161tva o tzv. Mati\u0107evom izvje\u0161\u0107u <\/strong>poslanu uo\u010di glasovanja u Europskom parlamentu i potpisnike pro\u010ditajte u nastavku:<\/p>\n\n\n\n<p>Po\u0161tovani zastupnici,<\/p>\n\n\n\n<p>u \u010detvrtak, 24. lipnja 2021. godine Europski \u0107e parlament na plenarnoj sjednici glasovati o Prijedlogu Rezolucije o stanju u pogledu seksualnog i reproduktivnog zdravlja i prava u EU-u u kontekstu zdravlja \u017eena (2020\/2215(INI)). Rezolucija se temelji na Izvje\u0161\u0107u Predraga Freda Mati\u0107a, izvjestitelja Odbora za prava \u017eena i rodnu ravnopravnost EP-a (FEMM).<\/p>\n\n\n\n<p>Rezolucija je, kao i Izvje\u0161\u0107e, problemati\u010dna iz nekoliko razloga, koji \u010dine najve\u0107i dio njezina sadr\u017eaja i koje ne bi trebalo zanemariti. Rezolucija se mije\u0161a u podru\u010dje nacionalne zdravstvene politike, ujedno u pru\u017eanje zdravstvenih usluga i zdravstvene za\u0161tite, koje je prema Ugovoru o funkcioniranju EU-a u isklju\u010divoj nadle\u017enosti dr\u017eava \u010dlanica, istovremeno promi\u010du\u0107i prakse suprotne dogovorenima u me\u0111unarodnim sporazumima: protivno Programu djelovanja (ICPD 1994.) na koji se referira, poziva dr\u017eave \u010dlanice da dekriminaliziraju poba\u010daj i uklone \u201cprepreke\u201d legalnom poba\u010daju. Rezolucija pogre\u0161no predstavlja temeljna ljudska prava i poziva na smanjenje dosega i ukidanje ostalih me\u0111unarodno priznatih prava: priziv savjesti zdravstvenih djelatnika ozna\u010dava ranije spomenutom \u201cpreprekom\u201d koju treba ukloniti. Posebno opasnim smatramo poziv iz Obrazlo\u017eenja Rezolucije: \u201cKako bi se ostvario napredak, to bi pitanje trebalo rje\u0161avati kao uskra\u0107ivanje lije\u010dni\u010dke skrbi, a ne kao takozvani prigovor savjesti.\u201d<\/p>\n\n\n\n<p>Rezolucija tako\u0111er \u017eelje odraslih predstavlja kao prava pa tako slobodu odlu\u010divanja o broju i vremenskom razmaku izme\u0111u djece ozna\u010duje \u201cpravom na dijete\u201d; premda ne postoji me\u0111unarodni ugovor o ljudskim pravima koji spominje seksualna ili reproduktivna prava, Rezolucija potonje eksplicitno isti\u010de kao za\u0161ti\u0107ena ljudska prava. U svrhu promicanja ideolo\u0161ki obojanog pogleda na seksualno obrazovanje, reproduktivna prava i poba\u010daj, Rezolucija poziva na instrumentalizaciju fondova Europske komisije i fondova EU-a, a uvjete za pristup sigurnom i legalnom poba\u010daju unutar neliberalnih nacionalnih zakonodavstava naziva oblikom \u201erodno uvjetovanog nasilja\u201c.<\/p>\n\n\n\n<p>Uz sve to, Rezolucija se koristi konstrukcijama koje bi trebale izazvati navale subjektivnih osje\u0107aja, te se ni ne trudi pokazivati tolerantnom, koriste\u0107i izraze poput: \u201enazadovanje koje spre\u010dava ostvarivanje prava\u201c, \u201epotkopavanje europskih vrijednosti i temeljnih prava\u201c, \u201cborba protiv nazadovanja\u201c i sl.<\/p>\n\n\n\n<p>Cijenjeni zastupnici, mi vas, dolje potpisani, pozivamo da se svojim glasom protiv ove Rezolucije zauzmete za suverenitet na\u0161e dr\u017eave u europskoj zajednici i da se, protive\u0107i se degradaciji ljudskih prava i zauzimaju\u0107i se za zdravlje i prava djece i \u017eena u Europskoj Uniji, izjasnite za budu\u0107nost kakvu ste obe\u0107ali svojim bira\u010dima.<\/p>\n\n\n\n<p>1. prof. dr. sc. Aleksandra Kora\u0107 Graovac, Pravni fakultet Sveu\u010dili\u0161ta u Zagrebu<br>2. prof. dr. sc. Ana \u0160tambuk, Pravni fakultet Sveu\u010dili\u0161ta u Zagrebu<br>3. prof. dr. sc. Dubravka Hrabar, Pravni fakultet Sveu\u010dili\u0161ta u Zagrebu<br>4. prof. dr. sc. Hrvoje Sikiri\u0107, Pravni fakultet Sveu\u010dili\u0161ta u Zagrebu<br>5. prof. dr. sc. Nenad Hla\u010da, Pravni fakultet Sveu\u010dili\u0161ta u Rijeci<br>6. prof. dr. sc. Dijana Jakovac-Lozi\u0107, Pravni fakultet Sveu\u010dili\u0161ta u Splitu<br>7. prof. dr. sc. \u017deljko Krznari\u0107, dr. med., predsjednik Hrvatskog lije\u010dni\u010dkog zbora, Medicinski fakultet Sveu\u010dili\u0161ta u Zagrebu, KBC Zagreb<br>8. prof. dr. sc. Jasenka Markeljevi\u0107, KBC Sestre Milosrdnice, Medicinski fakultet Sveu\u010dili\u0161ta u Zagrebu<br>9. prof. dr. sc. Karmela Bari\u0161i\u0107, Farmaceutsko-biokemijski fakultet Sveu\u010dili\u0161ta u Zagrebu<br>10. prof. dr. sc. Mladen Parlov, dekan Katoli\u010dkog bogoslovnog fakulteta Sveu\u010dili\u0161ta u Splitu<br>11. prof. dr. sc. Pavo Bari\u0161i\u0107, Fakultet hrvatskih studija Sveu\u010dili\u0161ta u Zagrebu, \u010dlan Europske akademije znanosti i umjetnosti<br>12. prof. dr. sc. Jerko Valkovi\u0107, pro\u010delnik Odjela za komunikologiju Hrvatskoga katoli\u010dkoga sveu\u010dili\u0161ta<br>13. prof. dr. sc. Pavel Kobler, Stomatolo\u0161ki fakultet Sveu\u010dili\u0161ta u Zagrebu<br>14. prof. dr. sc. Ante \u0106oru\u0161i\u0107, dr. med., predsjednik Hrvatskog dru\u0161tva za ginekologiju i opstetriciju, Medicinski fakultet Sveu\u010dili\u0161ta u Zagrebu, KBC Zagreb<br>15. izv. prof. dr. sc. Ivan \u0160imovi\u0107, Pravni fakultet Sveu\u010dili\u0161ta u Zagrebu<br>16. izv. prof. dr. sc. Dubravko Habek, Klini\u010dka bolnica Sveti Duh, Hrvatsko katoli\u010dko sveu\u010dili\u0161te<br>17. izv. prof. dr. sc. Ivica \u0160ola, Odjel za kulturologiju Sveu\u010dili\u0161ta Josipa Jurja Strossmayera u Osijeku<br>18. izv. prof. dr. sc. Kre\u0161imir \u0160imi\u0107, Filozofski fakultet Sveu\u010dili\u0161ta Josipa Jurja Strossmayera u Osijeku<br>19. izv. prof. dr. sc. Suzana Vuleti\u0107, Katoli\u010dki bogoslovni fakultet u \u0110akovu, Sveu\u010dili\u0161te Josipa Jurja Strossmayera u Osijeku<br>20. izv. prof. dr. sc. Roko Mi\u0161eti\u0107, Hrvatsko katoli\u010dko sveu\u010dili\u0161te<br>21. izv. prof. dr. sc. Trpimir Vedri\u0161, Filozofski fakultet Sveu\u010dili\u0161ta u Zagrebu<br>22. doc. dr. sc. Anto \u010cartolovni, Hrvatsko katoli\u010dko sveu\u010dili\u0161te<br>23. doc. dr. sc. Marta \u010civljak, Hrvatsko katoli\u010dko sveu\u010dili\u0161te<br>24. doc. dr. sc. Boris Havel, Fakultet politi\u010dkih znanosti Sveu\u010dili\u0161ta u Zagrebu<br>25. doc. dr. sc. Morana Brklja\u010di\u0107, dr. med., Medicinski fakultet Sveu\u010dili\u0161ta u Zagrebu, predsjednica Povjerenstva za medicinsku etiku i deontologiju Hrvatskog lije\u010dni\u010dkog zbora<br>26. doc. dr. sc. Sofia Ana Bla\u017eevi\u0107, Prirodoslovno-matemati\u010dki fakultet Sveu\u010dili\u0161ta u Zagrebu<br>27. doc. dr. sc. Dalibor Reni\u0107 S.J., Fakultet filozofije i religijskih znanosti Sveu\u010dili\u0161ta u Zagrebu<br>28. doc. dr. sc. Boris Beck, Fakultet politi\u010dkih znanosti Sveu\u010dili\u0161ta u Zagrebu<br>29. doc. dr. sc. prim. Rok \u010civljak, dr. med., Medicinski fakultet Sveu\u010dili\u0161ta u Zagrebu, Klinika za infektivne bolesti \u201cDr. Fran Mihaljevi\u0107\u201d<br>30. dr. sc. Dan \u0110akovi\u0107, Fakultet filozofije i religijskih znanosti<br>31. dr. sc. Josip Markoti\u0107, Hrvatsko katoli\u010dko sveu\u010dili\u0161te<br>32. mr. art. \u0110uro Tikvica, red. prof. art., Glazbena akademija u Zagrebu<br>33. mr. art. Eva Kirchmayer Bili\u0107, Glazbena akademija u Zagrebu<br>34. dr. sc. Tomislav Domazet-Lo\u0161o, Institut Ru\u0111er Bo\u0161kovi\u0107<br>35. dr. sc. Josip Balabani\u0107, \u010dlan suradnik Hrvatske akademije znanosti i umjetnosti<br>36. dr. sc. Jakov \u017di\u017ei\u0107, Hrvatsko katoli\u010dko sveu\u010dili\u0161te<br>37. dr. sc. Marija Serti\u0107, Hrvatsko katoli\u010dko sveu\u010dili\u0161te<br>38. dr. sc. Lana Batini\u0107, Hrvatsko katoli\u010dko sveu\u010dili\u0161te<br>39. Boris Ujevi\u0107, prim. dr. med., specijalist ginekologije i opstetricije, dopredsjednik Hrvatske udruge bolni\u010dkih lije\u010dnika<br>40. prof. dr. sc. Miroslav Kopjar, prim. dr. med., specijalist ginekologije i opstetricije, \u010dlan Glavnog odbora Hrvatskog lije\u010dni\u010dkog zbora<br>41. Valentina Evi\u0107, mag. chem., Prirodoslovno-matemati\u010dki fakultet Sveu\u010dili\u0161ta u Zagrebu<br>42. Marija Cvetni\u0107, mag. chem., Prirodoslovno-matemati\u010dki fakultet Sveu\u010dili\u0161ta u Zagrebu<br>43. Nikolina Valjak, mag. biol. exp., stru\u010dni suradnik, Agronomski fakultet Sveu\u010dili\u0161ta u Zagrebu<br>44. Ratko Cvetni\u0107, hrvatski knji\u017eevnik i publicist, \u010dlan suradnik Hrvatske akademije znanosti i umjetnosti<br>45. Ivana Grahovac, dr. med., predsjednica Svjetskog saveza mladih Hrvatska<br>46. Kristina Pavlovi\u0107, predsjednica udruge Glas roditelja za djecu \u2013 GROZD<br>47. Miljenko Mari\u0107, prof. filozofije i sociologije, predsjednik Udruge obitelji s \u010detvero i vi\u0161e djece Cetinskog kraja<br>48. Marko Parad\u017eik, mag. iur., glavni urednik \u010dasopisa Obnova<br>49. Kristijan \u0160imi\u010di\u0107, mag. oec., osniva\u010d i direktor Edukos \u2013 Centar znanja d.o.o.<br>50. Hrvatsko katoli\u010dko lije\u010dni\u010dko dru\u0161tvo<br>51. Hrvatski katoli\u010dki zbor MI<br>52. Ivan \u0110or\u0111i\u0107, predsjednik udruge Studenti za \u017eivot<br>53. Silvio Pulji\u0107, mag. ing. arch., Forum Plus Hrvatska<br>54. \u017deljka Marki\u0107, dr. med., predsjednica udruge U ime obitelji<br>55. Matija Pavkovi\u0107, predsjednik udruge Crodiaspora<br>56. Marko Kapular, dipl. theo., predsjednik Savjeta mladih Osje\u010dko-baranjske \u017eupanije<br>57. Klub zastupnika Domovinskoga pokreta<br>58. Predsjedni\u0161tvo Mosta<br>59. Klub mladih Mosta<br>60. Ivan Vidi\u0161, mag. pol., predsjednik Mlade\u017ei Hrvatske demokratske zajednice<br>61. izv. prof. dr. sc. Vesna Bedekovi\u0107, zastupnica u Hrvatskom saboru<br>62. izv. prof. dr. sc. Nino Raspudi\u0107, zastupnik u Hrvatskom saboru<br>63. dr. sc. Stephen Nikola Bartulica, zastupnik u Hrvatskom saboru<br>64. prim. mr. Maja Grba Bujevi\u0107, dr. med., zastupnica u Hrvatskom saboru, potpredsjednica Odbora za zdravstvo i socijalnu politiku Hrvatskog Sabora<br>65. Davor Ivo Stier, dipl. politolog, zastupnik u Hrvatskom saboru<br>66. Marijana Petir, dipl. biolog, dipl. teolog, zastupnica u Hrvatskom saboru<br>67. Bo\u017eo Petrov, dr. med., zastupnik u Hrvatskom saboru<br>68. Nikola Grmoja, prof. povijesti i sociologije, zastupnik u Hrvatskom saboru<br>69. Marin Mileti\u0107, dipl. teolog, zastupnik u Hrvatskom saboru<br>70. Ante Kujund\u017ei\u0107, dipl. teolog, zastupnik u Hrvatskom saboru<br>71. Zvonimir Troskot, dipl. oec., zastupnik u Hrvatskom saboru<br>72. Kristina Bakula, mag. iur., \u017eupanijska vije\u0107nica Vukovarsko-srijemske \u017eupanije<br>73. Marko Sladoljev, dipl. katehet, zastupnik u Gradskoj skup\u0161tini Grada Zagreba<br>74. Josip \u0160ari\u0107, dipl. in\u017eenjer prometa, zastupnik u Hrvatskom saboru<br>75. Stipan Sa\u0161lin, dipl. ing., zastupnik u Hrvatskom saboru<br>76. Ljubica Luka\u010di\u0107, dipl. pravnica, zastupnica u Hrvatskom saboru<br>77. Nevenko Barbari\u0107, dipl. in\u017eenjer gra\u0111evine, zastupnik u Hrvatskom saboru<br>78. Hrvoje \u0160imi\u0107, dr. med., spec. fizijatar, zastupnik u Hrvatskom saboru<br>79. Ankica Zmai\u0107, zastupnica u Hrvatskom saboru<br>80. Nikolina Baradi\u0107, zastupnica u Hrvatskom saboru<br>81. Marin Mandari\u0107, dipl. ekonomist, zastupnik u Hrvatskom saboru<br>82. Darko Sobota, in\u017eenjer poljoprivrede, zastupnik u Hrvatskom saboru<br>83. dr. sc. Zlatko Hasanbegovi\u0107, zastupnik u Hrvatskom saboru<br>84. Radoje Vidovi\u0107, profesor povijesti i zemljopisa, dipl. novinar, zastupnik u Hrvatskom saboru<br>85. mr. sc. Josip Begonja, dipl. ekonomist, zastupnik u Hrvatskom saboru, gradona\u010delnik Grada Drni\u0161a<br>86. Mario Kapulica, stru\u010d. spec. rel. publ., zastupnik u Hrvatskom saboru<br>87. Nikola Ma\u017ear, mag. iur., zastupnik u Hrvatskom saboru<br>88. Nadica Dreven Budinski, zastupnica u Hrvatskom saboru<br>89. Marija Jelkovac, mag. iur., zastupnica u Hrvatskom saboru<br>90. Anamarija Bla\u017eevi\u0107, bacc. admin. publ., zastupnica u Hrvatskom saboru<br>91. Krunoslav Kata\u010di\u0107, dipl. pravnik, zastupnik u Hrvatskom saboru<br>92. Nada Murgani\u0107, dipl. socijalna radnica, zastupnica u Hrvatskom saboru<br>93. Gari Cappelli, in\u017eenjer pomorskog prometa, zastupnik u Hrvatskom saboru<br>94. Miro Totgergeli, dipl. ing. el. techn., zastupnik u Hrvatskom saboru<br>95. \u017darko Tu\u0161ek, univ. bacc. oec., zastupnik u Hrvatskom saboru<br>96. dr. sc. Miroslav \u0160koro, zastupnik u Hrvatskom saboru<br>97. Daniel Spaji\u0107, zastupnik u Hrvatskom saboru<br>98. Ru\u017eica Vukovac, dipl. iur., zastupnica u Hrvatskom saboru<br>99. Davor Dretar, zastupnik u Hrvatskom saboru<br>100. Ante Prka\u010din, zastupnik u Hrvatskom saboru<br>101. dr. sc. Vesna Vu\u010demilovi\u0107, zastupnica u Hrvatskom saboru<br>102. Marin Pileti\u0107, mag. educ. philol. croat. et hist., zastupnik u Hrvatskom saboru<br>103. Anita Pocrni\u0107-Rado\u0161evi\u0107, dipl. oec., zastupnica u Hrvatskom saboru<br>104. Mato \u010ci\u010dak, mag. ing. traff., zastupnik u Hrvatskom saboru<br>105. Anton Kliman, zastupnik u Hrvatskom saboru<br>106. Marijana Bali\u0107, dipl. oec., zastupnica u Hrvatskom saboru<br>107. Branko Ba\u010di\u0107, dipl. ing. geod., zastupnik u Hrvatskom saboru<br>108. Vinko Zulim, dipl. iur., zastupnik u Hrvatskom saboru<br>109. Rade \u0160imi\u010devi\u0107, profesor pedagogije, zastupnik u Hrvatskom saboru<br>110. Ante Deur, zastupnik u Hrvatskom saboru<br>111. Jure Brkan, dipl. oec., zastupnik u Hrvatskom saboru<br>112. Pero \u0106osi\u0107, dipl. ing. aedif., zastupnik u Hrvatskom saboru<br>113. Danica Bari\u010devi\u0107, mag. marketinga i prodaje, zastupnica u Hrvatskom saboru<br>114. Ljubica Maksim\u010duk, ing. traff., zastupnica u Hrvatskom saboru<br>115. Ivan Budali\u0107, zastupnik u Hrvatskom saboru, gradona\u010delnik Grada Imotskog<br>116. Grozdana Peri\u0107, dipl. oec., zastupnica u Hrvatskom saboru<br>117. Tomislav Okro\u0161a, mag. ing. el. techn. inf., zastupnik u Hrvatskom saboru<br>118. Hrvoje Zekanovi\u0107, prof. geografije, zastupnih u Hrvatskom saboru<br>119. Tomislav Klari\u0107, zastupnik u Hrvatskom saboru, gradona\u010delnik Grada Bakra<br>120. dr. sc. Lea Galuni\u0107 Bili\u0107, dr. med., specijalist iz radioterapije i onkologije, KBC Rebro<br>121. dr. sc. Petar Bili\u0107, dr. med., spec. psihijatrije, subspec. biologijske psihijatrije, stalni sudski vje\u0161tak, Klinika za psihijatriju Vrap\u010de<br>122. dr. sc. Trpimir Golu\u017ea, dr. med., spec. ginekologije i opstetricije<br>123. dr. sc. Mate Car<br>124. dr. sc. Danijela Rup\u010di\u0107<br>125. dr. sc. Josip Stjepandi\u0107<br>126. dr. sc. Anita Ruso<br>127. Don Marku\u0161i\u0107, dipl. pravnik, odvjetnik<br>128. Nedjeljko Markovi\u0107, dipl. socijalni radnik<br>129. Dario \u010cehi\u0107, dipl. pravnik, odvjetnik<br>130. Matija \u0160tahan, mag. litt. comp.<br>131. Lucija \u0106ori\u0107, mag. iur., odvjetnica<br>132. Ana Pe\u0107ar, dipl. ing. arh., Hidroenerga<br>133. Ana Duki\u0107, mag. pharm.<br>134. Marija Burazer, mag. pharm.<br>135. Katarina Pero\u010devi\u0107, mag. iur.<br>136. Ana Marija Cakta\u0161, mag. pharm., univ. mag. pharm.<br>137. Martina Mili\u010devi\u0107, dr. med.<br>138. Luka Tripalo, mag. pharm.<br>139. Katarina Dvornik, dr. med., spec. ginekologije i opstetricije<br>140. Vjera Nin\u010devi\u0107, dr. med., doktorandica, Medicinski fakultet Sveu\u010dili\u0161ta J. J. Strossmayera u Osijeku<\/p>\n\n\n\n<p><strong>\u0160to sadr\u017ei Mati\u0107eva rezolucija?<\/strong><\/p>\n\n\n\n<p>Tekst koji je zastupnicima Europskog parlamenta donio Odbor za \u017eenska prava i ravnopravnost spolova, kojega vodi izvjestitelj Predrag Fred Mati\u0107, hrvatski eurozastupnik, ima za cilj \u201cu potpunosti priznati da su seksualno i reproduktivno zdravlje i prava ljudska prava\u201d.<\/p>\n\n\n\n<p>Rezolucija me\u0111u ostalim govori o promicanju seksualnog obrazovanja, borbi protiv saka\u0107enja \u017eenskih spolnih organa i trgovini seksom, olak\u0161avanju pristupa kontracepciji. No, klju\u010dna stvar koja se isti\u010de u formulaciji Mati\u0107evog izvje\u0161taja odnosi se na promicanje \u201ebesplatnog i legalnog poba\u010daja\u201c za sve \u017eene.<\/p>\n\n\n\n<p>Izvje\u0161taj tako\u0111er osu\u0111uje upotrebu prigovora savjesti od strane zdravstvenih radnika, navode\u0107i da je to \u201cjedna od najproblemati\u010dnijih prepreka\u201d. Izvje\u0161taj nagla\u0161ava: \u201emedicinski radnici \u010desto ne pobacuju pozivaju\u0107i se na svoja osobna uvjerenja (\u2026) To ne samo da uskra\u0107uje pravo \u017eenama na zdravstvo i medicinske postupke, ve\u0107 pokre\u0107e i pitanje javnih sustava upu\u0107ivanja\u201d.<\/p>\n\n\n\n<p>Slova\u010dka je nedavno rezolucijom odbacila Mati\u0107evo izvje\u0161\u0107e, istaknuv\u0161i kako su \u201cpitanja koja se ti\u010du \u200b\u200bzdravstvene politike i obrazovanja u nadle\u017enosti nacionalnih dr\u017eava \u2013 \u010dlanica EU\u201d.<\/p>\n\n\n\n<p><em>Izvor: narod.hr<\/em><\/p>\n","protected":false},"excerpt":{"rendered":"<p>Brojni predstavnici akademske zajednice, civilnog dru\u0161tva, me\u0111u kojima je i udruga U ime obitelji i politi\u010dari potpisali su Izjavu o tzv. Mati\u0107evom izvje\u0161\u0107u. \u201cRezolucija je, kao i Izvje\u0161\u0107e, problemati\u010dna iz nekoliko razloga, koji \u010dine najve\u0107i dio njezina sadr\u017eaja i koje ne bi trebalo zanemariti. Rezolucija se mije\u0161a u podru\u010dje nacionalne zdravstvene politike, ujedno u pru\u017eanje [&hellip;]<\/p>\n","protected":false},"author":2,"featured_media":36028,"comment_status":"closed","ping_status":"closed","sticky":false,"template":"","format":"standard","meta":{"h5ap_radio_sources":[],"footnotes":""},"categories":[1],"tags":[],"class_list":["post-36027","post","type-post","status-publish","format-standard","has-post-thumbnail","hentry","category-bihiregija"],"yoast_head":"<!-- This site is optimized with the Yoast SEO plugin v27.5 - https:\/\/yoast.com\/product\/yoast-seo-wordpress\/ -->\n<title>Brojni predstavnici akademske zajednice, civilnog dru\u0161tva i politi\u010dari protiv \u2018Mati\u0107evog izvje\u0161\u0107a\u2019 - RADIO LJUBU\u0160KI<\/title>\n<meta name=\"robots\" content=\"index, follow, max-snippet:-1, max-image-preview:large, max-video-preview:-1\" \/>\n<link rel=\"canonical\" href=\"https:\/\/radioljubuski.ba\/index.php\/2021\/06\/26\/brojni-predstavnici-akademske-zajednice-civilnog-drustva-i-politicari-protiv-maticevog-izvjesca\/\" \/>\n<meta property=\"og:locale\" content=\"hr_HR\" \/>\n<meta property=\"og:type\" content=\"article\" \/>\n<meta property=\"og:title\" content=\"Brojni predstavnici akademske zajednice, civilnog dru\u0161tva i politi\u010dari protiv \u2018Mati\u0107evog izvje\u0161\u0107a\u2019 - RADIO LJUBU\u0160KI\" \/>\n<meta property=\"og:description\" content=\"Brojni predstavnici akademske zajednice, civilnog dru\u0161tva, me\u0111u kojima je i udruga U ime obitelji i politi\u010dari potpisali su Izjavu o tzv. Mati\u0107evom izvje\u0161\u0107u. \u201cRezolucija je, kao i Izvje\u0161\u0107e, problemati\u010dna iz nekoliko razloga, koji \u010dine najve\u0107i dio njezina sadr\u017eaja i koje ne bi trebalo zanemariti. Rezolucija se mije\u0161a u podru\u010dje nacionalne zdravstvene politike, ujedno u pru\u017eanje [&hellip;]\" \/>\n<meta property=\"og:url\" content=\"https:\/\/radioljubuski.ba\/index.php\/2021\/06\/26\/brojni-predstavnici-akademske-zajednice-civilnog-drustva-i-politicari-protiv-maticevog-izvjesca\/\" \/>\n<meta property=\"og:site_name\" content=\"RADIO LJUBU\u0160KI\" \/>\n<meta property=\"article:publisher\" content=\"https:\/\/www.facebook.com\/Radiio-Ljubuski-1490835324566332\" \/>\n<meta property=\"article:published_time\" content=\"2021-06-26T12:51:40+00:00\" \/>\n<meta property=\"article:modified_time\" content=\"2021-06-26T12:51:42+00:00\" \/>\n<meta property=\"og:image\" content=\"https:\/\/radioljubuski.ba\/wp-content\/uploads\/2021\/06\/izjava-matic-696x464-1.jpg\" \/>\n\t<meta property=\"og:image:width\" content=\"696\" \/>\n\t<meta property=\"og:image:height\" content=\"464\" \/>\n\t<meta property=\"og:image:type\" content=\"image\/jpeg\" \/>\n<meta name=\"author\" content=\"Radio Ljubu\u0161ki\" \/>\n<meta name=\"twitter:card\" content=\"summary_large_image\" \/>\n<meta name=\"twitter:creator\" content=\"@radioljubuski\" \/>\n<meta name=\"twitter:site\" content=\"@radioljubuski\" \/>\n<meta name=\"twitter:label1\" content=\"Napisao\/la\" \/>\n\t<meta name=\"twitter:data1\" content=\"Radio Ljubu\u0161ki\" \/>\n\t<meta name=\"twitter:label2\" content=\"Procijenjeno vrijeme \u010ditanja\" \/>\n\t<meta name=\"twitter:data2\" content=\"10 minuta\" \/>\n<script type=\"application\/ld+json\" class=\"yoast-schema-graph\">{\"@context\":\"https:\\\/\\\/schema.org\",\"@graph\":[{\"@type\":\"Article\",\"@id\":\"https:\\\/\\\/radioljubuski.ba\\\/index.php\\\/2021\\\/06\\\/26\\\/brojni-predstavnici-akademske-zajednice-civilnog-drustva-i-politicari-protiv-maticevog-izvjesca\\\/#article\",\"isPartOf\":{\"@id\":\"https:\\\/\\\/radioljubuski.ba\\\/index.php\\\/2021\\\/06\\\/26\\\/brojni-predstavnici-akademske-zajednice-civilnog-drustva-i-politicari-protiv-maticevog-izvjesca\\\/\"},\"author\":{\"name\":\"Radio Ljubu\u0161ki\",\"@id\":\"https:\\\/\\\/radioljubuski.ba\\\/#\\\/schema\\\/person\\\/19fc700381a780f69665d7956c469e3b\"},\"headline\":\"Brojni predstavnici akademske zajednice, civilnog dru\u0161tva i politi\u010dari protiv \u2018Mati\u0107evog izvje\u0161\u0107a\u2019\",\"datePublished\":\"2021-06-26T12:51:40+00:00\",\"dateModified\":\"2021-06-26T12:51:42+00:00\",\"mainEntityOfPage\":{\"@id\":\"https:\\\/\\\/radioljubuski.ba\\\/index.php\\\/2021\\\/06\\\/26\\\/brojni-predstavnici-akademske-zajednice-civilnog-drustva-i-politicari-protiv-maticevog-izvjesca\\\/\"},\"wordCount\":2364,\"publisher\":{\"@id\":\"https:\\\/\\\/radioljubuski.ba\\\/#organization\"},\"image\":{\"@id\":\"https:\\\/\\\/radioljubuski.ba\\\/index.php\\\/2021\\\/06\\\/26\\\/brojni-predstavnici-akademske-zajednice-civilnog-drustva-i-politicari-protiv-maticevog-izvjesca\\\/#primaryimage\"},\"thumbnailUrl\":\"https:\\\/\\\/radioljubuski.ba\\\/wp-content\\\/uploads\\\/2021\\\/06\\\/izjava-matic-696x464-1.jpg\",\"articleSection\":[\"BIH i regija\"],\"inLanguage\":\"hr\"},{\"@type\":\"WebPage\",\"@id\":\"https:\\\/\\\/radioljubuski.ba\\\/index.php\\\/2021\\\/06\\\/26\\\/brojni-predstavnici-akademske-zajednice-civilnog-drustva-i-politicari-protiv-maticevog-izvjesca\\\/\",\"url\":\"https:\\\/\\\/radioljubuski.ba\\\/index.php\\\/2021\\\/06\\\/26\\\/brojni-predstavnici-akademske-zajednice-civilnog-drustva-i-politicari-protiv-maticevog-izvjesca\\\/\",\"name\":\"Brojni predstavnici akademske zajednice, civilnog dru\u0161tva i politi\u010dari protiv \u2018Mati\u0107evog izvje\u0161\u0107a\u2019 - RADIO LJUBU\u0160KI\",\"isPartOf\":{\"@id\":\"https:\\\/\\\/radioljubuski.ba\\\/#website\"},\"primaryImageOfPage\":{\"@id\":\"https:\\\/\\\/radioljubuski.ba\\\/index.php\\\/2021\\\/06\\\/26\\\/brojni-predstavnici-akademske-zajednice-civilnog-drustva-i-politicari-protiv-maticevog-izvjesca\\\/#primaryimage\"},\"image\":{\"@id\":\"https:\\\/\\\/radioljubuski.ba\\\/index.php\\\/2021\\\/06\\\/26\\\/brojni-predstavnici-akademske-zajednice-civilnog-drustva-i-politicari-protiv-maticevog-izvjesca\\\/#primaryimage\"},\"thumbnailUrl\":\"https:\\\/\\\/radioljubuski.ba\\\/wp-content\\\/uploads\\\/2021\\\/06\\\/izjava-matic-696x464-1.jpg\",\"datePublished\":\"2021-06-26T12:51:40+00:00\",\"dateModified\":\"2021-06-26T12:51:42+00:00\",\"breadcrumb\":{\"@id\":\"https:\\\/\\\/radioljubuski.ba\\\/index.php\\\/2021\\\/06\\\/26\\\/brojni-predstavnici-akademske-zajednice-civilnog-drustva-i-politicari-protiv-maticevog-izvjesca\\\/#breadcrumb\"},\"inLanguage\":\"hr\",\"potentialAction\":[{\"@type\":\"ReadAction\",\"target\":[\"https:\\\/\\\/radioljubuski.ba\\\/index.php\\\/2021\\\/06\\\/26\\\/brojni-predstavnici-akademske-zajednice-civilnog-drustva-i-politicari-protiv-maticevog-izvjesca\\\/\"]}]},{\"@type\":\"ImageObject\",\"inLanguage\":\"hr\",\"@id\":\"https:\\\/\\\/radioljubuski.ba\\\/index.php\\\/2021\\\/06\\\/26\\\/brojni-predstavnici-akademske-zajednice-civilnog-drustva-i-politicari-protiv-maticevog-izvjesca\\\/#primaryimage\",\"url\":\"https:\\\/\\\/radioljubuski.ba\\\/wp-content\\\/uploads\\\/2021\\\/06\\\/izjava-matic-696x464-1.jpg\",\"contentUrl\":\"https:\\\/\\\/radioljubuski.ba\\\/wp-content\\\/uploads\\\/2021\\\/06\\\/izjava-matic-696x464-1.jpg\",\"width\":696,\"height\":464},{\"@type\":\"BreadcrumbList\",\"@id\":\"https:\\\/\\\/radioljubuski.ba\\\/index.php\\\/2021\\\/06\\\/26\\\/brojni-predstavnici-akademske-zajednice-civilnog-drustva-i-politicari-protiv-maticevog-izvjesca\\\/#breadcrumb\",\"itemListElement\":[{\"@type\":\"ListItem\",\"position\":1,\"name\":\"Po\u010detna stranica\",\"item\":\"https:\\\/\\\/radioljubuski.ba\\\/\"},{\"@type\":\"ListItem\",\"position\":2,\"name\":\"Brojni predstavnici akademske zajednice, civilnog dru\u0161tva i politi\u010dari protiv \u2018Mati\u0107evog izvje\u0161\u0107a\u2019\"}]},{\"@type\":\"WebSite\",\"@id\":\"https:\\\/\\\/radioljubuski.ba\\\/#website\",\"url\":\"https:\\\/\\\/radioljubuski.ba\\\/\",\"name\":\"Radio Ljubu\u0161ki\",\"description\":\"Sun\u010dana frekvencija Hercegovine\",\"publisher\":{\"@id\":\"https:\\\/\\\/radioljubuski.ba\\\/#organization\"},\"potentialAction\":[{\"@type\":\"SearchAction\",\"target\":{\"@type\":\"EntryPoint\",\"urlTemplate\":\"https:\\\/\\\/radioljubuski.ba\\\/?s={search_term_string}\"},\"query-input\":{\"@type\":\"PropertyValueSpecification\",\"valueRequired\":true,\"valueName\":\"search_term_string\"}}],\"inLanguage\":\"hr\"},{\"@type\":\"Organization\",\"@id\":\"https:\\\/\\\/radioljubuski.ba\\\/#organization\",\"name\":\"Radio Ljubu\u0161ki\",\"url\":\"https:\\\/\\\/radioljubuski.ba\\\/\",\"logo\":{\"@type\":\"ImageObject\",\"inLanguage\":\"hr\",\"@id\":\"https:\\\/\\\/radioljubuski.ba\\\/#\\\/schema\\\/logo\\\/image\\\/\",\"url\":\"https:\\\/\\\/radioljubuski.ba\\\/wp-content\\\/uploads\\\/2021\\\/02\\\/cropped-Radio_Ljubuski_logo1.jpg\",\"contentUrl\":\"https:\\\/\\\/radioljubuski.ba\\\/wp-content\\\/uploads\\\/2021\\\/02\\\/cropped-Radio_Ljubuski_logo1.jpg\",\"width\":512,\"height\":512,\"caption\":\"Radio Ljubu\u0161ki\"},\"image\":{\"@id\":\"https:\\\/\\\/radioljubuski.ba\\\/#\\\/schema\\\/logo\\\/image\\\/\"},\"sameAs\":[\"https:\\\/\\\/www.facebook.com\\\/Radiio-Ljubuski-1490835324566332\",\"https:\\\/\\\/x.com\\\/radioljubuski\",\"https:\\\/\\\/hr.linkedin.com\\\/company\\\/radio-ljubuski\",\"https:\\\/\\\/www.youtube.com\\\/channel\\\/UCHYaeO_n0Db3tjNGudGpXyw\"]},{\"@type\":\"Person\",\"@id\":\"https:\\\/\\\/radioljubuski.ba\\\/#\\\/schema\\\/person\\\/19fc700381a780f69665d7956c469e3b\",\"name\":\"Radio Ljubu\u0161ki\"}]}<\/script>\n<!-- \/ Yoast SEO plugin. -->","yoast_head_json":{"title":"Brojni predstavnici akademske zajednice, civilnog dru\u0161tva i politi\u010dari protiv \u2018Mati\u0107evog izvje\u0161\u0107a\u2019 - RADIO LJUBU\u0160KI","robots":{"index":"index","follow":"follow","max-snippet":"max-snippet:-1","max-image-preview":"max-image-preview:large","max-video-preview":"max-video-preview:-1"},"canonical":"https:\/\/radioljubuski.ba\/index.php\/2021\/06\/26\/brojni-predstavnici-akademske-zajednice-civilnog-drustva-i-politicari-protiv-maticevog-izvjesca\/","og_locale":"hr_HR","og_type":"article","og_title":"Brojni predstavnici akademske zajednice, civilnog dru\u0161tva i politi\u010dari protiv \u2018Mati\u0107evog izvje\u0161\u0107a\u2019 - RADIO LJUBU\u0160KI","og_description":"Brojni predstavnici akademske zajednice, civilnog dru\u0161tva, me\u0111u kojima je i udruga U ime obitelji i politi\u010dari potpisali su Izjavu o tzv. Mati\u0107evom izvje\u0161\u0107u. \u201cRezolucija je, kao i Izvje\u0161\u0107e, problemati\u010dna iz nekoliko razloga, koji \u010dine najve\u0107i dio njezina sadr\u017eaja i koje ne bi trebalo zanemariti. Rezolucija se mije\u0161a u podru\u010dje nacionalne zdravstvene politike, ujedno u pru\u017eanje [&hellip;]","og_url":"https:\/\/radioljubuski.ba\/index.php\/2021\/06\/26\/brojni-predstavnici-akademske-zajednice-civilnog-drustva-i-politicari-protiv-maticevog-izvjesca\/","og_site_name":"RADIO LJUBU\u0160KI","article_publisher":"https:\/\/www.facebook.com\/Radiio-Ljubuski-1490835324566332","article_published_time":"2021-06-26T12:51:40+00:00","article_modified_time":"2021-06-26T12:51:42+00:00","og_image":[{"width":696,"height":464,"url":"https:\/\/radioljubuski.ba\/wp-content\/uploads\/2021\/06\/izjava-matic-696x464-1.jpg","type":"image\/jpeg"}],"author":"Radio Ljubu\u0161ki","twitter_card":"summary_large_image","twitter_creator":"@radioljubuski","twitter_site":"@radioljubuski","twitter_misc":{"Napisao\/la":"Radio Ljubu\u0161ki","Procijenjeno vrijeme \u010ditanja":"10 minuta"},"schema":{"@context":"https:\/\/schema.org","@graph":[{"@type":"Article","@id":"https:\/\/radioljubuski.ba\/index.php\/2021\/06\/26\/brojni-predstavnici-akademske-zajednice-civilnog-drustva-i-politicari-protiv-maticevog-izvjesca\/#article","isPartOf":{"@id":"https:\/\/radioljubuski.ba\/index.php\/2021\/06\/26\/brojni-predstavnici-akademske-zajednice-civilnog-drustva-i-politicari-protiv-maticevog-izvjesca\/"},"author":{"name":"Radio Ljubu\u0161ki","@id":"https:\/\/radioljubuski.ba\/#\/schema\/person\/19fc700381a780f69665d7956c469e3b"},"headline":"Brojni predstavnici akademske zajednice, civilnog dru\u0161tva i politi\u010dari protiv \u2018Mati\u0107evog izvje\u0161\u0107a\u2019","datePublished":"2021-06-26T12:51:40+00:00","dateModified":"2021-06-26T12:51:42+00:00","mainEntityOfPage":{"@id":"https:\/\/radioljubuski.ba\/index.php\/2021\/06\/26\/brojni-predstavnici-akademske-zajednice-civilnog-drustva-i-politicari-protiv-maticevog-izvjesca\/"},"wordCount":2364,"publisher":{"@id":"https:\/\/radioljubuski.ba\/#organization"},"image":{"@id":"https:\/\/radioljubuski.ba\/index.php\/2021\/06\/26\/brojni-predstavnici-akademske-zajednice-civilnog-drustva-i-politicari-protiv-maticevog-izvjesca\/#primaryimage"},"thumbnailUrl":"https:\/\/radioljubuski.ba\/wp-content\/uploads\/2021\/06\/izjava-matic-696x464-1.jpg","articleSection":["BIH i regija"],"inLanguage":"hr"},{"@type":"WebPage","@id":"https:\/\/radioljubuski.ba\/index.php\/2021\/06\/26\/brojni-predstavnici-akademske-zajednice-civilnog-drustva-i-politicari-protiv-maticevog-izvjesca\/","url":"https:\/\/radioljubuski.ba\/index.php\/2021\/06\/26\/brojni-predstavnici-akademske-zajednice-civilnog-drustva-i-politicari-protiv-maticevog-izvjesca\/","name":"Brojni predstavnici akademske zajednice, civilnog dru\u0161tva i politi\u010dari protiv \u2018Mati\u0107evog izvje\u0161\u0107a\u2019 - RADIO LJUBU\u0160KI","isPartOf":{"@id":"https:\/\/radioljubuski.ba\/#website"},"primaryImageOfPage":{"@id":"https:\/\/radioljubuski.ba\/index.php\/2021\/06\/26\/brojni-predstavnici-akademske-zajednice-civilnog-drustva-i-politicari-protiv-maticevog-izvjesca\/#primaryimage"},"image":{"@id":"https:\/\/radioljubuski.ba\/index.php\/2021\/06\/26\/brojni-predstavnici-akademske-zajednice-civilnog-drustva-i-politicari-protiv-maticevog-izvjesca\/#primaryimage"},"thumbnailUrl":"https:\/\/radioljubuski.ba\/wp-content\/uploads\/2021\/06\/izjava-matic-696x464-1.jpg","datePublished":"2021-06-26T12:51:40+00:00","dateModified":"2021-06-26T12:51:42+00:00","breadcrumb":{"@id":"https:\/\/radioljubuski.ba\/index.php\/2021\/06\/26\/brojni-predstavnici-akademske-zajednice-civilnog-drustva-i-politicari-protiv-maticevog-izvjesca\/#breadcrumb"},"inLanguage":"hr","potentialAction":[{"@type":"ReadAction","target":["https:\/\/radioljubuski.ba\/index.php\/2021\/06\/26\/brojni-predstavnici-akademske-zajednice-civilnog-drustva-i-politicari-protiv-maticevog-izvjesca\/"]}]},{"@type":"ImageObject","inLanguage":"hr","@id":"https:\/\/radioljubuski.ba\/index.php\/2021\/06\/26\/brojni-predstavnici-akademske-zajednice-civilnog-drustva-i-politicari-protiv-maticevog-izvjesca\/#primaryimage","url":"https:\/\/radioljubuski.ba\/wp-content\/uploads\/2021\/06\/izjava-matic-696x464-1.jpg","contentUrl":"https:\/\/radioljubuski.ba\/wp-content\/uploads\/2021\/06\/izjava-matic-696x464-1.jpg","width":696,"height":464},{"@type":"BreadcrumbList","@id":"https:\/\/radioljubuski.ba\/index.php\/2021\/06\/26\/brojni-predstavnici-akademske-zajednice-civilnog-drustva-i-politicari-protiv-maticevog-izvjesca\/#breadcrumb","itemListElement":[{"@type":"ListItem","position":1,"name":"Po\u010detna stranica","item":"https:\/\/radioljubuski.ba\/"},{"@type":"ListItem","position":2,"name":"Brojni predstavnici akademske zajednice, civilnog dru\u0161tva i politi\u010dari protiv \u2018Mati\u0107evog izvje\u0161\u0107a\u2019"}]},{"@type":"WebSite","@id":"https:\/\/radioljubuski.ba\/#website","url":"https:\/\/radioljubuski.ba\/","name":"Radio Ljubu\u0161ki","description":"Sun\u010dana frekvencija Hercegovine","publisher":{"@id":"https:\/\/radioljubuski.ba\/#organization"},"potentialAction":[{"@type":"SearchAction","target":{"@type":"EntryPoint","urlTemplate":"https:\/\/radioljubuski.ba\/?s={search_term_string}"},"query-input":{"@type":"PropertyValueSpecification","valueRequired":true,"valueName":"search_term_string"}}],"inLanguage":"hr"},{"@type":"Organization","@id":"https:\/\/radioljubuski.ba\/#organization","name":"Radio Ljubu\u0161ki","url":"https:\/\/radioljubuski.ba\/","logo":{"@type":"ImageObject","inLanguage":"hr","@id":"https:\/\/radioljubuski.ba\/#\/schema\/logo\/image\/","url":"https:\/\/radioljubuski.ba\/wp-content\/uploads\/2021\/02\/cropped-Radio_Ljubuski_logo1.jpg","contentUrl":"https:\/\/radioljubuski.ba\/wp-content\/uploads\/2021\/02\/cropped-Radio_Ljubuski_logo1.jpg","width":512,"height":512,"caption":"Radio Ljubu\u0161ki"},"image":{"@id":"https:\/\/radioljubuski.ba\/#\/schema\/logo\/image\/"},"sameAs":["https:\/\/www.facebook.com\/Radiio-Ljubuski-1490835324566332","https:\/\/x.com\/radioljubuski","https:\/\/hr.linkedin.com\/company\/radio-ljubuski","https:\/\/www.youtube.com\/channel\/UCHYaeO_n0Db3tjNGudGpXyw"]},{"@type":"Person","@id":"https:\/\/radioljubuski.ba\/#\/schema\/person\/19fc700381a780f69665d7956c469e3b","name":"Radio Ljubu\u0161ki"}]}},"_links":{"self":[{"href":"https:\/\/radioljubuski.ba\/index.php\/wp-json\/wp\/v2\/posts\/36027","targetHints":{"allow":["GET"]}}],"collection":[{"href":"https:\/\/radioljubuski.ba\/index.php\/wp-json\/wp\/v2\/posts"}],"about":[{"href":"https:\/\/radioljubuski.ba\/index.php\/wp-json\/wp\/v2\/types\/post"}],"author":[{"embeddable":true,"href":"https:\/\/radioljubuski.ba\/index.php\/wp-json\/wp\/v2\/users\/2"}],"replies":[{"embeddable":true,"href":"https:\/\/radioljubuski.ba\/index.php\/wp-json\/wp\/v2\/comments?post=36027"}],"version-history":[{"count":1,"href":"https:\/\/radioljubuski.ba\/index.php\/wp-json\/wp\/v2\/posts\/36027\/revisions"}],"predecessor-version":[{"id":36029,"href":"https:\/\/radioljubuski.ba\/index.php\/wp-json\/wp\/v2\/posts\/36027\/revisions\/36029"}],"wp:featuredmedia":[{"embeddable":true,"href":"https:\/\/radioljubuski.ba\/index.php\/wp-json\/wp\/v2\/media\/36028"}],"wp:attachment":[{"href":"https:\/\/radioljubuski.ba\/index.php\/wp-json\/wp\/v2\/media?parent=36027"}],"wp:term":[{"taxonomy":"category","embeddable":true,"href":"https:\/\/radioljubuski.ba\/index.php\/wp-json\/wp\/v2\/categories?post=36027"},{"taxonomy":"post_tag","embeddable":true,"href":"https:\/\/radioljubuski.ba\/index.php\/wp-json\/wp\/v2\/tags?post=36027"}],"curies":[{"name":"wp","href":"https:\/\/api.w.org\/{rel}","templated":true}]}}