{"id":36030,"date":"2021-06-26T13:53:16","date_gmt":"2021-06-26T12:53:16","guid":{"rendered":"https:\/\/radioljubuski.ba\/?p=36030"},"modified":"2021-06-26T13:53:17","modified_gmt":"2021-06-26T12:53:17","slug":"nizozemski-premijer-napao-madarsku-cilj-je-da-padne-na-koljena-nemaju-sto-traziti-u-eu","status":"publish","type":"post","link":"https:\/\/radioljubuski.ba\/index.php\/2021\/06\/26\/nizozemski-premijer-napao-madarsku-cilj-je-da-padne-na-koljena-nemaju-sto-traziti-u-eu\/","title":{"rendered":"Nizozemski premijer napao Ma\u0111arsku: Cilj je da padne na koljena, nemaju \u0161to tra\u017eiti u EU"},"content":{"rendered":"\n<p><strong>\u201cPo mom mi\u0161ljenju, Ma\u0111arska nema \u0161to tra\u017eiti u EU\u201d, ustvrdio je nizozemski premijer Mark Rutte po dolasku na dvodnevni summit \u010delnika EU u Bruxellesu, prenosi <a href=\"https:\/\/rmx.news\/article\/article\/dutch-pm-hungary-has-no-business-being-in-the-eu\">REMIX<\/a>. To je jo\u0161 jedan u nizu napada na Ma\u0111arsku povodom nedavno izglasovanog ma\u0111arskog zakona protiv pedofilije, kojeg lijevo-liberalni mediji pogrje\u0161no karakteriziraju kao \u201canti-LGBT zakon\u201d<\/strong>.<\/p>\n\n\n\n<p>Rutte je to izrekao u izjavi za nizozemski RTL na Bruxelleskoj ulici oki\u0107enoj zastavom duginih boja u velikom planu. \u201cMe\u0111utim, ne mo\u017eemo im nalo\u017eiti da iza\u0111u iz Unije. Treba i\u0107i postupno, korak po korak, u nadi da \u0107e se Ma\u0111arska prilagoditi\u201d, ustvrdio je Rutte. \u201cCilj je da Ma\u0111arska padne na koljena u ovoj stvari.\u201d<\/p>\n\n\n\n<p>U odgovoru na Rutteov napad, ma\u0111arska ministrica pravosu\u0111a Judit Varga izjavila je da nizozemski premijer govori iz stare perspektive i nadi\u0111enog mentaliteta kolonijalne mo\u0107i.<\/p>\n\n\n\n<p>\u201cU izjavi g. Ruttea \u010duje se stara kolonijalisti\u010dka arogancija \u2013 on nala\u017ee Ma\u0111arima da kleknu!\u201d, napisala je Varga u svom komentaru. \u201cDokle god \u017eivim, svom svojom snagom borit \u0107u se da Ma\u0111ari nikada ne kleknu pred Rutteom niti ijednim drugim kolonizatorom. Svojom se izjavom Nizozemski vo\u0111a izdvojio od cjeline civiliziranog svijeta!\u201d<\/p>\n\n\n\n<p>Raste napetost izme\u0111u skupine liberalnih europskih zemalja i Ma\u0111arske otkako je 13 dr\u017eava \u010dlanica EU osudilo Ma\u0111arsku zbog njenog zakona protiv pedofilije. Ma\u0111arski premijer Viktor Orban u ju\u010dera\u0161njem je govoru u Bruxellesu izjavio da zanimanje koje strane vlade i Vije\u0107e Europe pokazuju za doma\u0107e ma\u0111arske zakone predstavlja posebnu \u201c\u010dast\u201d. Podsjetio je da je taj zakon donesen u svrhu za\u0161tite djece i pru\u017eanja mogu\u0107nosti roditeljima za odgoj i obrazovanje sukladno s njihovim vlastitim uvjerenjima.<\/p>\n\n\n\n<p>\u201cVolio bih im re\u0107i ne postoji pitanje nijednoga zakona koje bi se odnosilo na homoseksualnost. Ovaj zakon ne govori o tome. Ovaj se zakon odnosi na odgoj djece, odgoj u odnosu na bilo kakav seksualni sadr\u017eaj\u201d, rekao je Orban. \u201cUvijek je bolje prvo ne\u0161to pro\u010ditati pa tek onda reagirati; to je pravilan redoslijed\u201d, dodao je.<\/p>\n\n\n\n<p>Podsjetimo, 13 zemalja \u010dlanica Vije\u0107a za op\u0107e poslove EU donijelo rezoluciju kojom se osu\u0111uje Ma\u0111arska zbog navedenog zakona. Hrvatska se ne nalazi na ovom popisu. Ovaj zahtjev, kojeg su Vije\u0107u podnijele dr\u017eave Beneluxa, na kraju su odobrile Danska, Estonija, Finska, Francuska, Njema\u010dka, Irska, Litva, \u0160panjolska, \u0160vedska i Latvija. Premijer Plenkovi\u0107 poru\u010dio je da Hrvatska nije imala potrebe priklju\u010diti se dr\u017eavama koje su prozvale Ma\u0111arsku zbog zakona protiv pedofilije.<\/p>\n\n\n\n<p>Ma\u0111arski premijer ustraje na \u010dinjenici da Ma\u0111arska ima pravo sama donositi zakone koji se odnose na obrazovnu politiku, pozivaju\u0107i se na na\u010delo supsidijarnosti. Prema tom na\u010delu Uniji se daje pravo da izvr\u0161ava svoju nadle\u017enost samo kada dr\u017eave \u010dlanice ne mogu u zadovoljavaju\u0107oj mjeri ostvariti ciljeve predlo\u017eenog djelovanja i kada djelovanje na razini Unije mo\u017ee donijeti dodanu vrijednost.<strong> U slu\u010daju ma\u0111arskog zakona protiv pedofilije ne postoje razlozi za upletanjem Unije u unutarnju ma\u0111arsku politiku.<\/strong><\/p>\n\n\n\n<p><em>Izvor: narod.hr\/rmx.news<\/em><\/p>\n","protected":false},"excerpt":{"rendered":"<p>\u201cPo mom mi\u0161ljenju, Ma\u0111arska nema \u0161to tra\u017eiti u EU\u201d, ustvrdio je nizozemski premijer Mark Rutte po dolasku na dvodnevni summit \u010delnika EU u Bruxellesu, prenosi REMIX. To je jo\u0161 jedan u nizu napada na Ma\u0111arsku povodom nedavno izglasovanog ma\u0111arskog zakona protiv pedofilije, kojeg lijevo-liberalni mediji pogrje\u0161no karakteriziraju kao \u201canti-LGBT zakon\u201d. Rutte je to izrekao u [&hellip;]<\/p>\n","protected":false},"author":2,"featured_media":36031,"comment_status":"closed","ping_status":"closed","sticky":false,"template":"","format":"standard","meta":{"h5ap_radio_sources":[],"footnotes":""},"categories":[1],"tags":[],"class_list":["post-36030","post","type-post","status-publish","format-standard","has-post-thumbnail","hentry","category-bihiregija"],"yoast_head":"<!-- This site is optimized with the Yoast SEO plugin v27.5 - https:\/\/yoast.com\/product\/yoast-seo-wordpress\/ -->\n<title>Nizozemski premijer napao Ma\u0111arsku: Cilj je da padne na koljena, nemaju \u0161to tra\u017eiti u EU - RADIO LJUBU\u0160KI<\/title>\n<meta name=\"robots\" content=\"index, follow, max-snippet:-1, max-image-preview:large, max-video-preview:-1\" \/>\n<link rel=\"canonical\" href=\"https:\/\/radioljubuski.ba\/index.php\/2021\/06\/26\/nizozemski-premijer-napao-madarsku-cilj-je-da-padne-na-koljena-nemaju-sto-traziti-u-eu\/\" \/>\n<meta property=\"og:locale\" content=\"hr_HR\" \/>\n<meta property=\"og:type\" content=\"article\" \/>\n<meta property=\"og:title\" content=\"Nizozemski premijer napao Ma\u0111arsku: Cilj je da padne na koljena, nemaju \u0161to tra\u017eiti u EU - RADIO LJUBU\u0160KI\" \/>\n<meta property=\"og:description\" content=\"\u201cPo mom mi\u0161ljenju, Ma\u0111arska nema \u0161to tra\u017eiti u EU\u201d, ustvrdio je nizozemski premijer Mark Rutte po dolasku na dvodnevni summit \u010delnika EU u Bruxellesu, prenosi REMIX. To je jo\u0161 jedan u nizu napada na Ma\u0111arsku povodom nedavno izglasovanog ma\u0111arskog zakona protiv pedofilije, kojeg lijevo-liberalni mediji pogrje\u0161no karakteriziraju kao \u201canti-LGBT zakon\u201d. Rutte je to izrekao u [&hellip;]\" \/>\n<meta property=\"og:url\" content=\"https:\/\/radioljubuski.ba\/index.php\/2021\/06\/26\/nizozemski-premijer-napao-madarsku-cilj-je-da-padne-na-koljena-nemaju-sto-traziti-u-eu\/\" \/>\n<meta property=\"og:site_name\" content=\"RADIO LJUBU\u0160KI\" \/>\n<meta property=\"article:publisher\" content=\"https:\/\/www.facebook.com\/Radiio-Ljubuski-1490835324566332\" \/>\n<meta property=\"article:published_time\" content=\"2021-06-26T12:53:16+00:00\" \/>\n<meta property=\"article:modified_time\" content=\"2021-06-26T12:53:17+00:00\" \/>\n<meta property=\"og:image\" content=\"https:\/\/radioljubuski.ba\/wp-content\/uploads\/2021\/06\/orban-rutte-696x464-1.jpg\" \/>\n\t<meta property=\"og:image:width\" content=\"696\" \/>\n\t<meta property=\"og:image:height\" content=\"464\" \/>\n\t<meta property=\"og:image:type\" content=\"image\/jpeg\" \/>\n<meta name=\"author\" content=\"Radio Ljubu\u0161ki\" \/>\n<meta name=\"twitter:card\" content=\"summary_large_image\" \/>\n<meta name=\"twitter:creator\" content=\"@radioljubuski\" \/>\n<meta name=\"twitter:site\" content=\"@radioljubuski\" \/>\n<meta name=\"twitter:label1\" content=\"Napisao\/la\" \/>\n\t<meta name=\"twitter:data1\" content=\"Radio Ljubu\u0161ki\" \/>\n\t<meta name=\"twitter:label2\" content=\"Procijenjeno vrijeme \u010ditanja\" \/>\n\t<meta name=\"twitter:data2\" content=\"2 minute\" \/>\n<script type=\"application\/ld+json\" class=\"yoast-schema-graph\">{\"@context\":\"https:\\\/\\\/schema.org\",\"@graph\":[{\"@type\":\"Article\",\"@id\":\"https:\\\/\\\/radioljubuski.ba\\\/index.php\\\/2021\\\/06\\\/26\\\/nizozemski-premijer-napao-madarsku-cilj-je-da-padne-na-koljena-nemaju-sto-traziti-u-eu\\\/#article\",\"isPartOf\":{\"@id\":\"https:\\\/\\\/radioljubuski.ba\\\/index.php\\\/2021\\\/06\\\/26\\\/nizozemski-premijer-napao-madarsku-cilj-je-da-padne-na-koljena-nemaju-sto-traziti-u-eu\\\/\"},\"author\":{\"name\":\"Radio Ljubu\u0161ki\",\"@id\":\"https:\\\/\\\/radioljubuski.ba\\\/#\\\/schema\\\/person\\\/19fc700381a780f69665d7956c469e3b\"},\"headline\":\"Nizozemski premijer napao Ma\u0111arsku: Cilj je da padne na koljena, nemaju \u0161to tra\u017eiti u EU\",\"datePublished\":\"2021-06-26T12:53:16+00:00\",\"dateModified\":\"2021-06-26T12:53:17+00:00\",\"mainEntityOfPage\":{\"@id\":\"https:\\\/\\\/radioljubuski.ba\\\/index.php\\\/2021\\\/06\\\/26\\\/nizozemski-premijer-napao-madarsku-cilj-je-da-padne-na-koljena-nemaju-sto-traziti-u-eu\\\/\"},\"wordCount\":532,\"publisher\":{\"@id\":\"https:\\\/\\\/radioljubuski.ba\\\/#organization\"},\"image\":{\"@id\":\"https:\\\/\\\/radioljubuski.ba\\\/index.php\\\/2021\\\/06\\\/26\\\/nizozemski-premijer-napao-madarsku-cilj-je-da-padne-na-koljena-nemaju-sto-traziti-u-eu\\\/#primaryimage\"},\"thumbnailUrl\":\"https:\\\/\\\/radioljubuski.ba\\\/wp-content\\\/uploads\\\/2021\\\/06\\\/orban-rutte-696x464-1.jpg\",\"articleSection\":[\"BIH i regija\"],\"inLanguage\":\"hr\"},{\"@type\":\"WebPage\",\"@id\":\"https:\\\/\\\/radioljubuski.ba\\\/index.php\\\/2021\\\/06\\\/26\\\/nizozemski-premijer-napao-madarsku-cilj-je-da-padne-na-koljena-nemaju-sto-traziti-u-eu\\\/\",\"url\":\"https:\\\/\\\/radioljubuski.ba\\\/index.php\\\/2021\\\/06\\\/26\\\/nizozemski-premijer-napao-madarsku-cilj-je-da-padne-na-koljena-nemaju-sto-traziti-u-eu\\\/\",\"name\":\"Nizozemski premijer napao Ma\u0111arsku: Cilj je da padne na koljena, nemaju \u0161to tra\u017eiti u EU - RADIO LJUBU\u0160KI\",\"isPartOf\":{\"@id\":\"https:\\\/\\\/radioljubuski.ba\\\/#website\"},\"primaryImageOfPage\":{\"@id\":\"https:\\\/\\\/radioljubuski.ba\\\/index.php\\\/2021\\\/06\\\/26\\\/nizozemski-premijer-napao-madarsku-cilj-je-da-padne-na-koljena-nemaju-sto-traziti-u-eu\\\/#primaryimage\"},\"image\":{\"@id\":\"https:\\\/\\\/radioljubuski.ba\\\/index.php\\\/2021\\\/06\\\/26\\\/nizozemski-premijer-napao-madarsku-cilj-je-da-padne-na-koljena-nemaju-sto-traziti-u-eu\\\/#primaryimage\"},\"thumbnailUrl\":\"https:\\\/\\\/radioljubuski.ba\\\/wp-content\\\/uploads\\\/2021\\\/06\\\/orban-rutte-696x464-1.jpg\",\"datePublished\":\"2021-06-26T12:53:16+00:00\",\"dateModified\":\"2021-06-26T12:53:17+00:00\",\"breadcrumb\":{\"@id\":\"https:\\\/\\\/radioljubuski.ba\\\/index.php\\\/2021\\\/06\\\/26\\\/nizozemski-premijer-napao-madarsku-cilj-je-da-padne-na-koljena-nemaju-sto-traziti-u-eu\\\/#breadcrumb\"},\"inLanguage\":\"hr\",\"potentialAction\":[{\"@type\":\"ReadAction\",\"target\":[\"https:\\\/\\\/radioljubuski.ba\\\/index.php\\\/2021\\\/06\\\/26\\\/nizozemski-premijer-napao-madarsku-cilj-je-da-padne-na-koljena-nemaju-sto-traziti-u-eu\\\/\"]}]},{\"@type\":\"ImageObject\",\"inLanguage\":\"hr\",\"@id\":\"https:\\\/\\\/radioljubuski.ba\\\/index.php\\\/2021\\\/06\\\/26\\\/nizozemski-premijer-napao-madarsku-cilj-je-da-padne-na-koljena-nemaju-sto-traziti-u-eu\\\/#primaryimage\",\"url\":\"https:\\\/\\\/radioljubuski.ba\\\/wp-content\\\/uploads\\\/2021\\\/06\\\/orban-rutte-696x464-1.jpg\",\"contentUrl\":\"https:\\\/\\\/radioljubuski.ba\\\/wp-content\\\/uploads\\\/2021\\\/06\\\/orban-rutte-696x464-1.jpg\",\"width\":696,\"height\":464},{\"@type\":\"BreadcrumbList\",\"@id\":\"https:\\\/\\\/radioljubuski.ba\\\/index.php\\\/2021\\\/06\\\/26\\\/nizozemski-premijer-napao-madarsku-cilj-je-da-padne-na-koljena-nemaju-sto-traziti-u-eu\\\/#breadcrumb\",\"itemListElement\":[{\"@type\":\"ListItem\",\"position\":1,\"name\":\"Po\u010detna stranica\",\"item\":\"https:\\\/\\\/radioljubuski.ba\\\/\"},{\"@type\":\"ListItem\",\"position\":2,\"name\":\"Nizozemski premijer napao Ma\u0111arsku: Cilj je da padne na koljena, nemaju \u0161to tra\u017eiti u EU\"}]},{\"@type\":\"WebSite\",\"@id\":\"https:\\\/\\\/radioljubuski.ba\\\/#website\",\"url\":\"https:\\\/\\\/radioljubuski.ba\\\/\",\"name\":\"Radio Ljubu\u0161ki\",\"description\":\"Sun\u010dana frekvencija Hercegovine\",\"publisher\":{\"@id\":\"https:\\\/\\\/radioljubuski.ba\\\/#organization\"},\"potentialAction\":[{\"@type\":\"SearchAction\",\"target\":{\"@type\":\"EntryPoint\",\"urlTemplate\":\"https:\\\/\\\/radioljubuski.ba\\\/?s={search_term_string}\"},\"query-input\":{\"@type\":\"PropertyValueSpecification\",\"valueRequired\":true,\"valueName\":\"search_term_string\"}}],\"inLanguage\":\"hr\"},{\"@type\":\"Organization\",\"@id\":\"https:\\\/\\\/radioljubuski.ba\\\/#organization\",\"name\":\"Radio Ljubu\u0161ki\",\"url\":\"https:\\\/\\\/radioljubuski.ba\\\/\",\"logo\":{\"@type\":\"ImageObject\",\"inLanguage\":\"hr\",\"@id\":\"https:\\\/\\\/radioljubuski.ba\\\/#\\\/schema\\\/logo\\\/image\\\/\",\"url\":\"https:\\\/\\\/radioljubuski.ba\\\/wp-content\\\/uploads\\\/2021\\\/02\\\/cropped-Radio_Ljubuski_logo1.jpg\",\"contentUrl\":\"https:\\\/\\\/radioljubuski.ba\\\/wp-content\\\/uploads\\\/2021\\\/02\\\/cropped-Radio_Ljubuski_logo1.jpg\",\"width\":512,\"height\":512,\"caption\":\"Radio Ljubu\u0161ki\"},\"image\":{\"@id\":\"https:\\\/\\\/radioljubuski.ba\\\/#\\\/schema\\\/logo\\\/image\\\/\"},\"sameAs\":[\"https:\\\/\\\/www.facebook.com\\\/Radiio-Ljubuski-1490835324566332\",\"https:\\\/\\\/x.com\\\/radioljubuski\",\"https:\\\/\\\/hr.linkedin.com\\\/company\\\/radio-ljubuski\",\"https:\\\/\\\/www.youtube.com\\\/channel\\\/UCHYaeO_n0Db3tjNGudGpXyw\"]},{\"@type\":\"Person\",\"@id\":\"https:\\\/\\\/radioljubuski.ba\\\/#\\\/schema\\\/person\\\/19fc700381a780f69665d7956c469e3b\",\"name\":\"Radio Ljubu\u0161ki\"}]}<\/script>\n<!-- \/ Yoast SEO plugin. -->","yoast_head_json":{"title":"Nizozemski premijer napao Ma\u0111arsku: Cilj je da padne na koljena, nemaju \u0161to tra\u017eiti u EU - RADIO LJUBU\u0160KI","robots":{"index":"index","follow":"follow","max-snippet":"max-snippet:-1","max-image-preview":"max-image-preview:large","max-video-preview":"max-video-preview:-1"},"canonical":"https:\/\/radioljubuski.ba\/index.php\/2021\/06\/26\/nizozemski-premijer-napao-madarsku-cilj-je-da-padne-na-koljena-nemaju-sto-traziti-u-eu\/","og_locale":"hr_HR","og_type":"article","og_title":"Nizozemski premijer napao Ma\u0111arsku: Cilj je da padne na koljena, nemaju \u0161to tra\u017eiti u EU - RADIO LJUBU\u0160KI","og_description":"\u201cPo mom mi\u0161ljenju, Ma\u0111arska nema \u0161to tra\u017eiti u EU\u201d, ustvrdio je nizozemski premijer Mark Rutte po dolasku na dvodnevni summit \u010delnika EU u Bruxellesu, prenosi REMIX. To je jo\u0161 jedan u nizu napada na Ma\u0111arsku povodom nedavno izglasovanog ma\u0111arskog zakona protiv pedofilije, kojeg lijevo-liberalni mediji pogrje\u0161no karakteriziraju kao \u201canti-LGBT zakon\u201d. Rutte je to izrekao u [&hellip;]","og_url":"https:\/\/radioljubuski.ba\/index.php\/2021\/06\/26\/nizozemski-premijer-napao-madarsku-cilj-je-da-padne-na-koljena-nemaju-sto-traziti-u-eu\/","og_site_name":"RADIO LJUBU\u0160KI","article_publisher":"https:\/\/www.facebook.com\/Radiio-Ljubuski-1490835324566332","article_published_time":"2021-06-26T12:53:16+00:00","article_modified_time":"2021-06-26T12:53:17+00:00","og_image":[{"width":696,"height":464,"url":"https:\/\/radioljubuski.ba\/wp-content\/uploads\/2021\/06\/orban-rutte-696x464-1.jpg","type":"image\/jpeg"}],"author":"Radio Ljubu\u0161ki","twitter_card":"summary_large_image","twitter_creator":"@radioljubuski","twitter_site":"@radioljubuski","twitter_misc":{"Napisao\/la":"Radio Ljubu\u0161ki","Procijenjeno vrijeme \u010ditanja":"2 minute"},"schema":{"@context":"https:\/\/schema.org","@graph":[{"@type":"Article","@id":"https:\/\/radioljubuski.ba\/index.php\/2021\/06\/26\/nizozemski-premijer-napao-madarsku-cilj-je-da-padne-na-koljena-nemaju-sto-traziti-u-eu\/#article","isPartOf":{"@id":"https:\/\/radioljubuski.ba\/index.php\/2021\/06\/26\/nizozemski-premijer-napao-madarsku-cilj-je-da-padne-na-koljena-nemaju-sto-traziti-u-eu\/"},"author":{"name":"Radio Ljubu\u0161ki","@id":"https:\/\/radioljubuski.ba\/#\/schema\/person\/19fc700381a780f69665d7956c469e3b"},"headline":"Nizozemski premijer napao Ma\u0111arsku: Cilj je da padne na koljena, nemaju \u0161to tra\u017eiti u EU","datePublished":"2021-06-26T12:53:16+00:00","dateModified":"2021-06-26T12:53:17+00:00","mainEntityOfPage":{"@id":"https:\/\/radioljubuski.ba\/index.php\/2021\/06\/26\/nizozemski-premijer-napao-madarsku-cilj-je-da-padne-na-koljena-nemaju-sto-traziti-u-eu\/"},"wordCount":532,"publisher":{"@id":"https:\/\/radioljubuski.ba\/#organization"},"image":{"@id":"https:\/\/radioljubuski.ba\/index.php\/2021\/06\/26\/nizozemski-premijer-napao-madarsku-cilj-je-da-padne-na-koljena-nemaju-sto-traziti-u-eu\/#primaryimage"},"thumbnailUrl":"https:\/\/radioljubuski.ba\/wp-content\/uploads\/2021\/06\/orban-rutte-696x464-1.jpg","articleSection":["BIH i regija"],"inLanguage":"hr"},{"@type":"WebPage","@id":"https:\/\/radioljubuski.ba\/index.php\/2021\/06\/26\/nizozemski-premijer-napao-madarsku-cilj-je-da-padne-na-koljena-nemaju-sto-traziti-u-eu\/","url":"https:\/\/radioljubuski.ba\/index.php\/2021\/06\/26\/nizozemski-premijer-napao-madarsku-cilj-je-da-padne-na-koljena-nemaju-sto-traziti-u-eu\/","name":"Nizozemski premijer napao Ma\u0111arsku: Cilj je da padne na koljena, nemaju \u0161to tra\u017eiti u EU - RADIO LJUBU\u0160KI","isPartOf":{"@id":"https:\/\/radioljubuski.ba\/#website"},"primaryImageOfPage":{"@id":"https:\/\/radioljubuski.ba\/index.php\/2021\/06\/26\/nizozemski-premijer-napao-madarsku-cilj-je-da-padne-na-koljena-nemaju-sto-traziti-u-eu\/#primaryimage"},"image":{"@id":"https:\/\/radioljubuski.ba\/index.php\/2021\/06\/26\/nizozemski-premijer-napao-madarsku-cilj-je-da-padne-na-koljena-nemaju-sto-traziti-u-eu\/#primaryimage"},"thumbnailUrl":"https:\/\/radioljubuski.ba\/wp-content\/uploads\/2021\/06\/orban-rutte-696x464-1.jpg","datePublished":"2021-06-26T12:53:16+00:00","dateModified":"2021-06-26T12:53:17+00:00","breadcrumb":{"@id":"https:\/\/radioljubuski.ba\/index.php\/2021\/06\/26\/nizozemski-premijer-napao-madarsku-cilj-je-da-padne-na-koljena-nemaju-sto-traziti-u-eu\/#breadcrumb"},"inLanguage":"hr","potentialAction":[{"@type":"ReadAction","target":["https:\/\/radioljubuski.ba\/index.php\/2021\/06\/26\/nizozemski-premijer-napao-madarsku-cilj-je-da-padne-na-koljena-nemaju-sto-traziti-u-eu\/"]}]},{"@type":"ImageObject","inLanguage":"hr","@id":"https:\/\/radioljubuski.ba\/index.php\/2021\/06\/26\/nizozemski-premijer-napao-madarsku-cilj-je-da-padne-na-koljena-nemaju-sto-traziti-u-eu\/#primaryimage","url":"https:\/\/radioljubuski.ba\/wp-content\/uploads\/2021\/06\/orban-rutte-696x464-1.jpg","contentUrl":"https:\/\/radioljubuski.ba\/wp-content\/uploads\/2021\/06\/orban-rutte-696x464-1.jpg","width":696,"height":464},{"@type":"BreadcrumbList","@id":"https:\/\/radioljubuski.ba\/index.php\/2021\/06\/26\/nizozemski-premijer-napao-madarsku-cilj-je-da-padne-na-koljena-nemaju-sto-traziti-u-eu\/#breadcrumb","itemListElement":[{"@type":"ListItem","position":1,"name":"Po\u010detna stranica","item":"https:\/\/radioljubuski.ba\/"},{"@type":"ListItem","position":2,"name":"Nizozemski premijer napao Ma\u0111arsku: Cilj je da padne na koljena, nemaju \u0161to tra\u017eiti u EU"}]},{"@type":"WebSite","@id":"https:\/\/radioljubuski.ba\/#website","url":"https:\/\/radioljubuski.ba\/","name":"Radio Ljubu\u0161ki","description":"Sun\u010dana frekvencija Hercegovine","publisher":{"@id":"https:\/\/radioljubuski.ba\/#organization"},"potentialAction":[{"@type":"SearchAction","target":{"@type":"EntryPoint","urlTemplate":"https:\/\/radioljubuski.ba\/?s={search_term_string}"},"query-input":{"@type":"PropertyValueSpecification","valueRequired":true,"valueName":"search_term_string"}}],"inLanguage":"hr"},{"@type":"Organization","@id":"https:\/\/radioljubuski.ba\/#organization","name":"Radio Ljubu\u0161ki","url":"https:\/\/radioljubuski.ba\/","logo":{"@type":"ImageObject","inLanguage":"hr","@id":"https:\/\/radioljubuski.ba\/#\/schema\/logo\/image\/","url":"https:\/\/radioljubuski.ba\/wp-content\/uploads\/2021\/02\/cropped-Radio_Ljubuski_logo1.jpg","contentUrl":"https:\/\/radioljubuski.ba\/wp-content\/uploads\/2021\/02\/cropped-Radio_Ljubuski_logo1.jpg","width":512,"height":512,"caption":"Radio Ljubu\u0161ki"},"image":{"@id":"https:\/\/radioljubuski.ba\/#\/schema\/logo\/image\/"},"sameAs":["https:\/\/www.facebook.com\/Radiio-Ljubuski-1490835324566332","https:\/\/x.com\/radioljubuski","https:\/\/hr.linkedin.com\/company\/radio-ljubuski","https:\/\/www.youtube.com\/channel\/UCHYaeO_n0Db3tjNGudGpXyw"]},{"@type":"Person","@id":"https:\/\/radioljubuski.ba\/#\/schema\/person\/19fc700381a780f69665d7956c469e3b","name":"Radio Ljubu\u0161ki"}]}},"_links":{"self":[{"href":"https:\/\/radioljubuski.ba\/index.php\/wp-json\/wp\/v2\/posts\/36030","targetHints":{"allow":["GET"]}}],"collection":[{"href":"https:\/\/radioljubuski.ba\/index.php\/wp-json\/wp\/v2\/posts"}],"about":[{"href":"https:\/\/radioljubuski.ba\/index.php\/wp-json\/wp\/v2\/types\/post"}],"author":[{"embeddable":true,"href":"https:\/\/radioljubuski.ba\/index.php\/wp-json\/wp\/v2\/users\/2"}],"replies":[{"embeddable":true,"href":"https:\/\/radioljubuski.ba\/index.php\/wp-json\/wp\/v2\/comments?post=36030"}],"version-history":[{"count":1,"href":"https:\/\/radioljubuski.ba\/index.php\/wp-json\/wp\/v2\/posts\/36030\/revisions"}],"predecessor-version":[{"id":36032,"href":"https:\/\/radioljubuski.ba\/index.php\/wp-json\/wp\/v2\/posts\/36030\/revisions\/36032"}],"wp:featuredmedia":[{"embeddable":true,"href":"https:\/\/radioljubuski.ba\/index.php\/wp-json\/wp\/v2\/media\/36031"}],"wp:attachment":[{"href":"https:\/\/radioljubuski.ba\/index.php\/wp-json\/wp\/v2\/media?parent=36030"}],"wp:term":[{"taxonomy":"category","embeddable":true,"href":"https:\/\/radioljubuski.ba\/index.php\/wp-json\/wp\/v2\/categories?post=36030"},{"taxonomy":"post_tag","embeddable":true,"href":"https:\/\/radioljubuski.ba\/index.php\/wp-json\/wp\/v2\/tags?post=36030"}],"curies":[{"name":"wp","href":"https:\/\/api.w.org\/{rel}","templated":true}]}}