{"id":36047,"date":"2021-06-26T14:05:20","date_gmt":"2021-06-26T13:05:20","guid":{"rendered":"https:\/\/radioljubuski.ba\/?p=36047"},"modified":"2021-06-26T14:05:21","modified_gmt":"2021-06-26T13:05:21","slug":"neum-danas-pocinje-festival-animiranog-filma-naff","status":"publish","type":"post","link":"https:\/\/radioljubuski.ba\/index.php\/2021\/06\/26\/neum-danas-pocinje-festival-animiranog-filma-naff\/","title":{"rendered":"Neum: Danas po\u010dinje Festival animiranog filma NAFF"},"content":{"rendered":"\n<p>Danas po\u010dinje 16. izdanje Festivala animiranog filma NAFF 2021, koje \u0107e se sljede\u0107ih \u0161est dana odr\u017eati u online formatu u organizaciji Udruge mladih KAN.<\/p>\n\n\n\n<p>Na ovogodi\u0161nji festival stiglo je rekordnih 3.080 prijava iz 108 zemalja svijeta, a nakon selekcije odabrano je 123 filma za natjecateljski program i 68 filmova koji \u0107e biti prikazani u panorama programu.<\/p>\n\n\n\n<p>&#8211; Unatrag nekoliko godina NAFF ru\u0161i rekord brojem pristiglih filmova i zemalja iz kojih oni dolaze na natje\u010daj. Usporedbe radi, pro\u0161le godine je na natje\u010daj pristiglo malo manje od 2000. Dakle, iako je bila pandemijska godina svijet animacije o\u010dito ne miruje, on radi &#8211; izjavila je za Fenu glasnogovornica NAFF-a Mia Boji\u010di\u0107.<\/p>\n\n\n\n<p>Sedam je \u010dlanova stru\u010dnog \u017eirija ovogodi\u0161njeg festivala, a rije\u010d je o profesionalcima iz razli\u010ditih dru\u0161tvenih, knji\u017eevnih, filmskih i producentskih sfera djelovanja koji \u0107e birati najbolje od najboljih na NAFF-u 2021.<\/p>\n\n\n\n<p>Ovogodi\u0161nji stru\u010dni sud donijet \u0107e knji\u017eevnik i dramaturg Miro Gavran (Hrvatska), profesorica povijesti umjetnosti, glazbenica i vi\u0161e puta nagra\u0111ivana autorica animiranog filma Mindy Johnson (SAD), redatelj i scenarista brojnih kratkometra\u017enih i dugometra\u017enih filmova koji su osvojili zapa\u017eene i vrijedne nagrade u BiH ali i u svijetu Miroslav Mandi\u0107 (BiH).<\/p>\n\n\n\n<p>U \u017eiriju su i akademska slikarica i autorica brojnih nagra\u0111enih filmova iz svijeta animacije Ana Nedeljkovi\u0107 (Srbija), animatorica, ilustratorica i povjesni\u010darka umjetnosti Lucija Bu\u017ean\u010di\u0107 (Hrvatska), redateljica \u010dija su filmska ostvarenja osvojila brojne nagrade na presti\u017enim festivalima Sabrina Begovi\u0107 &#8211; \u010cori\u0107 (Bosna i Hercegovina) i redateljica animiranih filmova Anne Huynh (Francuska), ina\u010de pro\u0161logodi\u0161nja NAFF-ova dobitnica nagrade za likovnost.<\/p>\n\n\n\n<p>Osam je nagrada na ovogodi\u0161njem NAFF-u, i to Grand Prix, najbolja 2D animacija, najbolja 3D animacija, najbolja animacija glina &#8211; lutke, najbolja glazba, najbolji studentski film, nagrada za likovnost i nagrada Du\u0161an Vukoti\u0107.<\/p>\n\n\n\n<p>&#8211; Pro\u0161le godine zbog pandemije nismo imali sadr\u017eaje kojima NAFF ina\u010de obiluje te \u0107emo ove to poku\u0161ati nadomjestiti s dvije video konferencije i tri stru\u010dna predavanja, u online sferi. Animatori, autori, stru\u010dni \u017eiri, mo\u0107i \u0107e razmjenjivati svoja mi\u0161ljenja, iskustva i diskutirati o odre\u0111enim temama iz svijeta animacije &#8211; kazala je Boji\u010di\u0107.<\/p>\n\n\n\n<p>Po njezinim rije\u010dima, svi koji \u017eele pratiti ovogodi\u0161nji festival mogu se obratiti organizacijskom timu na slu\u017ebenoj stranici NAFF-a i zatra\u017eiti pristupnu \u0161ifru.<\/p>\n\n\n\n<p>Zbog za\u0161tite autorskih prava i sigurnosti na internetu, svi programi \u0107e biti prikazani u to\u010dno, unaprijed, odre\u0111enom vremenu i putem profesionalnih online platformi. Tako\u0111er, bit \u0107e uprili\u010den i livestream filmova na web stranici NAFF-a.<\/p>\n\n\n\n<p>Izvor:pogled.ba<\/p>\n","protected":false},"excerpt":{"rendered":"<p>Danas po\u010dinje 16. izdanje Festivala animiranog filma NAFF 2021, koje \u0107e se sljede\u0107ih \u0161est dana odr\u017eati u online formatu u organizaciji Udruge mladih KAN. Na ovogodi\u0161nji festival stiglo je rekordnih 3.080 prijava iz 108 zemalja svijeta, a nakon selekcije odabrano je 123 filma za natjecateljski program i 68 filmova koji \u0107e biti prikazani u panorama [&hellip;]<\/p>\n","protected":false},"author":2,"featured_media":36048,"comment_status":"closed","ping_status":"closed","sticky":false,"template":"","format":"standard","meta":{"h5ap_radio_sources":[],"footnotes":""},"categories":[1],"tags":[],"class_list":["post-36047","post","type-post","status-publish","format-standard","has-post-thumbnail","hentry","category-bihiregija"],"yoast_head":"<!-- This site is optimized with the Yoast SEO plugin v27.5 - https:\/\/yoast.com\/product\/yoast-seo-wordpress\/ -->\n<title>Neum: Danas po\u010dinje Festival animiranog filma NAFF - RADIO LJUBU\u0160KI<\/title>\n<meta name=\"robots\" content=\"index, follow, max-snippet:-1, max-image-preview:large, max-video-preview:-1\" \/>\n<link rel=\"canonical\" href=\"https:\/\/radioljubuski.ba\/index.php\/2021\/06\/26\/neum-danas-pocinje-festival-animiranog-filma-naff\/\" \/>\n<meta property=\"og:locale\" content=\"hr_HR\" \/>\n<meta property=\"og:type\" content=\"article\" \/>\n<meta property=\"og:title\" content=\"Neum: Danas po\u010dinje Festival animiranog filma NAFF - RADIO LJUBU\u0160KI\" \/>\n<meta property=\"og:description\" content=\"Danas po\u010dinje 16. izdanje Festivala animiranog filma NAFF 2021, koje \u0107e se sljede\u0107ih \u0161est dana odr\u017eati u online formatu u organizaciji Udruge mladih KAN. Na ovogodi\u0161nji festival stiglo je rekordnih 3.080 prijava iz 108 zemalja svijeta, a nakon selekcije odabrano je 123 filma za natjecateljski program i 68 filmova koji \u0107e biti prikazani u panorama [&hellip;]\" \/>\n<meta property=\"og:url\" content=\"https:\/\/radioljubuski.ba\/index.php\/2021\/06\/26\/neum-danas-pocinje-festival-animiranog-filma-naff\/\" \/>\n<meta property=\"og:site_name\" content=\"RADIO LJUBU\u0160KI\" \/>\n<meta property=\"article:publisher\" content=\"https:\/\/www.facebook.com\/Radiio-Ljubuski-1490835324566332\" \/>\n<meta property=\"article:published_time\" content=\"2021-06-26T13:05:20+00:00\" \/>\n<meta property=\"article:modified_time\" content=\"2021-06-26T13:05:21+00:00\" \/>\n<meta property=\"og:image\" content=\"https:\/\/radioljubuski.ba\/wp-content\/uploads\/2021\/06\/2-2021-06-26-13-06-14-naff.jpg\" \/>\n\t<meta property=\"og:image:width\" content=\"1000\" \/>\n\t<meta property=\"og:image:height\" content=\"625\" \/>\n\t<meta property=\"og:image:type\" content=\"image\/jpeg\" \/>\n<meta name=\"author\" content=\"Radio Ljubu\u0161ki\" \/>\n<meta name=\"twitter:card\" content=\"summary_large_image\" \/>\n<meta name=\"twitter:creator\" content=\"@radioljubuski\" \/>\n<meta name=\"twitter:site\" content=\"@radioljubuski\" \/>\n<meta name=\"twitter:label1\" content=\"Napisao\/la\" \/>\n\t<meta name=\"twitter:data1\" content=\"Radio Ljubu\u0161ki\" \/>\n\t<meta name=\"twitter:label2\" content=\"Procijenjeno vrijeme \u010ditanja\" \/>\n\t<meta name=\"twitter:data2\" content=\"2 minute\" \/>\n<script type=\"application\/ld+json\" class=\"yoast-schema-graph\">{\"@context\":\"https:\\\/\\\/schema.org\",\"@graph\":[{\"@type\":\"Article\",\"@id\":\"https:\\\/\\\/radioljubuski.ba\\\/index.php\\\/2021\\\/06\\\/26\\\/neum-danas-pocinje-festival-animiranog-filma-naff\\\/#article\",\"isPartOf\":{\"@id\":\"https:\\\/\\\/radioljubuski.ba\\\/index.php\\\/2021\\\/06\\\/26\\\/neum-danas-pocinje-festival-animiranog-filma-naff\\\/\"},\"author\":{\"name\":\"Radio Ljubu\u0161ki\",\"@id\":\"https:\\\/\\\/radioljubuski.ba\\\/#\\\/schema\\\/person\\\/19fc700381a780f69665d7956c469e3b\"},\"headline\":\"Neum: Danas po\u010dinje Festival animiranog filma NAFF\",\"datePublished\":\"2021-06-26T13:05:20+00:00\",\"dateModified\":\"2021-06-26T13:05:21+00:00\",\"mainEntityOfPage\":{\"@id\":\"https:\\\/\\\/radioljubuski.ba\\\/index.php\\\/2021\\\/06\\\/26\\\/neum-danas-pocinje-festival-animiranog-filma-naff\\\/\"},\"wordCount\":439,\"publisher\":{\"@id\":\"https:\\\/\\\/radioljubuski.ba\\\/#organization\"},\"image\":{\"@id\":\"https:\\\/\\\/radioljubuski.ba\\\/index.php\\\/2021\\\/06\\\/26\\\/neum-danas-pocinje-festival-animiranog-filma-naff\\\/#primaryimage\"},\"thumbnailUrl\":\"https:\\\/\\\/radioljubuski.ba\\\/wp-content\\\/uploads\\\/2021\\\/06\\\/2-2021-06-26-13-06-14-naff.jpg\",\"articleSection\":[\"BIH i regija\"],\"inLanguage\":\"hr\"},{\"@type\":\"WebPage\",\"@id\":\"https:\\\/\\\/radioljubuski.ba\\\/index.php\\\/2021\\\/06\\\/26\\\/neum-danas-pocinje-festival-animiranog-filma-naff\\\/\",\"url\":\"https:\\\/\\\/radioljubuski.ba\\\/index.php\\\/2021\\\/06\\\/26\\\/neum-danas-pocinje-festival-animiranog-filma-naff\\\/\",\"name\":\"Neum: Danas po\u010dinje Festival animiranog filma NAFF - RADIO LJUBU\u0160KI\",\"isPartOf\":{\"@id\":\"https:\\\/\\\/radioljubuski.ba\\\/#website\"},\"primaryImageOfPage\":{\"@id\":\"https:\\\/\\\/radioljubuski.ba\\\/index.php\\\/2021\\\/06\\\/26\\\/neum-danas-pocinje-festival-animiranog-filma-naff\\\/#primaryimage\"},\"image\":{\"@id\":\"https:\\\/\\\/radioljubuski.ba\\\/index.php\\\/2021\\\/06\\\/26\\\/neum-danas-pocinje-festival-animiranog-filma-naff\\\/#primaryimage\"},\"thumbnailUrl\":\"https:\\\/\\\/radioljubuski.ba\\\/wp-content\\\/uploads\\\/2021\\\/06\\\/2-2021-06-26-13-06-14-naff.jpg\",\"datePublished\":\"2021-06-26T13:05:20+00:00\",\"dateModified\":\"2021-06-26T13:05:21+00:00\",\"breadcrumb\":{\"@id\":\"https:\\\/\\\/radioljubuski.ba\\\/index.php\\\/2021\\\/06\\\/26\\\/neum-danas-pocinje-festival-animiranog-filma-naff\\\/#breadcrumb\"},\"inLanguage\":\"hr\",\"potentialAction\":[{\"@type\":\"ReadAction\",\"target\":[\"https:\\\/\\\/radioljubuski.ba\\\/index.php\\\/2021\\\/06\\\/26\\\/neum-danas-pocinje-festival-animiranog-filma-naff\\\/\"]}]},{\"@type\":\"ImageObject\",\"inLanguage\":\"hr\",\"@id\":\"https:\\\/\\\/radioljubuski.ba\\\/index.php\\\/2021\\\/06\\\/26\\\/neum-danas-pocinje-festival-animiranog-filma-naff\\\/#primaryimage\",\"url\":\"https:\\\/\\\/radioljubuski.ba\\\/wp-content\\\/uploads\\\/2021\\\/06\\\/2-2021-06-26-13-06-14-naff.jpg\",\"contentUrl\":\"https:\\\/\\\/radioljubuski.ba\\\/wp-content\\\/uploads\\\/2021\\\/06\\\/2-2021-06-26-13-06-14-naff.jpg\",\"width\":1000,\"height\":625},{\"@type\":\"BreadcrumbList\",\"@id\":\"https:\\\/\\\/radioljubuski.ba\\\/index.php\\\/2021\\\/06\\\/26\\\/neum-danas-pocinje-festival-animiranog-filma-naff\\\/#breadcrumb\",\"itemListElement\":[{\"@type\":\"ListItem\",\"position\":1,\"name\":\"Po\u010detna stranica\",\"item\":\"https:\\\/\\\/radioljubuski.ba\\\/\"},{\"@type\":\"ListItem\",\"position\":2,\"name\":\"Neum: Danas po\u010dinje Festival animiranog filma NAFF\"}]},{\"@type\":\"WebSite\",\"@id\":\"https:\\\/\\\/radioljubuski.ba\\\/#website\",\"url\":\"https:\\\/\\\/radioljubuski.ba\\\/\",\"name\":\"Radio Ljubu\u0161ki\",\"description\":\"Sun\u010dana frekvencija Hercegovine\",\"publisher\":{\"@id\":\"https:\\\/\\\/radioljubuski.ba\\\/#organization\"},\"potentialAction\":[{\"@type\":\"SearchAction\",\"target\":{\"@type\":\"EntryPoint\",\"urlTemplate\":\"https:\\\/\\\/radioljubuski.ba\\\/?s={search_term_string}\"},\"query-input\":{\"@type\":\"PropertyValueSpecification\",\"valueRequired\":true,\"valueName\":\"search_term_string\"}}],\"inLanguage\":\"hr\"},{\"@type\":\"Organization\",\"@id\":\"https:\\\/\\\/radioljubuski.ba\\\/#organization\",\"name\":\"Radio Ljubu\u0161ki\",\"url\":\"https:\\\/\\\/radioljubuski.ba\\\/\",\"logo\":{\"@type\":\"ImageObject\",\"inLanguage\":\"hr\",\"@id\":\"https:\\\/\\\/radioljubuski.ba\\\/#\\\/schema\\\/logo\\\/image\\\/\",\"url\":\"https:\\\/\\\/radioljubuski.ba\\\/wp-content\\\/uploads\\\/2021\\\/02\\\/cropped-Radio_Ljubuski_logo1.jpg\",\"contentUrl\":\"https:\\\/\\\/radioljubuski.ba\\\/wp-content\\\/uploads\\\/2021\\\/02\\\/cropped-Radio_Ljubuski_logo1.jpg\",\"width\":512,\"height\":512,\"caption\":\"Radio Ljubu\u0161ki\"},\"image\":{\"@id\":\"https:\\\/\\\/radioljubuski.ba\\\/#\\\/schema\\\/logo\\\/image\\\/\"},\"sameAs\":[\"https:\\\/\\\/www.facebook.com\\\/Radiio-Ljubuski-1490835324566332\",\"https:\\\/\\\/x.com\\\/radioljubuski\",\"https:\\\/\\\/hr.linkedin.com\\\/company\\\/radio-ljubuski\",\"https:\\\/\\\/www.youtube.com\\\/channel\\\/UCHYaeO_n0Db3tjNGudGpXyw\"]},{\"@type\":\"Person\",\"@id\":\"https:\\\/\\\/radioljubuski.ba\\\/#\\\/schema\\\/person\\\/19fc700381a780f69665d7956c469e3b\",\"name\":\"Radio Ljubu\u0161ki\"}]}<\/script>\n<!-- \/ Yoast SEO plugin. -->","yoast_head_json":{"title":"Neum: Danas po\u010dinje Festival animiranog filma NAFF - RADIO LJUBU\u0160KI","robots":{"index":"index","follow":"follow","max-snippet":"max-snippet:-1","max-image-preview":"max-image-preview:large","max-video-preview":"max-video-preview:-1"},"canonical":"https:\/\/radioljubuski.ba\/index.php\/2021\/06\/26\/neum-danas-pocinje-festival-animiranog-filma-naff\/","og_locale":"hr_HR","og_type":"article","og_title":"Neum: Danas po\u010dinje Festival animiranog filma NAFF - RADIO LJUBU\u0160KI","og_description":"Danas po\u010dinje 16. izdanje Festivala animiranog filma NAFF 2021, koje \u0107e se sljede\u0107ih \u0161est dana odr\u017eati u online formatu u organizaciji Udruge mladih KAN. Na ovogodi\u0161nji festival stiglo je rekordnih 3.080 prijava iz 108 zemalja svijeta, a nakon selekcije odabrano je 123 filma za natjecateljski program i 68 filmova koji \u0107e biti prikazani u panorama [&hellip;]","og_url":"https:\/\/radioljubuski.ba\/index.php\/2021\/06\/26\/neum-danas-pocinje-festival-animiranog-filma-naff\/","og_site_name":"RADIO LJUBU\u0160KI","article_publisher":"https:\/\/www.facebook.com\/Radiio-Ljubuski-1490835324566332","article_published_time":"2021-06-26T13:05:20+00:00","article_modified_time":"2021-06-26T13:05:21+00:00","og_image":[{"width":1000,"height":625,"url":"https:\/\/radioljubuski.ba\/wp-content\/uploads\/2021\/06\/2-2021-06-26-13-06-14-naff.jpg","type":"image\/jpeg"}],"author":"Radio Ljubu\u0161ki","twitter_card":"summary_large_image","twitter_creator":"@radioljubuski","twitter_site":"@radioljubuski","twitter_misc":{"Napisao\/la":"Radio Ljubu\u0161ki","Procijenjeno vrijeme \u010ditanja":"2 minute"},"schema":{"@context":"https:\/\/schema.org","@graph":[{"@type":"Article","@id":"https:\/\/radioljubuski.ba\/index.php\/2021\/06\/26\/neum-danas-pocinje-festival-animiranog-filma-naff\/#article","isPartOf":{"@id":"https:\/\/radioljubuski.ba\/index.php\/2021\/06\/26\/neum-danas-pocinje-festival-animiranog-filma-naff\/"},"author":{"name":"Radio Ljubu\u0161ki","@id":"https:\/\/radioljubuski.ba\/#\/schema\/person\/19fc700381a780f69665d7956c469e3b"},"headline":"Neum: Danas po\u010dinje Festival animiranog filma NAFF","datePublished":"2021-06-26T13:05:20+00:00","dateModified":"2021-06-26T13:05:21+00:00","mainEntityOfPage":{"@id":"https:\/\/radioljubuski.ba\/index.php\/2021\/06\/26\/neum-danas-pocinje-festival-animiranog-filma-naff\/"},"wordCount":439,"publisher":{"@id":"https:\/\/radioljubuski.ba\/#organization"},"image":{"@id":"https:\/\/radioljubuski.ba\/index.php\/2021\/06\/26\/neum-danas-pocinje-festival-animiranog-filma-naff\/#primaryimage"},"thumbnailUrl":"https:\/\/radioljubuski.ba\/wp-content\/uploads\/2021\/06\/2-2021-06-26-13-06-14-naff.jpg","articleSection":["BIH i regija"],"inLanguage":"hr"},{"@type":"WebPage","@id":"https:\/\/radioljubuski.ba\/index.php\/2021\/06\/26\/neum-danas-pocinje-festival-animiranog-filma-naff\/","url":"https:\/\/radioljubuski.ba\/index.php\/2021\/06\/26\/neum-danas-pocinje-festival-animiranog-filma-naff\/","name":"Neum: Danas po\u010dinje Festival animiranog filma NAFF - RADIO LJUBU\u0160KI","isPartOf":{"@id":"https:\/\/radioljubuski.ba\/#website"},"primaryImageOfPage":{"@id":"https:\/\/radioljubuski.ba\/index.php\/2021\/06\/26\/neum-danas-pocinje-festival-animiranog-filma-naff\/#primaryimage"},"image":{"@id":"https:\/\/radioljubuski.ba\/index.php\/2021\/06\/26\/neum-danas-pocinje-festival-animiranog-filma-naff\/#primaryimage"},"thumbnailUrl":"https:\/\/radioljubuski.ba\/wp-content\/uploads\/2021\/06\/2-2021-06-26-13-06-14-naff.jpg","datePublished":"2021-06-26T13:05:20+00:00","dateModified":"2021-06-26T13:05:21+00:00","breadcrumb":{"@id":"https:\/\/radioljubuski.ba\/index.php\/2021\/06\/26\/neum-danas-pocinje-festival-animiranog-filma-naff\/#breadcrumb"},"inLanguage":"hr","potentialAction":[{"@type":"ReadAction","target":["https:\/\/radioljubuski.ba\/index.php\/2021\/06\/26\/neum-danas-pocinje-festival-animiranog-filma-naff\/"]}]},{"@type":"ImageObject","inLanguage":"hr","@id":"https:\/\/radioljubuski.ba\/index.php\/2021\/06\/26\/neum-danas-pocinje-festival-animiranog-filma-naff\/#primaryimage","url":"https:\/\/radioljubuski.ba\/wp-content\/uploads\/2021\/06\/2-2021-06-26-13-06-14-naff.jpg","contentUrl":"https:\/\/radioljubuski.ba\/wp-content\/uploads\/2021\/06\/2-2021-06-26-13-06-14-naff.jpg","width":1000,"height":625},{"@type":"BreadcrumbList","@id":"https:\/\/radioljubuski.ba\/index.php\/2021\/06\/26\/neum-danas-pocinje-festival-animiranog-filma-naff\/#breadcrumb","itemListElement":[{"@type":"ListItem","position":1,"name":"Po\u010detna stranica","item":"https:\/\/radioljubuski.ba\/"},{"@type":"ListItem","position":2,"name":"Neum: Danas po\u010dinje Festival animiranog filma NAFF"}]},{"@type":"WebSite","@id":"https:\/\/radioljubuski.ba\/#website","url":"https:\/\/radioljubuski.ba\/","name":"Radio Ljubu\u0161ki","description":"Sun\u010dana frekvencija Hercegovine","publisher":{"@id":"https:\/\/radioljubuski.ba\/#organization"},"potentialAction":[{"@type":"SearchAction","target":{"@type":"EntryPoint","urlTemplate":"https:\/\/radioljubuski.ba\/?s={search_term_string}"},"query-input":{"@type":"PropertyValueSpecification","valueRequired":true,"valueName":"search_term_string"}}],"inLanguage":"hr"},{"@type":"Organization","@id":"https:\/\/radioljubuski.ba\/#organization","name":"Radio Ljubu\u0161ki","url":"https:\/\/radioljubuski.ba\/","logo":{"@type":"ImageObject","inLanguage":"hr","@id":"https:\/\/radioljubuski.ba\/#\/schema\/logo\/image\/","url":"https:\/\/radioljubuski.ba\/wp-content\/uploads\/2021\/02\/cropped-Radio_Ljubuski_logo1.jpg","contentUrl":"https:\/\/radioljubuski.ba\/wp-content\/uploads\/2021\/02\/cropped-Radio_Ljubuski_logo1.jpg","width":512,"height":512,"caption":"Radio Ljubu\u0161ki"},"image":{"@id":"https:\/\/radioljubuski.ba\/#\/schema\/logo\/image\/"},"sameAs":["https:\/\/www.facebook.com\/Radiio-Ljubuski-1490835324566332","https:\/\/x.com\/radioljubuski","https:\/\/hr.linkedin.com\/company\/radio-ljubuski","https:\/\/www.youtube.com\/channel\/UCHYaeO_n0Db3tjNGudGpXyw"]},{"@type":"Person","@id":"https:\/\/radioljubuski.ba\/#\/schema\/person\/19fc700381a780f69665d7956c469e3b","name":"Radio Ljubu\u0161ki"}]}},"_links":{"self":[{"href":"https:\/\/radioljubuski.ba\/index.php\/wp-json\/wp\/v2\/posts\/36047","targetHints":{"allow":["GET"]}}],"collection":[{"href":"https:\/\/radioljubuski.ba\/index.php\/wp-json\/wp\/v2\/posts"}],"about":[{"href":"https:\/\/radioljubuski.ba\/index.php\/wp-json\/wp\/v2\/types\/post"}],"author":[{"embeddable":true,"href":"https:\/\/radioljubuski.ba\/index.php\/wp-json\/wp\/v2\/users\/2"}],"replies":[{"embeddable":true,"href":"https:\/\/radioljubuski.ba\/index.php\/wp-json\/wp\/v2\/comments?post=36047"}],"version-history":[{"count":1,"href":"https:\/\/radioljubuski.ba\/index.php\/wp-json\/wp\/v2\/posts\/36047\/revisions"}],"predecessor-version":[{"id":36049,"href":"https:\/\/radioljubuski.ba\/index.php\/wp-json\/wp\/v2\/posts\/36047\/revisions\/36049"}],"wp:featuredmedia":[{"embeddable":true,"href":"https:\/\/radioljubuski.ba\/index.php\/wp-json\/wp\/v2\/media\/36048"}],"wp:attachment":[{"href":"https:\/\/radioljubuski.ba\/index.php\/wp-json\/wp\/v2\/media?parent=36047"}],"wp:term":[{"taxonomy":"category","embeddable":true,"href":"https:\/\/radioljubuski.ba\/index.php\/wp-json\/wp\/v2\/categories?post=36047"},{"taxonomy":"post_tag","embeddable":true,"href":"https:\/\/radioljubuski.ba\/index.php\/wp-json\/wp\/v2\/tags?post=36047"}],"curies":[{"name":"wp","href":"https:\/\/api.w.org\/{rel}","templated":true}]}}