{"id":36052,"date":"2021-06-26T14:08:00","date_gmt":"2021-06-26T13:08:00","guid":{"rendered":"https:\/\/radioljubuski.ba\/?p=36052"},"modified":"2021-06-26T14:08:00","modified_gmt":"2021-06-26T13:08:00","slug":"zajednica-radioamatera-herceg-bosne-obiljezava-28-obljetnicu-osnutka","status":"publish","type":"post","link":"https:\/\/radioljubuski.ba\/index.php\/2021\/06\/26\/zajednica-radioamatera-herceg-bosne-obiljezava-28-obljetnicu-osnutka\/","title":{"rendered":"Zajednica radioamatera Herceg Bosne obilje\u017eava 28. obljetnicu osnutka"},"content":{"rendered":"\n<p>Zajednica radioamatera Herceg Bosne obilje\u017eit \u0107e 28. obljetnicu osnutka okupljanjem planiranim za 7. kolovoza u Parku prirode Blidinje.<\/p>\n\n\n\n<p>Zajednica radioamatera Herceg Bosne (ZRHB) dobrovoljna je i neprofitabilna udruga gra\u0111ana utemeljena 1993. godine u \u0160irokom Brijegu.<\/p>\n\n\n\n<p>&#8220;Svrha udru\u017eivanja bila je ostvarivanje zajedni\u010dkih ciljeva i interesa u radioamaterskoj djelatnosti u skladu sa op\u0107im ciljevima interesima udruge, kao i radi zadovoljavanja javnih potreba u tehni\u010dkoj kulture na nivou Hrvatske Republike Herceg Bosne. S pravom mo\u017eemo re\u0107i da je ZRHB udruga koja se me\u0111u prvima organizirala jo\u0161 za vrijeme Domovinskog rata u BiH a njeni utemeljitelji su bili ratni vezisti Hrvatskog vije\u0107a obrane (HVO)&#8221;, priop\u0107eno je iz te udruge.<\/p>\n\n\n\n<p>Trenutno u BiH postoje tri saveza-organizacije radioamatera ZRHB (Mostar), ARAuBiH (Sarajevo), SRRS (Banja Luka) , koji predstavljaju radioamatere tri ve\u0107inska naroda u Bosni i Hercegovini. Sva tri saveza su registrirana temeljem zakona o udrugama kod nadle\u017enog Ministarstva pravde BiH.<\/p>\n\n\n\n<p>Radioamateri Herceg Bosne djeluju i razvijaju svoju djelatnosti na podru\u010dju elektronike, radijskih i satelitskih komunikacija a u svrhu razvoja, za\u0161tite i promid\u017ebe radioamaterizma i radioamaterske djelatnost u Bosni i Hercegovini. Kroz radio amaterske te\u010daje i prezentacije uvode mlade ljude u oblasti radiotehnike, elektronike, a u posljednje vrijeme informatike i ra\u010dunalne tehnike \u0161to bitno doprinosi podizanju op\u0107e tehni\u010dke razine dru\u0161tva u cjelini<\/p>\n\n\n\n<p>ZRHB je kroz vi\u0161egodi\u0161nje djelovanje uz konstantni edukacijski rad omasovilo \u010dlanstvo tako da trenutno okuplja preko 1.200 \u010dlanova koji su polo\u017eili radioamatersku klasu. Me\u0111u \u010dlanstvom je veliki broj mladih ljudi koje je privukao ovaj hobi.<\/p>\n\n\n\n<p>Svake godine Zajednica radioamatera Herceg Bosne ostvaruje zapa\u017eene uspjehe na svjetskim natjecanjima. Pro\u0161le godine u najpoznatijem &#8220;CQ World Wide Contest&#8221;, gdje u prosjeku svake godine sudjeluje preko 30.000 radioamatera iz cijelog svijeta, ZRHB u jednoj od kategorija osvojila drugo mjesto, stoji u priop\u0107enju.<\/p>\n\n\n\n<p>Danas Zajednica radioamatera Herceg Bosne (ZRHB) posjeduje jedan od najsuvremenijih komunikacijskih sustava veza u ovom dijelu Europe. Zahvaljuju\u0107i potpori lokalne zajednice za samo godinu dana instalirano je novih pet digitalnih radioamaterskih repetitora koji pokrivaju veliki dio BiH.<\/p>\n\n\n\n<p>Ina\u010de, zbog ove spoznaje GSS za svoje potrebe \u010desto koristi radioamaterske repetitore znaju\u0107i da radioamateri imaju najpouzdaniju repetitorsku komunikacijsku mre\u017eu.<\/p>\n\n\n\n<p>Radi novonastale vanredne situacije uzrokovane koronavirusom, Civilnoj za\u0161titi u Zapadnohercegova\u010dkoj, Hercegova\u010dko-neretvanskoj i Hercegbosanskoj \u017eupaniji stavljeni su na raspolaganje komunikacijski sustavi Zajednice radioamatera Herceg Bosne.<\/p>\n\n\n\n<p>Unutar ZRHB aktivna je interna skupina pod nazivom ZRHB ARES (Amateur Radio Emergency Service) s ciljem pripremanja radioamatera za ne\u017eeljene situacije. Ova grupa radioamatera skrbi o infrastrukturi koja se planira koristiti u takvim slu\u010dajevima.<\/p>\n\n\n\n<p>Radioamateri naj\u010de\u0161\u0107e preuzimaju komunikacije dok se slu\u017ebeni sustavi veza ne revitaliziraju. U cijelom svijetu radioamateri poma\u017eu u slu\u010dajevima raznih katastrofa.<\/p>\n\n\n\n<p>Ratna de\u0161avanja iz 90-tih godina, te velike vremenske snje\u017ene nepogode iz 2012 godine pokazali su da komunikacijski sustav radioamatera itekako znaju biti korisni u slu\u010dajevima velikih nesre\u0107a i katastrofa, kada konvencionalni sustavi za komunikacije prestanu raditi, navodi se na kraju priop\u0107enja za javnost Zajednice radioamatera Herceg Bosne.<\/p>\n\n\n\n<p>Izvor:pogled.ba<\/p>\n","protected":false},"excerpt":{"rendered":"<p>Zajednica radioamatera Herceg Bosne obilje\u017eit \u0107e 28. obljetnicu osnutka okupljanjem planiranim za 7. kolovoza u Parku prirode Blidinje. Zajednica radioamatera Herceg Bosne (ZRHB) dobrovoljna je i neprofitabilna udruga gra\u0111ana utemeljena 1993. godine u \u0160irokom Brijegu. &#8220;Svrha udru\u017eivanja bila je ostvarivanje zajedni\u010dkih ciljeva i interesa u radioamaterskoj djelatnosti u skladu sa op\u0107im ciljevima interesima udruge, kao [&hellip;]<\/p>\n","protected":false},"author":2,"featured_media":36053,"comment_status":"closed","ping_status":"closed","sticky":false,"template":"","format":"standard","meta":{"h5ap_radio_sources":[],"footnotes":""},"categories":[1],"tags":[],"class_list":["post-36052","post","type-post","status-publish","format-standard","has-post-thumbnail","hentry","category-bihiregija"],"yoast_head":"<!-- This site is optimized with the Yoast SEO plugin v27.5 - https:\/\/yoast.com\/product\/yoast-seo-wordpress\/ -->\n<title>Zajednica radioamatera Herceg Bosne obilje\u017eava 28. obljetnicu osnutka - RADIO LJUBU\u0160KI<\/title>\n<meta name=\"robots\" content=\"index, follow, max-snippet:-1, max-image-preview:large, max-video-preview:-1\" \/>\n<link rel=\"canonical\" href=\"https:\/\/radioljubuski.ba\/index.php\/2021\/06\/26\/zajednica-radioamatera-herceg-bosne-obiljezava-28-obljetnicu-osnutka\/\" \/>\n<meta property=\"og:locale\" content=\"hr_HR\" \/>\n<meta property=\"og:type\" content=\"article\" \/>\n<meta property=\"og:title\" content=\"Zajednica radioamatera Herceg Bosne obilje\u017eava 28. obljetnicu osnutka - RADIO LJUBU\u0160KI\" \/>\n<meta property=\"og:description\" content=\"Zajednica radioamatera Herceg Bosne obilje\u017eit \u0107e 28. obljetnicu osnutka okupljanjem planiranim za 7. kolovoza u Parku prirode Blidinje. Zajednica radioamatera Herceg Bosne (ZRHB) dobrovoljna je i neprofitabilna udruga gra\u0111ana utemeljena 1993. godine u \u0160irokom Brijegu. &#8220;Svrha udru\u017eivanja bila je ostvarivanje zajedni\u010dkih ciljeva i interesa u radioamaterskoj djelatnosti u skladu sa op\u0107im ciljevima interesima udruge, kao [&hellip;]\" \/>\n<meta property=\"og:url\" content=\"https:\/\/radioljubuski.ba\/index.php\/2021\/06\/26\/zajednica-radioamatera-herceg-bosne-obiljezava-28-obljetnicu-osnutka\/\" \/>\n<meta property=\"og:site_name\" content=\"RADIO LJUBU\u0160KI\" \/>\n<meta property=\"article:publisher\" content=\"https:\/\/www.facebook.com\/Radiio-Ljubuski-1490835324566332\" \/>\n<meta property=\"article:published_time\" content=\"2021-06-26T13:08:00+00:00\" \/>\n<meta property=\"og:image\" content=\"https:\/\/radioljubuski.ba\/wp-content\/uploads\/2021\/06\/2-2021-06-26-14-23-29-radio.jpg\" \/>\n\t<meta property=\"og:image:width\" content=\"1000\" \/>\n\t<meta property=\"og:image:height\" content=\"625\" \/>\n\t<meta property=\"og:image:type\" content=\"image\/jpeg\" \/>\n<meta name=\"author\" content=\"Radio Ljubu\u0161ki\" \/>\n<meta name=\"twitter:card\" content=\"summary_large_image\" \/>\n<meta name=\"twitter:creator\" content=\"@radioljubuski\" \/>\n<meta name=\"twitter:site\" content=\"@radioljubuski\" \/>\n<meta name=\"twitter:label1\" content=\"Napisao\/la\" \/>\n\t<meta name=\"twitter:data1\" content=\"Radio Ljubu\u0161ki\" \/>\n\t<meta name=\"twitter:label2\" content=\"Procijenjeno vrijeme \u010ditanja\" \/>\n\t<meta name=\"twitter:data2\" content=\"3 minute\" \/>\n<script type=\"application\/ld+json\" class=\"yoast-schema-graph\">{\"@context\":\"https:\\\/\\\/schema.org\",\"@graph\":[{\"@type\":\"Article\",\"@id\":\"https:\\\/\\\/radioljubuski.ba\\\/index.php\\\/2021\\\/06\\\/26\\\/zajednica-radioamatera-herceg-bosne-obiljezava-28-obljetnicu-osnutka\\\/#article\",\"isPartOf\":{\"@id\":\"https:\\\/\\\/radioljubuski.ba\\\/index.php\\\/2021\\\/06\\\/26\\\/zajednica-radioamatera-herceg-bosne-obiljezava-28-obljetnicu-osnutka\\\/\"},\"author\":{\"name\":\"Radio Ljubu\u0161ki\",\"@id\":\"https:\\\/\\\/radioljubuski.ba\\\/#\\\/schema\\\/person\\\/19fc700381a780f69665d7956c469e3b\"},\"headline\":\"Zajednica radioamatera Herceg Bosne obilje\u017eava 28. obljetnicu osnutka\",\"datePublished\":\"2021-06-26T13:08:00+00:00\",\"mainEntityOfPage\":{\"@id\":\"https:\\\/\\\/radioljubuski.ba\\\/index.php\\\/2021\\\/06\\\/26\\\/zajednica-radioamatera-herceg-bosne-obiljezava-28-obljetnicu-osnutka\\\/\"},\"wordCount\":516,\"publisher\":{\"@id\":\"https:\\\/\\\/radioljubuski.ba\\\/#organization\"},\"image\":{\"@id\":\"https:\\\/\\\/radioljubuski.ba\\\/index.php\\\/2021\\\/06\\\/26\\\/zajednica-radioamatera-herceg-bosne-obiljezava-28-obljetnicu-osnutka\\\/#primaryimage\"},\"thumbnailUrl\":\"https:\\\/\\\/radioljubuski.ba\\\/wp-content\\\/uploads\\\/2021\\\/06\\\/2-2021-06-26-14-23-29-radio.jpg\",\"articleSection\":[\"BIH i regija\"],\"inLanguage\":\"hr\"},{\"@type\":\"WebPage\",\"@id\":\"https:\\\/\\\/radioljubuski.ba\\\/index.php\\\/2021\\\/06\\\/26\\\/zajednica-radioamatera-herceg-bosne-obiljezava-28-obljetnicu-osnutka\\\/\",\"url\":\"https:\\\/\\\/radioljubuski.ba\\\/index.php\\\/2021\\\/06\\\/26\\\/zajednica-radioamatera-herceg-bosne-obiljezava-28-obljetnicu-osnutka\\\/\",\"name\":\"Zajednica radioamatera Herceg Bosne obilje\u017eava 28. obljetnicu osnutka - RADIO LJUBU\u0160KI\",\"isPartOf\":{\"@id\":\"https:\\\/\\\/radioljubuski.ba\\\/#website\"},\"primaryImageOfPage\":{\"@id\":\"https:\\\/\\\/radioljubuski.ba\\\/index.php\\\/2021\\\/06\\\/26\\\/zajednica-radioamatera-herceg-bosne-obiljezava-28-obljetnicu-osnutka\\\/#primaryimage\"},\"image\":{\"@id\":\"https:\\\/\\\/radioljubuski.ba\\\/index.php\\\/2021\\\/06\\\/26\\\/zajednica-radioamatera-herceg-bosne-obiljezava-28-obljetnicu-osnutka\\\/#primaryimage\"},\"thumbnailUrl\":\"https:\\\/\\\/radioljubuski.ba\\\/wp-content\\\/uploads\\\/2021\\\/06\\\/2-2021-06-26-14-23-29-radio.jpg\",\"datePublished\":\"2021-06-26T13:08:00+00:00\",\"breadcrumb\":{\"@id\":\"https:\\\/\\\/radioljubuski.ba\\\/index.php\\\/2021\\\/06\\\/26\\\/zajednica-radioamatera-herceg-bosne-obiljezava-28-obljetnicu-osnutka\\\/#breadcrumb\"},\"inLanguage\":\"hr\",\"potentialAction\":[{\"@type\":\"ReadAction\",\"target\":[\"https:\\\/\\\/radioljubuski.ba\\\/index.php\\\/2021\\\/06\\\/26\\\/zajednica-radioamatera-herceg-bosne-obiljezava-28-obljetnicu-osnutka\\\/\"]}]},{\"@type\":\"ImageObject\",\"inLanguage\":\"hr\",\"@id\":\"https:\\\/\\\/radioljubuski.ba\\\/index.php\\\/2021\\\/06\\\/26\\\/zajednica-radioamatera-herceg-bosne-obiljezava-28-obljetnicu-osnutka\\\/#primaryimage\",\"url\":\"https:\\\/\\\/radioljubuski.ba\\\/wp-content\\\/uploads\\\/2021\\\/06\\\/2-2021-06-26-14-23-29-radio.jpg\",\"contentUrl\":\"https:\\\/\\\/radioljubuski.ba\\\/wp-content\\\/uploads\\\/2021\\\/06\\\/2-2021-06-26-14-23-29-radio.jpg\",\"width\":1000,\"height\":625},{\"@type\":\"BreadcrumbList\",\"@id\":\"https:\\\/\\\/radioljubuski.ba\\\/index.php\\\/2021\\\/06\\\/26\\\/zajednica-radioamatera-herceg-bosne-obiljezava-28-obljetnicu-osnutka\\\/#breadcrumb\",\"itemListElement\":[{\"@type\":\"ListItem\",\"position\":1,\"name\":\"Po\u010detna stranica\",\"item\":\"https:\\\/\\\/radioljubuski.ba\\\/\"},{\"@type\":\"ListItem\",\"position\":2,\"name\":\"Zajednica radioamatera Herceg Bosne obilje\u017eava 28. obljetnicu osnutka\"}]},{\"@type\":\"WebSite\",\"@id\":\"https:\\\/\\\/radioljubuski.ba\\\/#website\",\"url\":\"https:\\\/\\\/radioljubuski.ba\\\/\",\"name\":\"Radio Ljubu\u0161ki\",\"description\":\"Sun\u010dana frekvencija Hercegovine\",\"publisher\":{\"@id\":\"https:\\\/\\\/radioljubuski.ba\\\/#organization\"},\"potentialAction\":[{\"@type\":\"SearchAction\",\"target\":{\"@type\":\"EntryPoint\",\"urlTemplate\":\"https:\\\/\\\/radioljubuski.ba\\\/?s={search_term_string}\"},\"query-input\":{\"@type\":\"PropertyValueSpecification\",\"valueRequired\":true,\"valueName\":\"search_term_string\"}}],\"inLanguage\":\"hr\"},{\"@type\":\"Organization\",\"@id\":\"https:\\\/\\\/radioljubuski.ba\\\/#organization\",\"name\":\"Radio Ljubu\u0161ki\",\"url\":\"https:\\\/\\\/radioljubuski.ba\\\/\",\"logo\":{\"@type\":\"ImageObject\",\"inLanguage\":\"hr\",\"@id\":\"https:\\\/\\\/radioljubuski.ba\\\/#\\\/schema\\\/logo\\\/image\\\/\",\"url\":\"https:\\\/\\\/radioljubuski.ba\\\/wp-content\\\/uploads\\\/2021\\\/02\\\/cropped-Radio_Ljubuski_logo1.jpg\",\"contentUrl\":\"https:\\\/\\\/radioljubuski.ba\\\/wp-content\\\/uploads\\\/2021\\\/02\\\/cropped-Radio_Ljubuski_logo1.jpg\",\"width\":512,\"height\":512,\"caption\":\"Radio Ljubu\u0161ki\"},\"image\":{\"@id\":\"https:\\\/\\\/radioljubuski.ba\\\/#\\\/schema\\\/logo\\\/image\\\/\"},\"sameAs\":[\"https:\\\/\\\/www.facebook.com\\\/Radiio-Ljubuski-1490835324566332\",\"https:\\\/\\\/x.com\\\/radioljubuski\",\"https:\\\/\\\/hr.linkedin.com\\\/company\\\/radio-ljubuski\",\"https:\\\/\\\/www.youtube.com\\\/channel\\\/UCHYaeO_n0Db3tjNGudGpXyw\"]},{\"@type\":\"Person\",\"@id\":\"https:\\\/\\\/radioljubuski.ba\\\/#\\\/schema\\\/person\\\/19fc700381a780f69665d7956c469e3b\",\"name\":\"Radio Ljubu\u0161ki\"}]}<\/script>\n<!-- \/ Yoast SEO plugin. -->","yoast_head_json":{"title":"Zajednica radioamatera Herceg Bosne obilje\u017eava 28. obljetnicu osnutka - RADIO LJUBU\u0160KI","robots":{"index":"index","follow":"follow","max-snippet":"max-snippet:-1","max-image-preview":"max-image-preview:large","max-video-preview":"max-video-preview:-1"},"canonical":"https:\/\/radioljubuski.ba\/index.php\/2021\/06\/26\/zajednica-radioamatera-herceg-bosne-obiljezava-28-obljetnicu-osnutka\/","og_locale":"hr_HR","og_type":"article","og_title":"Zajednica radioamatera Herceg Bosne obilje\u017eava 28. obljetnicu osnutka - RADIO LJUBU\u0160KI","og_description":"Zajednica radioamatera Herceg Bosne obilje\u017eit \u0107e 28. obljetnicu osnutka okupljanjem planiranim za 7. kolovoza u Parku prirode Blidinje. Zajednica radioamatera Herceg Bosne (ZRHB) dobrovoljna je i neprofitabilna udruga gra\u0111ana utemeljena 1993. godine u \u0160irokom Brijegu. &#8220;Svrha udru\u017eivanja bila je ostvarivanje zajedni\u010dkih ciljeva i interesa u radioamaterskoj djelatnosti u skladu sa op\u0107im ciljevima interesima udruge, kao [&hellip;]","og_url":"https:\/\/radioljubuski.ba\/index.php\/2021\/06\/26\/zajednica-radioamatera-herceg-bosne-obiljezava-28-obljetnicu-osnutka\/","og_site_name":"RADIO LJUBU\u0160KI","article_publisher":"https:\/\/www.facebook.com\/Radiio-Ljubuski-1490835324566332","article_published_time":"2021-06-26T13:08:00+00:00","og_image":[{"width":1000,"height":625,"url":"https:\/\/radioljubuski.ba\/wp-content\/uploads\/2021\/06\/2-2021-06-26-14-23-29-radio.jpg","type":"image\/jpeg"}],"author":"Radio Ljubu\u0161ki","twitter_card":"summary_large_image","twitter_creator":"@radioljubuski","twitter_site":"@radioljubuski","twitter_misc":{"Napisao\/la":"Radio Ljubu\u0161ki","Procijenjeno vrijeme \u010ditanja":"3 minute"},"schema":{"@context":"https:\/\/schema.org","@graph":[{"@type":"Article","@id":"https:\/\/radioljubuski.ba\/index.php\/2021\/06\/26\/zajednica-radioamatera-herceg-bosne-obiljezava-28-obljetnicu-osnutka\/#article","isPartOf":{"@id":"https:\/\/radioljubuski.ba\/index.php\/2021\/06\/26\/zajednica-radioamatera-herceg-bosne-obiljezava-28-obljetnicu-osnutka\/"},"author":{"name":"Radio Ljubu\u0161ki","@id":"https:\/\/radioljubuski.ba\/#\/schema\/person\/19fc700381a780f69665d7956c469e3b"},"headline":"Zajednica radioamatera Herceg Bosne obilje\u017eava 28. obljetnicu osnutka","datePublished":"2021-06-26T13:08:00+00:00","mainEntityOfPage":{"@id":"https:\/\/radioljubuski.ba\/index.php\/2021\/06\/26\/zajednica-radioamatera-herceg-bosne-obiljezava-28-obljetnicu-osnutka\/"},"wordCount":516,"publisher":{"@id":"https:\/\/radioljubuski.ba\/#organization"},"image":{"@id":"https:\/\/radioljubuski.ba\/index.php\/2021\/06\/26\/zajednica-radioamatera-herceg-bosne-obiljezava-28-obljetnicu-osnutka\/#primaryimage"},"thumbnailUrl":"https:\/\/radioljubuski.ba\/wp-content\/uploads\/2021\/06\/2-2021-06-26-14-23-29-radio.jpg","articleSection":["BIH i regija"],"inLanguage":"hr"},{"@type":"WebPage","@id":"https:\/\/radioljubuski.ba\/index.php\/2021\/06\/26\/zajednica-radioamatera-herceg-bosne-obiljezava-28-obljetnicu-osnutka\/","url":"https:\/\/radioljubuski.ba\/index.php\/2021\/06\/26\/zajednica-radioamatera-herceg-bosne-obiljezava-28-obljetnicu-osnutka\/","name":"Zajednica radioamatera Herceg Bosne obilje\u017eava 28. obljetnicu osnutka - RADIO LJUBU\u0160KI","isPartOf":{"@id":"https:\/\/radioljubuski.ba\/#website"},"primaryImageOfPage":{"@id":"https:\/\/radioljubuski.ba\/index.php\/2021\/06\/26\/zajednica-radioamatera-herceg-bosne-obiljezava-28-obljetnicu-osnutka\/#primaryimage"},"image":{"@id":"https:\/\/radioljubuski.ba\/index.php\/2021\/06\/26\/zajednica-radioamatera-herceg-bosne-obiljezava-28-obljetnicu-osnutka\/#primaryimage"},"thumbnailUrl":"https:\/\/radioljubuski.ba\/wp-content\/uploads\/2021\/06\/2-2021-06-26-14-23-29-radio.jpg","datePublished":"2021-06-26T13:08:00+00:00","breadcrumb":{"@id":"https:\/\/radioljubuski.ba\/index.php\/2021\/06\/26\/zajednica-radioamatera-herceg-bosne-obiljezava-28-obljetnicu-osnutka\/#breadcrumb"},"inLanguage":"hr","potentialAction":[{"@type":"ReadAction","target":["https:\/\/radioljubuski.ba\/index.php\/2021\/06\/26\/zajednica-radioamatera-herceg-bosne-obiljezava-28-obljetnicu-osnutka\/"]}]},{"@type":"ImageObject","inLanguage":"hr","@id":"https:\/\/radioljubuski.ba\/index.php\/2021\/06\/26\/zajednica-radioamatera-herceg-bosne-obiljezava-28-obljetnicu-osnutka\/#primaryimage","url":"https:\/\/radioljubuski.ba\/wp-content\/uploads\/2021\/06\/2-2021-06-26-14-23-29-radio.jpg","contentUrl":"https:\/\/radioljubuski.ba\/wp-content\/uploads\/2021\/06\/2-2021-06-26-14-23-29-radio.jpg","width":1000,"height":625},{"@type":"BreadcrumbList","@id":"https:\/\/radioljubuski.ba\/index.php\/2021\/06\/26\/zajednica-radioamatera-herceg-bosne-obiljezava-28-obljetnicu-osnutka\/#breadcrumb","itemListElement":[{"@type":"ListItem","position":1,"name":"Po\u010detna stranica","item":"https:\/\/radioljubuski.ba\/"},{"@type":"ListItem","position":2,"name":"Zajednica radioamatera Herceg Bosne obilje\u017eava 28. obljetnicu osnutka"}]},{"@type":"WebSite","@id":"https:\/\/radioljubuski.ba\/#website","url":"https:\/\/radioljubuski.ba\/","name":"Radio Ljubu\u0161ki","description":"Sun\u010dana frekvencija Hercegovine","publisher":{"@id":"https:\/\/radioljubuski.ba\/#organization"},"potentialAction":[{"@type":"SearchAction","target":{"@type":"EntryPoint","urlTemplate":"https:\/\/radioljubuski.ba\/?s={search_term_string}"},"query-input":{"@type":"PropertyValueSpecification","valueRequired":true,"valueName":"search_term_string"}}],"inLanguage":"hr"},{"@type":"Organization","@id":"https:\/\/radioljubuski.ba\/#organization","name":"Radio Ljubu\u0161ki","url":"https:\/\/radioljubuski.ba\/","logo":{"@type":"ImageObject","inLanguage":"hr","@id":"https:\/\/radioljubuski.ba\/#\/schema\/logo\/image\/","url":"https:\/\/radioljubuski.ba\/wp-content\/uploads\/2021\/02\/cropped-Radio_Ljubuski_logo1.jpg","contentUrl":"https:\/\/radioljubuski.ba\/wp-content\/uploads\/2021\/02\/cropped-Radio_Ljubuski_logo1.jpg","width":512,"height":512,"caption":"Radio Ljubu\u0161ki"},"image":{"@id":"https:\/\/radioljubuski.ba\/#\/schema\/logo\/image\/"},"sameAs":["https:\/\/www.facebook.com\/Radiio-Ljubuski-1490835324566332","https:\/\/x.com\/radioljubuski","https:\/\/hr.linkedin.com\/company\/radio-ljubuski","https:\/\/www.youtube.com\/channel\/UCHYaeO_n0Db3tjNGudGpXyw"]},{"@type":"Person","@id":"https:\/\/radioljubuski.ba\/#\/schema\/person\/19fc700381a780f69665d7956c469e3b","name":"Radio Ljubu\u0161ki"}]}},"_links":{"self":[{"href":"https:\/\/radioljubuski.ba\/index.php\/wp-json\/wp\/v2\/posts\/36052","targetHints":{"allow":["GET"]}}],"collection":[{"href":"https:\/\/radioljubuski.ba\/index.php\/wp-json\/wp\/v2\/posts"}],"about":[{"href":"https:\/\/radioljubuski.ba\/index.php\/wp-json\/wp\/v2\/types\/post"}],"author":[{"embeddable":true,"href":"https:\/\/radioljubuski.ba\/index.php\/wp-json\/wp\/v2\/users\/2"}],"replies":[{"embeddable":true,"href":"https:\/\/radioljubuski.ba\/index.php\/wp-json\/wp\/v2\/comments?post=36052"}],"version-history":[{"count":1,"href":"https:\/\/radioljubuski.ba\/index.php\/wp-json\/wp\/v2\/posts\/36052\/revisions"}],"predecessor-version":[{"id":36054,"href":"https:\/\/radioljubuski.ba\/index.php\/wp-json\/wp\/v2\/posts\/36052\/revisions\/36054"}],"wp:featuredmedia":[{"embeddable":true,"href":"https:\/\/radioljubuski.ba\/index.php\/wp-json\/wp\/v2\/media\/36053"}],"wp:attachment":[{"href":"https:\/\/radioljubuski.ba\/index.php\/wp-json\/wp\/v2\/media?parent=36052"}],"wp:term":[{"taxonomy":"category","embeddable":true,"href":"https:\/\/radioljubuski.ba\/index.php\/wp-json\/wp\/v2\/categories?post=36052"},{"taxonomy":"post_tag","embeddable":true,"href":"https:\/\/radioljubuski.ba\/index.php\/wp-json\/wp\/v2\/tags?post=36052"}],"curies":[{"name":"wp","href":"https:\/\/api.w.org\/{rel}","templated":true}]}}