{"id":36058,"date":"2021-06-26T14:11:14","date_gmt":"2021-06-26T13:11:14","guid":{"rendered":"https:\/\/radioljubuski.ba\/?p=36058"},"modified":"2021-06-26T14:11:14","modified_gmt":"2021-06-26T13:11:14","slug":"par-iz-osijeka-trazi-mladice-iz-splita-koji-su-im-pomogli-vozili-smo-bebu-na-hitnu-cistili-su-put","status":"publish","type":"post","link":"https:\/\/radioljubuski.ba\/index.php\/2021\/06\/26\/par-iz-osijeka-trazi-mladice-iz-splita-koji-su-im-pomogli-vozili-smo-bebu-na-hitnu-cistili-su-put\/","title":{"rendered":"Par iz Osijeka tra\u017ei mladi\u0107e iz Splita koji su im pomogli: Vozili smo bebu na hitnu, \u010distili su put"},"content":{"rendered":"\n<p>Na stranici Prometne zgode i nezgode objavljena je molba obitelji iz Osijeka koja tra\u017ei dva nepoznata mladi\u0107a koja su im pomogla u Splitu dok su vozili prema Firulama.<\/p>\n\n\n\n<p>-Mi smo iz Osijeka. Tra\u017eimo dva mladi\u0107a koji su nam u pro\u0161li petak \u010distili put u prometu kroz splitsku prometnu gu\u017evu do Firula gdje smo bebu vozili na hitnu, da se de\u010dkima zahvalimo &#8211; pi\u0161e u objavi te su detaljnije pojasnili \u0161to se dogodilo, prenosi <a href=\"https:\/\/www.24sata.hr\/news\/par-iz-osijeka-trazi-mladice-iz-splita-koji-su-im-pomogli-vozili-smo-bebu-na-hitnu-cistili-su-put-770214\">24sata<\/a>.<\/p>\n\n\n\n<p>-Sku\u017eili su nas u Ka\u0161telama da jurimo pod sva \u010detiri \u017emigavca i pitali nas na semaforu \u0161to je, kad sam im rekao, \u010distili su put ispred nas. Vozilo je BMW X5, predzadnja linija. Boja tamnosiva. Registracija je bila splitska, ali od brige za bebu nismo zapamtili registraciju. Hvala puno unaprijed svima&#8221;, napisali su roditelji Sanja i Mirko Pe\u0161i\u0107 &#8211; &nbsp;pisalo je u objavi na Facebooku.<\/p>\n\n\n\n<p>-Ba\u0161 za naje\u017eiti se. Nije ovo mala stvar. Svaka \u010dast neznanim junacima &#8211; jedan je od komentara na tu objavu.<\/p>\n\n\n\n<p>-Predivno od njih ali i od vas \u0161to ste ih se sjetili i pohvalili ovako javno, nadam se da \u0107ete prona\u0107i te osobe &#8211; napisala je jedna korisnica.<\/p>\n\n\n\n<p>Obitelj je zamolila sve da podijele objavu kako bi \u0161to prije prona\u0161li mladi\u0107e iz Splita.<\/p>\n\n\n\n<p>Izvor:24sata.hr<\/p>\n","protected":false},"excerpt":{"rendered":"<p>Na stranici Prometne zgode i nezgode objavljena je molba obitelji iz Osijeka koja tra\u017ei dva nepoznata mladi\u0107a koja su im pomogla u Splitu dok su vozili prema Firulama. -Mi smo iz Osijeka. Tra\u017eimo dva mladi\u0107a koji su nam u pro\u0161li petak \u010distili put u prometu kroz splitsku prometnu gu\u017evu do Firula gdje smo bebu vozili [&hellip;]<\/p>\n","protected":false},"author":2,"featured_media":36059,"comment_status":"closed","ping_status":"closed","sticky":false,"template":"","format":"standard","meta":{"h5ap_radio_sources":[],"footnotes":""},"categories":[1],"tags":[],"class_list":["post-36058","post","type-post","status-publish","format-standard","has-post-thumbnail","hentry","category-bihiregija"],"yoast_head":"<!-- This site is optimized with the Yoast SEO plugin v27.5 - https:\/\/yoast.com\/product\/yoast-seo-wordpress\/ -->\n<title>Par iz Osijeka tra\u017ei mladi\u0107e iz Splita koji su im pomogli: Vozili smo bebu na hitnu, \u010distili su put - RADIO LJUBU\u0160KI<\/title>\n<meta name=\"robots\" content=\"index, follow, max-snippet:-1, max-image-preview:large, max-video-preview:-1\" \/>\n<link rel=\"canonical\" href=\"https:\/\/radioljubuski.ba\/index.php\/2021\/06\/26\/par-iz-osijeka-trazi-mladice-iz-splita-koji-su-im-pomogli-vozili-smo-bebu-na-hitnu-cistili-su-put\/\" \/>\n<meta property=\"og:locale\" content=\"hr_HR\" \/>\n<meta property=\"og:type\" content=\"article\" \/>\n<meta property=\"og:title\" content=\"Par iz Osijeka tra\u017ei mladi\u0107e iz Splita koji su im pomogli: Vozili smo bebu na hitnu, \u010distili su put - RADIO LJUBU\u0160KI\" \/>\n<meta property=\"og:description\" content=\"Na stranici Prometne zgode i nezgode objavljena je molba obitelji iz Osijeka koja tra\u017ei dva nepoznata mladi\u0107a koja su im pomogla u Splitu dok su vozili prema Firulama. -Mi smo iz Osijeka. Tra\u017eimo dva mladi\u0107a koji su nam u pro\u0161li petak \u010distili put u prometu kroz splitsku prometnu gu\u017evu do Firula gdje smo bebu vozili [&hellip;]\" \/>\n<meta property=\"og:url\" content=\"https:\/\/radioljubuski.ba\/index.php\/2021\/06\/26\/par-iz-osijeka-trazi-mladice-iz-splita-koji-su-im-pomogli-vozili-smo-bebu-na-hitnu-cistili-su-put\/\" \/>\n<meta property=\"og:site_name\" content=\"RADIO LJUBU\u0160KI\" \/>\n<meta property=\"article:publisher\" content=\"https:\/\/www.facebook.com\/Radiio-Ljubuski-1490835324566332\" \/>\n<meta property=\"article:published_time\" content=\"2021-06-26T13:11:14+00:00\" \/>\n<meta property=\"og:image\" content=\"https:\/\/radioljubuski.ba\/wp-content\/uploads\/2021\/06\/om0EDRZJ_hitna_pomoc_4e81ab6c43b92db764ed2d7287085a79_view_article_new.jpg\" \/>\n\t<meta property=\"og:image:width\" content=\"1000\" \/>\n\t<meta property=\"og:image:height\" content=\"625\" \/>\n\t<meta property=\"og:image:type\" content=\"image\/jpeg\" \/>\n<meta name=\"author\" content=\"Radio Ljubu\u0161ki\" \/>\n<meta name=\"twitter:card\" content=\"summary_large_image\" \/>\n<meta name=\"twitter:creator\" content=\"@radioljubuski\" \/>\n<meta name=\"twitter:site\" content=\"@radioljubuski\" \/>\n<meta name=\"twitter:label1\" content=\"Napisao\/la\" \/>\n\t<meta name=\"twitter:data1\" content=\"Radio Ljubu\u0161ki\" \/>\n\t<meta name=\"twitter:label2\" content=\"Procijenjeno vrijeme \u010ditanja\" \/>\n\t<meta name=\"twitter:data2\" content=\"1 minuta\" \/>\n<script type=\"application\/ld+json\" class=\"yoast-schema-graph\">{\"@context\":\"https:\\\/\\\/schema.org\",\"@graph\":[{\"@type\":\"Article\",\"@id\":\"https:\\\/\\\/radioljubuski.ba\\\/index.php\\\/2021\\\/06\\\/26\\\/par-iz-osijeka-trazi-mladice-iz-splita-koji-su-im-pomogli-vozili-smo-bebu-na-hitnu-cistili-su-put\\\/#article\",\"isPartOf\":{\"@id\":\"https:\\\/\\\/radioljubuski.ba\\\/index.php\\\/2021\\\/06\\\/26\\\/par-iz-osijeka-trazi-mladice-iz-splita-koji-su-im-pomogli-vozili-smo-bebu-na-hitnu-cistili-su-put\\\/\"},\"author\":{\"name\":\"Radio Ljubu\u0161ki\",\"@id\":\"https:\\\/\\\/radioljubuski.ba\\\/#\\\/schema\\\/person\\\/19fc700381a780f69665d7956c469e3b\"},\"headline\":\"Par iz Osijeka tra\u017ei mladi\u0107e iz Splita koji su im pomogli: Vozili smo bebu na hitnu, \u010distili su put\",\"datePublished\":\"2021-06-26T13:11:14+00:00\",\"mainEntityOfPage\":{\"@id\":\"https:\\\/\\\/radioljubuski.ba\\\/index.php\\\/2021\\\/06\\\/26\\\/par-iz-osijeka-trazi-mladice-iz-splita-koji-su-im-pomogli-vozili-smo-bebu-na-hitnu-cistili-su-put\\\/\"},\"wordCount\":242,\"publisher\":{\"@id\":\"https:\\\/\\\/radioljubuski.ba\\\/#organization\"},\"image\":{\"@id\":\"https:\\\/\\\/radioljubuski.ba\\\/index.php\\\/2021\\\/06\\\/26\\\/par-iz-osijeka-trazi-mladice-iz-splita-koji-su-im-pomogli-vozili-smo-bebu-na-hitnu-cistili-su-put\\\/#primaryimage\"},\"thumbnailUrl\":\"https:\\\/\\\/radioljubuski.ba\\\/wp-content\\\/uploads\\\/2021\\\/06\\\/om0EDRZJ_hitna_pomoc_4e81ab6c43b92db764ed2d7287085a79_view_article_new.jpg\",\"articleSection\":[\"BIH i regija\"],\"inLanguage\":\"hr\"},{\"@type\":\"WebPage\",\"@id\":\"https:\\\/\\\/radioljubuski.ba\\\/index.php\\\/2021\\\/06\\\/26\\\/par-iz-osijeka-trazi-mladice-iz-splita-koji-su-im-pomogli-vozili-smo-bebu-na-hitnu-cistili-su-put\\\/\",\"url\":\"https:\\\/\\\/radioljubuski.ba\\\/index.php\\\/2021\\\/06\\\/26\\\/par-iz-osijeka-trazi-mladice-iz-splita-koji-su-im-pomogli-vozili-smo-bebu-na-hitnu-cistili-su-put\\\/\",\"name\":\"Par iz Osijeka tra\u017ei mladi\u0107e iz Splita koji su im pomogli: Vozili smo bebu na hitnu, \u010distili su put - RADIO LJUBU\u0160KI\",\"isPartOf\":{\"@id\":\"https:\\\/\\\/radioljubuski.ba\\\/#website\"},\"primaryImageOfPage\":{\"@id\":\"https:\\\/\\\/radioljubuski.ba\\\/index.php\\\/2021\\\/06\\\/26\\\/par-iz-osijeka-trazi-mladice-iz-splita-koji-su-im-pomogli-vozili-smo-bebu-na-hitnu-cistili-su-put\\\/#primaryimage\"},\"image\":{\"@id\":\"https:\\\/\\\/radioljubuski.ba\\\/index.php\\\/2021\\\/06\\\/26\\\/par-iz-osijeka-trazi-mladice-iz-splita-koji-su-im-pomogli-vozili-smo-bebu-na-hitnu-cistili-su-put\\\/#primaryimage\"},\"thumbnailUrl\":\"https:\\\/\\\/radioljubuski.ba\\\/wp-content\\\/uploads\\\/2021\\\/06\\\/om0EDRZJ_hitna_pomoc_4e81ab6c43b92db764ed2d7287085a79_view_article_new.jpg\",\"datePublished\":\"2021-06-26T13:11:14+00:00\",\"breadcrumb\":{\"@id\":\"https:\\\/\\\/radioljubuski.ba\\\/index.php\\\/2021\\\/06\\\/26\\\/par-iz-osijeka-trazi-mladice-iz-splita-koji-su-im-pomogli-vozili-smo-bebu-na-hitnu-cistili-su-put\\\/#breadcrumb\"},\"inLanguage\":\"hr\",\"potentialAction\":[{\"@type\":\"ReadAction\",\"target\":[\"https:\\\/\\\/radioljubuski.ba\\\/index.php\\\/2021\\\/06\\\/26\\\/par-iz-osijeka-trazi-mladice-iz-splita-koji-su-im-pomogli-vozili-smo-bebu-na-hitnu-cistili-su-put\\\/\"]}]},{\"@type\":\"ImageObject\",\"inLanguage\":\"hr\",\"@id\":\"https:\\\/\\\/radioljubuski.ba\\\/index.php\\\/2021\\\/06\\\/26\\\/par-iz-osijeka-trazi-mladice-iz-splita-koji-su-im-pomogli-vozili-smo-bebu-na-hitnu-cistili-su-put\\\/#primaryimage\",\"url\":\"https:\\\/\\\/radioljubuski.ba\\\/wp-content\\\/uploads\\\/2021\\\/06\\\/om0EDRZJ_hitna_pomoc_4e81ab6c43b92db764ed2d7287085a79_view_article_new.jpg\",\"contentUrl\":\"https:\\\/\\\/radioljubuski.ba\\\/wp-content\\\/uploads\\\/2021\\\/06\\\/om0EDRZJ_hitna_pomoc_4e81ab6c43b92db764ed2d7287085a79_view_article_new.jpg\",\"width\":1000,\"height\":625},{\"@type\":\"BreadcrumbList\",\"@id\":\"https:\\\/\\\/radioljubuski.ba\\\/index.php\\\/2021\\\/06\\\/26\\\/par-iz-osijeka-trazi-mladice-iz-splita-koji-su-im-pomogli-vozili-smo-bebu-na-hitnu-cistili-su-put\\\/#breadcrumb\",\"itemListElement\":[{\"@type\":\"ListItem\",\"position\":1,\"name\":\"Po\u010detna stranica\",\"item\":\"https:\\\/\\\/radioljubuski.ba\\\/\"},{\"@type\":\"ListItem\",\"position\":2,\"name\":\"Par iz Osijeka tra\u017ei mladi\u0107e iz Splita koji su im pomogli: Vozili smo bebu na hitnu, \u010distili su put\"}]},{\"@type\":\"WebSite\",\"@id\":\"https:\\\/\\\/radioljubuski.ba\\\/#website\",\"url\":\"https:\\\/\\\/radioljubuski.ba\\\/\",\"name\":\"Radio Ljubu\u0161ki\",\"description\":\"Sun\u010dana frekvencija Hercegovine\",\"publisher\":{\"@id\":\"https:\\\/\\\/radioljubuski.ba\\\/#organization\"},\"potentialAction\":[{\"@type\":\"SearchAction\",\"target\":{\"@type\":\"EntryPoint\",\"urlTemplate\":\"https:\\\/\\\/radioljubuski.ba\\\/?s={search_term_string}\"},\"query-input\":{\"@type\":\"PropertyValueSpecification\",\"valueRequired\":true,\"valueName\":\"search_term_string\"}}],\"inLanguage\":\"hr\"},{\"@type\":\"Organization\",\"@id\":\"https:\\\/\\\/radioljubuski.ba\\\/#organization\",\"name\":\"Radio Ljubu\u0161ki\",\"url\":\"https:\\\/\\\/radioljubuski.ba\\\/\",\"logo\":{\"@type\":\"ImageObject\",\"inLanguage\":\"hr\",\"@id\":\"https:\\\/\\\/radioljubuski.ba\\\/#\\\/schema\\\/logo\\\/image\\\/\",\"url\":\"https:\\\/\\\/radioljubuski.ba\\\/wp-content\\\/uploads\\\/2021\\\/02\\\/cropped-Radio_Ljubuski_logo1.jpg\",\"contentUrl\":\"https:\\\/\\\/radioljubuski.ba\\\/wp-content\\\/uploads\\\/2021\\\/02\\\/cropped-Radio_Ljubuski_logo1.jpg\",\"width\":512,\"height\":512,\"caption\":\"Radio Ljubu\u0161ki\"},\"image\":{\"@id\":\"https:\\\/\\\/radioljubuski.ba\\\/#\\\/schema\\\/logo\\\/image\\\/\"},\"sameAs\":[\"https:\\\/\\\/www.facebook.com\\\/Radiio-Ljubuski-1490835324566332\",\"https:\\\/\\\/x.com\\\/radioljubuski\",\"https:\\\/\\\/hr.linkedin.com\\\/company\\\/radio-ljubuski\",\"https:\\\/\\\/www.youtube.com\\\/channel\\\/UCHYaeO_n0Db3tjNGudGpXyw\"]},{\"@type\":\"Person\",\"@id\":\"https:\\\/\\\/radioljubuski.ba\\\/#\\\/schema\\\/person\\\/19fc700381a780f69665d7956c469e3b\",\"name\":\"Radio Ljubu\u0161ki\"}]}<\/script>\n<!-- \/ Yoast SEO plugin. -->","yoast_head_json":{"title":"Par iz Osijeka tra\u017ei mladi\u0107e iz Splita koji su im pomogli: Vozili smo bebu na hitnu, \u010distili su put - RADIO LJUBU\u0160KI","robots":{"index":"index","follow":"follow","max-snippet":"max-snippet:-1","max-image-preview":"max-image-preview:large","max-video-preview":"max-video-preview:-1"},"canonical":"https:\/\/radioljubuski.ba\/index.php\/2021\/06\/26\/par-iz-osijeka-trazi-mladice-iz-splita-koji-su-im-pomogli-vozili-smo-bebu-na-hitnu-cistili-su-put\/","og_locale":"hr_HR","og_type":"article","og_title":"Par iz Osijeka tra\u017ei mladi\u0107e iz Splita koji su im pomogli: Vozili smo bebu na hitnu, \u010distili su put - RADIO LJUBU\u0160KI","og_description":"Na stranici Prometne zgode i nezgode objavljena je molba obitelji iz Osijeka koja tra\u017ei dva nepoznata mladi\u0107a koja su im pomogla u Splitu dok su vozili prema Firulama. -Mi smo iz Osijeka. Tra\u017eimo dva mladi\u0107a koji su nam u pro\u0161li petak \u010distili put u prometu kroz splitsku prometnu gu\u017evu do Firula gdje smo bebu vozili [&hellip;]","og_url":"https:\/\/radioljubuski.ba\/index.php\/2021\/06\/26\/par-iz-osijeka-trazi-mladice-iz-splita-koji-su-im-pomogli-vozili-smo-bebu-na-hitnu-cistili-su-put\/","og_site_name":"RADIO LJUBU\u0160KI","article_publisher":"https:\/\/www.facebook.com\/Radiio-Ljubuski-1490835324566332","article_published_time":"2021-06-26T13:11:14+00:00","og_image":[{"width":1000,"height":625,"url":"https:\/\/radioljubuski.ba\/wp-content\/uploads\/2021\/06\/om0EDRZJ_hitna_pomoc_4e81ab6c43b92db764ed2d7287085a79_view_article_new.jpg","type":"image\/jpeg"}],"author":"Radio Ljubu\u0161ki","twitter_card":"summary_large_image","twitter_creator":"@radioljubuski","twitter_site":"@radioljubuski","twitter_misc":{"Napisao\/la":"Radio Ljubu\u0161ki","Procijenjeno vrijeme \u010ditanja":"1 minuta"},"schema":{"@context":"https:\/\/schema.org","@graph":[{"@type":"Article","@id":"https:\/\/radioljubuski.ba\/index.php\/2021\/06\/26\/par-iz-osijeka-trazi-mladice-iz-splita-koji-su-im-pomogli-vozili-smo-bebu-na-hitnu-cistili-su-put\/#article","isPartOf":{"@id":"https:\/\/radioljubuski.ba\/index.php\/2021\/06\/26\/par-iz-osijeka-trazi-mladice-iz-splita-koji-su-im-pomogli-vozili-smo-bebu-na-hitnu-cistili-su-put\/"},"author":{"name":"Radio Ljubu\u0161ki","@id":"https:\/\/radioljubuski.ba\/#\/schema\/person\/19fc700381a780f69665d7956c469e3b"},"headline":"Par iz Osijeka tra\u017ei mladi\u0107e iz Splita koji su im pomogli: Vozili smo bebu na hitnu, \u010distili su put","datePublished":"2021-06-26T13:11:14+00:00","mainEntityOfPage":{"@id":"https:\/\/radioljubuski.ba\/index.php\/2021\/06\/26\/par-iz-osijeka-trazi-mladice-iz-splita-koji-su-im-pomogli-vozili-smo-bebu-na-hitnu-cistili-su-put\/"},"wordCount":242,"publisher":{"@id":"https:\/\/radioljubuski.ba\/#organization"},"image":{"@id":"https:\/\/radioljubuski.ba\/index.php\/2021\/06\/26\/par-iz-osijeka-trazi-mladice-iz-splita-koji-su-im-pomogli-vozili-smo-bebu-na-hitnu-cistili-su-put\/#primaryimage"},"thumbnailUrl":"https:\/\/radioljubuski.ba\/wp-content\/uploads\/2021\/06\/om0EDRZJ_hitna_pomoc_4e81ab6c43b92db764ed2d7287085a79_view_article_new.jpg","articleSection":["BIH i regija"],"inLanguage":"hr"},{"@type":"WebPage","@id":"https:\/\/radioljubuski.ba\/index.php\/2021\/06\/26\/par-iz-osijeka-trazi-mladice-iz-splita-koji-su-im-pomogli-vozili-smo-bebu-na-hitnu-cistili-su-put\/","url":"https:\/\/radioljubuski.ba\/index.php\/2021\/06\/26\/par-iz-osijeka-trazi-mladice-iz-splita-koji-su-im-pomogli-vozili-smo-bebu-na-hitnu-cistili-su-put\/","name":"Par iz Osijeka tra\u017ei mladi\u0107e iz Splita koji su im pomogli: Vozili smo bebu na hitnu, \u010distili su put - RADIO LJUBU\u0160KI","isPartOf":{"@id":"https:\/\/radioljubuski.ba\/#website"},"primaryImageOfPage":{"@id":"https:\/\/radioljubuski.ba\/index.php\/2021\/06\/26\/par-iz-osijeka-trazi-mladice-iz-splita-koji-su-im-pomogli-vozili-smo-bebu-na-hitnu-cistili-su-put\/#primaryimage"},"image":{"@id":"https:\/\/radioljubuski.ba\/index.php\/2021\/06\/26\/par-iz-osijeka-trazi-mladice-iz-splita-koji-su-im-pomogli-vozili-smo-bebu-na-hitnu-cistili-su-put\/#primaryimage"},"thumbnailUrl":"https:\/\/radioljubuski.ba\/wp-content\/uploads\/2021\/06\/om0EDRZJ_hitna_pomoc_4e81ab6c43b92db764ed2d7287085a79_view_article_new.jpg","datePublished":"2021-06-26T13:11:14+00:00","breadcrumb":{"@id":"https:\/\/radioljubuski.ba\/index.php\/2021\/06\/26\/par-iz-osijeka-trazi-mladice-iz-splita-koji-su-im-pomogli-vozili-smo-bebu-na-hitnu-cistili-su-put\/#breadcrumb"},"inLanguage":"hr","potentialAction":[{"@type":"ReadAction","target":["https:\/\/radioljubuski.ba\/index.php\/2021\/06\/26\/par-iz-osijeka-trazi-mladice-iz-splita-koji-su-im-pomogli-vozili-smo-bebu-na-hitnu-cistili-su-put\/"]}]},{"@type":"ImageObject","inLanguage":"hr","@id":"https:\/\/radioljubuski.ba\/index.php\/2021\/06\/26\/par-iz-osijeka-trazi-mladice-iz-splita-koji-su-im-pomogli-vozili-smo-bebu-na-hitnu-cistili-su-put\/#primaryimage","url":"https:\/\/radioljubuski.ba\/wp-content\/uploads\/2021\/06\/om0EDRZJ_hitna_pomoc_4e81ab6c43b92db764ed2d7287085a79_view_article_new.jpg","contentUrl":"https:\/\/radioljubuski.ba\/wp-content\/uploads\/2021\/06\/om0EDRZJ_hitna_pomoc_4e81ab6c43b92db764ed2d7287085a79_view_article_new.jpg","width":1000,"height":625},{"@type":"BreadcrumbList","@id":"https:\/\/radioljubuski.ba\/index.php\/2021\/06\/26\/par-iz-osijeka-trazi-mladice-iz-splita-koji-su-im-pomogli-vozili-smo-bebu-na-hitnu-cistili-su-put\/#breadcrumb","itemListElement":[{"@type":"ListItem","position":1,"name":"Po\u010detna stranica","item":"https:\/\/radioljubuski.ba\/"},{"@type":"ListItem","position":2,"name":"Par iz Osijeka tra\u017ei mladi\u0107e iz Splita koji su im pomogli: Vozili smo bebu na hitnu, \u010distili su put"}]},{"@type":"WebSite","@id":"https:\/\/radioljubuski.ba\/#website","url":"https:\/\/radioljubuski.ba\/","name":"Radio Ljubu\u0161ki","description":"Sun\u010dana frekvencija Hercegovine","publisher":{"@id":"https:\/\/radioljubuski.ba\/#organization"},"potentialAction":[{"@type":"SearchAction","target":{"@type":"EntryPoint","urlTemplate":"https:\/\/radioljubuski.ba\/?s={search_term_string}"},"query-input":{"@type":"PropertyValueSpecification","valueRequired":true,"valueName":"search_term_string"}}],"inLanguage":"hr"},{"@type":"Organization","@id":"https:\/\/radioljubuski.ba\/#organization","name":"Radio Ljubu\u0161ki","url":"https:\/\/radioljubuski.ba\/","logo":{"@type":"ImageObject","inLanguage":"hr","@id":"https:\/\/radioljubuski.ba\/#\/schema\/logo\/image\/","url":"https:\/\/radioljubuski.ba\/wp-content\/uploads\/2021\/02\/cropped-Radio_Ljubuski_logo1.jpg","contentUrl":"https:\/\/radioljubuski.ba\/wp-content\/uploads\/2021\/02\/cropped-Radio_Ljubuski_logo1.jpg","width":512,"height":512,"caption":"Radio Ljubu\u0161ki"},"image":{"@id":"https:\/\/radioljubuski.ba\/#\/schema\/logo\/image\/"},"sameAs":["https:\/\/www.facebook.com\/Radiio-Ljubuski-1490835324566332","https:\/\/x.com\/radioljubuski","https:\/\/hr.linkedin.com\/company\/radio-ljubuski","https:\/\/www.youtube.com\/channel\/UCHYaeO_n0Db3tjNGudGpXyw"]},{"@type":"Person","@id":"https:\/\/radioljubuski.ba\/#\/schema\/person\/19fc700381a780f69665d7956c469e3b","name":"Radio Ljubu\u0161ki"}]}},"_links":{"self":[{"href":"https:\/\/radioljubuski.ba\/index.php\/wp-json\/wp\/v2\/posts\/36058","targetHints":{"allow":["GET"]}}],"collection":[{"href":"https:\/\/radioljubuski.ba\/index.php\/wp-json\/wp\/v2\/posts"}],"about":[{"href":"https:\/\/radioljubuski.ba\/index.php\/wp-json\/wp\/v2\/types\/post"}],"author":[{"embeddable":true,"href":"https:\/\/radioljubuski.ba\/index.php\/wp-json\/wp\/v2\/users\/2"}],"replies":[{"embeddable":true,"href":"https:\/\/radioljubuski.ba\/index.php\/wp-json\/wp\/v2\/comments?post=36058"}],"version-history":[{"count":1,"href":"https:\/\/radioljubuski.ba\/index.php\/wp-json\/wp\/v2\/posts\/36058\/revisions"}],"predecessor-version":[{"id":36060,"href":"https:\/\/radioljubuski.ba\/index.php\/wp-json\/wp\/v2\/posts\/36058\/revisions\/36060"}],"wp:featuredmedia":[{"embeddable":true,"href":"https:\/\/radioljubuski.ba\/index.php\/wp-json\/wp\/v2\/media\/36059"}],"wp:attachment":[{"href":"https:\/\/radioljubuski.ba\/index.php\/wp-json\/wp\/v2\/media?parent=36058"}],"wp:term":[{"taxonomy":"category","embeddable":true,"href":"https:\/\/radioljubuski.ba\/index.php\/wp-json\/wp\/v2\/categories?post=36058"},{"taxonomy":"post_tag","embeddable":true,"href":"https:\/\/radioljubuski.ba\/index.php\/wp-json\/wp\/v2\/tags?post=36058"}],"curies":[{"name":"wp","href":"https:\/\/api.w.org\/{rel}","templated":true}]}}