{"id":36065,"date":"2021-06-26T16:31:04","date_gmt":"2021-06-26T15:31:04","guid":{"rendered":"https:\/\/radioljubuski.ba\/?p=36065"},"modified":"2021-06-26T16:31:06","modified_gmt":"2021-06-26T15:31:06","slug":"gradac-i-makarska-ovo-su-cijene-smjestaja-parkinga-rucka-kave","status":"publish","type":"post","link":"https:\/\/radioljubuski.ba\/index.php\/2021\/06\/26\/gradac-i-makarska-ovo-su-cijene-smjestaja-parkinga-rucka-kave\/","title":{"rendered":"Gradac i Makarska: Ovo su cijene smje\u0161taja, parkinga, ru\u010dka, kave&#8230;"},"content":{"rendered":"\n<p>Nekada omiljene pla\u017ee u Gradcu na kojima je uvijek ljetovalo najvi\u0161e Bosanaca i Hercegovaca, sredinom lipnja su &nbsp;posebno prazne.&nbsp;<\/p>\n\n\n\n<p>Ako znamo kako je bilo 2019. godine, kada se tra\u017eilo slobodno mjesto da uz more spustite ru\u010dnik, sada je potpuno druga\u010dija slika &#8211; ima hlada, ima prostora.<\/p>\n\n\n\n<p>I da &#8211; po\u0161tuje se distanca od dva metra. I da &#8211; popularni i omiljeni tobogan nije u funkciji. Trune i hr\u0111a dok ne na\u0111e novog vlasnika.&nbsp;<\/p>\n\n\n\n<p>&#8220;Vi\u0161e ne morate tr\u010dati u pet ujutro da stavite ru\u010dnik na pla\u017eu kako biste &#8220;rezervirali&#8221; mjesto za sebe i obitelj. Sada mo\u017eete u 12 sati do\u0107i na kupanje, a da imate mjesto u hladu i da nikome ne smetate&#8221;, pri\u010da za&nbsp;<a href=\"https:\/\/radiosarajevo.ba\/vijesti\/regija\/posjetili-smo-gradac-i-makarsku-ovo-su-cijene-smjestaja-parkinga\/421938\" target=\"_blank\" rel=\"noreferrer noopener\">Radio Sarajevo&nbsp;<\/a>mje\u0161tanka Sla\u0111a, koja iznajmljuje apartmane u ovom mjestu.<\/p>\n\n\n\n<p>Cijene apartmana nisu se mnogo mijenjale u odnosu na vrijeme prije pandemije. Apartman za \u010detiri osobe mo\u017eete dobiti za 60-80 eura po danu, ovisno od blizine pla\u017ee.<\/p>\n\n\n\n<p>Na samoj rivi nema gu\u017eve. U kafi\u0107u ima mjesta da popijete na miru kavu. Cijena je osam kuna (oko 2 KM).<\/p>\n\n\n\n<p>Toliko ko\u0161ta i kugla sladoleda. Pivo je 18 kuna (oko 4,5 KM), a pizza se mo\u017ee dobiti za 45 kuna (12 KM).<\/p>\n\n\n\n<p>Primijetili smo popodnevne akcije, pa tako salatu od hobotnice mo\u017eete dobiti za 55 kuna (oko 14 KM), koja ina\u010de ko\u0161ta 70 kuna (oko 18 KM).<\/p>\n\n\n\n<p>Cijena sata parkinga je osam kuna, dok dnevno parking mjesto iznosi 80 kuna (oko 20 KM).<\/p>\n\n\n\n<p>&#8220;Toliko iznosi i kazna za parking. Ako prilikom kontrole ne na\u0111emo parking kartu za sat ili dnevnu, onda na vozilo stavljamo kaznu koja je u visini dnevnog parkinga. Vlasnik vozila kaznu mo\u017ee platiti u roku od tri dana&#8221;, kazali su iz Kontrole prometa i parkinga Gradac.<\/p>\n\n\n\n<p>Snimili smo mnogo vozila sa kaznama za parking, pa budite oprezni &#8211; najbolje je platiti dva, tri sata parkinga.<\/p>\n\n\n\n<p>Iz Gradca odlazimo put Makarske, gdje ve\u0107 na samom ulazu u grad, \u010deka ne\u0161to du\u017ea kolona vozila.<\/p>\n\n\n\n<p>U samom centru je daleko \u017eivlje, i da &#8211; na svakom koraku su Sarajlije.<\/p>\n\n\n\n<p>Zanimljivo, cijena parkinga iznosi pet kuna (skoro 1,5 KM) i jeftiniji je nego u Gradcu. Parking za pet kuna mo\u017eete na\u0107i kod gradskog stadiona u Makarskoj.&nbsp;<\/p>\n\n\n\n<p>Parking u centru grada iznosi 7 kuna (skoro 2 KM). KaVa je skuplja i iznosi 10 kuna, koliko ko\u0161ta i kugla sladoleda.<\/p>\n\n\n\n<p>Pla\u017ea je dobra, restorani poluprazni. Posebno oni koji su na samoj rivi, na brodu, i koji redovno mame goste iz BiH i ostatka Europe. Cijena ve\u010dere po osobi ko\u0161ta oko 80 kuna (20 KM). Za tu cijenu mo\u017eete dobiti porciju lignji ili steak od tune, malo salate i jedno pivo ili sok.<\/p>\n\n\n\n<p>Ne\u0161to ve\u0107e cijene su u restoranima koji nisu na brodu. Tu za istu porciju trebate izdvojiti od 120 do 150 kuna.<\/p>\n\n\n\n<p>Cijena apartmana je identi\u010dna kao i pro\u0161le godine. Mo\u017eete lako, uz malo sre\u0107e, do atraktivnog apartmana blizu pla\u017ee za 50 eura.&nbsp;<\/p>\n\n\n\n<p>Oni koji \u010dekaju posljednji trenutak morat \u0107e se izdvojiti 100 eura.<\/p>\n\n\n\n<p>U svakom slu\u010daju &#8211; pri\u010da o paradajzu i pa\u0161tetama s kojima Bosanci dolaze u Gradac i Makarsku je pro\u0161lost.<\/p>\n\n\n\n<p>&#8220;Dobro su do\u0161li svi gosti. Mogu dobiti i povoljnije cijene nego u Crnoj Gori, a na\u0161e more i pla\u017ee su ljep\u0161e&#8221;, dodala je Sla\u0111a.&nbsp;<\/p>\n\n\n\n<p>Izvor:radiosarajevo.ba<\/p>\n","protected":false},"excerpt":{"rendered":"<p>Nekada omiljene pla\u017ee u Gradcu na kojima je uvijek ljetovalo najvi\u0161e Bosanaca i Hercegovaca, sredinom lipnja su &nbsp;posebno prazne.&nbsp; Ako znamo kako je bilo 2019. godine, kada se tra\u017eilo slobodno mjesto da uz more spustite ru\u010dnik, sada je potpuno druga\u010dija slika &#8211; ima hlada, ima prostora. I da &#8211; po\u0161tuje se distanca od dva metra. [&hellip;]<\/p>\n","protected":false},"author":2,"featured_media":36066,"comment_status":"closed","ping_status":"closed","sticky":false,"template":"","format":"standard","meta":{"h5ap_radio_sources":[],"footnotes":""},"categories":[1],"tags":[],"class_list":["post-36065","post","type-post","status-publish","format-standard","has-post-thumbnail","hentry","category-bihiregija"],"yoast_head":"<!-- This site is optimized with the Yoast SEO plugin v27.5 - https:\/\/yoast.com\/product\/yoast-seo-wordpress\/ -->\n<title>Gradac i Makarska: Ovo su cijene smje\u0161taja, parkinga, ru\u010dka, kave... - RADIO LJUBU\u0160KI<\/title>\n<meta name=\"robots\" content=\"index, follow, max-snippet:-1, max-image-preview:large, max-video-preview:-1\" \/>\n<link rel=\"canonical\" href=\"https:\/\/radioljubuski.ba\/index.php\/2021\/06\/26\/gradac-i-makarska-ovo-su-cijene-smjestaja-parkinga-rucka-kave\/\" \/>\n<meta property=\"og:locale\" content=\"hr_HR\" \/>\n<meta property=\"og:type\" content=\"article\" \/>\n<meta property=\"og:title\" content=\"Gradac i Makarska: Ovo su cijene smje\u0161taja, parkinga, ru\u010dka, kave... - RADIO LJUBU\u0160KI\" \/>\n<meta property=\"og:description\" content=\"Nekada omiljene pla\u017ee u Gradcu na kojima je uvijek ljetovalo najvi\u0161e Bosanaca i Hercegovaca, sredinom lipnja su &nbsp;posebno prazne.&nbsp; Ako znamo kako je bilo 2019. godine, kada se tra\u017eilo slobodno mjesto da uz more spustite ru\u010dnik, sada je potpuno druga\u010dija slika &#8211; ima hlada, ima prostora. I da &#8211; po\u0161tuje se distanca od dva metra. [&hellip;]\" \/>\n<meta property=\"og:url\" content=\"https:\/\/radioljubuski.ba\/index.php\/2021\/06\/26\/gradac-i-makarska-ovo-su-cijene-smjestaja-parkinga-rucka-kave\/\" \/>\n<meta property=\"og:site_name\" content=\"RADIO LJUBU\u0160KI\" \/>\n<meta property=\"article:publisher\" content=\"https:\/\/www.facebook.com\/Radiio-Ljubuski-1490835324566332\" \/>\n<meta property=\"article:published_time\" content=\"2021-06-26T15:31:04+00:00\" \/>\n<meta property=\"article:modified_time\" content=\"2021-06-26T15:31:06+00:00\" \/>\n<meta property=\"og:image\" content=\"https:\/\/radioljubuski.ba\/wp-content\/uploads\/2021\/06\/qWurYiN2_makarska_gradac_beach_1_l.jpg\" \/>\n\t<meta property=\"og:image:width\" content=\"1000\" \/>\n\t<meta property=\"og:image:height\" content=\"625\" \/>\n\t<meta property=\"og:image:type\" content=\"image\/jpeg\" \/>\n<meta name=\"author\" content=\"Radio Ljubu\u0161ki\" \/>\n<meta name=\"twitter:card\" content=\"summary_large_image\" \/>\n<meta name=\"twitter:creator\" content=\"@radioljubuski\" \/>\n<meta name=\"twitter:site\" content=\"@radioljubuski\" \/>\n<meta name=\"twitter:label1\" content=\"Napisao\/la\" \/>\n\t<meta name=\"twitter:data1\" content=\"Radio Ljubu\u0161ki\" \/>\n\t<meta name=\"twitter:label2\" content=\"Procijenjeno vrijeme \u010ditanja\" \/>\n\t<meta name=\"twitter:data2\" content=\"3 minute\" \/>\n<script type=\"application\/ld+json\" class=\"yoast-schema-graph\">{\"@context\":\"https:\\\/\\\/schema.org\",\"@graph\":[{\"@type\":\"Article\",\"@id\":\"https:\\\/\\\/radioljubuski.ba\\\/index.php\\\/2021\\\/06\\\/26\\\/gradac-i-makarska-ovo-su-cijene-smjestaja-parkinga-rucka-kave\\\/#article\",\"isPartOf\":{\"@id\":\"https:\\\/\\\/radioljubuski.ba\\\/index.php\\\/2021\\\/06\\\/26\\\/gradac-i-makarska-ovo-su-cijene-smjestaja-parkinga-rucka-kave\\\/\"},\"author\":{\"name\":\"Radio Ljubu\u0161ki\",\"@id\":\"https:\\\/\\\/radioljubuski.ba\\\/#\\\/schema\\\/person\\\/19fc700381a780f69665d7956c469e3b\"},\"headline\":\"Gradac i Makarska: Ovo su cijene smje\u0161taja, parkinga, ru\u010dka, kave&#8230;\",\"datePublished\":\"2021-06-26T15:31:04+00:00\",\"dateModified\":\"2021-06-26T15:31:06+00:00\",\"mainEntityOfPage\":{\"@id\":\"https:\\\/\\\/radioljubuski.ba\\\/index.php\\\/2021\\\/06\\\/26\\\/gradac-i-makarska-ovo-su-cijene-smjestaja-parkinga-rucka-kave\\\/\"},\"wordCount\":580,\"publisher\":{\"@id\":\"https:\\\/\\\/radioljubuski.ba\\\/#organization\"},\"image\":{\"@id\":\"https:\\\/\\\/radioljubuski.ba\\\/index.php\\\/2021\\\/06\\\/26\\\/gradac-i-makarska-ovo-su-cijene-smjestaja-parkinga-rucka-kave\\\/#primaryimage\"},\"thumbnailUrl\":\"https:\\\/\\\/radioljubuski.ba\\\/wp-content\\\/uploads\\\/2021\\\/06\\\/qWurYiN2_makarska_gradac_beach_1_l.jpg\",\"articleSection\":[\"BIH i regija\"],\"inLanguage\":\"hr\"},{\"@type\":\"WebPage\",\"@id\":\"https:\\\/\\\/radioljubuski.ba\\\/index.php\\\/2021\\\/06\\\/26\\\/gradac-i-makarska-ovo-su-cijene-smjestaja-parkinga-rucka-kave\\\/\",\"url\":\"https:\\\/\\\/radioljubuski.ba\\\/index.php\\\/2021\\\/06\\\/26\\\/gradac-i-makarska-ovo-su-cijene-smjestaja-parkinga-rucka-kave\\\/\",\"name\":\"Gradac i Makarska: Ovo su cijene smje\u0161taja, parkinga, ru\u010dka, kave... - RADIO LJUBU\u0160KI\",\"isPartOf\":{\"@id\":\"https:\\\/\\\/radioljubuski.ba\\\/#website\"},\"primaryImageOfPage\":{\"@id\":\"https:\\\/\\\/radioljubuski.ba\\\/index.php\\\/2021\\\/06\\\/26\\\/gradac-i-makarska-ovo-su-cijene-smjestaja-parkinga-rucka-kave\\\/#primaryimage\"},\"image\":{\"@id\":\"https:\\\/\\\/radioljubuski.ba\\\/index.php\\\/2021\\\/06\\\/26\\\/gradac-i-makarska-ovo-su-cijene-smjestaja-parkinga-rucka-kave\\\/#primaryimage\"},\"thumbnailUrl\":\"https:\\\/\\\/radioljubuski.ba\\\/wp-content\\\/uploads\\\/2021\\\/06\\\/qWurYiN2_makarska_gradac_beach_1_l.jpg\",\"datePublished\":\"2021-06-26T15:31:04+00:00\",\"dateModified\":\"2021-06-26T15:31:06+00:00\",\"breadcrumb\":{\"@id\":\"https:\\\/\\\/radioljubuski.ba\\\/index.php\\\/2021\\\/06\\\/26\\\/gradac-i-makarska-ovo-su-cijene-smjestaja-parkinga-rucka-kave\\\/#breadcrumb\"},\"inLanguage\":\"hr\",\"potentialAction\":[{\"@type\":\"ReadAction\",\"target\":[\"https:\\\/\\\/radioljubuski.ba\\\/index.php\\\/2021\\\/06\\\/26\\\/gradac-i-makarska-ovo-su-cijene-smjestaja-parkinga-rucka-kave\\\/\"]}]},{\"@type\":\"ImageObject\",\"inLanguage\":\"hr\",\"@id\":\"https:\\\/\\\/radioljubuski.ba\\\/index.php\\\/2021\\\/06\\\/26\\\/gradac-i-makarska-ovo-su-cijene-smjestaja-parkinga-rucka-kave\\\/#primaryimage\",\"url\":\"https:\\\/\\\/radioljubuski.ba\\\/wp-content\\\/uploads\\\/2021\\\/06\\\/qWurYiN2_makarska_gradac_beach_1_l.jpg\",\"contentUrl\":\"https:\\\/\\\/radioljubuski.ba\\\/wp-content\\\/uploads\\\/2021\\\/06\\\/qWurYiN2_makarska_gradac_beach_1_l.jpg\",\"width\":1000,\"height\":625},{\"@type\":\"BreadcrumbList\",\"@id\":\"https:\\\/\\\/radioljubuski.ba\\\/index.php\\\/2021\\\/06\\\/26\\\/gradac-i-makarska-ovo-su-cijene-smjestaja-parkinga-rucka-kave\\\/#breadcrumb\",\"itemListElement\":[{\"@type\":\"ListItem\",\"position\":1,\"name\":\"Po\u010detna stranica\",\"item\":\"https:\\\/\\\/radioljubuski.ba\\\/\"},{\"@type\":\"ListItem\",\"position\":2,\"name\":\"Gradac i Makarska: Ovo su cijene smje\u0161taja, parkinga, ru\u010dka, kave&#8230;\"}]},{\"@type\":\"WebSite\",\"@id\":\"https:\\\/\\\/radioljubuski.ba\\\/#website\",\"url\":\"https:\\\/\\\/radioljubuski.ba\\\/\",\"name\":\"Radio Ljubu\u0161ki\",\"description\":\"Sun\u010dana frekvencija Hercegovine\",\"publisher\":{\"@id\":\"https:\\\/\\\/radioljubuski.ba\\\/#organization\"},\"potentialAction\":[{\"@type\":\"SearchAction\",\"target\":{\"@type\":\"EntryPoint\",\"urlTemplate\":\"https:\\\/\\\/radioljubuski.ba\\\/?s={search_term_string}\"},\"query-input\":{\"@type\":\"PropertyValueSpecification\",\"valueRequired\":true,\"valueName\":\"search_term_string\"}}],\"inLanguage\":\"hr\"},{\"@type\":\"Organization\",\"@id\":\"https:\\\/\\\/radioljubuski.ba\\\/#organization\",\"name\":\"Radio Ljubu\u0161ki\",\"url\":\"https:\\\/\\\/radioljubuski.ba\\\/\",\"logo\":{\"@type\":\"ImageObject\",\"inLanguage\":\"hr\",\"@id\":\"https:\\\/\\\/radioljubuski.ba\\\/#\\\/schema\\\/logo\\\/image\\\/\",\"url\":\"https:\\\/\\\/radioljubuski.ba\\\/wp-content\\\/uploads\\\/2021\\\/02\\\/cropped-Radio_Ljubuski_logo1.jpg\",\"contentUrl\":\"https:\\\/\\\/radioljubuski.ba\\\/wp-content\\\/uploads\\\/2021\\\/02\\\/cropped-Radio_Ljubuski_logo1.jpg\",\"width\":512,\"height\":512,\"caption\":\"Radio Ljubu\u0161ki\"},\"image\":{\"@id\":\"https:\\\/\\\/radioljubuski.ba\\\/#\\\/schema\\\/logo\\\/image\\\/\"},\"sameAs\":[\"https:\\\/\\\/www.facebook.com\\\/Radiio-Ljubuski-1490835324566332\",\"https:\\\/\\\/x.com\\\/radioljubuski\",\"https:\\\/\\\/hr.linkedin.com\\\/company\\\/radio-ljubuski\",\"https:\\\/\\\/www.youtube.com\\\/channel\\\/UCHYaeO_n0Db3tjNGudGpXyw\"]},{\"@type\":\"Person\",\"@id\":\"https:\\\/\\\/radioljubuski.ba\\\/#\\\/schema\\\/person\\\/19fc700381a780f69665d7956c469e3b\",\"name\":\"Radio Ljubu\u0161ki\"}]}<\/script>\n<!-- \/ Yoast SEO plugin. -->","yoast_head_json":{"title":"Gradac i Makarska: Ovo su cijene smje\u0161taja, parkinga, ru\u010dka, kave... - RADIO LJUBU\u0160KI","robots":{"index":"index","follow":"follow","max-snippet":"max-snippet:-1","max-image-preview":"max-image-preview:large","max-video-preview":"max-video-preview:-1"},"canonical":"https:\/\/radioljubuski.ba\/index.php\/2021\/06\/26\/gradac-i-makarska-ovo-su-cijene-smjestaja-parkinga-rucka-kave\/","og_locale":"hr_HR","og_type":"article","og_title":"Gradac i Makarska: Ovo su cijene smje\u0161taja, parkinga, ru\u010dka, kave... - RADIO LJUBU\u0160KI","og_description":"Nekada omiljene pla\u017ee u Gradcu na kojima je uvijek ljetovalo najvi\u0161e Bosanaca i Hercegovaca, sredinom lipnja su &nbsp;posebno prazne.&nbsp; Ako znamo kako je bilo 2019. godine, kada se tra\u017eilo slobodno mjesto da uz more spustite ru\u010dnik, sada je potpuno druga\u010dija slika &#8211; ima hlada, ima prostora. I da &#8211; po\u0161tuje se distanca od dva metra. [&hellip;]","og_url":"https:\/\/radioljubuski.ba\/index.php\/2021\/06\/26\/gradac-i-makarska-ovo-su-cijene-smjestaja-parkinga-rucka-kave\/","og_site_name":"RADIO LJUBU\u0160KI","article_publisher":"https:\/\/www.facebook.com\/Radiio-Ljubuski-1490835324566332","article_published_time":"2021-06-26T15:31:04+00:00","article_modified_time":"2021-06-26T15:31:06+00:00","og_image":[{"width":1000,"height":625,"url":"https:\/\/radioljubuski.ba\/wp-content\/uploads\/2021\/06\/qWurYiN2_makarska_gradac_beach_1_l.jpg","type":"image\/jpeg"}],"author":"Radio Ljubu\u0161ki","twitter_card":"summary_large_image","twitter_creator":"@radioljubuski","twitter_site":"@radioljubuski","twitter_misc":{"Napisao\/la":"Radio Ljubu\u0161ki","Procijenjeno vrijeme \u010ditanja":"3 minute"},"schema":{"@context":"https:\/\/schema.org","@graph":[{"@type":"Article","@id":"https:\/\/radioljubuski.ba\/index.php\/2021\/06\/26\/gradac-i-makarska-ovo-su-cijene-smjestaja-parkinga-rucka-kave\/#article","isPartOf":{"@id":"https:\/\/radioljubuski.ba\/index.php\/2021\/06\/26\/gradac-i-makarska-ovo-su-cijene-smjestaja-parkinga-rucka-kave\/"},"author":{"name":"Radio Ljubu\u0161ki","@id":"https:\/\/radioljubuski.ba\/#\/schema\/person\/19fc700381a780f69665d7956c469e3b"},"headline":"Gradac i Makarska: Ovo su cijene smje\u0161taja, parkinga, ru\u010dka, kave&#8230;","datePublished":"2021-06-26T15:31:04+00:00","dateModified":"2021-06-26T15:31:06+00:00","mainEntityOfPage":{"@id":"https:\/\/radioljubuski.ba\/index.php\/2021\/06\/26\/gradac-i-makarska-ovo-su-cijene-smjestaja-parkinga-rucka-kave\/"},"wordCount":580,"publisher":{"@id":"https:\/\/radioljubuski.ba\/#organization"},"image":{"@id":"https:\/\/radioljubuski.ba\/index.php\/2021\/06\/26\/gradac-i-makarska-ovo-su-cijene-smjestaja-parkinga-rucka-kave\/#primaryimage"},"thumbnailUrl":"https:\/\/radioljubuski.ba\/wp-content\/uploads\/2021\/06\/qWurYiN2_makarska_gradac_beach_1_l.jpg","articleSection":["BIH i regija"],"inLanguage":"hr"},{"@type":"WebPage","@id":"https:\/\/radioljubuski.ba\/index.php\/2021\/06\/26\/gradac-i-makarska-ovo-su-cijene-smjestaja-parkinga-rucka-kave\/","url":"https:\/\/radioljubuski.ba\/index.php\/2021\/06\/26\/gradac-i-makarska-ovo-su-cijene-smjestaja-parkinga-rucka-kave\/","name":"Gradac i Makarska: Ovo su cijene smje\u0161taja, parkinga, ru\u010dka, kave... - RADIO LJUBU\u0160KI","isPartOf":{"@id":"https:\/\/radioljubuski.ba\/#website"},"primaryImageOfPage":{"@id":"https:\/\/radioljubuski.ba\/index.php\/2021\/06\/26\/gradac-i-makarska-ovo-su-cijene-smjestaja-parkinga-rucka-kave\/#primaryimage"},"image":{"@id":"https:\/\/radioljubuski.ba\/index.php\/2021\/06\/26\/gradac-i-makarska-ovo-su-cijene-smjestaja-parkinga-rucka-kave\/#primaryimage"},"thumbnailUrl":"https:\/\/radioljubuski.ba\/wp-content\/uploads\/2021\/06\/qWurYiN2_makarska_gradac_beach_1_l.jpg","datePublished":"2021-06-26T15:31:04+00:00","dateModified":"2021-06-26T15:31:06+00:00","breadcrumb":{"@id":"https:\/\/radioljubuski.ba\/index.php\/2021\/06\/26\/gradac-i-makarska-ovo-su-cijene-smjestaja-parkinga-rucka-kave\/#breadcrumb"},"inLanguage":"hr","potentialAction":[{"@type":"ReadAction","target":["https:\/\/radioljubuski.ba\/index.php\/2021\/06\/26\/gradac-i-makarska-ovo-su-cijene-smjestaja-parkinga-rucka-kave\/"]}]},{"@type":"ImageObject","inLanguage":"hr","@id":"https:\/\/radioljubuski.ba\/index.php\/2021\/06\/26\/gradac-i-makarska-ovo-su-cijene-smjestaja-parkinga-rucka-kave\/#primaryimage","url":"https:\/\/radioljubuski.ba\/wp-content\/uploads\/2021\/06\/qWurYiN2_makarska_gradac_beach_1_l.jpg","contentUrl":"https:\/\/radioljubuski.ba\/wp-content\/uploads\/2021\/06\/qWurYiN2_makarska_gradac_beach_1_l.jpg","width":1000,"height":625},{"@type":"BreadcrumbList","@id":"https:\/\/radioljubuski.ba\/index.php\/2021\/06\/26\/gradac-i-makarska-ovo-su-cijene-smjestaja-parkinga-rucka-kave\/#breadcrumb","itemListElement":[{"@type":"ListItem","position":1,"name":"Po\u010detna stranica","item":"https:\/\/radioljubuski.ba\/"},{"@type":"ListItem","position":2,"name":"Gradac i Makarska: Ovo su cijene smje\u0161taja, parkinga, ru\u010dka, kave&#8230;"}]},{"@type":"WebSite","@id":"https:\/\/radioljubuski.ba\/#website","url":"https:\/\/radioljubuski.ba\/","name":"Radio Ljubu\u0161ki","description":"Sun\u010dana frekvencija Hercegovine","publisher":{"@id":"https:\/\/radioljubuski.ba\/#organization"},"potentialAction":[{"@type":"SearchAction","target":{"@type":"EntryPoint","urlTemplate":"https:\/\/radioljubuski.ba\/?s={search_term_string}"},"query-input":{"@type":"PropertyValueSpecification","valueRequired":true,"valueName":"search_term_string"}}],"inLanguage":"hr"},{"@type":"Organization","@id":"https:\/\/radioljubuski.ba\/#organization","name":"Radio Ljubu\u0161ki","url":"https:\/\/radioljubuski.ba\/","logo":{"@type":"ImageObject","inLanguage":"hr","@id":"https:\/\/radioljubuski.ba\/#\/schema\/logo\/image\/","url":"https:\/\/radioljubuski.ba\/wp-content\/uploads\/2021\/02\/cropped-Radio_Ljubuski_logo1.jpg","contentUrl":"https:\/\/radioljubuski.ba\/wp-content\/uploads\/2021\/02\/cropped-Radio_Ljubuski_logo1.jpg","width":512,"height":512,"caption":"Radio Ljubu\u0161ki"},"image":{"@id":"https:\/\/radioljubuski.ba\/#\/schema\/logo\/image\/"},"sameAs":["https:\/\/www.facebook.com\/Radiio-Ljubuski-1490835324566332","https:\/\/x.com\/radioljubuski","https:\/\/hr.linkedin.com\/company\/radio-ljubuski","https:\/\/www.youtube.com\/channel\/UCHYaeO_n0Db3tjNGudGpXyw"]},{"@type":"Person","@id":"https:\/\/radioljubuski.ba\/#\/schema\/person\/19fc700381a780f69665d7956c469e3b","name":"Radio Ljubu\u0161ki"}]}},"_links":{"self":[{"href":"https:\/\/radioljubuski.ba\/index.php\/wp-json\/wp\/v2\/posts\/36065","targetHints":{"allow":["GET"]}}],"collection":[{"href":"https:\/\/radioljubuski.ba\/index.php\/wp-json\/wp\/v2\/posts"}],"about":[{"href":"https:\/\/radioljubuski.ba\/index.php\/wp-json\/wp\/v2\/types\/post"}],"author":[{"embeddable":true,"href":"https:\/\/radioljubuski.ba\/index.php\/wp-json\/wp\/v2\/users\/2"}],"replies":[{"embeddable":true,"href":"https:\/\/radioljubuski.ba\/index.php\/wp-json\/wp\/v2\/comments?post=36065"}],"version-history":[{"count":1,"href":"https:\/\/radioljubuski.ba\/index.php\/wp-json\/wp\/v2\/posts\/36065\/revisions"}],"predecessor-version":[{"id":36067,"href":"https:\/\/radioljubuski.ba\/index.php\/wp-json\/wp\/v2\/posts\/36065\/revisions\/36067"}],"wp:featuredmedia":[{"embeddable":true,"href":"https:\/\/radioljubuski.ba\/index.php\/wp-json\/wp\/v2\/media\/36066"}],"wp:attachment":[{"href":"https:\/\/radioljubuski.ba\/index.php\/wp-json\/wp\/v2\/media?parent=36065"}],"wp:term":[{"taxonomy":"category","embeddable":true,"href":"https:\/\/radioljubuski.ba\/index.php\/wp-json\/wp\/v2\/categories?post=36065"},{"taxonomy":"post_tag","embeddable":true,"href":"https:\/\/radioljubuski.ba\/index.php\/wp-json\/wp\/v2\/tags?post=36065"}],"curies":[{"name":"wp","href":"https:\/\/api.w.org\/{rel}","templated":true}]}}