{"id":36188,"date":"2021-06-26T23:52:53","date_gmt":"2021-06-26T22:52:53","guid":{"rendered":"https:\/\/radioljubuski.ba\/?p=36188"},"modified":"2021-06-26T23:52:55","modified_gmt":"2021-06-26T22:52:55","slug":"na-40-obljetnicu-gospinih-ukazanja-u-medugorju-desetine-tisuca-vjernika","status":"publish","type":"post","link":"https:\/\/radioljubuski.ba\/index.php\/2021\/06\/26\/na-40-obljetnicu-gospinih-ukazanja-u-medugorju-desetine-tisuca-vjernika\/","title":{"rendered":"Na 40. obljetnicu Gospinih ukazanja u Me\u0111ugorju desetine tisu\u0107a vjernika"},"content":{"rendered":"\n<p><strong>Prije 40 godina \u0161estero mladih iz maloga hercegova\u010dkog mjesta posvjedo\u010dilo je svom duhovniku fra Jozi Zovku da im se ukazala Majka Bo\u017eja. Vijest se pro\u0161irila svijetom, a Me\u0111ugorje se razvilo u jedno od najpoznatijih hodo\u010dasni\u010dkih odredi\u0161ta, usprkos podijeljenim stajali\u0161tima unutar same Crkve o tom fenomenu.<\/strong><\/p>\n\n\n\n<p>Na 40. obljetnicu okupilo se vi\u0161e desetaka tisu\u0107a vjernika iz cijeloga svijeta koji se molitvom, pobo\u017enostima, uspinjanjem na brdo ukazanja zahvaljuju tamo\u0161njoj Kraljici mira. Najvi\u0161e hodo\u010dasnika, prema tvrdnjama tamo\u0161njeg Informativnog centra, stiglo je iz Hrvatske i BiH, a ve\u0107e skupine su iz, izme\u0111u ostalog, iz \u0160panjolske, Francuske, SAD-a, Italije, Poljske, Belgije, Meksika, Koreje, Ukrajine, Slova\u010dke, Ma\u0111arske.<br><br>Od ranog jutra slu\u017ee se svete mise na hrvatskome i vi\u0161e svjetskih jezika, a brojni hodo\u010dasnici penju se na Podbrdo, mjesto gdje se ukazala Gospa prvi put po tvrdnjama \u0161estero vidjelaca 24. lipnja 1981. godine, no oni su se usudili tome mjestu pri\u0107i tek dan poslije.<br><br>Pu\u010dku svetu misu u crkvi svetoga Jakova predvodio je \u017eupni vikar u Me\u0111ugorju fra\u00a0<strong>Renato Gali\u0107.<br><br><\/strong>&#8211;<strong>\u00a0<\/strong>Danas ovdje \u010dastimo Djevicu Kraljicu mira. Bog nam je dao milost da \u017eivimo u vremenu kada nam se ona pribli\u017eava i poziva na mir, rekao je fra Gali\u0107.<br><br>Prvi put ove godine odr\u017eana je i procesija s Brda ukazanja od Gospina kipa do Crkve gdje se u 19 sati slu\u017eila sredi\u0161nja sveta misa.<br><br>Mnogima nije smetao ni koronavirus, a ni sve restrikcije kako bi bili ovdje. A sredi\u0161nja poruka koja je danas poslana iz Me\u0111ugorja je &#8211; mir, mir u svijetu, rekao je HRT-ov novinar\u00a0<strong>Ilko Barbari\u0107\u00a0<\/strong>u javljanju u sredi\u0161nji Dnevnik HTV-a.\u00a0<\/p>\n\n\n\n<div style=\"width: 640px;\" class=\"wp-video\"><video class=\"wp-video-shortcode\" id=\"video-36188-1\" width=\"640\" height=\"360\" preload=\"metadata\" controls=\"controls\"><source type=\"video\/mp4\" src=\"https:\/\/api.hrt.hr\/media\/0f\/0c\/tvd2-duplex-medjugorje-20210625180655.mp4?_=1\" \/><a href=\"https:\/\/api.hrt.hr\/media\/0f\/0c\/tvd2-duplex-medjugorje-20210625180655.mp4\">https:\/\/api.hrt.hr\/media\/0f\/0c\/tvd2-duplex-medjugorje-20210625180655.mp4<\/a><\/video><\/div>\n\n\n\n<p>Fenomen Me\u0111ugorja vezuje se uz tvrdnje \u0161estero vidjelaca da im je 25. lipnja 1981. prvi put Gospa uputila poruke zbog \u010dega je nazivaju Kraljicom mira. Najve\u0107i broj njih tvrdi da i danas imaju ukazanja.<br><br>Sveta Stolica osnovala je 2010. godine posebno povjerenstvo koje je istra\u017eivalo taj fenomen, sastavilo izvje\u0161taj i dostavilo ga Kongregaciji za nauk vjere koja ga je proslijedila Svetom ocu. Prije tri godine papa Franjo imenovao je posebnog apostolskog vizitatora za Me\u0111ugorje, poljskog nadbiskupa Henryka Hosera, a prije dvije godine odobrio je slu\u017ebena hodo\u010da\u0161\u0107a u to mjesto molitve. Sveta Stolica jo\u0161 uvijek nije zauzela stajali\u0161te o nadnaravnosti me\u0111ugorskih ukazanja.<\/p>\n\n\n\n<div style=\"width: 640px;\" class=\"wp-video\"><video class=\"wp-video-shortcode\" id=\"video-36188-2\" width=\"640\" height=\"360\" preload=\"metadata\" controls=\"controls\"><source type=\"video\/mp4\" src=\"https:\/\/api.hrt.hr\/media\/ff\/79\/tvd2-medjugorje-obljetnica-20210625180952.mp4?_=2\" \/><a href=\"https:\/\/api.hrt.hr\/media\/ff\/79\/tvd2-medjugorje-obljetnica-20210625180952.mp4\">https:\/\/api.hrt.hr\/media\/ff\/79\/tvd2-medjugorje-obljetnica-20210625180952.mp4<\/a><\/video><\/div>\n\n\n\n<p>Izvor:hrt.hr<\/p>\n","protected":false},"excerpt":{"rendered":"<p>Prije 40 godina \u0161estero mladih iz maloga hercegova\u010dkog mjesta posvjedo\u010dilo je svom duhovniku fra Jozi Zovku da im se ukazala Majka Bo\u017eja. Vijest se pro\u0161irila svijetom, a Me\u0111ugorje se razvilo u jedno od najpoznatijih hodo\u010dasni\u010dkih odredi\u0161ta, usprkos podijeljenim stajali\u0161tima unutar same Crkve o tom fenomenu. Na 40. obljetnicu okupilo se vi\u0161e desetaka tisu\u0107a vjernika iz [&hellip;]<\/p>\n","protected":false},"author":2,"featured_media":36189,"comment_status":"closed","ping_status":"closed","sticky":false,"template":"","format":"standard","meta":{"h5ap_radio_sources":[],"footnotes":""},"categories":[1],"tags":[],"class_list":["post-36188","post","type-post","status-publish","format-standard","has-post-thumbnail","hentry","category-bihiregija"],"yoast_head":"<!-- This site is optimized with the Yoast SEO plugin v27.5 - https:\/\/yoast.com\/product\/yoast-seo-wordpress\/ -->\n<title>Na 40. obljetnicu Gospinih ukazanja u Me\u0111ugorju desetine tisu\u0107a vjernika - RADIO LJUBU\u0160KI<\/title>\n<meta name=\"robots\" content=\"index, follow, max-snippet:-1, max-image-preview:large, max-video-preview:-1\" \/>\n<link rel=\"canonical\" href=\"https:\/\/radioljubuski.ba\/index.php\/2021\/06\/26\/na-40-obljetnicu-gospinih-ukazanja-u-medugorju-desetine-tisuca-vjernika\/\" \/>\n<meta property=\"og:locale\" content=\"hr_HR\" \/>\n<meta property=\"og:type\" content=\"article\" \/>\n<meta property=\"og:title\" content=\"Na 40. obljetnicu Gospinih ukazanja u Me\u0111ugorju desetine tisu\u0107a vjernika - RADIO LJUBU\u0160KI\" \/>\n<meta property=\"og:description\" content=\"Prije 40 godina \u0161estero mladih iz maloga hercegova\u010dkog mjesta posvjedo\u010dilo je svom duhovniku fra Jozi Zovku da im se ukazala Majka Bo\u017eja. Vijest se pro\u0161irila svijetom, a Me\u0111ugorje se razvilo u jedno od najpoznatijih hodo\u010dasni\u010dkih odredi\u0161ta, usprkos podijeljenim stajali\u0161tima unutar same Crkve o tom fenomenu. Na 40. obljetnicu okupilo se vi\u0161e desetaka tisu\u0107a vjernika iz [&hellip;]\" \/>\n<meta property=\"og:url\" content=\"https:\/\/radioljubuski.ba\/index.php\/2021\/06\/26\/na-40-obljetnicu-gospinih-ukazanja-u-medugorju-desetine-tisuca-vjernika\/\" \/>\n<meta property=\"og:site_name\" content=\"RADIO LJUBU\u0160KI\" \/>\n<meta property=\"article:publisher\" content=\"https:\/\/www.facebook.com\/Radiio-Ljubuski-1490835324566332\" \/>\n<meta property=\"article:published_time\" content=\"2021-06-26T22:52:53+00:00\" \/>\n<meta property=\"article:modified_time\" content=\"2021-06-26T22:52:55+00:00\" \/>\n<meta property=\"og:image\" content=\"https:\/\/radioljubuski.ba\/wp-content\/uploads\/2021\/06\/0c9617d8a979d3f6bb35.jpeg\" \/>\n\t<meta property=\"og:image:width\" content=\"1620\" \/>\n\t<meta property=\"og:image:height\" content=\"1080\" \/>\n\t<meta property=\"og:image:type\" content=\"image\/jpeg\" \/>\n<meta name=\"author\" content=\"Radio Ljubu\u0161ki\" \/>\n<meta name=\"twitter:card\" content=\"summary_large_image\" \/>\n<meta name=\"twitter:creator\" content=\"@radioljubuski\" \/>\n<meta name=\"twitter:site\" content=\"@radioljubuski\" \/>\n<meta name=\"twitter:label1\" content=\"Napisao\/la\" \/>\n\t<meta name=\"twitter:data1\" content=\"Radio Ljubu\u0161ki\" \/>\n\t<meta name=\"twitter:label2\" content=\"Procijenjeno vrijeme \u010ditanja\" \/>\n\t<meta name=\"twitter:data2\" content=\"2 minute\" \/>\n<script type=\"application\/ld+json\" class=\"yoast-schema-graph\">{\"@context\":\"https:\\\/\\\/schema.org\",\"@graph\":[{\"@type\":\"Article\",\"@id\":\"https:\\\/\\\/radioljubuski.ba\\\/index.php\\\/2021\\\/06\\\/26\\\/na-40-obljetnicu-gospinih-ukazanja-u-medugorju-desetine-tisuca-vjernika\\\/#article\",\"isPartOf\":{\"@id\":\"https:\\\/\\\/radioljubuski.ba\\\/index.php\\\/2021\\\/06\\\/26\\\/na-40-obljetnicu-gospinih-ukazanja-u-medugorju-desetine-tisuca-vjernika\\\/\"},\"author\":{\"name\":\"Radio Ljubu\u0161ki\",\"@id\":\"https:\\\/\\\/radioljubuski.ba\\\/#\\\/schema\\\/person\\\/19fc700381a780f69665d7956c469e3b\"},\"headline\":\"Na 40. obljetnicu Gospinih ukazanja u Me\u0111ugorju desetine tisu\u0107a vjernika\",\"datePublished\":\"2021-06-26T22:52:53+00:00\",\"dateModified\":\"2021-06-26T22:52:55+00:00\",\"mainEntityOfPage\":{\"@id\":\"https:\\\/\\\/radioljubuski.ba\\\/index.php\\\/2021\\\/06\\\/26\\\/na-40-obljetnicu-gospinih-ukazanja-u-medugorju-desetine-tisuca-vjernika\\\/\"},\"wordCount\":426,\"publisher\":{\"@id\":\"https:\\\/\\\/radioljubuski.ba\\\/#organization\"},\"image\":{\"@id\":\"https:\\\/\\\/radioljubuski.ba\\\/index.php\\\/2021\\\/06\\\/26\\\/na-40-obljetnicu-gospinih-ukazanja-u-medugorju-desetine-tisuca-vjernika\\\/#primaryimage\"},\"thumbnailUrl\":\"https:\\\/\\\/radioljubuski.ba\\\/wp-content\\\/uploads\\\/2021\\\/06\\\/0c9617d8a979d3f6bb35.jpeg\",\"articleSection\":[\"BIH i regija\"],\"inLanguage\":\"hr\"},{\"@type\":\"WebPage\",\"@id\":\"https:\\\/\\\/radioljubuski.ba\\\/index.php\\\/2021\\\/06\\\/26\\\/na-40-obljetnicu-gospinih-ukazanja-u-medugorju-desetine-tisuca-vjernika\\\/\",\"url\":\"https:\\\/\\\/radioljubuski.ba\\\/index.php\\\/2021\\\/06\\\/26\\\/na-40-obljetnicu-gospinih-ukazanja-u-medugorju-desetine-tisuca-vjernika\\\/\",\"name\":\"Na 40. obljetnicu Gospinih ukazanja u Me\u0111ugorju desetine tisu\u0107a vjernika - RADIO LJUBU\u0160KI\",\"isPartOf\":{\"@id\":\"https:\\\/\\\/radioljubuski.ba\\\/#website\"},\"primaryImageOfPage\":{\"@id\":\"https:\\\/\\\/radioljubuski.ba\\\/index.php\\\/2021\\\/06\\\/26\\\/na-40-obljetnicu-gospinih-ukazanja-u-medugorju-desetine-tisuca-vjernika\\\/#primaryimage\"},\"image\":{\"@id\":\"https:\\\/\\\/radioljubuski.ba\\\/index.php\\\/2021\\\/06\\\/26\\\/na-40-obljetnicu-gospinih-ukazanja-u-medugorju-desetine-tisuca-vjernika\\\/#primaryimage\"},\"thumbnailUrl\":\"https:\\\/\\\/radioljubuski.ba\\\/wp-content\\\/uploads\\\/2021\\\/06\\\/0c9617d8a979d3f6bb35.jpeg\",\"datePublished\":\"2021-06-26T22:52:53+00:00\",\"dateModified\":\"2021-06-26T22:52:55+00:00\",\"breadcrumb\":{\"@id\":\"https:\\\/\\\/radioljubuski.ba\\\/index.php\\\/2021\\\/06\\\/26\\\/na-40-obljetnicu-gospinih-ukazanja-u-medugorju-desetine-tisuca-vjernika\\\/#breadcrumb\"},\"inLanguage\":\"hr\",\"potentialAction\":[{\"@type\":\"ReadAction\",\"target\":[\"https:\\\/\\\/radioljubuski.ba\\\/index.php\\\/2021\\\/06\\\/26\\\/na-40-obljetnicu-gospinih-ukazanja-u-medugorju-desetine-tisuca-vjernika\\\/\"]}]},{\"@type\":\"ImageObject\",\"inLanguage\":\"hr\",\"@id\":\"https:\\\/\\\/radioljubuski.ba\\\/index.php\\\/2021\\\/06\\\/26\\\/na-40-obljetnicu-gospinih-ukazanja-u-medugorju-desetine-tisuca-vjernika\\\/#primaryimage\",\"url\":\"https:\\\/\\\/radioljubuski.ba\\\/wp-content\\\/uploads\\\/2021\\\/06\\\/0c9617d8a979d3f6bb35.jpeg\",\"contentUrl\":\"https:\\\/\\\/radioljubuski.ba\\\/wp-content\\\/uploads\\\/2021\\\/06\\\/0c9617d8a979d3f6bb35.jpeg\",\"width\":1620,\"height\":1080},{\"@type\":\"BreadcrumbList\",\"@id\":\"https:\\\/\\\/radioljubuski.ba\\\/index.php\\\/2021\\\/06\\\/26\\\/na-40-obljetnicu-gospinih-ukazanja-u-medugorju-desetine-tisuca-vjernika\\\/#breadcrumb\",\"itemListElement\":[{\"@type\":\"ListItem\",\"position\":1,\"name\":\"Po\u010detna stranica\",\"item\":\"https:\\\/\\\/radioljubuski.ba\\\/\"},{\"@type\":\"ListItem\",\"position\":2,\"name\":\"Na 40. obljetnicu Gospinih ukazanja u Me\u0111ugorju desetine tisu\u0107a vjernika\"}]},{\"@type\":\"WebSite\",\"@id\":\"https:\\\/\\\/radioljubuski.ba\\\/#website\",\"url\":\"https:\\\/\\\/radioljubuski.ba\\\/\",\"name\":\"Radio Ljubu\u0161ki\",\"description\":\"Sun\u010dana frekvencija Hercegovine\",\"publisher\":{\"@id\":\"https:\\\/\\\/radioljubuski.ba\\\/#organization\"},\"potentialAction\":[{\"@type\":\"SearchAction\",\"target\":{\"@type\":\"EntryPoint\",\"urlTemplate\":\"https:\\\/\\\/radioljubuski.ba\\\/?s={search_term_string}\"},\"query-input\":{\"@type\":\"PropertyValueSpecification\",\"valueRequired\":true,\"valueName\":\"search_term_string\"}}],\"inLanguage\":\"hr\"},{\"@type\":\"Organization\",\"@id\":\"https:\\\/\\\/radioljubuski.ba\\\/#organization\",\"name\":\"Radio Ljubu\u0161ki\",\"url\":\"https:\\\/\\\/radioljubuski.ba\\\/\",\"logo\":{\"@type\":\"ImageObject\",\"inLanguage\":\"hr\",\"@id\":\"https:\\\/\\\/radioljubuski.ba\\\/#\\\/schema\\\/logo\\\/image\\\/\",\"url\":\"https:\\\/\\\/radioljubuski.ba\\\/wp-content\\\/uploads\\\/2021\\\/02\\\/cropped-Radio_Ljubuski_logo1.jpg\",\"contentUrl\":\"https:\\\/\\\/radioljubuski.ba\\\/wp-content\\\/uploads\\\/2021\\\/02\\\/cropped-Radio_Ljubuski_logo1.jpg\",\"width\":512,\"height\":512,\"caption\":\"Radio Ljubu\u0161ki\"},\"image\":{\"@id\":\"https:\\\/\\\/radioljubuski.ba\\\/#\\\/schema\\\/logo\\\/image\\\/\"},\"sameAs\":[\"https:\\\/\\\/www.facebook.com\\\/Radiio-Ljubuski-1490835324566332\",\"https:\\\/\\\/x.com\\\/radioljubuski\",\"https:\\\/\\\/hr.linkedin.com\\\/company\\\/radio-ljubuski\",\"https:\\\/\\\/www.youtube.com\\\/channel\\\/UCHYaeO_n0Db3tjNGudGpXyw\"]},{\"@type\":\"Person\",\"@id\":\"https:\\\/\\\/radioljubuski.ba\\\/#\\\/schema\\\/person\\\/19fc700381a780f69665d7956c469e3b\",\"name\":\"Radio Ljubu\u0161ki\"}]}<\/script>\n<!-- \/ Yoast SEO plugin. -->","yoast_head_json":{"title":"Na 40. obljetnicu Gospinih ukazanja u Me\u0111ugorju desetine tisu\u0107a vjernika - RADIO LJUBU\u0160KI","robots":{"index":"index","follow":"follow","max-snippet":"max-snippet:-1","max-image-preview":"max-image-preview:large","max-video-preview":"max-video-preview:-1"},"canonical":"https:\/\/radioljubuski.ba\/index.php\/2021\/06\/26\/na-40-obljetnicu-gospinih-ukazanja-u-medugorju-desetine-tisuca-vjernika\/","og_locale":"hr_HR","og_type":"article","og_title":"Na 40. obljetnicu Gospinih ukazanja u Me\u0111ugorju desetine tisu\u0107a vjernika - RADIO LJUBU\u0160KI","og_description":"Prije 40 godina \u0161estero mladih iz maloga hercegova\u010dkog mjesta posvjedo\u010dilo je svom duhovniku fra Jozi Zovku da im se ukazala Majka Bo\u017eja. Vijest se pro\u0161irila svijetom, a Me\u0111ugorje se razvilo u jedno od najpoznatijih hodo\u010dasni\u010dkih odredi\u0161ta, usprkos podijeljenim stajali\u0161tima unutar same Crkve o tom fenomenu. Na 40. obljetnicu okupilo se vi\u0161e desetaka tisu\u0107a vjernika iz [&hellip;]","og_url":"https:\/\/radioljubuski.ba\/index.php\/2021\/06\/26\/na-40-obljetnicu-gospinih-ukazanja-u-medugorju-desetine-tisuca-vjernika\/","og_site_name":"RADIO LJUBU\u0160KI","article_publisher":"https:\/\/www.facebook.com\/Radiio-Ljubuski-1490835324566332","article_published_time":"2021-06-26T22:52:53+00:00","article_modified_time":"2021-06-26T22:52:55+00:00","og_image":[{"width":1620,"height":1080,"url":"https:\/\/radioljubuski.ba\/wp-content\/uploads\/2021\/06\/0c9617d8a979d3f6bb35.jpeg","type":"image\/jpeg"}],"author":"Radio Ljubu\u0161ki","twitter_card":"summary_large_image","twitter_creator":"@radioljubuski","twitter_site":"@radioljubuski","twitter_misc":{"Napisao\/la":"Radio Ljubu\u0161ki","Procijenjeno vrijeme \u010ditanja":"2 minute"},"schema":{"@context":"https:\/\/schema.org","@graph":[{"@type":"Article","@id":"https:\/\/radioljubuski.ba\/index.php\/2021\/06\/26\/na-40-obljetnicu-gospinih-ukazanja-u-medugorju-desetine-tisuca-vjernika\/#article","isPartOf":{"@id":"https:\/\/radioljubuski.ba\/index.php\/2021\/06\/26\/na-40-obljetnicu-gospinih-ukazanja-u-medugorju-desetine-tisuca-vjernika\/"},"author":{"name":"Radio Ljubu\u0161ki","@id":"https:\/\/radioljubuski.ba\/#\/schema\/person\/19fc700381a780f69665d7956c469e3b"},"headline":"Na 40. obljetnicu Gospinih ukazanja u Me\u0111ugorju desetine tisu\u0107a vjernika","datePublished":"2021-06-26T22:52:53+00:00","dateModified":"2021-06-26T22:52:55+00:00","mainEntityOfPage":{"@id":"https:\/\/radioljubuski.ba\/index.php\/2021\/06\/26\/na-40-obljetnicu-gospinih-ukazanja-u-medugorju-desetine-tisuca-vjernika\/"},"wordCount":426,"publisher":{"@id":"https:\/\/radioljubuski.ba\/#organization"},"image":{"@id":"https:\/\/radioljubuski.ba\/index.php\/2021\/06\/26\/na-40-obljetnicu-gospinih-ukazanja-u-medugorju-desetine-tisuca-vjernika\/#primaryimage"},"thumbnailUrl":"https:\/\/radioljubuski.ba\/wp-content\/uploads\/2021\/06\/0c9617d8a979d3f6bb35.jpeg","articleSection":["BIH i regija"],"inLanguage":"hr"},{"@type":"WebPage","@id":"https:\/\/radioljubuski.ba\/index.php\/2021\/06\/26\/na-40-obljetnicu-gospinih-ukazanja-u-medugorju-desetine-tisuca-vjernika\/","url":"https:\/\/radioljubuski.ba\/index.php\/2021\/06\/26\/na-40-obljetnicu-gospinih-ukazanja-u-medugorju-desetine-tisuca-vjernika\/","name":"Na 40. obljetnicu Gospinih ukazanja u Me\u0111ugorju desetine tisu\u0107a vjernika - RADIO LJUBU\u0160KI","isPartOf":{"@id":"https:\/\/radioljubuski.ba\/#website"},"primaryImageOfPage":{"@id":"https:\/\/radioljubuski.ba\/index.php\/2021\/06\/26\/na-40-obljetnicu-gospinih-ukazanja-u-medugorju-desetine-tisuca-vjernika\/#primaryimage"},"image":{"@id":"https:\/\/radioljubuski.ba\/index.php\/2021\/06\/26\/na-40-obljetnicu-gospinih-ukazanja-u-medugorju-desetine-tisuca-vjernika\/#primaryimage"},"thumbnailUrl":"https:\/\/radioljubuski.ba\/wp-content\/uploads\/2021\/06\/0c9617d8a979d3f6bb35.jpeg","datePublished":"2021-06-26T22:52:53+00:00","dateModified":"2021-06-26T22:52:55+00:00","breadcrumb":{"@id":"https:\/\/radioljubuski.ba\/index.php\/2021\/06\/26\/na-40-obljetnicu-gospinih-ukazanja-u-medugorju-desetine-tisuca-vjernika\/#breadcrumb"},"inLanguage":"hr","potentialAction":[{"@type":"ReadAction","target":["https:\/\/radioljubuski.ba\/index.php\/2021\/06\/26\/na-40-obljetnicu-gospinih-ukazanja-u-medugorju-desetine-tisuca-vjernika\/"]}]},{"@type":"ImageObject","inLanguage":"hr","@id":"https:\/\/radioljubuski.ba\/index.php\/2021\/06\/26\/na-40-obljetnicu-gospinih-ukazanja-u-medugorju-desetine-tisuca-vjernika\/#primaryimage","url":"https:\/\/radioljubuski.ba\/wp-content\/uploads\/2021\/06\/0c9617d8a979d3f6bb35.jpeg","contentUrl":"https:\/\/radioljubuski.ba\/wp-content\/uploads\/2021\/06\/0c9617d8a979d3f6bb35.jpeg","width":1620,"height":1080},{"@type":"BreadcrumbList","@id":"https:\/\/radioljubuski.ba\/index.php\/2021\/06\/26\/na-40-obljetnicu-gospinih-ukazanja-u-medugorju-desetine-tisuca-vjernika\/#breadcrumb","itemListElement":[{"@type":"ListItem","position":1,"name":"Po\u010detna stranica","item":"https:\/\/radioljubuski.ba\/"},{"@type":"ListItem","position":2,"name":"Na 40. obljetnicu Gospinih ukazanja u Me\u0111ugorju desetine tisu\u0107a vjernika"}]},{"@type":"WebSite","@id":"https:\/\/radioljubuski.ba\/#website","url":"https:\/\/radioljubuski.ba\/","name":"Radio Ljubu\u0161ki","description":"Sun\u010dana frekvencija Hercegovine","publisher":{"@id":"https:\/\/radioljubuski.ba\/#organization"},"potentialAction":[{"@type":"SearchAction","target":{"@type":"EntryPoint","urlTemplate":"https:\/\/radioljubuski.ba\/?s={search_term_string}"},"query-input":{"@type":"PropertyValueSpecification","valueRequired":true,"valueName":"search_term_string"}}],"inLanguage":"hr"},{"@type":"Organization","@id":"https:\/\/radioljubuski.ba\/#organization","name":"Radio Ljubu\u0161ki","url":"https:\/\/radioljubuski.ba\/","logo":{"@type":"ImageObject","inLanguage":"hr","@id":"https:\/\/radioljubuski.ba\/#\/schema\/logo\/image\/","url":"https:\/\/radioljubuski.ba\/wp-content\/uploads\/2021\/02\/cropped-Radio_Ljubuski_logo1.jpg","contentUrl":"https:\/\/radioljubuski.ba\/wp-content\/uploads\/2021\/02\/cropped-Radio_Ljubuski_logo1.jpg","width":512,"height":512,"caption":"Radio Ljubu\u0161ki"},"image":{"@id":"https:\/\/radioljubuski.ba\/#\/schema\/logo\/image\/"},"sameAs":["https:\/\/www.facebook.com\/Radiio-Ljubuski-1490835324566332","https:\/\/x.com\/radioljubuski","https:\/\/hr.linkedin.com\/company\/radio-ljubuski","https:\/\/www.youtube.com\/channel\/UCHYaeO_n0Db3tjNGudGpXyw"]},{"@type":"Person","@id":"https:\/\/radioljubuski.ba\/#\/schema\/person\/19fc700381a780f69665d7956c469e3b","name":"Radio Ljubu\u0161ki"}]}},"_links":{"self":[{"href":"https:\/\/radioljubuski.ba\/index.php\/wp-json\/wp\/v2\/posts\/36188","targetHints":{"allow":["GET"]}}],"collection":[{"href":"https:\/\/radioljubuski.ba\/index.php\/wp-json\/wp\/v2\/posts"}],"about":[{"href":"https:\/\/radioljubuski.ba\/index.php\/wp-json\/wp\/v2\/types\/post"}],"author":[{"embeddable":true,"href":"https:\/\/radioljubuski.ba\/index.php\/wp-json\/wp\/v2\/users\/2"}],"replies":[{"embeddable":true,"href":"https:\/\/radioljubuski.ba\/index.php\/wp-json\/wp\/v2\/comments?post=36188"}],"version-history":[{"count":1,"href":"https:\/\/radioljubuski.ba\/index.php\/wp-json\/wp\/v2\/posts\/36188\/revisions"}],"predecessor-version":[{"id":36190,"href":"https:\/\/radioljubuski.ba\/index.php\/wp-json\/wp\/v2\/posts\/36188\/revisions\/36190"}],"wp:featuredmedia":[{"embeddable":true,"href":"https:\/\/radioljubuski.ba\/index.php\/wp-json\/wp\/v2\/media\/36189"}],"wp:attachment":[{"href":"https:\/\/radioljubuski.ba\/index.php\/wp-json\/wp\/v2\/media?parent=36188"}],"wp:term":[{"taxonomy":"category","embeddable":true,"href":"https:\/\/radioljubuski.ba\/index.php\/wp-json\/wp\/v2\/categories?post=36188"},{"taxonomy":"post_tag","embeddable":true,"href":"https:\/\/radioljubuski.ba\/index.php\/wp-json\/wp\/v2\/tags?post=36188"}],"curies":[{"name":"wp","href":"https:\/\/api.w.org\/{rel}","templated":true}]}}