{"id":36194,"date":"2021-06-26T23:55:29","date_gmt":"2021-06-26T22:55:29","guid":{"rendered":"https:\/\/radioljubuski.ba\/?p=36194"},"modified":"2021-06-26T23:55:30","modified_gmt":"2021-06-26T22:55:30","slug":"biden-najavio-sigurnosnu-pomoc-afganistanu-i-nakon-povlacenja-trupa","status":"publish","type":"post","link":"https:\/\/radioljubuski.ba\/index.php\/2021\/06\/26\/biden-najavio-sigurnosnu-pomoc-afganistanu-i-nakon-povlacenja-trupa\/","title":{"rendered":"Biden najavio sigurnosnu pomo\u0107 Afganistanu i nakon povla\u010denja trupa"},"content":{"rendered":"\n<p><strong>Ameri\u010dki predsjednik Joe Biden u petak je u Bijeloj ku\u0107i primio afganistanskog predsjednika A\u0161rafa Ganija i njegovog biv\u0161eg politi\u010dkog rivala Abdulaha Abdulaha, pozvav\u0161i Afganistance da odlu\u010de o budu\u0107nosti svoje dr\u017eave uo\u010di odlaska ameri\u010dke vojske iz te dr\u017eave nakon 20 godina te im poru\u010div\u0161i da \u0107e se ameri\u010dka sigurnosna pomo\u0107 nastaviti.<\/strong><\/p>\n\n\n\n<p><strong>Biden<\/strong>&nbsp;je<strong>&nbsp;Ganija<\/strong>&nbsp;i&nbsp;<strong>Abdullaha<\/strong>&nbsp;u Ovalnom uredu nazvao svojim starim prijateljima, pa poru\u010dio da \u0107e se ameri\u010dka potpora Afganistanu nastaviti.<br><br>&#8211; Afganistanci \u0107e morati odlu\u010diti o svojoj budu\u0107nosti, o tome \u0161to \u017eele, rekao je Biden i naglasio kako nasilje mora stati.<br><br>Gani je kazao kako su afganistanske snage sigurnost u petak oslobodile \u0161est okruga iz ruku talibana. Istaknuo je kako po\u0161tuje Bidenovu odluku i da partnerstvo izme\u0111u SAD-a i Afganistana ulazi u novu fazu. Odlu\u010dni smo sa\u010duvati jedinstvo, koherentnost, rekao je afganistanski \u010delnik.<br><br>U razgovoru s novinarima Gani je kasnije kazao kako je odluka SAD-a o povla\u010denju suverena i da je sada na Kabulu da upravlja posljedicama. Naglasio je da je Biden jasno artikulirao da \u0107e se ameri\u010dka sigurnosna pomo\u0107 Afganistanu ubrzati na drugim poljima.<br><br>Susret u Ovalnom uredu simboli\u010dki je vrijedan za Ganija koji je u svojoj dr\u017eavi suo\u010den s borbom s talibanima, bomba\u0161kim napadima, rastom broja zara\u017eenih koronavirusom i politi\u010dkim borbama u Kabulu. Biden je od Kongresa tra\u017eio da odobri 3,3 milijardi vrijednu sigurnosnu pomo\u0107 Afganistanu za idu\u0107u godinu, a SAD u azijsku dr\u017eavu \u0161alje 3 milijuna doza cjepiva.<br><br>Dolazak Ganija i Abdullaha, dvojice politi\u010dara koji su nakon kontroverznih izbora pro\u0161le godine dogovorili podjelu vlasti Abdulahovi ljudi u\u0161li su u vladu, a on je postao zadu\u017een za pregovore s talibanima doga\u0111a se u vrijeme kad mirovni proces u Afganistanu stoji na mjestu, a pogor\u0161avaju se sukobi izme\u0111u vladinih snaga i talibana.<br><br>Ameri\u010dki dr\u017eavni tajnik&nbsp;<strong>Antony Blinken<\/strong>&nbsp;je tijekom posjeta Parizu u petak rekao da Washington provjerava jesu li talibani ozbiljni oko mirnog rje\u0161enja sukoba.&nbsp;<\/p>\n\n\n\n<p>Izvor:hrt.hr<\/p>\n","protected":false},"excerpt":{"rendered":"<p>Ameri\u010dki predsjednik Joe Biden u petak je u Bijeloj ku\u0107i primio afganistanskog predsjednika A\u0161rafa Ganija i njegovog biv\u0161eg politi\u010dkog rivala Abdulaha Abdulaha, pozvav\u0161i Afganistance da odlu\u010de o budu\u0107nosti svoje dr\u017eave uo\u010di odlaska ameri\u010dke vojske iz te dr\u017eave nakon 20 godina te im poru\u010div\u0161i da \u0107e se ameri\u010dka sigurnosna pomo\u0107 nastaviti. Biden&nbsp;je&nbsp;Ganija&nbsp;i&nbsp;Abdullaha&nbsp;u Ovalnom uredu nazvao svojim [&hellip;]<\/p>\n","protected":false},"author":2,"featured_media":0,"comment_status":"closed","ping_status":"closed","sticky":false,"template":"","format":"standard","meta":{"h5ap_radio_sources":[],"footnotes":""},"categories":[1],"tags":[],"class_list":["post-36194","post","type-post","status-publish","format-standard","hentry","category-bihiregija"],"yoast_head":"<!-- This site is optimized with the Yoast SEO plugin v27.5 - https:\/\/yoast.com\/product\/yoast-seo-wordpress\/ -->\n<title>Biden najavio sigurnosnu pomo\u0107 Afganistanu i nakon povla\u010denja trupa - RADIO LJUBU\u0160KI<\/title>\n<meta name=\"robots\" content=\"index, follow, max-snippet:-1, max-image-preview:large, max-video-preview:-1\" \/>\n<link rel=\"canonical\" href=\"https:\/\/radioljubuski.ba\/index.php\/2021\/06\/26\/biden-najavio-sigurnosnu-pomoc-afganistanu-i-nakon-povlacenja-trupa\/\" \/>\n<meta property=\"og:locale\" content=\"hr_HR\" \/>\n<meta property=\"og:type\" content=\"article\" \/>\n<meta property=\"og:title\" content=\"Biden najavio sigurnosnu pomo\u0107 Afganistanu i nakon povla\u010denja trupa - RADIO LJUBU\u0160KI\" \/>\n<meta property=\"og:description\" content=\"Ameri\u010dki predsjednik Joe Biden u petak je u Bijeloj ku\u0107i primio afganistanskog predsjednika A\u0161rafa Ganija i njegovog biv\u0161eg politi\u010dkog rivala Abdulaha Abdulaha, pozvav\u0161i Afganistance da odlu\u010de o budu\u0107nosti svoje dr\u017eave uo\u010di odlaska ameri\u010dke vojske iz te dr\u017eave nakon 20 godina te im poru\u010div\u0161i da \u0107e se ameri\u010dka sigurnosna pomo\u0107 nastaviti. Biden&nbsp;je&nbsp;Ganija&nbsp;i&nbsp;Abdullaha&nbsp;u Ovalnom uredu nazvao svojim [&hellip;]\" \/>\n<meta property=\"og:url\" content=\"https:\/\/radioljubuski.ba\/index.php\/2021\/06\/26\/biden-najavio-sigurnosnu-pomoc-afganistanu-i-nakon-povlacenja-trupa\/\" \/>\n<meta property=\"og:site_name\" content=\"RADIO LJUBU\u0160KI\" \/>\n<meta property=\"article:publisher\" content=\"https:\/\/www.facebook.com\/Radiio-Ljubuski-1490835324566332\" \/>\n<meta property=\"article:published_time\" content=\"2021-06-26T22:55:29+00:00\" \/>\n<meta property=\"article:modified_time\" content=\"2021-06-26T22:55:30+00:00\" \/>\n<meta property=\"og:image\" content=\"https:\/\/radioljubuski.ba\/wp-content\/uploads\/2021\/06\/2021-06-25t231043z-1824898011-rc2y7o99rec7-rtrmadp-3-usa-biden-20210626052922.jpg\" \/>\n\t<meta property=\"og:image:width\" content=\"1800\" \/>\n\t<meta property=\"og:image:height\" content=\"1200\" \/>\n\t<meta property=\"og:image:type\" content=\"image\/jpeg\" \/>\n<meta name=\"author\" content=\"Radio Ljubu\u0161ki\" \/>\n<meta name=\"twitter:card\" content=\"summary_large_image\" \/>\n<meta name=\"twitter:creator\" content=\"@radioljubuski\" \/>\n<meta name=\"twitter:site\" content=\"@radioljubuski\" \/>\n<meta name=\"twitter:label1\" content=\"Napisao\/la\" \/>\n\t<meta name=\"twitter:data1\" content=\"Radio Ljubu\u0161ki\" \/>\n\t<meta name=\"twitter:label2\" content=\"Procijenjeno vrijeme \u010ditanja\" \/>\n\t<meta name=\"twitter:data2\" content=\"2 minute\" \/>\n<script type=\"application\/ld+json\" class=\"yoast-schema-graph\">{\"@context\":\"https:\\\/\\\/schema.org\",\"@graph\":[{\"@type\":\"Article\",\"@id\":\"https:\\\/\\\/radioljubuski.ba\\\/index.php\\\/2021\\\/06\\\/26\\\/biden-najavio-sigurnosnu-pomoc-afganistanu-i-nakon-povlacenja-trupa\\\/#article\",\"isPartOf\":{\"@id\":\"https:\\\/\\\/radioljubuski.ba\\\/index.php\\\/2021\\\/06\\\/26\\\/biden-najavio-sigurnosnu-pomoc-afganistanu-i-nakon-povlacenja-trupa\\\/\"},\"author\":{\"name\":\"Radio Ljubu\u0161ki\",\"@id\":\"https:\\\/\\\/radioljubuski.ba\\\/#\\\/schema\\\/person\\\/19fc700381a780f69665d7956c469e3b\"},\"headline\":\"Biden najavio sigurnosnu pomo\u0107 Afganistanu i nakon povla\u010denja trupa\",\"datePublished\":\"2021-06-26T22:55:29+00:00\",\"dateModified\":\"2021-06-26T22:55:30+00:00\",\"mainEntityOfPage\":{\"@id\":\"https:\\\/\\\/radioljubuski.ba\\\/index.php\\\/2021\\\/06\\\/26\\\/biden-najavio-sigurnosnu-pomoc-afganistanu-i-nakon-povlacenja-trupa\\\/\"},\"wordCount\":369,\"publisher\":{\"@id\":\"https:\\\/\\\/radioljubuski.ba\\\/#organization\"},\"articleSection\":[\"BIH i regija\"],\"inLanguage\":\"hr\"},{\"@type\":\"WebPage\",\"@id\":\"https:\\\/\\\/radioljubuski.ba\\\/index.php\\\/2021\\\/06\\\/26\\\/biden-najavio-sigurnosnu-pomoc-afganistanu-i-nakon-povlacenja-trupa\\\/\",\"url\":\"https:\\\/\\\/radioljubuski.ba\\\/index.php\\\/2021\\\/06\\\/26\\\/biden-najavio-sigurnosnu-pomoc-afganistanu-i-nakon-povlacenja-trupa\\\/\",\"name\":\"Biden najavio sigurnosnu pomo\u0107 Afganistanu i nakon povla\u010denja trupa - RADIO LJUBU\u0160KI\",\"isPartOf\":{\"@id\":\"https:\\\/\\\/radioljubuski.ba\\\/#website\"},\"datePublished\":\"2021-06-26T22:55:29+00:00\",\"dateModified\":\"2021-06-26T22:55:30+00:00\",\"breadcrumb\":{\"@id\":\"https:\\\/\\\/radioljubuski.ba\\\/index.php\\\/2021\\\/06\\\/26\\\/biden-najavio-sigurnosnu-pomoc-afganistanu-i-nakon-povlacenja-trupa\\\/#breadcrumb\"},\"inLanguage\":\"hr\",\"potentialAction\":[{\"@type\":\"ReadAction\",\"target\":[\"https:\\\/\\\/radioljubuski.ba\\\/index.php\\\/2021\\\/06\\\/26\\\/biden-najavio-sigurnosnu-pomoc-afganistanu-i-nakon-povlacenja-trupa\\\/\"]}]},{\"@type\":\"BreadcrumbList\",\"@id\":\"https:\\\/\\\/radioljubuski.ba\\\/index.php\\\/2021\\\/06\\\/26\\\/biden-najavio-sigurnosnu-pomoc-afganistanu-i-nakon-povlacenja-trupa\\\/#breadcrumb\",\"itemListElement\":[{\"@type\":\"ListItem\",\"position\":1,\"name\":\"Po\u010detna stranica\",\"item\":\"https:\\\/\\\/radioljubuski.ba\\\/\"},{\"@type\":\"ListItem\",\"position\":2,\"name\":\"Biden najavio sigurnosnu pomo\u0107 Afganistanu i nakon povla\u010denja trupa\"}]},{\"@type\":\"WebSite\",\"@id\":\"https:\\\/\\\/radioljubuski.ba\\\/#website\",\"url\":\"https:\\\/\\\/radioljubuski.ba\\\/\",\"name\":\"Radio Ljubu\u0161ki\",\"description\":\"Sun\u010dana frekvencija Hercegovine\",\"publisher\":{\"@id\":\"https:\\\/\\\/radioljubuski.ba\\\/#organization\"},\"potentialAction\":[{\"@type\":\"SearchAction\",\"target\":{\"@type\":\"EntryPoint\",\"urlTemplate\":\"https:\\\/\\\/radioljubuski.ba\\\/?s={search_term_string}\"},\"query-input\":{\"@type\":\"PropertyValueSpecification\",\"valueRequired\":true,\"valueName\":\"search_term_string\"}}],\"inLanguage\":\"hr\"},{\"@type\":\"Organization\",\"@id\":\"https:\\\/\\\/radioljubuski.ba\\\/#organization\",\"name\":\"Radio Ljubu\u0161ki\",\"url\":\"https:\\\/\\\/radioljubuski.ba\\\/\",\"logo\":{\"@type\":\"ImageObject\",\"inLanguage\":\"hr\",\"@id\":\"https:\\\/\\\/radioljubuski.ba\\\/#\\\/schema\\\/logo\\\/image\\\/\",\"url\":\"https:\\\/\\\/radioljubuski.ba\\\/wp-content\\\/uploads\\\/2021\\\/02\\\/cropped-Radio_Ljubuski_logo1.jpg\",\"contentUrl\":\"https:\\\/\\\/radioljubuski.ba\\\/wp-content\\\/uploads\\\/2021\\\/02\\\/cropped-Radio_Ljubuski_logo1.jpg\",\"width\":512,\"height\":512,\"caption\":\"Radio Ljubu\u0161ki\"},\"image\":{\"@id\":\"https:\\\/\\\/radioljubuski.ba\\\/#\\\/schema\\\/logo\\\/image\\\/\"},\"sameAs\":[\"https:\\\/\\\/www.facebook.com\\\/Radiio-Ljubuski-1490835324566332\",\"https:\\\/\\\/x.com\\\/radioljubuski\",\"https:\\\/\\\/hr.linkedin.com\\\/company\\\/radio-ljubuski\",\"https:\\\/\\\/www.youtube.com\\\/channel\\\/UCHYaeO_n0Db3tjNGudGpXyw\"]},{\"@type\":\"Person\",\"@id\":\"https:\\\/\\\/radioljubuski.ba\\\/#\\\/schema\\\/person\\\/19fc700381a780f69665d7956c469e3b\",\"name\":\"Radio Ljubu\u0161ki\"}]}<\/script>\n<!-- \/ Yoast SEO plugin. -->","yoast_head_json":{"title":"Biden najavio sigurnosnu pomo\u0107 Afganistanu i nakon povla\u010denja trupa - RADIO LJUBU\u0160KI","robots":{"index":"index","follow":"follow","max-snippet":"max-snippet:-1","max-image-preview":"max-image-preview:large","max-video-preview":"max-video-preview:-1"},"canonical":"https:\/\/radioljubuski.ba\/index.php\/2021\/06\/26\/biden-najavio-sigurnosnu-pomoc-afganistanu-i-nakon-povlacenja-trupa\/","og_locale":"hr_HR","og_type":"article","og_title":"Biden najavio sigurnosnu pomo\u0107 Afganistanu i nakon povla\u010denja trupa - RADIO LJUBU\u0160KI","og_description":"Ameri\u010dki predsjednik Joe Biden u petak je u Bijeloj ku\u0107i primio afganistanskog predsjednika A\u0161rafa Ganija i njegovog biv\u0161eg politi\u010dkog rivala Abdulaha Abdulaha, pozvav\u0161i Afganistance da odlu\u010de o budu\u0107nosti svoje dr\u017eave uo\u010di odlaska ameri\u010dke vojske iz te dr\u017eave nakon 20 godina te im poru\u010div\u0161i da \u0107e se ameri\u010dka sigurnosna pomo\u0107 nastaviti. Biden&nbsp;je&nbsp;Ganija&nbsp;i&nbsp;Abdullaha&nbsp;u Ovalnom uredu nazvao svojim [&hellip;]","og_url":"https:\/\/radioljubuski.ba\/index.php\/2021\/06\/26\/biden-najavio-sigurnosnu-pomoc-afganistanu-i-nakon-povlacenja-trupa\/","og_site_name":"RADIO LJUBU\u0160KI","article_publisher":"https:\/\/www.facebook.com\/Radiio-Ljubuski-1490835324566332","article_published_time":"2021-06-26T22:55:29+00:00","article_modified_time":"2021-06-26T22:55:30+00:00","og_image":[{"width":1800,"height":1200,"url":"https:\/\/radioljubuski.ba\/wp-content\/uploads\/2021\/06\/2021-06-25t231043z-1824898011-rc2y7o99rec7-rtrmadp-3-usa-biden-20210626052922.jpg","type":"image\/jpeg"}],"author":"Radio Ljubu\u0161ki","twitter_card":"summary_large_image","twitter_creator":"@radioljubuski","twitter_site":"@radioljubuski","twitter_misc":{"Napisao\/la":"Radio Ljubu\u0161ki","Procijenjeno vrijeme \u010ditanja":"2 minute"},"schema":{"@context":"https:\/\/schema.org","@graph":[{"@type":"Article","@id":"https:\/\/radioljubuski.ba\/index.php\/2021\/06\/26\/biden-najavio-sigurnosnu-pomoc-afganistanu-i-nakon-povlacenja-trupa\/#article","isPartOf":{"@id":"https:\/\/radioljubuski.ba\/index.php\/2021\/06\/26\/biden-najavio-sigurnosnu-pomoc-afganistanu-i-nakon-povlacenja-trupa\/"},"author":{"name":"Radio Ljubu\u0161ki","@id":"https:\/\/radioljubuski.ba\/#\/schema\/person\/19fc700381a780f69665d7956c469e3b"},"headline":"Biden najavio sigurnosnu pomo\u0107 Afganistanu i nakon povla\u010denja trupa","datePublished":"2021-06-26T22:55:29+00:00","dateModified":"2021-06-26T22:55:30+00:00","mainEntityOfPage":{"@id":"https:\/\/radioljubuski.ba\/index.php\/2021\/06\/26\/biden-najavio-sigurnosnu-pomoc-afganistanu-i-nakon-povlacenja-trupa\/"},"wordCount":369,"publisher":{"@id":"https:\/\/radioljubuski.ba\/#organization"},"articleSection":["BIH i regija"],"inLanguage":"hr"},{"@type":"WebPage","@id":"https:\/\/radioljubuski.ba\/index.php\/2021\/06\/26\/biden-najavio-sigurnosnu-pomoc-afganistanu-i-nakon-povlacenja-trupa\/","url":"https:\/\/radioljubuski.ba\/index.php\/2021\/06\/26\/biden-najavio-sigurnosnu-pomoc-afganistanu-i-nakon-povlacenja-trupa\/","name":"Biden najavio sigurnosnu pomo\u0107 Afganistanu i nakon povla\u010denja trupa - RADIO LJUBU\u0160KI","isPartOf":{"@id":"https:\/\/radioljubuski.ba\/#website"},"datePublished":"2021-06-26T22:55:29+00:00","dateModified":"2021-06-26T22:55:30+00:00","breadcrumb":{"@id":"https:\/\/radioljubuski.ba\/index.php\/2021\/06\/26\/biden-najavio-sigurnosnu-pomoc-afganistanu-i-nakon-povlacenja-trupa\/#breadcrumb"},"inLanguage":"hr","potentialAction":[{"@type":"ReadAction","target":["https:\/\/radioljubuski.ba\/index.php\/2021\/06\/26\/biden-najavio-sigurnosnu-pomoc-afganistanu-i-nakon-povlacenja-trupa\/"]}]},{"@type":"BreadcrumbList","@id":"https:\/\/radioljubuski.ba\/index.php\/2021\/06\/26\/biden-najavio-sigurnosnu-pomoc-afganistanu-i-nakon-povlacenja-trupa\/#breadcrumb","itemListElement":[{"@type":"ListItem","position":1,"name":"Po\u010detna stranica","item":"https:\/\/radioljubuski.ba\/"},{"@type":"ListItem","position":2,"name":"Biden najavio sigurnosnu pomo\u0107 Afganistanu i nakon povla\u010denja trupa"}]},{"@type":"WebSite","@id":"https:\/\/radioljubuski.ba\/#website","url":"https:\/\/radioljubuski.ba\/","name":"Radio Ljubu\u0161ki","description":"Sun\u010dana frekvencija Hercegovine","publisher":{"@id":"https:\/\/radioljubuski.ba\/#organization"},"potentialAction":[{"@type":"SearchAction","target":{"@type":"EntryPoint","urlTemplate":"https:\/\/radioljubuski.ba\/?s={search_term_string}"},"query-input":{"@type":"PropertyValueSpecification","valueRequired":true,"valueName":"search_term_string"}}],"inLanguage":"hr"},{"@type":"Organization","@id":"https:\/\/radioljubuski.ba\/#organization","name":"Radio Ljubu\u0161ki","url":"https:\/\/radioljubuski.ba\/","logo":{"@type":"ImageObject","inLanguage":"hr","@id":"https:\/\/radioljubuski.ba\/#\/schema\/logo\/image\/","url":"https:\/\/radioljubuski.ba\/wp-content\/uploads\/2021\/02\/cropped-Radio_Ljubuski_logo1.jpg","contentUrl":"https:\/\/radioljubuski.ba\/wp-content\/uploads\/2021\/02\/cropped-Radio_Ljubuski_logo1.jpg","width":512,"height":512,"caption":"Radio Ljubu\u0161ki"},"image":{"@id":"https:\/\/radioljubuski.ba\/#\/schema\/logo\/image\/"},"sameAs":["https:\/\/www.facebook.com\/Radiio-Ljubuski-1490835324566332","https:\/\/x.com\/radioljubuski","https:\/\/hr.linkedin.com\/company\/radio-ljubuski","https:\/\/www.youtube.com\/channel\/UCHYaeO_n0Db3tjNGudGpXyw"]},{"@type":"Person","@id":"https:\/\/radioljubuski.ba\/#\/schema\/person\/19fc700381a780f69665d7956c469e3b","name":"Radio Ljubu\u0161ki"}]}},"_links":{"self":[{"href":"https:\/\/radioljubuski.ba\/index.php\/wp-json\/wp\/v2\/posts\/36194","targetHints":{"allow":["GET"]}}],"collection":[{"href":"https:\/\/radioljubuski.ba\/index.php\/wp-json\/wp\/v2\/posts"}],"about":[{"href":"https:\/\/radioljubuski.ba\/index.php\/wp-json\/wp\/v2\/types\/post"}],"author":[{"embeddable":true,"href":"https:\/\/radioljubuski.ba\/index.php\/wp-json\/wp\/v2\/users\/2"}],"replies":[{"embeddable":true,"href":"https:\/\/radioljubuski.ba\/index.php\/wp-json\/wp\/v2\/comments?post=36194"}],"version-history":[{"count":1,"href":"https:\/\/radioljubuski.ba\/index.php\/wp-json\/wp\/v2\/posts\/36194\/revisions"}],"predecessor-version":[{"id":36196,"href":"https:\/\/radioljubuski.ba\/index.php\/wp-json\/wp\/v2\/posts\/36194\/revisions\/36196"}],"wp:attachment":[{"href":"https:\/\/radioljubuski.ba\/index.php\/wp-json\/wp\/v2\/media?parent=36194"}],"wp:term":[{"taxonomy":"category","embeddable":true,"href":"https:\/\/radioljubuski.ba\/index.php\/wp-json\/wp\/v2\/categories?post=36194"},{"taxonomy":"post_tag","embeddable":true,"href":"https:\/\/radioljubuski.ba\/index.php\/wp-json\/wp\/v2\/tags?post=36194"}],"curies":[{"name":"wp","href":"https:\/\/api.w.org\/{rel}","templated":true}]}}