{"id":36200,"date":"2021-06-26T23:58:19","date_gmt":"2021-06-26T22:58:19","guid":{"rendered":"https:\/\/radioljubuski.ba\/?p=36200"},"modified":"2021-06-26T23:58:20","modified_gmt":"2021-06-26T22:58:20","slug":"vlada-sad-a-o-izvanzemaljcima-nema-dokaza-ali-neki-fenomeni-neobjasnjivi","status":"publish","type":"post","link":"https:\/\/radioljubuski.ba\/index.php\/2021\/06\/26\/vlada-sad-a-o-izvanzemaljcima-nema-dokaza-ali-neki-fenomeni-neobjasnjivi\/","title":{"rendered":"Vlada SAD-a o izvanzemaljcima: Nema dokaza, ali neki fenomeni neobja\u0161njivi"},"content":{"rendered":"\n<p><strong>Ameri\u010dka vlada objavila je u petak u vrlo o\u010dekivanom izvje\u0161\u0107u da nema dokaza o postojanju izvanzemaljaca, ali istodobno priznaju\u0107i da su deseci fenomena o kojima su se osvjedo\u010dili vojni piloti neobja\u0161njivi.<\/strong><\/p>\n\n\n\n<p>U velikom izvje\u0161\u0107u ameri\u010dke vlade o UAP-u, kako danas naziva ono \u0161to je nekad bio NLO, tvrdi se da analiti\u010darima vojne i obavje\u0161tajne struke nedostaju dokazi da bi objasnili fenomen misterioznih lete\u0107ih objekata, odnosno jesu li oni napredne zemaljske tehnologije, atmosferska zbivanja ili izvanzemaljske prirode.<br><br>Izvje\u0161\u0107e, podneseno Kongresu i objavljeno javnosti, obuhva\u0107a 144 zapa\u017eanja o onome \u0161to vlada slu\u017ebeno naziva &#8220;neidentificiranim zra\u010dnim fenomenom&#8221; ili UAP, a datira od 2004. godine. Izvje\u0161\u0107e je objavio Ured ravnatelja Nacionalne obavje\u0161tajne slu\u017ebe u suradnji s radnom skupinom UAP-a pod vodstvom ameri\u010dke mornarice.<br><br>&#8211; UAP jasno predstavlja pitanje sigurnosti leta i mo\u017ee predstavljati izazov ameri\u010dkoj nacionalnoj sigurnosti, navodi se u izvje\u0161\u0107u, dodaju\u0107i da pojavama &#8220;vjerojatno nedostaje jedinstveno obja\u0161njenje&#8221;. U ograni\u010denom broju incidenata, navodno se \u010dini da UAP pokazuje neobi\u010dne karakteristike leta. Ta su opa\u017eanja mogla biti rezultat pogre\u0161aka senzora, podvale ili pogre\u0161ne percepcije promatra\u010da i zahtijevaju dodatnu rigoroznu analizu, dodaje se.<br><br>Izvje\u0161taj uklju\u010duje neke slu\u010dajeve UAP-a koji su ranije iza\u0161li na vidjelo u Pentagonovoj objavi videozapisa ameri\u010dke mornarice koji pokazuju zagonetne zrakoplove na isto\u010dnoj i zapadnoj obali SAD-a koji pokazuju brzinu i upravljivost koja prelazi poznate zrakoplovne tehnologije i nedostaju vidljiva sredstva za pogon.<br><br>Visoki ameri\u010dki du\u017enosnik, upitan o mogu\u0107nosti izvanzemaljskih obja\u0161njenja, rekao je da to nije svrha radne skupine, koja bi procijenila bilo kakvu potragu za izvanzemaljskim \u017eivotom.<br><br>&#8211; To nije ono za \u0161to smo nadle\u017eni. Za 144 izvje\u0161\u0107a o kojima je rije\u010d, nemamo jasne naznake da za njih postoji neko izvanzemaljsko obja\u0161njenje &#8211; ali i\u0107i \u0107emo u smjeru kamo god nas podaci odvedu, dodao je du\u017enosnik.<br><br>Izvje\u0161\u0107e je uspostavilo pet potencijalnih kategorija obja\u0161njenja a gotovo svi slu\u010dajevi su neobja\u0161njivi i podlije\u017eu daljnjim analizama, rekli su ameri\u010dki du\u017enosnici koji su \u017eeljeli ostati anonimni, tijekom brifinga novinarima govore\u0107i o nalazima izvje\u0161\u0107a. Me\u0111u kategorijama su, primjerice, prirodni atmosferski fenomeni i strani sustavi, ali postoji i kategorija &#8220;ostalo&#8221;. Za sve slu\u010dajeve osim jednog, dakle njih 143, vlada jo\u0161 nije donijela odluku o tome je li vi\u0111eno moglo biti izvanzemaljskog podrijetla, rekli su du\u017enosnici.<br><br>&#8211; Od podataka kojima raspola\u017eemo, nemamo jasnih naznaka da je bilo koji od ovih neidentificiranih zra\u010dnih pojava dio stranog (obavje\u0161tajnog) programa prikupljanja, a nemamo ni jasne podatke koji ukazuju na veliki tehnolo\u0161ki napredak potencijalnog protivnika, rekao je visoki du\u017enosnik.<br><br>Vlada je zadnjih godina usvojila UAP kao svoj omiljeni izraz za ono \u0161to su ina\u010de poznati kao &#8220;neidentificirani lete\u0107i objekti&#8221; ili NLO, dugo povezivani s pojmom izvanzemaljskih letjelica. Izvje\u0161\u0107e je naru\u010dio Kongres kao dio \u0161ireg obavje\u0161tajnog zakonodavstva koji je u prosincu potpisao biv\u0161i predsjednik<strong>&nbsp;Donald Trump<\/strong>. Senator&nbsp;<strong>Marco Rubio<\/strong>&nbsp;bio je klju\u010dan za njegovo naru\u010divanje.<br><br>&#8211; Godinama su mu\u0161karci i \u017eene kojima vjerujemo da \u0107e braniti na\u0161u zemlju izvje\u0161\u0107ivali o susretima s neidentificiranim letjelicama koje su imale superiorne sposobnosti, a godinama su njihove sumnje \u010desto ignorirane i ismijavane, rekao je Rubio. Ovo je izvje\u0161\u0107e va\u017ean prvi korak u katalogizaciji ovih incidenata, ali to je samo prvi korak, naglasio je.<\/p>\n\n\n\n<p>Izvor:hrt.hr<\/p>\n","protected":false},"excerpt":{"rendered":"<p>Ameri\u010dka vlada objavila je u petak u vrlo o\u010dekivanom izvje\u0161\u0107u da nema dokaza o postojanju izvanzemaljaca, ali istodobno priznaju\u0107i da su deseci fenomena o kojima su se osvjedo\u010dili vojni piloti neobja\u0161njivi. U velikom izvje\u0161\u0107u ameri\u010dke vlade o UAP-u, kako danas naziva ono \u0161to je nekad bio NLO, tvrdi se da analiti\u010darima vojne i obavje\u0161tajne struke [&hellip;]<\/p>\n","protected":false},"author":2,"featured_media":36201,"comment_status":"closed","ping_status":"closed","sticky":false,"template":"","format":"standard","meta":{"h5ap_radio_sources":[],"footnotes":""},"categories":[1],"tags":[],"class_list":["post-36200","post","type-post","status-publish","format-standard","has-post-thumbnail","hentry","category-bihiregija"],"yoast_head":"<!-- This site is optimized with the Yoast SEO plugin v27.5 - https:\/\/yoast.com\/product\/yoast-seo-wordpress\/ -->\n<title>Vlada SAD-a o izvanzemaljcima: Nema dokaza, ali neki fenomeni neobja\u0161njivi - RADIO LJUBU\u0160KI<\/title>\n<meta name=\"robots\" content=\"index, follow, max-snippet:-1, max-image-preview:large, max-video-preview:-1\" \/>\n<link rel=\"canonical\" href=\"https:\/\/radioljubuski.ba\/index.php\/2021\/06\/26\/vlada-sad-a-o-izvanzemaljcima-nema-dokaza-ali-neki-fenomeni-neobjasnjivi\/\" \/>\n<meta property=\"og:locale\" content=\"hr_HR\" \/>\n<meta property=\"og:type\" content=\"article\" \/>\n<meta property=\"og:title\" content=\"Vlada SAD-a o izvanzemaljcima: Nema dokaza, ali neki fenomeni neobja\u0161njivi - RADIO LJUBU\u0160KI\" \/>\n<meta property=\"og:description\" content=\"Ameri\u010dka vlada objavila je u petak u vrlo o\u010dekivanom izvje\u0161\u0107u da nema dokaza o postojanju izvanzemaljaca, ali istodobno priznaju\u0107i da su deseci fenomena o kojima su se osvjedo\u010dili vojni piloti neobja\u0161njivi. U velikom izvje\u0161\u0107u ameri\u010dke vlade o UAP-u, kako danas naziva ono \u0161to je nekad bio NLO, tvrdi se da analiti\u010darima vojne i obavje\u0161tajne struke [&hellip;]\" \/>\n<meta property=\"og:url\" content=\"https:\/\/radioljubuski.ba\/index.php\/2021\/06\/26\/vlada-sad-a-o-izvanzemaljcima-nema-dokaza-ali-neki-fenomeni-neobjasnjivi\/\" \/>\n<meta property=\"og:site_name\" content=\"RADIO LJUBU\u0160KI\" \/>\n<meta property=\"article:publisher\" content=\"https:\/\/www.facebook.com\/Radiio-Ljubuski-1490835324566332\" \/>\n<meta property=\"article:published_time\" content=\"2021-06-26T22:58:19+00:00\" \/>\n<meta property=\"article:modified_time\" content=\"2021-06-26T22:58:20+00:00\" \/>\n<meta property=\"og:image\" content=\"https:\/\/radioljubuski.ba\/wp-content\/uploads\/2021\/06\/ufo-2624701_1280.jpg\" \/>\n\t<meta property=\"og:image:width\" content=\"1280\" \/>\n\t<meta property=\"og:image:height\" content=\"914\" \/>\n\t<meta property=\"og:image:type\" content=\"image\/jpeg\" \/>\n<meta name=\"author\" content=\"Radio Ljubu\u0161ki\" \/>\n<meta name=\"twitter:card\" content=\"summary_large_image\" \/>\n<meta name=\"twitter:creator\" content=\"@radioljubuski\" \/>\n<meta name=\"twitter:site\" content=\"@radioljubuski\" \/>\n<meta name=\"twitter:label1\" content=\"Napisao\/la\" \/>\n\t<meta name=\"twitter:data1\" content=\"Radio Ljubu\u0161ki\" \/>\n\t<meta name=\"twitter:label2\" content=\"Procijenjeno vrijeme \u010ditanja\" \/>\n\t<meta name=\"twitter:data2\" content=\"3 minute\" \/>\n<script type=\"application\/ld+json\" class=\"yoast-schema-graph\">{\"@context\":\"https:\\\/\\\/schema.org\",\"@graph\":[{\"@type\":\"Article\",\"@id\":\"https:\\\/\\\/radioljubuski.ba\\\/index.php\\\/2021\\\/06\\\/26\\\/vlada-sad-a-o-izvanzemaljcima-nema-dokaza-ali-neki-fenomeni-neobjasnjivi\\\/#article\",\"isPartOf\":{\"@id\":\"https:\\\/\\\/radioljubuski.ba\\\/index.php\\\/2021\\\/06\\\/26\\\/vlada-sad-a-o-izvanzemaljcima-nema-dokaza-ali-neki-fenomeni-neobjasnjivi\\\/\"},\"author\":{\"name\":\"Radio Ljubu\u0161ki\",\"@id\":\"https:\\\/\\\/radioljubuski.ba\\\/#\\\/schema\\\/person\\\/19fc700381a780f69665d7956c469e3b\"},\"headline\":\"Vlada SAD-a o izvanzemaljcima: Nema dokaza, ali neki fenomeni neobja\u0161njivi\",\"datePublished\":\"2021-06-26T22:58:19+00:00\",\"dateModified\":\"2021-06-26T22:58:20+00:00\",\"mainEntityOfPage\":{\"@id\":\"https:\\\/\\\/radioljubuski.ba\\\/index.php\\\/2021\\\/06\\\/26\\\/vlada-sad-a-o-izvanzemaljcima-nema-dokaza-ali-neki-fenomeni-neobjasnjivi\\\/\"},\"wordCount\":595,\"publisher\":{\"@id\":\"https:\\\/\\\/radioljubuski.ba\\\/#organization\"},\"image\":{\"@id\":\"https:\\\/\\\/radioljubuski.ba\\\/index.php\\\/2021\\\/06\\\/26\\\/vlada-sad-a-o-izvanzemaljcima-nema-dokaza-ali-neki-fenomeni-neobjasnjivi\\\/#primaryimage\"},\"thumbnailUrl\":\"https:\\\/\\\/radioljubuski.ba\\\/wp-content\\\/uploads\\\/2021\\\/06\\\/ufo-2624701_1280.jpg\",\"articleSection\":[\"BIH i regija\"],\"inLanguage\":\"hr\"},{\"@type\":\"WebPage\",\"@id\":\"https:\\\/\\\/radioljubuski.ba\\\/index.php\\\/2021\\\/06\\\/26\\\/vlada-sad-a-o-izvanzemaljcima-nema-dokaza-ali-neki-fenomeni-neobjasnjivi\\\/\",\"url\":\"https:\\\/\\\/radioljubuski.ba\\\/index.php\\\/2021\\\/06\\\/26\\\/vlada-sad-a-o-izvanzemaljcima-nema-dokaza-ali-neki-fenomeni-neobjasnjivi\\\/\",\"name\":\"Vlada SAD-a o izvanzemaljcima: Nema dokaza, ali neki fenomeni neobja\u0161njivi - RADIO LJUBU\u0160KI\",\"isPartOf\":{\"@id\":\"https:\\\/\\\/radioljubuski.ba\\\/#website\"},\"primaryImageOfPage\":{\"@id\":\"https:\\\/\\\/radioljubuski.ba\\\/index.php\\\/2021\\\/06\\\/26\\\/vlada-sad-a-o-izvanzemaljcima-nema-dokaza-ali-neki-fenomeni-neobjasnjivi\\\/#primaryimage\"},\"image\":{\"@id\":\"https:\\\/\\\/radioljubuski.ba\\\/index.php\\\/2021\\\/06\\\/26\\\/vlada-sad-a-o-izvanzemaljcima-nema-dokaza-ali-neki-fenomeni-neobjasnjivi\\\/#primaryimage\"},\"thumbnailUrl\":\"https:\\\/\\\/radioljubuski.ba\\\/wp-content\\\/uploads\\\/2021\\\/06\\\/ufo-2624701_1280.jpg\",\"datePublished\":\"2021-06-26T22:58:19+00:00\",\"dateModified\":\"2021-06-26T22:58:20+00:00\",\"breadcrumb\":{\"@id\":\"https:\\\/\\\/radioljubuski.ba\\\/index.php\\\/2021\\\/06\\\/26\\\/vlada-sad-a-o-izvanzemaljcima-nema-dokaza-ali-neki-fenomeni-neobjasnjivi\\\/#breadcrumb\"},\"inLanguage\":\"hr\",\"potentialAction\":[{\"@type\":\"ReadAction\",\"target\":[\"https:\\\/\\\/radioljubuski.ba\\\/index.php\\\/2021\\\/06\\\/26\\\/vlada-sad-a-o-izvanzemaljcima-nema-dokaza-ali-neki-fenomeni-neobjasnjivi\\\/\"]}]},{\"@type\":\"ImageObject\",\"inLanguage\":\"hr\",\"@id\":\"https:\\\/\\\/radioljubuski.ba\\\/index.php\\\/2021\\\/06\\\/26\\\/vlada-sad-a-o-izvanzemaljcima-nema-dokaza-ali-neki-fenomeni-neobjasnjivi\\\/#primaryimage\",\"url\":\"https:\\\/\\\/radioljubuski.ba\\\/wp-content\\\/uploads\\\/2021\\\/06\\\/ufo-2624701_1280.jpg\",\"contentUrl\":\"https:\\\/\\\/radioljubuski.ba\\\/wp-content\\\/uploads\\\/2021\\\/06\\\/ufo-2624701_1280.jpg\",\"width\":1280,\"height\":914},{\"@type\":\"BreadcrumbList\",\"@id\":\"https:\\\/\\\/radioljubuski.ba\\\/index.php\\\/2021\\\/06\\\/26\\\/vlada-sad-a-o-izvanzemaljcima-nema-dokaza-ali-neki-fenomeni-neobjasnjivi\\\/#breadcrumb\",\"itemListElement\":[{\"@type\":\"ListItem\",\"position\":1,\"name\":\"Po\u010detna stranica\",\"item\":\"https:\\\/\\\/radioljubuski.ba\\\/\"},{\"@type\":\"ListItem\",\"position\":2,\"name\":\"Vlada SAD-a o izvanzemaljcima: Nema dokaza, ali neki fenomeni neobja\u0161njivi\"}]},{\"@type\":\"WebSite\",\"@id\":\"https:\\\/\\\/radioljubuski.ba\\\/#website\",\"url\":\"https:\\\/\\\/radioljubuski.ba\\\/\",\"name\":\"Radio Ljubu\u0161ki\",\"description\":\"Sun\u010dana frekvencija Hercegovine\",\"publisher\":{\"@id\":\"https:\\\/\\\/radioljubuski.ba\\\/#organization\"},\"potentialAction\":[{\"@type\":\"SearchAction\",\"target\":{\"@type\":\"EntryPoint\",\"urlTemplate\":\"https:\\\/\\\/radioljubuski.ba\\\/?s={search_term_string}\"},\"query-input\":{\"@type\":\"PropertyValueSpecification\",\"valueRequired\":true,\"valueName\":\"search_term_string\"}}],\"inLanguage\":\"hr\"},{\"@type\":\"Organization\",\"@id\":\"https:\\\/\\\/radioljubuski.ba\\\/#organization\",\"name\":\"Radio Ljubu\u0161ki\",\"url\":\"https:\\\/\\\/radioljubuski.ba\\\/\",\"logo\":{\"@type\":\"ImageObject\",\"inLanguage\":\"hr\",\"@id\":\"https:\\\/\\\/radioljubuski.ba\\\/#\\\/schema\\\/logo\\\/image\\\/\",\"url\":\"https:\\\/\\\/radioljubuski.ba\\\/wp-content\\\/uploads\\\/2021\\\/02\\\/cropped-Radio_Ljubuski_logo1.jpg\",\"contentUrl\":\"https:\\\/\\\/radioljubuski.ba\\\/wp-content\\\/uploads\\\/2021\\\/02\\\/cropped-Radio_Ljubuski_logo1.jpg\",\"width\":512,\"height\":512,\"caption\":\"Radio Ljubu\u0161ki\"},\"image\":{\"@id\":\"https:\\\/\\\/radioljubuski.ba\\\/#\\\/schema\\\/logo\\\/image\\\/\"},\"sameAs\":[\"https:\\\/\\\/www.facebook.com\\\/Radiio-Ljubuski-1490835324566332\",\"https:\\\/\\\/x.com\\\/radioljubuski\",\"https:\\\/\\\/hr.linkedin.com\\\/company\\\/radio-ljubuski\",\"https:\\\/\\\/www.youtube.com\\\/channel\\\/UCHYaeO_n0Db3tjNGudGpXyw\"]},{\"@type\":\"Person\",\"@id\":\"https:\\\/\\\/radioljubuski.ba\\\/#\\\/schema\\\/person\\\/19fc700381a780f69665d7956c469e3b\",\"name\":\"Radio Ljubu\u0161ki\"}]}<\/script>\n<!-- \/ Yoast SEO plugin. -->","yoast_head_json":{"title":"Vlada SAD-a o izvanzemaljcima: Nema dokaza, ali neki fenomeni neobja\u0161njivi - RADIO LJUBU\u0160KI","robots":{"index":"index","follow":"follow","max-snippet":"max-snippet:-1","max-image-preview":"max-image-preview:large","max-video-preview":"max-video-preview:-1"},"canonical":"https:\/\/radioljubuski.ba\/index.php\/2021\/06\/26\/vlada-sad-a-o-izvanzemaljcima-nema-dokaza-ali-neki-fenomeni-neobjasnjivi\/","og_locale":"hr_HR","og_type":"article","og_title":"Vlada SAD-a o izvanzemaljcima: Nema dokaza, ali neki fenomeni neobja\u0161njivi - RADIO LJUBU\u0160KI","og_description":"Ameri\u010dka vlada objavila je u petak u vrlo o\u010dekivanom izvje\u0161\u0107u da nema dokaza o postojanju izvanzemaljaca, ali istodobno priznaju\u0107i da su deseci fenomena o kojima su se osvjedo\u010dili vojni piloti neobja\u0161njivi. U velikom izvje\u0161\u0107u ameri\u010dke vlade o UAP-u, kako danas naziva ono \u0161to je nekad bio NLO, tvrdi se da analiti\u010darima vojne i obavje\u0161tajne struke [&hellip;]","og_url":"https:\/\/radioljubuski.ba\/index.php\/2021\/06\/26\/vlada-sad-a-o-izvanzemaljcima-nema-dokaza-ali-neki-fenomeni-neobjasnjivi\/","og_site_name":"RADIO LJUBU\u0160KI","article_publisher":"https:\/\/www.facebook.com\/Radiio-Ljubuski-1490835324566332","article_published_time":"2021-06-26T22:58:19+00:00","article_modified_time":"2021-06-26T22:58:20+00:00","og_image":[{"width":1280,"height":914,"url":"https:\/\/radioljubuski.ba\/wp-content\/uploads\/2021\/06\/ufo-2624701_1280.jpg","type":"image\/jpeg"}],"author":"Radio Ljubu\u0161ki","twitter_card":"summary_large_image","twitter_creator":"@radioljubuski","twitter_site":"@radioljubuski","twitter_misc":{"Napisao\/la":"Radio Ljubu\u0161ki","Procijenjeno vrijeme \u010ditanja":"3 minute"},"schema":{"@context":"https:\/\/schema.org","@graph":[{"@type":"Article","@id":"https:\/\/radioljubuski.ba\/index.php\/2021\/06\/26\/vlada-sad-a-o-izvanzemaljcima-nema-dokaza-ali-neki-fenomeni-neobjasnjivi\/#article","isPartOf":{"@id":"https:\/\/radioljubuski.ba\/index.php\/2021\/06\/26\/vlada-sad-a-o-izvanzemaljcima-nema-dokaza-ali-neki-fenomeni-neobjasnjivi\/"},"author":{"name":"Radio Ljubu\u0161ki","@id":"https:\/\/radioljubuski.ba\/#\/schema\/person\/19fc700381a780f69665d7956c469e3b"},"headline":"Vlada SAD-a o izvanzemaljcima: Nema dokaza, ali neki fenomeni neobja\u0161njivi","datePublished":"2021-06-26T22:58:19+00:00","dateModified":"2021-06-26T22:58:20+00:00","mainEntityOfPage":{"@id":"https:\/\/radioljubuski.ba\/index.php\/2021\/06\/26\/vlada-sad-a-o-izvanzemaljcima-nema-dokaza-ali-neki-fenomeni-neobjasnjivi\/"},"wordCount":595,"publisher":{"@id":"https:\/\/radioljubuski.ba\/#organization"},"image":{"@id":"https:\/\/radioljubuski.ba\/index.php\/2021\/06\/26\/vlada-sad-a-o-izvanzemaljcima-nema-dokaza-ali-neki-fenomeni-neobjasnjivi\/#primaryimage"},"thumbnailUrl":"https:\/\/radioljubuski.ba\/wp-content\/uploads\/2021\/06\/ufo-2624701_1280.jpg","articleSection":["BIH i regija"],"inLanguage":"hr"},{"@type":"WebPage","@id":"https:\/\/radioljubuski.ba\/index.php\/2021\/06\/26\/vlada-sad-a-o-izvanzemaljcima-nema-dokaza-ali-neki-fenomeni-neobjasnjivi\/","url":"https:\/\/radioljubuski.ba\/index.php\/2021\/06\/26\/vlada-sad-a-o-izvanzemaljcima-nema-dokaza-ali-neki-fenomeni-neobjasnjivi\/","name":"Vlada SAD-a o izvanzemaljcima: Nema dokaza, ali neki fenomeni neobja\u0161njivi - RADIO LJUBU\u0160KI","isPartOf":{"@id":"https:\/\/radioljubuski.ba\/#website"},"primaryImageOfPage":{"@id":"https:\/\/radioljubuski.ba\/index.php\/2021\/06\/26\/vlada-sad-a-o-izvanzemaljcima-nema-dokaza-ali-neki-fenomeni-neobjasnjivi\/#primaryimage"},"image":{"@id":"https:\/\/radioljubuski.ba\/index.php\/2021\/06\/26\/vlada-sad-a-o-izvanzemaljcima-nema-dokaza-ali-neki-fenomeni-neobjasnjivi\/#primaryimage"},"thumbnailUrl":"https:\/\/radioljubuski.ba\/wp-content\/uploads\/2021\/06\/ufo-2624701_1280.jpg","datePublished":"2021-06-26T22:58:19+00:00","dateModified":"2021-06-26T22:58:20+00:00","breadcrumb":{"@id":"https:\/\/radioljubuski.ba\/index.php\/2021\/06\/26\/vlada-sad-a-o-izvanzemaljcima-nema-dokaza-ali-neki-fenomeni-neobjasnjivi\/#breadcrumb"},"inLanguage":"hr","potentialAction":[{"@type":"ReadAction","target":["https:\/\/radioljubuski.ba\/index.php\/2021\/06\/26\/vlada-sad-a-o-izvanzemaljcima-nema-dokaza-ali-neki-fenomeni-neobjasnjivi\/"]}]},{"@type":"ImageObject","inLanguage":"hr","@id":"https:\/\/radioljubuski.ba\/index.php\/2021\/06\/26\/vlada-sad-a-o-izvanzemaljcima-nema-dokaza-ali-neki-fenomeni-neobjasnjivi\/#primaryimage","url":"https:\/\/radioljubuski.ba\/wp-content\/uploads\/2021\/06\/ufo-2624701_1280.jpg","contentUrl":"https:\/\/radioljubuski.ba\/wp-content\/uploads\/2021\/06\/ufo-2624701_1280.jpg","width":1280,"height":914},{"@type":"BreadcrumbList","@id":"https:\/\/radioljubuski.ba\/index.php\/2021\/06\/26\/vlada-sad-a-o-izvanzemaljcima-nema-dokaza-ali-neki-fenomeni-neobjasnjivi\/#breadcrumb","itemListElement":[{"@type":"ListItem","position":1,"name":"Po\u010detna stranica","item":"https:\/\/radioljubuski.ba\/"},{"@type":"ListItem","position":2,"name":"Vlada SAD-a o izvanzemaljcima: Nema dokaza, ali neki fenomeni neobja\u0161njivi"}]},{"@type":"WebSite","@id":"https:\/\/radioljubuski.ba\/#website","url":"https:\/\/radioljubuski.ba\/","name":"Radio Ljubu\u0161ki","description":"Sun\u010dana frekvencija Hercegovine","publisher":{"@id":"https:\/\/radioljubuski.ba\/#organization"},"potentialAction":[{"@type":"SearchAction","target":{"@type":"EntryPoint","urlTemplate":"https:\/\/radioljubuski.ba\/?s={search_term_string}"},"query-input":{"@type":"PropertyValueSpecification","valueRequired":true,"valueName":"search_term_string"}}],"inLanguage":"hr"},{"@type":"Organization","@id":"https:\/\/radioljubuski.ba\/#organization","name":"Radio Ljubu\u0161ki","url":"https:\/\/radioljubuski.ba\/","logo":{"@type":"ImageObject","inLanguage":"hr","@id":"https:\/\/radioljubuski.ba\/#\/schema\/logo\/image\/","url":"https:\/\/radioljubuski.ba\/wp-content\/uploads\/2021\/02\/cropped-Radio_Ljubuski_logo1.jpg","contentUrl":"https:\/\/radioljubuski.ba\/wp-content\/uploads\/2021\/02\/cropped-Radio_Ljubuski_logo1.jpg","width":512,"height":512,"caption":"Radio Ljubu\u0161ki"},"image":{"@id":"https:\/\/radioljubuski.ba\/#\/schema\/logo\/image\/"},"sameAs":["https:\/\/www.facebook.com\/Radiio-Ljubuski-1490835324566332","https:\/\/x.com\/radioljubuski","https:\/\/hr.linkedin.com\/company\/radio-ljubuski","https:\/\/www.youtube.com\/channel\/UCHYaeO_n0Db3tjNGudGpXyw"]},{"@type":"Person","@id":"https:\/\/radioljubuski.ba\/#\/schema\/person\/19fc700381a780f69665d7956c469e3b","name":"Radio Ljubu\u0161ki"}]}},"_links":{"self":[{"href":"https:\/\/radioljubuski.ba\/index.php\/wp-json\/wp\/v2\/posts\/36200","targetHints":{"allow":["GET"]}}],"collection":[{"href":"https:\/\/radioljubuski.ba\/index.php\/wp-json\/wp\/v2\/posts"}],"about":[{"href":"https:\/\/radioljubuski.ba\/index.php\/wp-json\/wp\/v2\/types\/post"}],"author":[{"embeddable":true,"href":"https:\/\/radioljubuski.ba\/index.php\/wp-json\/wp\/v2\/users\/2"}],"replies":[{"embeddable":true,"href":"https:\/\/radioljubuski.ba\/index.php\/wp-json\/wp\/v2\/comments?post=36200"}],"version-history":[{"count":1,"href":"https:\/\/radioljubuski.ba\/index.php\/wp-json\/wp\/v2\/posts\/36200\/revisions"}],"predecessor-version":[{"id":36202,"href":"https:\/\/radioljubuski.ba\/index.php\/wp-json\/wp\/v2\/posts\/36200\/revisions\/36202"}],"wp:featuredmedia":[{"embeddable":true,"href":"https:\/\/radioljubuski.ba\/index.php\/wp-json\/wp\/v2\/media\/36201"}],"wp:attachment":[{"href":"https:\/\/radioljubuski.ba\/index.php\/wp-json\/wp\/v2\/media?parent=36200"}],"wp:term":[{"taxonomy":"category","embeddable":true,"href":"https:\/\/radioljubuski.ba\/index.php\/wp-json\/wp\/v2\/categories?post=36200"},{"taxonomy":"post_tag","embeddable":true,"href":"https:\/\/radioljubuski.ba\/index.php\/wp-json\/wp\/v2\/tags?post=36200"}],"curies":[{"name":"wp","href":"https:\/\/api.w.org\/{rel}","templated":true}]}}