{"id":36205,"date":"2021-06-27T00:01:52","date_gmt":"2021-06-26T23:01:52","guid":{"rendered":"https:\/\/radioljubuski.ba\/?p=36205"},"modified":"2021-06-27T00:01:53","modified_gmt":"2021-06-26T23:01:53","slug":"sdp-bih-nakon-glasanja-u-ep-u-nazvao-sdp-rh-i-milanovica-desnicarima","status":"publish","type":"post","link":"https:\/\/radioljubuski.ba\/index.php\/2021\/06\/27\/sdp-bih-nakon-glasanja-u-ep-u-nazvao-sdp-rh-i-milanovica-desnicarima\/","title":{"rendered":"SDP BiH nakon glasanja u EP-u nazvao SDP RH i Milanovi\u0107a desni\u010darima"},"content":{"rendered":"\n<p><strong>SDP BiH nazvao je SDP Hrvatske i predsjednika Zorana Milanovi\u0107a desni\u010darima zbog potpore tamo\u0161njim Hrvatima za legitimnim politi\u010dkim predstavljanjem te su ocijenili sramnim potez europarlamentaraca koji su glasali protiv Rezolucije o BiH jer u nju nisu uvr\u0161teni amandmani o konstitutivnosti naroda.<\/strong><\/p>\n\n\n\n<p>&#8220;Jasno nam je da je SDP Hrvatske u posljednjem desetlje\u0107u skrenuo udesno nadaju\u0107i se da \u0107e time pridobiti barem \u0161a\u010dicu glasa\u010da desnice, ali kako iz godine u godinu sve dublje tonu tra\u017ee\u0107i se u desnom glasa\u010dkom tijelu, nije nam jasno za\u0161to ne odustanu od tog koncepta.&nbsp; O\u010digledno je da je SDP Hrvatske godinama na tragu razmi\u0161ljanja i uvjerenja svog biv\u0161eg predsjednika Zorana Milanovi\u0107a, koji ve\u0107 zadugo, a to \u010dini i sada, Bosnu i Hercegovinu promatra kao skupinu plemena&#8221;, navodi se u priop\u0107enju SDP BiH.<br><br>U priop\u0107enju se isti\u010de da SDP i predsjednik RH&nbsp;<strong>Zoran Milanovi\u0107<\/strong>&nbsp;podr\u017eavaju HDZ i njihove nazadne ideje o legitimnom predstavljanju naroda te se dodaje da HDZ ve\u0107 godinama poku\u0161ava nametnuti taj koncept ucjenjuju\u0107i sve koji su stali u obranu gra\u0111anskog koncepta BiH.<br><br>Prema SDP-u BiH i aktualni predsjednik SDP-a&nbsp;<strong>Pe\u0111a Grbin<\/strong>&nbsp;je nastavio koracima Zorana Milanovi\u0107a pod pritiskom &#8220;socijaldemokratskog desni\u010dara&nbsp;<strong>Tonina Picule<\/strong>&#8220;.<br><br>Sramnim su ocijenili i potez zastupnika SDP-a Hrvatske u Europskome parlamentu&nbsp;<strong>Romane Jerkovi\u0107<\/strong>,&nbsp;<strong>Predraga Freda Mati\u0107a<\/strong>,&nbsp;<strong>Biljane Borzan<\/strong>&nbsp;i&nbsp;<strong>Tonina Picule<\/strong>, koji su glasovali protiv usvajanja Rezolucije o Bosni i Hercegovini, te su pozvali &#8220;vi\u0161edesetljetne partnere i prijatelje&#8221; iz Hrvatske da prestanu s mije\u0161anjem u unutarnje stvari BiH te odustanu od &#8220;desni\u010darske politike&#8221;.<br><br>Hrvatski eurozastupnici glasovali su u \u010detvrtak protiv Rezolucije Europskog parlamenta o BiH budu\u0107i se u njezinu sadr\u017eaju nije na\u0161la odrednica o konstitutivnosti naroda, kao \u0161to to pi\u0161e u Ustavu zemlje, koji je sastavni dio Daytonskog mirovnog sporazuma.<br><br>Ustavni sud BiH jer 2016. godine, razmatraju\u0107i apelaciju&nbsp;<strong>Bo\u017ee Ljubi\u0107a<\/strong>, donio odluku da se u toj zemlji sukladno Ustavu mora primjenjivati legitimno politi\u010dko predstavljanje na svim administrativno-politi\u010dkim razinama, te se neustavnim ocijenio preglasavanje manje brojnijih naroda prigodom izbora predstavnika u vlasti.<\/p>\n\n\n\n<p>Izvor:hrt.hr<\/p>\n","protected":false},"excerpt":{"rendered":"<p>SDP BiH nazvao je SDP Hrvatske i predsjednika Zorana Milanovi\u0107a desni\u010darima zbog potpore tamo\u0161njim Hrvatima za legitimnim politi\u010dkim predstavljanjem te su ocijenili sramnim potez europarlamentaraca koji su glasali protiv Rezolucije o BiH jer u nju nisu uvr\u0161teni amandmani o konstitutivnosti naroda. &#8220;Jasno nam je da je SDP Hrvatske u posljednjem desetlje\u0107u skrenuo udesno nadaju\u0107i se [&hellip;]<\/p>\n","protected":false},"author":2,"featured_media":28309,"comment_status":"closed","ping_status":"closed","sticky":false,"template":"","format":"standard","meta":{"h5ap_radio_sources":[],"footnotes":""},"categories":[1],"tags":[],"class_list":["post-36205","post","type-post","status-publish","format-standard","has-post-thumbnail","hentry","category-bihiregija"],"yoast_head":"<!-- This site is optimized with the Yoast SEO plugin v27.5 - https:\/\/yoast.com\/product\/yoast-seo-wordpress\/ -->\n<title>SDP BiH nakon glasanja u EP-u nazvao SDP RH i Milanovi\u0107a desni\u010darima - RADIO LJUBU\u0160KI<\/title>\n<meta name=\"robots\" content=\"index, follow, max-snippet:-1, max-image-preview:large, max-video-preview:-1\" \/>\n<link rel=\"canonical\" href=\"https:\/\/radioljubuski.ba\/index.php\/2021\/06\/27\/sdp-bih-nakon-glasanja-u-ep-u-nazvao-sdp-rh-i-milanovica-desnicarima\/\" \/>\n<meta property=\"og:locale\" content=\"hr_HR\" \/>\n<meta property=\"og:type\" content=\"article\" \/>\n<meta property=\"og:title\" content=\"SDP BiH nakon glasanja u EP-u nazvao SDP RH i Milanovi\u0107a desni\u010darima - RADIO LJUBU\u0160KI\" \/>\n<meta property=\"og:description\" content=\"SDP BiH nazvao je SDP Hrvatske i predsjednika Zorana Milanovi\u0107a desni\u010darima zbog potpore tamo\u0161njim Hrvatima za legitimnim politi\u010dkim predstavljanjem te su ocijenili sramnim potez europarlamentaraca koji su glasali protiv Rezolucije o BiH jer u nju nisu uvr\u0161teni amandmani o konstitutivnosti naroda. &#8220;Jasno nam je da je SDP Hrvatske u posljednjem desetlje\u0107u skrenuo udesno nadaju\u0107i se [&hellip;]\" \/>\n<meta property=\"og:url\" content=\"https:\/\/radioljubuski.ba\/index.php\/2021\/06\/27\/sdp-bih-nakon-glasanja-u-ep-u-nazvao-sdp-rh-i-milanovica-desnicarima\/\" \/>\n<meta property=\"og:site_name\" content=\"RADIO LJUBU\u0160KI\" \/>\n<meta property=\"article:publisher\" content=\"https:\/\/www.facebook.com\/Radiio-Ljubuski-1490835324566332\" \/>\n<meta property=\"article:published_time\" content=\"2021-06-26T23:01:52+00:00\" \/>\n<meta property=\"article:modified_time\" content=\"2021-06-26T23:01:53+00:00\" \/>\n<meta property=\"og:image\" content=\"https:\/\/radioljubuski.ba\/wp-content\/uploads\/2021\/06\/nermin-niksic-1.jpg\" \/>\n\t<meta property=\"og:image:width\" content=\"1280\" \/>\n\t<meta property=\"og:image:height\" content=\"853\" \/>\n\t<meta property=\"og:image:type\" content=\"image\/jpeg\" \/>\n<meta name=\"author\" content=\"Radio Ljubu\u0161ki\" \/>\n<meta name=\"twitter:card\" content=\"summary_large_image\" \/>\n<meta name=\"twitter:creator\" content=\"@radioljubuski\" \/>\n<meta name=\"twitter:site\" content=\"@radioljubuski\" \/>\n<meta name=\"twitter:label1\" content=\"Napisao\/la\" \/>\n\t<meta name=\"twitter:data1\" content=\"Radio Ljubu\u0161ki\" \/>\n\t<meta name=\"twitter:label2\" content=\"Procijenjeno vrijeme \u010ditanja\" \/>\n\t<meta name=\"twitter:data2\" content=\"2 minute\" \/>\n<script type=\"application\/ld+json\" class=\"yoast-schema-graph\">{\"@context\":\"https:\\\/\\\/schema.org\",\"@graph\":[{\"@type\":\"Article\",\"@id\":\"https:\\\/\\\/radioljubuski.ba\\\/index.php\\\/2021\\\/06\\\/27\\\/sdp-bih-nakon-glasanja-u-ep-u-nazvao-sdp-rh-i-milanovica-desnicarima\\\/#article\",\"isPartOf\":{\"@id\":\"https:\\\/\\\/radioljubuski.ba\\\/index.php\\\/2021\\\/06\\\/27\\\/sdp-bih-nakon-glasanja-u-ep-u-nazvao-sdp-rh-i-milanovica-desnicarima\\\/\"},\"author\":{\"name\":\"Radio Ljubu\u0161ki\",\"@id\":\"https:\\\/\\\/radioljubuski.ba\\\/#\\\/schema\\\/person\\\/19fc700381a780f69665d7956c469e3b\"},\"headline\":\"SDP BiH nakon glasanja u EP-u nazvao SDP RH i Milanovi\u0107a desni\u010darima\",\"datePublished\":\"2021-06-26T23:01:52+00:00\",\"dateModified\":\"2021-06-26T23:01:53+00:00\",\"mainEntityOfPage\":{\"@id\":\"https:\\\/\\\/radioljubuski.ba\\\/index.php\\\/2021\\\/06\\\/27\\\/sdp-bih-nakon-glasanja-u-ep-u-nazvao-sdp-rh-i-milanovica-desnicarima\\\/\"},\"wordCount\":386,\"publisher\":{\"@id\":\"https:\\\/\\\/radioljubuski.ba\\\/#organization\"},\"image\":{\"@id\":\"https:\\\/\\\/radioljubuski.ba\\\/index.php\\\/2021\\\/06\\\/27\\\/sdp-bih-nakon-glasanja-u-ep-u-nazvao-sdp-rh-i-milanovica-desnicarima\\\/#primaryimage\"},\"thumbnailUrl\":\"https:\\\/\\\/radioljubuski.ba\\\/wp-content\\\/uploads\\\/2021\\\/06\\\/nermin-niksic-1.jpg\",\"articleSection\":[\"BIH i regija\"],\"inLanguage\":\"hr\"},{\"@type\":\"WebPage\",\"@id\":\"https:\\\/\\\/radioljubuski.ba\\\/index.php\\\/2021\\\/06\\\/27\\\/sdp-bih-nakon-glasanja-u-ep-u-nazvao-sdp-rh-i-milanovica-desnicarima\\\/\",\"url\":\"https:\\\/\\\/radioljubuski.ba\\\/index.php\\\/2021\\\/06\\\/27\\\/sdp-bih-nakon-glasanja-u-ep-u-nazvao-sdp-rh-i-milanovica-desnicarima\\\/\",\"name\":\"SDP BiH nakon glasanja u EP-u nazvao SDP RH i Milanovi\u0107a desni\u010darima - RADIO LJUBU\u0160KI\",\"isPartOf\":{\"@id\":\"https:\\\/\\\/radioljubuski.ba\\\/#website\"},\"primaryImageOfPage\":{\"@id\":\"https:\\\/\\\/radioljubuski.ba\\\/index.php\\\/2021\\\/06\\\/27\\\/sdp-bih-nakon-glasanja-u-ep-u-nazvao-sdp-rh-i-milanovica-desnicarima\\\/#primaryimage\"},\"image\":{\"@id\":\"https:\\\/\\\/radioljubuski.ba\\\/index.php\\\/2021\\\/06\\\/27\\\/sdp-bih-nakon-glasanja-u-ep-u-nazvao-sdp-rh-i-milanovica-desnicarima\\\/#primaryimage\"},\"thumbnailUrl\":\"https:\\\/\\\/radioljubuski.ba\\\/wp-content\\\/uploads\\\/2021\\\/06\\\/nermin-niksic-1.jpg\",\"datePublished\":\"2021-06-26T23:01:52+00:00\",\"dateModified\":\"2021-06-26T23:01:53+00:00\",\"breadcrumb\":{\"@id\":\"https:\\\/\\\/radioljubuski.ba\\\/index.php\\\/2021\\\/06\\\/27\\\/sdp-bih-nakon-glasanja-u-ep-u-nazvao-sdp-rh-i-milanovica-desnicarima\\\/#breadcrumb\"},\"inLanguage\":\"hr\",\"potentialAction\":[{\"@type\":\"ReadAction\",\"target\":[\"https:\\\/\\\/radioljubuski.ba\\\/index.php\\\/2021\\\/06\\\/27\\\/sdp-bih-nakon-glasanja-u-ep-u-nazvao-sdp-rh-i-milanovica-desnicarima\\\/\"]}]},{\"@type\":\"ImageObject\",\"inLanguage\":\"hr\",\"@id\":\"https:\\\/\\\/radioljubuski.ba\\\/index.php\\\/2021\\\/06\\\/27\\\/sdp-bih-nakon-glasanja-u-ep-u-nazvao-sdp-rh-i-milanovica-desnicarima\\\/#primaryimage\",\"url\":\"https:\\\/\\\/radioljubuski.ba\\\/wp-content\\\/uploads\\\/2021\\\/06\\\/nermin-niksic-1.jpg\",\"contentUrl\":\"https:\\\/\\\/radioljubuski.ba\\\/wp-content\\\/uploads\\\/2021\\\/06\\\/nermin-niksic-1.jpg\",\"width\":1280,\"height\":853},{\"@type\":\"BreadcrumbList\",\"@id\":\"https:\\\/\\\/radioljubuski.ba\\\/index.php\\\/2021\\\/06\\\/27\\\/sdp-bih-nakon-glasanja-u-ep-u-nazvao-sdp-rh-i-milanovica-desnicarima\\\/#breadcrumb\",\"itemListElement\":[{\"@type\":\"ListItem\",\"position\":1,\"name\":\"Po\u010detna stranica\",\"item\":\"https:\\\/\\\/radioljubuski.ba\\\/\"},{\"@type\":\"ListItem\",\"position\":2,\"name\":\"SDP BiH nakon glasanja u EP-u nazvao SDP RH i Milanovi\u0107a desni\u010darima\"}]},{\"@type\":\"WebSite\",\"@id\":\"https:\\\/\\\/radioljubuski.ba\\\/#website\",\"url\":\"https:\\\/\\\/radioljubuski.ba\\\/\",\"name\":\"Radio Ljubu\u0161ki\",\"description\":\"Sun\u010dana frekvencija Hercegovine\",\"publisher\":{\"@id\":\"https:\\\/\\\/radioljubuski.ba\\\/#organization\"},\"potentialAction\":[{\"@type\":\"SearchAction\",\"target\":{\"@type\":\"EntryPoint\",\"urlTemplate\":\"https:\\\/\\\/radioljubuski.ba\\\/?s={search_term_string}\"},\"query-input\":{\"@type\":\"PropertyValueSpecification\",\"valueRequired\":true,\"valueName\":\"search_term_string\"}}],\"inLanguage\":\"hr\"},{\"@type\":\"Organization\",\"@id\":\"https:\\\/\\\/radioljubuski.ba\\\/#organization\",\"name\":\"Radio Ljubu\u0161ki\",\"url\":\"https:\\\/\\\/radioljubuski.ba\\\/\",\"logo\":{\"@type\":\"ImageObject\",\"inLanguage\":\"hr\",\"@id\":\"https:\\\/\\\/radioljubuski.ba\\\/#\\\/schema\\\/logo\\\/image\\\/\",\"url\":\"https:\\\/\\\/radioljubuski.ba\\\/wp-content\\\/uploads\\\/2021\\\/02\\\/cropped-Radio_Ljubuski_logo1.jpg\",\"contentUrl\":\"https:\\\/\\\/radioljubuski.ba\\\/wp-content\\\/uploads\\\/2021\\\/02\\\/cropped-Radio_Ljubuski_logo1.jpg\",\"width\":512,\"height\":512,\"caption\":\"Radio Ljubu\u0161ki\"},\"image\":{\"@id\":\"https:\\\/\\\/radioljubuski.ba\\\/#\\\/schema\\\/logo\\\/image\\\/\"},\"sameAs\":[\"https:\\\/\\\/www.facebook.com\\\/Radiio-Ljubuski-1490835324566332\",\"https:\\\/\\\/x.com\\\/radioljubuski\",\"https:\\\/\\\/hr.linkedin.com\\\/company\\\/radio-ljubuski\",\"https:\\\/\\\/www.youtube.com\\\/channel\\\/UCHYaeO_n0Db3tjNGudGpXyw\"]},{\"@type\":\"Person\",\"@id\":\"https:\\\/\\\/radioljubuski.ba\\\/#\\\/schema\\\/person\\\/19fc700381a780f69665d7956c469e3b\",\"name\":\"Radio Ljubu\u0161ki\"}]}<\/script>\n<!-- \/ Yoast SEO plugin. -->","yoast_head_json":{"title":"SDP BiH nakon glasanja u EP-u nazvao SDP RH i Milanovi\u0107a desni\u010darima - RADIO LJUBU\u0160KI","robots":{"index":"index","follow":"follow","max-snippet":"max-snippet:-1","max-image-preview":"max-image-preview:large","max-video-preview":"max-video-preview:-1"},"canonical":"https:\/\/radioljubuski.ba\/index.php\/2021\/06\/27\/sdp-bih-nakon-glasanja-u-ep-u-nazvao-sdp-rh-i-milanovica-desnicarima\/","og_locale":"hr_HR","og_type":"article","og_title":"SDP BiH nakon glasanja u EP-u nazvao SDP RH i Milanovi\u0107a desni\u010darima - RADIO LJUBU\u0160KI","og_description":"SDP BiH nazvao je SDP Hrvatske i predsjednika Zorana Milanovi\u0107a desni\u010darima zbog potpore tamo\u0161njim Hrvatima za legitimnim politi\u010dkim predstavljanjem te su ocijenili sramnim potez europarlamentaraca koji su glasali protiv Rezolucije o BiH jer u nju nisu uvr\u0161teni amandmani o konstitutivnosti naroda. &#8220;Jasno nam je da je SDP Hrvatske u posljednjem desetlje\u0107u skrenuo udesno nadaju\u0107i se [&hellip;]","og_url":"https:\/\/radioljubuski.ba\/index.php\/2021\/06\/27\/sdp-bih-nakon-glasanja-u-ep-u-nazvao-sdp-rh-i-milanovica-desnicarima\/","og_site_name":"RADIO LJUBU\u0160KI","article_publisher":"https:\/\/www.facebook.com\/Radiio-Ljubuski-1490835324566332","article_published_time":"2021-06-26T23:01:52+00:00","article_modified_time":"2021-06-26T23:01:53+00:00","og_image":[{"width":1280,"height":853,"url":"https:\/\/radioljubuski.ba\/wp-content\/uploads\/2021\/06\/nermin-niksic-1.jpg","type":"image\/jpeg"}],"author":"Radio Ljubu\u0161ki","twitter_card":"summary_large_image","twitter_creator":"@radioljubuski","twitter_site":"@radioljubuski","twitter_misc":{"Napisao\/la":"Radio Ljubu\u0161ki","Procijenjeno vrijeme \u010ditanja":"2 minute"},"schema":{"@context":"https:\/\/schema.org","@graph":[{"@type":"Article","@id":"https:\/\/radioljubuski.ba\/index.php\/2021\/06\/27\/sdp-bih-nakon-glasanja-u-ep-u-nazvao-sdp-rh-i-milanovica-desnicarima\/#article","isPartOf":{"@id":"https:\/\/radioljubuski.ba\/index.php\/2021\/06\/27\/sdp-bih-nakon-glasanja-u-ep-u-nazvao-sdp-rh-i-milanovica-desnicarima\/"},"author":{"name":"Radio Ljubu\u0161ki","@id":"https:\/\/radioljubuski.ba\/#\/schema\/person\/19fc700381a780f69665d7956c469e3b"},"headline":"SDP BiH nakon glasanja u EP-u nazvao SDP RH i Milanovi\u0107a desni\u010darima","datePublished":"2021-06-26T23:01:52+00:00","dateModified":"2021-06-26T23:01:53+00:00","mainEntityOfPage":{"@id":"https:\/\/radioljubuski.ba\/index.php\/2021\/06\/27\/sdp-bih-nakon-glasanja-u-ep-u-nazvao-sdp-rh-i-milanovica-desnicarima\/"},"wordCount":386,"publisher":{"@id":"https:\/\/radioljubuski.ba\/#organization"},"image":{"@id":"https:\/\/radioljubuski.ba\/index.php\/2021\/06\/27\/sdp-bih-nakon-glasanja-u-ep-u-nazvao-sdp-rh-i-milanovica-desnicarima\/#primaryimage"},"thumbnailUrl":"https:\/\/radioljubuski.ba\/wp-content\/uploads\/2021\/06\/nermin-niksic-1.jpg","articleSection":["BIH i regija"],"inLanguage":"hr"},{"@type":"WebPage","@id":"https:\/\/radioljubuski.ba\/index.php\/2021\/06\/27\/sdp-bih-nakon-glasanja-u-ep-u-nazvao-sdp-rh-i-milanovica-desnicarima\/","url":"https:\/\/radioljubuski.ba\/index.php\/2021\/06\/27\/sdp-bih-nakon-glasanja-u-ep-u-nazvao-sdp-rh-i-milanovica-desnicarima\/","name":"SDP BiH nakon glasanja u EP-u nazvao SDP RH i Milanovi\u0107a desni\u010darima - RADIO LJUBU\u0160KI","isPartOf":{"@id":"https:\/\/radioljubuski.ba\/#website"},"primaryImageOfPage":{"@id":"https:\/\/radioljubuski.ba\/index.php\/2021\/06\/27\/sdp-bih-nakon-glasanja-u-ep-u-nazvao-sdp-rh-i-milanovica-desnicarima\/#primaryimage"},"image":{"@id":"https:\/\/radioljubuski.ba\/index.php\/2021\/06\/27\/sdp-bih-nakon-glasanja-u-ep-u-nazvao-sdp-rh-i-milanovica-desnicarima\/#primaryimage"},"thumbnailUrl":"https:\/\/radioljubuski.ba\/wp-content\/uploads\/2021\/06\/nermin-niksic-1.jpg","datePublished":"2021-06-26T23:01:52+00:00","dateModified":"2021-06-26T23:01:53+00:00","breadcrumb":{"@id":"https:\/\/radioljubuski.ba\/index.php\/2021\/06\/27\/sdp-bih-nakon-glasanja-u-ep-u-nazvao-sdp-rh-i-milanovica-desnicarima\/#breadcrumb"},"inLanguage":"hr","potentialAction":[{"@type":"ReadAction","target":["https:\/\/radioljubuski.ba\/index.php\/2021\/06\/27\/sdp-bih-nakon-glasanja-u-ep-u-nazvao-sdp-rh-i-milanovica-desnicarima\/"]}]},{"@type":"ImageObject","inLanguage":"hr","@id":"https:\/\/radioljubuski.ba\/index.php\/2021\/06\/27\/sdp-bih-nakon-glasanja-u-ep-u-nazvao-sdp-rh-i-milanovica-desnicarima\/#primaryimage","url":"https:\/\/radioljubuski.ba\/wp-content\/uploads\/2021\/06\/nermin-niksic-1.jpg","contentUrl":"https:\/\/radioljubuski.ba\/wp-content\/uploads\/2021\/06\/nermin-niksic-1.jpg","width":1280,"height":853},{"@type":"BreadcrumbList","@id":"https:\/\/radioljubuski.ba\/index.php\/2021\/06\/27\/sdp-bih-nakon-glasanja-u-ep-u-nazvao-sdp-rh-i-milanovica-desnicarima\/#breadcrumb","itemListElement":[{"@type":"ListItem","position":1,"name":"Po\u010detna stranica","item":"https:\/\/radioljubuski.ba\/"},{"@type":"ListItem","position":2,"name":"SDP BiH nakon glasanja u EP-u nazvao SDP RH i Milanovi\u0107a desni\u010darima"}]},{"@type":"WebSite","@id":"https:\/\/radioljubuski.ba\/#website","url":"https:\/\/radioljubuski.ba\/","name":"Radio Ljubu\u0161ki","description":"Sun\u010dana frekvencija Hercegovine","publisher":{"@id":"https:\/\/radioljubuski.ba\/#organization"},"potentialAction":[{"@type":"SearchAction","target":{"@type":"EntryPoint","urlTemplate":"https:\/\/radioljubuski.ba\/?s={search_term_string}"},"query-input":{"@type":"PropertyValueSpecification","valueRequired":true,"valueName":"search_term_string"}}],"inLanguage":"hr"},{"@type":"Organization","@id":"https:\/\/radioljubuski.ba\/#organization","name":"Radio Ljubu\u0161ki","url":"https:\/\/radioljubuski.ba\/","logo":{"@type":"ImageObject","inLanguage":"hr","@id":"https:\/\/radioljubuski.ba\/#\/schema\/logo\/image\/","url":"https:\/\/radioljubuski.ba\/wp-content\/uploads\/2021\/02\/cropped-Radio_Ljubuski_logo1.jpg","contentUrl":"https:\/\/radioljubuski.ba\/wp-content\/uploads\/2021\/02\/cropped-Radio_Ljubuski_logo1.jpg","width":512,"height":512,"caption":"Radio Ljubu\u0161ki"},"image":{"@id":"https:\/\/radioljubuski.ba\/#\/schema\/logo\/image\/"},"sameAs":["https:\/\/www.facebook.com\/Radiio-Ljubuski-1490835324566332","https:\/\/x.com\/radioljubuski","https:\/\/hr.linkedin.com\/company\/radio-ljubuski","https:\/\/www.youtube.com\/channel\/UCHYaeO_n0Db3tjNGudGpXyw"]},{"@type":"Person","@id":"https:\/\/radioljubuski.ba\/#\/schema\/person\/19fc700381a780f69665d7956c469e3b","name":"Radio Ljubu\u0161ki"}]}},"_links":{"self":[{"href":"https:\/\/radioljubuski.ba\/index.php\/wp-json\/wp\/v2\/posts\/36205","targetHints":{"allow":["GET"]}}],"collection":[{"href":"https:\/\/radioljubuski.ba\/index.php\/wp-json\/wp\/v2\/posts"}],"about":[{"href":"https:\/\/radioljubuski.ba\/index.php\/wp-json\/wp\/v2\/types\/post"}],"author":[{"embeddable":true,"href":"https:\/\/radioljubuski.ba\/index.php\/wp-json\/wp\/v2\/users\/2"}],"replies":[{"embeddable":true,"href":"https:\/\/radioljubuski.ba\/index.php\/wp-json\/wp\/v2\/comments?post=36205"}],"version-history":[{"count":1,"href":"https:\/\/radioljubuski.ba\/index.php\/wp-json\/wp\/v2\/posts\/36205\/revisions"}],"predecessor-version":[{"id":36206,"href":"https:\/\/radioljubuski.ba\/index.php\/wp-json\/wp\/v2\/posts\/36205\/revisions\/36206"}],"wp:featuredmedia":[{"embeddable":true,"href":"https:\/\/radioljubuski.ba\/index.php\/wp-json\/wp\/v2\/media\/28309"}],"wp:attachment":[{"href":"https:\/\/radioljubuski.ba\/index.php\/wp-json\/wp\/v2\/media?parent=36205"}],"wp:term":[{"taxonomy":"category","embeddable":true,"href":"https:\/\/radioljubuski.ba\/index.php\/wp-json\/wp\/v2\/categories?post=36205"},{"taxonomy":"post_tag","embeddable":true,"href":"https:\/\/radioljubuski.ba\/index.php\/wp-json\/wp\/v2\/tags?post=36205"}],"curies":[{"name":"wp","href":"https:\/\/api.w.org\/{rel}","templated":true}]}}