{"id":36213,"date":"2021-06-27T00:07:20","date_gmt":"2021-06-26T23:07:20","guid":{"rendered":"https:\/\/radioljubuski.ba\/?p=36213"},"modified":"2021-06-27T00:07:21","modified_gmt":"2021-06-26T23:07:21","slug":"vrucine-opasne-po-zivot-diljem-sad-a","status":"publish","type":"post","link":"https:\/\/radioljubuski.ba\/index.php\/2021\/06\/27\/vrucine-opasne-po-zivot-diljem-sad-a\/","title":{"rendered":"Vru\u0107ine opasne po \u017eivot diljem SAD-a"},"content":{"rendered":"\n<p><strong>Nezapam\u0107ene vru\u0107ine zahvatile su sjeverozapad Sjedinjenih Ameri\u010dkih Dr\u017eava. Otvaraju se rashladni centri u \u010detiri savezne dr\u017eave, a lokalne vlasti upozoravaju da se u idu\u0107im danima mogu o\u010dekivati vru\u0107ine opasne za \u017eivot.<\/strong><\/p>\n\n\n\n<p>&#8211; To je pakao na zemlji!, tako vremenske neprilike opisuju stanovnici sjeverozapada Sjedinjenih Dr\u017eava.<br><br>Ve\u0107ina tamo\u0161njih saveznih dr\u017eava suo\u010dena je s rekordno visokim temperaturama koje dose\u017eu i do 49 stupnjeva.<br><br>&#8211; Ekstremno je vru\u0107e i sparno u mojem stanu. Imam dva psa, ni oni nisu presretni zbog vala vru\u0107ine, ka\u017ee jedna sugovornica.<br><br>Paklene temperature pogubne su za zdravlje. U Portlandu su vlasti otvorile &#8220;rashladne centre&#8221;.<br><br>Oni \u0107e se otvarati diljem pacifi\u010dkog sjeverozapada i u njima \u0107e uto\u010di\u0161te mo\u0107i na\u0107i tisu\u0107e ljudi bez krova nad glavom, ali i svi oni koji se \u017eele rashladiti.<br><br>&#8211; Ovo je mjesto gdje svatko mo\u017ee do\u0107i i odmoriti se od vru\u0107ine. Zaista je va\u017eno odmoriti tijelo i ne ugroziti zdravlje, upozorila je\u00a0<strong>dr. Jennifer Vines<\/strong>, \u0161efica zdravstvenog zavoda Multnomah Countyja.<br><br>U dr\u017eavama Oregonu, Kaliforniji, Washingtonu izdana su upozorenja zbog opasnih vru\u0107ina. Socijalni radnici dijelili su vodu i hranu. Gra\u0111ani se snalaze svatko na svoj na\u010din.<br><br>Ekstremne vru\u0107ine dovele su energetske sustave na rub funkcioniranja.<br><br>&#8211; Mislim da bismo svi trebali paziti na u\u0161tedu energije i \u0161tedjeti struju koliko god mo\u017eemo, ka\u017ee sugovornica.<br><br>&#8211; Ako nam isklju\u010de struju, to bi zna\u010dilo da ne bismo imali pristup internetu ni ure\u0111ajima za rad, rekla je druga sugovornica.<br><br>Su\u0161no razdoblje i visoke temperature izazvali su velike \u0161umske po\u017eare diljem Kalifornije, Nevade, Arizone, buknuli su ranije nego ina\u010de.<br><br>&#8211; Su\u0161a na Zapadu zapanjuju\u0107a je. Po\u017eari ve\u0107 bukte i o\u010dekuje nas te\u0161ka sezona. Moramo biti spremni i imati na raspolaganju sve resurse za rje\u0161avanje ekstremnih vremenskih nepogoda i biti tu za ameri\u010dki narod, izjavio je\u00a0<strong>Joe\u00a0Biden<\/strong>, predsjednik SAD-a.<br><br>Toplinski udari, su\u0161e, oluje, poplave,dokazi su razornog djelovanja \u010dovjeka na na\u0161 planet. Zvona zvone na uzbunu, potrebno je hitno djelovanje protiv klimatskih poreme\u0107aja.<br><br>Znanstvenici od svjetskih \u010delnika, ali i najve\u0107ih one\u010di\u0161\u0107iva\u010da &#8211; SAD-a i Kine, tra\u017ee da priznaju kako postoji problem i da ga napokon po\u010dnu rje\u0161avati.<br><br>Na Zemlji nitko ne\u0107e biti po\u0161te\u0111en drasti\u010dnih posljedica klimatskih promjena koje su rezultat &#8211; \u010dovjekova djelovanja.<\/p>\n\n\n\n<div style=\"width: 640px;\" class=\"wp-video\"><video class=\"wp-video-shortcode\" id=\"video-36213-1\" width=\"640\" height=\"360\" preload=\"metadata\" controls=\"controls\"><source type=\"video\/mp4\" src=\"https:\/\/api.hrt.hr\/media\/4e\/78\/tvd3-susaamerika-20210626211221.mp4?_=1\" \/><a href=\"https:\/\/api.hrt.hr\/media\/4e\/78\/tvd3-susaamerika-20210626211221.mp4\">https:\/\/api.hrt.hr\/media\/4e\/78\/tvd3-susaamerika-20210626211221.mp4<\/a><\/video><\/div>\n\n\n\n<p>Izvor:hrt.hr<\/p>\n","protected":false},"excerpt":{"rendered":"<p>Nezapam\u0107ene vru\u0107ine zahvatile su sjeverozapad Sjedinjenih Ameri\u010dkih Dr\u017eava. Otvaraju se rashladni centri u \u010detiri savezne dr\u017eave, a lokalne vlasti upozoravaju da se u idu\u0107im danima mogu o\u010dekivati vru\u0107ine opasne za \u017eivot. &#8211; To je pakao na zemlji!, tako vremenske neprilike opisuju stanovnici sjeverozapada Sjedinjenih Dr\u017eava. Ve\u0107ina tamo\u0161njih saveznih dr\u017eava suo\u010dena je s rekordno visokim temperaturama [&hellip;]<\/p>\n","protected":false},"author":2,"featured_media":36214,"comment_status":"closed","ping_status":"closed","sticky":false,"template":"","format":"standard","meta":{"h5ap_radio_sources":[],"footnotes":""},"categories":[1],"tags":[],"class_list":["post-36213","post","type-post","status-publish","format-standard","has-post-thumbnail","hentry","category-bihiregija"],"yoast_head":"<!-- This site is optimized with the Yoast SEO plugin v27.5 - https:\/\/yoast.com\/product\/yoast-seo-wordpress\/ -->\n<title>Vru\u0107ine opasne po \u017eivot diljem SAD-a - RADIO LJUBU\u0160KI<\/title>\n<meta name=\"robots\" content=\"index, follow, max-snippet:-1, max-image-preview:large, max-video-preview:-1\" \/>\n<link rel=\"canonical\" href=\"https:\/\/radioljubuski.ba\/index.php\/2021\/06\/27\/vrucine-opasne-po-zivot-diljem-sad-a\/\" \/>\n<meta property=\"og:locale\" content=\"hr_HR\" \/>\n<meta property=\"og:type\" content=\"article\" \/>\n<meta property=\"og:title\" content=\"Vru\u0107ine opasne po \u017eivot diljem SAD-a - RADIO LJUBU\u0160KI\" \/>\n<meta property=\"og:description\" content=\"Nezapam\u0107ene vru\u0107ine zahvatile su sjeverozapad Sjedinjenih Ameri\u010dkih Dr\u017eava. Otvaraju se rashladni centri u \u010detiri savezne dr\u017eave, a lokalne vlasti upozoravaju da se u idu\u0107im danima mogu o\u010dekivati vru\u0107ine opasne za \u017eivot. &#8211; To je pakao na zemlji!, tako vremenske neprilike opisuju stanovnici sjeverozapada Sjedinjenih Dr\u017eava. Ve\u0107ina tamo\u0161njih saveznih dr\u017eava suo\u010dena je s rekordno visokim temperaturama [&hellip;]\" \/>\n<meta property=\"og:url\" content=\"https:\/\/radioljubuski.ba\/index.php\/2021\/06\/27\/vrucine-opasne-po-zivot-diljem-sad-a\/\" \/>\n<meta property=\"og:site_name\" content=\"RADIO LJUBU\u0160KI\" \/>\n<meta property=\"article:publisher\" content=\"https:\/\/www.facebook.com\/Radiio-Ljubuski-1490835324566332\" \/>\n<meta property=\"article:published_time\" content=\"2021-06-26T23:07:20+00:00\" \/>\n<meta property=\"article:modified_time\" content=\"2021-06-26T23:07:21+00:00\" \/>\n<meta property=\"og:image\" content=\"https:\/\/radioljubuski.ba\/wp-content\/uploads\/2021\/06\/preuzmi-54.jpg\" \/>\n\t<meta property=\"og:image:width\" content=\"275\" \/>\n\t<meta property=\"og:image:height\" content=\"183\" \/>\n\t<meta property=\"og:image:type\" content=\"image\/jpeg\" \/>\n<meta name=\"author\" content=\"Radio Ljubu\u0161ki\" \/>\n<meta name=\"twitter:card\" content=\"summary_large_image\" \/>\n<meta name=\"twitter:creator\" content=\"@radioljubuski\" \/>\n<meta name=\"twitter:site\" content=\"@radioljubuski\" \/>\n<meta name=\"twitter:label1\" content=\"Napisao\/la\" \/>\n\t<meta name=\"twitter:data1\" content=\"Radio Ljubu\u0161ki\" \/>\n\t<meta name=\"twitter:label2\" content=\"Procijenjeno vrijeme \u010ditanja\" \/>\n\t<meta name=\"twitter:data2\" content=\"2 minute\" \/>\n<script type=\"application\/ld+json\" class=\"yoast-schema-graph\">{\"@context\":\"https:\\\/\\\/schema.org\",\"@graph\":[{\"@type\":\"Article\",\"@id\":\"https:\\\/\\\/radioljubuski.ba\\\/index.php\\\/2021\\\/06\\\/27\\\/vrucine-opasne-po-zivot-diljem-sad-a\\\/#article\",\"isPartOf\":{\"@id\":\"https:\\\/\\\/radioljubuski.ba\\\/index.php\\\/2021\\\/06\\\/27\\\/vrucine-opasne-po-zivot-diljem-sad-a\\\/\"},\"author\":{\"name\":\"Radio Ljubu\u0161ki\",\"@id\":\"https:\\\/\\\/radioljubuski.ba\\\/#\\\/schema\\\/person\\\/19fc700381a780f69665d7956c469e3b\"},\"headline\":\"Vru\u0107ine opasne po \u017eivot diljem SAD-a\",\"datePublished\":\"2021-06-26T23:07:20+00:00\",\"dateModified\":\"2021-06-26T23:07:21+00:00\",\"mainEntityOfPage\":{\"@id\":\"https:\\\/\\\/radioljubuski.ba\\\/index.php\\\/2021\\\/06\\\/27\\\/vrucine-opasne-po-zivot-diljem-sad-a\\\/\"},\"wordCount\":432,\"publisher\":{\"@id\":\"https:\\\/\\\/radioljubuski.ba\\\/#organization\"},\"image\":{\"@id\":\"https:\\\/\\\/radioljubuski.ba\\\/index.php\\\/2021\\\/06\\\/27\\\/vrucine-opasne-po-zivot-diljem-sad-a\\\/#primaryimage\"},\"thumbnailUrl\":\"https:\\\/\\\/radioljubuski.ba\\\/wp-content\\\/uploads\\\/2021\\\/06\\\/preuzmi-54.jpg\",\"articleSection\":[\"BIH i regija\"],\"inLanguage\":\"hr\"},{\"@type\":\"WebPage\",\"@id\":\"https:\\\/\\\/radioljubuski.ba\\\/index.php\\\/2021\\\/06\\\/27\\\/vrucine-opasne-po-zivot-diljem-sad-a\\\/\",\"url\":\"https:\\\/\\\/radioljubuski.ba\\\/index.php\\\/2021\\\/06\\\/27\\\/vrucine-opasne-po-zivot-diljem-sad-a\\\/\",\"name\":\"Vru\u0107ine opasne po \u017eivot diljem SAD-a - RADIO LJUBU\u0160KI\",\"isPartOf\":{\"@id\":\"https:\\\/\\\/radioljubuski.ba\\\/#website\"},\"primaryImageOfPage\":{\"@id\":\"https:\\\/\\\/radioljubuski.ba\\\/index.php\\\/2021\\\/06\\\/27\\\/vrucine-opasne-po-zivot-diljem-sad-a\\\/#primaryimage\"},\"image\":{\"@id\":\"https:\\\/\\\/radioljubuski.ba\\\/index.php\\\/2021\\\/06\\\/27\\\/vrucine-opasne-po-zivot-diljem-sad-a\\\/#primaryimage\"},\"thumbnailUrl\":\"https:\\\/\\\/radioljubuski.ba\\\/wp-content\\\/uploads\\\/2021\\\/06\\\/preuzmi-54.jpg\",\"datePublished\":\"2021-06-26T23:07:20+00:00\",\"dateModified\":\"2021-06-26T23:07:21+00:00\",\"breadcrumb\":{\"@id\":\"https:\\\/\\\/radioljubuski.ba\\\/index.php\\\/2021\\\/06\\\/27\\\/vrucine-opasne-po-zivot-diljem-sad-a\\\/#breadcrumb\"},\"inLanguage\":\"hr\",\"potentialAction\":[{\"@type\":\"ReadAction\",\"target\":[\"https:\\\/\\\/radioljubuski.ba\\\/index.php\\\/2021\\\/06\\\/27\\\/vrucine-opasne-po-zivot-diljem-sad-a\\\/\"]}]},{\"@type\":\"ImageObject\",\"inLanguage\":\"hr\",\"@id\":\"https:\\\/\\\/radioljubuski.ba\\\/index.php\\\/2021\\\/06\\\/27\\\/vrucine-opasne-po-zivot-diljem-sad-a\\\/#primaryimage\",\"url\":\"https:\\\/\\\/radioljubuski.ba\\\/wp-content\\\/uploads\\\/2021\\\/06\\\/preuzmi-54.jpg\",\"contentUrl\":\"https:\\\/\\\/radioljubuski.ba\\\/wp-content\\\/uploads\\\/2021\\\/06\\\/preuzmi-54.jpg\",\"width\":275,\"height\":183},{\"@type\":\"BreadcrumbList\",\"@id\":\"https:\\\/\\\/radioljubuski.ba\\\/index.php\\\/2021\\\/06\\\/27\\\/vrucine-opasne-po-zivot-diljem-sad-a\\\/#breadcrumb\",\"itemListElement\":[{\"@type\":\"ListItem\",\"position\":1,\"name\":\"Po\u010detna stranica\",\"item\":\"https:\\\/\\\/radioljubuski.ba\\\/\"},{\"@type\":\"ListItem\",\"position\":2,\"name\":\"Vru\u0107ine opasne po \u017eivot diljem SAD-a\"}]},{\"@type\":\"WebSite\",\"@id\":\"https:\\\/\\\/radioljubuski.ba\\\/#website\",\"url\":\"https:\\\/\\\/radioljubuski.ba\\\/\",\"name\":\"Radio Ljubu\u0161ki\",\"description\":\"Sun\u010dana frekvencija Hercegovine\",\"publisher\":{\"@id\":\"https:\\\/\\\/radioljubuski.ba\\\/#organization\"},\"potentialAction\":[{\"@type\":\"SearchAction\",\"target\":{\"@type\":\"EntryPoint\",\"urlTemplate\":\"https:\\\/\\\/radioljubuski.ba\\\/?s={search_term_string}\"},\"query-input\":{\"@type\":\"PropertyValueSpecification\",\"valueRequired\":true,\"valueName\":\"search_term_string\"}}],\"inLanguage\":\"hr\"},{\"@type\":\"Organization\",\"@id\":\"https:\\\/\\\/radioljubuski.ba\\\/#organization\",\"name\":\"Radio Ljubu\u0161ki\",\"url\":\"https:\\\/\\\/radioljubuski.ba\\\/\",\"logo\":{\"@type\":\"ImageObject\",\"inLanguage\":\"hr\",\"@id\":\"https:\\\/\\\/radioljubuski.ba\\\/#\\\/schema\\\/logo\\\/image\\\/\",\"url\":\"https:\\\/\\\/radioljubuski.ba\\\/wp-content\\\/uploads\\\/2021\\\/02\\\/cropped-Radio_Ljubuski_logo1.jpg\",\"contentUrl\":\"https:\\\/\\\/radioljubuski.ba\\\/wp-content\\\/uploads\\\/2021\\\/02\\\/cropped-Radio_Ljubuski_logo1.jpg\",\"width\":512,\"height\":512,\"caption\":\"Radio Ljubu\u0161ki\"},\"image\":{\"@id\":\"https:\\\/\\\/radioljubuski.ba\\\/#\\\/schema\\\/logo\\\/image\\\/\"},\"sameAs\":[\"https:\\\/\\\/www.facebook.com\\\/Radiio-Ljubuski-1490835324566332\",\"https:\\\/\\\/x.com\\\/radioljubuski\",\"https:\\\/\\\/hr.linkedin.com\\\/company\\\/radio-ljubuski\",\"https:\\\/\\\/www.youtube.com\\\/channel\\\/UCHYaeO_n0Db3tjNGudGpXyw\"]},{\"@type\":\"Person\",\"@id\":\"https:\\\/\\\/radioljubuski.ba\\\/#\\\/schema\\\/person\\\/19fc700381a780f69665d7956c469e3b\",\"name\":\"Radio Ljubu\u0161ki\"}]}<\/script>\n<!-- \/ Yoast SEO plugin. -->","yoast_head_json":{"title":"Vru\u0107ine opasne po \u017eivot diljem SAD-a - RADIO LJUBU\u0160KI","robots":{"index":"index","follow":"follow","max-snippet":"max-snippet:-1","max-image-preview":"max-image-preview:large","max-video-preview":"max-video-preview:-1"},"canonical":"https:\/\/radioljubuski.ba\/index.php\/2021\/06\/27\/vrucine-opasne-po-zivot-diljem-sad-a\/","og_locale":"hr_HR","og_type":"article","og_title":"Vru\u0107ine opasne po \u017eivot diljem SAD-a - RADIO LJUBU\u0160KI","og_description":"Nezapam\u0107ene vru\u0107ine zahvatile su sjeverozapad Sjedinjenih Ameri\u010dkih Dr\u017eava. Otvaraju se rashladni centri u \u010detiri savezne dr\u017eave, a lokalne vlasti upozoravaju da se u idu\u0107im danima mogu o\u010dekivati vru\u0107ine opasne za \u017eivot. &#8211; To je pakao na zemlji!, tako vremenske neprilike opisuju stanovnici sjeverozapada Sjedinjenih Dr\u017eava. Ve\u0107ina tamo\u0161njih saveznih dr\u017eava suo\u010dena je s rekordno visokim temperaturama [&hellip;]","og_url":"https:\/\/radioljubuski.ba\/index.php\/2021\/06\/27\/vrucine-opasne-po-zivot-diljem-sad-a\/","og_site_name":"RADIO LJUBU\u0160KI","article_publisher":"https:\/\/www.facebook.com\/Radiio-Ljubuski-1490835324566332","article_published_time":"2021-06-26T23:07:20+00:00","article_modified_time":"2021-06-26T23:07:21+00:00","og_image":[{"width":275,"height":183,"url":"https:\/\/radioljubuski.ba\/wp-content\/uploads\/2021\/06\/preuzmi-54.jpg","type":"image\/jpeg"}],"author":"Radio Ljubu\u0161ki","twitter_card":"summary_large_image","twitter_creator":"@radioljubuski","twitter_site":"@radioljubuski","twitter_misc":{"Napisao\/la":"Radio Ljubu\u0161ki","Procijenjeno vrijeme \u010ditanja":"2 minute"},"schema":{"@context":"https:\/\/schema.org","@graph":[{"@type":"Article","@id":"https:\/\/radioljubuski.ba\/index.php\/2021\/06\/27\/vrucine-opasne-po-zivot-diljem-sad-a\/#article","isPartOf":{"@id":"https:\/\/radioljubuski.ba\/index.php\/2021\/06\/27\/vrucine-opasne-po-zivot-diljem-sad-a\/"},"author":{"name":"Radio Ljubu\u0161ki","@id":"https:\/\/radioljubuski.ba\/#\/schema\/person\/19fc700381a780f69665d7956c469e3b"},"headline":"Vru\u0107ine opasne po \u017eivot diljem SAD-a","datePublished":"2021-06-26T23:07:20+00:00","dateModified":"2021-06-26T23:07:21+00:00","mainEntityOfPage":{"@id":"https:\/\/radioljubuski.ba\/index.php\/2021\/06\/27\/vrucine-opasne-po-zivot-diljem-sad-a\/"},"wordCount":432,"publisher":{"@id":"https:\/\/radioljubuski.ba\/#organization"},"image":{"@id":"https:\/\/radioljubuski.ba\/index.php\/2021\/06\/27\/vrucine-opasne-po-zivot-diljem-sad-a\/#primaryimage"},"thumbnailUrl":"https:\/\/radioljubuski.ba\/wp-content\/uploads\/2021\/06\/preuzmi-54.jpg","articleSection":["BIH i regija"],"inLanguage":"hr"},{"@type":"WebPage","@id":"https:\/\/radioljubuski.ba\/index.php\/2021\/06\/27\/vrucine-opasne-po-zivot-diljem-sad-a\/","url":"https:\/\/radioljubuski.ba\/index.php\/2021\/06\/27\/vrucine-opasne-po-zivot-diljem-sad-a\/","name":"Vru\u0107ine opasne po \u017eivot diljem SAD-a - RADIO LJUBU\u0160KI","isPartOf":{"@id":"https:\/\/radioljubuski.ba\/#website"},"primaryImageOfPage":{"@id":"https:\/\/radioljubuski.ba\/index.php\/2021\/06\/27\/vrucine-opasne-po-zivot-diljem-sad-a\/#primaryimage"},"image":{"@id":"https:\/\/radioljubuski.ba\/index.php\/2021\/06\/27\/vrucine-opasne-po-zivot-diljem-sad-a\/#primaryimage"},"thumbnailUrl":"https:\/\/radioljubuski.ba\/wp-content\/uploads\/2021\/06\/preuzmi-54.jpg","datePublished":"2021-06-26T23:07:20+00:00","dateModified":"2021-06-26T23:07:21+00:00","breadcrumb":{"@id":"https:\/\/radioljubuski.ba\/index.php\/2021\/06\/27\/vrucine-opasne-po-zivot-diljem-sad-a\/#breadcrumb"},"inLanguage":"hr","potentialAction":[{"@type":"ReadAction","target":["https:\/\/radioljubuski.ba\/index.php\/2021\/06\/27\/vrucine-opasne-po-zivot-diljem-sad-a\/"]}]},{"@type":"ImageObject","inLanguage":"hr","@id":"https:\/\/radioljubuski.ba\/index.php\/2021\/06\/27\/vrucine-opasne-po-zivot-diljem-sad-a\/#primaryimage","url":"https:\/\/radioljubuski.ba\/wp-content\/uploads\/2021\/06\/preuzmi-54.jpg","contentUrl":"https:\/\/radioljubuski.ba\/wp-content\/uploads\/2021\/06\/preuzmi-54.jpg","width":275,"height":183},{"@type":"BreadcrumbList","@id":"https:\/\/radioljubuski.ba\/index.php\/2021\/06\/27\/vrucine-opasne-po-zivot-diljem-sad-a\/#breadcrumb","itemListElement":[{"@type":"ListItem","position":1,"name":"Po\u010detna stranica","item":"https:\/\/radioljubuski.ba\/"},{"@type":"ListItem","position":2,"name":"Vru\u0107ine opasne po \u017eivot diljem SAD-a"}]},{"@type":"WebSite","@id":"https:\/\/radioljubuski.ba\/#website","url":"https:\/\/radioljubuski.ba\/","name":"Radio Ljubu\u0161ki","description":"Sun\u010dana frekvencija Hercegovine","publisher":{"@id":"https:\/\/radioljubuski.ba\/#organization"},"potentialAction":[{"@type":"SearchAction","target":{"@type":"EntryPoint","urlTemplate":"https:\/\/radioljubuski.ba\/?s={search_term_string}"},"query-input":{"@type":"PropertyValueSpecification","valueRequired":true,"valueName":"search_term_string"}}],"inLanguage":"hr"},{"@type":"Organization","@id":"https:\/\/radioljubuski.ba\/#organization","name":"Radio Ljubu\u0161ki","url":"https:\/\/radioljubuski.ba\/","logo":{"@type":"ImageObject","inLanguage":"hr","@id":"https:\/\/radioljubuski.ba\/#\/schema\/logo\/image\/","url":"https:\/\/radioljubuski.ba\/wp-content\/uploads\/2021\/02\/cropped-Radio_Ljubuski_logo1.jpg","contentUrl":"https:\/\/radioljubuski.ba\/wp-content\/uploads\/2021\/02\/cropped-Radio_Ljubuski_logo1.jpg","width":512,"height":512,"caption":"Radio Ljubu\u0161ki"},"image":{"@id":"https:\/\/radioljubuski.ba\/#\/schema\/logo\/image\/"},"sameAs":["https:\/\/www.facebook.com\/Radiio-Ljubuski-1490835324566332","https:\/\/x.com\/radioljubuski","https:\/\/hr.linkedin.com\/company\/radio-ljubuski","https:\/\/www.youtube.com\/channel\/UCHYaeO_n0Db3tjNGudGpXyw"]},{"@type":"Person","@id":"https:\/\/radioljubuski.ba\/#\/schema\/person\/19fc700381a780f69665d7956c469e3b","name":"Radio Ljubu\u0161ki"}]}},"_links":{"self":[{"href":"https:\/\/radioljubuski.ba\/index.php\/wp-json\/wp\/v2\/posts\/36213","targetHints":{"allow":["GET"]}}],"collection":[{"href":"https:\/\/radioljubuski.ba\/index.php\/wp-json\/wp\/v2\/posts"}],"about":[{"href":"https:\/\/radioljubuski.ba\/index.php\/wp-json\/wp\/v2\/types\/post"}],"author":[{"embeddable":true,"href":"https:\/\/radioljubuski.ba\/index.php\/wp-json\/wp\/v2\/users\/2"}],"replies":[{"embeddable":true,"href":"https:\/\/radioljubuski.ba\/index.php\/wp-json\/wp\/v2\/comments?post=36213"}],"version-history":[{"count":1,"href":"https:\/\/radioljubuski.ba\/index.php\/wp-json\/wp\/v2\/posts\/36213\/revisions"}],"predecessor-version":[{"id":36215,"href":"https:\/\/radioljubuski.ba\/index.php\/wp-json\/wp\/v2\/posts\/36213\/revisions\/36215"}],"wp:featuredmedia":[{"embeddable":true,"href":"https:\/\/radioljubuski.ba\/index.php\/wp-json\/wp\/v2\/media\/36214"}],"wp:attachment":[{"href":"https:\/\/radioljubuski.ba\/index.php\/wp-json\/wp\/v2\/media?parent=36213"}],"wp:term":[{"taxonomy":"category","embeddable":true,"href":"https:\/\/radioljubuski.ba\/index.php\/wp-json\/wp\/v2\/categories?post=36213"},{"taxonomy":"post_tag","embeddable":true,"href":"https:\/\/radioljubuski.ba\/index.php\/wp-json\/wp\/v2\/tags?post=36213"}],"curies":[{"name":"wp","href":"https:\/\/api.w.org\/{rel}","templated":true}]}}