{"id":36216,"date":"2021-06-27T00:47:02","date_gmt":"2021-06-26T23:47:02","guid":{"rendered":"https:\/\/radioljubuski.ba\/?p=36216"},"modified":"2021-06-27T00:47:03","modified_gmt":"2021-06-26T23:47:03","slug":"40-godisnjicu-gospinih-ukazanja-pilot-proslavio-na-nebu-iznad-medugorja","status":"publish","type":"post","link":"https:\/\/radioljubuski.ba\/index.php\/2021\/06\/27\/40-godisnjicu-gospinih-ukazanja-pilot-proslavio-na-nebu-iznad-medugorja\/","title":{"rendered":"40. godi\u0161njicu Gospinih ukazanja pilot proslavio na nebu iznad Me\u0111ugorja"},"content":{"rendered":"\n<p>Ovih dana svjedo\u010dili smo nevjerojatnim prizorima u Me\u0111ugorju a jedan takav se odvijao ni manje ni vi\u0161e nego na nebu iznad njega. Mo\u017eda je netko i primijetio neobi\u010dan let aviona kroz mnoga okolna mjesta koji je \u201cispisivao\u201dsimbole putanjom kri\u017ea i broja 40.<\/p>\n\n\n\n<figure class=\"wp-block-image\"><img decoding=\"async\" src=\"https:\/\/www.brotnjo.info\/wp-content\/uploads\/2021\/06\/avionom-u-medugorje-1.jpg\" alt=\"\"\/><\/figure>\n\n\n\n<p>Kako bi zahvalio Gospi za sve primljene milosti i za ovih 40 godina Gospine prisutnosti, pilot aviona gdin. Mato\u0161evi\u0107 iz \u0160vicarske odradio je pravu misiju vinuv\u0161i se u nebo. Za svoj pothvat poslao nam je kartu i fotografije svog leta rekav\u0161i nam kako i za\u0161to je do\u0161ao na ovu originalnu ideju.<br>\u201cMe\u0111ugorje sam posjetio ove godine u 3 mjesecu. Bilo mi je jako ugodno i sebi sam rekao kako opet moram do\u0107i. Do\u0161ao sam na 40. godi\u0161njicu Gospinih ukazanja na poziv svojih prijatelja kod kojih sam ovdje boravio. Drago mi je da sam danas ovdje. Neki od vas su mo\u017eda primijetili manji avion kako leti iznad Me\u0111ugorja.<\/p>\n\n\n\n<figure class=\"wp-block-image\"><img decoding=\"async\" src=\"https:\/\/www.brotnjo.info\/wp-content\/uploads\/2021\/06\/avionom-u-medugorje.jpg\" alt=\"\"\/><\/figure>\n\n\n\n<p>Prije spu\u0161tanja u Mostar sam letio putanjom u formaciji oblika kri\u017ea i broja 40 koji predstavlja \u010detrdeset godina me\u0111ugorskih ukazanja. Ovaj manevar mo\u017ee se vidjeti preko servisa FlightRadar koji je me\u0111u svjetskim avijati\u010darima veoma popularan i gledan. Glavni motiv ovoga leta upravo je bio to, da se diljem svijeta pro\u010duje za Me\u0111ugorje a mo\u017eda i netko tko nije nikada \u010duo za njega da ga upozna i 40. obljetnicu koji smo proslavili na ovaj neobi\u010dan na\u010din\u201d.<\/p>\n\n\n\n<figure class=\"wp-block-image\"><img decoding=\"async\" src=\"https:\/\/www.brotnjo.info\/wp-content\/uploads\/2021\/06\/avionom-u-medugorje-2.jpg\" alt=\"\"\/><\/figure>\n\n\n\n<p><strong>Medjugorje-info.com<\/strong><\/p>\n","protected":false},"excerpt":{"rendered":"<p>Ovih dana svjedo\u010dili smo nevjerojatnim prizorima u Me\u0111ugorju a jedan takav se odvijao ni manje ni vi\u0161e nego na nebu iznad njega. Mo\u017eda je netko i primijetio neobi\u010dan let aviona kroz mnoga okolna mjesta koji je \u201cispisivao\u201dsimbole putanjom kri\u017ea i broja 40. Kako bi zahvalio Gospi za sve primljene milosti i za ovih 40 godina [&hellip;]<\/p>\n","protected":false},"author":2,"featured_media":36217,"comment_status":"closed","ping_status":"closed","sticky":false,"template":"","format":"standard","meta":{"h5ap_radio_sources":[],"footnotes":""},"categories":[1],"tags":[],"class_list":["post-36216","post","type-post","status-publish","format-standard","has-post-thumbnail","hentry","category-bihiregija"],"yoast_head":"<!-- This site is optimized with the Yoast SEO plugin v27.5 - https:\/\/yoast.com\/product\/yoast-seo-wordpress\/ -->\n<title>40. godi\u0161njicu Gospinih ukazanja pilot proslavio na nebu iznad Me\u0111ugorja - RADIO LJUBU\u0160KI<\/title>\n<meta name=\"robots\" content=\"index, follow, max-snippet:-1, max-image-preview:large, max-video-preview:-1\" \/>\n<link rel=\"canonical\" href=\"https:\/\/radioljubuski.ba\/index.php\/2021\/06\/27\/40-godisnjicu-gospinih-ukazanja-pilot-proslavio-na-nebu-iznad-medugorja\/\" \/>\n<meta property=\"og:locale\" content=\"hr_HR\" \/>\n<meta property=\"og:type\" content=\"article\" \/>\n<meta property=\"og:title\" content=\"40. godi\u0161njicu Gospinih ukazanja pilot proslavio na nebu iznad Me\u0111ugorja - RADIO LJUBU\u0160KI\" \/>\n<meta property=\"og:description\" content=\"Ovih dana svjedo\u010dili smo nevjerojatnim prizorima u Me\u0111ugorju a jedan takav se odvijao ni manje ni vi\u0161e nego na nebu iznad njega. Mo\u017eda je netko i primijetio neobi\u010dan let aviona kroz mnoga okolna mjesta koji je \u201cispisivao\u201dsimbole putanjom kri\u017ea i broja 40. Kako bi zahvalio Gospi za sve primljene milosti i za ovih 40 godina [&hellip;]\" \/>\n<meta property=\"og:url\" content=\"https:\/\/radioljubuski.ba\/index.php\/2021\/06\/27\/40-godisnjicu-gospinih-ukazanja-pilot-proslavio-na-nebu-iznad-medugorja\/\" \/>\n<meta property=\"og:site_name\" content=\"RADIO LJUBU\u0160KI\" \/>\n<meta property=\"article:publisher\" content=\"https:\/\/www.facebook.com\/Radiio-Ljubuski-1490835324566332\" \/>\n<meta property=\"article:published_time\" content=\"2021-06-26T23:47:02+00:00\" \/>\n<meta property=\"article:modified_time\" content=\"2021-06-26T23:47:03+00:00\" \/>\n<meta property=\"og:image\" content=\"https:\/\/radioljubuski.ba\/wp-content\/uploads\/2021\/06\/avion-let-medjugorje-640x320-1.jpg\" \/>\n\t<meta property=\"og:image:width\" content=\"640\" \/>\n\t<meta property=\"og:image:height\" content=\"320\" \/>\n\t<meta property=\"og:image:type\" content=\"image\/jpeg\" \/>\n<meta name=\"author\" content=\"Radio Ljubu\u0161ki\" \/>\n<meta name=\"twitter:card\" content=\"summary_large_image\" \/>\n<meta name=\"twitter:creator\" content=\"@radioljubuski\" \/>\n<meta name=\"twitter:site\" content=\"@radioljubuski\" \/>\n<meta name=\"twitter:label1\" content=\"Napisao\/la\" \/>\n\t<meta name=\"twitter:data1\" content=\"Radio Ljubu\u0161ki\" \/>\n\t<meta name=\"twitter:label2\" content=\"Procijenjeno vrijeme \u010ditanja\" \/>\n\t<meta name=\"twitter:data2\" content=\"2 minute\" \/>\n<script type=\"application\/ld+json\" class=\"yoast-schema-graph\">{\"@context\":\"https:\\\/\\\/schema.org\",\"@graph\":[{\"@type\":\"Article\",\"@id\":\"https:\\\/\\\/radioljubuski.ba\\\/index.php\\\/2021\\\/06\\\/27\\\/40-godisnjicu-gospinih-ukazanja-pilot-proslavio-na-nebu-iznad-medugorja\\\/#article\",\"isPartOf\":{\"@id\":\"https:\\\/\\\/radioljubuski.ba\\\/index.php\\\/2021\\\/06\\\/27\\\/40-godisnjicu-gospinih-ukazanja-pilot-proslavio-na-nebu-iznad-medugorja\\\/\"},\"author\":{\"name\":\"Radio Ljubu\u0161ki\",\"@id\":\"https:\\\/\\\/radioljubuski.ba\\\/#\\\/schema\\\/person\\\/19fc700381a780f69665d7956c469e3b\"},\"headline\":\"40. godi\u0161njicu Gospinih ukazanja pilot proslavio na nebu iznad Me\u0111ugorja\",\"datePublished\":\"2021-06-26T23:47:02+00:00\",\"dateModified\":\"2021-06-26T23:47:03+00:00\",\"mainEntityOfPage\":{\"@id\":\"https:\\\/\\\/radioljubuski.ba\\\/index.php\\\/2021\\\/06\\\/27\\\/40-godisnjicu-gospinih-ukazanja-pilot-proslavio-na-nebu-iznad-medugorja\\\/\"},\"wordCount\":260,\"publisher\":{\"@id\":\"https:\\\/\\\/radioljubuski.ba\\\/#organization\"},\"image\":{\"@id\":\"https:\\\/\\\/radioljubuski.ba\\\/index.php\\\/2021\\\/06\\\/27\\\/40-godisnjicu-gospinih-ukazanja-pilot-proslavio-na-nebu-iznad-medugorja\\\/#primaryimage\"},\"thumbnailUrl\":\"https:\\\/\\\/radioljubuski.ba\\\/wp-content\\\/uploads\\\/2021\\\/06\\\/avion-let-medjugorje-640x320-1.jpg\",\"articleSection\":[\"BIH i regija\"],\"inLanguage\":\"hr\"},{\"@type\":\"WebPage\",\"@id\":\"https:\\\/\\\/radioljubuski.ba\\\/index.php\\\/2021\\\/06\\\/27\\\/40-godisnjicu-gospinih-ukazanja-pilot-proslavio-na-nebu-iznad-medugorja\\\/\",\"url\":\"https:\\\/\\\/radioljubuski.ba\\\/index.php\\\/2021\\\/06\\\/27\\\/40-godisnjicu-gospinih-ukazanja-pilot-proslavio-na-nebu-iznad-medugorja\\\/\",\"name\":\"40. godi\u0161njicu Gospinih ukazanja pilot proslavio na nebu iznad Me\u0111ugorja - RADIO LJUBU\u0160KI\",\"isPartOf\":{\"@id\":\"https:\\\/\\\/radioljubuski.ba\\\/#website\"},\"primaryImageOfPage\":{\"@id\":\"https:\\\/\\\/radioljubuski.ba\\\/index.php\\\/2021\\\/06\\\/27\\\/40-godisnjicu-gospinih-ukazanja-pilot-proslavio-na-nebu-iznad-medugorja\\\/#primaryimage\"},\"image\":{\"@id\":\"https:\\\/\\\/radioljubuski.ba\\\/index.php\\\/2021\\\/06\\\/27\\\/40-godisnjicu-gospinih-ukazanja-pilot-proslavio-na-nebu-iznad-medugorja\\\/#primaryimage\"},\"thumbnailUrl\":\"https:\\\/\\\/radioljubuski.ba\\\/wp-content\\\/uploads\\\/2021\\\/06\\\/avion-let-medjugorje-640x320-1.jpg\",\"datePublished\":\"2021-06-26T23:47:02+00:00\",\"dateModified\":\"2021-06-26T23:47:03+00:00\",\"breadcrumb\":{\"@id\":\"https:\\\/\\\/radioljubuski.ba\\\/index.php\\\/2021\\\/06\\\/27\\\/40-godisnjicu-gospinih-ukazanja-pilot-proslavio-na-nebu-iznad-medugorja\\\/#breadcrumb\"},\"inLanguage\":\"hr\",\"potentialAction\":[{\"@type\":\"ReadAction\",\"target\":[\"https:\\\/\\\/radioljubuski.ba\\\/index.php\\\/2021\\\/06\\\/27\\\/40-godisnjicu-gospinih-ukazanja-pilot-proslavio-na-nebu-iznad-medugorja\\\/\"]}]},{\"@type\":\"ImageObject\",\"inLanguage\":\"hr\",\"@id\":\"https:\\\/\\\/radioljubuski.ba\\\/index.php\\\/2021\\\/06\\\/27\\\/40-godisnjicu-gospinih-ukazanja-pilot-proslavio-na-nebu-iznad-medugorja\\\/#primaryimage\",\"url\":\"https:\\\/\\\/radioljubuski.ba\\\/wp-content\\\/uploads\\\/2021\\\/06\\\/avion-let-medjugorje-640x320-1.jpg\",\"contentUrl\":\"https:\\\/\\\/radioljubuski.ba\\\/wp-content\\\/uploads\\\/2021\\\/06\\\/avion-let-medjugorje-640x320-1.jpg\",\"width\":640,\"height\":320},{\"@type\":\"BreadcrumbList\",\"@id\":\"https:\\\/\\\/radioljubuski.ba\\\/index.php\\\/2021\\\/06\\\/27\\\/40-godisnjicu-gospinih-ukazanja-pilot-proslavio-na-nebu-iznad-medugorja\\\/#breadcrumb\",\"itemListElement\":[{\"@type\":\"ListItem\",\"position\":1,\"name\":\"Po\u010detna stranica\",\"item\":\"https:\\\/\\\/radioljubuski.ba\\\/\"},{\"@type\":\"ListItem\",\"position\":2,\"name\":\"40. godi\u0161njicu Gospinih ukazanja pilot proslavio na nebu iznad Me\u0111ugorja\"}]},{\"@type\":\"WebSite\",\"@id\":\"https:\\\/\\\/radioljubuski.ba\\\/#website\",\"url\":\"https:\\\/\\\/radioljubuski.ba\\\/\",\"name\":\"Radio Ljubu\u0161ki\",\"description\":\"Sun\u010dana frekvencija Hercegovine\",\"publisher\":{\"@id\":\"https:\\\/\\\/radioljubuski.ba\\\/#organization\"},\"potentialAction\":[{\"@type\":\"SearchAction\",\"target\":{\"@type\":\"EntryPoint\",\"urlTemplate\":\"https:\\\/\\\/radioljubuski.ba\\\/?s={search_term_string}\"},\"query-input\":{\"@type\":\"PropertyValueSpecification\",\"valueRequired\":true,\"valueName\":\"search_term_string\"}}],\"inLanguage\":\"hr\"},{\"@type\":\"Organization\",\"@id\":\"https:\\\/\\\/radioljubuski.ba\\\/#organization\",\"name\":\"Radio Ljubu\u0161ki\",\"url\":\"https:\\\/\\\/radioljubuski.ba\\\/\",\"logo\":{\"@type\":\"ImageObject\",\"inLanguage\":\"hr\",\"@id\":\"https:\\\/\\\/radioljubuski.ba\\\/#\\\/schema\\\/logo\\\/image\\\/\",\"url\":\"https:\\\/\\\/radioljubuski.ba\\\/wp-content\\\/uploads\\\/2021\\\/02\\\/cropped-Radio_Ljubuski_logo1.jpg\",\"contentUrl\":\"https:\\\/\\\/radioljubuski.ba\\\/wp-content\\\/uploads\\\/2021\\\/02\\\/cropped-Radio_Ljubuski_logo1.jpg\",\"width\":512,\"height\":512,\"caption\":\"Radio Ljubu\u0161ki\"},\"image\":{\"@id\":\"https:\\\/\\\/radioljubuski.ba\\\/#\\\/schema\\\/logo\\\/image\\\/\"},\"sameAs\":[\"https:\\\/\\\/www.facebook.com\\\/Radiio-Ljubuski-1490835324566332\",\"https:\\\/\\\/x.com\\\/radioljubuski\",\"https:\\\/\\\/hr.linkedin.com\\\/company\\\/radio-ljubuski\",\"https:\\\/\\\/www.youtube.com\\\/channel\\\/UCHYaeO_n0Db3tjNGudGpXyw\"]},{\"@type\":\"Person\",\"@id\":\"https:\\\/\\\/radioljubuski.ba\\\/#\\\/schema\\\/person\\\/19fc700381a780f69665d7956c469e3b\",\"name\":\"Radio Ljubu\u0161ki\"}]}<\/script>\n<!-- \/ Yoast SEO plugin. -->","yoast_head_json":{"title":"40. godi\u0161njicu Gospinih ukazanja pilot proslavio na nebu iznad Me\u0111ugorja - RADIO LJUBU\u0160KI","robots":{"index":"index","follow":"follow","max-snippet":"max-snippet:-1","max-image-preview":"max-image-preview:large","max-video-preview":"max-video-preview:-1"},"canonical":"https:\/\/radioljubuski.ba\/index.php\/2021\/06\/27\/40-godisnjicu-gospinih-ukazanja-pilot-proslavio-na-nebu-iznad-medugorja\/","og_locale":"hr_HR","og_type":"article","og_title":"40. godi\u0161njicu Gospinih ukazanja pilot proslavio na nebu iznad Me\u0111ugorja - RADIO LJUBU\u0160KI","og_description":"Ovih dana svjedo\u010dili smo nevjerojatnim prizorima u Me\u0111ugorju a jedan takav se odvijao ni manje ni vi\u0161e nego na nebu iznad njega. Mo\u017eda je netko i primijetio neobi\u010dan let aviona kroz mnoga okolna mjesta koji je \u201cispisivao\u201dsimbole putanjom kri\u017ea i broja 40. Kako bi zahvalio Gospi za sve primljene milosti i za ovih 40 godina [&hellip;]","og_url":"https:\/\/radioljubuski.ba\/index.php\/2021\/06\/27\/40-godisnjicu-gospinih-ukazanja-pilot-proslavio-na-nebu-iznad-medugorja\/","og_site_name":"RADIO LJUBU\u0160KI","article_publisher":"https:\/\/www.facebook.com\/Radiio-Ljubuski-1490835324566332","article_published_time":"2021-06-26T23:47:02+00:00","article_modified_time":"2021-06-26T23:47:03+00:00","og_image":[{"width":640,"height":320,"url":"https:\/\/radioljubuski.ba\/wp-content\/uploads\/2021\/06\/avion-let-medjugorje-640x320-1.jpg","type":"image\/jpeg"}],"author":"Radio Ljubu\u0161ki","twitter_card":"summary_large_image","twitter_creator":"@radioljubuski","twitter_site":"@radioljubuski","twitter_misc":{"Napisao\/la":"Radio Ljubu\u0161ki","Procijenjeno vrijeme \u010ditanja":"2 minute"},"schema":{"@context":"https:\/\/schema.org","@graph":[{"@type":"Article","@id":"https:\/\/radioljubuski.ba\/index.php\/2021\/06\/27\/40-godisnjicu-gospinih-ukazanja-pilot-proslavio-na-nebu-iznad-medugorja\/#article","isPartOf":{"@id":"https:\/\/radioljubuski.ba\/index.php\/2021\/06\/27\/40-godisnjicu-gospinih-ukazanja-pilot-proslavio-na-nebu-iznad-medugorja\/"},"author":{"name":"Radio Ljubu\u0161ki","@id":"https:\/\/radioljubuski.ba\/#\/schema\/person\/19fc700381a780f69665d7956c469e3b"},"headline":"40. godi\u0161njicu Gospinih ukazanja pilot proslavio na nebu iznad Me\u0111ugorja","datePublished":"2021-06-26T23:47:02+00:00","dateModified":"2021-06-26T23:47:03+00:00","mainEntityOfPage":{"@id":"https:\/\/radioljubuski.ba\/index.php\/2021\/06\/27\/40-godisnjicu-gospinih-ukazanja-pilot-proslavio-na-nebu-iznad-medugorja\/"},"wordCount":260,"publisher":{"@id":"https:\/\/radioljubuski.ba\/#organization"},"image":{"@id":"https:\/\/radioljubuski.ba\/index.php\/2021\/06\/27\/40-godisnjicu-gospinih-ukazanja-pilot-proslavio-na-nebu-iznad-medugorja\/#primaryimage"},"thumbnailUrl":"https:\/\/radioljubuski.ba\/wp-content\/uploads\/2021\/06\/avion-let-medjugorje-640x320-1.jpg","articleSection":["BIH i regija"],"inLanguage":"hr"},{"@type":"WebPage","@id":"https:\/\/radioljubuski.ba\/index.php\/2021\/06\/27\/40-godisnjicu-gospinih-ukazanja-pilot-proslavio-na-nebu-iznad-medugorja\/","url":"https:\/\/radioljubuski.ba\/index.php\/2021\/06\/27\/40-godisnjicu-gospinih-ukazanja-pilot-proslavio-na-nebu-iznad-medugorja\/","name":"40. godi\u0161njicu Gospinih ukazanja pilot proslavio na nebu iznad Me\u0111ugorja - RADIO LJUBU\u0160KI","isPartOf":{"@id":"https:\/\/radioljubuski.ba\/#website"},"primaryImageOfPage":{"@id":"https:\/\/radioljubuski.ba\/index.php\/2021\/06\/27\/40-godisnjicu-gospinih-ukazanja-pilot-proslavio-na-nebu-iznad-medugorja\/#primaryimage"},"image":{"@id":"https:\/\/radioljubuski.ba\/index.php\/2021\/06\/27\/40-godisnjicu-gospinih-ukazanja-pilot-proslavio-na-nebu-iznad-medugorja\/#primaryimage"},"thumbnailUrl":"https:\/\/radioljubuski.ba\/wp-content\/uploads\/2021\/06\/avion-let-medjugorje-640x320-1.jpg","datePublished":"2021-06-26T23:47:02+00:00","dateModified":"2021-06-26T23:47:03+00:00","breadcrumb":{"@id":"https:\/\/radioljubuski.ba\/index.php\/2021\/06\/27\/40-godisnjicu-gospinih-ukazanja-pilot-proslavio-na-nebu-iznad-medugorja\/#breadcrumb"},"inLanguage":"hr","potentialAction":[{"@type":"ReadAction","target":["https:\/\/radioljubuski.ba\/index.php\/2021\/06\/27\/40-godisnjicu-gospinih-ukazanja-pilot-proslavio-na-nebu-iznad-medugorja\/"]}]},{"@type":"ImageObject","inLanguage":"hr","@id":"https:\/\/radioljubuski.ba\/index.php\/2021\/06\/27\/40-godisnjicu-gospinih-ukazanja-pilot-proslavio-na-nebu-iznad-medugorja\/#primaryimage","url":"https:\/\/radioljubuski.ba\/wp-content\/uploads\/2021\/06\/avion-let-medjugorje-640x320-1.jpg","contentUrl":"https:\/\/radioljubuski.ba\/wp-content\/uploads\/2021\/06\/avion-let-medjugorje-640x320-1.jpg","width":640,"height":320},{"@type":"BreadcrumbList","@id":"https:\/\/radioljubuski.ba\/index.php\/2021\/06\/27\/40-godisnjicu-gospinih-ukazanja-pilot-proslavio-na-nebu-iznad-medugorja\/#breadcrumb","itemListElement":[{"@type":"ListItem","position":1,"name":"Po\u010detna stranica","item":"https:\/\/radioljubuski.ba\/"},{"@type":"ListItem","position":2,"name":"40. godi\u0161njicu Gospinih ukazanja pilot proslavio na nebu iznad Me\u0111ugorja"}]},{"@type":"WebSite","@id":"https:\/\/radioljubuski.ba\/#website","url":"https:\/\/radioljubuski.ba\/","name":"Radio Ljubu\u0161ki","description":"Sun\u010dana frekvencija Hercegovine","publisher":{"@id":"https:\/\/radioljubuski.ba\/#organization"},"potentialAction":[{"@type":"SearchAction","target":{"@type":"EntryPoint","urlTemplate":"https:\/\/radioljubuski.ba\/?s={search_term_string}"},"query-input":{"@type":"PropertyValueSpecification","valueRequired":true,"valueName":"search_term_string"}}],"inLanguage":"hr"},{"@type":"Organization","@id":"https:\/\/radioljubuski.ba\/#organization","name":"Radio Ljubu\u0161ki","url":"https:\/\/radioljubuski.ba\/","logo":{"@type":"ImageObject","inLanguage":"hr","@id":"https:\/\/radioljubuski.ba\/#\/schema\/logo\/image\/","url":"https:\/\/radioljubuski.ba\/wp-content\/uploads\/2021\/02\/cropped-Radio_Ljubuski_logo1.jpg","contentUrl":"https:\/\/radioljubuski.ba\/wp-content\/uploads\/2021\/02\/cropped-Radio_Ljubuski_logo1.jpg","width":512,"height":512,"caption":"Radio Ljubu\u0161ki"},"image":{"@id":"https:\/\/radioljubuski.ba\/#\/schema\/logo\/image\/"},"sameAs":["https:\/\/www.facebook.com\/Radiio-Ljubuski-1490835324566332","https:\/\/x.com\/radioljubuski","https:\/\/hr.linkedin.com\/company\/radio-ljubuski","https:\/\/www.youtube.com\/channel\/UCHYaeO_n0Db3tjNGudGpXyw"]},{"@type":"Person","@id":"https:\/\/radioljubuski.ba\/#\/schema\/person\/19fc700381a780f69665d7956c469e3b","name":"Radio Ljubu\u0161ki"}]}},"_links":{"self":[{"href":"https:\/\/radioljubuski.ba\/index.php\/wp-json\/wp\/v2\/posts\/36216","targetHints":{"allow":["GET"]}}],"collection":[{"href":"https:\/\/radioljubuski.ba\/index.php\/wp-json\/wp\/v2\/posts"}],"about":[{"href":"https:\/\/radioljubuski.ba\/index.php\/wp-json\/wp\/v2\/types\/post"}],"author":[{"embeddable":true,"href":"https:\/\/radioljubuski.ba\/index.php\/wp-json\/wp\/v2\/users\/2"}],"replies":[{"embeddable":true,"href":"https:\/\/radioljubuski.ba\/index.php\/wp-json\/wp\/v2\/comments?post=36216"}],"version-history":[{"count":1,"href":"https:\/\/radioljubuski.ba\/index.php\/wp-json\/wp\/v2\/posts\/36216\/revisions"}],"predecessor-version":[{"id":36218,"href":"https:\/\/radioljubuski.ba\/index.php\/wp-json\/wp\/v2\/posts\/36216\/revisions\/36218"}],"wp:featuredmedia":[{"embeddable":true,"href":"https:\/\/radioljubuski.ba\/index.php\/wp-json\/wp\/v2\/media\/36217"}],"wp:attachment":[{"href":"https:\/\/radioljubuski.ba\/index.php\/wp-json\/wp\/v2\/media?parent=36216"}],"wp:term":[{"taxonomy":"category","embeddable":true,"href":"https:\/\/radioljubuski.ba\/index.php\/wp-json\/wp\/v2\/categories?post=36216"},{"taxonomy":"post_tag","embeddable":true,"href":"https:\/\/radioljubuski.ba\/index.php\/wp-json\/wp\/v2\/tags?post=36216"}],"curies":[{"name":"wp","href":"https:\/\/api.w.org\/{rel}","templated":true}]}}