{"id":36222,"date":"2021-06-27T00:53:32","date_gmt":"2021-06-26T23:53:32","guid":{"rendered":"https:\/\/radioljubuski.ba\/?p=36222"},"modified":"2021-06-27T00:53:34","modified_gmt":"2021-06-26T23:53:34","slug":"komentar-svecenika-simbolican-dan-s-jedne-strane-europski-parlament-ozakonjuje-anti-misu-a-s-druge-strane-40-godina-milosti","status":"publish","type":"post","link":"https:\/\/radioljubuski.ba\/index.php\/2021\/06\/27\/komentar-svecenika-simbolican-dan-s-jedne-strane-europski-parlament-ozakonjuje-anti-misu-a-s-druge-strane-40-godina-milosti\/","title":{"rendered":"Komentar sve\u0107enika: &#8220;Simboli\u010dan dan. S jedne strane Europski parlament ozakonjuje anti-misu, a s druge strane 40 godina milosti! &#8220;"},"content":{"rendered":"\n<p>Prenosimo vam komentar karmeli\u0107anina Josipa Kre\u0161imira Brahmeca na dana\u0161nje evan\u0111elje i na usvajanje rezolucije&nbsp;hrvatskog zastupnika Predraga Freda Mati\u0107a&nbsp;o pravu na poba\u010daju&nbsp;u&nbsp;Europskom parlamentu.<\/p>\n\n\n\n<p>&#8220;Isus je izlije\u010dio gubavca (Mt 8, 1-4) jer je gubavac to \u017eelio. Molio je Isusa ponizno. Sveti Franjo je imao mnogo vrlina ali sa jednom se jako borio. Osje\u0107ao je veliko ga\u0111enje prema gubavcima. Kako je pobijedio? Zagrlio je i poljubio gubavca vidjev\u0161i Krista u njemu. Nije izlije\u010dio gubavca kao Isus u dana\u0161njem evan\u0111elju ali je izlije\u010dio sebe, tj. dopustio je Isusu da ga izlije\u010di. \u010cini mi se da je od tada postao \u017eivi svetac. Ubio je posljednjeg razbojnika u sebi jednim \u010dinom su\u0107uti i ljubavi prema sirotom gubavcu, ubio je posljednju mrvu gube u svojoj du\u0161i.<\/p>\n\n\n\n<p>Danas zlo dovodi svoju igru skoro do savr\u0161enstva. Kli\u010de \u017ee\u0161\u0107e nego na Kalvariji kada se je Isus bio razapinjan. Zlo ima sva sredstva da zagospodari ljudima, da ih prevari i iskoristi za zle namjere. Mediji, zakoni, opravdavanje zla, izvrtanje istine i la\u017ei protiv dobra. Tako\u0111er, zlo uspijeva zbog \u0161utnje dobrih, zbog straha i komocije onih koji bi trebali glasno re\u0107i ne zlu. Nekako se \u010dini da ve\u0107ina za koju smatram da je od dobra a ne od zla, o\u010dekuje da se sve nekako samo poslo\u017ei, ali ne\u0107e, ne\u0107e nikada Bog osvojiti svijet, zagospodariti srcima ljudi &#8211; bez nas.<\/p>\n\n\n\n<p>Od silne vike na Kalvariji, ostao je samo Isus na Kri\u017eu, Isusova Majka, nekoliko \u017eena i apostol Ivan. Mo\u017eda koji obra\u0107eni vojnik, neki u\u010denici pristigli iz sigurne udaljenosti&#8230;.i tu je ro\u0111ena Crkva. Katoli\u010dka Crkva. Prije 6 godina na Mladifestu u Me\u0111ugorju, novinar me za radio Mir pitao \u0161to je za mene Me\u0111ugorska duhovnost. Odgovorio sam da ne poznajem tu duhovnost ali da u Me\u0111ugorju vidim samo katoli\u010dku duhovnost i Katoli\u010dku Crkvu u pravom smislu rije\u010di &#8211; katholik\u00f3s \u2013 univerzalna, sveop\u0107a crkva (\u03ba\u03b1\u03c4\u03ac; kat\u00e1 \u2013 prema + \u1f45\u03bb\u03bf\u03c2; h\u00f3los \u2013 svima). Crkva za sve narode, za sve ljude. Zbor Bo\u017eji. Doista bilu su tamo svi narodi svijeta, sve kulture, sva Bo\u017eja djeca.<\/p>\n\n\n\n<p>Ju\u010der je bio jako simboli\u010dan dan. Europski parlament ozakonjuje anti-misu, \u017ertvovanje nevine djece \u0111avlu, ubijanje du\u0161e majke, lije\u010dnika, politi\u010dara, svih koji podr\u017eavaju. I 40 godina milosti! 40 godina od kada je Isusova Majka do\u0161la kao Kraljica mira. Da pomiri svijet. Ne da podijeli na dobre i lo\u0161e ve\u0107 da ih ujedini. Sveti Franjo je ljubio ono \u0161to mu se gadi da sebe spasi. Isto trebamo i mi. Samo na\u0161a ljubav mo\u017ee izlije\u010diti one koje jednako \u017ealimo ali i preziremo. Ljube\u0107i ih Bo\u017ejom ljubavi, izlije\u010diti \u0107emo i sebe. Jednako nama treba taj poljubac kao njima. Poljubac kao kontra Judinu poljupcu, Franjin poljubac du\u0161ama zahva\u0107enim gubom.<\/p>\n\n\n\n<p>Ju\u010der sam \u010duo sotonin krik zadovoljstva u medijima i hvale jednog \u0111avla drugome, posu\u0111uju\u0107i ljudski glas, glas djeteta Bo\u017ejega. Ali jo\u0161 vi\u0161e sam vidio jednu kolonu mira, procesiju ljubavi koje je i\u0161la posve mirno, u korak s Kristom i Majkom njegovom. Mole\u0107i, mole\u0107i za mir i obra\u0107enje. Vidio sam u njima poljubac Krista \u010dovje\u010danstvu, poljubac Majke svim na\u0161im gubama. Vidio sam pobjedni\u010dku vojsku. Imam mir. Bog pobje\u0111uje. Sve \u0107e, iako uz progone, biti dobro. Majka najavljuje pobjedni\u010dku pjesmu. Viva Cristo, viva Maria!&#8221;<\/p>\n\n\n\n<iframe loading=\"lazy\" src=\"https:\/\/www.facebook.com\/plugins\/post.php?href=https%3A%2F%2Fwww.facebook.com%2Fmerkat.mail%2Fposts%2F10224382759570508&#038;show_text=true&#038;width=500\" width=\"500\" height=\"539\" style=\"border:none;overflow:hidden\" scrolling=\"no\" frameborder=\"0\" allowfullscreen=\"true\" allow=\"autoplay; clipboard-write; encrypted-media; picture-in-picture; web-share\"><\/iframe>\n\n\n\n<p>Izvor:medjugorje-info.com<\/p>\n","protected":false},"excerpt":{"rendered":"<p>Prenosimo vam komentar karmeli\u0107anina Josipa Kre\u0161imira Brahmeca na dana\u0161nje evan\u0111elje i na usvajanje rezolucije&nbsp;hrvatskog zastupnika Predraga Freda Mati\u0107a&nbsp;o pravu na poba\u010daju&nbsp;u&nbsp;Europskom parlamentu. &#8220;Isus je izlije\u010dio gubavca (Mt 8, 1-4) jer je gubavac to \u017eelio. Molio je Isusa ponizno. Sveti Franjo je imao mnogo vrlina ali sa jednom se jako borio. Osje\u0107ao je veliko ga\u0111enje prema [&hellip;]<\/p>\n","protected":false},"author":2,"featured_media":36223,"comment_status":"closed","ping_status":"closed","sticky":false,"template":"","format":"standard","meta":{"h5ap_radio_sources":[],"footnotes":""},"categories":[1],"tags":[],"class_list":["post-36222","post","type-post","status-publish","format-standard","has-post-thumbnail","hentry","category-bihiregija"],"yoast_head":"<!-- This site is optimized with the Yoast SEO plugin v27.5 - https:\/\/yoast.com\/product\/yoast-seo-wordpress\/ -->\n<title>Komentar sve\u0107enika: &quot;Simboli\u010dan dan. S jedne strane Europski parlament ozakonjuje anti-misu, a s druge strane 40 godina milosti! &quot; - RADIO LJUBU\u0160KI<\/title>\n<meta name=\"robots\" content=\"index, follow, max-snippet:-1, max-image-preview:large, max-video-preview:-1\" \/>\n<link rel=\"canonical\" href=\"https:\/\/radioljubuski.ba\/index.php\/2021\/06\/27\/komentar-svecenika-simbolican-dan-s-jedne-strane-europski-parlament-ozakonjuje-anti-misu-a-s-druge-strane-40-godina-milosti\/\" \/>\n<meta property=\"og:locale\" content=\"hr_HR\" \/>\n<meta property=\"og:type\" content=\"article\" \/>\n<meta property=\"og:title\" content=\"Komentar sve\u0107enika: &quot;Simboli\u010dan dan. S jedne strane Europski parlament ozakonjuje anti-misu, a s druge strane 40 godina milosti! &quot; - RADIO LJUBU\u0160KI\" \/>\n<meta property=\"og:description\" content=\"Prenosimo vam komentar karmeli\u0107anina Josipa Kre\u0161imira Brahmeca na dana\u0161nje evan\u0111elje i na usvajanje rezolucije&nbsp;hrvatskog zastupnika Predraga Freda Mati\u0107a&nbsp;o pravu na poba\u010daju&nbsp;u&nbsp;Europskom parlamentu. &#8220;Isus je izlije\u010dio gubavca (Mt 8, 1-4) jer je gubavac to \u017eelio. Molio je Isusa ponizno. Sveti Franjo je imao mnogo vrlina ali sa jednom se jako borio. Osje\u0107ao je veliko ga\u0111enje prema [&hellip;]\" \/>\n<meta property=\"og:url\" content=\"https:\/\/radioljubuski.ba\/index.php\/2021\/06\/27\/komentar-svecenika-simbolican-dan-s-jedne-strane-europski-parlament-ozakonjuje-anti-misu-a-s-druge-strane-40-godina-milosti\/\" \/>\n<meta property=\"og:site_name\" content=\"RADIO LJUBU\u0160KI\" \/>\n<meta property=\"article:publisher\" content=\"https:\/\/www.facebook.com\/Radiio-Ljubuski-1490835324566332\" \/>\n<meta property=\"article:published_time\" content=\"2021-06-26T23:53:32+00:00\" \/>\n<meta property=\"article:modified_time\" content=\"2021-06-26T23:53:34+00:00\" \/>\n<meta property=\"og:image\" content=\"https:\/\/radioljubuski.ba\/wp-content\/uploads\/2021\/06\/procesija-hod-za-mir-ivan-dragicevic.jpg\" \/>\n\t<meta property=\"og:image:width\" content=\"740\" \/>\n\t<meta property=\"og:image:height\" content=\"370\" \/>\n\t<meta property=\"og:image:type\" content=\"image\/jpeg\" \/>\n<meta name=\"author\" content=\"Radio Ljubu\u0161ki\" \/>\n<meta name=\"twitter:card\" content=\"summary_large_image\" \/>\n<meta name=\"twitter:creator\" content=\"@radioljubuski\" \/>\n<meta name=\"twitter:site\" content=\"@radioljubuski\" \/>\n<meta name=\"twitter:label1\" content=\"Napisao\/la\" \/>\n\t<meta name=\"twitter:data1\" content=\"Radio Ljubu\u0161ki\" \/>\n\t<meta name=\"twitter:label2\" content=\"Procijenjeno vrijeme \u010ditanja\" \/>\n\t<meta name=\"twitter:data2\" content=\"3 minute\" \/>\n<script type=\"application\/ld+json\" class=\"yoast-schema-graph\">{\"@context\":\"https:\\\/\\\/schema.org\",\"@graph\":[{\"@type\":\"Article\",\"@id\":\"https:\\\/\\\/radioljubuski.ba\\\/index.php\\\/2021\\\/06\\\/27\\\/komentar-svecenika-simbolican-dan-s-jedne-strane-europski-parlament-ozakonjuje-anti-misu-a-s-druge-strane-40-godina-milosti\\\/#article\",\"isPartOf\":{\"@id\":\"https:\\\/\\\/radioljubuski.ba\\\/index.php\\\/2021\\\/06\\\/27\\\/komentar-svecenika-simbolican-dan-s-jedne-strane-europski-parlament-ozakonjuje-anti-misu-a-s-druge-strane-40-godina-milosti\\\/\"},\"author\":{\"name\":\"Radio Ljubu\u0161ki\",\"@id\":\"https:\\\/\\\/radioljubuski.ba\\\/#\\\/schema\\\/person\\\/19fc700381a780f69665d7956c469e3b\"},\"headline\":\"Komentar sve\u0107enika: &#8220;Simboli\u010dan dan. S jedne strane Europski parlament ozakonjuje anti-misu, a s druge strane 40 godina milosti! &#8220;\",\"datePublished\":\"2021-06-26T23:53:32+00:00\",\"dateModified\":\"2021-06-26T23:53:34+00:00\",\"mainEntityOfPage\":{\"@id\":\"https:\\\/\\\/radioljubuski.ba\\\/index.php\\\/2021\\\/06\\\/27\\\/komentar-svecenika-simbolican-dan-s-jedne-strane-europski-parlament-ozakonjuje-anti-misu-a-s-druge-strane-40-godina-milosti\\\/\"},\"wordCount\":610,\"publisher\":{\"@id\":\"https:\\\/\\\/radioljubuski.ba\\\/#organization\"},\"image\":{\"@id\":\"https:\\\/\\\/radioljubuski.ba\\\/index.php\\\/2021\\\/06\\\/27\\\/komentar-svecenika-simbolican-dan-s-jedne-strane-europski-parlament-ozakonjuje-anti-misu-a-s-druge-strane-40-godina-milosti\\\/#primaryimage\"},\"thumbnailUrl\":\"https:\\\/\\\/radioljubuski.ba\\\/wp-content\\\/uploads\\\/2021\\\/06\\\/procesija-hod-za-mir-ivan-dragicevic.jpg\",\"articleSection\":[\"BIH i regija\"],\"inLanguage\":\"hr\"},{\"@type\":\"WebPage\",\"@id\":\"https:\\\/\\\/radioljubuski.ba\\\/index.php\\\/2021\\\/06\\\/27\\\/komentar-svecenika-simbolican-dan-s-jedne-strane-europski-parlament-ozakonjuje-anti-misu-a-s-druge-strane-40-godina-milosti\\\/\",\"url\":\"https:\\\/\\\/radioljubuski.ba\\\/index.php\\\/2021\\\/06\\\/27\\\/komentar-svecenika-simbolican-dan-s-jedne-strane-europski-parlament-ozakonjuje-anti-misu-a-s-druge-strane-40-godina-milosti\\\/\",\"name\":\"Komentar sve\u0107enika: \\\"Simboli\u010dan dan. S jedne strane Europski parlament ozakonjuje anti-misu, a s druge strane 40 godina milosti! \\\" - RADIO LJUBU\u0160KI\",\"isPartOf\":{\"@id\":\"https:\\\/\\\/radioljubuski.ba\\\/#website\"},\"primaryImageOfPage\":{\"@id\":\"https:\\\/\\\/radioljubuski.ba\\\/index.php\\\/2021\\\/06\\\/27\\\/komentar-svecenika-simbolican-dan-s-jedne-strane-europski-parlament-ozakonjuje-anti-misu-a-s-druge-strane-40-godina-milosti\\\/#primaryimage\"},\"image\":{\"@id\":\"https:\\\/\\\/radioljubuski.ba\\\/index.php\\\/2021\\\/06\\\/27\\\/komentar-svecenika-simbolican-dan-s-jedne-strane-europski-parlament-ozakonjuje-anti-misu-a-s-druge-strane-40-godina-milosti\\\/#primaryimage\"},\"thumbnailUrl\":\"https:\\\/\\\/radioljubuski.ba\\\/wp-content\\\/uploads\\\/2021\\\/06\\\/procesija-hod-za-mir-ivan-dragicevic.jpg\",\"datePublished\":\"2021-06-26T23:53:32+00:00\",\"dateModified\":\"2021-06-26T23:53:34+00:00\",\"breadcrumb\":{\"@id\":\"https:\\\/\\\/radioljubuski.ba\\\/index.php\\\/2021\\\/06\\\/27\\\/komentar-svecenika-simbolican-dan-s-jedne-strane-europski-parlament-ozakonjuje-anti-misu-a-s-druge-strane-40-godina-milosti\\\/#breadcrumb\"},\"inLanguage\":\"hr\",\"potentialAction\":[{\"@type\":\"ReadAction\",\"target\":[\"https:\\\/\\\/radioljubuski.ba\\\/index.php\\\/2021\\\/06\\\/27\\\/komentar-svecenika-simbolican-dan-s-jedne-strane-europski-parlament-ozakonjuje-anti-misu-a-s-druge-strane-40-godina-milosti\\\/\"]}]},{\"@type\":\"ImageObject\",\"inLanguage\":\"hr\",\"@id\":\"https:\\\/\\\/radioljubuski.ba\\\/index.php\\\/2021\\\/06\\\/27\\\/komentar-svecenika-simbolican-dan-s-jedne-strane-europski-parlament-ozakonjuje-anti-misu-a-s-druge-strane-40-godina-milosti\\\/#primaryimage\",\"url\":\"https:\\\/\\\/radioljubuski.ba\\\/wp-content\\\/uploads\\\/2021\\\/06\\\/procesija-hod-za-mir-ivan-dragicevic.jpg\",\"contentUrl\":\"https:\\\/\\\/radioljubuski.ba\\\/wp-content\\\/uploads\\\/2021\\\/06\\\/procesija-hod-za-mir-ivan-dragicevic.jpg\",\"width\":740,\"height\":370},{\"@type\":\"BreadcrumbList\",\"@id\":\"https:\\\/\\\/radioljubuski.ba\\\/index.php\\\/2021\\\/06\\\/27\\\/komentar-svecenika-simbolican-dan-s-jedne-strane-europski-parlament-ozakonjuje-anti-misu-a-s-druge-strane-40-godina-milosti\\\/#breadcrumb\",\"itemListElement\":[{\"@type\":\"ListItem\",\"position\":1,\"name\":\"Po\u010detna stranica\",\"item\":\"https:\\\/\\\/radioljubuski.ba\\\/\"},{\"@type\":\"ListItem\",\"position\":2,\"name\":\"Komentar sve\u0107enika: &#8220;Simboli\u010dan dan. S jedne strane Europski parlament ozakonjuje anti-misu, a s druge strane 40 godina milosti! &#8220;\"}]},{\"@type\":\"WebSite\",\"@id\":\"https:\\\/\\\/radioljubuski.ba\\\/#website\",\"url\":\"https:\\\/\\\/radioljubuski.ba\\\/\",\"name\":\"Radio Ljubu\u0161ki\",\"description\":\"Sun\u010dana frekvencija Hercegovine\",\"publisher\":{\"@id\":\"https:\\\/\\\/radioljubuski.ba\\\/#organization\"},\"potentialAction\":[{\"@type\":\"SearchAction\",\"target\":{\"@type\":\"EntryPoint\",\"urlTemplate\":\"https:\\\/\\\/radioljubuski.ba\\\/?s={search_term_string}\"},\"query-input\":{\"@type\":\"PropertyValueSpecification\",\"valueRequired\":true,\"valueName\":\"search_term_string\"}}],\"inLanguage\":\"hr\"},{\"@type\":\"Organization\",\"@id\":\"https:\\\/\\\/radioljubuski.ba\\\/#organization\",\"name\":\"Radio Ljubu\u0161ki\",\"url\":\"https:\\\/\\\/radioljubuski.ba\\\/\",\"logo\":{\"@type\":\"ImageObject\",\"inLanguage\":\"hr\",\"@id\":\"https:\\\/\\\/radioljubuski.ba\\\/#\\\/schema\\\/logo\\\/image\\\/\",\"url\":\"https:\\\/\\\/radioljubuski.ba\\\/wp-content\\\/uploads\\\/2021\\\/02\\\/cropped-Radio_Ljubuski_logo1.jpg\",\"contentUrl\":\"https:\\\/\\\/radioljubuski.ba\\\/wp-content\\\/uploads\\\/2021\\\/02\\\/cropped-Radio_Ljubuski_logo1.jpg\",\"width\":512,\"height\":512,\"caption\":\"Radio Ljubu\u0161ki\"},\"image\":{\"@id\":\"https:\\\/\\\/radioljubuski.ba\\\/#\\\/schema\\\/logo\\\/image\\\/\"},\"sameAs\":[\"https:\\\/\\\/www.facebook.com\\\/Radiio-Ljubuski-1490835324566332\",\"https:\\\/\\\/x.com\\\/radioljubuski\",\"https:\\\/\\\/hr.linkedin.com\\\/company\\\/radio-ljubuski\",\"https:\\\/\\\/www.youtube.com\\\/channel\\\/UCHYaeO_n0Db3tjNGudGpXyw\"]},{\"@type\":\"Person\",\"@id\":\"https:\\\/\\\/radioljubuski.ba\\\/#\\\/schema\\\/person\\\/19fc700381a780f69665d7956c469e3b\",\"name\":\"Radio Ljubu\u0161ki\"}]}<\/script>\n<!-- \/ Yoast SEO plugin. -->","yoast_head_json":{"title":"Komentar sve\u0107enika: \"Simboli\u010dan dan. S jedne strane Europski parlament ozakonjuje anti-misu, a s druge strane 40 godina milosti! \" - RADIO LJUBU\u0160KI","robots":{"index":"index","follow":"follow","max-snippet":"max-snippet:-1","max-image-preview":"max-image-preview:large","max-video-preview":"max-video-preview:-1"},"canonical":"https:\/\/radioljubuski.ba\/index.php\/2021\/06\/27\/komentar-svecenika-simbolican-dan-s-jedne-strane-europski-parlament-ozakonjuje-anti-misu-a-s-druge-strane-40-godina-milosti\/","og_locale":"hr_HR","og_type":"article","og_title":"Komentar sve\u0107enika: \"Simboli\u010dan dan. S jedne strane Europski parlament ozakonjuje anti-misu, a s druge strane 40 godina milosti! \" - RADIO LJUBU\u0160KI","og_description":"Prenosimo vam komentar karmeli\u0107anina Josipa Kre\u0161imira Brahmeca na dana\u0161nje evan\u0111elje i na usvajanje rezolucije&nbsp;hrvatskog zastupnika Predraga Freda Mati\u0107a&nbsp;o pravu na poba\u010daju&nbsp;u&nbsp;Europskom parlamentu. &#8220;Isus je izlije\u010dio gubavca (Mt 8, 1-4) jer je gubavac to \u017eelio. Molio je Isusa ponizno. Sveti Franjo je imao mnogo vrlina ali sa jednom se jako borio. Osje\u0107ao je veliko ga\u0111enje prema [&hellip;]","og_url":"https:\/\/radioljubuski.ba\/index.php\/2021\/06\/27\/komentar-svecenika-simbolican-dan-s-jedne-strane-europski-parlament-ozakonjuje-anti-misu-a-s-druge-strane-40-godina-milosti\/","og_site_name":"RADIO LJUBU\u0160KI","article_publisher":"https:\/\/www.facebook.com\/Radiio-Ljubuski-1490835324566332","article_published_time":"2021-06-26T23:53:32+00:00","article_modified_time":"2021-06-26T23:53:34+00:00","og_image":[{"width":740,"height":370,"url":"https:\/\/radioljubuski.ba\/wp-content\/uploads\/2021\/06\/procesija-hod-za-mir-ivan-dragicevic.jpg","type":"image\/jpeg"}],"author":"Radio Ljubu\u0161ki","twitter_card":"summary_large_image","twitter_creator":"@radioljubuski","twitter_site":"@radioljubuski","twitter_misc":{"Napisao\/la":"Radio Ljubu\u0161ki","Procijenjeno vrijeme \u010ditanja":"3 minute"},"schema":{"@context":"https:\/\/schema.org","@graph":[{"@type":"Article","@id":"https:\/\/radioljubuski.ba\/index.php\/2021\/06\/27\/komentar-svecenika-simbolican-dan-s-jedne-strane-europski-parlament-ozakonjuje-anti-misu-a-s-druge-strane-40-godina-milosti\/#article","isPartOf":{"@id":"https:\/\/radioljubuski.ba\/index.php\/2021\/06\/27\/komentar-svecenika-simbolican-dan-s-jedne-strane-europski-parlament-ozakonjuje-anti-misu-a-s-druge-strane-40-godina-milosti\/"},"author":{"name":"Radio Ljubu\u0161ki","@id":"https:\/\/radioljubuski.ba\/#\/schema\/person\/19fc700381a780f69665d7956c469e3b"},"headline":"Komentar sve\u0107enika: &#8220;Simboli\u010dan dan. S jedne strane Europski parlament ozakonjuje anti-misu, a s druge strane 40 godina milosti! &#8220;","datePublished":"2021-06-26T23:53:32+00:00","dateModified":"2021-06-26T23:53:34+00:00","mainEntityOfPage":{"@id":"https:\/\/radioljubuski.ba\/index.php\/2021\/06\/27\/komentar-svecenika-simbolican-dan-s-jedne-strane-europski-parlament-ozakonjuje-anti-misu-a-s-druge-strane-40-godina-milosti\/"},"wordCount":610,"publisher":{"@id":"https:\/\/radioljubuski.ba\/#organization"},"image":{"@id":"https:\/\/radioljubuski.ba\/index.php\/2021\/06\/27\/komentar-svecenika-simbolican-dan-s-jedne-strane-europski-parlament-ozakonjuje-anti-misu-a-s-druge-strane-40-godina-milosti\/#primaryimage"},"thumbnailUrl":"https:\/\/radioljubuski.ba\/wp-content\/uploads\/2021\/06\/procesija-hod-za-mir-ivan-dragicevic.jpg","articleSection":["BIH i regija"],"inLanguage":"hr"},{"@type":"WebPage","@id":"https:\/\/radioljubuski.ba\/index.php\/2021\/06\/27\/komentar-svecenika-simbolican-dan-s-jedne-strane-europski-parlament-ozakonjuje-anti-misu-a-s-druge-strane-40-godina-milosti\/","url":"https:\/\/radioljubuski.ba\/index.php\/2021\/06\/27\/komentar-svecenika-simbolican-dan-s-jedne-strane-europski-parlament-ozakonjuje-anti-misu-a-s-druge-strane-40-godina-milosti\/","name":"Komentar sve\u0107enika: \"Simboli\u010dan dan. S jedne strane Europski parlament ozakonjuje anti-misu, a s druge strane 40 godina milosti! \" - RADIO LJUBU\u0160KI","isPartOf":{"@id":"https:\/\/radioljubuski.ba\/#website"},"primaryImageOfPage":{"@id":"https:\/\/radioljubuski.ba\/index.php\/2021\/06\/27\/komentar-svecenika-simbolican-dan-s-jedne-strane-europski-parlament-ozakonjuje-anti-misu-a-s-druge-strane-40-godina-milosti\/#primaryimage"},"image":{"@id":"https:\/\/radioljubuski.ba\/index.php\/2021\/06\/27\/komentar-svecenika-simbolican-dan-s-jedne-strane-europski-parlament-ozakonjuje-anti-misu-a-s-druge-strane-40-godina-milosti\/#primaryimage"},"thumbnailUrl":"https:\/\/radioljubuski.ba\/wp-content\/uploads\/2021\/06\/procesija-hod-za-mir-ivan-dragicevic.jpg","datePublished":"2021-06-26T23:53:32+00:00","dateModified":"2021-06-26T23:53:34+00:00","breadcrumb":{"@id":"https:\/\/radioljubuski.ba\/index.php\/2021\/06\/27\/komentar-svecenika-simbolican-dan-s-jedne-strane-europski-parlament-ozakonjuje-anti-misu-a-s-druge-strane-40-godina-milosti\/#breadcrumb"},"inLanguage":"hr","potentialAction":[{"@type":"ReadAction","target":["https:\/\/radioljubuski.ba\/index.php\/2021\/06\/27\/komentar-svecenika-simbolican-dan-s-jedne-strane-europski-parlament-ozakonjuje-anti-misu-a-s-druge-strane-40-godina-milosti\/"]}]},{"@type":"ImageObject","inLanguage":"hr","@id":"https:\/\/radioljubuski.ba\/index.php\/2021\/06\/27\/komentar-svecenika-simbolican-dan-s-jedne-strane-europski-parlament-ozakonjuje-anti-misu-a-s-druge-strane-40-godina-milosti\/#primaryimage","url":"https:\/\/radioljubuski.ba\/wp-content\/uploads\/2021\/06\/procesija-hod-za-mir-ivan-dragicevic.jpg","contentUrl":"https:\/\/radioljubuski.ba\/wp-content\/uploads\/2021\/06\/procesija-hod-za-mir-ivan-dragicevic.jpg","width":740,"height":370},{"@type":"BreadcrumbList","@id":"https:\/\/radioljubuski.ba\/index.php\/2021\/06\/27\/komentar-svecenika-simbolican-dan-s-jedne-strane-europski-parlament-ozakonjuje-anti-misu-a-s-druge-strane-40-godina-milosti\/#breadcrumb","itemListElement":[{"@type":"ListItem","position":1,"name":"Po\u010detna stranica","item":"https:\/\/radioljubuski.ba\/"},{"@type":"ListItem","position":2,"name":"Komentar sve\u0107enika: &#8220;Simboli\u010dan dan. S jedne strane Europski parlament ozakonjuje anti-misu, a s druge strane 40 godina milosti! &#8220;"}]},{"@type":"WebSite","@id":"https:\/\/radioljubuski.ba\/#website","url":"https:\/\/radioljubuski.ba\/","name":"Radio Ljubu\u0161ki","description":"Sun\u010dana frekvencija Hercegovine","publisher":{"@id":"https:\/\/radioljubuski.ba\/#organization"},"potentialAction":[{"@type":"SearchAction","target":{"@type":"EntryPoint","urlTemplate":"https:\/\/radioljubuski.ba\/?s={search_term_string}"},"query-input":{"@type":"PropertyValueSpecification","valueRequired":true,"valueName":"search_term_string"}}],"inLanguage":"hr"},{"@type":"Organization","@id":"https:\/\/radioljubuski.ba\/#organization","name":"Radio Ljubu\u0161ki","url":"https:\/\/radioljubuski.ba\/","logo":{"@type":"ImageObject","inLanguage":"hr","@id":"https:\/\/radioljubuski.ba\/#\/schema\/logo\/image\/","url":"https:\/\/radioljubuski.ba\/wp-content\/uploads\/2021\/02\/cropped-Radio_Ljubuski_logo1.jpg","contentUrl":"https:\/\/radioljubuski.ba\/wp-content\/uploads\/2021\/02\/cropped-Radio_Ljubuski_logo1.jpg","width":512,"height":512,"caption":"Radio Ljubu\u0161ki"},"image":{"@id":"https:\/\/radioljubuski.ba\/#\/schema\/logo\/image\/"},"sameAs":["https:\/\/www.facebook.com\/Radiio-Ljubuski-1490835324566332","https:\/\/x.com\/radioljubuski","https:\/\/hr.linkedin.com\/company\/radio-ljubuski","https:\/\/www.youtube.com\/channel\/UCHYaeO_n0Db3tjNGudGpXyw"]},{"@type":"Person","@id":"https:\/\/radioljubuski.ba\/#\/schema\/person\/19fc700381a780f69665d7956c469e3b","name":"Radio Ljubu\u0161ki"}]}},"_links":{"self":[{"href":"https:\/\/radioljubuski.ba\/index.php\/wp-json\/wp\/v2\/posts\/36222","targetHints":{"allow":["GET"]}}],"collection":[{"href":"https:\/\/radioljubuski.ba\/index.php\/wp-json\/wp\/v2\/posts"}],"about":[{"href":"https:\/\/radioljubuski.ba\/index.php\/wp-json\/wp\/v2\/types\/post"}],"author":[{"embeddable":true,"href":"https:\/\/radioljubuski.ba\/index.php\/wp-json\/wp\/v2\/users\/2"}],"replies":[{"embeddable":true,"href":"https:\/\/radioljubuski.ba\/index.php\/wp-json\/wp\/v2\/comments?post=36222"}],"version-history":[{"count":1,"href":"https:\/\/radioljubuski.ba\/index.php\/wp-json\/wp\/v2\/posts\/36222\/revisions"}],"predecessor-version":[{"id":36224,"href":"https:\/\/radioljubuski.ba\/index.php\/wp-json\/wp\/v2\/posts\/36222\/revisions\/36224"}],"wp:featuredmedia":[{"embeddable":true,"href":"https:\/\/radioljubuski.ba\/index.php\/wp-json\/wp\/v2\/media\/36223"}],"wp:attachment":[{"href":"https:\/\/radioljubuski.ba\/index.php\/wp-json\/wp\/v2\/media?parent=36222"}],"wp:term":[{"taxonomy":"category","embeddable":true,"href":"https:\/\/radioljubuski.ba\/index.php\/wp-json\/wp\/v2\/categories?post=36222"},{"taxonomy":"post_tag","embeddable":true,"href":"https:\/\/radioljubuski.ba\/index.php\/wp-json\/wp\/v2\/tags?post=36222"}],"curies":[{"name":"wp","href":"https:\/\/api.w.org\/{rel}","templated":true}]}}