{"id":36225,"date":"2021-06-27T00:55:51","date_gmt":"2021-06-26T23:55:51","guid":{"rendered":"https:\/\/radioljubuski.ba\/?p=36225"},"modified":"2021-06-27T00:55:52","modified_gmt":"2021-06-26T23:55:52","slug":"blanka-klasic-medugorje-hvala-ti-za-40-godina-milosti-na-svakoj-poruci-za-sve-nebeske-darove-sada-molimo-za-tvoje-uzasasce","status":"publish","type":"post","link":"https:\/\/radioljubuski.ba\/index.php\/2021\/06\/27\/blanka-klasic-medugorje-hvala-ti-za-40-godina-milosti-na-svakoj-poruci-za-sve-nebeske-darove-sada-molimo-za-tvoje-uzasasce\/","title":{"rendered":"Blanka Klasi\u0107: Me\u0111ugorje, hvala Ti za 40 godina milosti, na svakoj poruci, za sve Nebeske darove! Sada molimo za tvoje \u2018Uza\u0161a\u0161\u0107e\u2019"},"content":{"rendered":"\n<p>Me\u0111ugorje, hvala Ti!<\/p>\n\n\n\n<p>Za 40 godina milosti, nade i ljepote.<br>Za 40 godina Gospine blizine, na porukama istine i plodovima mira.<br>Za 40 godina blagoslova, utjehe i sve nebeske darove.<br>Hvala ti \u0161to si na\u0161e uto\u010di\u0161te, luka spasa i most izme\u0111u neba i zemlje.<br>Odabrano od vje\u010dnosti, na\u0161e si sada i ra\u0111anje budu\u0107ih nada. Svjetlo koje rastjeruje tamu, zvijezda u no\u0107i, sunce na\u0161ih dana.<br>Me\u0111ugorje, hvala Ti!<br>Na svakom obra\u0107enju, svjedo\u010danstvu i za spas svake du\u0161e.<br>Hvala Ti za Brdo ukazanja, za Kri\u017eevac, na svim stazama koje prolaze kroz tebe, na svakoj postaji kri\u017enog puta, na svakom otajstvu u ovoj oazi mira.<\/p>\n\n\n\n<p>Hvala ti!<br>Za \u010dudo Uskrsloga Krista, na svakoj kaplji suze \u0161to je potekla iz Njegovog boka, \u0161to je prala grijehe, lomila okove, osloba\u0111ala zarobljene.<br>Za crkvu sv. Jakova u kojoj su mnogi upoznali Isusa i Njegovu beskrajnu ljubav, \u0161to je prihva\u0107ala sve i \u0161to je najljep\u0161i izvor \u017eive vode ikada potekao u svijet.<br>Za svaki tvoj centimetar, mjesto i kamen, za svaki dijeli\u0107 pro\u0161losti, sada\u0161njosti i budu\u0107nosti.<br>Za zrak koji ovdje di\u0161emo, za sunce koje te grije, za duh kojim zra\u010di\u0161, za svaki pogled na tebe.<\/p>\n\n\n\n<p>Me\u0111ugorje, hvala Ti! \u0160to si ve\u0107 40 godina spas gre\u0161nicima, vrata raja, izvor svakog blagoslova. Na svakom sve\u0107eniku, svim fratrima i \u010dasnim sestrama, na svakoj misi i na svakoj ispovijedi.<\/p>\n\n\n\n<p>Hvala ti kroz ovih 40 godina za svakog hodo\u010dasnika, za sve one \u0161to su ti do\u0161li bez nade a oti\u0161li od tebe s vjerom koja premje\u0161ta brda. Samo nebo ti je granica, milost beskrajna.<br>Hvala ti \u0161to si odraz Raja &#8211; Nebeskog Jeruzalema, bez po\u010detka i kraja.<\/p>\n\n\n\n<p>Hvala ti \u0161to si Ljubav nevoljenima, mir nemirnima, dom odba\u010denima.<br>Hvala Ti \u0161to si me\u0111u nas se smjestilo i \u0161to si gora na\u0161ih usli\u0161anih molitava, beskraj mira i vje\u010dna ljubav sa nebeskih izvora, \u0161to si rijeka koja te\u010de od juga do sjevera i od istoka do zapada.<br>Me\u0111ugorje, hvala ti za svaku godinu, minutu i sekundu tvog postojanja.<br>Od vje\u010dnosti satkano u mislima Oca Svemogu\u0107ega, zamilovano Duhom Svetim,<br>hvala ti \u0161to si Nebo na\u0161ih dana, \u0161to si odabralo ovaj komad \u0161krte zemlje za spas \u010dovje\u010danstva.<\/p>\n\n\n\n<p>Me\u0111ugorje, hvala ti, za 25.6.1981., datum koji je promijenio smjer povijesti i odredio budu\u0107nost milijunima ljudi, za otvoreno nebo nad dolinom na\u0161ih stradanja i \u0161to si izlilo na nas, beskona\u010dno svjetlo i slapove blagoslova.<br>Hvala ti \u0161to se Ona, Nadivnija i Izabrana, Isusova Majka, spustila u na\u0161e mrakove i strahove, \u0161to je pru\u017eila ruku pomirenja i privela nas u Bo\u017eji zagrljaj, stavila pod svoj pla\u0161t ljubavi i sa\u010duvala od Zloga.<br>Me\u0111ugorje, hvala ti za ime \u0161to ga ponosno kazuje\u0161 i predstavlja\u0161, \u0161to cijelom zemljom odjekuje, \u0161to ga tvojih an\u0111ela bezbroj u svijet nose. Hvala, \u0161to me\u0111u tvojim gorama ovaj ranjeni svijet se mijenja, obnavlja i lije\u010di, \u0161to na spomen tvoga imena &#8211; ME\u0110UGORJE, bje\u017ee sile tame.<br>Me\u0111ugorje hvala ti, \u0161to nosi\u0161 tu \u010dast da na tvojim brdima sja, obasjana rasplesanim suncem, Kraljica mira, na\u0161a nada i utjeha.<br>Hvala ti za svaki Njen silazak, svaku rije\u010d poteklu sa Njenih usana, svaki pogled i treptaj s Njenih beskrajno plavih o\u010diju, svaki pokret ruku, pru\u017eenima prema nama.<br>Hvala na svakom ukazanju kroz ovih 40 godina, na svakom dodiru neba sa vremenitim i prolaznim, na Gospinom glasu zbog kojeg nam srce pjeva u zahvalama, hvala ti na molitvama koje \u010duva\u0161 u svojim grudima.<br>Hvala Ti Me\u0111ugorje, \u0161to si prijestolje Kraljice mira, grad na gori, svjetlo na kraju tunela, staza obra\u0107enja, put u raj.<br>Hvala na 40 godina nade i bezuvjetne ljubavi, na uskrslim srcima, na svjedo\u010danstvu vjere i istine, \u0161to si kolijekva novog ra\u0111anja, \u010dvrsta stijena, luka spasa i hram pomirenja.<\/p>\n\n\n\n<p>Hvala Ti Me\u0111ugorje, \u0161to si staza posve\u0107enog hoda izabranog Bo\u017ejeg naroda, poput onog od Egipta do Obe\u0107ane zemlje koji je trajao 40 godina, hvala ti \u0161to si obe\u0107ana zemlja za mnoge koji tra\u017ee Boga i ovdje ga nalaze.<\/p>\n\n\n\n<p>Hvala ti Me\u0111ugorje \u0161to si Noina arka \u010dovje\u010danstva, ona koja je 40 dana i 40 no\u0107i, po ki\u0161ama i olujama plovila nemirnim morima i donijela spasenje od potopa, hvala ti \u0161to si podsjetnik Bo\u017ejih obe\u0107anja svim \u017eivim bi\u0107ima na zemlji, \u0161to nad tobom vje\u010dna duga spasenja sja kao znak svima da je Bo\u017eja rije\u010d neuni\u0161tiva.<\/p>\n\n\n\n<p>Hvala ti Me\u0111ugorje \u0161to si \u0161apat laganog i blagog lahora za sve koji se hrabro bore s neda\u0107ama \u017eivota, \u0161to si slika progonjenog proroka Ilije, \u0161to si poput njega hodalo 40 dana do svete gore Bo\u017eje oslonjen samo na Boga, hvala ti \u0161ti si hrana gladnima, odmor iznemoglima, ohrabrenje i \u017eiva rije\u010d budu\u0107im prorocima.<\/p>\n\n\n\n<p>Hvala ti Me\u0111ugorje, \u0161to si \u0161ator Bo\u017eji me\u0111u ljudima, kov\u010deg saveza, slika proroka Mojsija koji je 40 dana i no\u0107i boravio na brdu Sinaj s Gospodinom. Hvala ti \u0161to i na tvojim brdima, Brdo ukazanja i Kri\u017eevac, upoznajemo Bo\u017eje zakone, \u0161to svaki njihov kamen svjedo\u010di bezbrojnim molitvama, kajanjima, suzama i oprostima.<\/p>\n\n\n\n<p>Hvala ti Me\u0111ugorje! Tvoja korizma je zavr\u0161ila, povla\u010denje u pustinju i isposni\u010dki \u017eivot, hvala ti \u0161to si izdr\u017ealo sve napade, ku\u0161nje i zamke Zloga. Tvoje vrijeme pokore prestaje, tvojih 40 znak je za nova vremena, da ulazi\u0161 u Obe\u0107anu zemlju, u radost Uskrsa.<\/p>\n\n\n\n<p>U\u010dinio si mnoga znamenja, dao mnoge znakove, ispunilo sva obe\u0107anje, hvala ti na ovom vremenu, u kojem pokazuje\u0161 da je Gospa najkra\u0107i put do Isusa i da je svaka Njena poruka zna\u010dila korak bli\u017ee Njemu. Hvala ti Me\u0111ugorje, \u0161to si 40 godina \u017eivi znak i dio svih nas, obe\u0107ajemo nositi te u srcu, moliti za tebe i sve u njemu, za tvoje slu\u017ebeno priznanje. Molimo za tvoje &#8216;Uza\u0161a\u0161\u0107e&#8217;, za tvoju svjetlu budu\u0107nost, za nove generacije koje rastu u naru\u010dju Majke. Neka nam \u017eivi Me\u0111ugorje!<\/p>\n\n\n\n<p>Hvala ti!<\/p>\n\n\n\n<p>Izvor:medjugorje-info.com<\/p>\n","protected":false},"excerpt":{"rendered":"<p>Me\u0111ugorje, hvala Ti! Za 40 godina milosti, nade i ljepote.Za 40 godina Gospine blizine, na porukama istine i plodovima mira.Za 40 godina blagoslova, utjehe i sve nebeske darove.Hvala ti \u0161to si na\u0161e uto\u010di\u0161te, luka spasa i most izme\u0111u neba i zemlje.Odabrano od vje\u010dnosti, na\u0161e si sada i ra\u0111anje budu\u0107ih nada. Svjetlo koje rastjeruje tamu, zvijezda [&hellip;]<\/p>\n","protected":false},"author":2,"featured_media":36226,"comment_status":"closed","ping_status":"closed","sticky":false,"template":"","format":"standard","meta":{"h5ap_radio_sources":[],"footnotes":""},"categories":[1],"tags":[],"class_list":["post-36225","post","type-post","status-publish","format-standard","has-post-thumbnail","hentry","category-bihiregija"],"yoast_head":"<!-- This site is optimized with the Yoast SEO plugin v27.5 - https:\/\/yoast.com\/product\/yoast-seo-wordpress\/ -->\n<title>Blanka Klasi\u0107: Me\u0111ugorje, hvala Ti za 40 godina milosti, na svakoj poruci, za sve Nebeske darove! Sada molimo za tvoje \u2018Uza\u0161a\u0161\u0107e\u2019 - RADIO LJUBU\u0160KI<\/title>\n<meta name=\"robots\" content=\"index, follow, max-snippet:-1, max-image-preview:large, max-video-preview:-1\" \/>\n<link rel=\"canonical\" href=\"https:\/\/radioljubuski.ba\/index.php\/2021\/06\/27\/blanka-klasic-medugorje-hvala-ti-za-40-godina-milosti-na-svakoj-poruci-za-sve-nebeske-darove-sada-molimo-za-tvoje-uzasasce\/\" \/>\n<meta property=\"og:locale\" content=\"hr_HR\" \/>\n<meta property=\"og:type\" content=\"article\" \/>\n<meta property=\"og:title\" content=\"Blanka Klasi\u0107: Me\u0111ugorje, hvala Ti za 40 godina milosti, na svakoj poruci, za sve Nebeske darove! Sada molimo za tvoje \u2018Uza\u0161a\u0161\u0107e\u2019 - RADIO LJUBU\u0160KI\" \/>\n<meta property=\"og:description\" content=\"Me\u0111ugorje, hvala Ti! Za 40 godina milosti, nade i ljepote.Za 40 godina Gospine blizine, na porukama istine i plodovima mira.Za 40 godina blagoslova, utjehe i sve nebeske darove.Hvala ti \u0161to si na\u0161e uto\u010di\u0161te, luka spasa i most izme\u0111u neba i zemlje.Odabrano od vje\u010dnosti, na\u0161e si sada i ra\u0111anje budu\u0107ih nada. Svjetlo koje rastjeruje tamu, zvijezda [&hellip;]\" \/>\n<meta property=\"og:url\" content=\"https:\/\/radioljubuski.ba\/index.php\/2021\/06\/27\/blanka-klasic-medugorje-hvala-ti-za-40-godina-milosti-na-svakoj-poruci-za-sve-nebeske-darove-sada-molimo-za-tvoje-uzasasce\/\" \/>\n<meta property=\"og:site_name\" content=\"RADIO LJUBU\u0160KI\" \/>\n<meta property=\"article:publisher\" content=\"https:\/\/www.facebook.com\/Radiio-Ljubuski-1490835324566332\" \/>\n<meta property=\"article:published_time\" content=\"2021-06-26T23:55:51+00:00\" \/>\n<meta property=\"article:modified_time\" content=\"2021-06-26T23:55:52+00:00\" \/>\n<meta property=\"og:image\" content=\"https:\/\/radioljubuski.ba\/wp-content\/uploads\/2021\/06\/medjugorje-kolaz-brdo-ukazanja-krizevac.jpg\" \/>\n\t<meta property=\"og:image:width\" content=\"740\" \/>\n\t<meta property=\"og:image:height\" content=\"370\" \/>\n\t<meta property=\"og:image:type\" content=\"image\/jpeg\" \/>\n<meta name=\"author\" content=\"Radio Ljubu\u0161ki\" \/>\n<meta name=\"twitter:card\" content=\"summary_large_image\" \/>\n<meta name=\"twitter:creator\" content=\"@radioljubuski\" \/>\n<meta name=\"twitter:site\" content=\"@radioljubuski\" \/>\n<meta name=\"twitter:label1\" content=\"Napisao\/la\" \/>\n\t<meta name=\"twitter:data1\" content=\"Radio Ljubu\u0161ki\" \/>\n\t<meta name=\"twitter:label2\" content=\"Procijenjeno vrijeme \u010ditanja\" \/>\n\t<meta name=\"twitter:data2\" content=\"5 minuta\" \/>\n<script type=\"application\/ld+json\" class=\"yoast-schema-graph\">{\"@context\":\"https:\\\/\\\/schema.org\",\"@graph\":[{\"@type\":\"Article\",\"@id\":\"https:\\\/\\\/radioljubuski.ba\\\/index.php\\\/2021\\\/06\\\/27\\\/blanka-klasic-medugorje-hvala-ti-za-40-godina-milosti-na-svakoj-poruci-za-sve-nebeske-darove-sada-molimo-za-tvoje-uzasasce\\\/#article\",\"isPartOf\":{\"@id\":\"https:\\\/\\\/radioljubuski.ba\\\/index.php\\\/2021\\\/06\\\/27\\\/blanka-klasic-medugorje-hvala-ti-za-40-godina-milosti-na-svakoj-poruci-za-sve-nebeske-darove-sada-molimo-za-tvoje-uzasasce\\\/\"},\"author\":{\"name\":\"Radio Ljubu\u0161ki\",\"@id\":\"https:\\\/\\\/radioljubuski.ba\\\/#\\\/schema\\\/person\\\/19fc700381a780f69665d7956c469e3b\"},\"headline\":\"Blanka Klasi\u0107: Me\u0111ugorje, hvala Ti za 40 godina milosti, na svakoj poruci, za sve Nebeske darove! Sada molimo za tvoje \u2018Uza\u0161a\u0161\u0107e\u2019\",\"datePublished\":\"2021-06-26T23:55:51+00:00\",\"dateModified\":\"2021-06-26T23:55:52+00:00\",\"mainEntityOfPage\":{\"@id\":\"https:\\\/\\\/radioljubuski.ba\\\/index.php\\\/2021\\\/06\\\/27\\\/blanka-klasic-medugorje-hvala-ti-za-40-godina-milosti-na-svakoj-poruci-za-sve-nebeske-darove-sada-molimo-za-tvoje-uzasasce\\\/\"},\"wordCount\":1050,\"publisher\":{\"@id\":\"https:\\\/\\\/radioljubuski.ba\\\/#organization\"},\"image\":{\"@id\":\"https:\\\/\\\/radioljubuski.ba\\\/index.php\\\/2021\\\/06\\\/27\\\/blanka-klasic-medugorje-hvala-ti-za-40-godina-milosti-na-svakoj-poruci-za-sve-nebeske-darove-sada-molimo-za-tvoje-uzasasce\\\/#primaryimage\"},\"thumbnailUrl\":\"https:\\\/\\\/radioljubuski.ba\\\/wp-content\\\/uploads\\\/2021\\\/06\\\/medjugorje-kolaz-brdo-ukazanja-krizevac.jpg\",\"articleSection\":[\"BIH i regija\"],\"inLanguage\":\"hr\"},{\"@type\":\"WebPage\",\"@id\":\"https:\\\/\\\/radioljubuski.ba\\\/index.php\\\/2021\\\/06\\\/27\\\/blanka-klasic-medugorje-hvala-ti-za-40-godina-milosti-na-svakoj-poruci-za-sve-nebeske-darove-sada-molimo-za-tvoje-uzasasce\\\/\",\"url\":\"https:\\\/\\\/radioljubuski.ba\\\/index.php\\\/2021\\\/06\\\/27\\\/blanka-klasic-medugorje-hvala-ti-za-40-godina-milosti-na-svakoj-poruci-za-sve-nebeske-darove-sada-molimo-za-tvoje-uzasasce\\\/\",\"name\":\"Blanka Klasi\u0107: Me\u0111ugorje, hvala Ti za 40 godina milosti, na svakoj poruci, za sve Nebeske darove! Sada molimo za tvoje \u2018Uza\u0161a\u0161\u0107e\u2019 - RADIO LJUBU\u0160KI\",\"isPartOf\":{\"@id\":\"https:\\\/\\\/radioljubuski.ba\\\/#website\"},\"primaryImageOfPage\":{\"@id\":\"https:\\\/\\\/radioljubuski.ba\\\/index.php\\\/2021\\\/06\\\/27\\\/blanka-klasic-medugorje-hvala-ti-za-40-godina-milosti-na-svakoj-poruci-za-sve-nebeske-darove-sada-molimo-za-tvoje-uzasasce\\\/#primaryimage\"},\"image\":{\"@id\":\"https:\\\/\\\/radioljubuski.ba\\\/index.php\\\/2021\\\/06\\\/27\\\/blanka-klasic-medugorje-hvala-ti-za-40-godina-milosti-na-svakoj-poruci-za-sve-nebeske-darove-sada-molimo-za-tvoje-uzasasce\\\/#primaryimage\"},\"thumbnailUrl\":\"https:\\\/\\\/radioljubuski.ba\\\/wp-content\\\/uploads\\\/2021\\\/06\\\/medjugorje-kolaz-brdo-ukazanja-krizevac.jpg\",\"datePublished\":\"2021-06-26T23:55:51+00:00\",\"dateModified\":\"2021-06-26T23:55:52+00:00\",\"breadcrumb\":{\"@id\":\"https:\\\/\\\/radioljubuski.ba\\\/index.php\\\/2021\\\/06\\\/27\\\/blanka-klasic-medugorje-hvala-ti-za-40-godina-milosti-na-svakoj-poruci-za-sve-nebeske-darove-sada-molimo-za-tvoje-uzasasce\\\/#breadcrumb\"},\"inLanguage\":\"hr\",\"potentialAction\":[{\"@type\":\"ReadAction\",\"target\":[\"https:\\\/\\\/radioljubuski.ba\\\/index.php\\\/2021\\\/06\\\/27\\\/blanka-klasic-medugorje-hvala-ti-za-40-godina-milosti-na-svakoj-poruci-za-sve-nebeske-darove-sada-molimo-za-tvoje-uzasasce\\\/\"]}]},{\"@type\":\"ImageObject\",\"inLanguage\":\"hr\",\"@id\":\"https:\\\/\\\/radioljubuski.ba\\\/index.php\\\/2021\\\/06\\\/27\\\/blanka-klasic-medugorje-hvala-ti-za-40-godina-milosti-na-svakoj-poruci-za-sve-nebeske-darove-sada-molimo-za-tvoje-uzasasce\\\/#primaryimage\",\"url\":\"https:\\\/\\\/radioljubuski.ba\\\/wp-content\\\/uploads\\\/2021\\\/06\\\/medjugorje-kolaz-brdo-ukazanja-krizevac.jpg\",\"contentUrl\":\"https:\\\/\\\/radioljubuski.ba\\\/wp-content\\\/uploads\\\/2021\\\/06\\\/medjugorje-kolaz-brdo-ukazanja-krizevac.jpg\",\"width\":740,\"height\":370},{\"@type\":\"BreadcrumbList\",\"@id\":\"https:\\\/\\\/radioljubuski.ba\\\/index.php\\\/2021\\\/06\\\/27\\\/blanka-klasic-medugorje-hvala-ti-za-40-godina-milosti-na-svakoj-poruci-za-sve-nebeske-darove-sada-molimo-za-tvoje-uzasasce\\\/#breadcrumb\",\"itemListElement\":[{\"@type\":\"ListItem\",\"position\":1,\"name\":\"Po\u010detna stranica\",\"item\":\"https:\\\/\\\/radioljubuski.ba\\\/\"},{\"@type\":\"ListItem\",\"position\":2,\"name\":\"Blanka Klasi\u0107: Me\u0111ugorje, hvala Ti za 40 godina milosti, na svakoj poruci, za sve Nebeske darove! Sada molimo za tvoje \u2018Uza\u0161a\u0161\u0107e\u2019\"}]},{\"@type\":\"WebSite\",\"@id\":\"https:\\\/\\\/radioljubuski.ba\\\/#website\",\"url\":\"https:\\\/\\\/radioljubuski.ba\\\/\",\"name\":\"Radio Ljubu\u0161ki\",\"description\":\"Sun\u010dana frekvencija Hercegovine\",\"publisher\":{\"@id\":\"https:\\\/\\\/radioljubuski.ba\\\/#organization\"},\"potentialAction\":[{\"@type\":\"SearchAction\",\"target\":{\"@type\":\"EntryPoint\",\"urlTemplate\":\"https:\\\/\\\/radioljubuski.ba\\\/?s={search_term_string}\"},\"query-input\":{\"@type\":\"PropertyValueSpecification\",\"valueRequired\":true,\"valueName\":\"search_term_string\"}}],\"inLanguage\":\"hr\"},{\"@type\":\"Organization\",\"@id\":\"https:\\\/\\\/radioljubuski.ba\\\/#organization\",\"name\":\"Radio Ljubu\u0161ki\",\"url\":\"https:\\\/\\\/radioljubuski.ba\\\/\",\"logo\":{\"@type\":\"ImageObject\",\"inLanguage\":\"hr\",\"@id\":\"https:\\\/\\\/radioljubuski.ba\\\/#\\\/schema\\\/logo\\\/image\\\/\",\"url\":\"https:\\\/\\\/radioljubuski.ba\\\/wp-content\\\/uploads\\\/2021\\\/02\\\/cropped-Radio_Ljubuski_logo1.jpg\",\"contentUrl\":\"https:\\\/\\\/radioljubuski.ba\\\/wp-content\\\/uploads\\\/2021\\\/02\\\/cropped-Radio_Ljubuski_logo1.jpg\",\"width\":512,\"height\":512,\"caption\":\"Radio Ljubu\u0161ki\"},\"image\":{\"@id\":\"https:\\\/\\\/radioljubuski.ba\\\/#\\\/schema\\\/logo\\\/image\\\/\"},\"sameAs\":[\"https:\\\/\\\/www.facebook.com\\\/Radiio-Ljubuski-1490835324566332\",\"https:\\\/\\\/x.com\\\/radioljubuski\",\"https:\\\/\\\/hr.linkedin.com\\\/company\\\/radio-ljubuski\",\"https:\\\/\\\/www.youtube.com\\\/channel\\\/UCHYaeO_n0Db3tjNGudGpXyw\"]},{\"@type\":\"Person\",\"@id\":\"https:\\\/\\\/radioljubuski.ba\\\/#\\\/schema\\\/person\\\/19fc700381a780f69665d7956c469e3b\",\"name\":\"Radio Ljubu\u0161ki\"}]}<\/script>\n<!-- \/ Yoast SEO plugin. -->","yoast_head_json":{"title":"Blanka Klasi\u0107: Me\u0111ugorje, hvala Ti za 40 godina milosti, na svakoj poruci, za sve Nebeske darove! Sada molimo za tvoje \u2018Uza\u0161a\u0161\u0107e\u2019 - RADIO LJUBU\u0160KI","robots":{"index":"index","follow":"follow","max-snippet":"max-snippet:-1","max-image-preview":"max-image-preview:large","max-video-preview":"max-video-preview:-1"},"canonical":"https:\/\/radioljubuski.ba\/index.php\/2021\/06\/27\/blanka-klasic-medugorje-hvala-ti-za-40-godina-milosti-na-svakoj-poruci-za-sve-nebeske-darove-sada-molimo-za-tvoje-uzasasce\/","og_locale":"hr_HR","og_type":"article","og_title":"Blanka Klasi\u0107: Me\u0111ugorje, hvala Ti za 40 godina milosti, na svakoj poruci, za sve Nebeske darove! Sada molimo za tvoje \u2018Uza\u0161a\u0161\u0107e\u2019 - RADIO LJUBU\u0160KI","og_description":"Me\u0111ugorje, hvala Ti! Za 40 godina milosti, nade i ljepote.Za 40 godina Gospine blizine, na porukama istine i plodovima mira.Za 40 godina blagoslova, utjehe i sve nebeske darove.Hvala ti \u0161to si na\u0161e uto\u010di\u0161te, luka spasa i most izme\u0111u neba i zemlje.Odabrano od vje\u010dnosti, na\u0161e si sada i ra\u0111anje budu\u0107ih nada. Svjetlo koje rastjeruje tamu, zvijezda [&hellip;]","og_url":"https:\/\/radioljubuski.ba\/index.php\/2021\/06\/27\/blanka-klasic-medugorje-hvala-ti-za-40-godina-milosti-na-svakoj-poruci-za-sve-nebeske-darove-sada-molimo-za-tvoje-uzasasce\/","og_site_name":"RADIO LJUBU\u0160KI","article_publisher":"https:\/\/www.facebook.com\/Radiio-Ljubuski-1490835324566332","article_published_time":"2021-06-26T23:55:51+00:00","article_modified_time":"2021-06-26T23:55:52+00:00","og_image":[{"width":740,"height":370,"url":"https:\/\/radioljubuski.ba\/wp-content\/uploads\/2021\/06\/medjugorje-kolaz-brdo-ukazanja-krizevac.jpg","type":"image\/jpeg"}],"author":"Radio Ljubu\u0161ki","twitter_card":"summary_large_image","twitter_creator":"@radioljubuski","twitter_site":"@radioljubuski","twitter_misc":{"Napisao\/la":"Radio Ljubu\u0161ki","Procijenjeno vrijeme \u010ditanja":"5 minuta"},"schema":{"@context":"https:\/\/schema.org","@graph":[{"@type":"Article","@id":"https:\/\/radioljubuski.ba\/index.php\/2021\/06\/27\/blanka-klasic-medugorje-hvala-ti-za-40-godina-milosti-na-svakoj-poruci-za-sve-nebeske-darove-sada-molimo-za-tvoje-uzasasce\/#article","isPartOf":{"@id":"https:\/\/radioljubuski.ba\/index.php\/2021\/06\/27\/blanka-klasic-medugorje-hvala-ti-za-40-godina-milosti-na-svakoj-poruci-za-sve-nebeske-darove-sada-molimo-za-tvoje-uzasasce\/"},"author":{"name":"Radio Ljubu\u0161ki","@id":"https:\/\/radioljubuski.ba\/#\/schema\/person\/19fc700381a780f69665d7956c469e3b"},"headline":"Blanka Klasi\u0107: Me\u0111ugorje, hvala Ti za 40 godina milosti, na svakoj poruci, za sve Nebeske darove! Sada molimo za tvoje \u2018Uza\u0161a\u0161\u0107e\u2019","datePublished":"2021-06-26T23:55:51+00:00","dateModified":"2021-06-26T23:55:52+00:00","mainEntityOfPage":{"@id":"https:\/\/radioljubuski.ba\/index.php\/2021\/06\/27\/blanka-klasic-medugorje-hvala-ti-za-40-godina-milosti-na-svakoj-poruci-za-sve-nebeske-darove-sada-molimo-za-tvoje-uzasasce\/"},"wordCount":1050,"publisher":{"@id":"https:\/\/radioljubuski.ba\/#organization"},"image":{"@id":"https:\/\/radioljubuski.ba\/index.php\/2021\/06\/27\/blanka-klasic-medugorje-hvala-ti-za-40-godina-milosti-na-svakoj-poruci-za-sve-nebeske-darove-sada-molimo-za-tvoje-uzasasce\/#primaryimage"},"thumbnailUrl":"https:\/\/radioljubuski.ba\/wp-content\/uploads\/2021\/06\/medjugorje-kolaz-brdo-ukazanja-krizevac.jpg","articleSection":["BIH i regija"],"inLanguage":"hr"},{"@type":"WebPage","@id":"https:\/\/radioljubuski.ba\/index.php\/2021\/06\/27\/blanka-klasic-medugorje-hvala-ti-za-40-godina-milosti-na-svakoj-poruci-za-sve-nebeske-darove-sada-molimo-za-tvoje-uzasasce\/","url":"https:\/\/radioljubuski.ba\/index.php\/2021\/06\/27\/blanka-klasic-medugorje-hvala-ti-za-40-godina-milosti-na-svakoj-poruci-za-sve-nebeske-darove-sada-molimo-za-tvoje-uzasasce\/","name":"Blanka Klasi\u0107: Me\u0111ugorje, hvala Ti za 40 godina milosti, na svakoj poruci, za sve Nebeske darove! Sada molimo za tvoje \u2018Uza\u0161a\u0161\u0107e\u2019 - RADIO LJUBU\u0160KI","isPartOf":{"@id":"https:\/\/radioljubuski.ba\/#website"},"primaryImageOfPage":{"@id":"https:\/\/radioljubuski.ba\/index.php\/2021\/06\/27\/blanka-klasic-medugorje-hvala-ti-za-40-godina-milosti-na-svakoj-poruci-za-sve-nebeske-darove-sada-molimo-za-tvoje-uzasasce\/#primaryimage"},"image":{"@id":"https:\/\/radioljubuski.ba\/index.php\/2021\/06\/27\/blanka-klasic-medugorje-hvala-ti-za-40-godina-milosti-na-svakoj-poruci-za-sve-nebeske-darove-sada-molimo-za-tvoje-uzasasce\/#primaryimage"},"thumbnailUrl":"https:\/\/radioljubuski.ba\/wp-content\/uploads\/2021\/06\/medjugorje-kolaz-brdo-ukazanja-krizevac.jpg","datePublished":"2021-06-26T23:55:51+00:00","dateModified":"2021-06-26T23:55:52+00:00","breadcrumb":{"@id":"https:\/\/radioljubuski.ba\/index.php\/2021\/06\/27\/blanka-klasic-medugorje-hvala-ti-za-40-godina-milosti-na-svakoj-poruci-za-sve-nebeske-darove-sada-molimo-za-tvoje-uzasasce\/#breadcrumb"},"inLanguage":"hr","potentialAction":[{"@type":"ReadAction","target":["https:\/\/radioljubuski.ba\/index.php\/2021\/06\/27\/blanka-klasic-medugorje-hvala-ti-za-40-godina-milosti-na-svakoj-poruci-za-sve-nebeske-darove-sada-molimo-za-tvoje-uzasasce\/"]}]},{"@type":"ImageObject","inLanguage":"hr","@id":"https:\/\/radioljubuski.ba\/index.php\/2021\/06\/27\/blanka-klasic-medugorje-hvala-ti-za-40-godina-milosti-na-svakoj-poruci-za-sve-nebeske-darove-sada-molimo-za-tvoje-uzasasce\/#primaryimage","url":"https:\/\/radioljubuski.ba\/wp-content\/uploads\/2021\/06\/medjugorje-kolaz-brdo-ukazanja-krizevac.jpg","contentUrl":"https:\/\/radioljubuski.ba\/wp-content\/uploads\/2021\/06\/medjugorje-kolaz-brdo-ukazanja-krizevac.jpg","width":740,"height":370},{"@type":"BreadcrumbList","@id":"https:\/\/radioljubuski.ba\/index.php\/2021\/06\/27\/blanka-klasic-medugorje-hvala-ti-za-40-godina-milosti-na-svakoj-poruci-za-sve-nebeske-darove-sada-molimo-za-tvoje-uzasasce\/#breadcrumb","itemListElement":[{"@type":"ListItem","position":1,"name":"Po\u010detna stranica","item":"https:\/\/radioljubuski.ba\/"},{"@type":"ListItem","position":2,"name":"Blanka Klasi\u0107: Me\u0111ugorje, hvala Ti za 40 godina milosti, na svakoj poruci, za sve Nebeske darove! Sada molimo za tvoje \u2018Uza\u0161a\u0161\u0107e\u2019"}]},{"@type":"WebSite","@id":"https:\/\/radioljubuski.ba\/#website","url":"https:\/\/radioljubuski.ba\/","name":"Radio Ljubu\u0161ki","description":"Sun\u010dana frekvencija Hercegovine","publisher":{"@id":"https:\/\/radioljubuski.ba\/#organization"},"potentialAction":[{"@type":"SearchAction","target":{"@type":"EntryPoint","urlTemplate":"https:\/\/radioljubuski.ba\/?s={search_term_string}"},"query-input":{"@type":"PropertyValueSpecification","valueRequired":true,"valueName":"search_term_string"}}],"inLanguage":"hr"},{"@type":"Organization","@id":"https:\/\/radioljubuski.ba\/#organization","name":"Radio Ljubu\u0161ki","url":"https:\/\/radioljubuski.ba\/","logo":{"@type":"ImageObject","inLanguage":"hr","@id":"https:\/\/radioljubuski.ba\/#\/schema\/logo\/image\/","url":"https:\/\/radioljubuski.ba\/wp-content\/uploads\/2021\/02\/cropped-Radio_Ljubuski_logo1.jpg","contentUrl":"https:\/\/radioljubuski.ba\/wp-content\/uploads\/2021\/02\/cropped-Radio_Ljubuski_logo1.jpg","width":512,"height":512,"caption":"Radio Ljubu\u0161ki"},"image":{"@id":"https:\/\/radioljubuski.ba\/#\/schema\/logo\/image\/"},"sameAs":["https:\/\/www.facebook.com\/Radiio-Ljubuski-1490835324566332","https:\/\/x.com\/radioljubuski","https:\/\/hr.linkedin.com\/company\/radio-ljubuski","https:\/\/www.youtube.com\/channel\/UCHYaeO_n0Db3tjNGudGpXyw"]},{"@type":"Person","@id":"https:\/\/radioljubuski.ba\/#\/schema\/person\/19fc700381a780f69665d7956c469e3b","name":"Radio Ljubu\u0161ki"}]}},"_links":{"self":[{"href":"https:\/\/radioljubuski.ba\/index.php\/wp-json\/wp\/v2\/posts\/36225","targetHints":{"allow":["GET"]}}],"collection":[{"href":"https:\/\/radioljubuski.ba\/index.php\/wp-json\/wp\/v2\/posts"}],"about":[{"href":"https:\/\/radioljubuski.ba\/index.php\/wp-json\/wp\/v2\/types\/post"}],"author":[{"embeddable":true,"href":"https:\/\/radioljubuski.ba\/index.php\/wp-json\/wp\/v2\/users\/2"}],"replies":[{"embeddable":true,"href":"https:\/\/radioljubuski.ba\/index.php\/wp-json\/wp\/v2\/comments?post=36225"}],"version-history":[{"count":1,"href":"https:\/\/radioljubuski.ba\/index.php\/wp-json\/wp\/v2\/posts\/36225\/revisions"}],"predecessor-version":[{"id":36227,"href":"https:\/\/radioljubuski.ba\/index.php\/wp-json\/wp\/v2\/posts\/36225\/revisions\/36227"}],"wp:featuredmedia":[{"embeddable":true,"href":"https:\/\/radioljubuski.ba\/index.php\/wp-json\/wp\/v2\/media\/36226"}],"wp:attachment":[{"href":"https:\/\/radioljubuski.ba\/index.php\/wp-json\/wp\/v2\/media?parent=36225"}],"wp:term":[{"taxonomy":"category","embeddable":true,"href":"https:\/\/radioljubuski.ba\/index.php\/wp-json\/wp\/v2\/categories?post=36225"},{"taxonomy":"post_tag","embeddable":true,"href":"https:\/\/radioljubuski.ba\/index.php\/wp-json\/wp\/v2\/tags?post=36225"}],"curies":[{"name":"wp","href":"https:\/\/api.w.org\/{rel}","templated":true}]}}