{"id":36231,"date":"2021-06-27T00:59:42","date_gmt":"2021-06-26T23:59:42","guid":{"rendered":"https:\/\/radioljubuski.ba\/?p=36231"},"modified":"2021-06-27T00:59:43","modified_gmt":"2021-06-26T23:59:43","slug":"velecasni-zlatko-sudac-progovorio-o-politici-svim-su-politicarima-ruke-prljave","status":"publish","type":"post","link":"https:\/\/radioljubuski.ba\/index.php\/2021\/06\/27\/velecasni-zlatko-sudac-progovorio-o-politici-svim-su-politicarima-ruke-prljave\/","title":{"rendered":"Vele\u010dasni Zlatko Sudac progovorio o politici: &#8216;Svim su politi\u010darima ruke prljave&#8217;"},"content":{"rendered":"\n<p>\u017de\u0111 za mo\u0107i, strah od prolaznog, sila i grupni materijalisti\u010dki interesi stvorili su razloge za zlo\u010dina\u010dku politiku.<\/p>\n\n\n\n<p>\u201eGranice izme\u0111u politike i zlo\u010dina u najmanju su ruku nejasne, ako uop\u0107e postoje&#8221; (Lj. Rup\u010di\u0107). Oblici se lako mijenjaju, a fronte ostaju. Uvijek vje\u010dno pitanje: Tko \u0107e vladati? S kojim sredstvima? Kako osigurati uspjeh? Sve postaje politika. I sportske su igre politi\u010dke igre.<\/p>\n\n\n\n<p>Kod nas se uglavnom s politi\u010dkog polo\u017eaja silazi na polo\u017eaj \u201edvorskih luda&#8221; ili na jedino sigurno mjesto \u0107elije u Remetincu. Svi politi\u010dari po\u010dinju veli\u010danjem svoga poslanja i obmanjivanjem sugra\u0111ana. Uvjereni u svoju la\u017e sebe do\u017eivljavaju kao \u201espasitelje&#8221;, a svoje protivnike kao utjelovljene \u201e\u0111avle&#8221;.<\/p>\n\n\n\n<p>Iz iskustva pou\u010deni ispada da politi\u010dari rade samo na raspodijeli bijede. Dodvoravaju\u0107i se i puze\u0107i pred mo\u0107nicima sila poni\u017eavaju vlastiti narod. Parole postaju sredstvo opravdanja i jedino \u0161to mogu ponuditi ljudima umjesto kruha, istine i pravde. Sve je obliveno la\u017eima. Lijevi i desni, demokrati i antidemokrati, rasisti i humanisti veoma se razlikuju, ali u rije\u010dima.<\/p>\n\n\n\n<p>Svim su politi\u010darima ruke prljave. To je zanimanje postalo toliko omra\u017eeno zahvaljuju\u0107i upravo politi\u010darima. Govore\u0107i o tu\u0111im manama i propustima, a ne o dobru koje treba ostvariti, sve je samo ne politi\u010dko djelovanje. U na\u0161oj svijesti koja je stvorena u politi\u010dkim i gospodarskim uvjetima, skovana su pravila pona\u0161anja koja su prije hipokrizija nego li kreposti; prije kukavi\u010dluk nego li hrabrosti. To su uistinu pravila pona\u0161anja koja vi\u0161e prili\u010de zatvorenicima nego li slobodnim ljudima.<\/p>\n\n\n\n<p>\u201eDana\u0161nja \u201evanjska politika&#8221;, ako nije pripremanje rata, onda je \u201eturizam na dr\u017eavni ra\u010dun&#8221; (G. Gvaresi). I\u0107i putovima kojima se mo\u017ee vratiti mo\u017ee biti proma\u0161eno i \u0161tetno, ali i\u0107i putovima kojima se ne mo\u017ee vratiti mo\u017ee biti katastrofalno. Demokracija tu nipo\u0161to nije iznimka. Ona je proklamirani ideal svih autoritarnih re\u017eima, jer zapravo drugih i nema. Na\u017ealost, &#8230;<\/p>\n\n\n\n<p>&#8230;&#8221;demokracija je najgori oblik uprave, ali jedino mogu\u0107&#8221; (W. Churchill).<\/p>\n\n\n\n<p>Izvor:medjugorje-info.com<\/p>\n","protected":false},"excerpt":{"rendered":"<p>\u017de\u0111 za mo\u0107i, strah od prolaznog, sila i grupni materijalisti\u010dki interesi stvorili su razloge za zlo\u010dina\u010dku politiku. \u201eGranice izme\u0111u politike i zlo\u010dina u najmanju su ruku nejasne, ako uop\u0107e postoje&#8221; (Lj. Rup\u010di\u0107). Oblici se lako mijenjaju, a fronte ostaju. Uvijek vje\u010dno pitanje: Tko \u0107e vladati? S kojim sredstvima? Kako osigurati uspjeh? Sve postaje politika. I [&hellip;]<\/p>\n","protected":false},"author":2,"featured_media":36232,"comment_status":"closed","ping_status":"closed","sticky":false,"template":"","format":"standard","meta":{"h5ap_radio_sources":[],"footnotes":""},"categories":[1],"tags":[],"class_list":["post-36231","post","type-post","status-publish","format-standard","has-post-thumbnail","hentry","category-bihiregija"],"yoast_head":"<!-- This site is optimized with the Yoast SEO plugin v27.5 - https:\/\/yoast.com\/product\/yoast-seo-wordpress\/ -->\n<title>Vele\u010dasni Zlatko Sudac progovorio o politici: &#039;Svim su politi\u010darima ruke prljave&#039; - RADIO LJUBU\u0160KI<\/title>\n<meta name=\"robots\" content=\"index, follow, max-snippet:-1, max-image-preview:large, max-video-preview:-1\" \/>\n<link rel=\"canonical\" href=\"https:\/\/radioljubuski.ba\/index.php\/2021\/06\/27\/velecasni-zlatko-sudac-progovorio-o-politici-svim-su-politicarima-ruke-prljave\/\" \/>\n<meta property=\"og:locale\" content=\"hr_HR\" \/>\n<meta property=\"og:type\" content=\"article\" \/>\n<meta property=\"og:title\" content=\"Vele\u010dasni Zlatko Sudac progovorio o politici: &#039;Svim su politi\u010darima ruke prljave&#039; - RADIO LJUBU\u0160KI\" \/>\n<meta property=\"og:description\" content=\"\u017de\u0111 za mo\u0107i, strah od prolaznog, sila i grupni materijalisti\u010dki interesi stvorili su razloge za zlo\u010dina\u010dku politiku. \u201eGranice izme\u0111u politike i zlo\u010dina u najmanju su ruku nejasne, ako uop\u0107e postoje&#8221; (Lj. Rup\u010di\u0107). Oblici se lako mijenjaju, a fronte ostaju. Uvijek vje\u010dno pitanje: Tko \u0107e vladati? S kojim sredstvima? Kako osigurati uspjeh? Sve postaje politika. I [&hellip;]\" \/>\n<meta property=\"og:url\" content=\"https:\/\/radioljubuski.ba\/index.php\/2021\/06\/27\/velecasni-zlatko-sudac-progovorio-o-politici-svim-su-politicarima-ruke-prljave\/\" \/>\n<meta property=\"og:site_name\" content=\"RADIO LJUBU\u0160KI\" \/>\n<meta property=\"article:publisher\" content=\"https:\/\/www.facebook.com\/Radiio-Ljubuski-1490835324566332\" \/>\n<meta property=\"article:published_time\" content=\"2021-06-26T23:59:42+00:00\" \/>\n<meta property=\"article:modified_time\" content=\"2021-06-26T23:59:43+00:00\" \/>\n<meta property=\"og:image\" content=\"https:\/\/radioljubuski.ba\/wp-content\/uploads\/2021\/06\/vlc-zlatko-sudac-1.jpg\" \/>\n\t<meta property=\"og:image:width\" content=\"740\" \/>\n\t<meta property=\"og:image:height\" content=\"370\" \/>\n\t<meta property=\"og:image:type\" content=\"image\/jpeg\" \/>\n<meta name=\"author\" content=\"Radio Ljubu\u0161ki\" \/>\n<meta name=\"twitter:card\" content=\"summary_large_image\" \/>\n<meta name=\"twitter:creator\" content=\"@radioljubuski\" \/>\n<meta name=\"twitter:site\" content=\"@radioljubuski\" \/>\n<meta name=\"twitter:label1\" content=\"Napisao\/la\" \/>\n\t<meta name=\"twitter:data1\" content=\"Radio Ljubu\u0161ki\" \/>\n\t<meta name=\"twitter:label2\" content=\"Procijenjeno vrijeme \u010ditanja\" \/>\n\t<meta name=\"twitter:data2\" content=\"2 minute\" \/>\n<script type=\"application\/ld+json\" class=\"yoast-schema-graph\">{\"@context\":\"https:\\\/\\\/schema.org\",\"@graph\":[{\"@type\":\"Article\",\"@id\":\"https:\\\/\\\/radioljubuski.ba\\\/index.php\\\/2021\\\/06\\\/27\\\/velecasni-zlatko-sudac-progovorio-o-politici-svim-su-politicarima-ruke-prljave\\\/#article\",\"isPartOf\":{\"@id\":\"https:\\\/\\\/radioljubuski.ba\\\/index.php\\\/2021\\\/06\\\/27\\\/velecasni-zlatko-sudac-progovorio-o-politici-svim-su-politicarima-ruke-prljave\\\/\"},\"author\":{\"name\":\"Radio Ljubu\u0161ki\",\"@id\":\"https:\\\/\\\/radioljubuski.ba\\\/#\\\/schema\\\/person\\\/19fc700381a780f69665d7956c469e3b\"},\"headline\":\"Vele\u010dasni Zlatko Sudac progovorio o politici: &#8216;Svim su politi\u010darima ruke prljave&#8217;\",\"datePublished\":\"2021-06-26T23:59:42+00:00\",\"dateModified\":\"2021-06-26T23:59:43+00:00\",\"mainEntityOfPage\":{\"@id\":\"https:\\\/\\\/radioljubuski.ba\\\/index.php\\\/2021\\\/06\\\/27\\\/velecasni-zlatko-sudac-progovorio-o-politici-svim-su-politicarima-ruke-prljave\\\/\"},\"wordCount\":365,\"publisher\":{\"@id\":\"https:\\\/\\\/radioljubuski.ba\\\/#organization\"},\"image\":{\"@id\":\"https:\\\/\\\/radioljubuski.ba\\\/index.php\\\/2021\\\/06\\\/27\\\/velecasni-zlatko-sudac-progovorio-o-politici-svim-su-politicarima-ruke-prljave\\\/#primaryimage\"},\"thumbnailUrl\":\"https:\\\/\\\/radioljubuski.ba\\\/wp-content\\\/uploads\\\/2021\\\/06\\\/vlc-zlatko-sudac-1.jpg\",\"articleSection\":[\"BIH i regija\"],\"inLanguage\":\"hr\"},{\"@type\":\"WebPage\",\"@id\":\"https:\\\/\\\/radioljubuski.ba\\\/index.php\\\/2021\\\/06\\\/27\\\/velecasni-zlatko-sudac-progovorio-o-politici-svim-su-politicarima-ruke-prljave\\\/\",\"url\":\"https:\\\/\\\/radioljubuski.ba\\\/index.php\\\/2021\\\/06\\\/27\\\/velecasni-zlatko-sudac-progovorio-o-politici-svim-su-politicarima-ruke-prljave\\\/\",\"name\":\"Vele\u010dasni Zlatko Sudac progovorio o politici: 'Svim su politi\u010darima ruke prljave' - RADIO LJUBU\u0160KI\",\"isPartOf\":{\"@id\":\"https:\\\/\\\/radioljubuski.ba\\\/#website\"},\"primaryImageOfPage\":{\"@id\":\"https:\\\/\\\/radioljubuski.ba\\\/index.php\\\/2021\\\/06\\\/27\\\/velecasni-zlatko-sudac-progovorio-o-politici-svim-su-politicarima-ruke-prljave\\\/#primaryimage\"},\"image\":{\"@id\":\"https:\\\/\\\/radioljubuski.ba\\\/index.php\\\/2021\\\/06\\\/27\\\/velecasni-zlatko-sudac-progovorio-o-politici-svim-su-politicarima-ruke-prljave\\\/#primaryimage\"},\"thumbnailUrl\":\"https:\\\/\\\/radioljubuski.ba\\\/wp-content\\\/uploads\\\/2021\\\/06\\\/vlc-zlatko-sudac-1.jpg\",\"datePublished\":\"2021-06-26T23:59:42+00:00\",\"dateModified\":\"2021-06-26T23:59:43+00:00\",\"breadcrumb\":{\"@id\":\"https:\\\/\\\/radioljubuski.ba\\\/index.php\\\/2021\\\/06\\\/27\\\/velecasni-zlatko-sudac-progovorio-o-politici-svim-su-politicarima-ruke-prljave\\\/#breadcrumb\"},\"inLanguage\":\"hr\",\"potentialAction\":[{\"@type\":\"ReadAction\",\"target\":[\"https:\\\/\\\/radioljubuski.ba\\\/index.php\\\/2021\\\/06\\\/27\\\/velecasni-zlatko-sudac-progovorio-o-politici-svim-su-politicarima-ruke-prljave\\\/\"]}]},{\"@type\":\"ImageObject\",\"inLanguage\":\"hr\",\"@id\":\"https:\\\/\\\/radioljubuski.ba\\\/index.php\\\/2021\\\/06\\\/27\\\/velecasni-zlatko-sudac-progovorio-o-politici-svim-su-politicarima-ruke-prljave\\\/#primaryimage\",\"url\":\"https:\\\/\\\/radioljubuski.ba\\\/wp-content\\\/uploads\\\/2021\\\/06\\\/vlc-zlatko-sudac-1.jpg\",\"contentUrl\":\"https:\\\/\\\/radioljubuski.ba\\\/wp-content\\\/uploads\\\/2021\\\/06\\\/vlc-zlatko-sudac-1.jpg\",\"width\":740,\"height\":370},{\"@type\":\"BreadcrumbList\",\"@id\":\"https:\\\/\\\/radioljubuski.ba\\\/index.php\\\/2021\\\/06\\\/27\\\/velecasni-zlatko-sudac-progovorio-o-politici-svim-su-politicarima-ruke-prljave\\\/#breadcrumb\",\"itemListElement\":[{\"@type\":\"ListItem\",\"position\":1,\"name\":\"Po\u010detna stranica\",\"item\":\"https:\\\/\\\/radioljubuski.ba\\\/\"},{\"@type\":\"ListItem\",\"position\":2,\"name\":\"Vele\u010dasni Zlatko Sudac progovorio o politici: &#8216;Svim su politi\u010darima ruke prljave&#8217;\"}]},{\"@type\":\"WebSite\",\"@id\":\"https:\\\/\\\/radioljubuski.ba\\\/#website\",\"url\":\"https:\\\/\\\/radioljubuski.ba\\\/\",\"name\":\"Radio Ljubu\u0161ki\",\"description\":\"Sun\u010dana frekvencija Hercegovine\",\"publisher\":{\"@id\":\"https:\\\/\\\/radioljubuski.ba\\\/#organization\"},\"potentialAction\":[{\"@type\":\"SearchAction\",\"target\":{\"@type\":\"EntryPoint\",\"urlTemplate\":\"https:\\\/\\\/radioljubuski.ba\\\/?s={search_term_string}\"},\"query-input\":{\"@type\":\"PropertyValueSpecification\",\"valueRequired\":true,\"valueName\":\"search_term_string\"}}],\"inLanguage\":\"hr\"},{\"@type\":\"Organization\",\"@id\":\"https:\\\/\\\/radioljubuski.ba\\\/#organization\",\"name\":\"Radio Ljubu\u0161ki\",\"url\":\"https:\\\/\\\/radioljubuski.ba\\\/\",\"logo\":{\"@type\":\"ImageObject\",\"inLanguage\":\"hr\",\"@id\":\"https:\\\/\\\/radioljubuski.ba\\\/#\\\/schema\\\/logo\\\/image\\\/\",\"url\":\"https:\\\/\\\/radioljubuski.ba\\\/wp-content\\\/uploads\\\/2021\\\/02\\\/cropped-Radio_Ljubuski_logo1.jpg\",\"contentUrl\":\"https:\\\/\\\/radioljubuski.ba\\\/wp-content\\\/uploads\\\/2021\\\/02\\\/cropped-Radio_Ljubuski_logo1.jpg\",\"width\":512,\"height\":512,\"caption\":\"Radio Ljubu\u0161ki\"},\"image\":{\"@id\":\"https:\\\/\\\/radioljubuski.ba\\\/#\\\/schema\\\/logo\\\/image\\\/\"},\"sameAs\":[\"https:\\\/\\\/www.facebook.com\\\/Radiio-Ljubuski-1490835324566332\",\"https:\\\/\\\/x.com\\\/radioljubuski\",\"https:\\\/\\\/hr.linkedin.com\\\/company\\\/radio-ljubuski\",\"https:\\\/\\\/www.youtube.com\\\/channel\\\/UCHYaeO_n0Db3tjNGudGpXyw\"]},{\"@type\":\"Person\",\"@id\":\"https:\\\/\\\/radioljubuski.ba\\\/#\\\/schema\\\/person\\\/19fc700381a780f69665d7956c469e3b\",\"name\":\"Radio Ljubu\u0161ki\"}]}<\/script>\n<!-- \/ Yoast SEO plugin. -->","yoast_head_json":{"title":"Vele\u010dasni Zlatko Sudac progovorio o politici: 'Svim su politi\u010darima ruke prljave' - RADIO LJUBU\u0160KI","robots":{"index":"index","follow":"follow","max-snippet":"max-snippet:-1","max-image-preview":"max-image-preview:large","max-video-preview":"max-video-preview:-1"},"canonical":"https:\/\/radioljubuski.ba\/index.php\/2021\/06\/27\/velecasni-zlatko-sudac-progovorio-o-politici-svim-su-politicarima-ruke-prljave\/","og_locale":"hr_HR","og_type":"article","og_title":"Vele\u010dasni Zlatko Sudac progovorio o politici: 'Svim su politi\u010darima ruke prljave' - RADIO LJUBU\u0160KI","og_description":"\u017de\u0111 za mo\u0107i, strah od prolaznog, sila i grupni materijalisti\u010dki interesi stvorili su razloge za zlo\u010dina\u010dku politiku. \u201eGranice izme\u0111u politike i zlo\u010dina u najmanju su ruku nejasne, ako uop\u0107e postoje&#8221; (Lj. Rup\u010di\u0107). Oblici se lako mijenjaju, a fronte ostaju. Uvijek vje\u010dno pitanje: Tko \u0107e vladati? S kojim sredstvima? Kako osigurati uspjeh? Sve postaje politika. I [&hellip;]","og_url":"https:\/\/radioljubuski.ba\/index.php\/2021\/06\/27\/velecasni-zlatko-sudac-progovorio-o-politici-svim-su-politicarima-ruke-prljave\/","og_site_name":"RADIO LJUBU\u0160KI","article_publisher":"https:\/\/www.facebook.com\/Radiio-Ljubuski-1490835324566332","article_published_time":"2021-06-26T23:59:42+00:00","article_modified_time":"2021-06-26T23:59:43+00:00","og_image":[{"width":740,"height":370,"url":"https:\/\/radioljubuski.ba\/wp-content\/uploads\/2021\/06\/vlc-zlatko-sudac-1.jpg","type":"image\/jpeg"}],"author":"Radio Ljubu\u0161ki","twitter_card":"summary_large_image","twitter_creator":"@radioljubuski","twitter_site":"@radioljubuski","twitter_misc":{"Napisao\/la":"Radio Ljubu\u0161ki","Procijenjeno vrijeme \u010ditanja":"2 minute"},"schema":{"@context":"https:\/\/schema.org","@graph":[{"@type":"Article","@id":"https:\/\/radioljubuski.ba\/index.php\/2021\/06\/27\/velecasni-zlatko-sudac-progovorio-o-politici-svim-su-politicarima-ruke-prljave\/#article","isPartOf":{"@id":"https:\/\/radioljubuski.ba\/index.php\/2021\/06\/27\/velecasni-zlatko-sudac-progovorio-o-politici-svim-su-politicarima-ruke-prljave\/"},"author":{"name":"Radio Ljubu\u0161ki","@id":"https:\/\/radioljubuski.ba\/#\/schema\/person\/19fc700381a780f69665d7956c469e3b"},"headline":"Vele\u010dasni Zlatko Sudac progovorio o politici: &#8216;Svim su politi\u010darima ruke prljave&#8217;","datePublished":"2021-06-26T23:59:42+00:00","dateModified":"2021-06-26T23:59:43+00:00","mainEntityOfPage":{"@id":"https:\/\/radioljubuski.ba\/index.php\/2021\/06\/27\/velecasni-zlatko-sudac-progovorio-o-politici-svim-su-politicarima-ruke-prljave\/"},"wordCount":365,"publisher":{"@id":"https:\/\/radioljubuski.ba\/#organization"},"image":{"@id":"https:\/\/radioljubuski.ba\/index.php\/2021\/06\/27\/velecasni-zlatko-sudac-progovorio-o-politici-svim-su-politicarima-ruke-prljave\/#primaryimage"},"thumbnailUrl":"https:\/\/radioljubuski.ba\/wp-content\/uploads\/2021\/06\/vlc-zlatko-sudac-1.jpg","articleSection":["BIH i regija"],"inLanguage":"hr"},{"@type":"WebPage","@id":"https:\/\/radioljubuski.ba\/index.php\/2021\/06\/27\/velecasni-zlatko-sudac-progovorio-o-politici-svim-su-politicarima-ruke-prljave\/","url":"https:\/\/radioljubuski.ba\/index.php\/2021\/06\/27\/velecasni-zlatko-sudac-progovorio-o-politici-svim-su-politicarima-ruke-prljave\/","name":"Vele\u010dasni Zlatko Sudac progovorio o politici: 'Svim su politi\u010darima ruke prljave' - RADIO LJUBU\u0160KI","isPartOf":{"@id":"https:\/\/radioljubuski.ba\/#website"},"primaryImageOfPage":{"@id":"https:\/\/radioljubuski.ba\/index.php\/2021\/06\/27\/velecasni-zlatko-sudac-progovorio-o-politici-svim-su-politicarima-ruke-prljave\/#primaryimage"},"image":{"@id":"https:\/\/radioljubuski.ba\/index.php\/2021\/06\/27\/velecasni-zlatko-sudac-progovorio-o-politici-svim-su-politicarima-ruke-prljave\/#primaryimage"},"thumbnailUrl":"https:\/\/radioljubuski.ba\/wp-content\/uploads\/2021\/06\/vlc-zlatko-sudac-1.jpg","datePublished":"2021-06-26T23:59:42+00:00","dateModified":"2021-06-26T23:59:43+00:00","breadcrumb":{"@id":"https:\/\/radioljubuski.ba\/index.php\/2021\/06\/27\/velecasni-zlatko-sudac-progovorio-o-politici-svim-su-politicarima-ruke-prljave\/#breadcrumb"},"inLanguage":"hr","potentialAction":[{"@type":"ReadAction","target":["https:\/\/radioljubuski.ba\/index.php\/2021\/06\/27\/velecasni-zlatko-sudac-progovorio-o-politici-svim-su-politicarima-ruke-prljave\/"]}]},{"@type":"ImageObject","inLanguage":"hr","@id":"https:\/\/radioljubuski.ba\/index.php\/2021\/06\/27\/velecasni-zlatko-sudac-progovorio-o-politici-svim-su-politicarima-ruke-prljave\/#primaryimage","url":"https:\/\/radioljubuski.ba\/wp-content\/uploads\/2021\/06\/vlc-zlatko-sudac-1.jpg","contentUrl":"https:\/\/radioljubuski.ba\/wp-content\/uploads\/2021\/06\/vlc-zlatko-sudac-1.jpg","width":740,"height":370},{"@type":"BreadcrumbList","@id":"https:\/\/radioljubuski.ba\/index.php\/2021\/06\/27\/velecasni-zlatko-sudac-progovorio-o-politici-svim-su-politicarima-ruke-prljave\/#breadcrumb","itemListElement":[{"@type":"ListItem","position":1,"name":"Po\u010detna stranica","item":"https:\/\/radioljubuski.ba\/"},{"@type":"ListItem","position":2,"name":"Vele\u010dasni Zlatko Sudac progovorio o politici: &#8216;Svim su politi\u010darima ruke prljave&#8217;"}]},{"@type":"WebSite","@id":"https:\/\/radioljubuski.ba\/#website","url":"https:\/\/radioljubuski.ba\/","name":"Radio Ljubu\u0161ki","description":"Sun\u010dana frekvencija Hercegovine","publisher":{"@id":"https:\/\/radioljubuski.ba\/#organization"},"potentialAction":[{"@type":"SearchAction","target":{"@type":"EntryPoint","urlTemplate":"https:\/\/radioljubuski.ba\/?s={search_term_string}"},"query-input":{"@type":"PropertyValueSpecification","valueRequired":true,"valueName":"search_term_string"}}],"inLanguage":"hr"},{"@type":"Organization","@id":"https:\/\/radioljubuski.ba\/#organization","name":"Radio Ljubu\u0161ki","url":"https:\/\/radioljubuski.ba\/","logo":{"@type":"ImageObject","inLanguage":"hr","@id":"https:\/\/radioljubuski.ba\/#\/schema\/logo\/image\/","url":"https:\/\/radioljubuski.ba\/wp-content\/uploads\/2021\/02\/cropped-Radio_Ljubuski_logo1.jpg","contentUrl":"https:\/\/radioljubuski.ba\/wp-content\/uploads\/2021\/02\/cropped-Radio_Ljubuski_logo1.jpg","width":512,"height":512,"caption":"Radio Ljubu\u0161ki"},"image":{"@id":"https:\/\/radioljubuski.ba\/#\/schema\/logo\/image\/"},"sameAs":["https:\/\/www.facebook.com\/Radiio-Ljubuski-1490835324566332","https:\/\/x.com\/radioljubuski","https:\/\/hr.linkedin.com\/company\/radio-ljubuski","https:\/\/www.youtube.com\/channel\/UCHYaeO_n0Db3tjNGudGpXyw"]},{"@type":"Person","@id":"https:\/\/radioljubuski.ba\/#\/schema\/person\/19fc700381a780f69665d7956c469e3b","name":"Radio Ljubu\u0161ki"}]}},"_links":{"self":[{"href":"https:\/\/radioljubuski.ba\/index.php\/wp-json\/wp\/v2\/posts\/36231","targetHints":{"allow":["GET"]}}],"collection":[{"href":"https:\/\/radioljubuski.ba\/index.php\/wp-json\/wp\/v2\/posts"}],"about":[{"href":"https:\/\/radioljubuski.ba\/index.php\/wp-json\/wp\/v2\/types\/post"}],"author":[{"embeddable":true,"href":"https:\/\/radioljubuski.ba\/index.php\/wp-json\/wp\/v2\/users\/2"}],"replies":[{"embeddable":true,"href":"https:\/\/radioljubuski.ba\/index.php\/wp-json\/wp\/v2\/comments?post=36231"}],"version-history":[{"count":1,"href":"https:\/\/radioljubuski.ba\/index.php\/wp-json\/wp\/v2\/posts\/36231\/revisions"}],"predecessor-version":[{"id":36233,"href":"https:\/\/radioljubuski.ba\/index.php\/wp-json\/wp\/v2\/posts\/36231\/revisions\/36233"}],"wp:featuredmedia":[{"embeddable":true,"href":"https:\/\/radioljubuski.ba\/index.php\/wp-json\/wp\/v2\/media\/36232"}],"wp:attachment":[{"href":"https:\/\/radioljubuski.ba\/index.php\/wp-json\/wp\/v2\/media?parent=36231"}],"wp:term":[{"taxonomy":"category","embeddable":true,"href":"https:\/\/radioljubuski.ba\/index.php\/wp-json\/wp\/v2\/categories?post=36231"},{"taxonomy":"post_tag","embeddable":true,"href":"https:\/\/radioljubuski.ba\/index.php\/wp-json\/wp\/v2\/tags?post=36231"}],"curies":[{"name":"wp","href":"https:\/\/api.w.org\/{rel}","templated":true}]}}