{"id":36234,"date":"2021-06-27T01:01:57","date_gmt":"2021-06-27T00:01:57","guid":{"rendered":"https:\/\/radioljubuski.ba\/?p=36234"},"modified":"2021-06-27T01:01:58","modified_gmt":"2021-06-27T00:01:58","slug":"32-medunarodni-molitveni-festival-mladih-mladifest-odrzat-ce-se-u-medugorju-od-1-do-6-kolovoza-2021","status":"publish","type":"post","link":"https:\/\/radioljubuski.ba\/index.php\/2021\/06\/27\/32-medunarodni-molitveni-festival-mladih-mladifest-odrzat-ce-se-u-medugorju-od-1-do-6-kolovoza-2021\/","title":{"rendered":"32. Me\u0111unarodni molitveni festival mladih: Mladifest &#8211; odr\u017eat \u0107e se u Me\u0111ugorju od 1. do 6. kolovoza 2021."},"content":{"rendered":"\n<p>\u201eSve \u0161to zovemo ljudskom povijesti (\u2026) duga je i stra\u0161na pri\u010da o tome kako \u010dovjek poku\u0161ava na\u0107i ne\u0161to \u0161to \u0107e ga usre\u0107iti \u2013 ne\u0161to drugo osim Boga.\u201c<\/p>\n\n\n\n<p>(C. S. Lewis) Pri\u010da o Mladifestu je pri\u010da o mladim ljudima koji su otkrili da je njihova sre\u0107a u Bogu i zato dolaze u Me\u0111ugorje to zajedni\u0161tvo s Bogom i ljudima svjedo\u010diti i \u017eivjeti. Ljeto, sunce, more, razuzdane zabave uz drogu, alkohol i seks\u2026 &#8211; postavljaju se mladima kao imperativi ljetnog odmora.<\/p>\n\n\n\n<p>Nasuprot toj ispraznoj zabavi, fra Slavko Barbari\u0107, na nagovor mladih iz Irske, 1989. godine zapo\u010dinje \u201emolitveni susret mladih\u201c \u2013 dana\u0161nji MLADIFEST. Cilj je bio pokazati mladima, ali i svijetu, da pravog odmora nema bez Boga, bez molitvenog zajedni\u0161tva, bez \u010distog dru\u017eenja u bratskoj ljubavi i bez \u017ertve. \u010covjek je tako stvoren da ga odmoriti mo\u017ee samo njegov Tvorac. \u010covjek je tako potrebit, da ga mo\u017ee ispuniti samo zajedni\u0161tvo s bra\u0107om i sestrama u Duhu Svetom.<\/p>\n\n\n\n<p>Unatrag par godina i sve duhovne obnove koje se organiziraju u \u017eupi dobile su zajedni\u010dku temu. Tako je izabrana tema svih duhovnih obnova koje su najavljene u Me\u0111ugorju za 2021. godinu \u201dKoje dobro moram \u010diniti?\u201d(Mt 19, 16).<\/p>\n\n\n\n<p>Program ovogodi\u0161njeg Mladifesta pro\u010ditajte u nastavku:<\/p>\n\n\n\n<figure class=\"wp-block-image\"><img decoding=\"async\" src=\"https:\/\/www.medjugorje-info.com\/images\/Slike-u-clanku\/32-mladifest.jpg\" alt=\"32-mladifest.jpg\"\/><\/figure>\n\n\n\n<p>Izvor:medjugorje-info.com<\/p>\n","protected":false},"excerpt":{"rendered":"<p>\u201eSve \u0161to zovemo ljudskom povijesti (\u2026) duga je i stra\u0161na pri\u010da o tome kako \u010dovjek poku\u0161ava na\u0107i ne\u0161to \u0161to \u0107e ga usre\u0107iti \u2013 ne\u0161to drugo osim Boga.\u201c (C. S. Lewis) Pri\u010da o Mladifestu je pri\u010da o mladim ljudima koji su otkrili da je njihova sre\u0107a u Bogu i zato dolaze u Me\u0111ugorje to zajedni\u0161tvo s [&hellip;]<\/p>\n","protected":false},"author":2,"featured_media":36235,"comment_status":"closed","ping_status":"closed","sticky":false,"template":"","format":"standard","meta":{"h5ap_radio_sources":[],"footnotes":""},"categories":[1],"tags":[],"class_list":["post-36234","post","type-post","status-publish","format-standard","has-post-thumbnail","hentry","category-bihiregija"],"yoast_head":"<!-- This site is optimized with the Yoast SEO plugin v27.5 - https:\/\/yoast.com\/product\/yoast-seo-wordpress\/ -->\n<title>32. Me\u0111unarodni molitveni festival mladih: Mladifest - odr\u017eat \u0107e se u Me\u0111ugorju od 1. do 6. kolovoza 2021. - RADIO LJUBU\u0160KI<\/title>\n<meta name=\"robots\" content=\"index, follow, max-snippet:-1, max-image-preview:large, max-video-preview:-1\" \/>\n<link rel=\"canonical\" href=\"https:\/\/radioljubuski.ba\/index.php\/2021\/06\/27\/32-medunarodni-molitveni-festival-mladih-mladifest-odrzat-ce-se-u-medugorju-od-1-do-6-kolovoza-2021\/\" \/>\n<meta property=\"og:locale\" content=\"hr_HR\" \/>\n<meta property=\"og:type\" content=\"article\" \/>\n<meta property=\"og:title\" content=\"32. Me\u0111unarodni molitveni festival mladih: Mladifest - odr\u017eat \u0107e se u Me\u0111ugorju od 1. do 6. kolovoza 2021. - RADIO LJUBU\u0160KI\" \/>\n<meta property=\"og:description\" content=\"\u201eSve \u0161to zovemo ljudskom povijesti (\u2026) duga je i stra\u0161na pri\u010da o tome kako \u010dovjek poku\u0161ava na\u0107i ne\u0161to \u0161to \u0107e ga usre\u0107iti \u2013 ne\u0161to drugo osim Boga.\u201c (C. S. Lewis) Pri\u010da o Mladifestu je pri\u010da o mladim ljudima koji su otkrili da je njihova sre\u0107a u Bogu i zato dolaze u Me\u0111ugorje to zajedni\u0161tvo s [&hellip;]\" \/>\n<meta property=\"og:url\" content=\"https:\/\/radioljubuski.ba\/index.php\/2021\/06\/27\/32-medunarodni-molitveni-festival-mladih-mladifest-odrzat-ce-se-u-medugorju-od-1-do-6-kolovoza-2021\/\" \/>\n<meta property=\"og:site_name\" content=\"RADIO LJUBU\u0160KI\" \/>\n<meta property=\"article:publisher\" content=\"https:\/\/www.facebook.com\/Radiio-Ljubuski-1490835324566332\" \/>\n<meta property=\"article:published_time\" content=\"2021-06-27T00:01:57+00:00\" \/>\n<meta property=\"article:modified_time\" content=\"2021-06-27T00:01:58+00:00\" \/>\n<meta property=\"og:image\" content=\"https:\/\/radioljubuski.ba\/wp-content\/uploads\/2021\/06\/32-mladifest-raspored.jpg\" \/>\n\t<meta property=\"og:image:width\" content=\"740\" \/>\n\t<meta property=\"og:image:height\" content=\"370\" \/>\n\t<meta property=\"og:image:type\" content=\"image\/jpeg\" \/>\n<meta name=\"author\" content=\"Radio Ljubu\u0161ki\" \/>\n<meta name=\"twitter:card\" content=\"summary_large_image\" \/>\n<meta name=\"twitter:creator\" content=\"@radioljubuski\" \/>\n<meta name=\"twitter:site\" content=\"@radioljubuski\" \/>\n<meta name=\"twitter:label1\" content=\"Napisao\/la\" \/>\n\t<meta name=\"twitter:data1\" content=\"Radio Ljubu\u0161ki\" \/>\n\t<meta name=\"twitter:label2\" content=\"Procijenjeno vrijeme \u010ditanja\" \/>\n\t<meta name=\"twitter:data2\" content=\"2 minute\" \/>\n<script type=\"application\/ld+json\" class=\"yoast-schema-graph\">{\"@context\":\"https:\\\/\\\/schema.org\",\"@graph\":[{\"@type\":\"Article\",\"@id\":\"https:\\\/\\\/radioljubuski.ba\\\/index.php\\\/2021\\\/06\\\/27\\\/32-medunarodni-molitveni-festival-mladih-mladifest-odrzat-ce-se-u-medugorju-od-1-do-6-kolovoza-2021\\\/#article\",\"isPartOf\":{\"@id\":\"https:\\\/\\\/radioljubuski.ba\\\/index.php\\\/2021\\\/06\\\/27\\\/32-medunarodni-molitveni-festival-mladih-mladifest-odrzat-ce-se-u-medugorju-od-1-do-6-kolovoza-2021\\\/\"},\"author\":{\"name\":\"Radio Ljubu\u0161ki\",\"@id\":\"https:\\\/\\\/radioljubuski.ba\\\/#\\\/schema\\\/person\\\/19fc700381a780f69665d7956c469e3b\"},\"headline\":\"32. Me\u0111unarodni molitveni festival mladih: Mladifest &#8211; odr\u017eat \u0107e se u Me\u0111ugorju od 1. do 6. kolovoza 2021.\",\"datePublished\":\"2021-06-27T00:01:57+00:00\",\"dateModified\":\"2021-06-27T00:01:58+00:00\",\"mainEntityOfPage\":{\"@id\":\"https:\\\/\\\/radioljubuski.ba\\\/index.php\\\/2021\\\/06\\\/27\\\/32-medunarodni-molitveni-festival-mladih-mladifest-odrzat-ce-se-u-medugorju-od-1-do-6-kolovoza-2021\\\/\"},\"wordCount\":236,\"publisher\":{\"@id\":\"https:\\\/\\\/radioljubuski.ba\\\/#organization\"},\"image\":{\"@id\":\"https:\\\/\\\/radioljubuski.ba\\\/index.php\\\/2021\\\/06\\\/27\\\/32-medunarodni-molitveni-festival-mladih-mladifest-odrzat-ce-se-u-medugorju-od-1-do-6-kolovoza-2021\\\/#primaryimage\"},\"thumbnailUrl\":\"https:\\\/\\\/radioljubuski.ba\\\/wp-content\\\/uploads\\\/2021\\\/06\\\/32-mladifest-raspored.jpg\",\"articleSection\":[\"BIH i regija\"],\"inLanguage\":\"hr\"},{\"@type\":\"WebPage\",\"@id\":\"https:\\\/\\\/radioljubuski.ba\\\/index.php\\\/2021\\\/06\\\/27\\\/32-medunarodni-molitveni-festival-mladih-mladifest-odrzat-ce-se-u-medugorju-od-1-do-6-kolovoza-2021\\\/\",\"url\":\"https:\\\/\\\/radioljubuski.ba\\\/index.php\\\/2021\\\/06\\\/27\\\/32-medunarodni-molitveni-festival-mladih-mladifest-odrzat-ce-se-u-medugorju-od-1-do-6-kolovoza-2021\\\/\",\"name\":\"32. Me\u0111unarodni molitveni festival mladih: Mladifest - odr\u017eat \u0107e se u Me\u0111ugorju od 1. do 6. kolovoza 2021. - RADIO LJUBU\u0160KI\",\"isPartOf\":{\"@id\":\"https:\\\/\\\/radioljubuski.ba\\\/#website\"},\"primaryImageOfPage\":{\"@id\":\"https:\\\/\\\/radioljubuski.ba\\\/index.php\\\/2021\\\/06\\\/27\\\/32-medunarodni-molitveni-festival-mladih-mladifest-odrzat-ce-se-u-medugorju-od-1-do-6-kolovoza-2021\\\/#primaryimage\"},\"image\":{\"@id\":\"https:\\\/\\\/radioljubuski.ba\\\/index.php\\\/2021\\\/06\\\/27\\\/32-medunarodni-molitveni-festival-mladih-mladifest-odrzat-ce-se-u-medugorju-od-1-do-6-kolovoza-2021\\\/#primaryimage\"},\"thumbnailUrl\":\"https:\\\/\\\/radioljubuski.ba\\\/wp-content\\\/uploads\\\/2021\\\/06\\\/32-mladifest-raspored.jpg\",\"datePublished\":\"2021-06-27T00:01:57+00:00\",\"dateModified\":\"2021-06-27T00:01:58+00:00\",\"breadcrumb\":{\"@id\":\"https:\\\/\\\/radioljubuski.ba\\\/index.php\\\/2021\\\/06\\\/27\\\/32-medunarodni-molitveni-festival-mladih-mladifest-odrzat-ce-se-u-medugorju-od-1-do-6-kolovoza-2021\\\/#breadcrumb\"},\"inLanguage\":\"hr\",\"potentialAction\":[{\"@type\":\"ReadAction\",\"target\":[\"https:\\\/\\\/radioljubuski.ba\\\/index.php\\\/2021\\\/06\\\/27\\\/32-medunarodni-molitveni-festival-mladih-mladifest-odrzat-ce-se-u-medugorju-od-1-do-6-kolovoza-2021\\\/\"]}]},{\"@type\":\"ImageObject\",\"inLanguage\":\"hr\",\"@id\":\"https:\\\/\\\/radioljubuski.ba\\\/index.php\\\/2021\\\/06\\\/27\\\/32-medunarodni-molitveni-festival-mladih-mladifest-odrzat-ce-se-u-medugorju-od-1-do-6-kolovoza-2021\\\/#primaryimage\",\"url\":\"https:\\\/\\\/radioljubuski.ba\\\/wp-content\\\/uploads\\\/2021\\\/06\\\/32-mladifest-raspored.jpg\",\"contentUrl\":\"https:\\\/\\\/radioljubuski.ba\\\/wp-content\\\/uploads\\\/2021\\\/06\\\/32-mladifest-raspored.jpg\",\"width\":740,\"height\":370},{\"@type\":\"BreadcrumbList\",\"@id\":\"https:\\\/\\\/radioljubuski.ba\\\/index.php\\\/2021\\\/06\\\/27\\\/32-medunarodni-molitveni-festival-mladih-mladifest-odrzat-ce-se-u-medugorju-od-1-do-6-kolovoza-2021\\\/#breadcrumb\",\"itemListElement\":[{\"@type\":\"ListItem\",\"position\":1,\"name\":\"Po\u010detna stranica\",\"item\":\"https:\\\/\\\/radioljubuski.ba\\\/\"},{\"@type\":\"ListItem\",\"position\":2,\"name\":\"32. Me\u0111unarodni molitveni festival mladih: Mladifest &#8211; odr\u017eat \u0107e se u Me\u0111ugorju od 1. do 6. kolovoza 2021.\"}]},{\"@type\":\"WebSite\",\"@id\":\"https:\\\/\\\/radioljubuski.ba\\\/#website\",\"url\":\"https:\\\/\\\/radioljubuski.ba\\\/\",\"name\":\"Radio Ljubu\u0161ki\",\"description\":\"Sun\u010dana frekvencija Hercegovine\",\"publisher\":{\"@id\":\"https:\\\/\\\/radioljubuski.ba\\\/#organization\"},\"potentialAction\":[{\"@type\":\"SearchAction\",\"target\":{\"@type\":\"EntryPoint\",\"urlTemplate\":\"https:\\\/\\\/radioljubuski.ba\\\/?s={search_term_string}\"},\"query-input\":{\"@type\":\"PropertyValueSpecification\",\"valueRequired\":true,\"valueName\":\"search_term_string\"}}],\"inLanguage\":\"hr\"},{\"@type\":\"Organization\",\"@id\":\"https:\\\/\\\/radioljubuski.ba\\\/#organization\",\"name\":\"Radio Ljubu\u0161ki\",\"url\":\"https:\\\/\\\/radioljubuski.ba\\\/\",\"logo\":{\"@type\":\"ImageObject\",\"inLanguage\":\"hr\",\"@id\":\"https:\\\/\\\/radioljubuski.ba\\\/#\\\/schema\\\/logo\\\/image\\\/\",\"url\":\"https:\\\/\\\/radioljubuski.ba\\\/wp-content\\\/uploads\\\/2021\\\/02\\\/cropped-Radio_Ljubuski_logo1.jpg\",\"contentUrl\":\"https:\\\/\\\/radioljubuski.ba\\\/wp-content\\\/uploads\\\/2021\\\/02\\\/cropped-Radio_Ljubuski_logo1.jpg\",\"width\":512,\"height\":512,\"caption\":\"Radio Ljubu\u0161ki\"},\"image\":{\"@id\":\"https:\\\/\\\/radioljubuski.ba\\\/#\\\/schema\\\/logo\\\/image\\\/\"},\"sameAs\":[\"https:\\\/\\\/www.facebook.com\\\/Radiio-Ljubuski-1490835324566332\",\"https:\\\/\\\/x.com\\\/radioljubuski\",\"https:\\\/\\\/hr.linkedin.com\\\/company\\\/radio-ljubuski\",\"https:\\\/\\\/www.youtube.com\\\/channel\\\/UCHYaeO_n0Db3tjNGudGpXyw\"]},{\"@type\":\"Person\",\"@id\":\"https:\\\/\\\/radioljubuski.ba\\\/#\\\/schema\\\/person\\\/19fc700381a780f69665d7956c469e3b\",\"name\":\"Radio Ljubu\u0161ki\"}]}<\/script>\n<!-- \/ Yoast SEO plugin. -->","yoast_head_json":{"title":"32. Me\u0111unarodni molitveni festival mladih: Mladifest - odr\u017eat \u0107e se u Me\u0111ugorju od 1. do 6. kolovoza 2021. - RADIO LJUBU\u0160KI","robots":{"index":"index","follow":"follow","max-snippet":"max-snippet:-1","max-image-preview":"max-image-preview:large","max-video-preview":"max-video-preview:-1"},"canonical":"https:\/\/radioljubuski.ba\/index.php\/2021\/06\/27\/32-medunarodni-molitveni-festival-mladih-mladifest-odrzat-ce-se-u-medugorju-od-1-do-6-kolovoza-2021\/","og_locale":"hr_HR","og_type":"article","og_title":"32. Me\u0111unarodni molitveni festival mladih: Mladifest - odr\u017eat \u0107e se u Me\u0111ugorju od 1. do 6. kolovoza 2021. - RADIO LJUBU\u0160KI","og_description":"\u201eSve \u0161to zovemo ljudskom povijesti (\u2026) duga je i stra\u0161na pri\u010da o tome kako \u010dovjek poku\u0161ava na\u0107i ne\u0161to \u0161to \u0107e ga usre\u0107iti \u2013 ne\u0161to drugo osim Boga.\u201c (C. S. Lewis) Pri\u010da o Mladifestu je pri\u010da o mladim ljudima koji su otkrili da je njihova sre\u0107a u Bogu i zato dolaze u Me\u0111ugorje to zajedni\u0161tvo s [&hellip;]","og_url":"https:\/\/radioljubuski.ba\/index.php\/2021\/06\/27\/32-medunarodni-molitveni-festival-mladih-mladifest-odrzat-ce-se-u-medugorju-od-1-do-6-kolovoza-2021\/","og_site_name":"RADIO LJUBU\u0160KI","article_publisher":"https:\/\/www.facebook.com\/Radiio-Ljubuski-1490835324566332","article_published_time":"2021-06-27T00:01:57+00:00","article_modified_time":"2021-06-27T00:01:58+00:00","og_image":[{"width":740,"height":370,"url":"https:\/\/radioljubuski.ba\/wp-content\/uploads\/2021\/06\/32-mladifest-raspored.jpg","type":"image\/jpeg"}],"author":"Radio Ljubu\u0161ki","twitter_card":"summary_large_image","twitter_creator":"@radioljubuski","twitter_site":"@radioljubuski","twitter_misc":{"Napisao\/la":"Radio Ljubu\u0161ki","Procijenjeno vrijeme \u010ditanja":"2 minute"},"schema":{"@context":"https:\/\/schema.org","@graph":[{"@type":"Article","@id":"https:\/\/radioljubuski.ba\/index.php\/2021\/06\/27\/32-medunarodni-molitveni-festival-mladih-mladifest-odrzat-ce-se-u-medugorju-od-1-do-6-kolovoza-2021\/#article","isPartOf":{"@id":"https:\/\/radioljubuski.ba\/index.php\/2021\/06\/27\/32-medunarodni-molitveni-festival-mladih-mladifest-odrzat-ce-se-u-medugorju-od-1-do-6-kolovoza-2021\/"},"author":{"name":"Radio Ljubu\u0161ki","@id":"https:\/\/radioljubuski.ba\/#\/schema\/person\/19fc700381a780f69665d7956c469e3b"},"headline":"32. Me\u0111unarodni molitveni festival mladih: Mladifest &#8211; odr\u017eat \u0107e se u Me\u0111ugorju od 1. do 6. kolovoza 2021.","datePublished":"2021-06-27T00:01:57+00:00","dateModified":"2021-06-27T00:01:58+00:00","mainEntityOfPage":{"@id":"https:\/\/radioljubuski.ba\/index.php\/2021\/06\/27\/32-medunarodni-molitveni-festival-mladih-mladifest-odrzat-ce-se-u-medugorju-od-1-do-6-kolovoza-2021\/"},"wordCount":236,"publisher":{"@id":"https:\/\/radioljubuski.ba\/#organization"},"image":{"@id":"https:\/\/radioljubuski.ba\/index.php\/2021\/06\/27\/32-medunarodni-molitveni-festival-mladih-mladifest-odrzat-ce-se-u-medugorju-od-1-do-6-kolovoza-2021\/#primaryimage"},"thumbnailUrl":"https:\/\/radioljubuski.ba\/wp-content\/uploads\/2021\/06\/32-mladifest-raspored.jpg","articleSection":["BIH i regija"],"inLanguage":"hr"},{"@type":"WebPage","@id":"https:\/\/radioljubuski.ba\/index.php\/2021\/06\/27\/32-medunarodni-molitveni-festival-mladih-mladifest-odrzat-ce-se-u-medugorju-od-1-do-6-kolovoza-2021\/","url":"https:\/\/radioljubuski.ba\/index.php\/2021\/06\/27\/32-medunarodni-molitveni-festival-mladih-mladifest-odrzat-ce-se-u-medugorju-od-1-do-6-kolovoza-2021\/","name":"32. Me\u0111unarodni molitveni festival mladih: Mladifest - odr\u017eat \u0107e se u Me\u0111ugorju od 1. do 6. kolovoza 2021. - RADIO LJUBU\u0160KI","isPartOf":{"@id":"https:\/\/radioljubuski.ba\/#website"},"primaryImageOfPage":{"@id":"https:\/\/radioljubuski.ba\/index.php\/2021\/06\/27\/32-medunarodni-molitveni-festival-mladih-mladifest-odrzat-ce-se-u-medugorju-od-1-do-6-kolovoza-2021\/#primaryimage"},"image":{"@id":"https:\/\/radioljubuski.ba\/index.php\/2021\/06\/27\/32-medunarodni-molitveni-festival-mladih-mladifest-odrzat-ce-se-u-medugorju-od-1-do-6-kolovoza-2021\/#primaryimage"},"thumbnailUrl":"https:\/\/radioljubuski.ba\/wp-content\/uploads\/2021\/06\/32-mladifest-raspored.jpg","datePublished":"2021-06-27T00:01:57+00:00","dateModified":"2021-06-27T00:01:58+00:00","breadcrumb":{"@id":"https:\/\/radioljubuski.ba\/index.php\/2021\/06\/27\/32-medunarodni-molitveni-festival-mladih-mladifest-odrzat-ce-se-u-medugorju-od-1-do-6-kolovoza-2021\/#breadcrumb"},"inLanguage":"hr","potentialAction":[{"@type":"ReadAction","target":["https:\/\/radioljubuski.ba\/index.php\/2021\/06\/27\/32-medunarodni-molitveni-festival-mladih-mladifest-odrzat-ce-se-u-medugorju-od-1-do-6-kolovoza-2021\/"]}]},{"@type":"ImageObject","inLanguage":"hr","@id":"https:\/\/radioljubuski.ba\/index.php\/2021\/06\/27\/32-medunarodni-molitveni-festival-mladih-mladifest-odrzat-ce-se-u-medugorju-od-1-do-6-kolovoza-2021\/#primaryimage","url":"https:\/\/radioljubuski.ba\/wp-content\/uploads\/2021\/06\/32-mladifest-raspored.jpg","contentUrl":"https:\/\/radioljubuski.ba\/wp-content\/uploads\/2021\/06\/32-mladifest-raspored.jpg","width":740,"height":370},{"@type":"BreadcrumbList","@id":"https:\/\/radioljubuski.ba\/index.php\/2021\/06\/27\/32-medunarodni-molitveni-festival-mladih-mladifest-odrzat-ce-se-u-medugorju-od-1-do-6-kolovoza-2021\/#breadcrumb","itemListElement":[{"@type":"ListItem","position":1,"name":"Po\u010detna stranica","item":"https:\/\/radioljubuski.ba\/"},{"@type":"ListItem","position":2,"name":"32. Me\u0111unarodni molitveni festival mladih: Mladifest &#8211; odr\u017eat \u0107e se u Me\u0111ugorju od 1. do 6. kolovoza 2021."}]},{"@type":"WebSite","@id":"https:\/\/radioljubuski.ba\/#website","url":"https:\/\/radioljubuski.ba\/","name":"Radio Ljubu\u0161ki","description":"Sun\u010dana frekvencija Hercegovine","publisher":{"@id":"https:\/\/radioljubuski.ba\/#organization"},"potentialAction":[{"@type":"SearchAction","target":{"@type":"EntryPoint","urlTemplate":"https:\/\/radioljubuski.ba\/?s={search_term_string}"},"query-input":{"@type":"PropertyValueSpecification","valueRequired":true,"valueName":"search_term_string"}}],"inLanguage":"hr"},{"@type":"Organization","@id":"https:\/\/radioljubuski.ba\/#organization","name":"Radio Ljubu\u0161ki","url":"https:\/\/radioljubuski.ba\/","logo":{"@type":"ImageObject","inLanguage":"hr","@id":"https:\/\/radioljubuski.ba\/#\/schema\/logo\/image\/","url":"https:\/\/radioljubuski.ba\/wp-content\/uploads\/2021\/02\/cropped-Radio_Ljubuski_logo1.jpg","contentUrl":"https:\/\/radioljubuski.ba\/wp-content\/uploads\/2021\/02\/cropped-Radio_Ljubuski_logo1.jpg","width":512,"height":512,"caption":"Radio Ljubu\u0161ki"},"image":{"@id":"https:\/\/radioljubuski.ba\/#\/schema\/logo\/image\/"},"sameAs":["https:\/\/www.facebook.com\/Radiio-Ljubuski-1490835324566332","https:\/\/x.com\/radioljubuski","https:\/\/hr.linkedin.com\/company\/radio-ljubuski","https:\/\/www.youtube.com\/channel\/UCHYaeO_n0Db3tjNGudGpXyw"]},{"@type":"Person","@id":"https:\/\/radioljubuski.ba\/#\/schema\/person\/19fc700381a780f69665d7956c469e3b","name":"Radio Ljubu\u0161ki"}]}},"_links":{"self":[{"href":"https:\/\/radioljubuski.ba\/index.php\/wp-json\/wp\/v2\/posts\/36234","targetHints":{"allow":["GET"]}}],"collection":[{"href":"https:\/\/radioljubuski.ba\/index.php\/wp-json\/wp\/v2\/posts"}],"about":[{"href":"https:\/\/radioljubuski.ba\/index.php\/wp-json\/wp\/v2\/types\/post"}],"author":[{"embeddable":true,"href":"https:\/\/radioljubuski.ba\/index.php\/wp-json\/wp\/v2\/users\/2"}],"replies":[{"embeddable":true,"href":"https:\/\/radioljubuski.ba\/index.php\/wp-json\/wp\/v2\/comments?post=36234"}],"version-history":[{"count":1,"href":"https:\/\/radioljubuski.ba\/index.php\/wp-json\/wp\/v2\/posts\/36234\/revisions"}],"predecessor-version":[{"id":36236,"href":"https:\/\/radioljubuski.ba\/index.php\/wp-json\/wp\/v2\/posts\/36234\/revisions\/36236"}],"wp:featuredmedia":[{"embeddable":true,"href":"https:\/\/radioljubuski.ba\/index.php\/wp-json\/wp\/v2\/media\/36235"}],"wp:attachment":[{"href":"https:\/\/radioljubuski.ba\/index.php\/wp-json\/wp\/v2\/media?parent=36234"}],"wp:term":[{"taxonomy":"category","embeddable":true,"href":"https:\/\/radioljubuski.ba\/index.php\/wp-json\/wp\/v2\/categories?post=36234"},{"taxonomy":"post_tag","embeddable":true,"href":"https:\/\/radioljubuski.ba\/index.php\/wp-json\/wp\/v2\/tags?post=36234"}],"curies":[{"name":"wp","href":"https:\/\/api.w.org\/{rel}","templated":true}]}}