{"id":36237,"date":"2021-06-27T01:04:19","date_gmt":"2021-06-27T00:04:19","guid":{"rendered":"https:\/\/radioljubuski.ba\/?p=36237"},"modified":"2021-06-27T01:04:20","modified_gmt":"2021-06-27T00:04:20","slug":"fra-miljenko-steko-nema-zemlje-u-svijetu-u-kojoj-se-danas-ne-govori-o-medugorju","status":"publish","type":"post","link":"https:\/\/radioljubuski.ba\/index.php\/2021\/06\/27\/fra-miljenko-steko-nema-zemlje-u-svijetu-u-kojoj-se-danas-ne-govori-o-medugorju\/","title":{"rendered":"Fra Miljenko \u0160teko: Nema zemlje u svijetu u kojoj se danas ne govori o Me\u0111ugorju"},"content":{"rendered":"\n<p><strong>U Me\u0111ugorju je ve\u010deras, 25. lipnja 2021. godine, sve\u010dano proslavljena 40. obljetnica Gospinih ukazanja. Svetu misu, uz mno\u0161tvo vjernika i koncelebranata predslavio je fra Miljenko \u0160teko, provincijal Hercegova\u010dke franjeva\u010dke provincije. Njegovu propovijed u Radio Mir Me\u0111ugorje donosi u cijelosti:<\/strong><\/p>\n\n\n\n<p>\u201cDraga bra\u0107o i sestre, dragi \u017eupljani i hodo\u010dasnici!<\/p>\n\n\n\n<p>Me\u0111ugorje, Bijakovi\u0107i, Podbrdo, Crnica, prije \u010detrdeset godina. Vrijeme je to parnih i neparnih automobilskih plo\u010dica, vrijeme bez ulja, bez kave, bez goriva, bez dostatno osnovnih \u017eivotnih potrep\u0161tina, vrijeme u kojem se sve doga\u0111alo u redovima dugih \u010dekanja. Vrijeme je to olovno komunisti\u010dkoga rafiniranog progona i pritiska po javnim i tajnim slu\u017ebama razli\u010dita nazivlja. Godina je to 1981. pred kraj lipnja. Ljeto, kao ovo sada, kakvo samo mo\u017ee biti u Hercegovini. Sunce se igra po uzavrelome kamenjaru, ne daju\u0107i naznake da \u0107e se povu\u0107i i dopustiti malo ve\u010dernje svje\u017eine. Cvrkut je ptica ti\u0161i, ali je tu. Ve\u0107 ponegdje odzvanja i ve\u010dernja obiteljska molitva. Mno\u0161tvo djece jo\u0161 nije u svojim ku\u0107ama. Neki od njih u igri, zajapureni od vru\u0107ine, tra\u017ee koju kapljicu vode. Hlada nema. Ali oni, kako samo djeca znaju i mogu, i u tome vide ljepotu danoga trenutka.<\/p>\n\n\n\n<p>| Autor : Radio Mir Me\u0111ugorjeFoto: Radio Mir Me\u0111ugorje<br>Providnost je dopustila da su neki od njih, odjednom, prema njihovu vlastitom svjedo\u010danstvu, do\u017eivjeli ne\u0161to nesvakida\u0161nje. Kasnije \u0107e prenositi detalje i do danas, neslomljivo i nepokolebljivo, svjedo\u010diti isto kao i prvoga dana. Gospa, Kraljica mira, Najsvetije utjelovljenje majke s Djetetom u naru\u010dju. Majka svih majki. Podigla je svoju nje\u017enu ruku i tihim pokretima pozvala ih je da joj se pribli\u017ee\u2026<\/p>\n\n\n\n<p>Draga bra\u0107o i sestre, ostalo je povijest. Neizbrisiva i prekrasna povijest koja je poprimila svoju jedinstvenu rje\u010ditost u fenomenu Me\u0111ugorja \u2013 koje se potpuno podvrgava U\u010diteljstvu Crkve, jer samo ono mo\u017ee odlu\u010divati o autenti\u010dnosti takve objave.<\/p>\n\n\n\n<p>S najve\u0107om pomnjom skupljaju\u0107i plodove svih milosti koje nam je dobri i milosrdni Bog ovdje izlio, mi u poniznosti i jednostavnosti srca ve\u010deras s psalmistom kli\u010demo: Kako li je dragocjena, Bo\u017ee, dobrota Tvoja nad nama; U Tebi je na\u0161 izvor \u017eivotni; Tvojom svjetlo\u0161\u0107u mi svjetlost vidimo. I zakrili dobrotom sve koji Te ovdje \u0161tuju (usp. Ps 35). Ve\u010deras u Me\u0111ugorju, puni zahvalnosti, blagoslivljajmo Oca i Sina sa Svetim Duhom!<\/p>\n\n\n\n<p>Hvala Ti, Gospe, Bla\u017eena Djevice Marijo, Majko na\u0161a, na ovoj milosnoj povijesti. Hvala Ti, Kraljice mira, jer si ponad dra\u010de u ovome kamenu utisnula cjelov svoje ljubavi u na\u0161e \u017eivote, obgrlila nas svojim nebeskim zagrljajem i dala nam toplinu svoga maj\u010dinskog srca! Hvala Ti za svaki onaj osje\u0107aj mira kada iz u\u017eurbane svakodnevnice do\u0111emo pred Tvoj kip i samo zastanemo. Zastanemo i sklopimo ruke zahvalni \u0161to si ba\u0161 na ovaj na\u0161 napa\u0107eni narod spustila svoju ruku i obgrlila ga svojom dobrotom i milo\u0161\u0107u. Narod koji je stolje\u0107ima zvonio Tvoje an\u0111eoske pozdrave i pozdravljao Te ranom zorom, o podne i u sutone, do\u017eivljavaju\u0107i Tebe, Majku svoju, kako to pi\u0161e lirski tuma\u010d biblijskih tekstova, kao \u201estvorenje u svojoj prvoj \u010dasti i u svome kona\u010dnom procvatu, kako je iza\u0161lo iz Boga u zoru svoga izvornog sjaja.\u201c (P. Claudel)<\/p>\n\n\n\n<p>Majci Crkvi, na \u010delu s Vrhovnim sve\u0107enikom Papom Franjom, koju sinovski ljubimo, zahvalni smo iz dubine svoga bi\u0107a za dragocjeno iskustvo u kojem smo u ova \u010detiri desetlje\u0107a ovdje mogli iskusiti da je Crkva po svojoj naravi ljudska i bo\u017eanska, vidljivim i nevidljivim stvarnostima obdarena, i da je ljudsko u njoj ipak upravljeno i podre\u0111eno bo\u017eanskome, vidljivo nevidljivome, a ono sada\u0161nje budu\u0107emu gradu za kojim tragamo. (usp. Sacrosanctum concilium, 2: AAS, 56, 98.). Zahvalni smo i za jedinstvenu milost da od svibnja 2019. hodo\u010da\u0161\u0107a u Me\u0111ugorje mogu slu\u017ebeno organizirati biskupije i \u017eupe, s pratnjom svojih pastira svakog reda i stupnja.<\/p>\n\n\n\n<p>Ne mo\u017eemo ne zahvaliti i svim slu\u017eiteljima Kristove milosti ovdje, po\u010dev\u0161i od naj\u010dasnijega, apostolskog vizitatora po odredbi pape Franje, njegove ekscelencije nadbiskupa Henryka Hosera, pa do svakoga me\u0111ugorskog ispovjednika i predvoditelja molitveno-liturgijskoga programa. Svojim neumornim i predanim slu\u017eenjem oni su ovdje vidljivo pokazali da, osobito kr\u0161\u0107anska liturgija, ne doziva samo u pamet doga\u0111aje kojima smo spa\u0161eni, nego ih ovdje posada\u0161njuje i uprisutnjuje. (Usp. KKC, 1104) A slu\u017eitelji otajstava svjedo\u010de da su sami rasli iz milosti koju su posredovali.<\/p>\n\n\n\n<p>| Autor : Radio Mir Me\u0111ugorjeFoto: Radio Mir Me\u0111ugorje<br>Hvala osobito vama svjedoci, neslomljivi izravni svjedoci povijesti ove milosti! Vama koji ste se ugledali u Bla\u017eenu Djevicu Mariju i u onim trenutcima kada je i Ona morala u sebi ponavljati Elizabetino bla\u017eenstvo kroz vlastitu \u201emuku srca\u201d (usp. Redemptoris Mater, 17), podnose\u0107i razornu mo\u0107 razli\u010ditih progona. Nakon svega, s papinskim namjesnikom u ovoj dr\u017eavi i vi mo\u017eete ponoviti: \u201eU Djelima apostolskim \u010ditamo: \u2026 Jer ne mo\u017eemo ne govoriti \u0161to vidjesmo i \u010dusmo (Dj 4,20).\u201c A onda s njim i dodati: \u201eUistinu, u ovih 40 godina cijeli je svijet mogao utvrditi djelovanje Bo\u017eje milosti kod mnogih ljudi iz svih sfera \u017eivota, zanimanja i dobi. Stoga smatram svojom du\u017eno\u0161\u0107u istaknuti primarnu ulogu koju je fenomen Me\u0111ugorja odigrao na \u017eivotnom i duhovnom putu mnogih kr\u0161\u0107ana, osobito onih koji su ovamo do\u0161li kao hodo\u010dasnici iz cijeloga svijeta.\u201d (\u0160panjolski kongres o Me\u0111ugorju 2021.)<\/p>\n\n\n\n<p>Hvala vama neumorni hodo\u010dasnici i voditelji hodo\u010da\u0161\u0107a! Evo, \u010detrdeset je godina milosnog doga\u0111anja u Me\u0111ugorju koje danas i po vama zra\u010di svojim plodovima i u najudaljenije krajeve svijeta. Nema zemlje u svijetu u kojoj se danas ne govori o Me\u0111ugorju, neko\u0107 malomu i neznatnom mjestu ove kamenite Hercegovine. Nema zemlje u kojoj se ne govori o me\u0111ugorskoj Gospi, Kraljici mira.<\/p>\n\n\n\n<p>Iz ovoga mjesta ve\u0107 \u010detiri desetlje\u0107a ra\u0111aju se pozivi na molitvu, sakramentalni \u017eivot, pokoru i obra\u0107enje za \u010dovje\u010danstvo koje \u017eivi u te\u0161kome i krajnje opasnome stanju, izazvanom ljudskim grijesima. \u010covje\u010danstvu koje je prekora\u010dilo svaku mjeru u vrije\u0111anju Boga i svetinja i odno\u0161enju ljudskih du\u0161a sotona. Ovaj proro\u010dki glas iz Me\u0111ugorja neumorno zove na obra\u0107enje, ujedinjuju\u0107i se u onaj drevni Izaijin krik: \u201ePrestanite zlo \u010diniti! U\u010dite se dobrim djelima: pravdi te\u017eite.\u201c (1,16)<\/p>\n\n\n\n<p>Zov je to svijetu koji se zapleo u svojoj horizontali i izgubio vertikalnu dimenziju, svoju usmjerenost na Boga. Zov svijetu koji \u017eivi prakti\u010dno kao da Boga nema. Svijetu koji ide prema rubu bezdana svoga bezvjerja.<\/p>\n\n\n\n<p>Bog koji je stvorio svijet iz ljubavi i otkupio ga neizmjernom cijenom muke i smrti svoga Sina, ne prestaje se brinuti za svijet ni onda kada mu ljudi svjesno okre\u0107u le\u0111a i udaljavaju se od njega. Zato mu \u0161alje svoje glasnike da ga upozore na ozbiljnost situacije te na nu\u017enost i neodgodivost obra\u0107enja i krajnji cilj, upravo ono \u0161to nas u\u010di i Katekizam Katoli\u010dke Crkve: \u201eNebo je \u010dovjekov krajnji cilj i ostvarenje njegovih najdubljih te\u017enja, stanje najve\u0107e i kona\u010dne sre\u0107e\u201c (br. 1024).<\/p>\n\n\n\n<p>Znamo da kroz \u010ditavu ovu spasenjsku povijest Bo\u017eji glasnici \u2013 an\u0111eli, Bla\u017eena Djevica Marija ili sveci \u2013 ne dolaze na svoju inicijativu i na svoju ruku. Dolaze jer ih \u0161alje Bog. \u010citamo, primjerice, u Tobijinoj knjizi kako je an\u0111eo Rafael, preru\u0161en u \u010dovjeka s imenom Azarja, pratio mladoga Tobiju na dalekome i opasnom putu od Ninive do Ekbate Medijske. Kad je Tobija htio nagraditi svoga pratioca, ovaj mu otkriva da je on an\u0111eo Rafael i pritom mu ka\u017ee: \u201eJa ne do\u0111oh jer se meni svidjelo, nego po zapovijedi Boga na\u0161ega.\u201c (Tob 12, 18) To vrijedi za sve donositelje Bo\u017ejih poruka. Svi oni dolaze po Bo\u017ejoj volji i odredbi.<\/p>\n\n\n\n<p>Crkva nas u\u010di i da: \u201eSav spasonosni utjecaj Bla\u017eene Djevice Marije na ljude ne nastaje iz neke nu\u017ede, nego iz Bo\u017eje dobrohotnosti, te izvire iz preobilja Kristovih zasluga\u2026\u201c (LG, 60). A u popratnome komentaru Kongregacije za nauk vjere (2000. god.) o fatimskoj tajni stoji: autoritet privatnih objava, dodu\u0161e, bitno je razli\u010dit od \u201ejedne javne objave\u201c, ali se one pokazuju kao \u201epomo\u0107 vjeri upravo time \u0161to upu\u0107uju na jednu bo\u017eansku objavu\u201c.<\/p>\n\n\n\n<p>Postoji i poseban razlog za\u0161to nam Bog u ovaj na\u0161 povijesni hod na Zemlji \u0161alje ba\u0161 Bla\u017eenu Djevicu Mariju. Naime, \u201eNa Golgoti Marija, zdru\u017euju\u0107i se sa \u017ertvom svoga Sina, pru\u017ea spasiteljskom djelu svoj maj\u010dinski doprinos, koji poprima oblik bolnog ra\u0111anja, ra\u0111anja novog \u010dovje\u010danstva.\u201c (Generalna audijencija sv. Oca, 17. 9. 1997.)<\/p>\n\n\n\n<p>U tome duhu, Marijina posredni\u0161tva u povijesti vezana su uvijek i uz njezine maj\u010dinske uloge. Znamo da je du\u017enost svih roditelja da, jer su svoje dijete Bo\u017ejom snagom i milo\u0161\u0107u rodili za ovaj svijet, u\u010dine sve \u0161to je u njihovoj mo\u0107i da ga rode i za nebo. Tek to je pravi dovr\u0161etak ra\u0111anja djece. Roditelji koji to ne u\u010dine, nisu mnogo u\u010dinili za svoje dijete, makar mu dali sve drugo.<\/p>\n\n\n\n<p>A kolika je tek Marijina maj\u010dinska skrb da svu svoju duhovnu djecu donese i na onaj svijet! Zato \u0107e ona, vide\u0107i kako mnoga njezina djeca hodaju na rubu propasti, s Bo\u017ejim dopu\u0161tenjem i provi\u0111enjem, nebrojeno puta pru\u017eiti svoju ruku kako bi sprije\u010dila propast svoje djece. Marijinu ulogu Crkva bez kolebanja priznaje, neprestano je do\u017eivljuje i preporu\u010duje srcu vjernik\u00e2 da se, poduprti tom materinskom pomo\u0107i, ja\u010de sjedine s Posrednikom i Spasiteljem. (usp. LG, 62).<\/p>\n\n\n\n<p>Nuncij u BiH, u spomenutoj prigodi, veli: \u201eMe\u0111ugorje se doima kao pravi svjetionik upaljen za obra\u0107enje mnogih i zato se radujemo zbog cijelog tog puta koji smo pre\u0161li kako bismo do\u0161li do trenutne pastoralne organizacije. (\u2026) Stoga se Me\u0111ugorje danas profilira kao marijansko i kristolo\u0161ko sredi\u0161te, obilje\u017eeno kako pe\u010datom Univerzalne Crkve, tako i posebnom skrbi Svetoga Oca. \u010cetiri bitna elementa katoli\u010danstva spajaju se u tom pastoralnom pe\u010datu: Krist, Djevica Marija, Crkva, Papa.\u201c<\/p>\n\n\n\n<p>Bra\u0107o i sestre, danas je 40. obljetnica ustrajne Gospine skrbi nad ovim mjestom i njezinih poruka s ovoga mjesta cijelomu svijetu. U Svetome pismu brojevi imaju ne smo matemati\u010dku (ili koli\u010dinsku) nego i simboli\u010dnu vrijednost. Biblija je puna brojeva. Ona se sastoji od 72 manje knji\u017eice, a jedna od njih \u010dak nosi naslov Brojevi. Jedan od naj\u010de\u0161\u0107e spominjanih brojeva u Bibliji je upravo broj 40.<\/p>\n\n\n\n<p>U biblijskome smislu broj 40 je zaokru\u017een broj, ozna\u010dava ljudsku mjeru, zna\u010di da je ne\u0161to dozrelo, da predstoji neki novi po\u010detak. Trajanje ne\u010dega tijekom 40 godina dostatno je vrijeme da to obilje\u017ei \u010ditavu epohu.<\/p>\n\n\n\n<p>Ne treba zaboraviti i da kao trajan starozavjetni podsjetnik stoji da su pojedinci me\u0111u Izabranim narodom, tamo u \u010detrdesetogodi\u0161njem hodu pustinjom, okretali svoja srca i lica prema Egiptu, mrmljaju\u0107i i \u017eele\u0107i po\u0161to-poto, i unato\u010d svemu, imati neko svoje zlatno tele za \u0161tovanje. Bez sumnje, neki su ljudi uvijek skloni ostaviti put svetosti i okrenuti se teletu. A ovaj svijet danas nudi toliki broj teladi za \u0161tovanje. Na svakome su koraku, u svakome obliku. Nude nam brza rje\u0161enja za na\u0161e probleme, nude nam blje\u0161tavilo i la\u017eni sjaj.<\/p>\n\n\n\n<p>A Gospa je i dalje tu i promatra svoju djecu. I \u010deka. U svojoj bjelini i jednostavnosti Ona \u010deka i moli za svoju djecu. \u010ceka da progledaju srcem i ponovno ga napune izvornom Bo\u017ejom dobrotom i milo\u0161\u0107u. Gospa je \u201euz svog Sina najsavr\u0161enija ikona slobode i oslobo\u0111enja \u010dovje\u010danstva i svemira. U nju Crkva mora gledati da bi u punini shvatila zna\u010denje svojeg poslanja.\u201c (CDF, Libertatis conscientia, 22. 3. 1986., br. 97)<\/p>\n\n\n\n<p>Majko i Kraljice mira, na dlanu svoje vjernosti i nevjernosti darujemo Ti ve\u010deras svoja srca. I molimo Te: U\u010dini srca na\u0161a po srcu svome i svoga Sina! Amen.<\/p>\n\n\n\n<p>\/HMS\/<\/p>\n","protected":false},"excerpt":{"rendered":"<p>U Me\u0111ugorju je ve\u010deras, 25. lipnja 2021. godine, sve\u010dano proslavljena 40. obljetnica Gospinih ukazanja. Svetu misu, uz mno\u0161tvo vjernika i koncelebranata predslavio je fra Miljenko \u0160teko, provincijal Hercegova\u010dke franjeva\u010dke provincije. Njegovu propovijed u Radio Mir Me\u0111ugorje donosi u cijelosti: \u201cDraga bra\u0107o i sestre, dragi \u017eupljani i hodo\u010dasnici! Me\u0111ugorje, Bijakovi\u0107i, Podbrdo, Crnica, prije \u010detrdeset godina. Vrijeme [&hellip;]<\/p>\n","protected":false},"author":2,"featured_media":36238,"comment_status":"closed","ping_status":"closed","sticky":false,"template":"","format":"standard","meta":{"h5ap_radio_sources":[],"footnotes":""},"categories":[1],"tags":[],"class_list":["post-36237","post","type-post","status-publish","format-standard","has-post-thumbnail","hentry","category-bihiregija"],"yoast_head":"<!-- This site is optimized with the Yoast SEO plugin v27.5 - https:\/\/yoast.com\/product\/yoast-seo-wordpress\/ -->\n<title>Fra Miljenko \u0160teko: Nema zemlje u svijetu u kojoj se danas ne govori o Me\u0111ugorju - RADIO LJUBU\u0160KI<\/title>\n<meta name=\"robots\" content=\"index, follow, max-snippet:-1, max-image-preview:large, max-video-preview:-1\" \/>\n<link rel=\"canonical\" href=\"https:\/\/radioljubuski.ba\/index.php\/2021\/06\/27\/fra-miljenko-steko-nema-zemlje-u-svijetu-u-kojoj-se-danas-ne-govori-o-medugorju\/\" \/>\n<meta property=\"og:locale\" content=\"hr_HR\" \/>\n<meta property=\"og:type\" content=\"article\" \/>\n<meta property=\"og:title\" content=\"Fra Miljenko \u0160teko: Nema zemlje u svijetu u kojoj se danas ne govori o Me\u0111ugorju - RADIO LJUBU\u0160KI\" \/>\n<meta property=\"og:description\" content=\"U Me\u0111ugorju je ve\u010deras, 25. lipnja 2021. godine, sve\u010dano proslavljena 40. obljetnica Gospinih ukazanja. Svetu misu, uz mno\u0161tvo vjernika i koncelebranata predslavio je fra Miljenko \u0160teko, provincijal Hercegova\u010dke franjeva\u010dke provincije. Njegovu propovijed u Radio Mir Me\u0111ugorje donosi u cijelosti: \u201cDraga bra\u0107o i sestre, dragi \u017eupljani i hodo\u010dasnici! Me\u0111ugorje, Bijakovi\u0107i, Podbrdo, Crnica, prije \u010detrdeset godina. Vrijeme [&hellip;]\" \/>\n<meta property=\"og:url\" content=\"https:\/\/radioljubuski.ba\/index.php\/2021\/06\/27\/fra-miljenko-steko-nema-zemlje-u-svijetu-u-kojoj-se-danas-ne-govori-o-medugorju\/\" \/>\n<meta property=\"og:site_name\" content=\"RADIO LJUBU\u0160KI\" \/>\n<meta property=\"article:publisher\" content=\"https:\/\/www.facebook.com\/Radiio-Ljubuski-1490835324566332\" \/>\n<meta property=\"article:published_time\" content=\"2021-06-27T00:04:19+00:00\" \/>\n<meta property=\"article:modified_time\" content=\"2021-06-27T00:04:20+00:00\" \/>\n<meta property=\"og:image\" content=\"https:\/\/radioljubuski.ba\/wp-content\/uploads\/2021\/06\/fra-miljeno-steko-1068x618-1.jpeg\" \/>\n\t<meta property=\"og:image:width\" content=\"1068\" \/>\n\t<meta property=\"og:image:height\" content=\"618\" \/>\n\t<meta property=\"og:image:type\" content=\"image\/jpeg\" \/>\n<meta name=\"author\" content=\"Radio Ljubu\u0161ki\" \/>\n<meta name=\"twitter:card\" content=\"summary_large_image\" \/>\n<meta name=\"twitter:creator\" content=\"@radioljubuski\" \/>\n<meta name=\"twitter:site\" content=\"@radioljubuski\" \/>\n<meta name=\"twitter:label1\" content=\"Napisao\/la\" \/>\n\t<meta name=\"twitter:data1\" content=\"Radio Ljubu\u0161ki\" \/>\n\t<meta name=\"twitter:label2\" content=\"Procijenjeno vrijeme \u010ditanja\" \/>\n\t<meta name=\"twitter:data2\" content=\"8 minuta\" \/>\n<script type=\"application\/ld+json\" class=\"yoast-schema-graph\">{\"@context\":\"https:\\\/\\\/schema.org\",\"@graph\":[{\"@type\":\"Article\",\"@id\":\"https:\\\/\\\/radioljubuski.ba\\\/index.php\\\/2021\\\/06\\\/27\\\/fra-miljenko-steko-nema-zemlje-u-svijetu-u-kojoj-se-danas-ne-govori-o-medugorju\\\/#article\",\"isPartOf\":{\"@id\":\"https:\\\/\\\/radioljubuski.ba\\\/index.php\\\/2021\\\/06\\\/27\\\/fra-miljenko-steko-nema-zemlje-u-svijetu-u-kojoj-se-danas-ne-govori-o-medugorju\\\/\"},\"author\":{\"name\":\"Radio Ljubu\u0161ki\",\"@id\":\"https:\\\/\\\/radioljubuski.ba\\\/#\\\/schema\\\/person\\\/19fc700381a780f69665d7956c469e3b\"},\"headline\":\"Fra Miljenko \u0160teko: Nema zemlje u svijetu u kojoj se danas ne govori o Me\u0111ugorju\",\"datePublished\":\"2021-06-27T00:04:19+00:00\",\"dateModified\":\"2021-06-27T00:04:20+00:00\",\"mainEntityOfPage\":{\"@id\":\"https:\\\/\\\/radioljubuski.ba\\\/index.php\\\/2021\\\/06\\\/27\\\/fra-miljenko-steko-nema-zemlje-u-svijetu-u-kojoj-se-danas-ne-govori-o-medugorju\\\/\"},\"wordCount\":2007,\"publisher\":{\"@id\":\"https:\\\/\\\/radioljubuski.ba\\\/#organization\"},\"image\":{\"@id\":\"https:\\\/\\\/radioljubuski.ba\\\/index.php\\\/2021\\\/06\\\/27\\\/fra-miljenko-steko-nema-zemlje-u-svijetu-u-kojoj-se-danas-ne-govori-o-medugorju\\\/#primaryimage\"},\"thumbnailUrl\":\"https:\\\/\\\/radioljubuski.ba\\\/wp-content\\\/uploads\\\/2021\\\/06\\\/fra-miljeno-steko-1068x618-1.jpeg\",\"articleSection\":[\"BIH i regija\"],\"inLanguage\":\"hr\"},{\"@type\":\"WebPage\",\"@id\":\"https:\\\/\\\/radioljubuski.ba\\\/index.php\\\/2021\\\/06\\\/27\\\/fra-miljenko-steko-nema-zemlje-u-svijetu-u-kojoj-se-danas-ne-govori-o-medugorju\\\/\",\"url\":\"https:\\\/\\\/radioljubuski.ba\\\/index.php\\\/2021\\\/06\\\/27\\\/fra-miljenko-steko-nema-zemlje-u-svijetu-u-kojoj-se-danas-ne-govori-o-medugorju\\\/\",\"name\":\"Fra Miljenko \u0160teko: Nema zemlje u svijetu u kojoj se danas ne govori o Me\u0111ugorju - RADIO LJUBU\u0160KI\",\"isPartOf\":{\"@id\":\"https:\\\/\\\/radioljubuski.ba\\\/#website\"},\"primaryImageOfPage\":{\"@id\":\"https:\\\/\\\/radioljubuski.ba\\\/index.php\\\/2021\\\/06\\\/27\\\/fra-miljenko-steko-nema-zemlje-u-svijetu-u-kojoj-se-danas-ne-govori-o-medugorju\\\/#primaryimage\"},\"image\":{\"@id\":\"https:\\\/\\\/radioljubuski.ba\\\/index.php\\\/2021\\\/06\\\/27\\\/fra-miljenko-steko-nema-zemlje-u-svijetu-u-kojoj-se-danas-ne-govori-o-medugorju\\\/#primaryimage\"},\"thumbnailUrl\":\"https:\\\/\\\/radioljubuski.ba\\\/wp-content\\\/uploads\\\/2021\\\/06\\\/fra-miljeno-steko-1068x618-1.jpeg\",\"datePublished\":\"2021-06-27T00:04:19+00:00\",\"dateModified\":\"2021-06-27T00:04:20+00:00\",\"breadcrumb\":{\"@id\":\"https:\\\/\\\/radioljubuski.ba\\\/index.php\\\/2021\\\/06\\\/27\\\/fra-miljenko-steko-nema-zemlje-u-svijetu-u-kojoj-se-danas-ne-govori-o-medugorju\\\/#breadcrumb\"},\"inLanguage\":\"hr\",\"potentialAction\":[{\"@type\":\"ReadAction\",\"target\":[\"https:\\\/\\\/radioljubuski.ba\\\/index.php\\\/2021\\\/06\\\/27\\\/fra-miljenko-steko-nema-zemlje-u-svijetu-u-kojoj-se-danas-ne-govori-o-medugorju\\\/\"]}]},{\"@type\":\"ImageObject\",\"inLanguage\":\"hr\",\"@id\":\"https:\\\/\\\/radioljubuski.ba\\\/index.php\\\/2021\\\/06\\\/27\\\/fra-miljenko-steko-nema-zemlje-u-svijetu-u-kojoj-se-danas-ne-govori-o-medugorju\\\/#primaryimage\",\"url\":\"https:\\\/\\\/radioljubuski.ba\\\/wp-content\\\/uploads\\\/2021\\\/06\\\/fra-miljeno-steko-1068x618-1.jpeg\",\"contentUrl\":\"https:\\\/\\\/radioljubuski.ba\\\/wp-content\\\/uploads\\\/2021\\\/06\\\/fra-miljeno-steko-1068x618-1.jpeg\",\"width\":1068,\"height\":618},{\"@type\":\"BreadcrumbList\",\"@id\":\"https:\\\/\\\/radioljubuski.ba\\\/index.php\\\/2021\\\/06\\\/27\\\/fra-miljenko-steko-nema-zemlje-u-svijetu-u-kojoj-se-danas-ne-govori-o-medugorju\\\/#breadcrumb\",\"itemListElement\":[{\"@type\":\"ListItem\",\"position\":1,\"name\":\"Po\u010detna stranica\",\"item\":\"https:\\\/\\\/radioljubuski.ba\\\/\"},{\"@type\":\"ListItem\",\"position\":2,\"name\":\"Fra Miljenko \u0160teko: Nema zemlje u svijetu u kojoj se danas ne govori o Me\u0111ugorju\"}]},{\"@type\":\"WebSite\",\"@id\":\"https:\\\/\\\/radioljubuski.ba\\\/#website\",\"url\":\"https:\\\/\\\/radioljubuski.ba\\\/\",\"name\":\"Radio Ljubu\u0161ki\",\"description\":\"Sun\u010dana frekvencija Hercegovine\",\"publisher\":{\"@id\":\"https:\\\/\\\/radioljubuski.ba\\\/#organization\"},\"potentialAction\":[{\"@type\":\"SearchAction\",\"target\":{\"@type\":\"EntryPoint\",\"urlTemplate\":\"https:\\\/\\\/radioljubuski.ba\\\/?s={search_term_string}\"},\"query-input\":{\"@type\":\"PropertyValueSpecification\",\"valueRequired\":true,\"valueName\":\"search_term_string\"}}],\"inLanguage\":\"hr\"},{\"@type\":\"Organization\",\"@id\":\"https:\\\/\\\/radioljubuski.ba\\\/#organization\",\"name\":\"Radio Ljubu\u0161ki\",\"url\":\"https:\\\/\\\/radioljubuski.ba\\\/\",\"logo\":{\"@type\":\"ImageObject\",\"inLanguage\":\"hr\",\"@id\":\"https:\\\/\\\/radioljubuski.ba\\\/#\\\/schema\\\/logo\\\/image\\\/\",\"url\":\"https:\\\/\\\/radioljubuski.ba\\\/wp-content\\\/uploads\\\/2021\\\/02\\\/cropped-Radio_Ljubuski_logo1.jpg\",\"contentUrl\":\"https:\\\/\\\/radioljubuski.ba\\\/wp-content\\\/uploads\\\/2021\\\/02\\\/cropped-Radio_Ljubuski_logo1.jpg\",\"width\":512,\"height\":512,\"caption\":\"Radio Ljubu\u0161ki\"},\"image\":{\"@id\":\"https:\\\/\\\/radioljubuski.ba\\\/#\\\/schema\\\/logo\\\/image\\\/\"},\"sameAs\":[\"https:\\\/\\\/www.facebook.com\\\/Radiio-Ljubuski-1490835324566332\",\"https:\\\/\\\/x.com\\\/radioljubuski\",\"https:\\\/\\\/hr.linkedin.com\\\/company\\\/radio-ljubuski\",\"https:\\\/\\\/www.youtube.com\\\/channel\\\/UCHYaeO_n0Db3tjNGudGpXyw\"]},{\"@type\":\"Person\",\"@id\":\"https:\\\/\\\/radioljubuski.ba\\\/#\\\/schema\\\/person\\\/19fc700381a780f69665d7956c469e3b\",\"name\":\"Radio Ljubu\u0161ki\"}]}<\/script>\n<!-- \/ Yoast SEO plugin. -->","yoast_head_json":{"title":"Fra Miljenko \u0160teko: Nema zemlje u svijetu u kojoj se danas ne govori o Me\u0111ugorju - RADIO LJUBU\u0160KI","robots":{"index":"index","follow":"follow","max-snippet":"max-snippet:-1","max-image-preview":"max-image-preview:large","max-video-preview":"max-video-preview:-1"},"canonical":"https:\/\/radioljubuski.ba\/index.php\/2021\/06\/27\/fra-miljenko-steko-nema-zemlje-u-svijetu-u-kojoj-se-danas-ne-govori-o-medugorju\/","og_locale":"hr_HR","og_type":"article","og_title":"Fra Miljenko \u0160teko: Nema zemlje u svijetu u kojoj se danas ne govori o Me\u0111ugorju - RADIO LJUBU\u0160KI","og_description":"U Me\u0111ugorju je ve\u010deras, 25. lipnja 2021. godine, sve\u010dano proslavljena 40. obljetnica Gospinih ukazanja. Svetu misu, uz mno\u0161tvo vjernika i koncelebranata predslavio je fra Miljenko \u0160teko, provincijal Hercegova\u010dke franjeva\u010dke provincije. Njegovu propovijed u Radio Mir Me\u0111ugorje donosi u cijelosti: \u201cDraga bra\u0107o i sestre, dragi \u017eupljani i hodo\u010dasnici! Me\u0111ugorje, Bijakovi\u0107i, Podbrdo, Crnica, prije \u010detrdeset godina. Vrijeme [&hellip;]","og_url":"https:\/\/radioljubuski.ba\/index.php\/2021\/06\/27\/fra-miljenko-steko-nema-zemlje-u-svijetu-u-kojoj-se-danas-ne-govori-o-medugorju\/","og_site_name":"RADIO LJUBU\u0160KI","article_publisher":"https:\/\/www.facebook.com\/Radiio-Ljubuski-1490835324566332","article_published_time":"2021-06-27T00:04:19+00:00","article_modified_time":"2021-06-27T00:04:20+00:00","og_image":[{"width":1068,"height":618,"url":"https:\/\/radioljubuski.ba\/wp-content\/uploads\/2021\/06\/fra-miljeno-steko-1068x618-1.jpeg","type":"image\/jpeg"}],"author":"Radio Ljubu\u0161ki","twitter_card":"summary_large_image","twitter_creator":"@radioljubuski","twitter_site":"@radioljubuski","twitter_misc":{"Napisao\/la":"Radio Ljubu\u0161ki","Procijenjeno vrijeme \u010ditanja":"8 minuta"},"schema":{"@context":"https:\/\/schema.org","@graph":[{"@type":"Article","@id":"https:\/\/radioljubuski.ba\/index.php\/2021\/06\/27\/fra-miljenko-steko-nema-zemlje-u-svijetu-u-kojoj-se-danas-ne-govori-o-medugorju\/#article","isPartOf":{"@id":"https:\/\/radioljubuski.ba\/index.php\/2021\/06\/27\/fra-miljenko-steko-nema-zemlje-u-svijetu-u-kojoj-se-danas-ne-govori-o-medugorju\/"},"author":{"name":"Radio Ljubu\u0161ki","@id":"https:\/\/radioljubuski.ba\/#\/schema\/person\/19fc700381a780f69665d7956c469e3b"},"headline":"Fra Miljenko \u0160teko: Nema zemlje u svijetu u kojoj se danas ne govori o Me\u0111ugorju","datePublished":"2021-06-27T00:04:19+00:00","dateModified":"2021-06-27T00:04:20+00:00","mainEntityOfPage":{"@id":"https:\/\/radioljubuski.ba\/index.php\/2021\/06\/27\/fra-miljenko-steko-nema-zemlje-u-svijetu-u-kojoj-se-danas-ne-govori-o-medugorju\/"},"wordCount":2007,"publisher":{"@id":"https:\/\/radioljubuski.ba\/#organization"},"image":{"@id":"https:\/\/radioljubuski.ba\/index.php\/2021\/06\/27\/fra-miljenko-steko-nema-zemlje-u-svijetu-u-kojoj-se-danas-ne-govori-o-medugorju\/#primaryimage"},"thumbnailUrl":"https:\/\/radioljubuski.ba\/wp-content\/uploads\/2021\/06\/fra-miljeno-steko-1068x618-1.jpeg","articleSection":["BIH i regija"],"inLanguage":"hr"},{"@type":"WebPage","@id":"https:\/\/radioljubuski.ba\/index.php\/2021\/06\/27\/fra-miljenko-steko-nema-zemlje-u-svijetu-u-kojoj-se-danas-ne-govori-o-medugorju\/","url":"https:\/\/radioljubuski.ba\/index.php\/2021\/06\/27\/fra-miljenko-steko-nema-zemlje-u-svijetu-u-kojoj-se-danas-ne-govori-o-medugorju\/","name":"Fra Miljenko \u0160teko: Nema zemlje u svijetu u kojoj se danas ne govori o Me\u0111ugorju - RADIO LJUBU\u0160KI","isPartOf":{"@id":"https:\/\/radioljubuski.ba\/#website"},"primaryImageOfPage":{"@id":"https:\/\/radioljubuski.ba\/index.php\/2021\/06\/27\/fra-miljenko-steko-nema-zemlje-u-svijetu-u-kojoj-se-danas-ne-govori-o-medugorju\/#primaryimage"},"image":{"@id":"https:\/\/radioljubuski.ba\/index.php\/2021\/06\/27\/fra-miljenko-steko-nema-zemlje-u-svijetu-u-kojoj-se-danas-ne-govori-o-medugorju\/#primaryimage"},"thumbnailUrl":"https:\/\/radioljubuski.ba\/wp-content\/uploads\/2021\/06\/fra-miljeno-steko-1068x618-1.jpeg","datePublished":"2021-06-27T00:04:19+00:00","dateModified":"2021-06-27T00:04:20+00:00","breadcrumb":{"@id":"https:\/\/radioljubuski.ba\/index.php\/2021\/06\/27\/fra-miljenko-steko-nema-zemlje-u-svijetu-u-kojoj-se-danas-ne-govori-o-medugorju\/#breadcrumb"},"inLanguage":"hr","potentialAction":[{"@type":"ReadAction","target":["https:\/\/radioljubuski.ba\/index.php\/2021\/06\/27\/fra-miljenko-steko-nema-zemlje-u-svijetu-u-kojoj-se-danas-ne-govori-o-medugorju\/"]}]},{"@type":"ImageObject","inLanguage":"hr","@id":"https:\/\/radioljubuski.ba\/index.php\/2021\/06\/27\/fra-miljenko-steko-nema-zemlje-u-svijetu-u-kojoj-se-danas-ne-govori-o-medugorju\/#primaryimage","url":"https:\/\/radioljubuski.ba\/wp-content\/uploads\/2021\/06\/fra-miljeno-steko-1068x618-1.jpeg","contentUrl":"https:\/\/radioljubuski.ba\/wp-content\/uploads\/2021\/06\/fra-miljeno-steko-1068x618-1.jpeg","width":1068,"height":618},{"@type":"BreadcrumbList","@id":"https:\/\/radioljubuski.ba\/index.php\/2021\/06\/27\/fra-miljenko-steko-nema-zemlje-u-svijetu-u-kojoj-se-danas-ne-govori-o-medugorju\/#breadcrumb","itemListElement":[{"@type":"ListItem","position":1,"name":"Po\u010detna stranica","item":"https:\/\/radioljubuski.ba\/"},{"@type":"ListItem","position":2,"name":"Fra Miljenko \u0160teko: Nema zemlje u svijetu u kojoj se danas ne govori o Me\u0111ugorju"}]},{"@type":"WebSite","@id":"https:\/\/radioljubuski.ba\/#website","url":"https:\/\/radioljubuski.ba\/","name":"Radio Ljubu\u0161ki","description":"Sun\u010dana frekvencija Hercegovine","publisher":{"@id":"https:\/\/radioljubuski.ba\/#organization"},"potentialAction":[{"@type":"SearchAction","target":{"@type":"EntryPoint","urlTemplate":"https:\/\/radioljubuski.ba\/?s={search_term_string}"},"query-input":{"@type":"PropertyValueSpecification","valueRequired":true,"valueName":"search_term_string"}}],"inLanguage":"hr"},{"@type":"Organization","@id":"https:\/\/radioljubuski.ba\/#organization","name":"Radio Ljubu\u0161ki","url":"https:\/\/radioljubuski.ba\/","logo":{"@type":"ImageObject","inLanguage":"hr","@id":"https:\/\/radioljubuski.ba\/#\/schema\/logo\/image\/","url":"https:\/\/radioljubuski.ba\/wp-content\/uploads\/2021\/02\/cropped-Radio_Ljubuski_logo1.jpg","contentUrl":"https:\/\/radioljubuski.ba\/wp-content\/uploads\/2021\/02\/cropped-Radio_Ljubuski_logo1.jpg","width":512,"height":512,"caption":"Radio Ljubu\u0161ki"},"image":{"@id":"https:\/\/radioljubuski.ba\/#\/schema\/logo\/image\/"},"sameAs":["https:\/\/www.facebook.com\/Radiio-Ljubuski-1490835324566332","https:\/\/x.com\/radioljubuski","https:\/\/hr.linkedin.com\/company\/radio-ljubuski","https:\/\/www.youtube.com\/channel\/UCHYaeO_n0Db3tjNGudGpXyw"]},{"@type":"Person","@id":"https:\/\/radioljubuski.ba\/#\/schema\/person\/19fc700381a780f69665d7956c469e3b","name":"Radio Ljubu\u0161ki"}]}},"_links":{"self":[{"href":"https:\/\/radioljubuski.ba\/index.php\/wp-json\/wp\/v2\/posts\/36237","targetHints":{"allow":["GET"]}}],"collection":[{"href":"https:\/\/radioljubuski.ba\/index.php\/wp-json\/wp\/v2\/posts"}],"about":[{"href":"https:\/\/radioljubuski.ba\/index.php\/wp-json\/wp\/v2\/types\/post"}],"author":[{"embeddable":true,"href":"https:\/\/radioljubuski.ba\/index.php\/wp-json\/wp\/v2\/users\/2"}],"replies":[{"embeddable":true,"href":"https:\/\/radioljubuski.ba\/index.php\/wp-json\/wp\/v2\/comments?post=36237"}],"version-history":[{"count":1,"href":"https:\/\/radioljubuski.ba\/index.php\/wp-json\/wp\/v2\/posts\/36237\/revisions"}],"predecessor-version":[{"id":36239,"href":"https:\/\/radioljubuski.ba\/index.php\/wp-json\/wp\/v2\/posts\/36237\/revisions\/36239"}],"wp:featuredmedia":[{"embeddable":true,"href":"https:\/\/radioljubuski.ba\/index.php\/wp-json\/wp\/v2\/media\/36238"}],"wp:attachment":[{"href":"https:\/\/radioljubuski.ba\/index.php\/wp-json\/wp\/v2\/media?parent=36237"}],"wp:term":[{"taxonomy":"category","embeddable":true,"href":"https:\/\/radioljubuski.ba\/index.php\/wp-json\/wp\/v2\/categories?post=36237"},{"taxonomy":"post_tag","embeddable":true,"href":"https:\/\/radioljubuski.ba\/index.php\/wp-json\/wp\/v2\/tags?post=36237"}],"curies":[{"name":"wp","href":"https:\/\/api.w.org\/{rel}","templated":true}]}}