{"id":36240,"date":"2021-06-27T01:05:53","date_gmt":"2021-06-27T00:05:53","guid":{"rendered":"https:\/\/radioljubuski.ba\/?p=36240"},"modified":"2021-06-27T01:05:55","modified_gmt":"2021-06-27T00:05:55","slug":"manite-se-stereotipa-i-odmorite-u-hercegovini-uz-mostarski-rock-i-ljubuski-zen-slusao-sam-poznate-price","status":"publish","type":"post","link":"https:\/\/radioljubuski.ba\/index.php\/2021\/06\/27\/manite-se-stereotipa-i-odmorite-u-hercegovini-uz-mostarski-rock-i-ljubuski-zen-slusao-sam-poznate-price\/","title":{"rendered":"Manite se stereotipa i odmorite u Hercegovini: Uz mostarski rock i ljubu\u0161ki zen slu\u0161ao sam poznate pri\u010de"},"content":{"rendered":"\n<p><strong>Privatizacijski procesi kojima su ne\u010dasnim radnjama uni\u0161teni proizvodni kapaciteti dru\u0161tva nisu samo osobina Hrvatske. Vrijede oni i za Hercegovinu. \u2018I onda ti oni to tako uni\u0161te i grade svoje dvorce, voze bijesne aute i plove jahtama, a narod samo \u0161uti\u2019, ka\u017ee moj sugovornik. Tu iza granice ne nalaze se neki divljaci i otima\u010di ve\u0107 radi\u0161ni i poduzetni ljudi \u010dije su brige i borbe iste kao na\u0161e u Hrvatskoj, iste kao onih u Sarajevu ili Beogradu.<\/strong><\/p>\n\n\n\n<p><strong>Pi\u0161e:&nbsp;<\/strong><em><strong>Boris Joki\u0107<\/strong><\/em><strong>,<a href=\"https:\/\/www.tportal.hr\/komentatori\/clanak\/manite-se-stereotipa-i-odmorite-u-hercegovini-uz-mostarski-rock-i-ljubuski-zen-slusao-sam-poznate-price-foto-20210626\">&nbsp;Tportal.hr<\/a><\/strong><\/p>\n\n\n\n<p>\u2018Pa kaj radi\u0161 u toj primitivnoj vukojebini?\u2019, bio je odgovor poznanika na moj SMS kojim sam se ispri\u010dao \u0161to ne mogu odgovoriti na poziv jer sam poslom u Hercegovini. Stereotipi koje zna\u010dajan dio stanovni\u0161tva ima prema ovom dijelu susjedne nam dr\u017eave i prije svega prema ljudima koji otamo potje\u010du uvelike su neosnovani. \u010cesto s velikom dozom primitivizma i \u0161ovinizma, Hercegovci i Hercegovke opisuju se isklju\u010divo negativnim epitetima neopravdano bivaju\u0107i progla\u0161avani krivima za neda\u0107e i mane hrvatskog dru\u0161tva.<\/p>\n\n\n\n<p>Vru\u0107ina koja je ovih dana okovala Hrvatsku i okolne zemlje lak\u0161e se podnosi uz pogled na jedinstvenu zelenu Neretvu. Potez Mostar \u2013 Me\u0111ugorje, ba\u0161 kao i jug Hrvatske, \u010dvrsto je naslonjen na turizam koji je posebno pogo\u0111en u prethodnoj godini.<\/p>\n\n\n\n<p>\u2018Ubila nas korona\u2019, govori mi suvoza\u010d, \u2018i jo\u0161 k tome svaka zemlja ima svoje, pa nam sad Irci i Talijani ne mogu do\u0107i, a da o Amerikancima ne govorim\u2019. Nastavlja: \u2018A bez njih ti to, prijatelju, ne ide. Irci i Amerikanci ti potro\u0161e u jednom danu kao svi ovi isto\u010dnjaci u tjedan\u2019.<\/p>\n\n\n\n<p>Kako se pribli\u017eavamo Mostaru, razgovor brzo prelazi u \u017eivotniju i va\u017eniju tema perspektiva i mogu\u0107nosti mladih ljudi. \u017dali se moj sugovornik da je posebno kriti\u010dno u visokom obrazovanju. \u2018Ma ovdje ti fakulteti i sveu\u010dili\u0161ta ni\u010du poput gljiva poslije ki\u0161e. Svako selo ima sveu\u010dili\u0161te i kakva ti je onda kvaliteta. Nikakva, eto kakva.\u2019<\/p>\n\n\n\n<p>Uspore\u0111uje svoje studiranje sa sestrinim u Danskoj i govori da se ona tamo preporodila jer vidi da studiranje ima smisla. Posebno nagla\u0161ava da se studente \u2018tjera\u2019 na aktivnost i rad, a da \u2018ovi na\u0161i samo sjede i ispijaju kave\u2019. Gorljivo nastavljaju\u0107i pri\u010du, spominje da je posebno opasno \u0161to je politika zatrovala prostor zapo\u0161ljavanja i da mu se gade oni koji se u\u010dlanjuju u stranke kako bi dobili posao. \u2018I gdje je tu bunt?\u2019, zavr\u0161ava dok se pribli\u017eavamo Rock \u0161koli Mostar.<\/p>\n\n\n\n<p>Mjesto je to kakvo nema ni Zagreb, ni Split, a koje je posve\u0107eno obrazovanju djece i mladih u suvremenoj glazbi. Okru\u017eeni gitarama, bassevima, klavijaturama i bubnjevima, otkrivaju svjetove rocka, rapa, funka, jazza, techna, iskrenosti, kreacije i bunta. Mostar ima poseban \u0161arm, naro\u010dito u sumrak, kad ta rijeka donese osvje\u017eenje i kad se ulice ispune ljudima. Nasuprot uvrije\u017eenim predod\u017ebama etni\u010dkih podjela, ljudi komuniciraju, rade i dru\u017ee se. Sve \u010de\u0161\u0107e i ponovo zaljubljuju.<\/p>\n\n\n\n<p>Hercegovina nije samo Mostar. Brzo \u0107e vam to objasniti mnogi iz Zapadnohercegova\u010dke \u017eupanije: \u2018Dobro do\u0161ao, ovo ti je prava, jedina i najljep\u0161a Hercegovina\u2019, govori mi dobra kolegica i prijateljica po dolasku u Ljubu\u0161ki.<\/p>\n\n\n\n<p>Nije daleko od istine jer pogled na slapove Kravica spada me\u0111u najljep\u0161e na ovim prostorima. S tvr\u0111ave Hercega Stjepana, s koje svake minute polije\u0107u paraglideri, pogled se \u0161iri na plodna polja i uni\u0161tenu industriju. \u2018Ovdje ti je u ljubu\u0161koj \u010dar\u0161iji svakog dana na posao dolazilo pet tisu\u0107a radnika\u2019, govori mi doma\u0107in. \u2018Hej, zamisli to\u2026 Iz vinarije, tkaonice, one tamo i one tamo industrije\u2019, nastavlja pomalo ljutito, \u2018\u2026a sada ni\u0161ta. Ljudi odlaze u Njema\u010dku jer posla nema.\u2019<\/p>\n\n\n\n<p>\u0160ire\u0107i pri\u010du o propasti industrije otvara se i rodna dimenzija: \u2018Zna\u0161 ti \u0161to je to za ovaj kraj da su tisu\u0107e \u017eena imale posao, vlastita primanja i prostor za samostalnost, a svi o nama samo kao zaostali\u2026ovakvi\u2026onakvi.\u2019 Privatizacijski procesi kojima su ne\u010dasnim radnjama uni\u0161teni proizvodni kapaciteti dru\u0161tva nisu samo osobina Hrvatske. Vrijede oni i za Hercegovinu: \u2018\u2026I onda ti oni to tako uni\u0161te i grade svoje dvorce, voze bijesne aute i plove jahtama, a narod samo \u0161uti\u2019. Tu iza granice ne nalaze se neki divljaci i otima\u010di ve\u0107 radi\u0161ni i poduzetni ljudi \u010dije su brige i borbe iste kao na\u0161e u Hrvatskoj, iste kao onih u Sarajevu ili Beogradu.<\/p>\n\n\n\n<p>Poseban je u\u017eitak staviti noge u hladni Trebi\u017eat i promatrati sunce kako kupa lozu. Odgovaraju\u0107i na SMS prijatelju napisao sam: \u2018Ti si primitivan. Bolje do\u0111i na odmor u Hercegovinu. Tu \u0107e\u0161 na\u0107i mir i spokoj. Hercegovina rocks and rolls!\u2019<\/p>\n\n\n\n<p>\/HMS\/<\/p>\n","protected":false},"excerpt":{"rendered":"<p>Privatizacijski procesi kojima su ne\u010dasnim radnjama uni\u0161teni proizvodni kapaciteti dru\u0161tva nisu samo osobina Hrvatske. Vrijede oni i za Hercegovinu. \u2018I onda ti oni to tako uni\u0161te i grade svoje dvorce, voze bijesne aute i plove jahtama, a narod samo \u0161uti\u2019, ka\u017ee moj sugovornik. Tu iza granice ne nalaze se neki divljaci i otima\u010di ve\u0107 radi\u0161ni [&hellip;]<\/p>\n","protected":false},"author":2,"featured_media":36241,"comment_status":"closed","ping_status":"closed","sticky":false,"template":"","format":"standard","meta":{"h5ap_radio_sources":[],"footnotes":""},"categories":[1],"tags":[],"class_list":["post-36240","post","type-post","status-publish","format-standard","has-post-thumbnail","hentry","category-bihiregija"],"yoast_head":"<!-- This site is optimized with the Yoast SEO plugin v27.5 - https:\/\/yoast.com\/product\/yoast-seo-wordpress\/ -->\n<title>Manite se stereotipa i odmorite u Hercegovini: Uz mostarski rock i ljubu\u0161ki zen slu\u0161ao sam poznate pri\u010de - RADIO LJUBU\u0160KI<\/title>\n<meta name=\"robots\" content=\"index, follow, max-snippet:-1, max-image-preview:large, max-video-preview:-1\" \/>\n<link rel=\"canonical\" href=\"https:\/\/radioljubuski.ba\/index.php\/2021\/06\/27\/manite-se-stereotipa-i-odmorite-u-hercegovini-uz-mostarski-rock-i-ljubuski-zen-slusao-sam-poznate-price\/\" \/>\n<meta property=\"og:locale\" content=\"hr_HR\" \/>\n<meta property=\"og:type\" content=\"article\" \/>\n<meta property=\"og:title\" content=\"Manite se stereotipa i odmorite u Hercegovini: Uz mostarski rock i ljubu\u0161ki zen slu\u0161ao sam poznate pri\u010de - RADIO LJUBU\u0160KI\" \/>\n<meta property=\"og:description\" content=\"Privatizacijski procesi kojima su ne\u010dasnim radnjama uni\u0161teni proizvodni kapaciteti dru\u0161tva nisu samo osobina Hrvatske. Vrijede oni i za Hercegovinu. \u2018I onda ti oni to tako uni\u0161te i grade svoje dvorce, voze bijesne aute i plove jahtama, a narod samo \u0161uti\u2019, ka\u017ee moj sugovornik. Tu iza granice ne nalaze se neki divljaci i otima\u010di ve\u0107 radi\u0161ni [&hellip;]\" \/>\n<meta property=\"og:url\" content=\"https:\/\/radioljubuski.ba\/index.php\/2021\/06\/27\/manite-se-stereotipa-i-odmorite-u-hercegovini-uz-mostarski-rock-i-ljubuski-zen-slusao-sam-poznate-price\/\" \/>\n<meta property=\"og:site_name\" content=\"RADIO LJUBU\u0160KI\" \/>\n<meta property=\"article:publisher\" content=\"https:\/\/www.facebook.com\/Radiio-Ljubuski-1490835324566332\" \/>\n<meta property=\"article:published_time\" content=\"2021-06-27T00:05:53+00:00\" \/>\n<meta property=\"article:modified_time\" content=\"2021-06-27T00:05:55+00:00\" \/>\n<meta property=\"og:image\" content=\"https:\/\/radioljubuski.ba\/wp-content\/uploads\/2021\/06\/Boris-Jokic.jpg\" \/>\n\t<meta property=\"og:image:width\" content=\"807\" \/>\n\t<meta property=\"og:image:height\" content=\"495\" \/>\n\t<meta property=\"og:image:type\" content=\"image\/jpeg\" \/>\n<meta name=\"author\" content=\"Radio Ljubu\u0161ki\" \/>\n<meta name=\"twitter:card\" content=\"summary_large_image\" \/>\n<meta name=\"twitter:creator\" content=\"@radioljubuski\" \/>\n<meta name=\"twitter:site\" content=\"@radioljubuski\" \/>\n<meta name=\"twitter:label1\" content=\"Napisao\/la\" \/>\n\t<meta name=\"twitter:data1\" content=\"Radio Ljubu\u0161ki\" \/>\n\t<meta name=\"twitter:label2\" content=\"Procijenjeno vrijeme \u010ditanja\" \/>\n\t<meta name=\"twitter:data2\" content=\"4 minute\" \/>\n<script type=\"application\/ld+json\" class=\"yoast-schema-graph\">{\"@context\":\"https:\\\/\\\/schema.org\",\"@graph\":[{\"@type\":\"Article\",\"@id\":\"https:\\\/\\\/radioljubuski.ba\\\/index.php\\\/2021\\\/06\\\/27\\\/manite-se-stereotipa-i-odmorite-u-hercegovini-uz-mostarski-rock-i-ljubuski-zen-slusao-sam-poznate-price\\\/#article\",\"isPartOf\":{\"@id\":\"https:\\\/\\\/radioljubuski.ba\\\/index.php\\\/2021\\\/06\\\/27\\\/manite-se-stereotipa-i-odmorite-u-hercegovini-uz-mostarski-rock-i-ljubuski-zen-slusao-sam-poznate-price\\\/\"},\"author\":{\"name\":\"Radio Ljubu\u0161ki\",\"@id\":\"https:\\\/\\\/radioljubuski.ba\\\/#\\\/schema\\\/person\\\/19fc700381a780f69665d7956c469e3b\"},\"headline\":\"Manite se stereotipa i odmorite u Hercegovini: Uz mostarski rock i ljubu\u0161ki zen slu\u0161ao sam poznate pri\u010de\",\"datePublished\":\"2021-06-27T00:05:53+00:00\",\"dateModified\":\"2021-06-27T00:05:55+00:00\",\"mainEntityOfPage\":{\"@id\":\"https:\\\/\\\/radioljubuski.ba\\\/index.php\\\/2021\\\/06\\\/27\\\/manite-se-stereotipa-i-odmorite-u-hercegovini-uz-mostarski-rock-i-ljubuski-zen-slusao-sam-poznate-price\\\/\"},\"wordCount\":817,\"publisher\":{\"@id\":\"https:\\\/\\\/radioljubuski.ba\\\/#organization\"},\"image\":{\"@id\":\"https:\\\/\\\/radioljubuski.ba\\\/index.php\\\/2021\\\/06\\\/27\\\/manite-se-stereotipa-i-odmorite-u-hercegovini-uz-mostarski-rock-i-ljubuski-zen-slusao-sam-poznate-price\\\/#primaryimage\"},\"thumbnailUrl\":\"https:\\\/\\\/radioljubuski.ba\\\/wp-content\\\/uploads\\\/2021\\\/06\\\/Boris-Jokic.jpg\",\"articleSection\":[\"BIH i regija\"],\"inLanguage\":\"hr\"},{\"@type\":\"WebPage\",\"@id\":\"https:\\\/\\\/radioljubuski.ba\\\/index.php\\\/2021\\\/06\\\/27\\\/manite-se-stereotipa-i-odmorite-u-hercegovini-uz-mostarski-rock-i-ljubuski-zen-slusao-sam-poznate-price\\\/\",\"url\":\"https:\\\/\\\/radioljubuski.ba\\\/index.php\\\/2021\\\/06\\\/27\\\/manite-se-stereotipa-i-odmorite-u-hercegovini-uz-mostarski-rock-i-ljubuski-zen-slusao-sam-poznate-price\\\/\",\"name\":\"Manite se stereotipa i odmorite u Hercegovini: Uz mostarski rock i ljubu\u0161ki zen slu\u0161ao sam poznate pri\u010de - RADIO LJUBU\u0160KI\",\"isPartOf\":{\"@id\":\"https:\\\/\\\/radioljubuski.ba\\\/#website\"},\"primaryImageOfPage\":{\"@id\":\"https:\\\/\\\/radioljubuski.ba\\\/index.php\\\/2021\\\/06\\\/27\\\/manite-se-stereotipa-i-odmorite-u-hercegovini-uz-mostarski-rock-i-ljubuski-zen-slusao-sam-poznate-price\\\/#primaryimage\"},\"image\":{\"@id\":\"https:\\\/\\\/radioljubuski.ba\\\/index.php\\\/2021\\\/06\\\/27\\\/manite-se-stereotipa-i-odmorite-u-hercegovini-uz-mostarski-rock-i-ljubuski-zen-slusao-sam-poznate-price\\\/#primaryimage\"},\"thumbnailUrl\":\"https:\\\/\\\/radioljubuski.ba\\\/wp-content\\\/uploads\\\/2021\\\/06\\\/Boris-Jokic.jpg\",\"datePublished\":\"2021-06-27T00:05:53+00:00\",\"dateModified\":\"2021-06-27T00:05:55+00:00\",\"breadcrumb\":{\"@id\":\"https:\\\/\\\/radioljubuski.ba\\\/index.php\\\/2021\\\/06\\\/27\\\/manite-se-stereotipa-i-odmorite-u-hercegovini-uz-mostarski-rock-i-ljubuski-zen-slusao-sam-poznate-price\\\/#breadcrumb\"},\"inLanguage\":\"hr\",\"potentialAction\":[{\"@type\":\"ReadAction\",\"target\":[\"https:\\\/\\\/radioljubuski.ba\\\/index.php\\\/2021\\\/06\\\/27\\\/manite-se-stereotipa-i-odmorite-u-hercegovini-uz-mostarski-rock-i-ljubuski-zen-slusao-sam-poznate-price\\\/\"]}]},{\"@type\":\"ImageObject\",\"inLanguage\":\"hr\",\"@id\":\"https:\\\/\\\/radioljubuski.ba\\\/index.php\\\/2021\\\/06\\\/27\\\/manite-se-stereotipa-i-odmorite-u-hercegovini-uz-mostarski-rock-i-ljubuski-zen-slusao-sam-poznate-price\\\/#primaryimage\",\"url\":\"https:\\\/\\\/radioljubuski.ba\\\/wp-content\\\/uploads\\\/2021\\\/06\\\/Boris-Jokic.jpg\",\"contentUrl\":\"https:\\\/\\\/radioljubuski.ba\\\/wp-content\\\/uploads\\\/2021\\\/06\\\/Boris-Jokic.jpg\",\"width\":807,\"height\":495},{\"@type\":\"BreadcrumbList\",\"@id\":\"https:\\\/\\\/radioljubuski.ba\\\/index.php\\\/2021\\\/06\\\/27\\\/manite-se-stereotipa-i-odmorite-u-hercegovini-uz-mostarski-rock-i-ljubuski-zen-slusao-sam-poznate-price\\\/#breadcrumb\",\"itemListElement\":[{\"@type\":\"ListItem\",\"position\":1,\"name\":\"Po\u010detna stranica\",\"item\":\"https:\\\/\\\/radioljubuski.ba\\\/\"},{\"@type\":\"ListItem\",\"position\":2,\"name\":\"Manite se stereotipa i odmorite u Hercegovini: Uz mostarski rock i ljubu\u0161ki zen slu\u0161ao sam poznate pri\u010de\"}]},{\"@type\":\"WebSite\",\"@id\":\"https:\\\/\\\/radioljubuski.ba\\\/#website\",\"url\":\"https:\\\/\\\/radioljubuski.ba\\\/\",\"name\":\"Radio Ljubu\u0161ki\",\"description\":\"Sun\u010dana frekvencija Hercegovine\",\"publisher\":{\"@id\":\"https:\\\/\\\/radioljubuski.ba\\\/#organization\"},\"potentialAction\":[{\"@type\":\"SearchAction\",\"target\":{\"@type\":\"EntryPoint\",\"urlTemplate\":\"https:\\\/\\\/radioljubuski.ba\\\/?s={search_term_string}\"},\"query-input\":{\"@type\":\"PropertyValueSpecification\",\"valueRequired\":true,\"valueName\":\"search_term_string\"}}],\"inLanguage\":\"hr\"},{\"@type\":\"Organization\",\"@id\":\"https:\\\/\\\/radioljubuski.ba\\\/#organization\",\"name\":\"Radio Ljubu\u0161ki\",\"url\":\"https:\\\/\\\/radioljubuski.ba\\\/\",\"logo\":{\"@type\":\"ImageObject\",\"inLanguage\":\"hr\",\"@id\":\"https:\\\/\\\/radioljubuski.ba\\\/#\\\/schema\\\/logo\\\/image\\\/\",\"url\":\"https:\\\/\\\/radioljubuski.ba\\\/wp-content\\\/uploads\\\/2021\\\/02\\\/cropped-Radio_Ljubuski_logo1.jpg\",\"contentUrl\":\"https:\\\/\\\/radioljubuski.ba\\\/wp-content\\\/uploads\\\/2021\\\/02\\\/cropped-Radio_Ljubuski_logo1.jpg\",\"width\":512,\"height\":512,\"caption\":\"Radio Ljubu\u0161ki\"},\"image\":{\"@id\":\"https:\\\/\\\/radioljubuski.ba\\\/#\\\/schema\\\/logo\\\/image\\\/\"},\"sameAs\":[\"https:\\\/\\\/www.facebook.com\\\/Radiio-Ljubuski-1490835324566332\",\"https:\\\/\\\/x.com\\\/radioljubuski\",\"https:\\\/\\\/hr.linkedin.com\\\/company\\\/radio-ljubuski\",\"https:\\\/\\\/www.youtube.com\\\/channel\\\/UCHYaeO_n0Db3tjNGudGpXyw\"]},{\"@type\":\"Person\",\"@id\":\"https:\\\/\\\/radioljubuski.ba\\\/#\\\/schema\\\/person\\\/19fc700381a780f69665d7956c469e3b\",\"name\":\"Radio Ljubu\u0161ki\"}]}<\/script>\n<!-- \/ Yoast SEO plugin. -->","yoast_head_json":{"title":"Manite se stereotipa i odmorite u Hercegovini: Uz mostarski rock i ljubu\u0161ki zen slu\u0161ao sam poznate pri\u010de - RADIO LJUBU\u0160KI","robots":{"index":"index","follow":"follow","max-snippet":"max-snippet:-1","max-image-preview":"max-image-preview:large","max-video-preview":"max-video-preview:-1"},"canonical":"https:\/\/radioljubuski.ba\/index.php\/2021\/06\/27\/manite-se-stereotipa-i-odmorite-u-hercegovini-uz-mostarski-rock-i-ljubuski-zen-slusao-sam-poznate-price\/","og_locale":"hr_HR","og_type":"article","og_title":"Manite se stereotipa i odmorite u Hercegovini: Uz mostarski rock i ljubu\u0161ki zen slu\u0161ao sam poznate pri\u010de - RADIO LJUBU\u0160KI","og_description":"Privatizacijski procesi kojima su ne\u010dasnim radnjama uni\u0161teni proizvodni kapaciteti dru\u0161tva nisu samo osobina Hrvatske. Vrijede oni i za Hercegovinu. \u2018I onda ti oni to tako uni\u0161te i grade svoje dvorce, voze bijesne aute i plove jahtama, a narod samo \u0161uti\u2019, ka\u017ee moj sugovornik. Tu iza granice ne nalaze se neki divljaci i otima\u010di ve\u0107 radi\u0161ni [&hellip;]","og_url":"https:\/\/radioljubuski.ba\/index.php\/2021\/06\/27\/manite-se-stereotipa-i-odmorite-u-hercegovini-uz-mostarski-rock-i-ljubuski-zen-slusao-sam-poznate-price\/","og_site_name":"RADIO LJUBU\u0160KI","article_publisher":"https:\/\/www.facebook.com\/Radiio-Ljubuski-1490835324566332","article_published_time":"2021-06-27T00:05:53+00:00","article_modified_time":"2021-06-27T00:05:55+00:00","og_image":[{"width":807,"height":495,"url":"https:\/\/radioljubuski.ba\/wp-content\/uploads\/2021\/06\/Boris-Jokic.jpg","type":"image\/jpeg"}],"author":"Radio Ljubu\u0161ki","twitter_card":"summary_large_image","twitter_creator":"@radioljubuski","twitter_site":"@radioljubuski","twitter_misc":{"Napisao\/la":"Radio Ljubu\u0161ki","Procijenjeno vrijeme \u010ditanja":"4 minute"},"schema":{"@context":"https:\/\/schema.org","@graph":[{"@type":"Article","@id":"https:\/\/radioljubuski.ba\/index.php\/2021\/06\/27\/manite-se-stereotipa-i-odmorite-u-hercegovini-uz-mostarski-rock-i-ljubuski-zen-slusao-sam-poznate-price\/#article","isPartOf":{"@id":"https:\/\/radioljubuski.ba\/index.php\/2021\/06\/27\/manite-se-stereotipa-i-odmorite-u-hercegovini-uz-mostarski-rock-i-ljubuski-zen-slusao-sam-poznate-price\/"},"author":{"name":"Radio Ljubu\u0161ki","@id":"https:\/\/radioljubuski.ba\/#\/schema\/person\/19fc700381a780f69665d7956c469e3b"},"headline":"Manite se stereotipa i odmorite u Hercegovini: Uz mostarski rock i ljubu\u0161ki zen slu\u0161ao sam poznate pri\u010de","datePublished":"2021-06-27T00:05:53+00:00","dateModified":"2021-06-27T00:05:55+00:00","mainEntityOfPage":{"@id":"https:\/\/radioljubuski.ba\/index.php\/2021\/06\/27\/manite-se-stereotipa-i-odmorite-u-hercegovini-uz-mostarski-rock-i-ljubuski-zen-slusao-sam-poznate-price\/"},"wordCount":817,"publisher":{"@id":"https:\/\/radioljubuski.ba\/#organization"},"image":{"@id":"https:\/\/radioljubuski.ba\/index.php\/2021\/06\/27\/manite-se-stereotipa-i-odmorite-u-hercegovini-uz-mostarski-rock-i-ljubuski-zen-slusao-sam-poznate-price\/#primaryimage"},"thumbnailUrl":"https:\/\/radioljubuski.ba\/wp-content\/uploads\/2021\/06\/Boris-Jokic.jpg","articleSection":["BIH i regija"],"inLanguage":"hr"},{"@type":"WebPage","@id":"https:\/\/radioljubuski.ba\/index.php\/2021\/06\/27\/manite-se-stereotipa-i-odmorite-u-hercegovini-uz-mostarski-rock-i-ljubuski-zen-slusao-sam-poznate-price\/","url":"https:\/\/radioljubuski.ba\/index.php\/2021\/06\/27\/manite-se-stereotipa-i-odmorite-u-hercegovini-uz-mostarski-rock-i-ljubuski-zen-slusao-sam-poznate-price\/","name":"Manite se stereotipa i odmorite u Hercegovini: Uz mostarski rock i ljubu\u0161ki zen slu\u0161ao sam poznate pri\u010de - RADIO LJUBU\u0160KI","isPartOf":{"@id":"https:\/\/radioljubuski.ba\/#website"},"primaryImageOfPage":{"@id":"https:\/\/radioljubuski.ba\/index.php\/2021\/06\/27\/manite-se-stereotipa-i-odmorite-u-hercegovini-uz-mostarski-rock-i-ljubuski-zen-slusao-sam-poznate-price\/#primaryimage"},"image":{"@id":"https:\/\/radioljubuski.ba\/index.php\/2021\/06\/27\/manite-se-stereotipa-i-odmorite-u-hercegovini-uz-mostarski-rock-i-ljubuski-zen-slusao-sam-poznate-price\/#primaryimage"},"thumbnailUrl":"https:\/\/radioljubuski.ba\/wp-content\/uploads\/2021\/06\/Boris-Jokic.jpg","datePublished":"2021-06-27T00:05:53+00:00","dateModified":"2021-06-27T00:05:55+00:00","breadcrumb":{"@id":"https:\/\/radioljubuski.ba\/index.php\/2021\/06\/27\/manite-se-stereotipa-i-odmorite-u-hercegovini-uz-mostarski-rock-i-ljubuski-zen-slusao-sam-poznate-price\/#breadcrumb"},"inLanguage":"hr","potentialAction":[{"@type":"ReadAction","target":["https:\/\/radioljubuski.ba\/index.php\/2021\/06\/27\/manite-se-stereotipa-i-odmorite-u-hercegovini-uz-mostarski-rock-i-ljubuski-zen-slusao-sam-poznate-price\/"]}]},{"@type":"ImageObject","inLanguage":"hr","@id":"https:\/\/radioljubuski.ba\/index.php\/2021\/06\/27\/manite-se-stereotipa-i-odmorite-u-hercegovini-uz-mostarski-rock-i-ljubuski-zen-slusao-sam-poznate-price\/#primaryimage","url":"https:\/\/radioljubuski.ba\/wp-content\/uploads\/2021\/06\/Boris-Jokic.jpg","contentUrl":"https:\/\/radioljubuski.ba\/wp-content\/uploads\/2021\/06\/Boris-Jokic.jpg","width":807,"height":495},{"@type":"BreadcrumbList","@id":"https:\/\/radioljubuski.ba\/index.php\/2021\/06\/27\/manite-se-stereotipa-i-odmorite-u-hercegovini-uz-mostarski-rock-i-ljubuski-zen-slusao-sam-poznate-price\/#breadcrumb","itemListElement":[{"@type":"ListItem","position":1,"name":"Po\u010detna stranica","item":"https:\/\/radioljubuski.ba\/"},{"@type":"ListItem","position":2,"name":"Manite se stereotipa i odmorite u Hercegovini: Uz mostarski rock i ljubu\u0161ki zen slu\u0161ao sam poznate pri\u010de"}]},{"@type":"WebSite","@id":"https:\/\/radioljubuski.ba\/#website","url":"https:\/\/radioljubuski.ba\/","name":"Radio Ljubu\u0161ki","description":"Sun\u010dana frekvencija Hercegovine","publisher":{"@id":"https:\/\/radioljubuski.ba\/#organization"},"potentialAction":[{"@type":"SearchAction","target":{"@type":"EntryPoint","urlTemplate":"https:\/\/radioljubuski.ba\/?s={search_term_string}"},"query-input":{"@type":"PropertyValueSpecification","valueRequired":true,"valueName":"search_term_string"}}],"inLanguage":"hr"},{"@type":"Organization","@id":"https:\/\/radioljubuski.ba\/#organization","name":"Radio Ljubu\u0161ki","url":"https:\/\/radioljubuski.ba\/","logo":{"@type":"ImageObject","inLanguage":"hr","@id":"https:\/\/radioljubuski.ba\/#\/schema\/logo\/image\/","url":"https:\/\/radioljubuski.ba\/wp-content\/uploads\/2021\/02\/cropped-Radio_Ljubuski_logo1.jpg","contentUrl":"https:\/\/radioljubuski.ba\/wp-content\/uploads\/2021\/02\/cropped-Radio_Ljubuski_logo1.jpg","width":512,"height":512,"caption":"Radio Ljubu\u0161ki"},"image":{"@id":"https:\/\/radioljubuski.ba\/#\/schema\/logo\/image\/"},"sameAs":["https:\/\/www.facebook.com\/Radiio-Ljubuski-1490835324566332","https:\/\/x.com\/radioljubuski","https:\/\/hr.linkedin.com\/company\/radio-ljubuski","https:\/\/www.youtube.com\/channel\/UCHYaeO_n0Db3tjNGudGpXyw"]},{"@type":"Person","@id":"https:\/\/radioljubuski.ba\/#\/schema\/person\/19fc700381a780f69665d7956c469e3b","name":"Radio Ljubu\u0161ki"}]}},"_links":{"self":[{"href":"https:\/\/radioljubuski.ba\/index.php\/wp-json\/wp\/v2\/posts\/36240","targetHints":{"allow":["GET"]}}],"collection":[{"href":"https:\/\/radioljubuski.ba\/index.php\/wp-json\/wp\/v2\/posts"}],"about":[{"href":"https:\/\/radioljubuski.ba\/index.php\/wp-json\/wp\/v2\/types\/post"}],"author":[{"embeddable":true,"href":"https:\/\/radioljubuski.ba\/index.php\/wp-json\/wp\/v2\/users\/2"}],"replies":[{"embeddable":true,"href":"https:\/\/radioljubuski.ba\/index.php\/wp-json\/wp\/v2\/comments?post=36240"}],"version-history":[{"count":1,"href":"https:\/\/radioljubuski.ba\/index.php\/wp-json\/wp\/v2\/posts\/36240\/revisions"}],"predecessor-version":[{"id":36242,"href":"https:\/\/radioljubuski.ba\/index.php\/wp-json\/wp\/v2\/posts\/36240\/revisions\/36242"}],"wp:featuredmedia":[{"embeddable":true,"href":"https:\/\/radioljubuski.ba\/index.php\/wp-json\/wp\/v2\/media\/36241"}],"wp:attachment":[{"href":"https:\/\/radioljubuski.ba\/index.php\/wp-json\/wp\/v2\/media?parent=36240"}],"wp:term":[{"taxonomy":"category","embeddable":true,"href":"https:\/\/radioljubuski.ba\/index.php\/wp-json\/wp\/v2\/categories?post=36240"},{"taxonomy":"post_tag","embeddable":true,"href":"https:\/\/radioljubuski.ba\/index.php\/wp-json\/wp\/v2\/tags?post=36240"}],"curies":[{"name":"wp","href":"https:\/\/api.w.org\/{rel}","templated":true}]}}