{"id":36243,"date":"2021-06-27T01:07:10","date_gmt":"2021-06-27T00:07:10","guid":{"rendered":"https:\/\/radioljubuski.ba\/?p=36243"},"modified":"2021-06-27T01:07:11","modified_gmt":"2021-06-27T00:07:11","slug":"europski-parlament-svojim-proturjecnim-porukama-pomoci-ce-nastavku-agonije-bih","status":"publish","type":"post","link":"https:\/\/radioljubuski.ba\/index.php\/2021\/06\/27\/europski-parlament-svojim-proturjecnim-porukama-pomoci-ce-nastavku-agonije-bih\/","title":{"rendered":"Europski parlament svojim proturje\u010dnim porukama pomo\u0107i \u0107e nastavku agonije BiH"},"content":{"rendered":"\n<p><strong>Kakvu poruku Europski parlament \u0161alje politi\u010dkim akterima u BiH, kada odbija prihvatiti amandman hrvatskih europarlamentaraca da se, uz prava gra\u0111ana u Rezoluciji Europskom parlamenta spomenu i prava konstitutivnih naroda, dok u Rezoluciji istovremeno podr\u017eava na\u010dela vladavine prava i zahtjeve za provedbom presuda Ustavnog suda BiH, koja nala\u017ee upravo osiguranje legitimnog predstavlja konstitutivnih naroda?&nbsp;Vi\u0161e je nego jasno- proturje\u010dnu, koja, sasvim sigurno, ne\u0107e pomo\u0107i stabilizaciji politi\u010dkih prilika u BiH, ve\u0107 nastavku i produbljivanju agonije koja razdire ovu zemlju, od njezinog, uvjetno re\u010deno, osamostaljenja. BiH, naime, ni danas nije samostalna dr\u017eava, za\u0161to su najzaslu\u017eniji oni koji i dalje \u010dvrsto podr\u017eavaju suverenitet BiH i, istovremeno, sna\u017eniju ulogu visokog predstavnika, koji je negacija njezine suverenosti.<\/strong><\/p>\n\n\n\n<p><strong>Pi\u0161e: Milan \u0160utalo, Hrvatski Medijski Servis<\/strong><\/p>\n\n\n\n<p>Neprihva\u0107anje amandmana koji govori o pravima konstitutivnih naroda u BiH, u Rezoluciji Europskog parlamenta, bo\u0161nja\u010dki politi\u010dari i mediji do\u017eivjeli su kao ohrabrenje za nastavak ru\u0161enje daytonske ustavne arhitekture Bosne i Hercegovine, koja je zaustavila krvavi rat i osigurala, ako ni\u0161ta drugo, 26 godina \u017eivota u miru stanovnicima ove zemlje.<\/p>\n\n\n\n<p>Nakon ovotjedne Rezolucije \u0161anse da se izmjeni Izborni zakon BiH i, uz presude Europskog suda za ljudska prava iz Strasbourga, u predmetu \u201cSejdi\u0107- Finci\u201d, \u201cPilav\u201d, \u201cZorni\u0107\u201d i drugi, provede i presuda Ustavnog suda BiH u predmetu Ljubi\u0107, \u0161to podr\u017eava i spomenuta Rezolucija najvi\u0161eg zakonodavnog i predstavni\u010dkog tijela Europske unije, sada su jo\u0161 manje. Time i izgledi da BiH napravi bilo kakav progres u pribli\u017eavanju EU, odnosno sticanju kandidatskog statusa. Jesu li o tome razmi\u0161ljali zastupnici ekolo\u0161kih i ljevi\u010darski stranaka u Parlamentu EU, koji deklarativno podr\u017eavaju priklju\u010denje BiH Uniji? Ne vjerujem.<\/p>\n\n\n\n<p>Pretpostaviti je kako su se oni, bez ikakvog znanja o ustavnoj i stvarnoj realnosti Bosne i Hercegovine kao tronacionalne dr\u017eave, u kojoj vladaju na\u010dela konsocijacijske demokracije, kako i primjerice Belgiji, zemlji doma\u0107inu europskih institucija, prilikom glasovanja rukovodili liberalno-demokratskim na\u010delima jednakosti gra\u0111ana, i nije ih bilo briga za pogubne konsekvence njihovog glasovanja po Bosnu i Hercegovinu. Zaboravili su i da sama EU nije sazdana na gra\u0111anskim i centralisti\u010dkim, ve\u0107 federalisti\u010dkim i konsocijacijskim principima.<\/p>\n\n\n\n<p>Da apsurd bude ve\u0107i, ti isti zastupnici 2014., a potom 2017. podr\u017eali su Rezoluciju kojom se od vlasti u BiH zahtijevalo da se reformski procesi temelje na na\u010delima federalizma, decentralizacije, legitimnog predstavljanja konstitutivnih naroda i substidijarnosti, \u0161to je bilo u skladu s ustavnom i stvarnom prirodom Bosne i Hercegovine kao dr\u017eave triju naroda.<\/p>\n\n\n\n<p>Podsjetimo u toj je rezoluciju pozdravljeno \u0161est to\u010daka sporazuma koji je postignut u Bruxellesu 1. listopada 2013. godine, (da jedan narod drugom ne bira predstavnike, op hms) ali i izra\u017eeno \u017ealjenje \u201c\u0161to centralisti\u010dke snage opstruiraju njegovu provedbu\u201d. Nagla\u0161eno da je \u201cva\u017eno slijediti na\u010dela federalizma i legitimnog predstavljanja kako bi se osigurao europski put BiH\u201d<\/p>\n\n\n\n<p>-Metoda izbora dva \u010dlana Predsjedni\u0161tva iz FBiH treba kroz ustavne amandmane, uva\u017eavaju\u0107i presudu Suda u Strasbourgu, sprije\u010diti nametanje rezultata izbora bilo kojem od konstitutivnih naroda ili \u201eOstalima\u201c, pisalo je uz ostalo u Rezoluciji Europskog parlamenta iz 2014. Politi\u010dko i medijsko Sarajevo, koje likuje zbog usvajanja najnovije rezolucije Europskog parlamenta, tu je rezoluciju potpuno ignoriralo, a bo\u0161nja\u010dki zastupnici nisu dozvolili \u010dak ni da ju se pro\u010dita u Parlamentu BiH. Takav nipodo\u0161tavaju\u0107i odnosi prema dokumentu Europskog parlamenta, europarlamentarcima nije ni najmanje smetao, \u0161to svjedo\u010di i o nedostatku samopo\u0161tovanja i po\u0161tovanja prema instituciji koju predstavljaju.<\/p>\n\n\n\n<p>Europski parlament zahtijevao je, u istoj Rezoluciji, \u201cod Federacije BiH da razmotri\u2026 spajanje nekih kantona i preraspodjelu nadle\u017enosti radi pojednostavljenja njezine slo\u017eene institucionalne strukture, osiguravanja uravnote\u017eene zastupljenosti svih konstitutivnih naroda i gra\u0111ana, suzbijanja etni\u010dke diskriminacije\u2026\u201d Spominjalo se i uspostavljanje \u201cdr\u017eavnog ministarstva poljoprivrede\u201d i jo\u0161 \u0161to \u0161ta.<\/p>\n\n\n\n<p>Ni\u0161ta od onog \u0161to je pisalo u tim rezolucijama Europskog parlamenta nije provedeno, niti je europarlamentarce bilo briga \u0161to nije. Svaka iole ozbiljna institucija, vodi ra\u010duna o konzistentnosti svoje politike, pa se u preambulama rezolucija i deklaracija poziva na prethodno usvojene dokumente. No, Europskog parlamentu, to, izgleda, nije va\u017eno, \u0161to govori koliko samo zastupnici dr\u017ee do op\u0161irnih rezolucija o zemljama pretendentima za \u010dlanstvo u EU, koje ve\u0107ina, vjerojatno, ni ne pro\u010dita.<\/p>\n\n\n\n<p>Name\u0107e se pitanje kako bi se Hrvati u BiH trebali odnositi prema najnovijoj Rezoluciji Europskog parlamenta? Odgovor se name\u0107e sam po sebi. Isto onako kako su se Bo\u0161njaci i europarlamentarci odnosili prema ranijim rezolucijama EP. Za\u0161to bi Hrvati trebali po\u0161tovati dokumente prema kojima \u0107e se oni koji su ih usvojili ve\u0107 sljede\u0107e godine odnositi kao prema lanjskom snijegu. I kona\u010dno, ne postoji ta Rezolucija zbog koje bi se Hrvati trebali odre\u0107i svog, krvlju obranjenog, politi\u010dkog subjektiviteta u BiH, ustavne \u010dinjenice da su suvlasnici Bosne i Hercegovine, u jednakoj mjeri kao i druga dva naroda. I prihvatiti da kroz, gra\u0111anski koncept, tronacionalna BiH, postane dvonacionalna ili jednonacionalna dr\u017eava, u kojoj \u0107e oni biti podstanari.<\/p>\n\n\n\n<p>&nbsp;\/HMS\/<\/p>\n","protected":false},"excerpt":{"rendered":"<p>Kakvu poruku Europski parlament \u0161alje politi\u010dkim akterima u BiH, kada odbija prihvatiti amandman hrvatskih europarlamentaraca da se, uz prava gra\u0111ana u Rezoluciji Europskom parlamenta spomenu i prava konstitutivnih naroda, dok u Rezoluciji istovremeno podr\u017eava na\u010dela vladavine prava i zahtjeve za provedbom presuda Ustavnog suda BiH, koja nala\u017ee upravo osiguranje legitimnog predstavlja konstitutivnih naroda?&nbsp;Vi\u0161e je nego [&hellip;]<\/p>\n","protected":false},"author":2,"featured_media":36244,"comment_status":"closed","ping_status":"closed","sticky":false,"template":"","format":"standard","meta":{"h5ap_radio_sources":[],"footnotes":""},"categories":[1],"tags":[],"class_list":["post-36243","post","type-post","status-publish","format-standard","has-post-thumbnail","hentry","category-bihiregija"],"yoast_head":"<!-- This site is optimized with the Yoast SEO plugin v27.5 - https:\/\/yoast.com\/product\/yoast-seo-wordpress\/ -->\n<title>Europski parlament svojim proturje\u010dnim porukama pomo\u0107i \u0107e nastavku agonije BiH - RADIO LJUBU\u0160KI<\/title>\n<meta name=\"robots\" content=\"index, follow, max-snippet:-1, max-image-preview:large, max-video-preview:-1\" \/>\n<link rel=\"canonical\" href=\"https:\/\/radioljubuski.ba\/index.php\/2021\/06\/27\/europski-parlament-svojim-proturjecnim-porukama-pomoci-ce-nastavku-agonije-bih\/\" \/>\n<meta property=\"og:locale\" content=\"hr_HR\" \/>\n<meta property=\"og:type\" content=\"article\" \/>\n<meta property=\"og:title\" content=\"Europski parlament svojim proturje\u010dnim porukama pomo\u0107i \u0107e nastavku agonije BiH - RADIO LJUBU\u0160KI\" \/>\n<meta property=\"og:description\" content=\"Kakvu poruku Europski parlament \u0161alje politi\u010dkim akterima u BiH, kada odbija prihvatiti amandman hrvatskih europarlamentaraca da se, uz prava gra\u0111ana u Rezoluciji Europskom parlamenta spomenu i prava konstitutivnih naroda, dok u Rezoluciji istovremeno podr\u017eava na\u010dela vladavine prava i zahtjeve za provedbom presuda Ustavnog suda BiH, koja nala\u017ee upravo osiguranje legitimnog predstavlja konstitutivnih naroda?&nbsp;Vi\u0161e je nego [&hellip;]\" \/>\n<meta property=\"og:url\" content=\"https:\/\/radioljubuski.ba\/index.php\/2021\/06\/27\/europski-parlament-svojim-proturjecnim-porukama-pomoci-ce-nastavku-agonije-bih\/\" \/>\n<meta property=\"og:site_name\" content=\"RADIO LJUBU\u0160KI\" \/>\n<meta property=\"article:publisher\" content=\"https:\/\/www.facebook.com\/Radiio-Ljubuski-1490835324566332\" \/>\n<meta property=\"article:published_time\" content=\"2021-06-27T00:07:10+00:00\" \/>\n<meta property=\"article:modified_time\" content=\"2021-06-27T00:07:11+00:00\" \/>\n<meta property=\"og:image\" content=\"https:\/\/radioljubuski.ba\/wp-content\/uploads\/2021\/06\/europski-parlament-strasbourg-db6df47cd1cc5be31b37d2b1b31caf74_view_article_new-1.jpg\" \/>\n\t<meta property=\"og:image:width\" content=\"860\" \/>\n\t<meta property=\"og:image:height\" content=\"430\" \/>\n\t<meta property=\"og:image:type\" content=\"image\/jpeg\" \/>\n<meta name=\"author\" content=\"Radio Ljubu\u0161ki\" \/>\n<meta name=\"twitter:card\" content=\"summary_large_image\" \/>\n<meta name=\"twitter:creator\" content=\"@radioljubuski\" \/>\n<meta name=\"twitter:site\" content=\"@radioljubuski\" \/>\n<meta name=\"twitter:label1\" content=\"Napisao\/la\" \/>\n\t<meta name=\"twitter:data1\" content=\"Radio Ljubu\u0161ki\" \/>\n\t<meta name=\"twitter:label2\" content=\"Procijenjeno vrijeme \u010ditanja\" \/>\n\t<meta name=\"twitter:data2\" content=\"4 minute\" \/>\n<script type=\"application\/ld+json\" class=\"yoast-schema-graph\">{\"@context\":\"https:\\\/\\\/schema.org\",\"@graph\":[{\"@type\":\"Article\",\"@id\":\"https:\\\/\\\/radioljubuski.ba\\\/index.php\\\/2021\\\/06\\\/27\\\/europski-parlament-svojim-proturjecnim-porukama-pomoci-ce-nastavku-agonije-bih\\\/#article\",\"isPartOf\":{\"@id\":\"https:\\\/\\\/radioljubuski.ba\\\/index.php\\\/2021\\\/06\\\/27\\\/europski-parlament-svojim-proturjecnim-porukama-pomoci-ce-nastavku-agonije-bih\\\/\"},\"author\":{\"name\":\"Radio Ljubu\u0161ki\",\"@id\":\"https:\\\/\\\/radioljubuski.ba\\\/#\\\/schema\\\/person\\\/19fc700381a780f69665d7956c469e3b\"},\"headline\":\"Europski parlament svojim proturje\u010dnim porukama pomo\u0107i \u0107e nastavku agonije BiH\",\"datePublished\":\"2021-06-27T00:07:10+00:00\",\"dateModified\":\"2021-06-27T00:07:11+00:00\",\"mainEntityOfPage\":{\"@id\":\"https:\\\/\\\/radioljubuski.ba\\\/index.php\\\/2021\\\/06\\\/27\\\/europski-parlament-svojim-proturjecnim-porukama-pomoci-ce-nastavku-agonije-bih\\\/\"},\"wordCount\":855,\"publisher\":{\"@id\":\"https:\\\/\\\/radioljubuski.ba\\\/#organization\"},\"image\":{\"@id\":\"https:\\\/\\\/radioljubuski.ba\\\/index.php\\\/2021\\\/06\\\/27\\\/europski-parlament-svojim-proturjecnim-porukama-pomoci-ce-nastavku-agonije-bih\\\/#primaryimage\"},\"thumbnailUrl\":\"https:\\\/\\\/radioljubuski.ba\\\/wp-content\\\/uploads\\\/2021\\\/06\\\/europski-parlament-strasbourg-db6df47cd1cc5be31b37d2b1b31caf74_view_article_new-1.jpg\",\"articleSection\":[\"BIH i regija\"],\"inLanguage\":\"hr\"},{\"@type\":\"WebPage\",\"@id\":\"https:\\\/\\\/radioljubuski.ba\\\/index.php\\\/2021\\\/06\\\/27\\\/europski-parlament-svojim-proturjecnim-porukama-pomoci-ce-nastavku-agonije-bih\\\/\",\"url\":\"https:\\\/\\\/radioljubuski.ba\\\/index.php\\\/2021\\\/06\\\/27\\\/europski-parlament-svojim-proturjecnim-porukama-pomoci-ce-nastavku-agonije-bih\\\/\",\"name\":\"Europski parlament svojim proturje\u010dnim porukama pomo\u0107i \u0107e nastavku agonije BiH - RADIO LJUBU\u0160KI\",\"isPartOf\":{\"@id\":\"https:\\\/\\\/radioljubuski.ba\\\/#website\"},\"primaryImageOfPage\":{\"@id\":\"https:\\\/\\\/radioljubuski.ba\\\/index.php\\\/2021\\\/06\\\/27\\\/europski-parlament-svojim-proturjecnim-porukama-pomoci-ce-nastavku-agonije-bih\\\/#primaryimage\"},\"image\":{\"@id\":\"https:\\\/\\\/radioljubuski.ba\\\/index.php\\\/2021\\\/06\\\/27\\\/europski-parlament-svojim-proturjecnim-porukama-pomoci-ce-nastavku-agonije-bih\\\/#primaryimage\"},\"thumbnailUrl\":\"https:\\\/\\\/radioljubuski.ba\\\/wp-content\\\/uploads\\\/2021\\\/06\\\/europski-parlament-strasbourg-db6df47cd1cc5be31b37d2b1b31caf74_view_article_new-1.jpg\",\"datePublished\":\"2021-06-27T00:07:10+00:00\",\"dateModified\":\"2021-06-27T00:07:11+00:00\",\"breadcrumb\":{\"@id\":\"https:\\\/\\\/radioljubuski.ba\\\/index.php\\\/2021\\\/06\\\/27\\\/europski-parlament-svojim-proturjecnim-porukama-pomoci-ce-nastavku-agonije-bih\\\/#breadcrumb\"},\"inLanguage\":\"hr\",\"potentialAction\":[{\"@type\":\"ReadAction\",\"target\":[\"https:\\\/\\\/radioljubuski.ba\\\/index.php\\\/2021\\\/06\\\/27\\\/europski-parlament-svojim-proturjecnim-porukama-pomoci-ce-nastavku-agonije-bih\\\/\"]}]},{\"@type\":\"ImageObject\",\"inLanguage\":\"hr\",\"@id\":\"https:\\\/\\\/radioljubuski.ba\\\/index.php\\\/2021\\\/06\\\/27\\\/europski-parlament-svojim-proturjecnim-porukama-pomoci-ce-nastavku-agonije-bih\\\/#primaryimage\",\"url\":\"https:\\\/\\\/radioljubuski.ba\\\/wp-content\\\/uploads\\\/2021\\\/06\\\/europski-parlament-strasbourg-db6df47cd1cc5be31b37d2b1b31caf74_view_article_new-1.jpg\",\"contentUrl\":\"https:\\\/\\\/radioljubuski.ba\\\/wp-content\\\/uploads\\\/2021\\\/06\\\/europski-parlament-strasbourg-db6df47cd1cc5be31b37d2b1b31caf74_view_article_new-1.jpg\",\"width\":860,\"height\":430},{\"@type\":\"BreadcrumbList\",\"@id\":\"https:\\\/\\\/radioljubuski.ba\\\/index.php\\\/2021\\\/06\\\/27\\\/europski-parlament-svojim-proturjecnim-porukama-pomoci-ce-nastavku-agonije-bih\\\/#breadcrumb\",\"itemListElement\":[{\"@type\":\"ListItem\",\"position\":1,\"name\":\"Po\u010detna stranica\",\"item\":\"https:\\\/\\\/radioljubuski.ba\\\/\"},{\"@type\":\"ListItem\",\"position\":2,\"name\":\"Europski parlament svojim proturje\u010dnim porukama pomo\u0107i \u0107e nastavku agonije BiH\"}]},{\"@type\":\"WebSite\",\"@id\":\"https:\\\/\\\/radioljubuski.ba\\\/#website\",\"url\":\"https:\\\/\\\/radioljubuski.ba\\\/\",\"name\":\"Radio Ljubu\u0161ki\",\"description\":\"Sun\u010dana frekvencija Hercegovine\",\"publisher\":{\"@id\":\"https:\\\/\\\/radioljubuski.ba\\\/#organization\"},\"potentialAction\":[{\"@type\":\"SearchAction\",\"target\":{\"@type\":\"EntryPoint\",\"urlTemplate\":\"https:\\\/\\\/radioljubuski.ba\\\/?s={search_term_string}\"},\"query-input\":{\"@type\":\"PropertyValueSpecification\",\"valueRequired\":true,\"valueName\":\"search_term_string\"}}],\"inLanguage\":\"hr\"},{\"@type\":\"Organization\",\"@id\":\"https:\\\/\\\/radioljubuski.ba\\\/#organization\",\"name\":\"Radio Ljubu\u0161ki\",\"url\":\"https:\\\/\\\/radioljubuski.ba\\\/\",\"logo\":{\"@type\":\"ImageObject\",\"inLanguage\":\"hr\",\"@id\":\"https:\\\/\\\/radioljubuski.ba\\\/#\\\/schema\\\/logo\\\/image\\\/\",\"url\":\"https:\\\/\\\/radioljubuski.ba\\\/wp-content\\\/uploads\\\/2021\\\/02\\\/cropped-Radio_Ljubuski_logo1.jpg\",\"contentUrl\":\"https:\\\/\\\/radioljubuski.ba\\\/wp-content\\\/uploads\\\/2021\\\/02\\\/cropped-Radio_Ljubuski_logo1.jpg\",\"width\":512,\"height\":512,\"caption\":\"Radio Ljubu\u0161ki\"},\"image\":{\"@id\":\"https:\\\/\\\/radioljubuski.ba\\\/#\\\/schema\\\/logo\\\/image\\\/\"},\"sameAs\":[\"https:\\\/\\\/www.facebook.com\\\/Radiio-Ljubuski-1490835324566332\",\"https:\\\/\\\/x.com\\\/radioljubuski\",\"https:\\\/\\\/hr.linkedin.com\\\/company\\\/radio-ljubuski\",\"https:\\\/\\\/www.youtube.com\\\/channel\\\/UCHYaeO_n0Db3tjNGudGpXyw\"]},{\"@type\":\"Person\",\"@id\":\"https:\\\/\\\/radioljubuski.ba\\\/#\\\/schema\\\/person\\\/19fc700381a780f69665d7956c469e3b\",\"name\":\"Radio Ljubu\u0161ki\"}]}<\/script>\n<!-- \/ Yoast SEO plugin. -->","yoast_head_json":{"title":"Europski parlament svojim proturje\u010dnim porukama pomo\u0107i \u0107e nastavku agonije BiH - RADIO LJUBU\u0160KI","robots":{"index":"index","follow":"follow","max-snippet":"max-snippet:-1","max-image-preview":"max-image-preview:large","max-video-preview":"max-video-preview:-1"},"canonical":"https:\/\/radioljubuski.ba\/index.php\/2021\/06\/27\/europski-parlament-svojim-proturjecnim-porukama-pomoci-ce-nastavku-agonije-bih\/","og_locale":"hr_HR","og_type":"article","og_title":"Europski parlament svojim proturje\u010dnim porukama pomo\u0107i \u0107e nastavku agonije BiH - RADIO LJUBU\u0160KI","og_description":"Kakvu poruku Europski parlament \u0161alje politi\u010dkim akterima u BiH, kada odbija prihvatiti amandman hrvatskih europarlamentaraca da se, uz prava gra\u0111ana u Rezoluciji Europskom parlamenta spomenu i prava konstitutivnih naroda, dok u Rezoluciji istovremeno podr\u017eava na\u010dela vladavine prava i zahtjeve za provedbom presuda Ustavnog suda BiH, koja nala\u017ee upravo osiguranje legitimnog predstavlja konstitutivnih naroda?&nbsp;Vi\u0161e je nego [&hellip;]","og_url":"https:\/\/radioljubuski.ba\/index.php\/2021\/06\/27\/europski-parlament-svojim-proturjecnim-porukama-pomoci-ce-nastavku-agonije-bih\/","og_site_name":"RADIO LJUBU\u0160KI","article_publisher":"https:\/\/www.facebook.com\/Radiio-Ljubuski-1490835324566332","article_published_time":"2021-06-27T00:07:10+00:00","article_modified_time":"2021-06-27T00:07:11+00:00","og_image":[{"width":860,"height":430,"url":"https:\/\/radioljubuski.ba\/wp-content\/uploads\/2021\/06\/europski-parlament-strasbourg-db6df47cd1cc5be31b37d2b1b31caf74_view_article_new-1.jpg","type":"image\/jpeg"}],"author":"Radio Ljubu\u0161ki","twitter_card":"summary_large_image","twitter_creator":"@radioljubuski","twitter_site":"@radioljubuski","twitter_misc":{"Napisao\/la":"Radio Ljubu\u0161ki","Procijenjeno vrijeme \u010ditanja":"4 minute"},"schema":{"@context":"https:\/\/schema.org","@graph":[{"@type":"Article","@id":"https:\/\/radioljubuski.ba\/index.php\/2021\/06\/27\/europski-parlament-svojim-proturjecnim-porukama-pomoci-ce-nastavku-agonije-bih\/#article","isPartOf":{"@id":"https:\/\/radioljubuski.ba\/index.php\/2021\/06\/27\/europski-parlament-svojim-proturjecnim-porukama-pomoci-ce-nastavku-agonije-bih\/"},"author":{"name":"Radio Ljubu\u0161ki","@id":"https:\/\/radioljubuski.ba\/#\/schema\/person\/19fc700381a780f69665d7956c469e3b"},"headline":"Europski parlament svojim proturje\u010dnim porukama pomo\u0107i \u0107e nastavku agonije BiH","datePublished":"2021-06-27T00:07:10+00:00","dateModified":"2021-06-27T00:07:11+00:00","mainEntityOfPage":{"@id":"https:\/\/radioljubuski.ba\/index.php\/2021\/06\/27\/europski-parlament-svojim-proturjecnim-porukama-pomoci-ce-nastavku-agonije-bih\/"},"wordCount":855,"publisher":{"@id":"https:\/\/radioljubuski.ba\/#organization"},"image":{"@id":"https:\/\/radioljubuski.ba\/index.php\/2021\/06\/27\/europski-parlament-svojim-proturjecnim-porukama-pomoci-ce-nastavku-agonije-bih\/#primaryimage"},"thumbnailUrl":"https:\/\/radioljubuski.ba\/wp-content\/uploads\/2021\/06\/europski-parlament-strasbourg-db6df47cd1cc5be31b37d2b1b31caf74_view_article_new-1.jpg","articleSection":["BIH i regija"],"inLanguage":"hr"},{"@type":"WebPage","@id":"https:\/\/radioljubuski.ba\/index.php\/2021\/06\/27\/europski-parlament-svojim-proturjecnim-porukama-pomoci-ce-nastavku-agonije-bih\/","url":"https:\/\/radioljubuski.ba\/index.php\/2021\/06\/27\/europski-parlament-svojim-proturjecnim-porukama-pomoci-ce-nastavku-agonije-bih\/","name":"Europski parlament svojim proturje\u010dnim porukama pomo\u0107i \u0107e nastavku agonije BiH - RADIO LJUBU\u0160KI","isPartOf":{"@id":"https:\/\/radioljubuski.ba\/#website"},"primaryImageOfPage":{"@id":"https:\/\/radioljubuski.ba\/index.php\/2021\/06\/27\/europski-parlament-svojim-proturjecnim-porukama-pomoci-ce-nastavku-agonije-bih\/#primaryimage"},"image":{"@id":"https:\/\/radioljubuski.ba\/index.php\/2021\/06\/27\/europski-parlament-svojim-proturjecnim-porukama-pomoci-ce-nastavku-agonije-bih\/#primaryimage"},"thumbnailUrl":"https:\/\/radioljubuski.ba\/wp-content\/uploads\/2021\/06\/europski-parlament-strasbourg-db6df47cd1cc5be31b37d2b1b31caf74_view_article_new-1.jpg","datePublished":"2021-06-27T00:07:10+00:00","dateModified":"2021-06-27T00:07:11+00:00","breadcrumb":{"@id":"https:\/\/radioljubuski.ba\/index.php\/2021\/06\/27\/europski-parlament-svojim-proturjecnim-porukama-pomoci-ce-nastavku-agonije-bih\/#breadcrumb"},"inLanguage":"hr","potentialAction":[{"@type":"ReadAction","target":["https:\/\/radioljubuski.ba\/index.php\/2021\/06\/27\/europski-parlament-svojim-proturjecnim-porukama-pomoci-ce-nastavku-agonije-bih\/"]}]},{"@type":"ImageObject","inLanguage":"hr","@id":"https:\/\/radioljubuski.ba\/index.php\/2021\/06\/27\/europski-parlament-svojim-proturjecnim-porukama-pomoci-ce-nastavku-agonije-bih\/#primaryimage","url":"https:\/\/radioljubuski.ba\/wp-content\/uploads\/2021\/06\/europski-parlament-strasbourg-db6df47cd1cc5be31b37d2b1b31caf74_view_article_new-1.jpg","contentUrl":"https:\/\/radioljubuski.ba\/wp-content\/uploads\/2021\/06\/europski-parlament-strasbourg-db6df47cd1cc5be31b37d2b1b31caf74_view_article_new-1.jpg","width":860,"height":430},{"@type":"BreadcrumbList","@id":"https:\/\/radioljubuski.ba\/index.php\/2021\/06\/27\/europski-parlament-svojim-proturjecnim-porukama-pomoci-ce-nastavku-agonije-bih\/#breadcrumb","itemListElement":[{"@type":"ListItem","position":1,"name":"Po\u010detna stranica","item":"https:\/\/radioljubuski.ba\/"},{"@type":"ListItem","position":2,"name":"Europski parlament svojim proturje\u010dnim porukama pomo\u0107i \u0107e nastavku agonije BiH"}]},{"@type":"WebSite","@id":"https:\/\/radioljubuski.ba\/#website","url":"https:\/\/radioljubuski.ba\/","name":"Radio Ljubu\u0161ki","description":"Sun\u010dana frekvencija Hercegovine","publisher":{"@id":"https:\/\/radioljubuski.ba\/#organization"},"potentialAction":[{"@type":"SearchAction","target":{"@type":"EntryPoint","urlTemplate":"https:\/\/radioljubuski.ba\/?s={search_term_string}"},"query-input":{"@type":"PropertyValueSpecification","valueRequired":true,"valueName":"search_term_string"}}],"inLanguage":"hr"},{"@type":"Organization","@id":"https:\/\/radioljubuski.ba\/#organization","name":"Radio Ljubu\u0161ki","url":"https:\/\/radioljubuski.ba\/","logo":{"@type":"ImageObject","inLanguage":"hr","@id":"https:\/\/radioljubuski.ba\/#\/schema\/logo\/image\/","url":"https:\/\/radioljubuski.ba\/wp-content\/uploads\/2021\/02\/cropped-Radio_Ljubuski_logo1.jpg","contentUrl":"https:\/\/radioljubuski.ba\/wp-content\/uploads\/2021\/02\/cropped-Radio_Ljubuski_logo1.jpg","width":512,"height":512,"caption":"Radio Ljubu\u0161ki"},"image":{"@id":"https:\/\/radioljubuski.ba\/#\/schema\/logo\/image\/"},"sameAs":["https:\/\/www.facebook.com\/Radiio-Ljubuski-1490835324566332","https:\/\/x.com\/radioljubuski","https:\/\/hr.linkedin.com\/company\/radio-ljubuski","https:\/\/www.youtube.com\/channel\/UCHYaeO_n0Db3tjNGudGpXyw"]},{"@type":"Person","@id":"https:\/\/radioljubuski.ba\/#\/schema\/person\/19fc700381a780f69665d7956c469e3b","name":"Radio Ljubu\u0161ki"}]}},"_links":{"self":[{"href":"https:\/\/radioljubuski.ba\/index.php\/wp-json\/wp\/v2\/posts\/36243","targetHints":{"allow":["GET"]}}],"collection":[{"href":"https:\/\/radioljubuski.ba\/index.php\/wp-json\/wp\/v2\/posts"}],"about":[{"href":"https:\/\/radioljubuski.ba\/index.php\/wp-json\/wp\/v2\/types\/post"}],"author":[{"embeddable":true,"href":"https:\/\/radioljubuski.ba\/index.php\/wp-json\/wp\/v2\/users\/2"}],"replies":[{"embeddable":true,"href":"https:\/\/radioljubuski.ba\/index.php\/wp-json\/wp\/v2\/comments?post=36243"}],"version-history":[{"count":1,"href":"https:\/\/radioljubuski.ba\/index.php\/wp-json\/wp\/v2\/posts\/36243\/revisions"}],"predecessor-version":[{"id":36245,"href":"https:\/\/radioljubuski.ba\/index.php\/wp-json\/wp\/v2\/posts\/36243\/revisions\/36245"}],"wp:featuredmedia":[{"embeddable":true,"href":"https:\/\/radioljubuski.ba\/index.php\/wp-json\/wp\/v2\/media\/36244"}],"wp:attachment":[{"href":"https:\/\/radioljubuski.ba\/index.php\/wp-json\/wp\/v2\/media?parent=36243"}],"wp:term":[{"taxonomy":"category","embeddable":true,"href":"https:\/\/radioljubuski.ba\/index.php\/wp-json\/wp\/v2\/categories?post=36243"},{"taxonomy":"post_tag","embeddable":true,"href":"https:\/\/radioljubuski.ba\/index.php\/wp-json\/wp\/v2\/tags?post=36243"}],"curies":[{"name":"wp","href":"https:\/\/api.w.org\/{rel}","templated":true}]}}