{"id":36249,"date":"2021-06-27T01:09:58","date_gmt":"2021-06-27T00:09:58","guid":{"rendered":"https:\/\/radioljubuski.ba\/?p=36249"},"modified":"2021-06-27T01:09:58","modified_gmt":"2021-06-27T00:09:58","slug":"muriz-memic-molim-ravnatelja-osa-e-da-se-ne-petlja-u-slucaj-ubojstva-dzenana","status":"publish","type":"post","link":"https:\/\/radioljubuski.ba\/index.php\/2021\/06\/27\/muriz-memic-molim-ravnatelja-osa-e-da-se-ne-petlja-u-slucaj-ubojstva-dzenana\/","title":{"rendered":"Muriz Memi\u0107: Molim ravnatelja OSA-e da se ne petlja u slu\u010daj ubojstva D\u017eenana"},"content":{"rendered":"\n<p><strong>Govore\u0107i o borbi za istinu i pravdu u slu\u010daju \u201cD\u017eenan Memi\u0107\u201d otac ovog stradalog mladi\u0107a Muriz Memi\u0107 i odvjetnik obitelji Memi\u0107, Ifet Feraget govorili su o nastavku ovog procesa, ali i o tome da nikada ne\u0107e odustati dok svi koji su odgovorni za to ne budu sankcionirani.<\/strong><\/p>\n\n\n\n<p>Iako je u javnosti \u010desto isticao da zna tko je ubio njegovog sina D\u017eenana te da se i susretao s tom osobom, Muriz Memi\u0107 je naglasio da mu je to uvijek najte\u017ee pitanje.<\/p>\n\n\n\n<p>\u201cMnogi su me pitali za\u0161to javno ne ka\u017eem o kome je rije\u010d. Uvijek sam navodio da je to na sudu i tu\u017eiteljstvu, da to ja ne trebam raditi. Me\u0111utim, evo sada ka\u017eem da \u0107u izgleda na kraju ja to uraditi i otkriti ime ako dr\u017eava to ne u\u010dini. Me\u0111utim, evo pokrenuta je istraga za organizirani kriminal, ubojice \u0107e do\u0107i same po sebi na red. Ali tko je nalogodavac, to \u0107e biti najva\u017enije pitanje. Ubojice ne mogu pobje\u0107i, evo ja to narodu obe\u0107avam. Znam tko je nalogodavac, ali nam trebaju \u010dvrsti dokazi i vidjet \u0107emo ho\u0107emo li ih uspjeti pribaviti\u201d, naglasio je Muriz Memi\u0107 za televiziju \u201cN1\u201d.<\/p>\n\n\n\n<p>U nekim od svojih medijskih istupa Muriz je naveo da postoje mo\u0107nici, opasni tipovi koji zata\u0161kavaju istragu ubojstva D\u017eenana te prozvao Osmana Mehmedagi\u0107a, direktora Sigurnosno-obavje\u0161tajne agencije (OSA) i zamolio ga da se \u201cne petlja\u201d u slu\u010daj.<\/p>\n\n\n\n<p>\u201cImam saznanja da on to radi i evo opet bih ga zamolio da se ne petlja. Ako nije htio pomo\u0107i od po\u010detka neka ne ote\u017eava. On je u toj slu\u017ebi da mo\u017ee uraditi \u0161to ho\u0107e. On nas prislu\u0161kuje i doslovno mo\u017ee uraditi to, toliko je mo\u0107an. Do mene dolaze svakakve informacije, ali toliko su mo\u0107ni da im ja jo\u0161 uvijek ne mogu ni\u0161ta\u201d, naveo je.<\/p>\n\n\n\n<p>Tu\u017eiteljstvo BiH je zatra\u017eilo od suda produ\u017eenje pritvora Hasanu Dupovcu i Zijadu Mutapu za 25 dana. Odvjetnik Ifet Feraget je taj zahtjev komentirao navode\u0107i da to ina\u010de nije praksa.<\/p>\n\n\n\n<p>\u201cTo nije uobi\u010dajeno, rijetkost je, ali to pokazuje s kolikom precizno\u0161\u0107u postupaju tu\u017eitelji i bez ikakve namjere da na bilo koji na\u010din naru\u0161e ljudska prava ljudi koji su u pritvoru. Javnost treba zvati da pritvor uvijek mora biti sveden na najkra\u0107e mogu\u0107e vrijeme. Zakon je propisao du\u017einu trajanja pritvora u zavisnosti od te\u017eine kaznenog djela. Moram re\u0107i da je ovaj postupak mo\u017eda primjer postupanja Suda BiH bez obzira na to \u0161to se na taj na\u010din vr\u0161i jedan odre\u0111eni pritisak na Tu\u017eiteljstvo. Sud BiH je poznat kao sud koji tako lako ne odre\u0111uje pritvor \u010dak i u predmetima ratnih zlo\u010dina\u201d, pojasnio je Feraget.<\/p>\n\n\n\n<p>Istaknuo je da je navedeno da \u0107e optu\u017enica protiv osoba koje su sada u pritvoru biti podnesena za najmanje 20-ak dana kako bi se ostavilo vremena sudu da potvrdi tu optu\u017enicu.<\/p>\n\n\n\n<p>\u201cAko je potvrdi, nakon toga nastupa potpuno druga\u010diji re\u017eim za pritvor i zbog toga se i sud i tu\u017eiteljstvo uklapaju u zakonske rokove kako pritvor ne bi trajao du\u017ee nego treba\u201d, dodao je.<\/p>\n\n\n\n<p>\/HMS\/<\/p>\n","protected":false},"excerpt":{"rendered":"<p>Govore\u0107i o borbi za istinu i pravdu u slu\u010daju \u201cD\u017eenan Memi\u0107\u201d otac ovog stradalog mladi\u0107a Muriz Memi\u0107 i odvjetnik obitelji Memi\u0107, Ifet Feraget govorili su o nastavku ovog procesa, ali i o tome da nikada ne\u0107e odustati dok svi koji su odgovorni za to ne budu sankcionirani. Iako je u javnosti \u010desto isticao da zna [&hellip;]<\/p>\n","protected":false},"author":2,"featured_media":36250,"comment_status":"closed","ping_status":"closed","sticky":false,"template":"","format":"standard","meta":{"h5ap_radio_sources":[],"footnotes":""},"categories":[1],"tags":[],"class_list":["post-36249","post","type-post","status-publish","format-standard","has-post-thumbnail","hentry","category-bihiregija"],"yoast_head":"<!-- This site is optimized with the Yoast SEO plugin v27.5 - https:\/\/yoast.com\/product\/yoast-seo-wordpress\/ -->\n<title>Muriz Memi\u0107: Molim ravnatelja OSA-e da se ne petlja u slu\u010daj ubojstva D\u017eenana - RADIO LJUBU\u0160KI<\/title>\n<meta name=\"robots\" content=\"index, follow, max-snippet:-1, max-image-preview:large, max-video-preview:-1\" \/>\n<link rel=\"canonical\" href=\"https:\/\/radioljubuski.ba\/index.php\/2021\/06\/27\/muriz-memic-molim-ravnatelja-osa-e-da-se-ne-petlja-u-slucaj-ubojstva-dzenana\/\" \/>\n<meta property=\"og:locale\" content=\"hr_HR\" \/>\n<meta property=\"og:type\" content=\"article\" \/>\n<meta property=\"og:title\" content=\"Muriz Memi\u0107: Molim ravnatelja OSA-e da se ne petlja u slu\u010daj ubojstva D\u017eenana - RADIO LJUBU\u0160KI\" \/>\n<meta property=\"og:description\" content=\"Govore\u0107i o borbi za istinu i pravdu u slu\u010daju \u201cD\u017eenan Memi\u0107\u201d otac ovog stradalog mladi\u0107a Muriz Memi\u0107 i odvjetnik obitelji Memi\u0107, Ifet Feraget govorili su o nastavku ovog procesa, ali i o tome da nikada ne\u0107e odustati dok svi koji su odgovorni za to ne budu sankcionirani. Iako je u javnosti \u010desto isticao da zna [&hellip;]\" \/>\n<meta property=\"og:url\" content=\"https:\/\/radioljubuski.ba\/index.php\/2021\/06\/27\/muriz-memic-molim-ravnatelja-osa-e-da-se-ne-petlja-u-slucaj-ubojstva-dzenana\/\" \/>\n<meta property=\"og:site_name\" content=\"RADIO LJUBU\u0160KI\" \/>\n<meta property=\"article:publisher\" content=\"https:\/\/www.facebook.com\/Radiio-Ljubuski-1490835324566332\" \/>\n<meta property=\"article:published_time\" content=\"2021-06-27T00:09:58+00:00\" \/>\n<meta property=\"og:image\" content=\"https:\/\/radioljubuski.ba\/wp-content\/uploads\/2021\/06\/muriz-memic-1.jpg\" \/>\n\t<meta property=\"og:image:width\" content=\"750\" \/>\n\t<meta property=\"og:image:height\" content=\"500\" \/>\n\t<meta property=\"og:image:type\" content=\"image\/jpeg\" \/>\n<meta name=\"author\" content=\"Radio Ljubu\u0161ki\" \/>\n<meta name=\"twitter:card\" content=\"summary_large_image\" \/>\n<meta name=\"twitter:creator\" content=\"@radioljubuski\" \/>\n<meta name=\"twitter:site\" content=\"@radioljubuski\" \/>\n<meta name=\"twitter:label1\" content=\"Napisao\/la\" \/>\n\t<meta name=\"twitter:data1\" content=\"Radio Ljubu\u0161ki\" \/>\n\t<meta name=\"twitter:label2\" content=\"Procijenjeno vrijeme \u010ditanja\" \/>\n\t<meta name=\"twitter:data2\" content=\"3 minute\" \/>\n<script type=\"application\/ld+json\" class=\"yoast-schema-graph\">{\"@context\":\"https:\\\/\\\/schema.org\",\"@graph\":[{\"@type\":\"Article\",\"@id\":\"https:\\\/\\\/radioljubuski.ba\\\/index.php\\\/2021\\\/06\\\/27\\\/muriz-memic-molim-ravnatelja-osa-e-da-se-ne-petlja-u-slucaj-ubojstva-dzenana\\\/#article\",\"isPartOf\":{\"@id\":\"https:\\\/\\\/radioljubuski.ba\\\/index.php\\\/2021\\\/06\\\/27\\\/muriz-memic-molim-ravnatelja-osa-e-da-se-ne-petlja-u-slucaj-ubojstva-dzenana\\\/\"},\"author\":{\"name\":\"Radio Ljubu\u0161ki\",\"@id\":\"https:\\\/\\\/radioljubuski.ba\\\/#\\\/schema\\\/person\\\/19fc700381a780f69665d7956c469e3b\"},\"headline\":\"Muriz Memi\u0107: Molim ravnatelja OSA-e da se ne petlja u slu\u010daj ubojstva D\u017eenana\",\"datePublished\":\"2021-06-27T00:09:58+00:00\",\"mainEntityOfPage\":{\"@id\":\"https:\\\/\\\/radioljubuski.ba\\\/index.php\\\/2021\\\/06\\\/27\\\/muriz-memic-molim-ravnatelja-osa-e-da-se-ne-petlja-u-slucaj-ubojstva-dzenana\\\/\"},\"wordCount\":562,\"publisher\":{\"@id\":\"https:\\\/\\\/radioljubuski.ba\\\/#organization\"},\"image\":{\"@id\":\"https:\\\/\\\/radioljubuski.ba\\\/index.php\\\/2021\\\/06\\\/27\\\/muriz-memic-molim-ravnatelja-osa-e-da-se-ne-petlja-u-slucaj-ubojstva-dzenana\\\/#primaryimage\"},\"thumbnailUrl\":\"https:\\\/\\\/radioljubuski.ba\\\/wp-content\\\/uploads\\\/2021\\\/06\\\/muriz-memic-1.jpg\",\"articleSection\":[\"BIH i regija\"],\"inLanguage\":\"hr\"},{\"@type\":\"WebPage\",\"@id\":\"https:\\\/\\\/radioljubuski.ba\\\/index.php\\\/2021\\\/06\\\/27\\\/muriz-memic-molim-ravnatelja-osa-e-da-se-ne-petlja-u-slucaj-ubojstva-dzenana\\\/\",\"url\":\"https:\\\/\\\/radioljubuski.ba\\\/index.php\\\/2021\\\/06\\\/27\\\/muriz-memic-molim-ravnatelja-osa-e-da-se-ne-petlja-u-slucaj-ubojstva-dzenana\\\/\",\"name\":\"Muriz Memi\u0107: Molim ravnatelja OSA-e da se ne petlja u slu\u010daj ubojstva D\u017eenana - RADIO LJUBU\u0160KI\",\"isPartOf\":{\"@id\":\"https:\\\/\\\/radioljubuski.ba\\\/#website\"},\"primaryImageOfPage\":{\"@id\":\"https:\\\/\\\/radioljubuski.ba\\\/index.php\\\/2021\\\/06\\\/27\\\/muriz-memic-molim-ravnatelja-osa-e-da-se-ne-petlja-u-slucaj-ubojstva-dzenana\\\/#primaryimage\"},\"image\":{\"@id\":\"https:\\\/\\\/radioljubuski.ba\\\/index.php\\\/2021\\\/06\\\/27\\\/muriz-memic-molim-ravnatelja-osa-e-da-se-ne-petlja-u-slucaj-ubojstva-dzenana\\\/#primaryimage\"},\"thumbnailUrl\":\"https:\\\/\\\/radioljubuski.ba\\\/wp-content\\\/uploads\\\/2021\\\/06\\\/muriz-memic-1.jpg\",\"datePublished\":\"2021-06-27T00:09:58+00:00\",\"breadcrumb\":{\"@id\":\"https:\\\/\\\/radioljubuski.ba\\\/index.php\\\/2021\\\/06\\\/27\\\/muriz-memic-molim-ravnatelja-osa-e-da-se-ne-petlja-u-slucaj-ubojstva-dzenana\\\/#breadcrumb\"},\"inLanguage\":\"hr\",\"potentialAction\":[{\"@type\":\"ReadAction\",\"target\":[\"https:\\\/\\\/radioljubuski.ba\\\/index.php\\\/2021\\\/06\\\/27\\\/muriz-memic-molim-ravnatelja-osa-e-da-se-ne-petlja-u-slucaj-ubojstva-dzenana\\\/\"]}]},{\"@type\":\"ImageObject\",\"inLanguage\":\"hr\",\"@id\":\"https:\\\/\\\/radioljubuski.ba\\\/index.php\\\/2021\\\/06\\\/27\\\/muriz-memic-molim-ravnatelja-osa-e-da-se-ne-petlja-u-slucaj-ubojstva-dzenana\\\/#primaryimage\",\"url\":\"https:\\\/\\\/radioljubuski.ba\\\/wp-content\\\/uploads\\\/2021\\\/06\\\/muriz-memic-1.jpg\",\"contentUrl\":\"https:\\\/\\\/radioljubuski.ba\\\/wp-content\\\/uploads\\\/2021\\\/06\\\/muriz-memic-1.jpg\",\"width\":750,\"height\":500},{\"@type\":\"BreadcrumbList\",\"@id\":\"https:\\\/\\\/radioljubuski.ba\\\/index.php\\\/2021\\\/06\\\/27\\\/muriz-memic-molim-ravnatelja-osa-e-da-se-ne-petlja-u-slucaj-ubojstva-dzenana\\\/#breadcrumb\",\"itemListElement\":[{\"@type\":\"ListItem\",\"position\":1,\"name\":\"Po\u010detna stranica\",\"item\":\"https:\\\/\\\/radioljubuski.ba\\\/\"},{\"@type\":\"ListItem\",\"position\":2,\"name\":\"Muriz Memi\u0107: Molim ravnatelja OSA-e da se ne petlja u slu\u010daj ubojstva D\u017eenana\"}]},{\"@type\":\"WebSite\",\"@id\":\"https:\\\/\\\/radioljubuski.ba\\\/#website\",\"url\":\"https:\\\/\\\/radioljubuski.ba\\\/\",\"name\":\"Radio Ljubu\u0161ki\",\"description\":\"Sun\u010dana frekvencija Hercegovine\",\"publisher\":{\"@id\":\"https:\\\/\\\/radioljubuski.ba\\\/#organization\"},\"potentialAction\":[{\"@type\":\"SearchAction\",\"target\":{\"@type\":\"EntryPoint\",\"urlTemplate\":\"https:\\\/\\\/radioljubuski.ba\\\/?s={search_term_string}\"},\"query-input\":{\"@type\":\"PropertyValueSpecification\",\"valueRequired\":true,\"valueName\":\"search_term_string\"}}],\"inLanguage\":\"hr\"},{\"@type\":\"Organization\",\"@id\":\"https:\\\/\\\/radioljubuski.ba\\\/#organization\",\"name\":\"Radio Ljubu\u0161ki\",\"url\":\"https:\\\/\\\/radioljubuski.ba\\\/\",\"logo\":{\"@type\":\"ImageObject\",\"inLanguage\":\"hr\",\"@id\":\"https:\\\/\\\/radioljubuski.ba\\\/#\\\/schema\\\/logo\\\/image\\\/\",\"url\":\"https:\\\/\\\/radioljubuski.ba\\\/wp-content\\\/uploads\\\/2021\\\/02\\\/cropped-Radio_Ljubuski_logo1.jpg\",\"contentUrl\":\"https:\\\/\\\/radioljubuski.ba\\\/wp-content\\\/uploads\\\/2021\\\/02\\\/cropped-Radio_Ljubuski_logo1.jpg\",\"width\":512,\"height\":512,\"caption\":\"Radio Ljubu\u0161ki\"},\"image\":{\"@id\":\"https:\\\/\\\/radioljubuski.ba\\\/#\\\/schema\\\/logo\\\/image\\\/\"},\"sameAs\":[\"https:\\\/\\\/www.facebook.com\\\/Radiio-Ljubuski-1490835324566332\",\"https:\\\/\\\/x.com\\\/radioljubuski\",\"https:\\\/\\\/hr.linkedin.com\\\/company\\\/radio-ljubuski\",\"https:\\\/\\\/www.youtube.com\\\/channel\\\/UCHYaeO_n0Db3tjNGudGpXyw\"]},{\"@type\":\"Person\",\"@id\":\"https:\\\/\\\/radioljubuski.ba\\\/#\\\/schema\\\/person\\\/19fc700381a780f69665d7956c469e3b\",\"name\":\"Radio Ljubu\u0161ki\"}]}<\/script>\n<!-- \/ Yoast SEO plugin. -->","yoast_head_json":{"title":"Muriz Memi\u0107: Molim ravnatelja OSA-e da se ne petlja u slu\u010daj ubojstva D\u017eenana - RADIO LJUBU\u0160KI","robots":{"index":"index","follow":"follow","max-snippet":"max-snippet:-1","max-image-preview":"max-image-preview:large","max-video-preview":"max-video-preview:-1"},"canonical":"https:\/\/radioljubuski.ba\/index.php\/2021\/06\/27\/muriz-memic-molim-ravnatelja-osa-e-da-se-ne-petlja-u-slucaj-ubojstva-dzenana\/","og_locale":"hr_HR","og_type":"article","og_title":"Muriz Memi\u0107: Molim ravnatelja OSA-e da se ne petlja u slu\u010daj ubojstva D\u017eenana - RADIO LJUBU\u0160KI","og_description":"Govore\u0107i o borbi za istinu i pravdu u slu\u010daju \u201cD\u017eenan Memi\u0107\u201d otac ovog stradalog mladi\u0107a Muriz Memi\u0107 i odvjetnik obitelji Memi\u0107, Ifet Feraget govorili su o nastavku ovog procesa, ali i o tome da nikada ne\u0107e odustati dok svi koji su odgovorni za to ne budu sankcionirani. Iako je u javnosti \u010desto isticao da zna [&hellip;]","og_url":"https:\/\/radioljubuski.ba\/index.php\/2021\/06\/27\/muriz-memic-molim-ravnatelja-osa-e-da-se-ne-petlja-u-slucaj-ubojstva-dzenana\/","og_site_name":"RADIO LJUBU\u0160KI","article_publisher":"https:\/\/www.facebook.com\/Radiio-Ljubuski-1490835324566332","article_published_time":"2021-06-27T00:09:58+00:00","og_image":[{"width":750,"height":500,"url":"https:\/\/radioljubuski.ba\/wp-content\/uploads\/2021\/06\/muriz-memic-1.jpg","type":"image\/jpeg"}],"author":"Radio Ljubu\u0161ki","twitter_card":"summary_large_image","twitter_creator":"@radioljubuski","twitter_site":"@radioljubuski","twitter_misc":{"Napisao\/la":"Radio Ljubu\u0161ki","Procijenjeno vrijeme \u010ditanja":"3 minute"},"schema":{"@context":"https:\/\/schema.org","@graph":[{"@type":"Article","@id":"https:\/\/radioljubuski.ba\/index.php\/2021\/06\/27\/muriz-memic-molim-ravnatelja-osa-e-da-se-ne-petlja-u-slucaj-ubojstva-dzenana\/#article","isPartOf":{"@id":"https:\/\/radioljubuski.ba\/index.php\/2021\/06\/27\/muriz-memic-molim-ravnatelja-osa-e-da-se-ne-petlja-u-slucaj-ubojstva-dzenana\/"},"author":{"name":"Radio Ljubu\u0161ki","@id":"https:\/\/radioljubuski.ba\/#\/schema\/person\/19fc700381a780f69665d7956c469e3b"},"headline":"Muriz Memi\u0107: Molim ravnatelja OSA-e da se ne petlja u slu\u010daj ubojstva D\u017eenana","datePublished":"2021-06-27T00:09:58+00:00","mainEntityOfPage":{"@id":"https:\/\/radioljubuski.ba\/index.php\/2021\/06\/27\/muriz-memic-molim-ravnatelja-osa-e-da-se-ne-petlja-u-slucaj-ubojstva-dzenana\/"},"wordCount":562,"publisher":{"@id":"https:\/\/radioljubuski.ba\/#organization"},"image":{"@id":"https:\/\/radioljubuski.ba\/index.php\/2021\/06\/27\/muriz-memic-molim-ravnatelja-osa-e-da-se-ne-petlja-u-slucaj-ubojstva-dzenana\/#primaryimage"},"thumbnailUrl":"https:\/\/radioljubuski.ba\/wp-content\/uploads\/2021\/06\/muriz-memic-1.jpg","articleSection":["BIH i regija"],"inLanguage":"hr"},{"@type":"WebPage","@id":"https:\/\/radioljubuski.ba\/index.php\/2021\/06\/27\/muriz-memic-molim-ravnatelja-osa-e-da-se-ne-petlja-u-slucaj-ubojstva-dzenana\/","url":"https:\/\/radioljubuski.ba\/index.php\/2021\/06\/27\/muriz-memic-molim-ravnatelja-osa-e-da-se-ne-petlja-u-slucaj-ubojstva-dzenana\/","name":"Muriz Memi\u0107: Molim ravnatelja OSA-e da se ne petlja u slu\u010daj ubojstva D\u017eenana - RADIO LJUBU\u0160KI","isPartOf":{"@id":"https:\/\/radioljubuski.ba\/#website"},"primaryImageOfPage":{"@id":"https:\/\/radioljubuski.ba\/index.php\/2021\/06\/27\/muriz-memic-molim-ravnatelja-osa-e-da-se-ne-petlja-u-slucaj-ubojstva-dzenana\/#primaryimage"},"image":{"@id":"https:\/\/radioljubuski.ba\/index.php\/2021\/06\/27\/muriz-memic-molim-ravnatelja-osa-e-da-se-ne-petlja-u-slucaj-ubojstva-dzenana\/#primaryimage"},"thumbnailUrl":"https:\/\/radioljubuski.ba\/wp-content\/uploads\/2021\/06\/muriz-memic-1.jpg","datePublished":"2021-06-27T00:09:58+00:00","breadcrumb":{"@id":"https:\/\/radioljubuski.ba\/index.php\/2021\/06\/27\/muriz-memic-molim-ravnatelja-osa-e-da-se-ne-petlja-u-slucaj-ubojstva-dzenana\/#breadcrumb"},"inLanguage":"hr","potentialAction":[{"@type":"ReadAction","target":["https:\/\/radioljubuski.ba\/index.php\/2021\/06\/27\/muriz-memic-molim-ravnatelja-osa-e-da-se-ne-petlja-u-slucaj-ubojstva-dzenana\/"]}]},{"@type":"ImageObject","inLanguage":"hr","@id":"https:\/\/radioljubuski.ba\/index.php\/2021\/06\/27\/muriz-memic-molim-ravnatelja-osa-e-da-se-ne-petlja-u-slucaj-ubojstva-dzenana\/#primaryimage","url":"https:\/\/radioljubuski.ba\/wp-content\/uploads\/2021\/06\/muriz-memic-1.jpg","contentUrl":"https:\/\/radioljubuski.ba\/wp-content\/uploads\/2021\/06\/muriz-memic-1.jpg","width":750,"height":500},{"@type":"BreadcrumbList","@id":"https:\/\/radioljubuski.ba\/index.php\/2021\/06\/27\/muriz-memic-molim-ravnatelja-osa-e-da-se-ne-petlja-u-slucaj-ubojstva-dzenana\/#breadcrumb","itemListElement":[{"@type":"ListItem","position":1,"name":"Po\u010detna stranica","item":"https:\/\/radioljubuski.ba\/"},{"@type":"ListItem","position":2,"name":"Muriz Memi\u0107: Molim ravnatelja OSA-e da se ne petlja u slu\u010daj ubojstva D\u017eenana"}]},{"@type":"WebSite","@id":"https:\/\/radioljubuski.ba\/#website","url":"https:\/\/radioljubuski.ba\/","name":"Radio Ljubu\u0161ki","description":"Sun\u010dana frekvencija Hercegovine","publisher":{"@id":"https:\/\/radioljubuski.ba\/#organization"},"potentialAction":[{"@type":"SearchAction","target":{"@type":"EntryPoint","urlTemplate":"https:\/\/radioljubuski.ba\/?s={search_term_string}"},"query-input":{"@type":"PropertyValueSpecification","valueRequired":true,"valueName":"search_term_string"}}],"inLanguage":"hr"},{"@type":"Organization","@id":"https:\/\/radioljubuski.ba\/#organization","name":"Radio Ljubu\u0161ki","url":"https:\/\/radioljubuski.ba\/","logo":{"@type":"ImageObject","inLanguage":"hr","@id":"https:\/\/radioljubuski.ba\/#\/schema\/logo\/image\/","url":"https:\/\/radioljubuski.ba\/wp-content\/uploads\/2021\/02\/cropped-Radio_Ljubuski_logo1.jpg","contentUrl":"https:\/\/radioljubuski.ba\/wp-content\/uploads\/2021\/02\/cropped-Radio_Ljubuski_logo1.jpg","width":512,"height":512,"caption":"Radio Ljubu\u0161ki"},"image":{"@id":"https:\/\/radioljubuski.ba\/#\/schema\/logo\/image\/"},"sameAs":["https:\/\/www.facebook.com\/Radiio-Ljubuski-1490835324566332","https:\/\/x.com\/radioljubuski","https:\/\/hr.linkedin.com\/company\/radio-ljubuski","https:\/\/www.youtube.com\/channel\/UCHYaeO_n0Db3tjNGudGpXyw"]},{"@type":"Person","@id":"https:\/\/radioljubuski.ba\/#\/schema\/person\/19fc700381a780f69665d7956c469e3b","name":"Radio Ljubu\u0161ki"}]}},"_links":{"self":[{"href":"https:\/\/radioljubuski.ba\/index.php\/wp-json\/wp\/v2\/posts\/36249","targetHints":{"allow":["GET"]}}],"collection":[{"href":"https:\/\/radioljubuski.ba\/index.php\/wp-json\/wp\/v2\/posts"}],"about":[{"href":"https:\/\/radioljubuski.ba\/index.php\/wp-json\/wp\/v2\/types\/post"}],"author":[{"embeddable":true,"href":"https:\/\/radioljubuski.ba\/index.php\/wp-json\/wp\/v2\/users\/2"}],"replies":[{"embeddable":true,"href":"https:\/\/radioljubuski.ba\/index.php\/wp-json\/wp\/v2\/comments?post=36249"}],"version-history":[{"count":1,"href":"https:\/\/radioljubuski.ba\/index.php\/wp-json\/wp\/v2\/posts\/36249\/revisions"}],"predecessor-version":[{"id":36251,"href":"https:\/\/radioljubuski.ba\/index.php\/wp-json\/wp\/v2\/posts\/36249\/revisions\/36251"}],"wp:featuredmedia":[{"embeddable":true,"href":"https:\/\/radioljubuski.ba\/index.php\/wp-json\/wp\/v2\/media\/36250"}],"wp:attachment":[{"href":"https:\/\/radioljubuski.ba\/index.php\/wp-json\/wp\/v2\/media?parent=36249"}],"wp:term":[{"taxonomy":"category","embeddable":true,"href":"https:\/\/radioljubuski.ba\/index.php\/wp-json\/wp\/v2\/categories?post=36249"},{"taxonomy":"post_tag","embeddable":true,"href":"https:\/\/radioljubuski.ba\/index.php\/wp-json\/wp\/v2\/tags?post=36249"}],"curies":[{"name":"wp","href":"https:\/\/api.w.org\/{rel}","templated":true}]}}