{"id":36255,"date":"2021-06-27T01:14:56","date_gmt":"2021-06-27T00:14:56","guid":{"rendered":"https:\/\/radioljubuski.ba\/?p=36255"},"modified":"2021-06-27T01:14:57","modified_gmt":"2021-06-27T00:14:57","slug":"dom-zdravlja-mostar-dobio-vjezbovni-eksterni-defibrilator","status":"publish","type":"post","link":"https:\/\/radioljubuski.ba\/index.php\/2021\/06\/27\/dom-zdravlja-mostar-dobio-vjezbovni-eksterni-defibrilator\/","title":{"rendered":"Dom zdravlja Mostar dobio vje\u017ebovni eksterni defibrilator"},"content":{"rendered":"\n<h5 class=\"wp-block-heading\"><strong>Predstavnici tri projektna partnera \u2013 Doma zdravlja Mostar, Zavoda za hitnu medicinu Zagreba\u010dke \u017eupanije i Zavoda za hitnu medicinsku pomo\u0107 Crne Gore, u petak su u Mostaru razgovarali o gantogram aktivnostima te planiranju i revidiranje preostalih aktivnosti u okviru Race projekta.<\/strong><\/h5>\n\n\n\n<p>Usporedo s PMT sastankom, u edukacijskom centru Slu\u017ebe hitne medicinske pomo\u0107i Doma zdravlja Mostar, u tijeku je&nbsp;<strong>edukacija<\/strong>&nbsp;edukatora reanimacija osnovnih vitalnih funkcija od hrvatskih partnera.<\/p>\n\n\n\n<p>Ovom prigodom partneri iz Zavoda za hitnu medicinu Zagreba\u010dke \u017eupanije na \u010delu s ravnateljem&nbsp;<strong>Davorinom Gajnikom<\/strong>, Domu zdravlja Mostar poklonili su jedan vje\u017ebovni AVD ure\u0111aj (automatski eksterni defibrilator) koji \u0107e biti od velike koristi u budu\u0107em radu, pi\u0161e Jabuka.tv.<\/p>\n\n\n\n<p>Poklon su primile v.d. ravnateljica<strong>&nbsp;Kristina Bevanda<\/strong>&nbsp;i voditeljica Slu\u017ebe hitne medicinske pomo\u0107i, dr.<strong>&nbsp;Kristina \u0160imovi\u0107<\/strong>, priop\u0107eno je iz Doma zdravlja Mostar.<\/p>\n\n\n\n<p>Race projekt sufinanciran je iz Interreg IPA program<strong>&nbsp;prekograni\u010dne suradnje Hrvatska \u2013 Bosna i Hercegovina \u2013 Crna Gora<\/strong>, a op\u0107i cilj projekta je&nbsp;<strong>uskladiti i pobolj\u0161ati hitne medicinske usluge<\/strong>&nbsp;u prekograni\u010dnom podru\u010dju s ciljem postizanja ve\u0107e u\u010dinkovitosti i profesionalnosti u o\u010duvanju ljudskih \u017eivota, kao i pru\u017eiti zajedni\u010dki odgovor u slu\u010daju ve\u0107ih, masovnih nesre\u0107a na programskom podru\u010dju.<\/p>\n\n\n\n<p>Ukupna vrijednost projekta je&nbsp;<strong>940.443 eura<\/strong>, od \u010dega Europska unije osigurava 85 posto iznosa. Ukupan iznos dodijeljenih sredstava za Dom zdravlja Mostar je 415.389 eura.<\/p>\n\n\n\n<p>\/HMS\/<\/p>\n","protected":false},"excerpt":{"rendered":"<p>Predstavnici tri projektna partnera \u2013 Doma zdravlja Mostar, Zavoda za hitnu medicinu Zagreba\u010dke \u017eupanije i Zavoda za hitnu medicinsku pomo\u0107 Crne Gore, u petak su u Mostaru razgovarali o gantogram aktivnostima te planiranju i revidiranje preostalih aktivnosti u okviru Race projekta. Usporedo s PMT sastankom, u edukacijskom centru Slu\u017ebe hitne medicinske pomo\u0107i Doma zdravlja Mostar, [&hellip;]<\/p>\n","protected":false},"author":2,"featured_media":36256,"comment_status":"closed","ping_status":"closed","sticky":false,"template":"","format":"standard","meta":{"h5ap_radio_sources":[],"footnotes":""},"categories":[1],"tags":[],"class_list":["post-36255","post","type-post","status-publish","format-standard","has-post-thumbnail","hentry","category-bihiregija"],"yoast_head":"<!-- This site is optimized with the Yoast SEO plugin v27.5 - https:\/\/yoast.com\/product\/yoast-seo-wordpress\/ -->\n<title>Dom zdravlja Mostar dobio vje\u017ebovni eksterni defibrilator - RADIO LJUBU\u0160KI<\/title>\n<meta name=\"robots\" content=\"index, follow, max-snippet:-1, max-image-preview:large, max-video-preview:-1\" \/>\n<link rel=\"canonical\" href=\"https:\/\/radioljubuski.ba\/index.php\/2021\/06\/27\/dom-zdravlja-mostar-dobio-vjezbovni-eksterni-defibrilator\/\" \/>\n<meta property=\"og:locale\" content=\"hr_HR\" \/>\n<meta property=\"og:type\" content=\"article\" \/>\n<meta property=\"og:title\" content=\"Dom zdravlja Mostar dobio vje\u017ebovni eksterni defibrilator - RADIO LJUBU\u0160KI\" \/>\n<meta property=\"og:description\" content=\"Predstavnici tri projektna partnera \u2013 Doma zdravlja Mostar, Zavoda za hitnu medicinu Zagreba\u010dke \u017eupanije i Zavoda za hitnu medicinsku pomo\u0107 Crne Gore, u petak su u Mostaru razgovarali o gantogram aktivnostima te planiranju i revidiranje preostalih aktivnosti u okviru Race projekta. Usporedo s PMT sastankom, u edukacijskom centru Slu\u017ebe hitne medicinske pomo\u0107i Doma zdravlja Mostar, [&hellip;]\" \/>\n<meta property=\"og:url\" content=\"https:\/\/radioljubuski.ba\/index.php\/2021\/06\/27\/dom-zdravlja-mostar-dobio-vjezbovni-eksterni-defibrilator\/\" \/>\n<meta property=\"og:site_name\" content=\"RADIO LJUBU\u0160KI\" \/>\n<meta property=\"article:publisher\" content=\"https:\/\/www.facebook.com\/Radiio-Ljubuski-1490835324566332\" \/>\n<meta property=\"article:published_time\" content=\"2021-06-27T00:14:56+00:00\" \/>\n<meta property=\"article:modified_time\" content=\"2021-06-27T00:14:57+00:00\" \/>\n<meta property=\"og:image\" content=\"https:\/\/radioljubuski.ba\/wp-content\/uploads\/2021\/06\/dz.jpg\" \/>\n\t<meta property=\"og:image:width\" content=\"810\" \/>\n\t<meta property=\"og:image:height\" content=\"486\" \/>\n\t<meta property=\"og:image:type\" content=\"image\/jpeg\" \/>\n<meta name=\"author\" content=\"Radio Ljubu\u0161ki\" \/>\n<meta name=\"twitter:card\" content=\"summary_large_image\" \/>\n<meta name=\"twitter:creator\" content=\"@radioljubuski\" \/>\n<meta name=\"twitter:site\" content=\"@radioljubuski\" \/>\n<meta name=\"twitter:label1\" content=\"Napisao\/la\" \/>\n\t<meta name=\"twitter:data1\" content=\"Radio Ljubu\u0161ki\" \/>\n\t<meta name=\"twitter:label2\" content=\"Procijenjeno vrijeme \u010ditanja\" \/>\n\t<meta name=\"twitter:data2\" content=\"1 minuta\" \/>\n<script type=\"application\/ld+json\" class=\"yoast-schema-graph\">{\"@context\":\"https:\\\/\\\/schema.org\",\"@graph\":[{\"@type\":\"Article\",\"@id\":\"https:\\\/\\\/radioljubuski.ba\\\/index.php\\\/2021\\\/06\\\/27\\\/dom-zdravlja-mostar-dobio-vjezbovni-eksterni-defibrilator\\\/#article\",\"isPartOf\":{\"@id\":\"https:\\\/\\\/radioljubuski.ba\\\/index.php\\\/2021\\\/06\\\/27\\\/dom-zdravlja-mostar-dobio-vjezbovni-eksterni-defibrilator\\\/\"},\"author\":{\"name\":\"Radio Ljubu\u0161ki\",\"@id\":\"https:\\\/\\\/radioljubuski.ba\\\/#\\\/schema\\\/person\\\/19fc700381a780f69665d7956c469e3b\"},\"headline\":\"Dom zdravlja Mostar dobio vje\u017ebovni eksterni defibrilator\",\"datePublished\":\"2021-06-27T00:14:56+00:00\",\"dateModified\":\"2021-06-27T00:14:57+00:00\",\"mainEntityOfPage\":{\"@id\":\"https:\\\/\\\/radioljubuski.ba\\\/index.php\\\/2021\\\/06\\\/27\\\/dom-zdravlja-mostar-dobio-vjezbovni-eksterni-defibrilator\\\/\"},\"wordCount\":249,\"publisher\":{\"@id\":\"https:\\\/\\\/radioljubuski.ba\\\/#organization\"},\"image\":{\"@id\":\"https:\\\/\\\/radioljubuski.ba\\\/index.php\\\/2021\\\/06\\\/27\\\/dom-zdravlja-mostar-dobio-vjezbovni-eksterni-defibrilator\\\/#primaryimage\"},\"thumbnailUrl\":\"https:\\\/\\\/radioljubuski.ba\\\/wp-content\\\/uploads\\\/2021\\\/06\\\/dz.jpg\",\"articleSection\":[\"BIH i regija\"],\"inLanguage\":\"hr\"},{\"@type\":\"WebPage\",\"@id\":\"https:\\\/\\\/radioljubuski.ba\\\/index.php\\\/2021\\\/06\\\/27\\\/dom-zdravlja-mostar-dobio-vjezbovni-eksterni-defibrilator\\\/\",\"url\":\"https:\\\/\\\/radioljubuski.ba\\\/index.php\\\/2021\\\/06\\\/27\\\/dom-zdravlja-mostar-dobio-vjezbovni-eksterni-defibrilator\\\/\",\"name\":\"Dom zdravlja Mostar dobio vje\u017ebovni eksterni defibrilator - RADIO LJUBU\u0160KI\",\"isPartOf\":{\"@id\":\"https:\\\/\\\/radioljubuski.ba\\\/#website\"},\"primaryImageOfPage\":{\"@id\":\"https:\\\/\\\/radioljubuski.ba\\\/index.php\\\/2021\\\/06\\\/27\\\/dom-zdravlja-mostar-dobio-vjezbovni-eksterni-defibrilator\\\/#primaryimage\"},\"image\":{\"@id\":\"https:\\\/\\\/radioljubuski.ba\\\/index.php\\\/2021\\\/06\\\/27\\\/dom-zdravlja-mostar-dobio-vjezbovni-eksterni-defibrilator\\\/#primaryimage\"},\"thumbnailUrl\":\"https:\\\/\\\/radioljubuski.ba\\\/wp-content\\\/uploads\\\/2021\\\/06\\\/dz.jpg\",\"datePublished\":\"2021-06-27T00:14:56+00:00\",\"dateModified\":\"2021-06-27T00:14:57+00:00\",\"breadcrumb\":{\"@id\":\"https:\\\/\\\/radioljubuski.ba\\\/index.php\\\/2021\\\/06\\\/27\\\/dom-zdravlja-mostar-dobio-vjezbovni-eksterni-defibrilator\\\/#breadcrumb\"},\"inLanguage\":\"hr\",\"potentialAction\":[{\"@type\":\"ReadAction\",\"target\":[\"https:\\\/\\\/radioljubuski.ba\\\/index.php\\\/2021\\\/06\\\/27\\\/dom-zdravlja-mostar-dobio-vjezbovni-eksterni-defibrilator\\\/\"]}]},{\"@type\":\"ImageObject\",\"inLanguage\":\"hr\",\"@id\":\"https:\\\/\\\/radioljubuski.ba\\\/index.php\\\/2021\\\/06\\\/27\\\/dom-zdravlja-mostar-dobio-vjezbovni-eksterni-defibrilator\\\/#primaryimage\",\"url\":\"https:\\\/\\\/radioljubuski.ba\\\/wp-content\\\/uploads\\\/2021\\\/06\\\/dz.jpg\",\"contentUrl\":\"https:\\\/\\\/radioljubuski.ba\\\/wp-content\\\/uploads\\\/2021\\\/06\\\/dz.jpg\",\"width\":810,\"height\":486},{\"@type\":\"BreadcrumbList\",\"@id\":\"https:\\\/\\\/radioljubuski.ba\\\/index.php\\\/2021\\\/06\\\/27\\\/dom-zdravlja-mostar-dobio-vjezbovni-eksterni-defibrilator\\\/#breadcrumb\",\"itemListElement\":[{\"@type\":\"ListItem\",\"position\":1,\"name\":\"Po\u010detna stranica\",\"item\":\"https:\\\/\\\/radioljubuski.ba\\\/\"},{\"@type\":\"ListItem\",\"position\":2,\"name\":\"Dom zdravlja Mostar dobio vje\u017ebovni eksterni defibrilator\"}]},{\"@type\":\"WebSite\",\"@id\":\"https:\\\/\\\/radioljubuski.ba\\\/#website\",\"url\":\"https:\\\/\\\/radioljubuski.ba\\\/\",\"name\":\"Radio Ljubu\u0161ki\",\"description\":\"Sun\u010dana frekvencija Hercegovine\",\"publisher\":{\"@id\":\"https:\\\/\\\/radioljubuski.ba\\\/#organization\"},\"potentialAction\":[{\"@type\":\"SearchAction\",\"target\":{\"@type\":\"EntryPoint\",\"urlTemplate\":\"https:\\\/\\\/radioljubuski.ba\\\/?s={search_term_string}\"},\"query-input\":{\"@type\":\"PropertyValueSpecification\",\"valueRequired\":true,\"valueName\":\"search_term_string\"}}],\"inLanguage\":\"hr\"},{\"@type\":\"Organization\",\"@id\":\"https:\\\/\\\/radioljubuski.ba\\\/#organization\",\"name\":\"Radio Ljubu\u0161ki\",\"url\":\"https:\\\/\\\/radioljubuski.ba\\\/\",\"logo\":{\"@type\":\"ImageObject\",\"inLanguage\":\"hr\",\"@id\":\"https:\\\/\\\/radioljubuski.ba\\\/#\\\/schema\\\/logo\\\/image\\\/\",\"url\":\"https:\\\/\\\/radioljubuski.ba\\\/wp-content\\\/uploads\\\/2021\\\/02\\\/cropped-Radio_Ljubuski_logo1.jpg\",\"contentUrl\":\"https:\\\/\\\/radioljubuski.ba\\\/wp-content\\\/uploads\\\/2021\\\/02\\\/cropped-Radio_Ljubuski_logo1.jpg\",\"width\":512,\"height\":512,\"caption\":\"Radio Ljubu\u0161ki\"},\"image\":{\"@id\":\"https:\\\/\\\/radioljubuski.ba\\\/#\\\/schema\\\/logo\\\/image\\\/\"},\"sameAs\":[\"https:\\\/\\\/www.facebook.com\\\/Radiio-Ljubuski-1490835324566332\",\"https:\\\/\\\/x.com\\\/radioljubuski\",\"https:\\\/\\\/hr.linkedin.com\\\/company\\\/radio-ljubuski\",\"https:\\\/\\\/www.youtube.com\\\/channel\\\/UCHYaeO_n0Db3tjNGudGpXyw\"]},{\"@type\":\"Person\",\"@id\":\"https:\\\/\\\/radioljubuski.ba\\\/#\\\/schema\\\/person\\\/19fc700381a780f69665d7956c469e3b\",\"name\":\"Radio Ljubu\u0161ki\"}]}<\/script>\n<!-- \/ Yoast SEO plugin. -->","yoast_head_json":{"title":"Dom zdravlja Mostar dobio vje\u017ebovni eksterni defibrilator - RADIO LJUBU\u0160KI","robots":{"index":"index","follow":"follow","max-snippet":"max-snippet:-1","max-image-preview":"max-image-preview:large","max-video-preview":"max-video-preview:-1"},"canonical":"https:\/\/radioljubuski.ba\/index.php\/2021\/06\/27\/dom-zdravlja-mostar-dobio-vjezbovni-eksterni-defibrilator\/","og_locale":"hr_HR","og_type":"article","og_title":"Dom zdravlja Mostar dobio vje\u017ebovni eksterni defibrilator - RADIO LJUBU\u0160KI","og_description":"Predstavnici tri projektna partnera \u2013 Doma zdravlja Mostar, Zavoda za hitnu medicinu Zagreba\u010dke \u017eupanije i Zavoda za hitnu medicinsku pomo\u0107 Crne Gore, u petak su u Mostaru razgovarali o gantogram aktivnostima te planiranju i revidiranje preostalih aktivnosti u okviru Race projekta. Usporedo s PMT sastankom, u edukacijskom centru Slu\u017ebe hitne medicinske pomo\u0107i Doma zdravlja Mostar, [&hellip;]","og_url":"https:\/\/radioljubuski.ba\/index.php\/2021\/06\/27\/dom-zdravlja-mostar-dobio-vjezbovni-eksterni-defibrilator\/","og_site_name":"RADIO LJUBU\u0160KI","article_publisher":"https:\/\/www.facebook.com\/Radiio-Ljubuski-1490835324566332","article_published_time":"2021-06-27T00:14:56+00:00","article_modified_time":"2021-06-27T00:14:57+00:00","og_image":[{"width":810,"height":486,"url":"https:\/\/radioljubuski.ba\/wp-content\/uploads\/2021\/06\/dz.jpg","type":"image\/jpeg"}],"author":"Radio Ljubu\u0161ki","twitter_card":"summary_large_image","twitter_creator":"@radioljubuski","twitter_site":"@radioljubuski","twitter_misc":{"Napisao\/la":"Radio Ljubu\u0161ki","Procijenjeno vrijeme \u010ditanja":"1 minuta"},"schema":{"@context":"https:\/\/schema.org","@graph":[{"@type":"Article","@id":"https:\/\/radioljubuski.ba\/index.php\/2021\/06\/27\/dom-zdravlja-mostar-dobio-vjezbovni-eksterni-defibrilator\/#article","isPartOf":{"@id":"https:\/\/radioljubuski.ba\/index.php\/2021\/06\/27\/dom-zdravlja-mostar-dobio-vjezbovni-eksterni-defibrilator\/"},"author":{"name":"Radio Ljubu\u0161ki","@id":"https:\/\/radioljubuski.ba\/#\/schema\/person\/19fc700381a780f69665d7956c469e3b"},"headline":"Dom zdravlja Mostar dobio vje\u017ebovni eksterni defibrilator","datePublished":"2021-06-27T00:14:56+00:00","dateModified":"2021-06-27T00:14:57+00:00","mainEntityOfPage":{"@id":"https:\/\/radioljubuski.ba\/index.php\/2021\/06\/27\/dom-zdravlja-mostar-dobio-vjezbovni-eksterni-defibrilator\/"},"wordCount":249,"publisher":{"@id":"https:\/\/radioljubuski.ba\/#organization"},"image":{"@id":"https:\/\/radioljubuski.ba\/index.php\/2021\/06\/27\/dom-zdravlja-mostar-dobio-vjezbovni-eksterni-defibrilator\/#primaryimage"},"thumbnailUrl":"https:\/\/radioljubuski.ba\/wp-content\/uploads\/2021\/06\/dz.jpg","articleSection":["BIH i regija"],"inLanguage":"hr"},{"@type":"WebPage","@id":"https:\/\/radioljubuski.ba\/index.php\/2021\/06\/27\/dom-zdravlja-mostar-dobio-vjezbovni-eksterni-defibrilator\/","url":"https:\/\/radioljubuski.ba\/index.php\/2021\/06\/27\/dom-zdravlja-mostar-dobio-vjezbovni-eksterni-defibrilator\/","name":"Dom zdravlja Mostar dobio vje\u017ebovni eksterni defibrilator - RADIO LJUBU\u0160KI","isPartOf":{"@id":"https:\/\/radioljubuski.ba\/#website"},"primaryImageOfPage":{"@id":"https:\/\/radioljubuski.ba\/index.php\/2021\/06\/27\/dom-zdravlja-mostar-dobio-vjezbovni-eksterni-defibrilator\/#primaryimage"},"image":{"@id":"https:\/\/radioljubuski.ba\/index.php\/2021\/06\/27\/dom-zdravlja-mostar-dobio-vjezbovni-eksterni-defibrilator\/#primaryimage"},"thumbnailUrl":"https:\/\/radioljubuski.ba\/wp-content\/uploads\/2021\/06\/dz.jpg","datePublished":"2021-06-27T00:14:56+00:00","dateModified":"2021-06-27T00:14:57+00:00","breadcrumb":{"@id":"https:\/\/radioljubuski.ba\/index.php\/2021\/06\/27\/dom-zdravlja-mostar-dobio-vjezbovni-eksterni-defibrilator\/#breadcrumb"},"inLanguage":"hr","potentialAction":[{"@type":"ReadAction","target":["https:\/\/radioljubuski.ba\/index.php\/2021\/06\/27\/dom-zdravlja-mostar-dobio-vjezbovni-eksterni-defibrilator\/"]}]},{"@type":"ImageObject","inLanguage":"hr","@id":"https:\/\/radioljubuski.ba\/index.php\/2021\/06\/27\/dom-zdravlja-mostar-dobio-vjezbovni-eksterni-defibrilator\/#primaryimage","url":"https:\/\/radioljubuski.ba\/wp-content\/uploads\/2021\/06\/dz.jpg","contentUrl":"https:\/\/radioljubuski.ba\/wp-content\/uploads\/2021\/06\/dz.jpg","width":810,"height":486},{"@type":"BreadcrumbList","@id":"https:\/\/radioljubuski.ba\/index.php\/2021\/06\/27\/dom-zdravlja-mostar-dobio-vjezbovni-eksterni-defibrilator\/#breadcrumb","itemListElement":[{"@type":"ListItem","position":1,"name":"Po\u010detna stranica","item":"https:\/\/radioljubuski.ba\/"},{"@type":"ListItem","position":2,"name":"Dom zdravlja Mostar dobio vje\u017ebovni eksterni defibrilator"}]},{"@type":"WebSite","@id":"https:\/\/radioljubuski.ba\/#website","url":"https:\/\/radioljubuski.ba\/","name":"Radio Ljubu\u0161ki","description":"Sun\u010dana frekvencija Hercegovine","publisher":{"@id":"https:\/\/radioljubuski.ba\/#organization"},"potentialAction":[{"@type":"SearchAction","target":{"@type":"EntryPoint","urlTemplate":"https:\/\/radioljubuski.ba\/?s={search_term_string}"},"query-input":{"@type":"PropertyValueSpecification","valueRequired":true,"valueName":"search_term_string"}}],"inLanguage":"hr"},{"@type":"Organization","@id":"https:\/\/radioljubuski.ba\/#organization","name":"Radio Ljubu\u0161ki","url":"https:\/\/radioljubuski.ba\/","logo":{"@type":"ImageObject","inLanguage":"hr","@id":"https:\/\/radioljubuski.ba\/#\/schema\/logo\/image\/","url":"https:\/\/radioljubuski.ba\/wp-content\/uploads\/2021\/02\/cropped-Radio_Ljubuski_logo1.jpg","contentUrl":"https:\/\/radioljubuski.ba\/wp-content\/uploads\/2021\/02\/cropped-Radio_Ljubuski_logo1.jpg","width":512,"height":512,"caption":"Radio Ljubu\u0161ki"},"image":{"@id":"https:\/\/radioljubuski.ba\/#\/schema\/logo\/image\/"},"sameAs":["https:\/\/www.facebook.com\/Radiio-Ljubuski-1490835324566332","https:\/\/x.com\/radioljubuski","https:\/\/hr.linkedin.com\/company\/radio-ljubuski","https:\/\/www.youtube.com\/channel\/UCHYaeO_n0Db3tjNGudGpXyw"]},{"@type":"Person","@id":"https:\/\/radioljubuski.ba\/#\/schema\/person\/19fc700381a780f69665d7956c469e3b","name":"Radio Ljubu\u0161ki"}]}},"_links":{"self":[{"href":"https:\/\/radioljubuski.ba\/index.php\/wp-json\/wp\/v2\/posts\/36255","targetHints":{"allow":["GET"]}}],"collection":[{"href":"https:\/\/radioljubuski.ba\/index.php\/wp-json\/wp\/v2\/posts"}],"about":[{"href":"https:\/\/radioljubuski.ba\/index.php\/wp-json\/wp\/v2\/types\/post"}],"author":[{"embeddable":true,"href":"https:\/\/radioljubuski.ba\/index.php\/wp-json\/wp\/v2\/users\/2"}],"replies":[{"embeddable":true,"href":"https:\/\/radioljubuski.ba\/index.php\/wp-json\/wp\/v2\/comments?post=36255"}],"version-history":[{"count":1,"href":"https:\/\/radioljubuski.ba\/index.php\/wp-json\/wp\/v2\/posts\/36255\/revisions"}],"predecessor-version":[{"id":36257,"href":"https:\/\/radioljubuski.ba\/index.php\/wp-json\/wp\/v2\/posts\/36255\/revisions\/36257"}],"wp:featuredmedia":[{"embeddable":true,"href":"https:\/\/radioljubuski.ba\/index.php\/wp-json\/wp\/v2\/media\/36256"}],"wp:attachment":[{"href":"https:\/\/radioljubuski.ba\/index.php\/wp-json\/wp\/v2\/media?parent=36255"}],"wp:term":[{"taxonomy":"category","embeddable":true,"href":"https:\/\/radioljubuski.ba\/index.php\/wp-json\/wp\/v2\/categories?post=36255"},{"taxonomy":"post_tag","embeddable":true,"href":"https:\/\/radioljubuski.ba\/index.php\/wp-json\/wp\/v2\/tags?post=36255"}],"curies":[{"name":"wp","href":"https:\/\/api.w.org\/{rel}","templated":true}]}}