{"id":36258,"date":"2021-06-27T01:17:24","date_gmt":"2021-06-27T00:17:24","guid":{"rendered":"https:\/\/radioljubuski.ba\/?p=36258"},"modified":"2021-06-27T01:17:25","modified_gmt":"2021-06-27T00:17:25","slug":"studenti-plakali-za-petrom-20-koju-je-na-zebri-usmrtio-motocikl","status":"publish","type":"post","link":"https:\/\/radioljubuski.ba\/index.php\/2021\/06\/27\/studenti-plakali-za-petrom-20-koju-je-na-zebri-usmrtio-motocikl\/","title":{"rendered":"Studenti plakali za Petrom (20) koju je na zebri usmrtio motocikl"},"content":{"rendered":"\n<p><strong>Kod Studentskog doma Stjepan Radi\u0107 okupilo se vi\u0161e stotina studenata koji su tugovali, molili, palili svije\u0107e i tako odali po\u010dast 20-godi\u0161njoj Petri koja je sino\u0107 poginula u te\u0161koj prometnoj nesre\u0107i, javlja Index.hr.<\/strong><\/p>\n\n\n\n<p>Podsjetimo, u te\u0161koj prometnoj nesre\u0107i u no\u0107i na subotu u neposrednoj blizini studentskog doma smrtno je stradala 20-godi\u0161nja Petra, na koju je naletio motocikl. Njime je upravljao mladi\u0107 (21) bez voza\u010dke dozvole i kacige, a s njim je bio jo\u0161 jedan mladi\u0107, tako\u0111er bez kacige.<\/p>\n\n\n\n<figure class=\"wp-block-image\"><img decoding=\"async\" src=\"https:\/\/hms.ba\/wp-content\/uploads\/2021\/06\/studenti-placu1.jpg\" alt=\"\"\/><\/figure>\n\n\n\n<p>jevojku je pregazio na zebri, dok je on te\u0161ko ozlije\u0111en i nalazi se u bolnici.<\/p>\n\n\n\n<p><strong>Golema tuga<\/strong><\/p>\n\n\n\n<p>Tim povodom stotine studenata su se okupile kod Studentskog doma Stjepan Radi\u0107. Palili su svije\u0107e, plakali i molili te ostavljali fotografije, poruke i pli\u0161ane medvjedi\u0107e. Me\u0111u okupljenima vladala je golema tuga.<\/p>\n\n\n\n<figure class=\"wp-block-image\"><img decoding=\"async\" src=\"https:\/\/hms.ba\/wp-content\/uploads\/2021\/06\/studenti-placu2.jpg\" alt=\"\"\/><\/figure>\n\n\n\n<p>Okupljenima se prvo obratio studentski kapelan don Damir Stoji\u0107, koji je nekoliko minuta \u010ditao iz Biblije. Potom je rije\u010d uzeo jedan mladi\u0107.<\/p>\n\n\n\n<p><strong>\u201cLjut sam, ali i razo\u010daran. Pred njom su bile najbolje godine\u201d<\/strong><\/p>\n\n\n\n<p>\u201cOkupili smo se ovdje u spomen tragi\u010dno stradaloj djevojci. Osobno nisam poznavao Petru, ali to nije ni bitno. Ljut sam, ali i razo\u010daran. Moglo je zavr\u0161iti potpuno druga\u010dije, na drugi na\u010din koji nikad ne\u0107emo saznati. Pred njom su bile najbolje godine. Ne mogu opisati koliko gor\u010dine osje\u0107am. Gledaju\u0107i kako su sino\u0107 ljudi iz doma promijenili svoje osje\u0107aje\u2026 Vladao je smijeh i veselje, a onda \u0161ok\u201d, rekao je mladi\u0107 na opro\u0161taju od Petre.<\/p>\n\n\n\n<p><strong>\u201cTo je mogao biti bilo tko od nas\u201d<\/strong><\/p>\n\n\n\n<p>\u201cU samo par sekundi mo\u017eemo izgubiti blisku osobu. Nikad ne znate koga \u0107ete vidjeti sutra, a koga ne. To je mogao biti bilo tko od nas. U\u017eivajte u svakom trenutku s prijateljima i bli\u017enjima jer \u017eivot nema reprizu. \u017delim u svoje ime i ime svih nas izraziti su\u0107ut obitelji\u201d, rekao je pred okupljenim studentima.<\/p>\n\n\n\n<figure class=\"wp-block-image\"><img decoding=\"async\" src=\"https:\/\/hms.ba\/wp-content\/uploads\/2021\/06\/studenti-placu3.jpg\" alt=\"\"\/><\/figure>\n\n\n\n<p><strong>Don Stoji\u0107: Molim da se ljutnja ne pretvori u srd\u017ebu<\/strong><\/p>\n\n\n\n<p>Okupljenima se potom obratio studentski kapelan don Damir Stoji\u0107.<\/p>\n\n\n\n<p>\u201cMolim da se ljutnja ne pretvori u srd\u017ebu. Ja se nadam da pokojna Petra u\u017eiva u nebeskoj slavi\u201d, rekao je don Stoji\u0107, nakon \u010dega je poveo molitvu.<\/p>\n\n\n\n<p>\/HMS\/<\/p>\n","protected":false},"excerpt":{"rendered":"<p>Kod Studentskog doma Stjepan Radi\u0107 okupilo se vi\u0161e stotina studenata koji su tugovali, molili, palili svije\u0107e i tako odali po\u010dast 20-godi\u0161njoj Petri koja je sino\u0107 poginula u te\u0161koj prometnoj nesre\u0107i, javlja Index.hr. Podsjetimo, u te\u0161koj prometnoj nesre\u0107i u no\u0107i na subotu u neposrednoj blizini studentskog doma smrtno je stradala 20-godi\u0161nja Petra, na koju je naletio [&hellip;]<\/p>\n","protected":false},"author":2,"featured_media":36259,"comment_status":"closed","ping_status":"closed","sticky":false,"template":"","format":"standard","meta":{"h5ap_radio_sources":[],"footnotes":""},"categories":[1],"tags":[],"class_list":["post-36258","post","type-post","status-publish","format-standard","has-post-thumbnail","hentry","category-bihiregija"],"yoast_head":"<!-- This site is optimized with the Yoast SEO plugin v27.5 - https:\/\/yoast.com\/product\/yoast-seo-wordpress\/ -->\n<title>Studenti plakali za Petrom (20) koju je na zebri usmrtio motocikl - RADIO LJUBU\u0160KI<\/title>\n<meta name=\"robots\" content=\"index, follow, max-snippet:-1, max-image-preview:large, max-video-preview:-1\" \/>\n<link rel=\"canonical\" href=\"https:\/\/radioljubuski.ba\/index.php\/2021\/06\/27\/studenti-plakali-za-petrom-20-koju-je-na-zebri-usmrtio-motocikl\/\" \/>\n<meta property=\"og:locale\" content=\"hr_HR\" \/>\n<meta property=\"og:type\" content=\"article\" \/>\n<meta property=\"og:title\" content=\"Studenti plakali za Petrom (20) koju je na zebri usmrtio motocikl - RADIO LJUBU\u0160KI\" \/>\n<meta property=\"og:description\" content=\"Kod Studentskog doma Stjepan Radi\u0107 okupilo se vi\u0161e stotina studenata koji su tugovali, molili, palili svije\u0107e i tako odali po\u010dast 20-godi\u0161njoj Petri koja je sino\u0107 poginula u te\u0161koj prometnoj nesre\u0107i, javlja Index.hr. Podsjetimo, u te\u0161koj prometnoj nesre\u0107i u no\u0107i na subotu u neposrednoj blizini studentskog doma smrtno je stradala 20-godi\u0161nja Petra, na koju je naletio [&hellip;]\" \/>\n<meta property=\"og:url\" content=\"https:\/\/radioljubuski.ba\/index.php\/2021\/06\/27\/studenti-plakali-za-petrom-20-koju-je-na-zebri-usmrtio-motocikl\/\" \/>\n<meta property=\"og:site_name\" content=\"RADIO LJUBU\u0160KI\" \/>\n<meta property=\"article:publisher\" content=\"https:\/\/www.facebook.com\/Radiio-Ljubuski-1490835324566332\" \/>\n<meta property=\"article:published_time\" content=\"2021-06-27T00:17:24+00:00\" \/>\n<meta property=\"article:modified_time\" content=\"2021-06-27T00:17:25+00:00\" \/>\n<meta property=\"og:image\" content=\"https:\/\/radioljubuski.ba\/wp-content\/uploads\/2021\/06\/studenti-placu.jpg\" \/>\n\t<meta property=\"og:image:width\" content=\"765\" \/>\n\t<meta property=\"og:image:height\" content=\"401\" \/>\n\t<meta property=\"og:image:type\" content=\"image\/jpeg\" \/>\n<meta name=\"author\" content=\"Radio Ljubu\u0161ki\" \/>\n<meta name=\"twitter:card\" content=\"summary_large_image\" \/>\n<meta name=\"twitter:creator\" content=\"@radioljubuski\" \/>\n<meta name=\"twitter:site\" content=\"@radioljubuski\" \/>\n<meta name=\"twitter:label1\" content=\"Napisao\/la\" \/>\n\t<meta name=\"twitter:data1\" content=\"Radio Ljubu\u0161ki\" \/>\n\t<meta name=\"twitter:label2\" content=\"Procijenjeno vrijeme \u010ditanja\" \/>\n\t<meta name=\"twitter:data2\" content=\"3 minute\" \/>\n<script type=\"application\/ld+json\" class=\"yoast-schema-graph\">{\"@context\":\"https:\\\/\\\/schema.org\",\"@graph\":[{\"@type\":\"Article\",\"@id\":\"https:\\\/\\\/radioljubuski.ba\\\/index.php\\\/2021\\\/06\\\/27\\\/studenti-plakali-za-petrom-20-koju-je-na-zebri-usmrtio-motocikl\\\/#article\",\"isPartOf\":{\"@id\":\"https:\\\/\\\/radioljubuski.ba\\\/index.php\\\/2021\\\/06\\\/27\\\/studenti-plakali-za-petrom-20-koju-je-na-zebri-usmrtio-motocikl\\\/\"},\"author\":{\"name\":\"Radio Ljubu\u0161ki\",\"@id\":\"https:\\\/\\\/radioljubuski.ba\\\/#\\\/schema\\\/person\\\/19fc700381a780f69665d7956c469e3b\"},\"headline\":\"Studenti plakali za Petrom (20) koju je na zebri usmrtio motocikl\",\"datePublished\":\"2021-06-27T00:17:24+00:00\",\"dateModified\":\"2021-06-27T00:17:25+00:00\",\"mainEntityOfPage\":{\"@id\":\"https:\\\/\\\/radioljubuski.ba\\\/index.php\\\/2021\\\/06\\\/27\\\/studenti-plakali-za-petrom-20-koju-je-na-zebri-usmrtio-motocikl\\\/\"},\"wordCount\":386,\"publisher\":{\"@id\":\"https:\\\/\\\/radioljubuski.ba\\\/#organization\"},\"image\":{\"@id\":\"https:\\\/\\\/radioljubuski.ba\\\/index.php\\\/2021\\\/06\\\/27\\\/studenti-plakali-za-petrom-20-koju-je-na-zebri-usmrtio-motocikl\\\/#primaryimage\"},\"thumbnailUrl\":\"https:\\\/\\\/radioljubuski.ba\\\/wp-content\\\/uploads\\\/2021\\\/06\\\/studenti-placu.jpg\",\"articleSection\":[\"BIH i regija\"],\"inLanguage\":\"hr\"},{\"@type\":\"WebPage\",\"@id\":\"https:\\\/\\\/radioljubuski.ba\\\/index.php\\\/2021\\\/06\\\/27\\\/studenti-plakali-za-petrom-20-koju-je-na-zebri-usmrtio-motocikl\\\/\",\"url\":\"https:\\\/\\\/radioljubuski.ba\\\/index.php\\\/2021\\\/06\\\/27\\\/studenti-plakali-za-petrom-20-koju-je-na-zebri-usmrtio-motocikl\\\/\",\"name\":\"Studenti plakali za Petrom (20) koju je na zebri usmrtio motocikl - RADIO LJUBU\u0160KI\",\"isPartOf\":{\"@id\":\"https:\\\/\\\/radioljubuski.ba\\\/#website\"},\"primaryImageOfPage\":{\"@id\":\"https:\\\/\\\/radioljubuski.ba\\\/index.php\\\/2021\\\/06\\\/27\\\/studenti-plakali-za-petrom-20-koju-je-na-zebri-usmrtio-motocikl\\\/#primaryimage\"},\"image\":{\"@id\":\"https:\\\/\\\/radioljubuski.ba\\\/index.php\\\/2021\\\/06\\\/27\\\/studenti-plakali-za-petrom-20-koju-je-na-zebri-usmrtio-motocikl\\\/#primaryimage\"},\"thumbnailUrl\":\"https:\\\/\\\/radioljubuski.ba\\\/wp-content\\\/uploads\\\/2021\\\/06\\\/studenti-placu.jpg\",\"datePublished\":\"2021-06-27T00:17:24+00:00\",\"dateModified\":\"2021-06-27T00:17:25+00:00\",\"breadcrumb\":{\"@id\":\"https:\\\/\\\/radioljubuski.ba\\\/index.php\\\/2021\\\/06\\\/27\\\/studenti-plakali-za-petrom-20-koju-je-na-zebri-usmrtio-motocikl\\\/#breadcrumb\"},\"inLanguage\":\"hr\",\"potentialAction\":[{\"@type\":\"ReadAction\",\"target\":[\"https:\\\/\\\/radioljubuski.ba\\\/index.php\\\/2021\\\/06\\\/27\\\/studenti-plakali-za-petrom-20-koju-je-na-zebri-usmrtio-motocikl\\\/\"]}]},{\"@type\":\"ImageObject\",\"inLanguage\":\"hr\",\"@id\":\"https:\\\/\\\/radioljubuski.ba\\\/index.php\\\/2021\\\/06\\\/27\\\/studenti-plakali-za-petrom-20-koju-je-na-zebri-usmrtio-motocikl\\\/#primaryimage\",\"url\":\"https:\\\/\\\/radioljubuski.ba\\\/wp-content\\\/uploads\\\/2021\\\/06\\\/studenti-placu.jpg\",\"contentUrl\":\"https:\\\/\\\/radioljubuski.ba\\\/wp-content\\\/uploads\\\/2021\\\/06\\\/studenti-placu.jpg\",\"width\":765,\"height\":401},{\"@type\":\"BreadcrumbList\",\"@id\":\"https:\\\/\\\/radioljubuski.ba\\\/index.php\\\/2021\\\/06\\\/27\\\/studenti-plakali-za-petrom-20-koju-je-na-zebri-usmrtio-motocikl\\\/#breadcrumb\",\"itemListElement\":[{\"@type\":\"ListItem\",\"position\":1,\"name\":\"Po\u010detna stranica\",\"item\":\"https:\\\/\\\/radioljubuski.ba\\\/\"},{\"@type\":\"ListItem\",\"position\":2,\"name\":\"Studenti plakali za Petrom (20) koju je na zebri usmrtio motocikl\"}]},{\"@type\":\"WebSite\",\"@id\":\"https:\\\/\\\/radioljubuski.ba\\\/#website\",\"url\":\"https:\\\/\\\/radioljubuski.ba\\\/\",\"name\":\"Radio Ljubu\u0161ki\",\"description\":\"Sun\u010dana frekvencija Hercegovine\",\"publisher\":{\"@id\":\"https:\\\/\\\/radioljubuski.ba\\\/#organization\"},\"potentialAction\":[{\"@type\":\"SearchAction\",\"target\":{\"@type\":\"EntryPoint\",\"urlTemplate\":\"https:\\\/\\\/radioljubuski.ba\\\/?s={search_term_string}\"},\"query-input\":{\"@type\":\"PropertyValueSpecification\",\"valueRequired\":true,\"valueName\":\"search_term_string\"}}],\"inLanguage\":\"hr\"},{\"@type\":\"Organization\",\"@id\":\"https:\\\/\\\/radioljubuski.ba\\\/#organization\",\"name\":\"Radio Ljubu\u0161ki\",\"url\":\"https:\\\/\\\/radioljubuski.ba\\\/\",\"logo\":{\"@type\":\"ImageObject\",\"inLanguage\":\"hr\",\"@id\":\"https:\\\/\\\/radioljubuski.ba\\\/#\\\/schema\\\/logo\\\/image\\\/\",\"url\":\"https:\\\/\\\/radioljubuski.ba\\\/wp-content\\\/uploads\\\/2021\\\/02\\\/cropped-Radio_Ljubuski_logo1.jpg\",\"contentUrl\":\"https:\\\/\\\/radioljubuski.ba\\\/wp-content\\\/uploads\\\/2021\\\/02\\\/cropped-Radio_Ljubuski_logo1.jpg\",\"width\":512,\"height\":512,\"caption\":\"Radio Ljubu\u0161ki\"},\"image\":{\"@id\":\"https:\\\/\\\/radioljubuski.ba\\\/#\\\/schema\\\/logo\\\/image\\\/\"},\"sameAs\":[\"https:\\\/\\\/www.facebook.com\\\/Radiio-Ljubuski-1490835324566332\",\"https:\\\/\\\/x.com\\\/radioljubuski\",\"https:\\\/\\\/hr.linkedin.com\\\/company\\\/radio-ljubuski\",\"https:\\\/\\\/www.youtube.com\\\/channel\\\/UCHYaeO_n0Db3tjNGudGpXyw\"]},{\"@type\":\"Person\",\"@id\":\"https:\\\/\\\/radioljubuski.ba\\\/#\\\/schema\\\/person\\\/19fc700381a780f69665d7956c469e3b\",\"name\":\"Radio Ljubu\u0161ki\"}]}<\/script>\n<!-- \/ Yoast SEO plugin. -->","yoast_head_json":{"title":"Studenti plakali za Petrom (20) koju je na zebri usmrtio motocikl - RADIO LJUBU\u0160KI","robots":{"index":"index","follow":"follow","max-snippet":"max-snippet:-1","max-image-preview":"max-image-preview:large","max-video-preview":"max-video-preview:-1"},"canonical":"https:\/\/radioljubuski.ba\/index.php\/2021\/06\/27\/studenti-plakali-za-petrom-20-koju-je-na-zebri-usmrtio-motocikl\/","og_locale":"hr_HR","og_type":"article","og_title":"Studenti plakali za Petrom (20) koju je na zebri usmrtio motocikl - RADIO LJUBU\u0160KI","og_description":"Kod Studentskog doma Stjepan Radi\u0107 okupilo se vi\u0161e stotina studenata koji su tugovali, molili, palili svije\u0107e i tako odali po\u010dast 20-godi\u0161njoj Petri koja je sino\u0107 poginula u te\u0161koj prometnoj nesre\u0107i, javlja Index.hr. Podsjetimo, u te\u0161koj prometnoj nesre\u0107i u no\u0107i na subotu u neposrednoj blizini studentskog doma smrtno je stradala 20-godi\u0161nja Petra, na koju je naletio [&hellip;]","og_url":"https:\/\/radioljubuski.ba\/index.php\/2021\/06\/27\/studenti-plakali-za-petrom-20-koju-je-na-zebri-usmrtio-motocikl\/","og_site_name":"RADIO LJUBU\u0160KI","article_publisher":"https:\/\/www.facebook.com\/Radiio-Ljubuski-1490835324566332","article_published_time":"2021-06-27T00:17:24+00:00","article_modified_time":"2021-06-27T00:17:25+00:00","og_image":[{"width":765,"height":401,"url":"https:\/\/radioljubuski.ba\/wp-content\/uploads\/2021\/06\/studenti-placu.jpg","type":"image\/jpeg"}],"author":"Radio Ljubu\u0161ki","twitter_card":"summary_large_image","twitter_creator":"@radioljubuski","twitter_site":"@radioljubuski","twitter_misc":{"Napisao\/la":"Radio Ljubu\u0161ki","Procijenjeno vrijeme \u010ditanja":"3 minute"},"schema":{"@context":"https:\/\/schema.org","@graph":[{"@type":"Article","@id":"https:\/\/radioljubuski.ba\/index.php\/2021\/06\/27\/studenti-plakali-za-petrom-20-koju-je-na-zebri-usmrtio-motocikl\/#article","isPartOf":{"@id":"https:\/\/radioljubuski.ba\/index.php\/2021\/06\/27\/studenti-plakali-za-petrom-20-koju-je-na-zebri-usmrtio-motocikl\/"},"author":{"name":"Radio Ljubu\u0161ki","@id":"https:\/\/radioljubuski.ba\/#\/schema\/person\/19fc700381a780f69665d7956c469e3b"},"headline":"Studenti plakali za Petrom (20) koju je na zebri usmrtio motocikl","datePublished":"2021-06-27T00:17:24+00:00","dateModified":"2021-06-27T00:17:25+00:00","mainEntityOfPage":{"@id":"https:\/\/radioljubuski.ba\/index.php\/2021\/06\/27\/studenti-plakali-za-petrom-20-koju-je-na-zebri-usmrtio-motocikl\/"},"wordCount":386,"publisher":{"@id":"https:\/\/radioljubuski.ba\/#organization"},"image":{"@id":"https:\/\/radioljubuski.ba\/index.php\/2021\/06\/27\/studenti-plakali-za-petrom-20-koju-je-na-zebri-usmrtio-motocikl\/#primaryimage"},"thumbnailUrl":"https:\/\/radioljubuski.ba\/wp-content\/uploads\/2021\/06\/studenti-placu.jpg","articleSection":["BIH i regija"],"inLanguage":"hr"},{"@type":"WebPage","@id":"https:\/\/radioljubuski.ba\/index.php\/2021\/06\/27\/studenti-plakali-za-petrom-20-koju-je-na-zebri-usmrtio-motocikl\/","url":"https:\/\/radioljubuski.ba\/index.php\/2021\/06\/27\/studenti-plakali-za-petrom-20-koju-je-na-zebri-usmrtio-motocikl\/","name":"Studenti plakali za Petrom (20) koju je na zebri usmrtio motocikl - RADIO LJUBU\u0160KI","isPartOf":{"@id":"https:\/\/radioljubuski.ba\/#website"},"primaryImageOfPage":{"@id":"https:\/\/radioljubuski.ba\/index.php\/2021\/06\/27\/studenti-plakali-za-petrom-20-koju-je-na-zebri-usmrtio-motocikl\/#primaryimage"},"image":{"@id":"https:\/\/radioljubuski.ba\/index.php\/2021\/06\/27\/studenti-plakali-za-petrom-20-koju-je-na-zebri-usmrtio-motocikl\/#primaryimage"},"thumbnailUrl":"https:\/\/radioljubuski.ba\/wp-content\/uploads\/2021\/06\/studenti-placu.jpg","datePublished":"2021-06-27T00:17:24+00:00","dateModified":"2021-06-27T00:17:25+00:00","breadcrumb":{"@id":"https:\/\/radioljubuski.ba\/index.php\/2021\/06\/27\/studenti-plakali-za-petrom-20-koju-je-na-zebri-usmrtio-motocikl\/#breadcrumb"},"inLanguage":"hr","potentialAction":[{"@type":"ReadAction","target":["https:\/\/radioljubuski.ba\/index.php\/2021\/06\/27\/studenti-plakali-za-petrom-20-koju-je-na-zebri-usmrtio-motocikl\/"]}]},{"@type":"ImageObject","inLanguage":"hr","@id":"https:\/\/radioljubuski.ba\/index.php\/2021\/06\/27\/studenti-plakali-za-petrom-20-koju-je-na-zebri-usmrtio-motocikl\/#primaryimage","url":"https:\/\/radioljubuski.ba\/wp-content\/uploads\/2021\/06\/studenti-placu.jpg","contentUrl":"https:\/\/radioljubuski.ba\/wp-content\/uploads\/2021\/06\/studenti-placu.jpg","width":765,"height":401},{"@type":"BreadcrumbList","@id":"https:\/\/radioljubuski.ba\/index.php\/2021\/06\/27\/studenti-plakali-za-petrom-20-koju-je-na-zebri-usmrtio-motocikl\/#breadcrumb","itemListElement":[{"@type":"ListItem","position":1,"name":"Po\u010detna stranica","item":"https:\/\/radioljubuski.ba\/"},{"@type":"ListItem","position":2,"name":"Studenti plakali za Petrom (20) koju je na zebri usmrtio motocikl"}]},{"@type":"WebSite","@id":"https:\/\/radioljubuski.ba\/#website","url":"https:\/\/radioljubuski.ba\/","name":"Radio Ljubu\u0161ki","description":"Sun\u010dana frekvencija Hercegovine","publisher":{"@id":"https:\/\/radioljubuski.ba\/#organization"},"potentialAction":[{"@type":"SearchAction","target":{"@type":"EntryPoint","urlTemplate":"https:\/\/radioljubuski.ba\/?s={search_term_string}"},"query-input":{"@type":"PropertyValueSpecification","valueRequired":true,"valueName":"search_term_string"}}],"inLanguage":"hr"},{"@type":"Organization","@id":"https:\/\/radioljubuski.ba\/#organization","name":"Radio Ljubu\u0161ki","url":"https:\/\/radioljubuski.ba\/","logo":{"@type":"ImageObject","inLanguage":"hr","@id":"https:\/\/radioljubuski.ba\/#\/schema\/logo\/image\/","url":"https:\/\/radioljubuski.ba\/wp-content\/uploads\/2021\/02\/cropped-Radio_Ljubuski_logo1.jpg","contentUrl":"https:\/\/radioljubuski.ba\/wp-content\/uploads\/2021\/02\/cropped-Radio_Ljubuski_logo1.jpg","width":512,"height":512,"caption":"Radio Ljubu\u0161ki"},"image":{"@id":"https:\/\/radioljubuski.ba\/#\/schema\/logo\/image\/"},"sameAs":["https:\/\/www.facebook.com\/Radiio-Ljubuski-1490835324566332","https:\/\/x.com\/radioljubuski","https:\/\/hr.linkedin.com\/company\/radio-ljubuski","https:\/\/www.youtube.com\/channel\/UCHYaeO_n0Db3tjNGudGpXyw"]},{"@type":"Person","@id":"https:\/\/radioljubuski.ba\/#\/schema\/person\/19fc700381a780f69665d7956c469e3b","name":"Radio Ljubu\u0161ki"}]}},"_links":{"self":[{"href":"https:\/\/radioljubuski.ba\/index.php\/wp-json\/wp\/v2\/posts\/36258","targetHints":{"allow":["GET"]}}],"collection":[{"href":"https:\/\/radioljubuski.ba\/index.php\/wp-json\/wp\/v2\/posts"}],"about":[{"href":"https:\/\/radioljubuski.ba\/index.php\/wp-json\/wp\/v2\/types\/post"}],"author":[{"embeddable":true,"href":"https:\/\/radioljubuski.ba\/index.php\/wp-json\/wp\/v2\/users\/2"}],"replies":[{"embeddable":true,"href":"https:\/\/radioljubuski.ba\/index.php\/wp-json\/wp\/v2\/comments?post=36258"}],"version-history":[{"count":1,"href":"https:\/\/radioljubuski.ba\/index.php\/wp-json\/wp\/v2\/posts\/36258\/revisions"}],"predecessor-version":[{"id":36260,"href":"https:\/\/radioljubuski.ba\/index.php\/wp-json\/wp\/v2\/posts\/36258\/revisions\/36260"}],"wp:featuredmedia":[{"embeddable":true,"href":"https:\/\/radioljubuski.ba\/index.php\/wp-json\/wp\/v2\/media\/36259"}],"wp:attachment":[{"href":"https:\/\/radioljubuski.ba\/index.php\/wp-json\/wp\/v2\/media?parent=36258"}],"wp:term":[{"taxonomy":"category","embeddable":true,"href":"https:\/\/radioljubuski.ba\/index.php\/wp-json\/wp\/v2\/categories?post=36258"},{"taxonomy":"post_tag","embeddable":true,"href":"https:\/\/radioljubuski.ba\/index.php\/wp-json\/wp\/v2\/tags?post=36258"}],"curies":[{"name":"wp","href":"https:\/\/api.w.org\/{rel}","templated":true}]}}