{"id":36264,"date":"2021-06-27T01:22:14","date_gmt":"2021-06-27T00:22:14","guid":{"rendered":"https:\/\/radioljubuski.ba\/?p=36264"},"modified":"2021-06-27T01:22:15","modified_gmt":"2021-06-27T00:22:15","slug":"nada-dalipagic-otkrila-koje-su-osobe-u-njenom-zivotu-i-blistavoj-karijeri-ostavile-najvise-traga","status":"publish","type":"post","link":"https:\/\/radioljubuski.ba\/index.php\/2021\/06\/27\/nada-dalipagic-otkrila-koje-su-osobe-u-njenom-zivotu-i-blistavoj-karijeri-ostavile-najvise-traga\/","title":{"rendered":"Nada Dalipagi\u0107 otkrila koje su osobe u njenom \u017eivotu i blistavoj karijeri ostavile najvi\u0161e traga"},"content":{"rendered":"\n<p><strong>Mostarsku odvjetnicu Nadu Dalipagi\u0107 sigurno ne treba posebno predstavljati. Dugogodi\u0161nju blistavu karijeru suca, zamijenila je odvjetni\u010dkim pozivom te je poznata kao prava profesionalka u svome poslu i jedna od najboljih odvjetnica u BiH.<\/strong><\/p>\n\n\n\n<p>Ona je i prava mostarska dama koja mnogo pozornosti poklanja svom izgledu i stilu odijevanja. Odvjetnica Nada Dalipagi\u0107 uvr\u0161tena je u hrvatsku enciklopediju u BiH. Dobitnica nagrade \u201cHercegovka godine\u201d za 2020.godinu. Birana je za \u017eenu godine, za bh. damu s najboljim stilom, najbolje odjevenu Mostarku, dobitnica je brojnih priznanja i nagrada, pi\u0161e&nbsp;<a href=\"https:\/\/hercegovina.in\/simbol-mostara-nada-dalipagic-otkrila-koje-su-osobe-u-njenom-zivotu-i-blistavoj-karijeri-ostavile-najvise-traga\/\" target=\"_blank\" rel=\"noreferrer noopener\">Hercegovina.in<\/a>.<\/p>\n\n\n\n<p>Zapravo, te\u0161ko je pobrojati sva priznanja, nagrade i odli\u010dja koja je kroz svoj dugogodi\u0161nji rad i djelovanje zaslu\u017eeno primila.<\/p>\n\n\n\n<figure class=\"wp-block-image\"><img decoding=\"async\" src=\"https:\/\/hms.ba\/wp-content\/uploads\/2021\/06\/nada_i_daniela.jpg\" alt=\"\"\/><\/figure>\n\n\n\n<p>Upitana, koje su to osobe koje su u njenom \u017eivotu i blistavoj karijeri ostavile najvi\u0161e traga, odvjetnica Nada Dalipagi\u0107 je odgovorila: \u201cKroz moj \u017eivot pro\u0161le su mnoge osobe i neke su ostavile dubok i neizbrisiv trag u onom najljep\u0161em, ljudskom zna\u010denju \u2013 na na\u010din da su me oplemenile, dale mi odre\u0111eni poticaj ka ostvarenju moga cilja ili me potakle da je put kojim idem onaj pravi.<\/p>\n\n\n\n<figure class=\"wp-block-image\"><img decoding=\"async\" src=\"https:\/\/hms.ba\/wp-content\/uploads\/2021\/06\/Nada-i-Marin-3.jpg\" alt=\"\"\/><\/figure>\n\n\n\n<p>Svojim radom i stavom kod mene su izazivali divljenje i punili me ljudskom dobrotom i plemenito\u0161\u0107u: Marin Topi\u0107 i Nina Ackovi\u0107, veliki mostarski slikari, entuzijasti i vrhunski intelektualci. Prije svega, svojim slikama prenosili su ne samo svoja unutarnja duhovna stanja, nego i ljepotu na\u0161ega grada i podneblja kojem ostaju vjerni do kraja.<\/p>\n\n\n\n<p>Vjekoslav \u0160utej, toliko jednostavnosti i ljepote u takvom glazbenom geniju, nikada nisam srela. Angela Merkel, izuzetna \u017eena i dr\u017eavnica, topla i odlu\u010dna u isto vrijeme, veliki uzor \u017eenama diljem svijeta. Daniela \u0160kegro kolumnistica i knji\u017eevnica, svojim tekstovima koji su pra\u0107eni u cijelim svijetu \u0161iri optimizam i jednostavnim i prekrasnim rije\u010dima daje vjeru u prave vrijednosti, \u0161ire\u0107i \u017eivotni optimizam, ljepotu i rasko\u0161 tako danom nam jednog \u017eivota.<\/p>\n\n\n\n<figure class=\"wp-block-image\"><img decoding=\"async\" src=\"https:\/\/hms.ba\/wp-content\/uploads\/2021\/06\/Nada-Goranci-1.jpg\" alt=\"\"\/><\/figure>\n\n\n\n<p>Biljana, Mira, Kata i \u017deljana, moje predivne prijateljice s kojima drugujem godinama, koje moj \u017eivot \u010dine ljep\u0161im i sadr\u017eajnijim.\u201d<\/p>\n\n\n\n<p>\/HMS\/<\/p>\n","protected":false},"excerpt":{"rendered":"<p>Mostarsku odvjetnicu Nadu Dalipagi\u0107 sigurno ne treba posebno predstavljati. Dugogodi\u0161nju blistavu karijeru suca, zamijenila je odvjetni\u010dkim pozivom te je poznata kao prava profesionalka u svome poslu i jedna od najboljih odvjetnica u BiH. Ona je i prava mostarska dama koja mnogo pozornosti poklanja svom izgledu i stilu odijevanja. Odvjetnica Nada Dalipagi\u0107 uvr\u0161tena je u hrvatsku [&hellip;]<\/p>\n","protected":false},"author":2,"featured_media":36265,"comment_status":"closed","ping_status":"closed","sticky":false,"template":"","format":"standard","meta":{"h5ap_radio_sources":[],"footnotes":""},"categories":[1],"tags":[],"class_list":["post-36264","post","type-post","status-publish","format-standard","has-post-thumbnail","hentry","category-bihiregija"],"yoast_head":"<!-- This site is optimized with the Yoast SEO plugin v27.5 - https:\/\/yoast.com\/product\/yoast-seo-wordpress\/ -->\n<title>Nada Dalipagi\u0107 otkrila koje su osobe u njenom \u017eivotu i blistavoj karijeri ostavile najvi\u0161e traga - RADIO LJUBU\u0160KI<\/title>\n<meta name=\"robots\" content=\"index, follow, max-snippet:-1, max-image-preview:large, max-video-preview:-1\" \/>\n<link rel=\"canonical\" href=\"https:\/\/radioljubuski.ba\/index.php\/2021\/06\/27\/nada-dalipagic-otkrila-koje-su-osobe-u-njenom-zivotu-i-blistavoj-karijeri-ostavile-najvise-traga\/\" \/>\n<meta property=\"og:locale\" content=\"hr_HR\" \/>\n<meta property=\"og:type\" content=\"article\" \/>\n<meta property=\"og:title\" content=\"Nada Dalipagi\u0107 otkrila koje su osobe u njenom \u017eivotu i blistavoj karijeri ostavile najvi\u0161e traga - RADIO LJUBU\u0160KI\" \/>\n<meta property=\"og:description\" content=\"Mostarsku odvjetnicu Nadu Dalipagi\u0107 sigurno ne treba posebno predstavljati. Dugogodi\u0161nju blistavu karijeru suca, zamijenila je odvjetni\u010dkim pozivom te je poznata kao prava profesionalka u svome poslu i jedna od najboljih odvjetnica u BiH. Ona je i prava mostarska dama koja mnogo pozornosti poklanja svom izgledu i stilu odijevanja. Odvjetnica Nada Dalipagi\u0107 uvr\u0161tena je u hrvatsku [&hellip;]\" \/>\n<meta property=\"og:url\" content=\"https:\/\/radioljubuski.ba\/index.php\/2021\/06\/27\/nada-dalipagic-otkrila-koje-su-osobe-u-njenom-zivotu-i-blistavoj-karijeri-ostavile-najvise-traga\/\" \/>\n<meta property=\"og:site_name\" content=\"RADIO LJUBU\u0160KI\" \/>\n<meta property=\"article:publisher\" content=\"https:\/\/www.facebook.com\/Radiio-Ljubuski-1490835324566332\" \/>\n<meta property=\"article:published_time\" content=\"2021-06-27T00:22:14+00:00\" \/>\n<meta property=\"article:modified_time\" content=\"2021-06-27T00:22:15+00:00\" \/>\n<meta property=\"og:image\" content=\"https:\/\/radioljubuski.ba\/wp-content\/uploads\/2021\/06\/Nada-i-Marin-6.jpg\" \/>\n\t<meta property=\"og:image:width\" content=\"788\" \/>\n\t<meta property=\"og:image:height\" content=\"532\" \/>\n\t<meta property=\"og:image:type\" content=\"image\/jpeg\" \/>\n<meta name=\"author\" content=\"Radio Ljubu\u0161ki\" \/>\n<meta name=\"twitter:card\" content=\"summary_large_image\" \/>\n<meta name=\"twitter:creator\" content=\"@radioljubuski\" \/>\n<meta name=\"twitter:site\" content=\"@radioljubuski\" \/>\n<meta name=\"twitter:label1\" content=\"Napisao\/la\" \/>\n\t<meta name=\"twitter:data1\" content=\"Radio Ljubu\u0161ki\" \/>\n\t<meta name=\"twitter:label2\" content=\"Procijenjeno vrijeme \u010ditanja\" \/>\n\t<meta name=\"twitter:data2\" content=\"2 minute\" \/>\n<script type=\"application\/ld+json\" class=\"yoast-schema-graph\">{\"@context\":\"https:\\\/\\\/schema.org\",\"@graph\":[{\"@type\":\"Article\",\"@id\":\"https:\\\/\\\/radioljubuski.ba\\\/index.php\\\/2021\\\/06\\\/27\\\/nada-dalipagic-otkrila-koje-su-osobe-u-njenom-zivotu-i-blistavoj-karijeri-ostavile-najvise-traga\\\/#article\",\"isPartOf\":{\"@id\":\"https:\\\/\\\/radioljubuski.ba\\\/index.php\\\/2021\\\/06\\\/27\\\/nada-dalipagic-otkrila-koje-su-osobe-u-njenom-zivotu-i-blistavoj-karijeri-ostavile-najvise-traga\\\/\"},\"author\":{\"name\":\"Radio Ljubu\u0161ki\",\"@id\":\"https:\\\/\\\/radioljubuski.ba\\\/#\\\/schema\\\/person\\\/19fc700381a780f69665d7956c469e3b\"},\"headline\":\"Nada Dalipagi\u0107 otkrila koje su osobe u njenom \u017eivotu i blistavoj karijeri ostavile najvi\u0161e traga\",\"datePublished\":\"2021-06-27T00:22:14+00:00\",\"dateModified\":\"2021-06-27T00:22:15+00:00\",\"mainEntityOfPage\":{\"@id\":\"https:\\\/\\\/radioljubuski.ba\\\/index.php\\\/2021\\\/06\\\/27\\\/nada-dalipagic-otkrila-koje-su-osobe-u-njenom-zivotu-i-blistavoj-karijeri-ostavile-najvise-traga\\\/\"},\"wordCount\":350,\"publisher\":{\"@id\":\"https:\\\/\\\/radioljubuski.ba\\\/#organization\"},\"image\":{\"@id\":\"https:\\\/\\\/radioljubuski.ba\\\/index.php\\\/2021\\\/06\\\/27\\\/nada-dalipagic-otkrila-koje-su-osobe-u-njenom-zivotu-i-blistavoj-karijeri-ostavile-najvise-traga\\\/#primaryimage\"},\"thumbnailUrl\":\"https:\\\/\\\/radioljubuski.ba\\\/wp-content\\\/uploads\\\/2021\\\/06\\\/Nada-i-Marin-6.jpg\",\"articleSection\":[\"BIH i regija\"],\"inLanguage\":\"hr\"},{\"@type\":\"WebPage\",\"@id\":\"https:\\\/\\\/radioljubuski.ba\\\/index.php\\\/2021\\\/06\\\/27\\\/nada-dalipagic-otkrila-koje-su-osobe-u-njenom-zivotu-i-blistavoj-karijeri-ostavile-najvise-traga\\\/\",\"url\":\"https:\\\/\\\/radioljubuski.ba\\\/index.php\\\/2021\\\/06\\\/27\\\/nada-dalipagic-otkrila-koje-su-osobe-u-njenom-zivotu-i-blistavoj-karijeri-ostavile-najvise-traga\\\/\",\"name\":\"Nada Dalipagi\u0107 otkrila koje su osobe u njenom \u017eivotu i blistavoj karijeri ostavile najvi\u0161e traga - RADIO LJUBU\u0160KI\",\"isPartOf\":{\"@id\":\"https:\\\/\\\/radioljubuski.ba\\\/#website\"},\"primaryImageOfPage\":{\"@id\":\"https:\\\/\\\/radioljubuski.ba\\\/index.php\\\/2021\\\/06\\\/27\\\/nada-dalipagic-otkrila-koje-su-osobe-u-njenom-zivotu-i-blistavoj-karijeri-ostavile-najvise-traga\\\/#primaryimage\"},\"image\":{\"@id\":\"https:\\\/\\\/radioljubuski.ba\\\/index.php\\\/2021\\\/06\\\/27\\\/nada-dalipagic-otkrila-koje-su-osobe-u-njenom-zivotu-i-blistavoj-karijeri-ostavile-najvise-traga\\\/#primaryimage\"},\"thumbnailUrl\":\"https:\\\/\\\/radioljubuski.ba\\\/wp-content\\\/uploads\\\/2021\\\/06\\\/Nada-i-Marin-6.jpg\",\"datePublished\":\"2021-06-27T00:22:14+00:00\",\"dateModified\":\"2021-06-27T00:22:15+00:00\",\"breadcrumb\":{\"@id\":\"https:\\\/\\\/radioljubuski.ba\\\/index.php\\\/2021\\\/06\\\/27\\\/nada-dalipagic-otkrila-koje-su-osobe-u-njenom-zivotu-i-blistavoj-karijeri-ostavile-najvise-traga\\\/#breadcrumb\"},\"inLanguage\":\"hr\",\"potentialAction\":[{\"@type\":\"ReadAction\",\"target\":[\"https:\\\/\\\/radioljubuski.ba\\\/index.php\\\/2021\\\/06\\\/27\\\/nada-dalipagic-otkrila-koje-su-osobe-u-njenom-zivotu-i-blistavoj-karijeri-ostavile-najvise-traga\\\/\"]}]},{\"@type\":\"ImageObject\",\"inLanguage\":\"hr\",\"@id\":\"https:\\\/\\\/radioljubuski.ba\\\/index.php\\\/2021\\\/06\\\/27\\\/nada-dalipagic-otkrila-koje-su-osobe-u-njenom-zivotu-i-blistavoj-karijeri-ostavile-najvise-traga\\\/#primaryimage\",\"url\":\"https:\\\/\\\/radioljubuski.ba\\\/wp-content\\\/uploads\\\/2021\\\/06\\\/Nada-i-Marin-6.jpg\",\"contentUrl\":\"https:\\\/\\\/radioljubuski.ba\\\/wp-content\\\/uploads\\\/2021\\\/06\\\/Nada-i-Marin-6.jpg\",\"width\":788,\"height\":532},{\"@type\":\"BreadcrumbList\",\"@id\":\"https:\\\/\\\/radioljubuski.ba\\\/index.php\\\/2021\\\/06\\\/27\\\/nada-dalipagic-otkrila-koje-su-osobe-u-njenom-zivotu-i-blistavoj-karijeri-ostavile-najvise-traga\\\/#breadcrumb\",\"itemListElement\":[{\"@type\":\"ListItem\",\"position\":1,\"name\":\"Po\u010detna stranica\",\"item\":\"https:\\\/\\\/radioljubuski.ba\\\/\"},{\"@type\":\"ListItem\",\"position\":2,\"name\":\"Nada Dalipagi\u0107 otkrila koje su osobe u njenom \u017eivotu i blistavoj karijeri ostavile najvi\u0161e traga\"}]},{\"@type\":\"WebSite\",\"@id\":\"https:\\\/\\\/radioljubuski.ba\\\/#website\",\"url\":\"https:\\\/\\\/radioljubuski.ba\\\/\",\"name\":\"Radio Ljubu\u0161ki\",\"description\":\"Sun\u010dana frekvencija Hercegovine\",\"publisher\":{\"@id\":\"https:\\\/\\\/radioljubuski.ba\\\/#organization\"},\"potentialAction\":[{\"@type\":\"SearchAction\",\"target\":{\"@type\":\"EntryPoint\",\"urlTemplate\":\"https:\\\/\\\/radioljubuski.ba\\\/?s={search_term_string}\"},\"query-input\":{\"@type\":\"PropertyValueSpecification\",\"valueRequired\":true,\"valueName\":\"search_term_string\"}}],\"inLanguage\":\"hr\"},{\"@type\":\"Organization\",\"@id\":\"https:\\\/\\\/radioljubuski.ba\\\/#organization\",\"name\":\"Radio Ljubu\u0161ki\",\"url\":\"https:\\\/\\\/radioljubuski.ba\\\/\",\"logo\":{\"@type\":\"ImageObject\",\"inLanguage\":\"hr\",\"@id\":\"https:\\\/\\\/radioljubuski.ba\\\/#\\\/schema\\\/logo\\\/image\\\/\",\"url\":\"https:\\\/\\\/radioljubuski.ba\\\/wp-content\\\/uploads\\\/2021\\\/02\\\/cropped-Radio_Ljubuski_logo1.jpg\",\"contentUrl\":\"https:\\\/\\\/radioljubuski.ba\\\/wp-content\\\/uploads\\\/2021\\\/02\\\/cropped-Radio_Ljubuski_logo1.jpg\",\"width\":512,\"height\":512,\"caption\":\"Radio Ljubu\u0161ki\"},\"image\":{\"@id\":\"https:\\\/\\\/radioljubuski.ba\\\/#\\\/schema\\\/logo\\\/image\\\/\"},\"sameAs\":[\"https:\\\/\\\/www.facebook.com\\\/Radiio-Ljubuski-1490835324566332\",\"https:\\\/\\\/x.com\\\/radioljubuski\",\"https:\\\/\\\/hr.linkedin.com\\\/company\\\/radio-ljubuski\",\"https:\\\/\\\/www.youtube.com\\\/channel\\\/UCHYaeO_n0Db3tjNGudGpXyw\"]},{\"@type\":\"Person\",\"@id\":\"https:\\\/\\\/radioljubuski.ba\\\/#\\\/schema\\\/person\\\/19fc700381a780f69665d7956c469e3b\",\"name\":\"Radio Ljubu\u0161ki\"}]}<\/script>\n<!-- \/ Yoast SEO plugin. -->","yoast_head_json":{"title":"Nada Dalipagi\u0107 otkrila koje su osobe u njenom \u017eivotu i blistavoj karijeri ostavile najvi\u0161e traga - RADIO LJUBU\u0160KI","robots":{"index":"index","follow":"follow","max-snippet":"max-snippet:-1","max-image-preview":"max-image-preview:large","max-video-preview":"max-video-preview:-1"},"canonical":"https:\/\/radioljubuski.ba\/index.php\/2021\/06\/27\/nada-dalipagic-otkrila-koje-su-osobe-u-njenom-zivotu-i-blistavoj-karijeri-ostavile-najvise-traga\/","og_locale":"hr_HR","og_type":"article","og_title":"Nada Dalipagi\u0107 otkrila koje su osobe u njenom \u017eivotu i blistavoj karijeri ostavile najvi\u0161e traga - RADIO LJUBU\u0160KI","og_description":"Mostarsku odvjetnicu Nadu Dalipagi\u0107 sigurno ne treba posebno predstavljati. Dugogodi\u0161nju blistavu karijeru suca, zamijenila je odvjetni\u010dkim pozivom te je poznata kao prava profesionalka u svome poslu i jedna od najboljih odvjetnica u BiH. Ona je i prava mostarska dama koja mnogo pozornosti poklanja svom izgledu i stilu odijevanja. Odvjetnica Nada Dalipagi\u0107 uvr\u0161tena je u hrvatsku [&hellip;]","og_url":"https:\/\/radioljubuski.ba\/index.php\/2021\/06\/27\/nada-dalipagic-otkrila-koje-su-osobe-u-njenom-zivotu-i-blistavoj-karijeri-ostavile-najvise-traga\/","og_site_name":"RADIO LJUBU\u0160KI","article_publisher":"https:\/\/www.facebook.com\/Radiio-Ljubuski-1490835324566332","article_published_time":"2021-06-27T00:22:14+00:00","article_modified_time":"2021-06-27T00:22:15+00:00","og_image":[{"width":788,"height":532,"url":"https:\/\/radioljubuski.ba\/wp-content\/uploads\/2021\/06\/Nada-i-Marin-6.jpg","type":"image\/jpeg"}],"author":"Radio Ljubu\u0161ki","twitter_card":"summary_large_image","twitter_creator":"@radioljubuski","twitter_site":"@radioljubuski","twitter_misc":{"Napisao\/la":"Radio Ljubu\u0161ki","Procijenjeno vrijeme \u010ditanja":"2 minute"},"schema":{"@context":"https:\/\/schema.org","@graph":[{"@type":"Article","@id":"https:\/\/radioljubuski.ba\/index.php\/2021\/06\/27\/nada-dalipagic-otkrila-koje-su-osobe-u-njenom-zivotu-i-blistavoj-karijeri-ostavile-najvise-traga\/#article","isPartOf":{"@id":"https:\/\/radioljubuski.ba\/index.php\/2021\/06\/27\/nada-dalipagic-otkrila-koje-su-osobe-u-njenom-zivotu-i-blistavoj-karijeri-ostavile-najvise-traga\/"},"author":{"name":"Radio Ljubu\u0161ki","@id":"https:\/\/radioljubuski.ba\/#\/schema\/person\/19fc700381a780f69665d7956c469e3b"},"headline":"Nada Dalipagi\u0107 otkrila koje su osobe u njenom \u017eivotu i blistavoj karijeri ostavile najvi\u0161e traga","datePublished":"2021-06-27T00:22:14+00:00","dateModified":"2021-06-27T00:22:15+00:00","mainEntityOfPage":{"@id":"https:\/\/radioljubuski.ba\/index.php\/2021\/06\/27\/nada-dalipagic-otkrila-koje-su-osobe-u-njenom-zivotu-i-blistavoj-karijeri-ostavile-najvise-traga\/"},"wordCount":350,"publisher":{"@id":"https:\/\/radioljubuski.ba\/#organization"},"image":{"@id":"https:\/\/radioljubuski.ba\/index.php\/2021\/06\/27\/nada-dalipagic-otkrila-koje-su-osobe-u-njenom-zivotu-i-blistavoj-karijeri-ostavile-najvise-traga\/#primaryimage"},"thumbnailUrl":"https:\/\/radioljubuski.ba\/wp-content\/uploads\/2021\/06\/Nada-i-Marin-6.jpg","articleSection":["BIH i regija"],"inLanguage":"hr"},{"@type":"WebPage","@id":"https:\/\/radioljubuski.ba\/index.php\/2021\/06\/27\/nada-dalipagic-otkrila-koje-su-osobe-u-njenom-zivotu-i-blistavoj-karijeri-ostavile-najvise-traga\/","url":"https:\/\/radioljubuski.ba\/index.php\/2021\/06\/27\/nada-dalipagic-otkrila-koje-su-osobe-u-njenom-zivotu-i-blistavoj-karijeri-ostavile-najvise-traga\/","name":"Nada Dalipagi\u0107 otkrila koje su osobe u njenom \u017eivotu i blistavoj karijeri ostavile najvi\u0161e traga - RADIO LJUBU\u0160KI","isPartOf":{"@id":"https:\/\/radioljubuski.ba\/#website"},"primaryImageOfPage":{"@id":"https:\/\/radioljubuski.ba\/index.php\/2021\/06\/27\/nada-dalipagic-otkrila-koje-su-osobe-u-njenom-zivotu-i-blistavoj-karijeri-ostavile-najvise-traga\/#primaryimage"},"image":{"@id":"https:\/\/radioljubuski.ba\/index.php\/2021\/06\/27\/nada-dalipagic-otkrila-koje-su-osobe-u-njenom-zivotu-i-blistavoj-karijeri-ostavile-najvise-traga\/#primaryimage"},"thumbnailUrl":"https:\/\/radioljubuski.ba\/wp-content\/uploads\/2021\/06\/Nada-i-Marin-6.jpg","datePublished":"2021-06-27T00:22:14+00:00","dateModified":"2021-06-27T00:22:15+00:00","breadcrumb":{"@id":"https:\/\/radioljubuski.ba\/index.php\/2021\/06\/27\/nada-dalipagic-otkrila-koje-su-osobe-u-njenom-zivotu-i-blistavoj-karijeri-ostavile-najvise-traga\/#breadcrumb"},"inLanguage":"hr","potentialAction":[{"@type":"ReadAction","target":["https:\/\/radioljubuski.ba\/index.php\/2021\/06\/27\/nada-dalipagic-otkrila-koje-su-osobe-u-njenom-zivotu-i-blistavoj-karijeri-ostavile-najvise-traga\/"]}]},{"@type":"ImageObject","inLanguage":"hr","@id":"https:\/\/radioljubuski.ba\/index.php\/2021\/06\/27\/nada-dalipagic-otkrila-koje-su-osobe-u-njenom-zivotu-i-blistavoj-karijeri-ostavile-najvise-traga\/#primaryimage","url":"https:\/\/radioljubuski.ba\/wp-content\/uploads\/2021\/06\/Nada-i-Marin-6.jpg","contentUrl":"https:\/\/radioljubuski.ba\/wp-content\/uploads\/2021\/06\/Nada-i-Marin-6.jpg","width":788,"height":532},{"@type":"BreadcrumbList","@id":"https:\/\/radioljubuski.ba\/index.php\/2021\/06\/27\/nada-dalipagic-otkrila-koje-su-osobe-u-njenom-zivotu-i-blistavoj-karijeri-ostavile-najvise-traga\/#breadcrumb","itemListElement":[{"@type":"ListItem","position":1,"name":"Po\u010detna stranica","item":"https:\/\/radioljubuski.ba\/"},{"@type":"ListItem","position":2,"name":"Nada Dalipagi\u0107 otkrila koje su osobe u njenom \u017eivotu i blistavoj karijeri ostavile najvi\u0161e traga"}]},{"@type":"WebSite","@id":"https:\/\/radioljubuski.ba\/#website","url":"https:\/\/radioljubuski.ba\/","name":"Radio Ljubu\u0161ki","description":"Sun\u010dana frekvencija Hercegovine","publisher":{"@id":"https:\/\/radioljubuski.ba\/#organization"},"potentialAction":[{"@type":"SearchAction","target":{"@type":"EntryPoint","urlTemplate":"https:\/\/radioljubuski.ba\/?s={search_term_string}"},"query-input":{"@type":"PropertyValueSpecification","valueRequired":true,"valueName":"search_term_string"}}],"inLanguage":"hr"},{"@type":"Organization","@id":"https:\/\/radioljubuski.ba\/#organization","name":"Radio Ljubu\u0161ki","url":"https:\/\/radioljubuski.ba\/","logo":{"@type":"ImageObject","inLanguage":"hr","@id":"https:\/\/radioljubuski.ba\/#\/schema\/logo\/image\/","url":"https:\/\/radioljubuski.ba\/wp-content\/uploads\/2021\/02\/cropped-Radio_Ljubuski_logo1.jpg","contentUrl":"https:\/\/radioljubuski.ba\/wp-content\/uploads\/2021\/02\/cropped-Radio_Ljubuski_logo1.jpg","width":512,"height":512,"caption":"Radio Ljubu\u0161ki"},"image":{"@id":"https:\/\/radioljubuski.ba\/#\/schema\/logo\/image\/"},"sameAs":["https:\/\/www.facebook.com\/Radiio-Ljubuski-1490835324566332","https:\/\/x.com\/radioljubuski","https:\/\/hr.linkedin.com\/company\/radio-ljubuski","https:\/\/www.youtube.com\/channel\/UCHYaeO_n0Db3tjNGudGpXyw"]},{"@type":"Person","@id":"https:\/\/radioljubuski.ba\/#\/schema\/person\/19fc700381a780f69665d7956c469e3b","name":"Radio Ljubu\u0161ki"}]}},"_links":{"self":[{"href":"https:\/\/radioljubuski.ba\/index.php\/wp-json\/wp\/v2\/posts\/36264","targetHints":{"allow":["GET"]}}],"collection":[{"href":"https:\/\/radioljubuski.ba\/index.php\/wp-json\/wp\/v2\/posts"}],"about":[{"href":"https:\/\/radioljubuski.ba\/index.php\/wp-json\/wp\/v2\/types\/post"}],"author":[{"embeddable":true,"href":"https:\/\/radioljubuski.ba\/index.php\/wp-json\/wp\/v2\/users\/2"}],"replies":[{"embeddable":true,"href":"https:\/\/radioljubuski.ba\/index.php\/wp-json\/wp\/v2\/comments?post=36264"}],"version-history":[{"count":1,"href":"https:\/\/radioljubuski.ba\/index.php\/wp-json\/wp\/v2\/posts\/36264\/revisions"}],"predecessor-version":[{"id":36266,"href":"https:\/\/radioljubuski.ba\/index.php\/wp-json\/wp\/v2\/posts\/36264\/revisions\/36266"}],"wp:featuredmedia":[{"embeddable":true,"href":"https:\/\/radioljubuski.ba\/index.php\/wp-json\/wp\/v2\/media\/36265"}],"wp:attachment":[{"href":"https:\/\/radioljubuski.ba\/index.php\/wp-json\/wp\/v2\/media?parent=36264"}],"wp:term":[{"taxonomy":"category","embeddable":true,"href":"https:\/\/radioljubuski.ba\/index.php\/wp-json\/wp\/v2\/categories?post=36264"},{"taxonomy":"post_tag","embeddable":true,"href":"https:\/\/radioljubuski.ba\/index.php\/wp-json\/wp\/v2\/tags?post=36264"}],"curies":[{"name":"wp","href":"https:\/\/api.w.org\/{rel}","templated":true}]}}