{"id":36267,"date":"2021-06-27T01:24:18","date_gmt":"2021-06-27T00:24:18","guid":{"rendered":"https:\/\/radioljubuski.ba\/?p=36267"},"modified":"2021-06-27T01:24:20","modified_gmt":"2021-06-27T00:24:20","slug":"elvedin-pezic-drustvo-se-moralno-srusilo-kada-su-zenu-izveli-iz-kuce","status":"publish","type":"post","link":"https:\/\/radioljubuski.ba\/index.php\/2021\/06\/27\/elvedin-pezic-drustvo-se-moralno-srusilo-kada-su-zenu-izveli-iz-kuce\/","title":{"rendered":"Elvedin Pezi\u0107: Dru\u0161tvo se moralno sru\u0161ilo kada su \u017eenu izveli iz ku\u0107e"},"content":{"rendered":"\n<p><strong>Elvedin Pezi\u0107 iz Bosne i Hercegovine jedan je od najpoznatijih tuma\u010da islama u regiji, a njegovi statusi na dru\u0161tvenim mre\u017eama \u010desto izazovu veliku pozornost, kao i rasprave zbog njegovih zastarjelih stavova.<\/strong><\/p>\n\n\n\n<p>Jedan od takvih Facebook statusa odnosi se na polo\u017eaj \u017eene u dru\u0161tvu.<\/p>\n\n\n\n<p>\u201cZapadno dru\u0161tvo moralno se SRU\u0160ILO onog momenta kada su \u017eenu izveli iz ku\u0107e i onda kada je \u017eena postala sve osim MAJKA!!!\u201d, poru\u010dio je Pezi\u0107, a njegov status je pokupio preko dvije tisu\u0107e lajkova prenosi Index Magazin.<\/p>\n\n\n\n<iframe loading=\"lazy\" src=\"https:\/\/www.facebook.com\/plugins\/post.php?href=https%3A%2F%2Fwww.facebook.com%2Fpezicelvedin%2Fposts%2F2876041719378884&#038;show_text=true&#038;width=500\" width=\"500\" height=\"168\" style=\"border:none;overflow:hidden\" scrolling=\"no\" frameborder=\"0\" allowfullscreen=\"true\" allow=\"autoplay; clipboard-write; encrypted-media; picture-in-picture; web-share\"><\/iframe>\n\n\n\n<p>Neki od pratitelja slo\u017eili su se s ovom nebulozom.<\/p>\n\n\n\n<p>\u201cModerno dru\u0161tvo. Ljubomora kod mu\u0161karaca umire, a sram kod \u017eena nestaje\u201d, \u201cIstina\u201d, \u201cTako je, danas sve \u017eene \u017eele da rade samo da bi ostavile djecu nekom drugom da ih \u010duva, a one kao da se \u2018odmore\u2019 od djece jer im smetaju, pa idu da se mije\u0161aju s mu\u0161karcima\u201d, neki su od komentara.<\/p>\n\n\n\n<p>Jedna pratiteljica jasno je poru\u010dila Pezi\u0107u \u0161to misli o njegovoj teoriji.<\/p>\n\n\n\n<p>\u201cLjude koji misle da su svi belaji nastali kada se \u2018\u017eena izvela iz ku\u0107e\u2019 ne bi trebalo izvoditi iz ku\u0107e. Sramotna izjava! Imam dojam da se pojedini \u2018mu\u0161karci\u2019 boje da im se \u2018\u017eena izvede iz ku\u0107e\u2019 jer \u0107e, ne daj Bo\u017ee, svijeta vidjeti pa joj on ne\u0107e biti zanimljiv. \u017dena nije objekt da se dr\u017ei u ku\u0107i ve\u0107 joj je mozak dat s razlogom, da misli, da se \u0161koluje, da napreduje, a naravno i da taj mozak koristi i formira zdravu obitelj\u201d, poru\u010dila je, a njen komentar je pokupio preko tisu\u0107u lajkova.<\/p>\n\n\n\n<p>Pezi\u0107eva Facebook stranica broji preko 220 tisu\u0107a lajkova i skoro 300 tisu\u0107a pratitelja.<\/p>\n\n\n\n<p>\/HMS\/<\/p>\n","protected":false},"excerpt":{"rendered":"<p>Elvedin Pezi\u0107 iz Bosne i Hercegovine jedan je od najpoznatijih tuma\u010da islama u regiji, a njegovi statusi na dru\u0161tvenim mre\u017eama \u010desto izazovu veliku pozornost, kao i rasprave zbog njegovih zastarjelih stavova. Jedan od takvih Facebook statusa odnosi se na polo\u017eaj \u017eene u dru\u0161tvu. \u201cZapadno dru\u0161tvo moralno se SRU\u0160ILO onog momenta kada su \u017eenu izveli iz [&hellip;]<\/p>\n","protected":false},"author":2,"featured_media":36268,"comment_status":"closed","ping_status":"closed","sticky":false,"template":"","format":"standard","meta":{"h5ap_radio_sources":[],"footnotes":""},"categories":[1],"tags":[],"class_list":["post-36267","post","type-post","status-publish","format-standard","has-post-thumbnail","hentry","category-bihiregija"],"yoast_head":"<!-- This site is optimized with the Yoast SEO plugin v27.5 - https:\/\/yoast.com\/product\/yoast-seo-wordpress\/ -->\n<title>Elvedin Pezi\u0107: Dru\u0161tvo se moralno sru\u0161ilo kada su \u017eenu izveli iz ku\u0107e - RADIO LJUBU\u0160KI<\/title>\n<meta name=\"robots\" content=\"index, follow, max-snippet:-1, max-image-preview:large, max-video-preview:-1\" \/>\n<link rel=\"canonical\" href=\"https:\/\/radioljubuski.ba\/index.php\/2021\/06\/27\/elvedin-pezic-drustvo-se-moralno-srusilo-kada-su-zenu-izveli-iz-kuce\/\" \/>\n<meta property=\"og:locale\" content=\"hr_HR\" \/>\n<meta property=\"og:type\" content=\"article\" \/>\n<meta property=\"og:title\" content=\"Elvedin Pezi\u0107: Dru\u0161tvo se moralno sru\u0161ilo kada su \u017eenu izveli iz ku\u0107e - RADIO LJUBU\u0160KI\" \/>\n<meta property=\"og:description\" content=\"Elvedin Pezi\u0107 iz Bosne i Hercegovine jedan je od najpoznatijih tuma\u010da islama u regiji, a njegovi statusi na dru\u0161tvenim mre\u017eama \u010desto izazovu veliku pozornost, kao i rasprave zbog njegovih zastarjelih stavova. Jedan od takvih Facebook statusa odnosi se na polo\u017eaj \u017eene u dru\u0161tvu. \u201cZapadno dru\u0161tvo moralno se SRU\u0160ILO onog momenta kada su \u017eenu izveli iz [&hellip;]\" \/>\n<meta property=\"og:url\" content=\"https:\/\/radioljubuski.ba\/index.php\/2021\/06\/27\/elvedin-pezic-drustvo-se-moralno-srusilo-kada-su-zenu-izveli-iz-kuce\/\" \/>\n<meta property=\"og:site_name\" content=\"RADIO LJUBU\u0160KI\" \/>\n<meta property=\"article:publisher\" content=\"https:\/\/www.facebook.com\/Radiio-Ljubuski-1490835324566332\" \/>\n<meta property=\"article:published_time\" content=\"2021-06-27T00:24:18+00:00\" \/>\n<meta property=\"article:modified_time\" content=\"2021-06-27T00:24:20+00:00\" \/>\n<meta property=\"og:image\" content=\"https:\/\/radioljubuski.ba\/wp-content\/uploads\/2021\/06\/92ae470a-50c9-4fff-a9ff-d7ccfb8fb8ea.jpg\" \/>\n\t<meta property=\"og:image:width\" content=\"765\" \/>\n\t<meta property=\"og:image:height\" content=\"402\" \/>\n\t<meta property=\"og:image:type\" content=\"image\/jpeg\" \/>\n<meta name=\"author\" content=\"Radio Ljubu\u0161ki\" \/>\n<meta name=\"twitter:card\" content=\"summary_large_image\" \/>\n<meta name=\"twitter:creator\" content=\"@radioljubuski\" \/>\n<meta name=\"twitter:site\" content=\"@radioljubuski\" \/>\n<meta name=\"twitter:label1\" content=\"Napisao\/la\" \/>\n\t<meta name=\"twitter:data1\" content=\"Radio Ljubu\u0161ki\" \/>\n\t<meta name=\"twitter:label2\" content=\"Procijenjeno vrijeme \u010ditanja\" \/>\n\t<meta name=\"twitter:data2\" content=\"2 minute\" \/>\n<script type=\"application\/ld+json\" class=\"yoast-schema-graph\">{\"@context\":\"https:\\\/\\\/schema.org\",\"@graph\":[{\"@type\":\"Article\",\"@id\":\"https:\\\/\\\/radioljubuski.ba\\\/index.php\\\/2021\\\/06\\\/27\\\/elvedin-pezic-drustvo-se-moralno-srusilo-kada-su-zenu-izveli-iz-kuce\\\/#article\",\"isPartOf\":{\"@id\":\"https:\\\/\\\/radioljubuski.ba\\\/index.php\\\/2021\\\/06\\\/27\\\/elvedin-pezic-drustvo-se-moralno-srusilo-kada-su-zenu-izveli-iz-kuce\\\/\"},\"author\":{\"name\":\"Radio Ljubu\u0161ki\",\"@id\":\"https:\\\/\\\/radioljubuski.ba\\\/#\\\/schema\\\/person\\\/19fc700381a780f69665d7956c469e3b\"},\"headline\":\"Elvedin Pezi\u0107: Dru\u0161tvo se moralno sru\u0161ilo kada su \u017eenu izveli iz ku\u0107e\",\"datePublished\":\"2021-06-27T00:24:18+00:00\",\"dateModified\":\"2021-06-27T00:24:20+00:00\",\"mainEntityOfPage\":{\"@id\":\"https:\\\/\\\/radioljubuski.ba\\\/index.php\\\/2021\\\/06\\\/27\\\/elvedin-pezic-drustvo-se-moralno-srusilo-kada-su-zenu-izveli-iz-kuce\\\/\"},\"wordCount\":301,\"publisher\":{\"@id\":\"https:\\\/\\\/radioljubuski.ba\\\/#organization\"},\"image\":{\"@id\":\"https:\\\/\\\/radioljubuski.ba\\\/index.php\\\/2021\\\/06\\\/27\\\/elvedin-pezic-drustvo-se-moralno-srusilo-kada-su-zenu-izveli-iz-kuce\\\/#primaryimage\"},\"thumbnailUrl\":\"https:\\\/\\\/radioljubuski.ba\\\/wp-content\\\/uploads\\\/2021\\\/06\\\/92ae470a-50c9-4fff-a9ff-d7ccfb8fb8ea.jpg\",\"articleSection\":[\"BIH i regija\"],\"inLanguage\":\"hr\"},{\"@type\":\"WebPage\",\"@id\":\"https:\\\/\\\/radioljubuski.ba\\\/index.php\\\/2021\\\/06\\\/27\\\/elvedin-pezic-drustvo-se-moralno-srusilo-kada-su-zenu-izveli-iz-kuce\\\/\",\"url\":\"https:\\\/\\\/radioljubuski.ba\\\/index.php\\\/2021\\\/06\\\/27\\\/elvedin-pezic-drustvo-se-moralno-srusilo-kada-su-zenu-izveli-iz-kuce\\\/\",\"name\":\"Elvedin Pezi\u0107: Dru\u0161tvo se moralno sru\u0161ilo kada su \u017eenu izveli iz ku\u0107e - RADIO LJUBU\u0160KI\",\"isPartOf\":{\"@id\":\"https:\\\/\\\/radioljubuski.ba\\\/#website\"},\"primaryImageOfPage\":{\"@id\":\"https:\\\/\\\/radioljubuski.ba\\\/index.php\\\/2021\\\/06\\\/27\\\/elvedin-pezic-drustvo-se-moralno-srusilo-kada-su-zenu-izveli-iz-kuce\\\/#primaryimage\"},\"image\":{\"@id\":\"https:\\\/\\\/radioljubuski.ba\\\/index.php\\\/2021\\\/06\\\/27\\\/elvedin-pezic-drustvo-se-moralno-srusilo-kada-su-zenu-izveli-iz-kuce\\\/#primaryimage\"},\"thumbnailUrl\":\"https:\\\/\\\/radioljubuski.ba\\\/wp-content\\\/uploads\\\/2021\\\/06\\\/92ae470a-50c9-4fff-a9ff-d7ccfb8fb8ea.jpg\",\"datePublished\":\"2021-06-27T00:24:18+00:00\",\"dateModified\":\"2021-06-27T00:24:20+00:00\",\"breadcrumb\":{\"@id\":\"https:\\\/\\\/radioljubuski.ba\\\/index.php\\\/2021\\\/06\\\/27\\\/elvedin-pezic-drustvo-se-moralno-srusilo-kada-su-zenu-izveli-iz-kuce\\\/#breadcrumb\"},\"inLanguage\":\"hr\",\"potentialAction\":[{\"@type\":\"ReadAction\",\"target\":[\"https:\\\/\\\/radioljubuski.ba\\\/index.php\\\/2021\\\/06\\\/27\\\/elvedin-pezic-drustvo-se-moralno-srusilo-kada-su-zenu-izveli-iz-kuce\\\/\"]}]},{\"@type\":\"ImageObject\",\"inLanguage\":\"hr\",\"@id\":\"https:\\\/\\\/radioljubuski.ba\\\/index.php\\\/2021\\\/06\\\/27\\\/elvedin-pezic-drustvo-se-moralno-srusilo-kada-su-zenu-izveli-iz-kuce\\\/#primaryimage\",\"url\":\"https:\\\/\\\/radioljubuski.ba\\\/wp-content\\\/uploads\\\/2021\\\/06\\\/92ae470a-50c9-4fff-a9ff-d7ccfb8fb8ea.jpg\",\"contentUrl\":\"https:\\\/\\\/radioljubuski.ba\\\/wp-content\\\/uploads\\\/2021\\\/06\\\/92ae470a-50c9-4fff-a9ff-d7ccfb8fb8ea.jpg\",\"width\":765,\"height\":402},{\"@type\":\"BreadcrumbList\",\"@id\":\"https:\\\/\\\/radioljubuski.ba\\\/index.php\\\/2021\\\/06\\\/27\\\/elvedin-pezic-drustvo-se-moralno-srusilo-kada-su-zenu-izveli-iz-kuce\\\/#breadcrumb\",\"itemListElement\":[{\"@type\":\"ListItem\",\"position\":1,\"name\":\"Po\u010detna stranica\",\"item\":\"https:\\\/\\\/radioljubuski.ba\\\/\"},{\"@type\":\"ListItem\",\"position\":2,\"name\":\"Elvedin Pezi\u0107: Dru\u0161tvo se moralno sru\u0161ilo kada su \u017eenu izveli iz ku\u0107e\"}]},{\"@type\":\"WebSite\",\"@id\":\"https:\\\/\\\/radioljubuski.ba\\\/#website\",\"url\":\"https:\\\/\\\/radioljubuski.ba\\\/\",\"name\":\"Radio Ljubu\u0161ki\",\"description\":\"Sun\u010dana frekvencija Hercegovine\",\"publisher\":{\"@id\":\"https:\\\/\\\/radioljubuski.ba\\\/#organization\"},\"potentialAction\":[{\"@type\":\"SearchAction\",\"target\":{\"@type\":\"EntryPoint\",\"urlTemplate\":\"https:\\\/\\\/radioljubuski.ba\\\/?s={search_term_string}\"},\"query-input\":{\"@type\":\"PropertyValueSpecification\",\"valueRequired\":true,\"valueName\":\"search_term_string\"}}],\"inLanguage\":\"hr\"},{\"@type\":\"Organization\",\"@id\":\"https:\\\/\\\/radioljubuski.ba\\\/#organization\",\"name\":\"Radio Ljubu\u0161ki\",\"url\":\"https:\\\/\\\/radioljubuski.ba\\\/\",\"logo\":{\"@type\":\"ImageObject\",\"inLanguage\":\"hr\",\"@id\":\"https:\\\/\\\/radioljubuski.ba\\\/#\\\/schema\\\/logo\\\/image\\\/\",\"url\":\"https:\\\/\\\/radioljubuski.ba\\\/wp-content\\\/uploads\\\/2021\\\/02\\\/cropped-Radio_Ljubuski_logo1.jpg\",\"contentUrl\":\"https:\\\/\\\/radioljubuski.ba\\\/wp-content\\\/uploads\\\/2021\\\/02\\\/cropped-Radio_Ljubuski_logo1.jpg\",\"width\":512,\"height\":512,\"caption\":\"Radio Ljubu\u0161ki\"},\"image\":{\"@id\":\"https:\\\/\\\/radioljubuski.ba\\\/#\\\/schema\\\/logo\\\/image\\\/\"},\"sameAs\":[\"https:\\\/\\\/www.facebook.com\\\/Radiio-Ljubuski-1490835324566332\",\"https:\\\/\\\/x.com\\\/radioljubuski\",\"https:\\\/\\\/hr.linkedin.com\\\/company\\\/radio-ljubuski\",\"https:\\\/\\\/www.youtube.com\\\/channel\\\/UCHYaeO_n0Db3tjNGudGpXyw\"]},{\"@type\":\"Person\",\"@id\":\"https:\\\/\\\/radioljubuski.ba\\\/#\\\/schema\\\/person\\\/19fc700381a780f69665d7956c469e3b\",\"name\":\"Radio Ljubu\u0161ki\"}]}<\/script>\n<!-- \/ Yoast SEO plugin. -->","yoast_head_json":{"title":"Elvedin Pezi\u0107: Dru\u0161tvo se moralno sru\u0161ilo kada su \u017eenu izveli iz ku\u0107e - RADIO LJUBU\u0160KI","robots":{"index":"index","follow":"follow","max-snippet":"max-snippet:-1","max-image-preview":"max-image-preview:large","max-video-preview":"max-video-preview:-1"},"canonical":"https:\/\/radioljubuski.ba\/index.php\/2021\/06\/27\/elvedin-pezic-drustvo-se-moralno-srusilo-kada-su-zenu-izveli-iz-kuce\/","og_locale":"hr_HR","og_type":"article","og_title":"Elvedin Pezi\u0107: Dru\u0161tvo se moralno sru\u0161ilo kada su \u017eenu izveli iz ku\u0107e - RADIO LJUBU\u0160KI","og_description":"Elvedin Pezi\u0107 iz Bosne i Hercegovine jedan je od najpoznatijih tuma\u010da islama u regiji, a njegovi statusi na dru\u0161tvenim mre\u017eama \u010desto izazovu veliku pozornost, kao i rasprave zbog njegovih zastarjelih stavova. Jedan od takvih Facebook statusa odnosi se na polo\u017eaj \u017eene u dru\u0161tvu. \u201cZapadno dru\u0161tvo moralno se SRU\u0160ILO onog momenta kada su \u017eenu izveli iz [&hellip;]","og_url":"https:\/\/radioljubuski.ba\/index.php\/2021\/06\/27\/elvedin-pezic-drustvo-se-moralno-srusilo-kada-su-zenu-izveli-iz-kuce\/","og_site_name":"RADIO LJUBU\u0160KI","article_publisher":"https:\/\/www.facebook.com\/Radiio-Ljubuski-1490835324566332","article_published_time":"2021-06-27T00:24:18+00:00","article_modified_time":"2021-06-27T00:24:20+00:00","og_image":[{"width":765,"height":402,"url":"https:\/\/radioljubuski.ba\/wp-content\/uploads\/2021\/06\/92ae470a-50c9-4fff-a9ff-d7ccfb8fb8ea.jpg","type":"image\/jpeg"}],"author":"Radio Ljubu\u0161ki","twitter_card":"summary_large_image","twitter_creator":"@radioljubuski","twitter_site":"@radioljubuski","twitter_misc":{"Napisao\/la":"Radio Ljubu\u0161ki","Procijenjeno vrijeme \u010ditanja":"2 minute"},"schema":{"@context":"https:\/\/schema.org","@graph":[{"@type":"Article","@id":"https:\/\/radioljubuski.ba\/index.php\/2021\/06\/27\/elvedin-pezic-drustvo-se-moralno-srusilo-kada-su-zenu-izveli-iz-kuce\/#article","isPartOf":{"@id":"https:\/\/radioljubuski.ba\/index.php\/2021\/06\/27\/elvedin-pezic-drustvo-se-moralno-srusilo-kada-su-zenu-izveli-iz-kuce\/"},"author":{"name":"Radio Ljubu\u0161ki","@id":"https:\/\/radioljubuski.ba\/#\/schema\/person\/19fc700381a780f69665d7956c469e3b"},"headline":"Elvedin Pezi\u0107: Dru\u0161tvo se moralno sru\u0161ilo kada su \u017eenu izveli iz ku\u0107e","datePublished":"2021-06-27T00:24:18+00:00","dateModified":"2021-06-27T00:24:20+00:00","mainEntityOfPage":{"@id":"https:\/\/radioljubuski.ba\/index.php\/2021\/06\/27\/elvedin-pezic-drustvo-se-moralno-srusilo-kada-su-zenu-izveli-iz-kuce\/"},"wordCount":301,"publisher":{"@id":"https:\/\/radioljubuski.ba\/#organization"},"image":{"@id":"https:\/\/radioljubuski.ba\/index.php\/2021\/06\/27\/elvedin-pezic-drustvo-se-moralno-srusilo-kada-su-zenu-izveli-iz-kuce\/#primaryimage"},"thumbnailUrl":"https:\/\/radioljubuski.ba\/wp-content\/uploads\/2021\/06\/92ae470a-50c9-4fff-a9ff-d7ccfb8fb8ea.jpg","articleSection":["BIH i regija"],"inLanguage":"hr"},{"@type":"WebPage","@id":"https:\/\/radioljubuski.ba\/index.php\/2021\/06\/27\/elvedin-pezic-drustvo-se-moralno-srusilo-kada-su-zenu-izveli-iz-kuce\/","url":"https:\/\/radioljubuski.ba\/index.php\/2021\/06\/27\/elvedin-pezic-drustvo-se-moralno-srusilo-kada-su-zenu-izveli-iz-kuce\/","name":"Elvedin Pezi\u0107: Dru\u0161tvo se moralno sru\u0161ilo kada su \u017eenu izveli iz ku\u0107e - RADIO LJUBU\u0160KI","isPartOf":{"@id":"https:\/\/radioljubuski.ba\/#website"},"primaryImageOfPage":{"@id":"https:\/\/radioljubuski.ba\/index.php\/2021\/06\/27\/elvedin-pezic-drustvo-se-moralno-srusilo-kada-su-zenu-izveli-iz-kuce\/#primaryimage"},"image":{"@id":"https:\/\/radioljubuski.ba\/index.php\/2021\/06\/27\/elvedin-pezic-drustvo-se-moralno-srusilo-kada-su-zenu-izveli-iz-kuce\/#primaryimage"},"thumbnailUrl":"https:\/\/radioljubuski.ba\/wp-content\/uploads\/2021\/06\/92ae470a-50c9-4fff-a9ff-d7ccfb8fb8ea.jpg","datePublished":"2021-06-27T00:24:18+00:00","dateModified":"2021-06-27T00:24:20+00:00","breadcrumb":{"@id":"https:\/\/radioljubuski.ba\/index.php\/2021\/06\/27\/elvedin-pezic-drustvo-se-moralno-srusilo-kada-su-zenu-izveli-iz-kuce\/#breadcrumb"},"inLanguage":"hr","potentialAction":[{"@type":"ReadAction","target":["https:\/\/radioljubuski.ba\/index.php\/2021\/06\/27\/elvedin-pezic-drustvo-se-moralno-srusilo-kada-su-zenu-izveli-iz-kuce\/"]}]},{"@type":"ImageObject","inLanguage":"hr","@id":"https:\/\/radioljubuski.ba\/index.php\/2021\/06\/27\/elvedin-pezic-drustvo-se-moralno-srusilo-kada-su-zenu-izveli-iz-kuce\/#primaryimage","url":"https:\/\/radioljubuski.ba\/wp-content\/uploads\/2021\/06\/92ae470a-50c9-4fff-a9ff-d7ccfb8fb8ea.jpg","contentUrl":"https:\/\/radioljubuski.ba\/wp-content\/uploads\/2021\/06\/92ae470a-50c9-4fff-a9ff-d7ccfb8fb8ea.jpg","width":765,"height":402},{"@type":"BreadcrumbList","@id":"https:\/\/radioljubuski.ba\/index.php\/2021\/06\/27\/elvedin-pezic-drustvo-se-moralno-srusilo-kada-su-zenu-izveli-iz-kuce\/#breadcrumb","itemListElement":[{"@type":"ListItem","position":1,"name":"Po\u010detna stranica","item":"https:\/\/radioljubuski.ba\/"},{"@type":"ListItem","position":2,"name":"Elvedin Pezi\u0107: Dru\u0161tvo se moralno sru\u0161ilo kada su \u017eenu izveli iz ku\u0107e"}]},{"@type":"WebSite","@id":"https:\/\/radioljubuski.ba\/#website","url":"https:\/\/radioljubuski.ba\/","name":"Radio Ljubu\u0161ki","description":"Sun\u010dana frekvencija Hercegovine","publisher":{"@id":"https:\/\/radioljubuski.ba\/#organization"},"potentialAction":[{"@type":"SearchAction","target":{"@type":"EntryPoint","urlTemplate":"https:\/\/radioljubuski.ba\/?s={search_term_string}"},"query-input":{"@type":"PropertyValueSpecification","valueRequired":true,"valueName":"search_term_string"}}],"inLanguage":"hr"},{"@type":"Organization","@id":"https:\/\/radioljubuski.ba\/#organization","name":"Radio Ljubu\u0161ki","url":"https:\/\/radioljubuski.ba\/","logo":{"@type":"ImageObject","inLanguage":"hr","@id":"https:\/\/radioljubuski.ba\/#\/schema\/logo\/image\/","url":"https:\/\/radioljubuski.ba\/wp-content\/uploads\/2021\/02\/cropped-Radio_Ljubuski_logo1.jpg","contentUrl":"https:\/\/radioljubuski.ba\/wp-content\/uploads\/2021\/02\/cropped-Radio_Ljubuski_logo1.jpg","width":512,"height":512,"caption":"Radio Ljubu\u0161ki"},"image":{"@id":"https:\/\/radioljubuski.ba\/#\/schema\/logo\/image\/"},"sameAs":["https:\/\/www.facebook.com\/Radiio-Ljubuski-1490835324566332","https:\/\/x.com\/radioljubuski","https:\/\/hr.linkedin.com\/company\/radio-ljubuski","https:\/\/www.youtube.com\/channel\/UCHYaeO_n0Db3tjNGudGpXyw"]},{"@type":"Person","@id":"https:\/\/radioljubuski.ba\/#\/schema\/person\/19fc700381a780f69665d7956c469e3b","name":"Radio Ljubu\u0161ki"}]}},"_links":{"self":[{"href":"https:\/\/radioljubuski.ba\/index.php\/wp-json\/wp\/v2\/posts\/36267","targetHints":{"allow":["GET"]}}],"collection":[{"href":"https:\/\/radioljubuski.ba\/index.php\/wp-json\/wp\/v2\/posts"}],"about":[{"href":"https:\/\/radioljubuski.ba\/index.php\/wp-json\/wp\/v2\/types\/post"}],"author":[{"embeddable":true,"href":"https:\/\/radioljubuski.ba\/index.php\/wp-json\/wp\/v2\/users\/2"}],"replies":[{"embeddable":true,"href":"https:\/\/radioljubuski.ba\/index.php\/wp-json\/wp\/v2\/comments?post=36267"}],"version-history":[{"count":1,"href":"https:\/\/radioljubuski.ba\/index.php\/wp-json\/wp\/v2\/posts\/36267\/revisions"}],"predecessor-version":[{"id":36269,"href":"https:\/\/radioljubuski.ba\/index.php\/wp-json\/wp\/v2\/posts\/36267\/revisions\/36269"}],"wp:featuredmedia":[{"embeddable":true,"href":"https:\/\/radioljubuski.ba\/index.php\/wp-json\/wp\/v2\/media\/36268"}],"wp:attachment":[{"href":"https:\/\/radioljubuski.ba\/index.php\/wp-json\/wp\/v2\/media?parent=36267"}],"wp:term":[{"taxonomy":"category","embeddable":true,"href":"https:\/\/radioljubuski.ba\/index.php\/wp-json\/wp\/v2\/categories?post=36267"},{"taxonomy":"post_tag","embeddable":true,"href":"https:\/\/radioljubuski.ba\/index.php\/wp-json\/wp\/v2\/tags?post=36267"}],"curies":[{"name":"wp","href":"https:\/\/api.w.org\/{rel}","templated":true}]}}