{"id":36276,"date":"2021-06-27T01:27:58","date_gmt":"2021-06-27T00:27:58","guid":{"rendered":"https:\/\/radioljubuski.ba\/?p=36276"},"modified":"2021-06-27T01:27:59","modified_gmt":"2021-06-27T00:27:59","slug":"akrofobija-strah-od-visine-zasto-se-javlja-i-kako-izlijeciti-ovaj-problem","status":"publish","type":"post","link":"https:\/\/radioljubuski.ba\/index.php\/2021\/06\/27\/akrofobija-strah-od-visine-zasto-se-javlja-i-kako-izlijeciti-ovaj-problem\/","title":{"rendered":"Akrofobija \u2013 strah od visine: Za\u0161to se javlja i kako izlije\u010diti ovaj problem?"},"content":{"rendered":"\n<p><strong>Nije neobi\u010dno osjetiti nelagodu na visokim mjestima, ali taj osje\u0107aj ne\u0107e uzrokovati paniku i tjeskobu, osim ako nemate iracionalan strah od visine.<\/strong><\/p>\n\n\n\n<p>Jedan od naj\u010de\u0161\u0107ih strahova vezan je uz visinu.&nbsp;<strong>Akrofobija ili strah od visine<\/strong>&nbsp;spada u specifi\u010dne fobije poput ornitofobije (strah od ptica), ofidiofobije (strah od hladnokrvnih reptila) ili pak itifalofobije (strah od ukru\u0107enog penisa).<\/p>\n\n\n\n<p>Iako se neke fobije razviju jo\u0161 u djetinjstvu poput straha od vode, neke izme\u0111u 15. i 25. godine,&nbsp;<strong>akrofobija<\/strong>&nbsp;obi\u010dno nastupa nakon 30. godine \u017eivota.<\/p>\n\n\n\n<h2 class=\"wp-block-heading\">Uzroci nastanka akrofobije<\/h2>\n\n\n\n<p>Akrofobija se ponekad razvija kao odgovor na traumati\u010dno iskustvo koje uklju\u010duje iskustvo s visinama, poput:<\/p>\n\n\n\n<p>\u2022 pada s visokog mjesta<br>\u2022 gledanje kako netko drugi pada s visokog mjesta<br>\u2022 napadaj panike ili neko drugo neugodno iskustvo dok ste bili na visokom mjestu<\/p>\n\n\n\n<p>No, ve\u0107ina fobija, kao i ona od visine, mogu se razviti bez poznatog uzroka, a u tim slu\u010dajevima obi\u010dno je rije\u010d o utjecaju genetike. Drugim rije\u010dima, vjerojatnije je da \u0107ete razviti akrofobiju ako netko iz va\u0161e obitelji pati od ove fobije.<\/p>\n\n\n\n<h2 class=\"wp-block-heading\">Razvijena teorija navigacije<\/h2>\n\n\n\n<p>Ne\u0161to \u0161to se naziva evoluirana teorija navigacije tako\u0111er mo\u017ee objasniti za\u0161to neki ljudi razvijaju akrofobiju. Prema ovoj teoriji, odre\u0111eni ljudski procesi, uklju\u010duju\u0107i percepciju visine, prilagodili su se prirodnom selekcijom. Ako percipirate da je ne\u0161to vi\u0161e nego \u0161to zapravo jest, mo\u017eete smanjiti rizik od opasnih padova, pove\u0107avaju\u0107i vjerojatnost da \u0107ete pre\u017eivjeti i tako produ\u017eiti vrstu.<\/p>\n\n\n\n<p>Razlog za\u0161to se ova fobija pojavljuje u starijoj dobi jest taj \u0161to osje\u0107aj za ravnote\u017eu slabi kako starimo pa se osje\u0107amo posebno ranjivima i mislimo da lak\u0161e mo\u017eemo pasti s visina.<\/p>\n\n\n\n<h2 class=\"wp-block-heading\">Simptomi znaju biti vrlo neugodni<\/h2>\n\n\n\n<p>Ako imate akrofobiju, \u010dak i razmi\u0161ljanje o prelasku mosta ili pogled na planine i okoline doline mo\u017ee izazvati paniku i osje\u0107aj tjeskobe. Ovaj iracionalni strah mo\u017ee biti toliko jak da utje\u010de na va\u0161 svakodnevni \u017eivot.<\/p>\n\n\n\n<p><strong>Fizi\u010dki simptomi akrofobije<\/strong>&nbsp;uklju\u010duju:<\/p>\n\n\n\n<p>\u2022 poja\u010dano znojenje<br>\u2022 bol i stezanje u prsima<br>\u2022 poja\u010dan rad srca<br>\u2022 osje\u0107aj omamljenosti kada razmi\u0161ljate ili jeste na visokom mjestu<br>\u2022 drhtavica<br>\u2022 vrtoglavica<br>\u2022 mu\u010dnina<br>\u2022 bolovi u \u017eelucu<br>\u2022 povi\u0161ena tjelesna temperatura<\/p>\n\n\n\n<p><strong>Psiholo\u0161ki simptomi akrofobije<\/strong>&nbsp;uklju\u010duju:<\/p>\n\n\n\n<p>\u2022 panika na visokim mjestima ili samo razmi\u0161ljanje o njima<br>\u2022 ekstreman strah od toga da ne budete zarobljeni na visini<br>\u2022 tjeskoba kada se morate penjati stepenicama, gledati kroz prozor ili voziti ispod nadvo\u017enjaka<br>\u2022 pretjerana briga zbog susreta s visinama u budu\u0107nosti<br>Lije\u010denje akrofobije<\/p>\n\n\n\n<p>Naju\u010dinkovitija metoda za lije\u010denje akrofobije je provo\u0111enje kognitivno-bihevioralne terapije. Ona uklju\u010duje postupno izlaganje situaciji koje se bojite kroz strukturiranu hijerarhiju situacija od manjeg do ve\u0107eg utjecaja.<\/p>\n\n\n\n<p>Kako bi terapija bila u\u010dinkovita, potrebno je izme\u0111u izlaganja objektu straha ili stra\u0161noj situaciji provoditi tehnike opu\u0161tanja za stabiliziranje tjeskobe osobe.<\/p>\n\n\n\n<h2 class=\"wp-block-heading\">Virtualna stvarnost kao rje\u0161enje protiv akrofobije<\/h2>\n\n\n\n<p>Posljednjih su godina neki stru\u010dnjaci usmjerili pozornost na virtualnu stvarnost (VR) kao potencijalnu metodu lije\u010denja fobija. VR iskustvo pru\u017ea izlo\u017eenost onome \u010dega se bojite u sigurnom okru\u017eenju. Kori\u0161tenje ra\u010dunalnog softvera daje vam mogu\u0107nost da odmah prestanete s aktivno\u0161\u0107u ako se po\u010dnete osje\u0107ati tjeskobno.<\/p>\n\n\n\n<p>Studija iz 2018. godine prou\u010davala je u\u010dinke VR-a na 100 osoba s akrofobijom. Sudionici su imali samo malu razinu nelagode tijekom VR sesija, a mnogi od njih su izvijestili da je VR terapija bila korisna. Naravno, potrebno je vi\u0161e istra\u017eivanja u tom podru\u010dju, ali stru\u010dnjaci su zaklju\u010dili da je VR terapija lako dostupna i pristupa\u010dna metoda lije\u010denja fobija jer se mo\u017ee provoditi kod ku\u0107e.<\/p>\n\n\n\n<p>\/HMS\/<\/p>\n","protected":false},"excerpt":{"rendered":"<p>Nije neobi\u010dno osjetiti nelagodu na visokim mjestima, ali taj osje\u0107aj ne\u0107e uzrokovati paniku i tjeskobu, osim ako nemate iracionalan strah od visine. Jedan od naj\u010de\u0161\u0107ih strahova vezan je uz visinu.&nbsp;Akrofobija ili strah od visine&nbsp;spada u specifi\u010dne fobije poput ornitofobije (strah od ptica), ofidiofobije (strah od hladnokrvnih reptila) ili pak itifalofobije (strah od ukru\u0107enog penisa). Iako [&hellip;]<\/p>\n","protected":false},"author":2,"featured_media":36277,"comment_status":"closed","ping_status":"closed","sticky":false,"template":"","format":"standard","meta":{"h5ap_radio_sources":[],"footnotes":""},"categories":[1],"tags":[],"class_list":["post-36276","post","type-post","status-publish","format-standard","has-post-thumbnail","hentry","category-bihiregija"],"yoast_head":"<!-- This site is optimized with the Yoast SEO plugin v27.5 - https:\/\/yoast.com\/product\/yoast-seo-wordpress\/ -->\n<title>Akrofobija \u2013 strah od visine: Za\u0161to se javlja i kako izlije\u010diti ovaj problem? - RADIO LJUBU\u0160KI<\/title>\n<meta name=\"robots\" content=\"index, follow, max-snippet:-1, max-image-preview:large, max-video-preview:-1\" \/>\n<link rel=\"canonical\" href=\"https:\/\/radioljubuski.ba\/index.php\/2021\/06\/27\/akrofobija-strah-od-visine-zasto-se-javlja-i-kako-izlijeciti-ovaj-problem\/\" \/>\n<meta property=\"og:locale\" content=\"hr_HR\" \/>\n<meta property=\"og:type\" content=\"article\" \/>\n<meta property=\"og:title\" content=\"Akrofobija \u2013 strah od visine: Za\u0161to se javlja i kako izlije\u010diti ovaj problem? - RADIO LJUBU\u0160KI\" \/>\n<meta property=\"og:description\" content=\"Nije neobi\u010dno osjetiti nelagodu na visokim mjestima, ali taj osje\u0107aj ne\u0107e uzrokovati paniku i tjeskobu, osim ako nemate iracionalan strah od visine. Jedan od naj\u010de\u0161\u0107ih strahova vezan je uz visinu.&nbsp;Akrofobija ili strah od visine&nbsp;spada u specifi\u010dne fobije poput ornitofobije (strah od ptica), ofidiofobije (strah od hladnokrvnih reptila) ili pak itifalofobije (strah od ukru\u0107enog penisa). Iako [&hellip;]\" \/>\n<meta property=\"og:url\" content=\"https:\/\/radioljubuski.ba\/index.php\/2021\/06\/27\/akrofobija-strah-od-visine-zasto-se-javlja-i-kako-izlijeciti-ovaj-problem\/\" \/>\n<meta property=\"og:site_name\" content=\"RADIO LJUBU\u0160KI\" \/>\n<meta property=\"article:publisher\" content=\"https:\/\/www.facebook.com\/Radiio-Ljubuski-1490835324566332\" \/>\n<meta property=\"article:published_time\" content=\"2021-06-27T00:27:58+00:00\" \/>\n<meta property=\"article:modified_time\" content=\"2021-06-27T00:27:59+00:00\" \/>\n<meta property=\"og:image\" content=\"https:\/\/radioljubuski.ba\/wp-content\/uploads\/2021\/06\/pexels-mikhail-nilov-8319805-750x500-1.jpg\" \/>\n\t<meta property=\"og:image:width\" content=\"750\" \/>\n\t<meta property=\"og:image:height\" content=\"500\" \/>\n\t<meta property=\"og:image:type\" content=\"image\/jpeg\" \/>\n<meta name=\"author\" content=\"Radio Ljubu\u0161ki\" \/>\n<meta name=\"twitter:card\" content=\"summary_large_image\" \/>\n<meta name=\"twitter:creator\" content=\"@radioljubuski\" \/>\n<meta name=\"twitter:site\" content=\"@radioljubuski\" \/>\n<meta name=\"twitter:label1\" content=\"Napisao\/la\" \/>\n\t<meta name=\"twitter:data1\" content=\"Radio Ljubu\u0161ki\" \/>\n\t<meta name=\"twitter:label2\" content=\"Procijenjeno vrijeme \u010ditanja\" \/>\n\t<meta name=\"twitter:data2\" content=\"3 minute\" \/>\n<script type=\"application\/ld+json\" class=\"yoast-schema-graph\">{\"@context\":\"https:\\\/\\\/schema.org\",\"@graph\":[{\"@type\":\"Article\",\"@id\":\"https:\\\/\\\/radioljubuski.ba\\\/index.php\\\/2021\\\/06\\\/27\\\/akrofobija-strah-od-visine-zasto-se-javlja-i-kako-izlijeciti-ovaj-problem\\\/#article\",\"isPartOf\":{\"@id\":\"https:\\\/\\\/radioljubuski.ba\\\/index.php\\\/2021\\\/06\\\/27\\\/akrofobija-strah-od-visine-zasto-se-javlja-i-kako-izlijeciti-ovaj-problem\\\/\"},\"author\":{\"name\":\"Radio Ljubu\u0161ki\",\"@id\":\"https:\\\/\\\/radioljubuski.ba\\\/#\\\/schema\\\/person\\\/19fc700381a780f69665d7956c469e3b\"},\"headline\":\"Akrofobija \u2013 strah od visine: Za\u0161to se javlja i kako izlije\u010diti ovaj problem?\",\"datePublished\":\"2021-06-27T00:27:58+00:00\",\"dateModified\":\"2021-06-27T00:27:59+00:00\",\"mainEntityOfPage\":{\"@id\":\"https:\\\/\\\/radioljubuski.ba\\\/index.php\\\/2021\\\/06\\\/27\\\/akrofobija-strah-od-visine-zasto-se-javlja-i-kako-izlijeciti-ovaj-problem\\\/\"},\"wordCount\":633,\"publisher\":{\"@id\":\"https:\\\/\\\/radioljubuski.ba\\\/#organization\"},\"image\":{\"@id\":\"https:\\\/\\\/radioljubuski.ba\\\/index.php\\\/2021\\\/06\\\/27\\\/akrofobija-strah-od-visine-zasto-se-javlja-i-kako-izlijeciti-ovaj-problem\\\/#primaryimage\"},\"thumbnailUrl\":\"https:\\\/\\\/radioljubuski.ba\\\/wp-content\\\/uploads\\\/2021\\\/06\\\/pexels-mikhail-nilov-8319805-750x500-1.jpg\",\"articleSection\":[\"BIH i regija\"],\"inLanguage\":\"hr\"},{\"@type\":\"WebPage\",\"@id\":\"https:\\\/\\\/radioljubuski.ba\\\/index.php\\\/2021\\\/06\\\/27\\\/akrofobija-strah-od-visine-zasto-se-javlja-i-kako-izlijeciti-ovaj-problem\\\/\",\"url\":\"https:\\\/\\\/radioljubuski.ba\\\/index.php\\\/2021\\\/06\\\/27\\\/akrofobija-strah-od-visine-zasto-se-javlja-i-kako-izlijeciti-ovaj-problem\\\/\",\"name\":\"Akrofobija \u2013 strah od visine: Za\u0161to se javlja i kako izlije\u010diti ovaj problem? - RADIO LJUBU\u0160KI\",\"isPartOf\":{\"@id\":\"https:\\\/\\\/radioljubuski.ba\\\/#website\"},\"primaryImageOfPage\":{\"@id\":\"https:\\\/\\\/radioljubuski.ba\\\/index.php\\\/2021\\\/06\\\/27\\\/akrofobija-strah-od-visine-zasto-se-javlja-i-kako-izlijeciti-ovaj-problem\\\/#primaryimage\"},\"image\":{\"@id\":\"https:\\\/\\\/radioljubuski.ba\\\/index.php\\\/2021\\\/06\\\/27\\\/akrofobija-strah-od-visine-zasto-se-javlja-i-kako-izlijeciti-ovaj-problem\\\/#primaryimage\"},\"thumbnailUrl\":\"https:\\\/\\\/radioljubuski.ba\\\/wp-content\\\/uploads\\\/2021\\\/06\\\/pexels-mikhail-nilov-8319805-750x500-1.jpg\",\"datePublished\":\"2021-06-27T00:27:58+00:00\",\"dateModified\":\"2021-06-27T00:27:59+00:00\",\"breadcrumb\":{\"@id\":\"https:\\\/\\\/radioljubuski.ba\\\/index.php\\\/2021\\\/06\\\/27\\\/akrofobija-strah-od-visine-zasto-se-javlja-i-kako-izlijeciti-ovaj-problem\\\/#breadcrumb\"},\"inLanguage\":\"hr\",\"potentialAction\":[{\"@type\":\"ReadAction\",\"target\":[\"https:\\\/\\\/radioljubuski.ba\\\/index.php\\\/2021\\\/06\\\/27\\\/akrofobija-strah-od-visine-zasto-se-javlja-i-kako-izlijeciti-ovaj-problem\\\/\"]}]},{\"@type\":\"ImageObject\",\"inLanguage\":\"hr\",\"@id\":\"https:\\\/\\\/radioljubuski.ba\\\/index.php\\\/2021\\\/06\\\/27\\\/akrofobija-strah-od-visine-zasto-se-javlja-i-kako-izlijeciti-ovaj-problem\\\/#primaryimage\",\"url\":\"https:\\\/\\\/radioljubuski.ba\\\/wp-content\\\/uploads\\\/2021\\\/06\\\/pexels-mikhail-nilov-8319805-750x500-1.jpg\",\"contentUrl\":\"https:\\\/\\\/radioljubuski.ba\\\/wp-content\\\/uploads\\\/2021\\\/06\\\/pexels-mikhail-nilov-8319805-750x500-1.jpg\",\"width\":750,\"height\":500},{\"@type\":\"BreadcrumbList\",\"@id\":\"https:\\\/\\\/radioljubuski.ba\\\/index.php\\\/2021\\\/06\\\/27\\\/akrofobija-strah-od-visine-zasto-se-javlja-i-kako-izlijeciti-ovaj-problem\\\/#breadcrumb\",\"itemListElement\":[{\"@type\":\"ListItem\",\"position\":1,\"name\":\"Po\u010detna stranica\",\"item\":\"https:\\\/\\\/radioljubuski.ba\\\/\"},{\"@type\":\"ListItem\",\"position\":2,\"name\":\"Akrofobija \u2013 strah od visine: Za\u0161to se javlja i kako izlije\u010diti ovaj problem?\"}]},{\"@type\":\"WebSite\",\"@id\":\"https:\\\/\\\/radioljubuski.ba\\\/#website\",\"url\":\"https:\\\/\\\/radioljubuski.ba\\\/\",\"name\":\"Radio Ljubu\u0161ki\",\"description\":\"Sun\u010dana frekvencija Hercegovine\",\"publisher\":{\"@id\":\"https:\\\/\\\/radioljubuski.ba\\\/#organization\"},\"potentialAction\":[{\"@type\":\"SearchAction\",\"target\":{\"@type\":\"EntryPoint\",\"urlTemplate\":\"https:\\\/\\\/radioljubuski.ba\\\/?s={search_term_string}\"},\"query-input\":{\"@type\":\"PropertyValueSpecification\",\"valueRequired\":true,\"valueName\":\"search_term_string\"}}],\"inLanguage\":\"hr\"},{\"@type\":\"Organization\",\"@id\":\"https:\\\/\\\/radioljubuski.ba\\\/#organization\",\"name\":\"Radio Ljubu\u0161ki\",\"url\":\"https:\\\/\\\/radioljubuski.ba\\\/\",\"logo\":{\"@type\":\"ImageObject\",\"inLanguage\":\"hr\",\"@id\":\"https:\\\/\\\/radioljubuski.ba\\\/#\\\/schema\\\/logo\\\/image\\\/\",\"url\":\"https:\\\/\\\/radioljubuski.ba\\\/wp-content\\\/uploads\\\/2021\\\/02\\\/cropped-Radio_Ljubuski_logo1.jpg\",\"contentUrl\":\"https:\\\/\\\/radioljubuski.ba\\\/wp-content\\\/uploads\\\/2021\\\/02\\\/cropped-Radio_Ljubuski_logo1.jpg\",\"width\":512,\"height\":512,\"caption\":\"Radio Ljubu\u0161ki\"},\"image\":{\"@id\":\"https:\\\/\\\/radioljubuski.ba\\\/#\\\/schema\\\/logo\\\/image\\\/\"},\"sameAs\":[\"https:\\\/\\\/www.facebook.com\\\/Radiio-Ljubuski-1490835324566332\",\"https:\\\/\\\/x.com\\\/radioljubuski\",\"https:\\\/\\\/hr.linkedin.com\\\/company\\\/radio-ljubuski\",\"https:\\\/\\\/www.youtube.com\\\/channel\\\/UCHYaeO_n0Db3tjNGudGpXyw\"]},{\"@type\":\"Person\",\"@id\":\"https:\\\/\\\/radioljubuski.ba\\\/#\\\/schema\\\/person\\\/19fc700381a780f69665d7956c469e3b\",\"name\":\"Radio Ljubu\u0161ki\"}]}<\/script>\n<!-- \/ Yoast SEO plugin. -->","yoast_head_json":{"title":"Akrofobija \u2013 strah od visine: Za\u0161to se javlja i kako izlije\u010diti ovaj problem? - RADIO LJUBU\u0160KI","robots":{"index":"index","follow":"follow","max-snippet":"max-snippet:-1","max-image-preview":"max-image-preview:large","max-video-preview":"max-video-preview:-1"},"canonical":"https:\/\/radioljubuski.ba\/index.php\/2021\/06\/27\/akrofobija-strah-od-visine-zasto-se-javlja-i-kako-izlijeciti-ovaj-problem\/","og_locale":"hr_HR","og_type":"article","og_title":"Akrofobija \u2013 strah od visine: Za\u0161to se javlja i kako izlije\u010diti ovaj problem? - RADIO LJUBU\u0160KI","og_description":"Nije neobi\u010dno osjetiti nelagodu na visokim mjestima, ali taj osje\u0107aj ne\u0107e uzrokovati paniku i tjeskobu, osim ako nemate iracionalan strah od visine. Jedan od naj\u010de\u0161\u0107ih strahova vezan je uz visinu.&nbsp;Akrofobija ili strah od visine&nbsp;spada u specifi\u010dne fobije poput ornitofobije (strah od ptica), ofidiofobije (strah od hladnokrvnih reptila) ili pak itifalofobije (strah od ukru\u0107enog penisa). Iako [&hellip;]","og_url":"https:\/\/radioljubuski.ba\/index.php\/2021\/06\/27\/akrofobija-strah-od-visine-zasto-se-javlja-i-kako-izlijeciti-ovaj-problem\/","og_site_name":"RADIO LJUBU\u0160KI","article_publisher":"https:\/\/www.facebook.com\/Radiio-Ljubuski-1490835324566332","article_published_time":"2021-06-27T00:27:58+00:00","article_modified_time":"2021-06-27T00:27:59+00:00","og_image":[{"width":750,"height":500,"url":"https:\/\/radioljubuski.ba\/wp-content\/uploads\/2021\/06\/pexels-mikhail-nilov-8319805-750x500-1.jpg","type":"image\/jpeg"}],"author":"Radio Ljubu\u0161ki","twitter_card":"summary_large_image","twitter_creator":"@radioljubuski","twitter_site":"@radioljubuski","twitter_misc":{"Napisao\/la":"Radio Ljubu\u0161ki","Procijenjeno vrijeme \u010ditanja":"3 minute"},"schema":{"@context":"https:\/\/schema.org","@graph":[{"@type":"Article","@id":"https:\/\/radioljubuski.ba\/index.php\/2021\/06\/27\/akrofobija-strah-od-visine-zasto-se-javlja-i-kako-izlijeciti-ovaj-problem\/#article","isPartOf":{"@id":"https:\/\/radioljubuski.ba\/index.php\/2021\/06\/27\/akrofobija-strah-od-visine-zasto-se-javlja-i-kako-izlijeciti-ovaj-problem\/"},"author":{"name":"Radio Ljubu\u0161ki","@id":"https:\/\/radioljubuski.ba\/#\/schema\/person\/19fc700381a780f69665d7956c469e3b"},"headline":"Akrofobija \u2013 strah od visine: Za\u0161to se javlja i kako izlije\u010diti ovaj problem?","datePublished":"2021-06-27T00:27:58+00:00","dateModified":"2021-06-27T00:27:59+00:00","mainEntityOfPage":{"@id":"https:\/\/radioljubuski.ba\/index.php\/2021\/06\/27\/akrofobija-strah-od-visine-zasto-se-javlja-i-kako-izlijeciti-ovaj-problem\/"},"wordCount":633,"publisher":{"@id":"https:\/\/radioljubuski.ba\/#organization"},"image":{"@id":"https:\/\/radioljubuski.ba\/index.php\/2021\/06\/27\/akrofobija-strah-od-visine-zasto-se-javlja-i-kako-izlijeciti-ovaj-problem\/#primaryimage"},"thumbnailUrl":"https:\/\/radioljubuski.ba\/wp-content\/uploads\/2021\/06\/pexels-mikhail-nilov-8319805-750x500-1.jpg","articleSection":["BIH i regija"],"inLanguage":"hr"},{"@type":"WebPage","@id":"https:\/\/radioljubuski.ba\/index.php\/2021\/06\/27\/akrofobija-strah-od-visine-zasto-se-javlja-i-kako-izlijeciti-ovaj-problem\/","url":"https:\/\/radioljubuski.ba\/index.php\/2021\/06\/27\/akrofobija-strah-od-visine-zasto-se-javlja-i-kako-izlijeciti-ovaj-problem\/","name":"Akrofobija \u2013 strah od visine: Za\u0161to se javlja i kako izlije\u010diti ovaj problem? - RADIO LJUBU\u0160KI","isPartOf":{"@id":"https:\/\/radioljubuski.ba\/#website"},"primaryImageOfPage":{"@id":"https:\/\/radioljubuski.ba\/index.php\/2021\/06\/27\/akrofobija-strah-od-visine-zasto-se-javlja-i-kako-izlijeciti-ovaj-problem\/#primaryimage"},"image":{"@id":"https:\/\/radioljubuski.ba\/index.php\/2021\/06\/27\/akrofobija-strah-od-visine-zasto-se-javlja-i-kako-izlijeciti-ovaj-problem\/#primaryimage"},"thumbnailUrl":"https:\/\/radioljubuski.ba\/wp-content\/uploads\/2021\/06\/pexels-mikhail-nilov-8319805-750x500-1.jpg","datePublished":"2021-06-27T00:27:58+00:00","dateModified":"2021-06-27T00:27:59+00:00","breadcrumb":{"@id":"https:\/\/radioljubuski.ba\/index.php\/2021\/06\/27\/akrofobija-strah-od-visine-zasto-se-javlja-i-kako-izlijeciti-ovaj-problem\/#breadcrumb"},"inLanguage":"hr","potentialAction":[{"@type":"ReadAction","target":["https:\/\/radioljubuski.ba\/index.php\/2021\/06\/27\/akrofobija-strah-od-visine-zasto-se-javlja-i-kako-izlijeciti-ovaj-problem\/"]}]},{"@type":"ImageObject","inLanguage":"hr","@id":"https:\/\/radioljubuski.ba\/index.php\/2021\/06\/27\/akrofobija-strah-od-visine-zasto-se-javlja-i-kako-izlijeciti-ovaj-problem\/#primaryimage","url":"https:\/\/radioljubuski.ba\/wp-content\/uploads\/2021\/06\/pexels-mikhail-nilov-8319805-750x500-1.jpg","contentUrl":"https:\/\/radioljubuski.ba\/wp-content\/uploads\/2021\/06\/pexels-mikhail-nilov-8319805-750x500-1.jpg","width":750,"height":500},{"@type":"BreadcrumbList","@id":"https:\/\/radioljubuski.ba\/index.php\/2021\/06\/27\/akrofobija-strah-od-visine-zasto-se-javlja-i-kako-izlijeciti-ovaj-problem\/#breadcrumb","itemListElement":[{"@type":"ListItem","position":1,"name":"Po\u010detna stranica","item":"https:\/\/radioljubuski.ba\/"},{"@type":"ListItem","position":2,"name":"Akrofobija \u2013 strah od visine: Za\u0161to se javlja i kako izlije\u010diti ovaj problem?"}]},{"@type":"WebSite","@id":"https:\/\/radioljubuski.ba\/#website","url":"https:\/\/radioljubuski.ba\/","name":"Radio Ljubu\u0161ki","description":"Sun\u010dana frekvencija Hercegovine","publisher":{"@id":"https:\/\/radioljubuski.ba\/#organization"},"potentialAction":[{"@type":"SearchAction","target":{"@type":"EntryPoint","urlTemplate":"https:\/\/radioljubuski.ba\/?s={search_term_string}"},"query-input":{"@type":"PropertyValueSpecification","valueRequired":true,"valueName":"search_term_string"}}],"inLanguage":"hr"},{"@type":"Organization","@id":"https:\/\/radioljubuski.ba\/#organization","name":"Radio Ljubu\u0161ki","url":"https:\/\/radioljubuski.ba\/","logo":{"@type":"ImageObject","inLanguage":"hr","@id":"https:\/\/radioljubuski.ba\/#\/schema\/logo\/image\/","url":"https:\/\/radioljubuski.ba\/wp-content\/uploads\/2021\/02\/cropped-Radio_Ljubuski_logo1.jpg","contentUrl":"https:\/\/radioljubuski.ba\/wp-content\/uploads\/2021\/02\/cropped-Radio_Ljubuski_logo1.jpg","width":512,"height":512,"caption":"Radio Ljubu\u0161ki"},"image":{"@id":"https:\/\/radioljubuski.ba\/#\/schema\/logo\/image\/"},"sameAs":["https:\/\/www.facebook.com\/Radiio-Ljubuski-1490835324566332","https:\/\/x.com\/radioljubuski","https:\/\/hr.linkedin.com\/company\/radio-ljubuski","https:\/\/www.youtube.com\/channel\/UCHYaeO_n0Db3tjNGudGpXyw"]},{"@type":"Person","@id":"https:\/\/radioljubuski.ba\/#\/schema\/person\/19fc700381a780f69665d7956c469e3b","name":"Radio Ljubu\u0161ki"}]}},"_links":{"self":[{"href":"https:\/\/radioljubuski.ba\/index.php\/wp-json\/wp\/v2\/posts\/36276","targetHints":{"allow":["GET"]}}],"collection":[{"href":"https:\/\/radioljubuski.ba\/index.php\/wp-json\/wp\/v2\/posts"}],"about":[{"href":"https:\/\/radioljubuski.ba\/index.php\/wp-json\/wp\/v2\/types\/post"}],"author":[{"embeddable":true,"href":"https:\/\/radioljubuski.ba\/index.php\/wp-json\/wp\/v2\/users\/2"}],"replies":[{"embeddable":true,"href":"https:\/\/radioljubuski.ba\/index.php\/wp-json\/wp\/v2\/comments?post=36276"}],"version-history":[{"count":1,"href":"https:\/\/radioljubuski.ba\/index.php\/wp-json\/wp\/v2\/posts\/36276\/revisions"}],"predecessor-version":[{"id":36278,"href":"https:\/\/radioljubuski.ba\/index.php\/wp-json\/wp\/v2\/posts\/36276\/revisions\/36278"}],"wp:featuredmedia":[{"embeddable":true,"href":"https:\/\/radioljubuski.ba\/index.php\/wp-json\/wp\/v2\/media\/36277"}],"wp:attachment":[{"href":"https:\/\/radioljubuski.ba\/index.php\/wp-json\/wp\/v2\/media?parent=36276"}],"wp:term":[{"taxonomy":"category","embeddable":true,"href":"https:\/\/radioljubuski.ba\/index.php\/wp-json\/wp\/v2\/categories?post=36276"},{"taxonomy":"post_tag","embeddable":true,"href":"https:\/\/radioljubuski.ba\/index.php\/wp-json\/wp\/v2\/tags?post=36276"}],"curies":[{"name":"wp","href":"https:\/\/api.w.org\/{rel}","templated":true}]}}