{"id":36279,"date":"2021-06-27T01:29:05","date_gmt":"2021-06-27T00:29:05","guid":{"rendered":"https:\/\/radioljubuski.ba\/?p=36279"},"modified":"2021-06-27T01:29:07","modified_gmt":"2021-06-27T00:29:07","slug":"potvrdena-upala-srcanog-misica-nakon-cijepljenja-biontech-i-moderna-cjepivom-kod-mladih-osoba","status":"publish","type":"post","link":"https:\/\/radioljubuski.ba\/index.php\/2021\/06\/27\/potvrdena-upala-srcanog-misica-nakon-cijepljenja-biontech-i-moderna-cjepivom-kod-mladih-osoba\/","title":{"rendered":"Potvr\u0111ena upala sr\u010danog mi\u0161i\u0107a nakon cijepljenja BioNTech i Moderna cjepivom kod mladih osoba"},"content":{"rendered":"\n<p><strong>Ve\u0107 koncem travnja je javnost saznala za slu\u010dajeve upale sr\u010danog mi\u0161i\u0107a (miokarditisa) nakon cijepljenja mRNA-cjepivima \u2013 pa \u010dak i kod mladih, sportskih osoba. Zdravstvene vlasti Izraela su najprije izvijestili o tome da su upale mogu\u0107e nakon cijepljenja. Izrael je tada bio zemlja koja je procijepila najve\u0107i dio stanovni\u0161tva, pa su zahvaljuju\u0107i tome zdravstvene ustanove i raspolagale s opse\u017enom koli\u010dinom podataka o pacijentima, pa i o nuspojavama cijepljenja.<\/strong><\/p>\n\n\n\n<p>Skoro dva mjeseca kasnije i Ameri\u010dki centar za kontrolu i prevenciju bolesti (CDC) je objavio kako je od travnja u SAD-u registrirano vi\u0161e od tisu\u0107u izvje\u0161taja o upali sr\u010danog mi\u0161i\u0107a (miokarditis), odnosno upale sr\u010dane ovojnice (perikarditis) nakon mRNA-cijepljenja protiv COVIDA19. Radi se o cjepivima proizvo\u0111a\u010da BioNTech i Moderna, pi\u0161e Deutsche Welle. Ve\u0107ina registriranih slu\u010dajeva su bili mladi, odnosno mlade odrasle osobe starije od 16 godina. U ve\u0107ini slu\u010dajeva simptomi upale sr\u010danog mi\u0161i\u0107a, odnosno ovojnice pojavili su se nekoliko dana nakon primitka druge doze cjepiva., prenosi DW.<\/p>\n\n\n\n<p>U priop\u0107enju CDC-a stoji da \u201eje ve\u0107ina pacijenata, koji su morali na medicinski tretman, dobro reagirala na terapiju i mirovanje, te su brzo ozdravili\u201d. Upala nakon infekcije Upale sr\u010danog mi\u0161i\u0107a odnosno ovojnice mogu (izuzmemo li nuspojave cijepljenja) nastupiti i kod potpuno zdravih, sportskih osoba \u2013 a u slu\u010daju nepovoljnog razvoja bolesti mogu\u0107e su i te\u0161ke zdravstvene, pa \u010dak i smrtonosne posljedice. Ta je opasnost posebno velika na primjer u slu\u010daju da sporta\u0161i ne prepoznaju infekciju ili je ne shvate ozbiljno, pa nastave trenirati \u2013 iako bi ustvari u slu\u010daju groznice morali mirovati. Naj\u010de\u0161\u0107i uzro\u010dnici su virusi, posebno oni koji su zaslu\u017eni za pojavu prehlade (adenovirusi i Coxsackie-virusi), virusi herpesa ili gripe. I SARS-CoV-2 mo\u017ee u slu\u010daju COVIDA-19 dovesti do oba spomenuta oblika upale sr\u010danog mi\u0161i\u0107a. U pravilu su upale posljedica neke imunolo\u0161ke reakcije ljudskog tijela na viruse.<\/p>\n\n\n\n<p>Te upale mogu izazvati i autoimune bolesti, ali i lijekovi, otrovi iz okoli\u0161a, poput te\u0161kih metala ili radioaktivnih tvari \u2013 ili ozljede. Opasnost predstavljaju i gljivi\u010dne infekcije, posebno kod onih ljudi koji uzimaju lijekovi koji \u201eko\u010de\u201d funkcije imunolo\u0161kog sustava \u2013 na primer pacijenti koji imaju HIV.<\/p>\n\n\n\n<p>Nakon cijepljenja se treba obratiti lije\u010dniku u slu\u010daju ako osjetite bolove u grudima, u slu\u010daju te\u0161kog disanja, ponestajanja daha ili kadi imate osje\u0107aj da srce ili puls rade posebno brzo, da srce treperi ili tutnji. Ti simptomi su upozorenje posebno u prvom tjednu nakon cijepljenja.<\/p>\n\n\n\n<p>Cijepljenje usprkos tim slu\u010dajevima?<\/p>\n\n\n\n<p>Puno je ve\u0107a vjerojatnost da se \u201ezaradi\u201d te\u017ei oblik upale sr\u010danog mi\u0161i\u0107a nakon oboljenja od COVID-19 nego nakon cijepljenja protiv COVIDA-19. U SAD-u su, kako je priop\u0107eno, ljudi s uo\u010denim slu\u010dajevima upale sr\u010danog mi\u0161i\u0107a ili ovojnice nakon \u0161to su se cijepili protiv COVIDA-19 \u2013 uglavnom ozdravili bez posljedica.<\/p>\n\n\n\n<p>CDC stoga i dalje preporu\u010duje cijepljenje svih gra\u0111ana starijih od 12 godina. I dalje je va\u017eno dobiti drugu dozu kako bi se stekla puna za\u0161tita, tvrdi CDC. Stalna komisija za cijepljenje (STIKO), koja savjetuje i njema\u010dku saveznu vladu, za sada nije izdala generalnu preporuku za cijepljenje djece i mladih \u2013 iako je Europska agencija za lijekove (EMA) odobrila kori\u0161tenje cjepiva BioNTech\/Pfizer za osobe starije od 12 godina. O tome ho\u0107e li djeca biti cijepljena ili ne odlu\u010duju njihovi roditelji \u2013 i to nakon konzultacija s lije\u010dnicima.<\/p>\n\n\n\n<p>\/HMS\/<\/p>\n","protected":false},"excerpt":{"rendered":"<p>Ve\u0107 koncem travnja je javnost saznala za slu\u010dajeve upale sr\u010danog mi\u0161i\u0107a (miokarditisa) nakon cijepljenja mRNA-cjepivima \u2013 pa \u010dak i kod mladih, sportskih osoba. Zdravstvene vlasti Izraela su najprije izvijestili o tome da su upale mogu\u0107e nakon cijepljenja. Izrael je tada bio zemlja koja je procijepila najve\u0107i dio stanovni\u0161tva, pa su zahvaljuju\u0107i tome zdravstvene ustanove i [&hellip;]<\/p>\n","protected":false},"author":2,"featured_media":36280,"comment_status":"closed","ping_status":"closed","sticky":false,"template":"","format":"standard","meta":{"h5ap_radio_sources":[],"footnotes":""},"categories":[1],"tags":[],"class_list":["post-36279","post","type-post","status-publish","format-standard","has-post-thumbnail","hentry","category-bihiregija"],"yoast_head":"<!-- This site is optimized with the Yoast SEO plugin v27.5 - https:\/\/yoast.com\/product\/yoast-seo-wordpress\/ -->\n<title>Potvr\u0111ena upala sr\u010danog mi\u0161i\u0107a nakon cijepljenja BioNTech i Moderna cjepivom kod mladih osoba - RADIO LJUBU\u0160KI<\/title>\n<meta name=\"robots\" content=\"index, follow, max-snippet:-1, max-image-preview:large, max-video-preview:-1\" \/>\n<link rel=\"canonical\" href=\"https:\/\/radioljubuski.ba\/index.php\/2021\/06\/27\/potvrdena-upala-srcanog-misica-nakon-cijepljenja-biontech-i-moderna-cjepivom-kod-mladih-osoba\/\" \/>\n<meta property=\"og:locale\" content=\"hr_HR\" \/>\n<meta property=\"og:type\" content=\"article\" \/>\n<meta property=\"og:title\" content=\"Potvr\u0111ena upala sr\u010danog mi\u0161i\u0107a nakon cijepljenja BioNTech i Moderna cjepivom kod mladih osoba - RADIO LJUBU\u0160KI\" \/>\n<meta property=\"og:description\" content=\"Ve\u0107 koncem travnja je javnost saznala za slu\u010dajeve upale sr\u010danog mi\u0161i\u0107a (miokarditisa) nakon cijepljenja mRNA-cjepivima \u2013 pa \u010dak i kod mladih, sportskih osoba. Zdravstvene vlasti Izraela su najprije izvijestili o tome da su upale mogu\u0107e nakon cijepljenja. Izrael je tada bio zemlja koja je procijepila najve\u0107i dio stanovni\u0161tva, pa su zahvaljuju\u0107i tome zdravstvene ustanove i [&hellip;]\" \/>\n<meta property=\"og:url\" content=\"https:\/\/radioljubuski.ba\/index.php\/2021\/06\/27\/potvrdena-upala-srcanog-misica-nakon-cijepljenja-biontech-i-moderna-cjepivom-kod-mladih-osoba\/\" \/>\n<meta property=\"og:site_name\" content=\"RADIO LJUBU\u0160KI\" \/>\n<meta property=\"article:publisher\" content=\"https:\/\/www.facebook.com\/Radiio-Ljubuski-1490835324566332\" \/>\n<meta property=\"article:published_time\" content=\"2021-06-27T00:29:05+00:00\" \/>\n<meta property=\"article:modified_time\" content=\"2021-06-27T00:29:07+00:00\" \/>\n<meta property=\"og:image\" content=\"https:\/\/radioljubuski.ba\/wp-content\/uploads\/2021\/06\/Cijepljenje-cjepivo-vakcina-1-1.jpg\" \/>\n\t<meta property=\"og:image:width\" content=\"600\" \/>\n\t<meta property=\"og:image:height\" content=\"400\" \/>\n\t<meta property=\"og:image:type\" content=\"image\/jpeg\" \/>\n<meta name=\"author\" content=\"Radio Ljubu\u0161ki\" \/>\n<meta name=\"twitter:card\" content=\"summary_large_image\" \/>\n<meta name=\"twitter:creator\" content=\"@radioljubuski\" \/>\n<meta name=\"twitter:site\" content=\"@radioljubuski\" \/>\n<meta name=\"twitter:label1\" content=\"Napisao\/la\" \/>\n\t<meta name=\"twitter:data1\" content=\"Radio Ljubu\u0161ki\" \/>\n\t<meta name=\"twitter:label2\" content=\"Procijenjeno vrijeme \u010ditanja\" \/>\n\t<meta name=\"twitter:data2\" content=\"3 minute\" \/>\n<script type=\"application\/ld+json\" class=\"yoast-schema-graph\">{\"@context\":\"https:\\\/\\\/schema.org\",\"@graph\":[{\"@type\":\"Article\",\"@id\":\"https:\\\/\\\/radioljubuski.ba\\\/index.php\\\/2021\\\/06\\\/27\\\/potvrdena-upala-srcanog-misica-nakon-cijepljenja-biontech-i-moderna-cjepivom-kod-mladih-osoba\\\/#article\",\"isPartOf\":{\"@id\":\"https:\\\/\\\/radioljubuski.ba\\\/index.php\\\/2021\\\/06\\\/27\\\/potvrdena-upala-srcanog-misica-nakon-cijepljenja-biontech-i-moderna-cjepivom-kod-mladih-osoba\\\/\"},\"author\":{\"name\":\"Radio Ljubu\u0161ki\",\"@id\":\"https:\\\/\\\/radioljubuski.ba\\\/#\\\/schema\\\/person\\\/19fc700381a780f69665d7956c469e3b\"},\"headline\":\"Potvr\u0111ena upala sr\u010danog mi\u0161i\u0107a nakon cijepljenja BioNTech i Moderna cjepivom kod mladih osoba\",\"datePublished\":\"2021-06-27T00:29:05+00:00\",\"dateModified\":\"2021-06-27T00:29:07+00:00\",\"mainEntityOfPage\":{\"@id\":\"https:\\\/\\\/radioljubuski.ba\\\/index.php\\\/2021\\\/06\\\/27\\\/potvrdena-upala-srcanog-misica-nakon-cijepljenja-biontech-i-moderna-cjepivom-kod-mladih-osoba\\\/\"},\"wordCount\":607,\"publisher\":{\"@id\":\"https:\\\/\\\/radioljubuski.ba\\\/#organization\"},\"image\":{\"@id\":\"https:\\\/\\\/radioljubuski.ba\\\/index.php\\\/2021\\\/06\\\/27\\\/potvrdena-upala-srcanog-misica-nakon-cijepljenja-biontech-i-moderna-cjepivom-kod-mladih-osoba\\\/#primaryimage\"},\"thumbnailUrl\":\"https:\\\/\\\/radioljubuski.ba\\\/wp-content\\\/uploads\\\/2021\\\/06\\\/Cijepljenje-cjepivo-vakcina-1-1.jpg\",\"articleSection\":[\"BIH i regija\"],\"inLanguage\":\"hr\"},{\"@type\":\"WebPage\",\"@id\":\"https:\\\/\\\/radioljubuski.ba\\\/index.php\\\/2021\\\/06\\\/27\\\/potvrdena-upala-srcanog-misica-nakon-cijepljenja-biontech-i-moderna-cjepivom-kod-mladih-osoba\\\/\",\"url\":\"https:\\\/\\\/radioljubuski.ba\\\/index.php\\\/2021\\\/06\\\/27\\\/potvrdena-upala-srcanog-misica-nakon-cijepljenja-biontech-i-moderna-cjepivom-kod-mladih-osoba\\\/\",\"name\":\"Potvr\u0111ena upala sr\u010danog mi\u0161i\u0107a nakon cijepljenja BioNTech i Moderna cjepivom kod mladih osoba - RADIO LJUBU\u0160KI\",\"isPartOf\":{\"@id\":\"https:\\\/\\\/radioljubuski.ba\\\/#website\"},\"primaryImageOfPage\":{\"@id\":\"https:\\\/\\\/radioljubuski.ba\\\/index.php\\\/2021\\\/06\\\/27\\\/potvrdena-upala-srcanog-misica-nakon-cijepljenja-biontech-i-moderna-cjepivom-kod-mladih-osoba\\\/#primaryimage\"},\"image\":{\"@id\":\"https:\\\/\\\/radioljubuski.ba\\\/index.php\\\/2021\\\/06\\\/27\\\/potvrdena-upala-srcanog-misica-nakon-cijepljenja-biontech-i-moderna-cjepivom-kod-mladih-osoba\\\/#primaryimage\"},\"thumbnailUrl\":\"https:\\\/\\\/radioljubuski.ba\\\/wp-content\\\/uploads\\\/2021\\\/06\\\/Cijepljenje-cjepivo-vakcina-1-1.jpg\",\"datePublished\":\"2021-06-27T00:29:05+00:00\",\"dateModified\":\"2021-06-27T00:29:07+00:00\",\"breadcrumb\":{\"@id\":\"https:\\\/\\\/radioljubuski.ba\\\/index.php\\\/2021\\\/06\\\/27\\\/potvrdena-upala-srcanog-misica-nakon-cijepljenja-biontech-i-moderna-cjepivom-kod-mladih-osoba\\\/#breadcrumb\"},\"inLanguage\":\"hr\",\"potentialAction\":[{\"@type\":\"ReadAction\",\"target\":[\"https:\\\/\\\/radioljubuski.ba\\\/index.php\\\/2021\\\/06\\\/27\\\/potvrdena-upala-srcanog-misica-nakon-cijepljenja-biontech-i-moderna-cjepivom-kod-mladih-osoba\\\/\"]}]},{\"@type\":\"ImageObject\",\"inLanguage\":\"hr\",\"@id\":\"https:\\\/\\\/radioljubuski.ba\\\/index.php\\\/2021\\\/06\\\/27\\\/potvrdena-upala-srcanog-misica-nakon-cijepljenja-biontech-i-moderna-cjepivom-kod-mladih-osoba\\\/#primaryimage\",\"url\":\"https:\\\/\\\/radioljubuski.ba\\\/wp-content\\\/uploads\\\/2021\\\/06\\\/Cijepljenje-cjepivo-vakcina-1-1.jpg\",\"contentUrl\":\"https:\\\/\\\/radioljubuski.ba\\\/wp-content\\\/uploads\\\/2021\\\/06\\\/Cijepljenje-cjepivo-vakcina-1-1.jpg\",\"width\":600,\"height\":400},{\"@type\":\"BreadcrumbList\",\"@id\":\"https:\\\/\\\/radioljubuski.ba\\\/index.php\\\/2021\\\/06\\\/27\\\/potvrdena-upala-srcanog-misica-nakon-cijepljenja-biontech-i-moderna-cjepivom-kod-mladih-osoba\\\/#breadcrumb\",\"itemListElement\":[{\"@type\":\"ListItem\",\"position\":1,\"name\":\"Po\u010detna stranica\",\"item\":\"https:\\\/\\\/radioljubuski.ba\\\/\"},{\"@type\":\"ListItem\",\"position\":2,\"name\":\"Potvr\u0111ena upala sr\u010danog mi\u0161i\u0107a nakon cijepljenja BioNTech i Moderna cjepivom kod mladih osoba\"}]},{\"@type\":\"WebSite\",\"@id\":\"https:\\\/\\\/radioljubuski.ba\\\/#website\",\"url\":\"https:\\\/\\\/radioljubuski.ba\\\/\",\"name\":\"Radio Ljubu\u0161ki\",\"description\":\"Sun\u010dana frekvencija Hercegovine\",\"publisher\":{\"@id\":\"https:\\\/\\\/radioljubuski.ba\\\/#organization\"},\"potentialAction\":[{\"@type\":\"SearchAction\",\"target\":{\"@type\":\"EntryPoint\",\"urlTemplate\":\"https:\\\/\\\/radioljubuski.ba\\\/?s={search_term_string}\"},\"query-input\":{\"@type\":\"PropertyValueSpecification\",\"valueRequired\":true,\"valueName\":\"search_term_string\"}}],\"inLanguage\":\"hr\"},{\"@type\":\"Organization\",\"@id\":\"https:\\\/\\\/radioljubuski.ba\\\/#organization\",\"name\":\"Radio Ljubu\u0161ki\",\"url\":\"https:\\\/\\\/radioljubuski.ba\\\/\",\"logo\":{\"@type\":\"ImageObject\",\"inLanguage\":\"hr\",\"@id\":\"https:\\\/\\\/radioljubuski.ba\\\/#\\\/schema\\\/logo\\\/image\\\/\",\"url\":\"https:\\\/\\\/radioljubuski.ba\\\/wp-content\\\/uploads\\\/2021\\\/02\\\/cropped-Radio_Ljubuski_logo1.jpg\",\"contentUrl\":\"https:\\\/\\\/radioljubuski.ba\\\/wp-content\\\/uploads\\\/2021\\\/02\\\/cropped-Radio_Ljubuski_logo1.jpg\",\"width\":512,\"height\":512,\"caption\":\"Radio Ljubu\u0161ki\"},\"image\":{\"@id\":\"https:\\\/\\\/radioljubuski.ba\\\/#\\\/schema\\\/logo\\\/image\\\/\"},\"sameAs\":[\"https:\\\/\\\/www.facebook.com\\\/Radiio-Ljubuski-1490835324566332\",\"https:\\\/\\\/x.com\\\/radioljubuski\",\"https:\\\/\\\/hr.linkedin.com\\\/company\\\/radio-ljubuski\",\"https:\\\/\\\/www.youtube.com\\\/channel\\\/UCHYaeO_n0Db3tjNGudGpXyw\"]},{\"@type\":\"Person\",\"@id\":\"https:\\\/\\\/radioljubuski.ba\\\/#\\\/schema\\\/person\\\/19fc700381a780f69665d7956c469e3b\",\"name\":\"Radio Ljubu\u0161ki\"}]}<\/script>\n<!-- \/ Yoast SEO plugin. -->","yoast_head_json":{"title":"Potvr\u0111ena upala sr\u010danog mi\u0161i\u0107a nakon cijepljenja BioNTech i Moderna cjepivom kod mladih osoba - RADIO LJUBU\u0160KI","robots":{"index":"index","follow":"follow","max-snippet":"max-snippet:-1","max-image-preview":"max-image-preview:large","max-video-preview":"max-video-preview:-1"},"canonical":"https:\/\/radioljubuski.ba\/index.php\/2021\/06\/27\/potvrdena-upala-srcanog-misica-nakon-cijepljenja-biontech-i-moderna-cjepivom-kod-mladih-osoba\/","og_locale":"hr_HR","og_type":"article","og_title":"Potvr\u0111ena upala sr\u010danog mi\u0161i\u0107a nakon cijepljenja BioNTech i Moderna cjepivom kod mladih osoba - RADIO LJUBU\u0160KI","og_description":"Ve\u0107 koncem travnja je javnost saznala za slu\u010dajeve upale sr\u010danog mi\u0161i\u0107a (miokarditisa) nakon cijepljenja mRNA-cjepivima \u2013 pa \u010dak i kod mladih, sportskih osoba. Zdravstvene vlasti Izraela su najprije izvijestili o tome da su upale mogu\u0107e nakon cijepljenja. Izrael je tada bio zemlja koja je procijepila najve\u0107i dio stanovni\u0161tva, pa su zahvaljuju\u0107i tome zdravstvene ustanove i [&hellip;]","og_url":"https:\/\/radioljubuski.ba\/index.php\/2021\/06\/27\/potvrdena-upala-srcanog-misica-nakon-cijepljenja-biontech-i-moderna-cjepivom-kod-mladih-osoba\/","og_site_name":"RADIO LJUBU\u0160KI","article_publisher":"https:\/\/www.facebook.com\/Radiio-Ljubuski-1490835324566332","article_published_time":"2021-06-27T00:29:05+00:00","article_modified_time":"2021-06-27T00:29:07+00:00","og_image":[{"width":600,"height":400,"url":"https:\/\/radioljubuski.ba\/wp-content\/uploads\/2021\/06\/Cijepljenje-cjepivo-vakcina-1-1.jpg","type":"image\/jpeg"}],"author":"Radio Ljubu\u0161ki","twitter_card":"summary_large_image","twitter_creator":"@radioljubuski","twitter_site":"@radioljubuski","twitter_misc":{"Napisao\/la":"Radio Ljubu\u0161ki","Procijenjeno vrijeme \u010ditanja":"3 minute"},"schema":{"@context":"https:\/\/schema.org","@graph":[{"@type":"Article","@id":"https:\/\/radioljubuski.ba\/index.php\/2021\/06\/27\/potvrdena-upala-srcanog-misica-nakon-cijepljenja-biontech-i-moderna-cjepivom-kod-mladih-osoba\/#article","isPartOf":{"@id":"https:\/\/radioljubuski.ba\/index.php\/2021\/06\/27\/potvrdena-upala-srcanog-misica-nakon-cijepljenja-biontech-i-moderna-cjepivom-kod-mladih-osoba\/"},"author":{"name":"Radio Ljubu\u0161ki","@id":"https:\/\/radioljubuski.ba\/#\/schema\/person\/19fc700381a780f69665d7956c469e3b"},"headline":"Potvr\u0111ena upala sr\u010danog mi\u0161i\u0107a nakon cijepljenja BioNTech i Moderna cjepivom kod mladih osoba","datePublished":"2021-06-27T00:29:05+00:00","dateModified":"2021-06-27T00:29:07+00:00","mainEntityOfPage":{"@id":"https:\/\/radioljubuski.ba\/index.php\/2021\/06\/27\/potvrdena-upala-srcanog-misica-nakon-cijepljenja-biontech-i-moderna-cjepivom-kod-mladih-osoba\/"},"wordCount":607,"publisher":{"@id":"https:\/\/radioljubuski.ba\/#organization"},"image":{"@id":"https:\/\/radioljubuski.ba\/index.php\/2021\/06\/27\/potvrdena-upala-srcanog-misica-nakon-cijepljenja-biontech-i-moderna-cjepivom-kod-mladih-osoba\/#primaryimage"},"thumbnailUrl":"https:\/\/radioljubuski.ba\/wp-content\/uploads\/2021\/06\/Cijepljenje-cjepivo-vakcina-1-1.jpg","articleSection":["BIH i regija"],"inLanguage":"hr"},{"@type":"WebPage","@id":"https:\/\/radioljubuski.ba\/index.php\/2021\/06\/27\/potvrdena-upala-srcanog-misica-nakon-cijepljenja-biontech-i-moderna-cjepivom-kod-mladih-osoba\/","url":"https:\/\/radioljubuski.ba\/index.php\/2021\/06\/27\/potvrdena-upala-srcanog-misica-nakon-cijepljenja-biontech-i-moderna-cjepivom-kod-mladih-osoba\/","name":"Potvr\u0111ena upala sr\u010danog mi\u0161i\u0107a nakon cijepljenja BioNTech i Moderna cjepivom kod mladih osoba - RADIO LJUBU\u0160KI","isPartOf":{"@id":"https:\/\/radioljubuski.ba\/#website"},"primaryImageOfPage":{"@id":"https:\/\/radioljubuski.ba\/index.php\/2021\/06\/27\/potvrdena-upala-srcanog-misica-nakon-cijepljenja-biontech-i-moderna-cjepivom-kod-mladih-osoba\/#primaryimage"},"image":{"@id":"https:\/\/radioljubuski.ba\/index.php\/2021\/06\/27\/potvrdena-upala-srcanog-misica-nakon-cijepljenja-biontech-i-moderna-cjepivom-kod-mladih-osoba\/#primaryimage"},"thumbnailUrl":"https:\/\/radioljubuski.ba\/wp-content\/uploads\/2021\/06\/Cijepljenje-cjepivo-vakcina-1-1.jpg","datePublished":"2021-06-27T00:29:05+00:00","dateModified":"2021-06-27T00:29:07+00:00","breadcrumb":{"@id":"https:\/\/radioljubuski.ba\/index.php\/2021\/06\/27\/potvrdena-upala-srcanog-misica-nakon-cijepljenja-biontech-i-moderna-cjepivom-kod-mladih-osoba\/#breadcrumb"},"inLanguage":"hr","potentialAction":[{"@type":"ReadAction","target":["https:\/\/radioljubuski.ba\/index.php\/2021\/06\/27\/potvrdena-upala-srcanog-misica-nakon-cijepljenja-biontech-i-moderna-cjepivom-kod-mladih-osoba\/"]}]},{"@type":"ImageObject","inLanguage":"hr","@id":"https:\/\/radioljubuski.ba\/index.php\/2021\/06\/27\/potvrdena-upala-srcanog-misica-nakon-cijepljenja-biontech-i-moderna-cjepivom-kod-mladih-osoba\/#primaryimage","url":"https:\/\/radioljubuski.ba\/wp-content\/uploads\/2021\/06\/Cijepljenje-cjepivo-vakcina-1-1.jpg","contentUrl":"https:\/\/radioljubuski.ba\/wp-content\/uploads\/2021\/06\/Cijepljenje-cjepivo-vakcina-1-1.jpg","width":600,"height":400},{"@type":"BreadcrumbList","@id":"https:\/\/radioljubuski.ba\/index.php\/2021\/06\/27\/potvrdena-upala-srcanog-misica-nakon-cijepljenja-biontech-i-moderna-cjepivom-kod-mladih-osoba\/#breadcrumb","itemListElement":[{"@type":"ListItem","position":1,"name":"Po\u010detna stranica","item":"https:\/\/radioljubuski.ba\/"},{"@type":"ListItem","position":2,"name":"Potvr\u0111ena upala sr\u010danog mi\u0161i\u0107a nakon cijepljenja BioNTech i Moderna cjepivom kod mladih osoba"}]},{"@type":"WebSite","@id":"https:\/\/radioljubuski.ba\/#website","url":"https:\/\/radioljubuski.ba\/","name":"Radio Ljubu\u0161ki","description":"Sun\u010dana frekvencija Hercegovine","publisher":{"@id":"https:\/\/radioljubuski.ba\/#organization"},"potentialAction":[{"@type":"SearchAction","target":{"@type":"EntryPoint","urlTemplate":"https:\/\/radioljubuski.ba\/?s={search_term_string}"},"query-input":{"@type":"PropertyValueSpecification","valueRequired":true,"valueName":"search_term_string"}}],"inLanguage":"hr"},{"@type":"Organization","@id":"https:\/\/radioljubuski.ba\/#organization","name":"Radio Ljubu\u0161ki","url":"https:\/\/radioljubuski.ba\/","logo":{"@type":"ImageObject","inLanguage":"hr","@id":"https:\/\/radioljubuski.ba\/#\/schema\/logo\/image\/","url":"https:\/\/radioljubuski.ba\/wp-content\/uploads\/2021\/02\/cropped-Radio_Ljubuski_logo1.jpg","contentUrl":"https:\/\/radioljubuski.ba\/wp-content\/uploads\/2021\/02\/cropped-Radio_Ljubuski_logo1.jpg","width":512,"height":512,"caption":"Radio Ljubu\u0161ki"},"image":{"@id":"https:\/\/radioljubuski.ba\/#\/schema\/logo\/image\/"},"sameAs":["https:\/\/www.facebook.com\/Radiio-Ljubuski-1490835324566332","https:\/\/x.com\/radioljubuski","https:\/\/hr.linkedin.com\/company\/radio-ljubuski","https:\/\/www.youtube.com\/channel\/UCHYaeO_n0Db3tjNGudGpXyw"]},{"@type":"Person","@id":"https:\/\/radioljubuski.ba\/#\/schema\/person\/19fc700381a780f69665d7956c469e3b","name":"Radio Ljubu\u0161ki"}]}},"_links":{"self":[{"href":"https:\/\/radioljubuski.ba\/index.php\/wp-json\/wp\/v2\/posts\/36279","targetHints":{"allow":["GET"]}}],"collection":[{"href":"https:\/\/radioljubuski.ba\/index.php\/wp-json\/wp\/v2\/posts"}],"about":[{"href":"https:\/\/radioljubuski.ba\/index.php\/wp-json\/wp\/v2\/types\/post"}],"author":[{"embeddable":true,"href":"https:\/\/radioljubuski.ba\/index.php\/wp-json\/wp\/v2\/users\/2"}],"replies":[{"embeddable":true,"href":"https:\/\/radioljubuski.ba\/index.php\/wp-json\/wp\/v2\/comments?post=36279"}],"version-history":[{"count":1,"href":"https:\/\/radioljubuski.ba\/index.php\/wp-json\/wp\/v2\/posts\/36279\/revisions"}],"predecessor-version":[{"id":36281,"href":"https:\/\/radioljubuski.ba\/index.php\/wp-json\/wp\/v2\/posts\/36279\/revisions\/36281"}],"wp:featuredmedia":[{"embeddable":true,"href":"https:\/\/radioljubuski.ba\/index.php\/wp-json\/wp\/v2\/media\/36280"}],"wp:attachment":[{"href":"https:\/\/radioljubuski.ba\/index.php\/wp-json\/wp\/v2\/media?parent=36279"}],"wp:term":[{"taxonomy":"category","embeddable":true,"href":"https:\/\/radioljubuski.ba\/index.php\/wp-json\/wp\/v2\/categories?post=36279"},{"taxonomy":"post_tag","embeddable":true,"href":"https:\/\/radioljubuski.ba\/index.php\/wp-json\/wp\/v2\/tags?post=36279"}],"curies":[{"name":"wp","href":"https:\/\/api.w.org\/{rel}","templated":true}]}}