{"id":36282,"date":"2021-06-27T11:51:54","date_gmt":"2021-06-27T10:51:54","guid":{"rendered":"https:\/\/radioljubuski.ba\/?p=36282"},"modified":"2021-06-27T11:51:56","modified_gmt":"2021-06-27T10:51:56","slug":"nocas-dva-pokusaja-ubojstva-u-sesvetama-i-u-sigetu","status":"publish","type":"post","link":"https:\/\/radioljubuski.ba\/index.php\/2021\/06\/27\/nocas-dva-pokusaja-ubojstva-u-sesvetama-i-u-sigetu\/","title":{"rendered":"No\u0107as dva poku\u0161aja ubojstva &#8211; u Sesvetama i u Sigetu"},"content":{"rendered":"\n<p><strong>Dva poku\u0161aja ubojstva policija je zabilje\u017eila u zagreba\u010dkim Sesvetama i u Sigetu u no\u0107i sa subotu na nedjelju. Po\u010dinitelj iz Novog Zagreba uhi\u0107en je i priveden, a za drugim policija traga.<\/strong><\/p>\n\n\n\n<p>Poku\u0161aj ubojstva u Sesvetama dogodio se nakon \u0161to je se su subotu oko 22.25 sati u Ulici Ljudevita Posavskog 26-godi\u0161njak prvotno verbalno, a zatim i fizi\u010dki sukobio sa za sada nepoznatom skupinom mu\u0161karaca.<br><br>Jedan iz te skupine iz vatrenog oru\u017eja ispalio je najmanje jedan hitac u smjeru mladi\u0107a te ga je ranio, a pomo\u0107 mu je pru\u017eena u KBC Zagreb, gdje je utvr\u0111eno da je lak\u0161e ozlije\u0111en, izvijestila je zagreba\u010dka policija.<br><br>Po\u010dinitelj je potom zajedno s ostatkom skupine pobjegao s mjesta doga\u0111aja, a kriminalisti\u010dko istra\u017eivanje je u tijeku.<br><br><strong>U Sigetu 23-godi\u0161njak poku\u0161ao ubiti 46-godi\u0161njakinju<\/strong><br><br>Poku\u0161aj ubojstva u Novom Zagrebu dogodio se no\u0107as oko 1.40 sati u Aleji pomoraca u Sigetu. U jednom stanu 23-godi\u0161njak je uporabom o\u0161trog predmet poku\u0161ao ubiti 46-godi\u0161njakinju nakon \u010dega je uhi\u0107en i priveden u slu\u017ebene prostorije na kriminalisti\u010dko istra\u017eivanje koje je u tijeku.<br><br>Lije\u010dni\u010dka pomo\u0107 ozlije\u0111enoj je pru\u017eena u KBC Zagreb.<\/p>\n\n\n\n<p>Izvor:hrt.hr<\/p>\n","protected":false},"excerpt":{"rendered":"<p>Dva poku\u0161aja ubojstva policija je zabilje\u017eila u zagreba\u010dkim Sesvetama i u Sigetu u no\u0107i sa subotu na nedjelju. Po\u010dinitelj iz Novog Zagreba uhi\u0107en je i priveden, a za drugim policija traga. Poku\u0161aj ubojstva u Sesvetama dogodio se nakon \u0161to je se su subotu oko 22.25 sati u Ulici Ljudevita Posavskog 26-godi\u0161njak prvotno verbalno, a zatim [&hellip;]<\/p>\n","protected":false},"author":2,"featured_media":36283,"comment_status":"closed","ping_status":"closed","sticky":false,"template":"","format":"standard","meta":{"h5ap_radio_sources":[],"footnotes":""},"categories":[1],"tags":[],"class_list":["post-36282","post","type-post","status-publish","format-standard","has-post-thumbnail","hentry","category-bihiregija"],"yoast_head":"<!-- This site is optimized with the Yoast SEO plugin v27.5 - https:\/\/yoast.com\/product\/yoast-seo-wordpress\/ -->\n<title>No\u0107as dva poku\u0161aja ubojstva - u Sesvetama i u Sigetu - RADIO LJUBU\u0160KI<\/title>\n<meta name=\"robots\" content=\"index, follow, max-snippet:-1, max-image-preview:large, max-video-preview:-1\" \/>\n<link rel=\"canonical\" href=\"https:\/\/radioljubuski.ba\/index.php\/2021\/06\/27\/nocas-dva-pokusaja-ubojstva-u-sesvetama-i-u-sigetu\/\" \/>\n<meta property=\"og:locale\" content=\"hr_HR\" \/>\n<meta property=\"og:type\" content=\"article\" \/>\n<meta property=\"og:title\" content=\"No\u0107as dva poku\u0161aja ubojstva - u Sesvetama i u Sigetu - RADIO LJUBU\u0160KI\" \/>\n<meta property=\"og:description\" content=\"Dva poku\u0161aja ubojstva policija je zabilje\u017eila u zagreba\u010dkim Sesvetama i u Sigetu u no\u0107i sa subotu na nedjelju. Po\u010dinitelj iz Novog Zagreba uhi\u0107en je i priveden, a za drugim policija traga. Poku\u0161aj ubojstva u Sesvetama dogodio se nakon \u0161to je se su subotu oko 22.25 sati u Ulici Ljudevita Posavskog 26-godi\u0161njak prvotno verbalno, a zatim [&hellip;]\" \/>\n<meta property=\"og:url\" content=\"https:\/\/radioljubuski.ba\/index.php\/2021\/06\/27\/nocas-dva-pokusaja-ubojstva-u-sesvetama-i-u-sigetu\/\" \/>\n<meta property=\"og:site_name\" content=\"RADIO LJUBU\u0160KI\" \/>\n<meta property=\"article:publisher\" content=\"https:\/\/www.facebook.com\/Radiio-Ljubuski-1490835324566332\" \/>\n<meta property=\"article:published_time\" content=\"2021-06-27T10:51:54+00:00\" \/>\n<meta property=\"article:modified_time\" content=\"2021-06-27T10:51:56+00:00\" \/>\n<meta property=\"og:image\" content=\"https:\/\/radioljubuski.ba\/wp-content\/uploads\/2021\/06\/62112459.jpg\" \/>\n\t<meta property=\"og:image:width\" content=\"500\" \/>\n\t<meta property=\"og:image:height\" content=\"310\" \/>\n\t<meta property=\"og:image:type\" content=\"image\/jpeg\" \/>\n<meta name=\"author\" content=\"Radio Ljubu\u0161ki\" \/>\n<meta name=\"twitter:card\" content=\"summary_large_image\" \/>\n<meta name=\"twitter:creator\" content=\"@radioljubuski\" \/>\n<meta name=\"twitter:site\" content=\"@radioljubuski\" \/>\n<meta name=\"twitter:label1\" content=\"Napisao\/la\" \/>\n\t<meta name=\"twitter:data1\" content=\"Radio Ljubu\u0161ki\" \/>\n\t<meta name=\"twitter:label2\" content=\"Procijenjeno vrijeme \u010ditanja\" \/>\n\t<meta name=\"twitter:data2\" content=\"1 minuta\" \/>\n<script type=\"application\/ld+json\" class=\"yoast-schema-graph\">{\"@context\":\"https:\\\/\\\/schema.org\",\"@graph\":[{\"@type\":\"Article\",\"@id\":\"https:\\\/\\\/radioljubuski.ba\\\/index.php\\\/2021\\\/06\\\/27\\\/nocas-dva-pokusaja-ubojstva-u-sesvetama-i-u-sigetu\\\/#article\",\"isPartOf\":{\"@id\":\"https:\\\/\\\/radioljubuski.ba\\\/index.php\\\/2021\\\/06\\\/27\\\/nocas-dva-pokusaja-ubojstva-u-sesvetama-i-u-sigetu\\\/\"},\"author\":{\"name\":\"Radio Ljubu\u0161ki\",\"@id\":\"https:\\\/\\\/radioljubuski.ba\\\/#\\\/schema\\\/person\\\/19fc700381a780f69665d7956c469e3b\"},\"headline\":\"No\u0107as dva poku\u0161aja ubojstva &#8211; u Sesvetama i u Sigetu\",\"datePublished\":\"2021-06-27T10:51:54+00:00\",\"dateModified\":\"2021-06-27T10:51:56+00:00\",\"mainEntityOfPage\":{\"@id\":\"https:\\\/\\\/radioljubuski.ba\\\/index.php\\\/2021\\\/06\\\/27\\\/nocas-dva-pokusaja-ubojstva-u-sesvetama-i-u-sigetu\\\/\"},\"wordCount\":227,\"publisher\":{\"@id\":\"https:\\\/\\\/radioljubuski.ba\\\/#organization\"},\"image\":{\"@id\":\"https:\\\/\\\/radioljubuski.ba\\\/index.php\\\/2021\\\/06\\\/27\\\/nocas-dva-pokusaja-ubojstva-u-sesvetama-i-u-sigetu\\\/#primaryimage\"},\"thumbnailUrl\":\"https:\\\/\\\/radioljubuski.ba\\\/wp-content\\\/uploads\\\/2021\\\/06\\\/62112459.jpg\",\"articleSection\":[\"BIH i regija\"],\"inLanguage\":\"hr\"},{\"@type\":\"WebPage\",\"@id\":\"https:\\\/\\\/radioljubuski.ba\\\/index.php\\\/2021\\\/06\\\/27\\\/nocas-dva-pokusaja-ubojstva-u-sesvetama-i-u-sigetu\\\/\",\"url\":\"https:\\\/\\\/radioljubuski.ba\\\/index.php\\\/2021\\\/06\\\/27\\\/nocas-dva-pokusaja-ubojstva-u-sesvetama-i-u-sigetu\\\/\",\"name\":\"No\u0107as dva poku\u0161aja ubojstva - u Sesvetama i u Sigetu - RADIO LJUBU\u0160KI\",\"isPartOf\":{\"@id\":\"https:\\\/\\\/radioljubuski.ba\\\/#website\"},\"primaryImageOfPage\":{\"@id\":\"https:\\\/\\\/radioljubuski.ba\\\/index.php\\\/2021\\\/06\\\/27\\\/nocas-dva-pokusaja-ubojstva-u-sesvetama-i-u-sigetu\\\/#primaryimage\"},\"image\":{\"@id\":\"https:\\\/\\\/radioljubuski.ba\\\/index.php\\\/2021\\\/06\\\/27\\\/nocas-dva-pokusaja-ubojstva-u-sesvetama-i-u-sigetu\\\/#primaryimage\"},\"thumbnailUrl\":\"https:\\\/\\\/radioljubuski.ba\\\/wp-content\\\/uploads\\\/2021\\\/06\\\/62112459.jpg\",\"datePublished\":\"2021-06-27T10:51:54+00:00\",\"dateModified\":\"2021-06-27T10:51:56+00:00\",\"breadcrumb\":{\"@id\":\"https:\\\/\\\/radioljubuski.ba\\\/index.php\\\/2021\\\/06\\\/27\\\/nocas-dva-pokusaja-ubojstva-u-sesvetama-i-u-sigetu\\\/#breadcrumb\"},\"inLanguage\":\"hr\",\"potentialAction\":[{\"@type\":\"ReadAction\",\"target\":[\"https:\\\/\\\/radioljubuski.ba\\\/index.php\\\/2021\\\/06\\\/27\\\/nocas-dva-pokusaja-ubojstva-u-sesvetama-i-u-sigetu\\\/\"]}]},{\"@type\":\"ImageObject\",\"inLanguage\":\"hr\",\"@id\":\"https:\\\/\\\/radioljubuski.ba\\\/index.php\\\/2021\\\/06\\\/27\\\/nocas-dva-pokusaja-ubojstva-u-sesvetama-i-u-sigetu\\\/#primaryimage\",\"url\":\"https:\\\/\\\/radioljubuski.ba\\\/wp-content\\\/uploads\\\/2021\\\/06\\\/62112459.jpg\",\"contentUrl\":\"https:\\\/\\\/radioljubuski.ba\\\/wp-content\\\/uploads\\\/2021\\\/06\\\/62112459.jpg\",\"width\":500,\"height\":310},{\"@type\":\"BreadcrumbList\",\"@id\":\"https:\\\/\\\/radioljubuski.ba\\\/index.php\\\/2021\\\/06\\\/27\\\/nocas-dva-pokusaja-ubojstva-u-sesvetama-i-u-sigetu\\\/#breadcrumb\",\"itemListElement\":[{\"@type\":\"ListItem\",\"position\":1,\"name\":\"Po\u010detna stranica\",\"item\":\"https:\\\/\\\/radioljubuski.ba\\\/\"},{\"@type\":\"ListItem\",\"position\":2,\"name\":\"No\u0107as dva poku\u0161aja ubojstva &#8211; u Sesvetama i u Sigetu\"}]},{\"@type\":\"WebSite\",\"@id\":\"https:\\\/\\\/radioljubuski.ba\\\/#website\",\"url\":\"https:\\\/\\\/radioljubuski.ba\\\/\",\"name\":\"Radio Ljubu\u0161ki\",\"description\":\"Sun\u010dana frekvencija Hercegovine\",\"publisher\":{\"@id\":\"https:\\\/\\\/radioljubuski.ba\\\/#organization\"},\"potentialAction\":[{\"@type\":\"SearchAction\",\"target\":{\"@type\":\"EntryPoint\",\"urlTemplate\":\"https:\\\/\\\/radioljubuski.ba\\\/?s={search_term_string}\"},\"query-input\":{\"@type\":\"PropertyValueSpecification\",\"valueRequired\":true,\"valueName\":\"search_term_string\"}}],\"inLanguage\":\"hr\"},{\"@type\":\"Organization\",\"@id\":\"https:\\\/\\\/radioljubuski.ba\\\/#organization\",\"name\":\"Radio Ljubu\u0161ki\",\"url\":\"https:\\\/\\\/radioljubuski.ba\\\/\",\"logo\":{\"@type\":\"ImageObject\",\"inLanguage\":\"hr\",\"@id\":\"https:\\\/\\\/radioljubuski.ba\\\/#\\\/schema\\\/logo\\\/image\\\/\",\"url\":\"https:\\\/\\\/radioljubuski.ba\\\/wp-content\\\/uploads\\\/2021\\\/02\\\/cropped-Radio_Ljubuski_logo1.jpg\",\"contentUrl\":\"https:\\\/\\\/radioljubuski.ba\\\/wp-content\\\/uploads\\\/2021\\\/02\\\/cropped-Radio_Ljubuski_logo1.jpg\",\"width\":512,\"height\":512,\"caption\":\"Radio Ljubu\u0161ki\"},\"image\":{\"@id\":\"https:\\\/\\\/radioljubuski.ba\\\/#\\\/schema\\\/logo\\\/image\\\/\"},\"sameAs\":[\"https:\\\/\\\/www.facebook.com\\\/Radiio-Ljubuski-1490835324566332\",\"https:\\\/\\\/x.com\\\/radioljubuski\",\"https:\\\/\\\/hr.linkedin.com\\\/company\\\/radio-ljubuski\",\"https:\\\/\\\/www.youtube.com\\\/channel\\\/UCHYaeO_n0Db3tjNGudGpXyw\"]},{\"@type\":\"Person\",\"@id\":\"https:\\\/\\\/radioljubuski.ba\\\/#\\\/schema\\\/person\\\/19fc700381a780f69665d7956c469e3b\",\"name\":\"Radio Ljubu\u0161ki\"}]}<\/script>\n<!-- \/ Yoast SEO plugin. -->","yoast_head_json":{"title":"No\u0107as dva poku\u0161aja ubojstva - u Sesvetama i u Sigetu - RADIO LJUBU\u0160KI","robots":{"index":"index","follow":"follow","max-snippet":"max-snippet:-1","max-image-preview":"max-image-preview:large","max-video-preview":"max-video-preview:-1"},"canonical":"https:\/\/radioljubuski.ba\/index.php\/2021\/06\/27\/nocas-dva-pokusaja-ubojstva-u-sesvetama-i-u-sigetu\/","og_locale":"hr_HR","og_type":"article","og_title":"No\u0107as dva poku\u0161aja ubojstva - u Sesvetama i u Sigetu - RADIO LJUBU\u0160KI","og_description":"Dva poku\u0161aja ubojstva policija je zabilje\u017eila u zagreba\u010dkim Sesvetama i u Sigetu u no\u0107i sa subotu na nedjelju. Po\u010dinitelj iz Novog Zagreba uhi\u0107en je i priveden, a za drugim policija traga. Poku\u0161aj ubojstva u Sesvetama dogodio se nakon \u0161to je se su subotu oko 22.25 sati u Ulici Ljudevita Posavskog 26-godi\u0161njak prvotno verbalno, a zatim [&hellip;]","og_url":"https:\/\/radioljubuski.ba\/index.php\/2021\/06\/27\/nocas-dva-pokusaja-ubojstva-u-sesvetama-i-u-sigetu\/","og_site_name":"RADIO LJUBU\u0160KI","article_publisher":"https:\/\/www.facebook.com\/Radiio-Ljubuski-1490835324566332","article_published_time":"2021-06-27T10:51:54+00:00","article_modified_time":"2021-06-27T10:51:56+00:00","og_image":[{"width":500,"height":310,"url":"https:\/\/radioljubuski.ba\/wp-content\/uploads\/2021\/06\/62112459.jpg","type":"image\/jpeg"}],"author":"Radio Ljubu\u0161ki","twitter_card":"summary_large_image","twitter_creator":"@radioljubuski","twitter_site":"@radioljubuski","twitter_misc":{"Napisao\/la":"Radio Ljubu\u0161ki","Procijenjeno vrijeme \u010ditanja":"1 minuta"},"schema":{"@context":"https:\/\/schema.org","@graph":[{"@type":"Article","@id":"https:\/\/radioljubuski.ba\/index.php\/2021\/06\/27\/nocas-dva-pokusaja-ubojstva-u-sesvetama-i-u-sigetu\/#article","isPartOf":{"@id":"https:\/\/radioljubuski.ba\/index.php\/2021\/06\/27\/nocas-dva-pokusaja-ubojstva-u-sesvetama-i-u-sigetu\/"},"author":{"name":"Radio Ljubu\u0161ki","@id":"https:\/\/radioljubuski.ba\/#\/schema\/person\/19fc700381a780f69665d7956c469e3b"},"headline":"No\u0107as dva poku\u0161aja ubojstva &#8211; u Sesvetama i u Sigetu","datePublished":"2021-06-27T10:51:54+00:00","dateModified":"2021-06-27T10:51:56+00:00","mainEntityOfPage":{"@id":"https:\/\/radioljubuski.ba\/index.php\/2021\/06\/27\/nocas-dva-pokusaja-ubojstva-u-sesvetama-i-u-sigetu\/"},"wordCount":227,"publisher":{"@id":"https:\/\/radioljubuski.ba\/#organization"},"image":{"@id":"https:\/\/radioljubuski.ba\/index.php\/2021\/06\/27\/nocas-dva-pokusaja-ubojstva-u-sesvetama-i-u-sigetu\/#primaryimage"},"thumbnailUrl":"https:\/\/radioljubuski.ba\/wp-content\/uploads\/2021\/06\/62112459.jpg","articleSection":["BIH i regija"],"inLanguage":"hr"},{"@type":"WebPage","@id":"https:\/\/radioljubuski.ba\/index.php\/2021\/06\/27\/nocas-dva-pokusaja-ubojstva-u-sesvetama-i-u-sigetu\/","url":"https:\/\/radioljubuski.ba\/index.php\/2021\/06\/27\/nocas-dva-pokusaja-ubojstva-u-sesvetama-i-u-sigetu\/","name":"No\u0107as dva poku\u0161aja ubojstva - u Sesvetama i u Sigetu - RADIO LJUBU\u0160KI","isPartOf":{"@id":"https:\/\/radioljubuski.ba\/#website"},"primaryImageOfPage":{"@id":"https:\/\/radioljubuski.ba\/index.php\/2021\/06\/27\/nocas-dva-pokusaja-ubojstva-u-sesvetama-i-u-sigetu\/#primaryimage"},"image":{"@id":"https:\/\/radioljubuski.ba\/index.php\/2021\/06\/27\/nocas-dva-pokusaja-ubojstva-u-sesvetama-i-u-sigetu\/#primaryimage"},"thumbnailUrl":"https:\/\/radioljubuski.ba\/wp-content\/uploads\/2021\/06\/62112459.jpg","datePublished":"2021-06-27T10:51:54+00:00","dateModified":"2021-06-27T10:51:56+00:00","breadcrumb":{"@id":"https:\/\/radioljubuski.ba\/index.php\/2021\/06\/27\/nocas-dva-pokusaja-ubojstva-u-sesvetama-i-u-sigetu\/#breadcrumb"},"inLanguage":"hr","potentialAction":[{"@type":"ReadAction","target":["https:\/\/radioljubuski.ba\/index.php\/2021\/06\/27\/nocas-dva-pokusaja-ubojstva-u-sesvetama-i-u-sigetu\/"]}]},{"@type":"ImageObject","inLanguage":"hr","@id":"https:\/\/radioljubuski.ba\/index.php\/2021\/06\/27\/nocas-dva-pokusaja-ubojstva-u-sesvetama-i-u-sigetu\/#primaryimage","url":"https:\/\/radioljubuski.ba\/wp-content\/uploads\/2021\/06\/62112459.jpg","contentUrl":"https:\/\/radioljubuski.ba\/wp-content\/uploads\/2021\/06\/62112459.jpg","width":500,"height":310},{"@type":"BreadcrumbList","@id":"https:\/\/radioljubuski.ba\/index.php\/2021\/06\/27\/nocas-dva-pokusaja-ubojstva-u-sesvetama-i-u-sigetu\/#breadcrumb","itemListElement":[{"@type":"ListItem","position":1,"name":"Po\u010detna stranica","item":"https:\/\/radioljubuski.ba\/"},{"@type":"ListItem","position":2,"name":"No\u0107as dva poku\u0161aja ubojstva &#8211; u Sesvetama i u Sigetu"}]},{"@type":"WebSite","@id":"https:\/\/radioljubuski.ba\/#website","url":"https:\/\/radioljubuski.ba\/","name":"Radio Ljubu\u0161ki","description":"Sun\u010dana frekvencija Hercegovine","publisher":{"@id":"https:\/\/radioljubuski.ba\/#organization"},"potentialAction":[{"@type":"SearchAction","target":{"@type":"EntryPoint","urlTemplate":"https:\/\/radioljubuski.ba\/?s={search_term_string}"},"query-input":{"@type":"PropertyValueSpecification","valueRequired":true,"valueName":"search_term_string"}}],"inLanguage":"hr"},{"@type":"Organization","@id":"https:\/\/radioljubuski.ba\/#organization","name":"Radio Ljubu\u0161ki","url":"https:\/\/radioljubuski.ba\/","logo":{"@type":"ImageObject","inLanguage":"hr","@id":"https:\/\/radioljubuski.ba\/#\/schema\/logo\/image\/","url":"https:\/\/radioljubuski.ba\/wp-content\/uploads\/2021\/02\/cropped-Radio_Ljubuski_logo1.jpg","contentUrl":"https:\/\/radioljubuski.ba\/wp-content\/uploads\/2021\/02\/cropped-Radio_Ljubuski_logo1.jpg","width":512,"height":512,"caption":"Radio Ljubu\u0161ki"},"image":{"@id":"https:\/\/radioljubuski.ba\/#\/schema\/logo\/image\/"},"sameAs":["https:\/\/www.facebook.com\/Radiio-Ljubuski-1490835324566332","https:\/\/x.com\/radioljubuski","https:\/\/hr.linkedin.com\/company\/radio-ljubuski","https:\/\/www.youtube.com\/channel\/UCHYaeO_n0Db3tjNGudGpXyw"]},{"@type":"Person","@id":"https:\/\/radioljubuski.ba\/#\/schema\/person\/19fc700381a780f69665d7956c469e3b","name":"Radio Ljubu\u0161ki"}]}},"_links":{"self":[{"href":"https:\/\/radioljubuski.ba\/index.php\/wp-json\/wp\/v2\/posts\/36282","targetHints":{"allow":["GET"]}}],"collection":[{"href":"https:\/\/radioljubuski.ba\/index.php\/wp-json\/wp\/v2\/posts"}],"about":[{"href":"https:\/\/radioljubuski.ba\/index.php\/wp-json\/wp\/v2\/types\/post"}],"author":[{"embeddable":true,"href":"https:\/\/radioljubuski.ba\/index.php\/wp-json\/wp\/v2\/users\/2"}],"replies":[{"embeddable":true,"href":"https:\/\/radioljubuski.ba\/index.php\/wp-json\/wp\/v2\/comments?post=36282"}],"version-history":[{"count":1,"href":"https:\/\/radioljubuski.ba\/index.php\/wp-json\/wp\/v2\/posts\/36282\/revisions"}],"predecessor-version":[{"id":36284,"href":"https:\/\/radioljubuski.ba\/index.php\/wp-json\/wp\/v2\/posts\/36282\/revisions\/36284"}],"wp:featuredmedia":[{"embeddable":true,"href":"https:\/\/radioljubuski.ba\/index.php\/wp-json\/wp\/v2\/media\/36283"}],"wp:attachment":[{"href":"https:\/\/radioljubuski.ba\/index.php\/wp-json\/wp\/v2\/media?parent=36282"}],"wp:term":[{"taxonomy":"category","embeddable":true,"href":"https:\/\/radioljubuski.ba\/index.php\/wp-json\/wp\/v2\/categories?post=36282"},{"taxonomy":"post_tag","embeddable":true,"href":"https:\/\/radioljubuski.ba\/index.php\/wp-json\/wp\/v2\/tags?post=36282"}],"curies":[{"name":"wp","href":"https:\/\/api.w.org\/{rel}","templated":true}]}}