{"id":36296,"date":"2021-06-27T11:59:41","date_gmt":"2021-06-27T10:59:41","guid":{"rendered":"https:\/\/radioljubuski.ba\/?p=36296"},"modified":"2021-06-27T11:59:41","modified_gmt":"2021-06-27T10:59:41","slug":"znanstveni-simpozij-o-vjeri-i-zdravlju-okupio-teologe-lijecnike-povjesnicare","status":"publish","type":"post","link":"https:\/\/radioljubuski.ba\/index.php\/2021\/06\/27\/znanstveni-simpozij-o-vjeri-i-zdravlju-okupio-teologe-lijecnike-povjesnicare\/","title":{"rendered":"Znanstveni simpozij o vjeri i zdravlju okupio teologe, lije\u010dnike, povjesni\u010dare"},"content":{"rendered":"\n<p>U sklopu manifestacije Kulturno-vjerski dani &#8216;Na\u0161a Gorica 2021.&#8217; u Livnu je odr\u017ean znanstveni simpozij o vjeri i zdravlju u povodu 200. obljetnice ro\u0111enja lije\u010dnika fra Mihovila Su\u010di\u0107a (1820.-1865.).<\/p>\n\n\n\n<p>Organizatori simpozija Franjeva\u010dki samostan sv. Petra i Pavla Gorica \u2013 Livno, Medicinski fakultet Sveu\u010dili\u0161ta u Splitu i &#8220;Slu\u017eba rije\u010di&#8221; Franjeva\u010dke provincije Presvetog Otkupitelja, \u017eeljeli su u povodu okrugle obljetnice ro\u0111enja fra Mihovila Su\u010di\u0107a, franjevca, lije\u010dnika, sve\u0107enika i kirurga, tematizirati veoma aktuelnu temu odnosa zdravlja i bolesti.<\/p>\n\n\n\n<p>Budu\u0107i da simpozij zbog pandemije koronavirusa nije bilo mogu\u0107e odr\u017eati u prosincu 2020., kada je bio planiran, odr\u017ean je sada u sklopu kulturno-vjerske manifestacije Na\u0161a Gorica 2021.<\/p>\n\n\n\n<p>&#8211; Kompleksnoj temi odnosa zdravlja, bolesti i lije\u010denja s jedne strane te vjere i svih oblika religioznosti kroz koje se vjera manifestira, s druge strane, prestupljeno je interdisciplinarno pa su izlaganja imali teolozi, lije\u010dnici, povjesni\u010dari i drugi znanstvenici iz Bosne i Hercegovine, Hrvatske i Italije &#8211; kazala je Feni Dra\u017eena D\u017eeko, ravnateljica Franjeva\u010dkog muzeja i galerije Gorica-Livno.<\/p>\n\n\n\n<p>Od osamnaest sudionika zbornika Spasenje od grijeha &#8211; ozdravljenje od bolesti, na simpoziju je svoje radove izlagalo njih sedamnaest, od kojih troje online.<\/p>\n\n\n\n<p>&#8211; U \u010detiri tematske cjeline, kako je strukturiran i zbornik, predava\u010di su prezentirali svoje radove, a rasprave koje su uslijedile nakon njih zoran su pokazatelj va\u017enosti obra\u0111ivane tematike i njezine aktualnosti &#8211; istakla je ravnateljica.<\/p>\n\n\n\n<p>Na kraju je zaklju\u010dila da je organiziranjem ovog znanstvenog simpozija i izdavanjem zbornika radova Spasenje od grijeha \u2013 ozdravljenje od bolesti, na dostojan na\u010din obilje\u017eena 200. obljetnica ro\u0111enja lije\u010dnika i kirurga fra Mihovila Su\u010di\u0107a, jednog od najzna\u010dajnijih predstavnika medicine u 19. stolje\u0107u u Bosni i Hercegovini.<\/p>\n\n\n\n<p>Zdravstvenom simpoziju, me\u0111u ostalim, nazo\u010dili su predstavnici Vlade Hercegbosanske \u017eupanije na \u010delu s predsjednikom Ivanom Vukadinom, gradona\u010delnik grada Livna Darko \u010condri\u0107 te konzul RH u Livnu Tomislav Vrdoljak.<\/p>\n\n\n\n<p>Izvor:pogled.ba<\/p>\n","protected":false},"excerpt":{"rendered":"<p>U sklopu manifestacije Kulturno-vjerski dani &#8216;Na\u0161a Gorica 2021.&#8217; u Livnu je odr\u017ean znanstveni simpozij o vjeri i zdravlju u povodu 200. obljetnice ro\u0111enja lije\u010dnika fra Mihovila Su\u010di\u0107a (1820.-1865.). Organizatori simpozija Franjeva\u010dki samostan sv. Petra i Pavla Gorica \u2013 Livno, Medicinski fakultet Sveu\u010dili\u0161ta u Splitu i &#8220;Slu\u017eba rije\u010di&#8221; Franjeva\u010dke provincije Presvetog Otkupitelja, \u017eeljeli su u povodu [&hellip;]<\/p>\n","protected":false},"author":2,"featured_media":36297,"comment_status":"closed","ping_status":"closed","sticky":false,"template":"","format":"standard","meta":{"h5ap_radio_sources":[],"footnotes":""},"categories":[1],"tags":[],"class_list":["post-36296","post","type-post","status-publish","format-standard","has-post-thumbnail","hentry","category-bihiregija"],"yoast_head":"<!-- This site is optimized with the Yoast SEO plugin v27.5 - https:\/\/yoast.com\/product\/yoast-seo-wordpress\/ -->\n<title>Znanstveni simpozij o vjeri i zdravlju okupio teologe, lije\u010dnike, povjesni\u010dare - RADIO LJUBU\u0160KI<\/title>\n<meta name=\"robots\" content=\"index, follow, max-snippet:-1, max-image-preview:large, max-video-preview:-1\" \/>\n<link rel=\"canonical\" href=\"https:\/\/radioljubuski.ba\/index.php\/2021\/06\/27\/znanstveni-simpozij-o-vjeri-i-zdravlju-okupio-teologe-lijecnike-povjesnicare\/\" \/>\n<meta property=\"og:locale\" content=\"hr_HR\" \/>\n<meta property=\"og:type\" content=\"article\" \/>\n<meta property=\"og:title\" content=\"Znanstveni simpozij o vjeri i zdravlju okupio teologe, lije\u010dnike, povjesni\u010dare - RADIO LJUBU\u0160KI\" \/>\n<meta property=\"og:description\" content=\"U sklopu manifestacije Kulturno-vjerski dani &#8216;Na\u0161a Gorica 2021.&#8217; u Livnu je odr\u017ean znanstveni simpozij o vjeri i zdravlju u povodu 200. obljetnice ro\u0111enja lije\u010dnika fra Mihovila Su\u010di\u0107a (1820.-1865.). Organizatori simpozija Franjeva\u010dki samostan sv. Petra i Pavla Gorica \u2013 Livno, Medicinski fakultet Sveu\u010dili\u0161ta u Splitu i &#8220;Slu\u017eba rije\u010di&#8221; Franjeva\u010dke provincije Presvetog Otkupitelja, \u017eeljeli su u povodu [&hellip;]\" \/>\n<meta property=\"og:url\" content=\"https:\/\/radioljubuski.ba\/index.php\/2021\/06\/27\/znanstveni-simpozij-o-vjeri-i-zdravlju-okupio-teologe-lijecnike-povjesnicare\/\" \/>\n<meta property=\"og:site_name\" content=\"RADIO LJUBU\u0160KI\" \/>\n<meta property=\"article:publisher\" content=\"https:\/\/www.facebook.com\/Radiio-Ljubuski-1490835324566332\" \/>\n<meta property=\"article:published_time\" content=\"2021-06-27T10:59:41+00:00\" \/>\n<meta property=\"og:image\" content=\"https:\/\/radioljubuski.ba\/wp-content\/uploads\/2021\/06\/2-2021-06-27-11-50-28-simpozij-livno.jpg\" \/>\n\t<meta property=\"og:image:width\" content=\"1000\" \/>\n\t<meta property=\"og:image:height\" content=\"625\" \/>\n\t<meta property=\"og:image:type\" content=\"image\/jpeg\" \/>\n<meta name=\"author\" content=\"Radio Ljubu\u0161ki\" \/>\n<meta name=\"twitter:card\" content=\"summary_large_image\" \/>\n<meta name=\"twitter:creator\" content=\"@radioljubuski\" \/>\n<meta name=\"twitter:site\" content=\"@radioljubuski\" \/>\n<meta name=\"twitter:label1\" content=\"Napisao\/la\" \/>\n\t<meta name=\"twitter:data1\" content=\"Radio Ljubu\u0161ki\" \/>\n\t<meta name=\"twitter:label2\" content=\"Procijenjeno vrijeme \u010ditanja\" \/>\n\t<meta name=\"twitter:data2\" content=\"2 minute\" \/>\n<script type=\"application\/ld+json\" class=\"yoast-schema-graph\">{\"@context\":\"https:\\\/\\\/schema.org\",\"@graph\":[{\"@type\":\"Article\",\"@id\":\"https:\\\/\\\/radioljubuski.ba\\\/index.php\\\/2021\\\/06\\\/27\\\/znanstveni-simpozij-o-vjeri-i-zdravlju-okupio-teologe-lijecnike-povjesnicare\\\/#article\",\"isPartOf\":{\"@id\":\"https:\\\/\\\/radioljubuski.ba\\\/index.php\\\/2021\\\/06\\\/27\\\/znanstveni-simpozij-o-vjeri-i-zdravlju-okupio-teologe-lijecnike-povjesnicare\\\/\"},\"author\":{\"name\":\"Radio Ljubu\u0161ki\",\"@id\":\"https:\\\/\\\/radioljubuski.ba\\\/#\\\/schema\\\/person\\\/19fc700381a780f69665d7956c469e3b\"},\"headline\":\"Znanstveni simpozij o vjeri i zdravlju okupio teologe, lije\u010dnike, povjesni\u010dare\",\"datePublished\":\"2021-06-27T10:59:41+00:00\",\"mainEntityOfPage\":{\"@id\":\"https:\\\/\\\/radioljubuski.ba\\\/index.php\\\/2021\\\/06\\\/27\\\/znanstveni-simpozij-o-vjeri-i-zdravlju-okupio-teologe-lijecnike-povjesnicare\\\/\"},\"wordCount\":340,\"publisher\":{\"@id\":\"https:\\\/\\\/radioljubuski.ba\\\/#organization\"},\"image\":{\"@id\":\"https:\\\/\\\/radioljubuski.ba\\\/index.php\\\/2021\\\/06\\\/27\\\/znanstveni-simpozij-o-vjeri-i-zdravlju-okupio-teologe-lijecnike-povjesnicare\\\/#primaryimage\"},\"thumbnailUrl\":\"https:\\\/\\\/radioljubuski.ba\\\/wp-content\\\/uploads\\\/2021\\\/06\\\/2-2021-06-27-11-50-28-simpozij-livno.jpg\",\"articleSection\":[\"BIH i regija\"],\"inLanguage\":\"hr\"},{\"@type\":\"WebPage\",\"@id\":\"https:\\\/\\\/radioljubuski.ba\\\/index.php\\\/2021\\\/06\\\/27\\\/znanstveni-simpozij-o-vjeri-i-zdravlju-okupio-teologe-lijecnike-povjesnicare\\\/\",\"url\":\"https:\\\/\\\/radioljubuski.ba\\\/index.php\\\/2021\\\/06\\\/27\\\/znanstveni-simpozij-o-vjeri-i-zdravlju-okupio-teologe-lijecnike-povjesnicare\\\/\",\"name\":\"Znanstveni simpozij o vjeri i zdravlju okupio teologe, lije\u010dnike, povjesni\u010dare - RADIO LJUBU\u0160KI\",\"isPartOf\":{\"@id\":\"https:\\\/\\\/radioljubuski.ba\\\/#website\"},\"primaryImageOfPage\":{\"@id\":\"https:\\\/\\\/radioljubuski.ba\\\/index.php\\\/2021\\\/06\\\/27\\\/znanstveni-simpozij-o-vjeri-i-zdravlju-okupio-teologe-lijecnike-povjesnicare\\\/#primaryimage\"},\"image\":{\"@id\":\"https:\\\/\\\/radioljubuski.ba\\\/index.php\\\/2021\\\/06\\\/27\\\/znanstveni-simpozij-o-vjeri-i-zdravlju-okupio-teologe-lijecnike-povjesnicare\\\/#primaryimage\"},\"thumbnailUrl\":\"https:\\\/\\\/radioljubuski.ba\\\/wp-content\\\/uploads\\\/2021\\\/06\\\/2-2021-06-27-11-50-28-simpozij-livno.jpg\",\"datePublished\":\"2021-06-27T10:59:41+00:00\",\"breadcrumb\":{\"@id\":\"https:\\\/\\\/radioljubuski.ba\\\/index.php\\\/2021\\\/06\\\/27\\\/znanstveni-simpozij-o-vjeri-i-zdravlju-okupio-teologe-lijecnike-povjesnicare\\\/#breadcrumb\"},\"inLanguage\":\"hr\",\"potentialAction\":[{\"@type\":\"ReadAction\",\"target\":[\"https:\\\/\\\/radioljubuski.ba\\\/index.php\\\/2021\\\/06\\\/27\\\/znanstveni-simpozij-o-vjeri-i-zdravlju-okupio-teologe-lijecnike-povjesnicare\\\/\"]}]},{\"@type\":\"ImageObject\",\"inLanguage\":\"hr\",\"@id\":\"https:\\\/\\\/radioljubuski.ba\\\/index.php\\\/2021\\\/06\\\/27\\\/znanstveni-simpozij-o-vjeri-i-zdravlju-okupio-teologe-lijecnike-povjesnicare\\\/#primaryimage\",\"url\":\"https:\\\/\\\/radioljubuski.ba\\\/wp-content\\\/uploads\\\/2021\\\/06\\\/2-2021-06-27-11-50-28-simpozij-livno.jpg\",\"contentUrl\":\"https:\\\/\\\/radioljubuski.ba\\\/wp-content\\\/uploads\\\/2021\\\/06\\\/2-2021-06-27-11-50-28-simpozij-livno.jpg\",\"width\":1000,\"height\":625},{\"@type\":\"BreadcrumbList\",\"@id\":\"https:\\\/\\\/radioljubuski.ba\\\/index.php\\\/2021\\\/06\\\/27\\\/znanstveni-simpozij-o-vjeri-i-zdravlju-okupio-teologe-lijecnike-povjesnicare\\\/#breadcrumb\",\"itemListElement\":[{\"@type\":\"ListItem\",\"position\":1,\"name\":\"Po\u010detna stranica\",\"item\":\"https:\\\/\\\/radioljubuski.ba\\\/\"},{\"@type\":\"ListItem\",\"position\":2,\"name\":\"Znanstveni simpozij o vjeri i zdravlju okupio teologe, lije\u010dnike, povjesni\u010dare\"}]},{\"@type\":\"WebSite\",\"@id\":\"https:\\\/\\\/radioljubuski.ba\\\/#website\",\"url\":\"https:\\\/\\\/radioljubuski.ba\\\/\",\"name\":\"Radio Ljubu\u0161ki\",\"description\":\"Sun\u010dana frekvencija Hercegovine\",\"publisher\":{\"@id\":\"https:\\\/\\\/radioljubuski.ba\\\/#organization\"},\"potentialAction\":[{\"@type\":\"SearchAction\",\"target\":{\"@type\":\"EntryPoint\",\"urlTemplate\":\"https:\\\/\\\/radioljubuski.ba\\\/?s={search_term_string}\"},\"query-input\":{\"@type\":\"PropertyValueSpecification\",\"valueRequired\":true,\"valueName\":\"search_term_string\"}}],\"inLanguage\":\"hr\"},{\"@type\":\"Organization\",\"@id\":\"https:\\\/\\\/radioljubuski.ba\\\/#organization\",\"name\":\"Radio Ljubu\u0161ki\",\"url\":\"https:\\\/\\\/radioljubuski.ba\\\/\",\"logo\":{\"@type\":\"ImageObject\",\"inLanguage\":\"hr\",\"@id\":\"https:\\\/\\\/radioljubuski.ba\\\/#\\\/schema\\\/logo\\\/image\\\/\",\"url\":\"https:\\\/\\\/radioljubuski.ba\\\/wp-content\\\/uploads\\\/2021\\\/02\\\/cropped-Radio_Ljubuski_logo1.jpg\",\"contentUrl\":\"https:\\\/\\\/radioljubuski.ba\\\/wp-content\\\/uploads\\\/2021\\\/02\\\/cropped-Radio_Ljubuski_logo1.jpg\",\"width\":512,\"height\":512,\"caption\":\"Radio Ljubu\u0161ki\"},\"image\":{\"@id\":\"https:\\\/\\\/radioljubuski.ba\\\/#\\\/schema\\\/logo\\\/image\\\/\"},\"sameAs\":[\"https:\\\/\\\/www.facebook.com\\\/Radiio-Ljubuski-1490835324566332\",\"https:\\\/\\\/x.com\\\/radioljubuski\",\"https:\\\/\\\/hr.linkedin.com\\\/company\\\/radio-ljubuski\",\"https:\\\/\\\/www.youtube.com\\\/channel\\\/UCHYaeO_n0Db3tjNGudGpXyw\"]},{\"@type\":\"Person\",\"@id\":\"https:\\\/\\\/radioljubuski.ba\\\/#\\\/schema\\\/person\\\/19fc700381a780f69665d7956c469e3b\",\"name\":\"Radio Ljubu\u0161ki\"}]}<\/script>\n<!-- \/ Yoast SEO plugin. -->","yoast_head_json":{"title":"Znanstveni simpozij o vjeri i zdravlju okupio teologe, lije\u010dnike, povjesni\u010dare - RADIO LJUBU\u0160KI","robots":{"index":"index","follow":"follow","max-snippet":"max-snippet:-1","max-image-preview":"max-image-preview:large","max-video-preview":"max-video-preview:-1"},"canonical":"https:\/\/radioljubuski.ba\/index.php\/2021\/06\/27\/znanstveni-simpozij-o-vjeri-i-zdravlju-okupio-teologe-lijecnike-povjesnicare\/","og_locale":"hr_HR","og_type":"article","og_title":"Znanstveni simpozij o vjeri i zdravlju okupio teologe, lije\u010dnike, povjesni\u010dare - RADIO LJUBU\u0160KI","og_description":"U sklopu manifestacije Kulturno-vjerski dani &#8216;Na\u0161a Gorica 2021.&#8217; u Livnu je odr\u017ean znanstveni simpozij o vjeri i zdravlju u povodu 200. obljetnice ro\u0111enja lije\u010dnika fra Mihovila Su\u010di\u0107a (1820.-1865.). Organizatori simpozija Franjeva\u010dki samostan sv. Petra i Pavla Gorica \u2013 Livno, Medicinski fakultet Sveu\u010dili\u0161ta u Splitu i &#8220;Slu\u017eba rije\u010di&#8221; Franjeva\u010dke provincije Presvetog Otkupitelja, \u017eeljeli su u povodu [&hellip;]","og_url":"https:\/\/radioljubuski.ba\/index.php\/2021\/06\/27\/znanstveni-simpozij-o-vjeri-i-zdravlju-okupio-teologe-lijecnike-povjesnicare\/","og_site_name":"RADIO LJUBU\u0160KI","article_publisher":"https:\/\/www.facebook.com\/Radiio-Ljubuski-1490835324566332","article_published_time":"2021-06-27T10:59:41+00:00","og_image":[{"width":1000,"height":625,"url":"https:\/\/radioljubuski.ba\/wp-content\/uploads\/2021\/06\/2-2021-06-27-11-50-28-simpozij-livno.jpg","type":"image\/jpeg"}],"author":"Radio Ljubu\u0161ki","twitter_card":"summary_large_image","twitter_creator":"@radioljubuski","twitter_site":"@radioljubuski","twitter_misc":{"Napisao\/la":"Radio Ljubu\u0161ki","Procijenjeno vrijeme \u010ditanja":"2 minute"},"schema":{"@context":"https:\/\/schema.org","@graph":[{"@type":"Article","@id":"https:\/\/radioljubuski.ba\/index.php\/2021\/06\/27\/znanstveni-simpozij-o-vjeri-i-zdravlju-okupio-teologe-lijecnike-povjesnicare\/#article","isPartOf":{"@id":"https:\/\/radioljubuski.ba\/index.php\/2021\/06\/27\/znanstveni-simpozij-o-vjeri-i-zdravlju-okupio-teologe-lijecnike-povjesnicare\/"},"author":{"name":"Radio Ljubu\u0161ki","@id":"https:\/\/radioljubuski.ba\/#\/schema\/person\/19fc700381a780f69665d7956c469e3b"},"headline":"Znanstveni simpozij o vjeri i zdravlju okupio teologe, lije\u010dnike, povjesni\u010dare","datePublished":"2021-06-27T10:59:41+00:00","mainEntityOfPage":{"@id":"https:\/\/radioljubuski.ba\/index.php\/2021\/06\/27\/znanstveni-simpozij-o-vjeri-i-zdravlju-okupio-teologe-lijecnike-povjesnicare\/"},"wordCount":340,"publisher":{"@id":"https:\/\/radioljubuski.ba\/#organization"},"image":{"@id":"https:\/\/radioljubuski.ba\/index.php\/2021\/06\/27\/znanstveni-simpozij-o-vjeri-i-zdravlju-okupio-teologe-lijecnike-povjesnicare\/#primaryimage"},"thumbnailUrl":"https:\/\/radioljubuski.ba\/wp-content\/uploads\/2021\/06\/2-2021-06-27-11-50-28-simpozij-livno.jpg","articleSection":["BIH i regija"],"inLanguage":"hr"},{"@type":"WebPage","@id":"https:\/\/radioljubuski.ba\/index.php\/2021\/06\/27\/znanstveni-simpozij-o-vjeri-i-zdravlju-okupio-teologe-lijecnike-povjesnicare\/","url":"https:\/\/radioljubuski.ba\/index.php\/2021\/06\/27\/znanstveni-simpozij-o-vjeri-i-zdravlju-okupio-teologe-lijecnike-povjesnicare\/","name":"Znanstveni simpozij o vjeri i zdravlju okupio teologe, lije\u010dnike, povjesni\u010dare - RADIO LJUBU\u0160KI","isPartOf":{"@id":"https:\/\/radioljubuski.ba\/#website"},"primaryImageOfPage":{"@id":"https:\/\/radioljubuski.ba\/index.php\/2021\/06\/27\/znanstveni-simpozij-o-vjeri-i-zdravlju-okupio-teologe-lijecnike-povjesnicare\/#primaryimage"},"image":{"@id":"https:\/\/radioljubuski.ba\/index.php\/2021\/06\/27\/znanstveni-simpozij-o-vjeri-i-zdravlju-okupio-teologe-lijecnike-povjesnicare\/#primaryimage"},"thumbnailUrl":"https:\/\/radioljubuski.ba\/wp-content\/uploads\/2021\/06\/2-2021-06-27-11-50-28-simpozij-livno.jpg","datePublished":"2021-06-27T10:59:41+00:00","breadcrumb":{"@id":"https:\/\/radioljubuski.ba\/index.php\/2021\/06\/27\/znanstveni-simpozij-o-vjeri-i-zdravlju-okupio-teologe-lijecnike-povjesnicare\/#breadcrumb"},"inLanguage":"hr","potentialAction":[{"@type":"ReadAction","target":["https:\/\/radioljubuski.ba\/index.php\/2021\/06\/27\/znanstveni-simpozij-o-vjeri-i-zdravlju-okupio-teologe-lijecnike-povjesnicare\/"]}]},{"@type":"ImageObject","inLanguage":"hr","@id":"https:\/\/radioljubuski.ba\/index.php\/2021\/06\/27\/znanstveni-simpozij-o-vjeri-i-zdravlju-okupio-teologe-lijecnike-povjesnicare\/#primaryimage","url":"https:\/\/radioljubuski.ba\/wp-content\/uploads\/2021\/06\/2-2021-06-27-11-50-28-simpozij-livno.jpg","contentUrl":"https:\/\/radioljubuski.ba\/wp-content\/uploads\/2021\/06\/2-2021-06-27-11-50-28-simpozij-livno.jpg","width":1000,"height":625},{"@type":"BreadcrumbList","@id":"https:\/\/radioljubuski.ba\/index.php\/2021\/06\/27\/znanstveni-simpozij-o-vjeri-i-zdravlju-okupio-teologe-lijecnike-povjesnicare\/#breadcrumb","itemListElement":[{"@type":"ListItem","position":1,"name":"Po\u010detna stranica","item":"https:\/\/radioljubuski.ba\/"},{"@type":"ListItem","position":2,"name":"Znanstveni simpozij o vjeri i zdravlju okupio teologe, lije\u010dnike, povjesni\u010dare"}]},{"@type":"WebSite","@id":"https:\/\/radioljubuski.ba\/#website","url":"https:\/\/radioljubuski.ba\/","name":"Radio Ljubu\u0161ki","description":"Sun\u010dana frekvencija Hercegovine","publisher":{"@id":"https:\/\/radioljubuski.ba\/#organization"},"potentialAction":[{"@type":"SearchAction","target":{"@type":"EntryPoint","urlTemplate":"https:\/\/radioljubuski.ba\/?s={search_term_string}"},"query-input":{"@type":"PropertyValueSpecification","valueRequired":true,"valueName":"search_term_string"}}],"inLanguage":"hr"},{"@type":"Organization","@id":"https:\/\/radioljubuski.ba\/#organization","name":"Radio Ljubu\u0161ki","url":"https:\/\/radioljubuski.ba\/","logo":{"@type":"ImageObject","inLanguage":"hr","@id":"https:\/\/radioljubuski.ba\/#\/schema\/logo\/image\/","url":"https:\/\/radioljubuski.ba\/wp-content\/uploads\/2021\/02\/cropped-Radio_Ljubuski_logo1.jpg","contentUrl":"https:\/\/radioljubuski.ba\/wp-content\/uploads\/2021\/02\/cropped-Radio_Ljubuski_logo1.jpg","width":512,"height":512,"caption":"Radio Ljubu\u0161ki"},"image":{"@id":"https:\/\/radioljubuski.ba\/#\/schema\/logo\/image\/"},"sameAs":["https:\/\/www.facebook.com\/Radiio-Ljubuski-1490835324566332","https:\/\/x.com\/radioljubuski","https:\/\/hr.linkedin.com\/company\/radio-ljubuski","https:\/\/www.youtube.com\/channel\/UCHYaeO_n0Db3tjNGudGpXyw"]},{"@type":"Person","@id":"https:\/\/radioljubuski.ba\/#\/schema\/person\/19fc700381a780f69665d7956c469e3b","name":"Radio Ljubu\u0161ki"}]}},"_links":{"self":[{"href":"https:\/\/radioljubuski.ba\/index.php\/wp-json\/wp\/v2\/posts\/36296","targetHints":{"allow":["GET"]}}],"collection":[{"href":"https:\/\/radioljubuski.ba\/index.php\/wp-json\/wp\/v2\/posts"}],"about":[{"href":"https:\/\/radioljubuski.ba\/index.php\/wp-json\/wp\/v2\/types\/post"}],"author":[{"embeddable":true,"href":"https:\/\/radioljubuski.ba\/index.php\/wp-json\/wp\/v2\/users\/2"}],"replies":[{"embeddable":true,"href":"https:\/\/radioljubuski.ba\/index.php\/wp-json\/wp\/v2\/comments?post=36296"}],"version-history":[{"count":1,"href":"https:\/\/radioljubuski.ba\/index.php\/wp-json\/wp\/v2\/posts\/36296\/revisions"}],"predecessor-version":[{"id":36298,"href":"https:\/\/radioljubuski.ba\/index.php\/wp-json\/wp\/v2\/posts\/36296\/revisions\/36298"}],"wp:featuredmedia":[{"embeddable":true,"href":"https:\/\/radioljubuski.ba\/index.php\/wp-json\/wp\/v2\/media\/36297"}],"wp:attachment":[{"href":"https:\/\/radioljubuski.ba\/index.php\/wp-json\/wp\/v2\/media?parent=36296"}],"wp:term":[{"taxonomy":"category","embeddable":true,"href":"https:\/\/radioljubuski.ba\/index.php\/wp-json\/wp\/v2\/categories?post=36296"},{"taxonomy":"post_tag","embeddable":true,"href":"https:\/\/radioljubuski.ba\/index.php\/wp-json\/wp\/v2\/tags?post=36296"}],"curies":[{"name":"wp","href":"https:\/\/api.w.org\/{rel}","templated":true}]}}