{"id":36299,"date":"2021-06-27T12:00:52","date_gmt":"2021-06-27T11:00:52","guid":{"rendered":"https:\/\/radioljubuski.ba\/?p=36299"},"modified":"2021-06-27T12:00:53","modified_gmt":"2021-06-27T11:00:53","slug":"u-bosni-i-hercegovini-17-novozarazenih-zabiljezena-dva-smrtna-ishoda","status":"publish","type":"post","link":"https:\/\/radioljubuski.ba\/index.php\/2021\/06\/27\/u-bosni-i-hercegovini-17-novozarazenih-zabiljezena-dva-smrtna-ishoda\/","title":{"rendered":"U Bosni i Hercegovini 17 novozara\u017eenih, zabilje\u017eena dva smrtna ishoda"},"content":{"rendered":"\n<p>U posljednja 24 sata u Bosni i Hercegovini testirano je 1.186 uzoraka na koronavirus. Od ovog broja, potvr\u0111eno je 17 novozara\u017eenih. Od posljedica zaraze koronavirusom u posljednja 24 sata preminule su dvije osobe.<\/p>\n\n\n\n<p>Usporedbe radi, prethodnog dana u BiH nakon testiranja 1.675 uzorka prijavljeno je 16 novozara\u017eenih koronavirusom. Preminula je jedna osoba kod koje je ranije prona\u0111en virus.<\/p>\n\n\n\n<p><strong>Federacija BiH<\/strong><\/p>\n\n\n\n<p>U protekla 24 sata, Zavodu za javno zdravstvo Federacije BiH prijavljeno je 835 uzoraka, od kojih je 15 pozitivno na SARS-CoV-2.<\/p>\n\n\n\n<p>Novi slu\u010dajevi registrirani su u Unsko-sanskoj, Hercegova\u010dko-neretvanskoj, Tuzlanskoj i \u017dupaniji Sarajevo.<\/p>\n\n\n\n<p>Do sada je testirano ukupno 713.998 uzoraka, a SARS-CoV-2 je potvr\u0111en kod 133.939 osoba.<\/p>\n\n\n\n<p>Zaklju\u010dno s dana\u0161njim danom, u Federaciji BiH izlije\u010deno je 125.888 pacijenata. U protekla 24 sata, oporavljeno je 65 osoba.<\/p>\n\n\n\n<p>U Federaciji BiH u protekla 24 sata nije bilo prijavljenih smrtnih ishoda.<\/p>\n\n\n\n<p><strong>Republika Srpska<\/strong><\/p>\n\n\n\n<p>Od posljednjeg izvje\u0161taja o epidemiolo\u0161koj situaciji u Republici Srpskoj, u posljednja 24 sata, u Institutu za javno zdravstvo Republike Srpske, Univerzitetskom klini\u010dkom centru Republike Srpske, Univerzitetskoj bolinici u Fo\u010di i Bolnici Sv. Vra\u010devi izvr\u0161eno je testiranje 145 laboratorijskih uzoraka, a SARS-CoV-2 potvr\u0111en je kod dvije osobe.<\/p>\n\n\n\n<p>Radi se o mu\u0161karcu i \u017eeni, starije \u017eivotne dobi, iz Pala i Kotor Varo\u0161a.<\/p>\n\n\n\n<p>U posljednja 24 sata, Institutu za javno zdravstvo Republike Srpske prijavljena su dva smrtna slu\u010daja kod kojih je potvr\u0111eno prisustvo koronavirusa. Radi se o mu\u0161karcu i \u017eeni srednje \u017eivotne dobi iz Lakta\u0161a i Novog Grada.<\/p>\n\n\n\n<p>Do sada je u Republici Srpskoj potvr\u0111eno 64.346 slu\u010dajeva koronavirusa, a preminula je ukupno 3.781 osoba kod koje je potvr\u0111en test na koronavirusa.<\/p>\n\n\n\n<p>U Republici Srpskoj, od novog koronavirusa, do sada se oporavilo 49.975 osoba, a testirano je ukupno 284.369 osoba.<\/p>\n\n\n\n<p>Ukupan broj hospitaliziranih u Republici Srpskoj je 65, u Univerzitetskom klini\u010dkom centru Republike Srpske 23, a u ostalim bolnicama 42. Na respiratoru je 6 osoba (6 u Univerzitetskom klini\u010dkom centru Republike Srpske).<\/p>\n\n\n\n<p>U Republici Srpskoj pod zdravstvenim nadzorom trenutno je 616 osoba, a nadzor je zavr\u0161en kod 192.923 osobe.<\/p>\n\n\n\n<p><strong>Br\u010dko distrikt<\/strong><\/p>\n\n\n\n<p>U posljednja 24 sata u Br\u010dko distriktu BiH testirano je 206 uzoraka na koronavirus. Nisu zabilje\u017eeni pozitivni kao ni smrtni slu\u010dajevi. Od posljedica zaraze koronavirusom u posljednja 24 sata oporavilo se 10 osoba.<\/p>\n\n\n\n<p>Izvor:pogled.ba<\/p>\n","protected":false},"excerpt":{"rendered":"<p>U posljednja 24 sata u Bosni i Hercegovini testirano je 1.186 uzoraka na koronavirus. Od ovog broja, potvr\u0111eno je 17 novozara\u017eenih. Od posljedica zaraze koronavirusom u posljednja 24 sata preminule su dvije osobe. Usporedbe radi, prethodnog dana u BiH nakon testiranja 1.675 uzorka prijavljeno je 16 novozara\u017eenih koronavirusom. Preminula je jedna osoba kod koje je [&hellip;]<\/p>\n","protected":false},"author":2,"featured_media":10783,"comment_status":"closed","ping_status":"closed","sticky":false,"template":"","format":"standard","meta":{"h5ap_radio_sources":[],"footnotes":""},"categories":[1],"tags":[],"class_list":["post-36299","post","type-post","status-publish","format-standard","has-post-thumbnail","hentry","category-bihiregija"],"yoast_head":"<!-- This site is optimized with the Yoast SEO plugin v27.5 - https:\/\/yoast.com\/product\/yoast-seo-wordpress\/ -->\n<title>U Bosni i Hercegovini 17 novozara\u017eenih, zabilje\u017eena dva smrtna ishoda - RADIO LJUBU\u0160KI<\/title>\n<meta name=\"robots\" content=\"index, follow, max-snippet:-1, max-image-preview:large, max-video-preview:-1\" \/>\n<link rel=\"canonical\" href=\"https:\/\/radioljubuski.ba\/index.php\/2021\/06\/27\/u-bosni-i-hercegovini-17-novozarazenih-zabiljezena-dva-smrtna-ishoda\/\" \/>\n<meta property=\"og:locale\" content=\"hr_HR\" \/>\n<meta property=\"og:type\" content=\"article\" \/>\n<meta property=\"og:title\" content=\"U Bosni i Hercegovini 17 novozara\u017eenih, zabilje\u017eena dva smrtna ishoda - RADIO LJUBU\u0160KI\" \/>\n<meta property=\"og:description\" content=\"U posljednja 24 sata u Bosni i Hercegovini testirano je 1.186 uzoraka na koronavirus. Od ovog broja, potvr\u0111eno je 17 novozara\u017eenih. Od posljedica zaraze koronavirusom u posljednja 24 sata preminule su dvije osobe. Usporedbe radi, prethodnog dana u BiH nakon testiranja 1.675 uzorka prijavljeno je 16 novozara\u017eenih koronavirusom. Preminula je jedna osoba kod koje je [&hellip;]\" \/>\n<meta property=\"og:url\" content=\"https:\/\/radioljubuski.ba\/index.php\/2021\/06\/27\/u-bosni-i-hercegovini-17-novozarazenih-zabiljezena-dva-smrtna-ishoda\/\" \/>\n<meta property=\"og:site_name\" content=\"RADIO LJUBU\u0160KI\" \/>\n<meta property=\"article:publisher\" content=\"https:\/\/www.facebook.com\/Radiio-Ljubuski-1490835324566332\" \/>\n<meta property=\"article:published_time\" content=\"2021-06-27T11:00:52+00:00\" \/>\n<meta property=\"article:modified_time\" content=\"2021-06-27T11:00:53+00:00\" \/>\n<meta property=\"og:image\" content=\"https:\/\/radioljubuski.ba\/wp-content\/uploads\/2021\/04\/korona-hrlj.jpg\" \/>\n\t<meta property=\"og:image:width\" content=\"760\" \/>\n\t<meta property=\"og:image:height\" content=\"525\" \/>\n\t<meta property=\"og:image:type\" content=\"image\/jpeg\" \/>\n<meta name=\"author\" content=\"Radio Ljubu\u0161ki\" \/>\n<meta name=\"twitter:card\" content=\"summary_large_image\" \/>\n<meta name=\"twitter:creator\" content=\"@radioljubuski\" \/>\n<meta name=\"twitter:site\" content=\"@radioljubuski\" \/>\n<meta name=\"twitter:label1\" content=\"Napisao\/la\" \/>\n\t<meta name=\"twitter:data1\" content=\"Radio Ljubu\u0161ki\" \/>\n\t<meta name=\"twitter:label2\" content=\"Procijenjeno vrijeme \u010ditanja\" \/>\n\t<meta name=\"twitter:data2\" content=\"2 minute\" \/>\n<script type=\"application\/ld+json\" class=\"yoast-schema-graph\">{\"@context\":\"https:\\\/\\\/schema.org\",\"@graph\":[{\"@type\":\"Article\",\"@id\":\"https:\\\/\\\/radioljubuski.ba\\\/index.php\\\/2021\\\/06\\\/27\\\/u-bosni-i-hercegovini-17-novozarazenih-zabiljezena-dva-smrtna-ishoda\\\/#article\",\"isPartOf\":{\"@id\":\"https:\\\/\\\/radioljubuski.ba\\\/index.php\\\/2021\\\/06\\\/27\\\/u-bosni-i-hercegovini-17-novozarazenih-zabiljezena-dva-smrtna-ishoda\\\/\"},\"author\":{\"name\":\"Radio Ljubu\u0161ki\",\"@id\":\"https:\\\/\\\/radioljubuski.ba\\\/#\\\/schema\\\/person\\\/19fc700381a780f69665d7956c469e3b\"},\"headline\":\"U Bosni i Hercegovini 17 novozara\u017eenih, zabilje\u017eena dva smrtna ishoda\",\"datePublished\":\"2021-06-27T11:00:52+00:00\",\"dateModified\":\"2021-06-27T11:00:53+00:00\",\"mainEntityOfPage\":{\"@id\":\"https:\\\/\\\/radioljubuski.ba\\\/index.php\\\/2021\\\/06\\\/27\\\/u-bosni-i-hercegovini-17-novozarazenih-zabiljezena-dva-smrtna-ishoda\\\/\"},\"wordCount\":373,\"publisher\":{\"@id\":\"https:\\\/\\\/radioljubuski.ba\\\/#organization\"},\"image\":{\"@id\":\"https:\\\/\\\/radioljubuski.ba\\\/index.php\\\/2021\\\/06\\\/27\\\/u-bosni-i-hercegovini-17-novozarazenih-zabiljezena-dva-smrtna-ishoda\\\/#primaryimage\"},\"thumbnailUrl\":\"https:\\\/\\\/radioljubuski.ba\\\/wp-content\\\/uploads\\\/2021\\\/04\\\/korona-hrlj.jpg\",\"articleSection\":[\"BIH i regija\"],\"inLanguage\":\"hr\"},{\"@type\":\"WebPage\",\"@id\":\"https:\\\/\\\/radioljubuski.ba\\\/index.php\\\/2021\\\/06\\\/27\\\/u-bosni-i-hercegovini-17-novozarazenih-zabiljezena-dva-smrtna-ishoda\\\/\",\"url\":\"https:\\\/\\\/radioljubuski.ba\\\/index.php\\\/2021\\\/06\\\/27\\\/u-bosni-i-hercegovini-17-novozarazenih-zabiljezena-dva-smrtna-ishoda\\\/\",\"name\":\"U Bosni i Hercegovini 17 novozara\u017eenih, zabilje\u017eena dva smrtna ishoda - RADIO LJUBU\u0160KI\",\"isPartOf\":{\"@id\":\"https:\\\/\\\/radioljubuski.ba\\\/#website\"},\"primaryImageOfPage\":{\"@id\":\"https:\\\/\\\/radioljubuski.ba\\\/index.php\\\/2021\\\/06\\\/27\\\/u-bosni-i-hercegovini-17-novozarazenih-zabiljezena-dva-smrtna-ishoda\\\/#primaryimage\"},\"image\":{\"@id\":\"https:\\\/\\\/radioljubuski.ba\\\/index.php\\\/2021\\\/06\\\/27\\\/u-bosni-i-hercegovini-17-novozarazenih-zabiljezena-dva-smrtna-ishoda\\\/#primaryimage\"},\"thumbnailUrl\":\"https:\\\/\\\/radioljubuski.ba\\\/wp-content\\\/uploads\\\/2021\\\/04\\\/korona-hrlj.jpg\",\"datePublished\":\"2021-06-27T11:00:52+00:00\",\"dateModified\":\"2021-06-27T11:00:53+00:00\",\"breadcrumb\":{\"@id\":\"https:\\\/\\\/radioljubuski.ba\\\/index.php\\\/2021\\\/06\\\/27\\\/u-bosni-i-hercegovini-17-novozarazenih-zabiljezena-dva-smrtna-ishoda\\\/#breadcrumb\"},\"inLanguage\":\"hr\",\"potentialAction\":[{\"@type\":\"ReadAction\",\"target\":[\"https:\\\/\\\/radioljubuski.ba\\\/index.php\\\/2021\\\/06\\\/27\\\/u-bosni-i-hercegovini-17-novozarazenih-zabiljezena-dva-smrtna-ishoda\\\/\"]}]},{\"@type\":\"ImageObject\",\"inLanguage\":\"hr\",\"@id\":\"https:\\\/\\\/radioljubuski.ba\\\/index.php\\\/2021\\\/06\\\/27\\\/u-bosni-i-hercegovini-17-novozarazenih-zabiljezena-dva-smrtna-ishoda\\\/#primaryimage\",\"url\":\"https:\\\/\\\/radioljubuski.ba\\\/wp-content\\\/uploads\\\/2021\\\/04\\\/korona-hrlj.jpg\",\"contentUrl\":\"https:\\\/\\\/radioljubuski.ba\\\/wp-content\\\/uploads\\\/2021\\\/04\\\/korona-hrlj.jpg\",\"width\":760,\"height\":525},{\"@type\":\"BreadcrumbList\",\"@id\":\"https:\\\/\\\/radioljubuski.ba\\\/index.php\\\/2021\\\/06\\\/27\\\/u-bosni-i-hercegovini-17-novozarazenih-zabiljezena-dva-smrtna-ishoda\\\/#breadcrumb\",\"itemListElement\":[{\"@type\":\"ListItem\",\"position\":1,\"name\":\"Po\u010detna stranica\",\"item\":\"https:\\\/\\\/radioljubuski.ba\\\/\"},{\"@type\":\"ListItem\",\"position\":2,\"name\":\"U Bosni i Hercegovini 17 novozara\u017eenih, zabilje\u017eena dva smrtna ishoda\"}]},{\"@type\":\"WebSite\",\"@id\":\"https:\\\/\\\/radioljubuski.ba\\\/#website\",\"url\":\"https:\\\/\\\/radioljubuski.ba\\\/\",\"name\":\"Radio Ljubu\u0161ki\",\"description\":\"Sun\u010dana frekvencija Hercegovine\",\"publisher\":{\"@id\":\"https:\\\/\\\/radioljubuski.ba\\\/#organization\"},\"potentialAction\":[{\"@type\":\"SearchAction\",\"target\":{\"@type\":\"EntryPoint\",\"urlTemplate\":\"https:\\\/\\\/radioljubuski.ba\\\/?s={search_term_string}\"},\"query-input\":{\"@type\":\"PropertyValueSpecification\",\"valueRequired\":true,\"valueName\":\"search_term_string\"}}],\"inLanguage\":\"hr\"},{\"@type\":\"Organization\",\"@id\":\"https:\\\/\\\/radioljubuski.ba\\\/#organization\",\"name\":\"Radio Ljubu\u0161ki\",\"url\":\"https:\\\/\\\/radioljubuski.ba\\\/\",\"logo\":{\"@type\":\"ImageObject\",\"inLanguage\":\"hr\",\"@id\":\"https:\\\/\\\/radioljubuski.ba\\\/#\\\/schema\\\/logo\\\/image\\\/\",\"url\":\"https:\\\/\\\/radioljubuski.ba\\\/wp-content\\\/uploads\\\/2021\\\/02\\\/cropped-Radio_Ljubuski_logo1.jpg\",\"contentUrl\":\"https:\\\/\\\/radioljubuski.ba\\\/wp-content\\\/uploads\\\/2021\\\/02\\\/cropped-Radio_Ljubuski_logo1.jpg\",\"width\":512,\"height\":512,\"caption\":\"Radio Ljubu\u0161ki\"},\"image\":{\"@id\":\"https:\\\/\\\/radioljubuski.ba\\\/#\\\/schema\\\/logo\\\/image\\\/\"},\"sameAs\":[\"https:\\\/\\\/www.facebook.com\\\/Radiio-Ljubuski-1490835324566332\",\"https:\\\/\\\/x.com\\\/radioljubuski\",\"https:\\\/\\\/hr.linkedin.com\\\/company\\\/radio-ljubuski\",\"https:\\\/\\\/www.youtube.com\\\/channel\\\/UCHYaeO_n0Db3tjNGudGpXyw\"]},{\"@type\":\"Person\",\"@id\":\"https:\\\/\\\/radioljubuski.ba\\\/#\\\/schema\\\/person\\\/19fc700381a780f69665d7956c469e3b\",\"name\":\"Radio Ljubu\u0161ki\"}]}<\/script>\n<!-- \/ Yoast SEO plugin. -->","yoast_head_json":{"title":"U Bosni i Hercegovini 17 novozara\u017eenih, zabilje\u017eena dva smrtna ishoda - RADIO LJUBU\u0160KI","robots":{"index":"index","follow":"follow","max-snippet":"max-snippet:-1","max-image-preview":"max-image-preview:large","max-video-preview":"max-video-preview:-1"},"canonical":"https:\/\/radioljubuski.ba\/index.php\/2021\/06\/27\/u-bosni-i-hercegovini-17-novozarazenih-zabiljezena-dva-smrtna-ishoda\/","og_locale":"hr_HR","og_type":"article","og_title":"U Bosni i Hercegovini 17 novozara\u017eenih, zabilje\u017eena dva smrtna ishoda - RADIO LJUBU\u0160KI","og_description":"U posljednja 24 sata u Bosni i Hercegovini testirano je 1.186 uzoraka na koronavirus. Od ovog broja, potvr\u0111eno je 17 novozara\u017eenih. Od posljedica zaraze koronavirusom u posljednja 24 sata preminule su dvije osobe. Usporedbe radi, prethodnog dana u BiH nakon testiranja 1.675 uzorka prijavljeno je 16 novozara\u017eenih koronavirusom. Preminula je jedna osoba kod koje je [&hellip;]","og_url":"https:\/\/radioljubuski.ba\/index.php\/2021\/06\/27\/u-bosni-i-hercegovini-17-novozarazenih-zabiljezena-dva-smrtna-ishoda\/","og_site_name":"RADIO LJUBU\u0160KI","article_publisher":"https:\/\/www.facebook.com\/Radiio-Ljubuski-1490835324566332","article_published_time":"2021-06-27T11:00:52+00:00","article_modified_time":"2021-06-27T11:00:53+00:00","og_image":[{"width":760,"height":525,"url":"https:\/\/radioljubuski.ba\/wp-content\/uploads\/2021\/04\/korona-hrlj.jpg","type":"image\/jpeg"}],"author":"Radio Ljubu\u0161ki","twitter_card":"summary_large_image","twitter_creator":"@radioljubuski","twitter_site":"@radioljubuski","twitter_misc":{"Napisao\/la":"Radio Ljubu\u0161ki","Procijenjeno vrijeme \u010ditanja":"2 minute"},"schema":{"@context":"https:\/\/schema.org","@graph":[{"@type":"Article","@id":"https:\/\/radioljubuski.ba\/index.php\/2021\/06\/27\/u-bosni-i-hercegovini-17-novozarazenih-zabiljezena-dva-smrtna-ishoda\/#article","isPartOf":{"@id":"https:\/\/radioljubuski.ba\/index.php\/2021\/06\/27\/u-bosni-i-hercegovini-17-novozarazenih-zabiljezena-dva-smrtna-ishoda\/"},"author":{"name":"Radio Ljubu\u0161ki","@id":"https:\/\/radioljubuski.ba\/#\/schema\/person\/19fc700381a780f69665d7956c469e3b"},"headline":"U Bosni i Hercegovini 17 novozara\u017eenih, zabilje\u017eena dva smrtna ishoda","datePublished":"2021-06-27T11:00:52+00:00","dateModified":"2021-06-27T11:00:53+00:00","mainEntityOfPage":{"@id":"https:\/\/radioljubuski.ba\/index.php\/2021\/06\/27\/u-bosni-i-hercegovini-17-novozarazenih-zabiljezena-dva-smrtna-ishoda\/"},"wordCount":373,"publisher":{"@id":"https:\/\/radioljubuski.ba\/#organization"},"image":{"@id":"https:\/\/radioljubuski.ba\/index.php\/2021\/06\/27\/u-bosni-i-hercegovini-17-novozarazenih-zabiljezena-dva-smrtna-ishoda\/#primaryimage"},"thumbnailUrl":"https:\/\/radioljubuski.ba\/wp-content\/uploads\/2021\/04\/korona-hrlj.jpg","articleSection":["BIH i regija"],"inLanguage":"hr"},{"@type":"WebPage","@id":"https:\/\/radioljubuski.ba\/index.php\/2021\/06\/27\/u-bosni-i-hercegovini-17-novozarazenih-zabiljezena-dva-smrtna-ishoda\/","url":"https:\/\/radioljubuski.ba\/index.php\/2021\/06\/27\/u-bosni-i-hercegovini-17-novozarazenih-zabiljezena-dva-smrtna-ishoda\/","name":"U Bosni i Hercegovini 17 novozara\u017eenih, zabilje\u017eena dva smrtna ishoda - RADIO LJUBU\u0160KI","isPartOf":{"@id":"https:\/\/radioljubuski.ba\/#website"},"primaryImageOfPage":{"@id":"https:\/\/radioljubuski.ba\/index.php\/2021\/06\/27\/u-bosni-i-hercegovini-17-novozarazenih-zabiljezena-dva-smrtna-ishoda\/#primaryimage"},"image":{"@id":"https:\/\/radioljubuski.ba\/index.php\/2021\/06\/27\/u-bosni-i-hercegovini-17-novozarazenih-zabiljezena-dva-smrtna-ishoda\/#primaryimage"},"thumbnailUrl":"https:\/\/radioljubuski.ba\/wp-content\/uploads\/2021\/04\/korona-hrlj.jpg","datePublished":"2021-06-27T11:00:52+00:00","dateModified":"2021-06-27T11:00:53+00:00","breadcrumb":{"@id":"https:\/\/radioljubuski.ba\/index.php\/2021\/06\/27\/u-bosni-i-hercegovini-17-novozarazenih-zabiljezena-dva-smrtna-ishoda\/#breadcrumb"},"inLanguage":"hr","potentialAction":[{"@type":"ReadAction","target":["https:\/\/radioljubuski.ba\/index.php\/2021\/06\/27\/u-bosni-i-hercegovini-17-novozarazenih-zabiljezena-dva-smrtna-ishoda\/"]}]},{"@type":"ImageObject","inLanguage":"hr","@id":"https:\/\/radioljubuski.ba\/index.php\/2021\/06\/27\/u-bosni-i-hercegovini-17-novozarazenih-zabiljezena-dva-smrtna-ishoda\/#primaryimage","url":"https:\/\/radioljubuski.ba\/wp-content\/uploads\/2021\/04\/korona-hrlj.jpg","contentUrl":"https:\/\/radioljubuski.ba\/wp-content\/uploads\/2021\/04\/korona-hrlj.jpg","width":760,"height":525},{"@type":"BreadcrumbList","@id":"https:\/\/radioljubuski.ba\/index.php\/2021\/06\/27\/u-bosni-i-hercegovini-17-novozarazenih-zabiljezena-dva-smrtna-ishoda\/#breadcrumb","itemListElement":[{"@type":"ListItem","position":1,"name":"Po\u010detna stranica","item":"https:\/\/radioljubuski.ba\/"},{"@type":"ListItem","position":2,"name":"U Bosni i Hercegovini 17 novozara\u017eenih, zabilje\u017eena dva smrtna ishoda"}]},{"@type":"WebSite","@id":"https:\/\/radioljubuski.ba\/#website","url":"https:\/\/radioljubuski.ba\/","name":"Radio Ljubu\u0161ki","description":"Sun\u010dana frekvencija Hercegovine","publisher":{"@id":"https:\/\/radioljubuski.ba\/#organization"},"potentialAction":[{"@type":"SearchAction","target":{"@type":"EntryPoint","urlTemplate":"https:\/\/radioljubuski.ba\/?s={search_term_string}"},"query-input":{"@type":"PropertyValueSpecification","valueRequired":true,"valueName":"search_term_string"}}],"inLanguage":"hr"},{"@type":"Organization","@id":"https:\/\/radioljubuski.ba\/#organization","name":"Radio Ljubu\u0161ki","url":"https:\/\/radioljubuski.ba\/","logo":{"@type":"ImageObject","inLanguage":"hr","@id":"https:\/\/radioljubuski.ba\/#\/schema\/logo\/image\/","url":"https:\/\/radioljubuski.ba\/wp-content\/uploads\/2021\/02\/cropped-Radio_Ljubuski_logo1.jpg","contentUrl":"https:\/\/radioljubuski.ba\/wp-content\/uploads\/2021\/02\/cropped-Radio_Ljubuski_logo1.jpg","width":512,"height":512,"caption":"Radio Ljubu\u0161ki"},"image":{"@id":"https:\/\/radioljubuski.ba\/#\/schema\/logo\/image\/"},"sameAs":["https:\/\/www.facebook.com\/Radiio-Ljubuski-1490835324566332","https:\/\/x.com\/radioljubuski","https:\/\/hr.linkedin.com\/company\/radio-ljubuski","https:\/\/www.youtube.com\/channel\/UCHYaeO_n0Db3tjNGudGpXyw"]},{"@type":"Person","@id":"https:\/\/radioljubuski.ba\/#\/schema\/person\/19fc700381a780f69665d7956c469e3b","name":"Radio Ljubu\u0161ki"}]}},"_links":{"self":[{"href":"https:\/\/radioljubuski.ba\/index.php\/wp-json\/wp\/v2\/posts\/36299","targetHints":{"allow":["GET"]}}],"collection":[{"href":"https:\/\/radioljubuski.ba\/index.php\/wp-json\/wp\/v2\/posts"}],"about":[{"href":"https:\/\/radioljubuski.ba\/index.php\/wp-json\/wp\/v2\/types\/post"}],"author":[{"embeddable":true,"href":"https:\/\/radioljubuski.ba\/index.php\/wp-json\/wp\/v2\/users\/2"}],"replies":[{"embeddable":true,"href":"https:\/\/radioljubuski.ba\/index.php\/wp-json\/wp\/v2\/comments?post=36299"}],"version-history":[{"count":1,"href":"https:\/\/radioljubuski.ba\/index.php\/wp-json\/wp\/v2\/posts\/36299\/revisions"}],"predecessor-version":[{"id":36300,"href":"https:\/\/radioljubuski.ba\/index.php\/wp-json\/wp\/v2\/posts\/36299\/revisions\/36300"}],"wp:featuredmedia":[{"embeddable":true,"href":"https:\/\/radioljubuski.ba\/index.php\/wp-json\/wp\/v2\/media\/10783"}],"wp:attachment":[{"href":"https:\/\/radioljubuski.ba\/index.php\/wp-json\/wp\/v2\/media?parent=36299"}],"wp:term":[{"taxonomy":"category","embeddable":true,"href":"https:\/\/radioljubuski.ba\/index.php\/wp-json\/wp\/v2\/categories?post=36299"},{"taxonomy":"post_tag","embeddable":true,"href":"https:\/\/radioljubuski.ba\/index.php\/wp-json\/wp\/v2\/tags?post=36299"}],"curies":[{"name":"wp","href":"https:\/\/api.w.org\/{rel}","templated":true}]}}