{"id":36304,"date":"2021-06-27T12:03:07","date_gmt":"2021-06-27T11:03:07","guid":{"rendered":"https:\/\/radioljubuski.ba\/?p=36304"},"modified":"2021-06-27T12:03:09","modified_gmt":"2021-06-27T11:03:09","slug":"gp-bih-ocekuju-se-guzve-na-granici-koristite-alternativne-prijelaze","status":"publish","type":"post","link":"https:\/\/radioljubuski.ba\/index.php\/2021\/06\/27\/gp-bih-ocekuju-se-guzve-na-granici-koristite-alternativne-prijelaze\/","title":{"rendered":"GP BIH: O\u010dekuju se gu\u017eve na granici, koristite alternativne prijelaze"},"content":{"rendered":"\n<p>Na grani\u010dnim prijelazima na izlazu iz BiH jo\u0161 uvijek nema prevelikih zadr\u017eavanja, no s toplijim vremenom i ve\u0107 ubla\u017eenim mjerama ta situacija polako se mijenja, \u0161to su potvrdili iz Grani\u010dne policije BiH.<\/p>\n\n\n\n<p>&#8211; S obzirom na turisti\u010dku sezonu i ubla\u017eene mjere na grani\u010dnim prijelazima zbog povoljnije situacije s pandemijom COVID-19, dolazi do pove\u0107anja prometa. Trenuta\u010dno na grani\u010dnim prijelazima nema ve\u0107ih zadr\u017eavanja ni gu\u017evi. Otvoreni su svi grani\u010dni prijelazi za promet putnika i vozila te se mogu koristiti za prelazak dr\u017eavne granice &#8211; kazali su iz GP BiH, pi\u0161e&nbsp;<a href=\"https:\/\/www.vecernji.ba\/vijesti\/ocekuju-se-guzve-na-granici-koristite-alternativne-prijelaze-1503671\" target=\"_blank\" rel=\"noreferrer noopener\">Ve\u010dernji list BiH.<\/a><\/p>\n\n\n\n<p><strong>O\u010dekujte gu\u017eve<\/strong><\/p>\n\n\n\n<p>Budu\u0107i da se ve\u0107 ovoga vikenda mogu o\u010dekivati ve\u0107e gu\u017eve na grani\u010dnim prijelazima koji vode do mora, savjetuje se kori\u0161tenje alternativnih pravaca kako bi se izbjegla ve\u0107a zadr\u017eavanja.<\/p>\n\n\n\n<p>Kada je rije\u010d o Hercegovini, ve\u0107 je poznato kako su najve\u0107e gu\u017eve na grani\u010dnom prijelazu Doljani, gdje se, prema ranijim iskustvima, na izlaz iz BiH \u010dekalo i do dva sata. Me\u0111u najprometnijim grani\u010dnim prijelazima su i Ra\u010da, Ora\u0161je, Gradi\u0161ka, Iza\u010di\u0107, Gorica, Bija\u010da, Doljani, Ivanica, Zupci, \u0160epak i \u0160amac.<\/p>\n\n\n\n<p>Ina\u010de, zbog poja\u010danoga prometa na samom jugu zemlje i preoptere\u0107enosti odre\u0111enih grani\u010dnih prijelaza, preporu\u010duje se kori\u0161tenje grani\u010dnih prijelaza Bija\u010da &#8211; Nova Sela koji se nalazi na autocesti, ali i prijelaza Zviri\u0107i &#8211; Prud, Crveni Grm &#8211; Mali Prolog, Orahovlje &#8211; Orah, Ivanica &#8211; Brgat, Gorica &#8211; Vinjani Donji i Osoje &#8211; Vinjani Gornji.<\/p>\n\n\n\n<p>Kako bi se izbjegla dodatna zadr\u017eavanja na samim prijelazima, mole se putnici da provjere ispravnost dokumenata. Ina\u010de, hrvatski dr\u017eavljani iz BiH u Hrvatsku mogu u\u0107i na 12 sati i ako nemaju potvrdu da su preboljeli COVID-19, potvrdu o cijepljenju, negativan antigenski ili PCR test. Kada je pak rije\u010d o uvjetima ulaska u BiH, dr\u017eavljani Crne Gore, Hrvatske i Srbije mogu u\u0107i bez negativnog testa na koronavirus i potvrde, dok su uvjeti za ostale strane dr\u017eavljane malo druga\u010diji. &#8211;<\/p>\n\n\n\n<p>Strani dr\u017eavljani prilikom ulaska u BiH moraju imati negativan nalaz PCR testa ili brzog antigenskog testa na virus SARS-CoV-2, koji nije stariji od 48 sati ako dolaze iz zemalja Europe, a ako dolaze iz drugih zemalja, koji nije stariji od 72 sata do dolaska na grani\u010dni prijelaz BiH, potvrdu o cijepljenju za osobu koja je prije vi\u0161e od 14 dana od dana dolaska na grani\u010dni prijelaz BiH primila drugu dozu cjepiva protiv COVID-19 ili je cijepljena jednom dozom prije 14 dana i vi\u0161e od dana dolaska na grani\u010dni prijelaz BiH, ako se radi o cjepivu koje se prima u jednoj dozi te potvrdu izdanu od lije\u010dnika o preboljenom COVID-19 u proteklom razdoblju od 14 dana do 180 dana od dana dolaska na ulaz u BiH &#8211; obja\u0161njavaju za Ve\u010dernji list iz GP BiH.<\/p>\n\n\n\n<p><strong>Pridr\u017eavanje mjera<\/strong><\/p>\n\n\n\n<p>Kako su kazali iz GP BiH, od 1. sije\u010dnja 2021. do 24. lipnja 2021. na ulazu u BiH i na izlazu iz BiH evidentirane su ukupno 8,641.173 osobe, odnosno dr\u017eavljana BiH, ali i stranaca. Od navedenoga broja, na ulazu u BiH evidentirane su 4,356.892 osobe, dok je na izlazu evidentirana 4,284.281 osoba. &#8211; U navedenom razdoblju, dakle, od po\u010detka godine, najvi\u0161e je evidentirano dr\u017eavljana Srbije &#8211; 2,121.223, Hrvatske &#8211; 1,868.722, Crne Gore &#8211; 253.668 i dr. U svibnju 2021. na ulazu i na izlazu iz BiH evidentirano je 1,902.578 osoba (dr\u017eavljani BiH i strani dr\u017eavljani), dok je od po\u010detka lipnja do 24. lipnja 2021. godine evidentirano 1,748.217 osoba &#8211; ka\u017eu iz GP BiH.<\/p>\n\n\n\n<p>Podsjetimo, trenuta\u010dno se tijekom ulaska u BiH ne odre\u0111uju mjere samoizolacije, dok su sve osobe po ulasku u BiH obvezne pridr\u017eavati se uputa i po\u0161tovati sve naredbe nadle\u017enih epidemiolo\u0161ko-zdravstvenih tijela (socijalna distanca, za\u0161titne maske, dezinfekcija ruku i dr.)<\/p>\n\n\n\n<p>Izvor:vecernji.ba<\/p>\n","protected":false},"excerpt":{"rendered":"<p>Na grani\u010dnim prijelazima na izlazu iz BiH jo\u0161 uvijek nema prevelikih zadr\u017eavanja, no s toplijim vremenom i ve\u0107 ubla\u017eenim mjerama ta situacija polako se mijenja, \u0161to su potvrdili iz Grani\u010dne policije BiH. &#8211; S obzirom na turisti\u010dku sezonu i ubla\u017eene mjere na grani\u010dnim prijelazima zbog povoljnije situacije s pandemijom COVID-19, dolazi do pove\u0107anja prometa. Trenuta\u010dno [&hellip;]<\/p>\n","protected":false},"author":2,"featured_media":36305,"comment_status":"closed","ping_status":"closed","sticky":false,"template":"","format":"standard","meta":{"h5ap_radio_sources":[],"footnotes":""},"categories":[1],"tags":[],"class_list":["post-36304","post","type-post","status-publish","format-standard","has-post-thumbnail","hentry","category-bihiregija"],"yoast_head":"<!-- This site is optimized with the Yoast SEO plugin v27.5 - https:\/\/yoast.com\/product\/yoast-seo-wordpress\/ -->\n<title>GP BIH: O\u010dekuju se gu\u017eve na granici, koristite alternativne prijelaze - RADIO LJUBU\u0160KI<\/title>\n<meta name=\"robots\" content=\"index, follow, max-snippet:-1, max-image-preview:large, max-video-preview:-1\" \/>\n<link rel=\"canonical\" href=\"https:\/\/radioljubuski.ba\/index.php\/2021\/06\/27\/gp-bih-ocekuju-se-guzve-na-granici-koristite-alternativne-prijelaze\/\" \/>\n<meta property=\"og:locale\" content=\"hr_HR\" \/>\n<meta property=\"og:type\" content=\"article\" \/>\n<meta property=\"og:title\" content=\"GP BIH: O\u010dekuju se gu\u017eve na granici, koristite alternativne prijelaze - RADIO LJUBU\u0160KI\" \/>\n<meta property=\"og:description\" content=\"Na grani\u010dnim prijelazima na izlazu iz BiH jo\u0161 uvijek nema prevelikih zadr\u017eavanja, no s toplijim vremenom i ve\u0107 ubla\u017eenim mjerama ta situacija polako se mijenja, \u0161to su potvrdili iz Grani\u010dne policije BiH. &#8211; S obzirom na turisti\u010dku sezonu i ubla\u017eene mjere na grani\u010dnim prijelazima zbog povoljnije situacije s pandemijom COVID-19, dolazi do pove\u0107anja prometa. Trenuta\u010dno [&hellip;]\" \/>\n<meta property=\"og:url\" content=\"https:\/\/radioljubuski.ba\/index.php\/2021\/06\/27\/gp-bih-ocekuju-se-guzve-na-granici-koristite-alternativne-prijelaze\/\" \/>\n<meta property=\"og:site_name\" content=\"RADIO LJUBU\u0160KI\" \/>\n<meta property=\"article:publisher\" content=\"https:\/\/www.facebook.com\/Radiio-Ljubuski-1490835324566332\" \/>\n<meta property=\"article:published_time\" content=\"2021-06-27T11:03:07+00:00\" \/>\n<meta property=\"article:modified_time\" content=\"2021-06-27T11:03:09+00:00\" \/>\n<meta property=\"og:image\" content=\"https:\/\/radioljubuski.ba\/wp-content\/uploads\/2021\/06\/BJnLcHut_doljanii.jpg\" \/>\n\t<meta property=\"og:image:width\" content=\"1000\" \/>\n\t<meta property=\"og:image:height\" content=\"625\" \/>\n\t<meta property=\"og:image:type\" content=\"image\/jpeg\" \/>\n<meta name=\"author\" content=\"Radio Ljubu\u0161ki\" \/>\n<meta name=\"twitter:card\" content=\"summary_large_image\" \/>\n<meta name=\"twitter:creator\" content=\"@radioljubuski\" \/>\n<meta name=\"twitter:site\" content=\"@radioljubuski\" \/>\n<meta name=\"twitter:label1\" content=\"Napisao\/la\" \/>\n\t<meta name=\"twitter:data1\" content=\"Radio Ljubu\u0161ki\" \/>\n\t<meta name=\"twitter:label2\" content=\"Procijenjeno vrijeme \u010ditanja\" \/>\n\t<meta name=\"twitter:data2\" content=\"3 minute\" \/>\n<script type=\"application\/ld+json\" class=\"yoast-schema-graph\">{\"@context\":\"https:\\\/\\\/schema.org\",\"@graph\":[{\"@type\":\"Article\",\"@id\":\"https:\\\/\\\/radioljubuski.ba\\\/index.php\\\/2021\\\/06\\\/27\\\/gp-bih-ocekuju-se-guzve-na-granici-koristite-alternativne-prijelaze\\\/#article\",\"isPartOf\":{\"@id\":\"https:\\\/\\\/radioljubuski.ba\\\/index.php\\\/2021\\\/06\\\/27\\\/gp-bih-ocekuju-se-guzve-na-granici-koristite-alternativne-prijelaze\\\/\"},\"author\":{\"name\":\"Radio Ljubu\u0161ki\",\"@id\":\"https:\\\/\\\/radioljubuski.ba\\\/#\\\/schema\\\/person\\\/19fc700381a780f69665d7956c469e3b\"},\"headline\":\"GP BIH: O\u010dekuju se gu\u017eve na granici, koristite alternativne prijelaze\",\"datePublished\":\"2021-06-27T11:03:07+00:00\",\"dateModified\":\"2021-06-27T11:03:09+00:00\",\"mainEntityOfPage\":{\"@id\":\"https:\\\/\\\/radioljubuski.ba\\\/index.php\\\/2021\\\/06\\\/27\\\/gp-bih-ocekuju-se-guzve-na-granici-koristite-alternativne-prijelaze\\\/\"},\"wordCount\":661,\"publisher\":{\"@id\":\"https:\\\/\\\/radioljubuski.ba\\\/#organization\"},\"image\":{\"@id\":\"https:\\\/\\\/radioljubuski.ba\\\/index.php\\\/2021\\\/06\\\/27\\\/gp-bih-ocekuju-se-guzve-na-granici-koristite-alternativne-prijelaze\\\/#primaryimage\"},\"thumbnailUrl\":\"https:\\\/\\\/radioljubuski.ba\\\/wp-content\\\/uploads\\\/2021\\\/06\\\/BJnLcHut_doljanii.jpg\",\"articleSection\":[\"BIH i regija\"],\"inLanguage\":\"hr\"},{\"@type\":\"WebPage\",\"@id\":\"https:\\\/\\\/radioljubuski.ba\\\/index.php\\\/2021\\\/06\\\/27\\\/gp-bih-ocekuju-se-guzve-na-granici-koristite-alternativne-prijelaze\\\/\",\"url\":\"https:\\\/\\\/radioljubuski.ba\\\/index.php\\\/2021\\\/06\\\/27\\\/gp-bih-ocekuju-se-guzve-na-granici-koristite-alternativne-prijelaze\\\/\",\"name\":\"GP BIH: O\u010dekuju se gu\u017eve na granici, koristite alternativne prijelaze - RADIO LJUBU\u0160KI\",\"isPartOf\":{\"@id\":\"https:\\\/\\\/radioljubuski.ba\\\/#website\"},\"primaryImageOfPage\":{\"@id\":\"https:\\\/\\\/radioljubuski.ba\\\/index.php\\\/2021\\\/06\\\/27\\\/gp-bih-ocekuju-se-guzve-na-granici-koristite-alternativne-prijelaze\\\/#primaryimage\"},\"image\":{\"@id\":\"https:\\\/\\\/radioljubuski.ba\\\/index.php\\\/2021\\\/06\\\/27\\\/gp-bih-ocekuju-se-guzve-na-granici-koristite-alternativne-prijelaze\\\/#primaryimage\"},\"thumbnailUrl\":\"https:\\\/\\\/radioljubuski.ba\\\/wp-content\\\/uploads\\\/2021\\\/06\\\/BJnLcHut_doljanii.jpg\",\"datePublished\":\"2021-06-27T11:03:07+00:00\",\"dateModified\":\"2021-06-27T11:03:09+00:00\",\"breadcrumb\":{\"@id\":\"https:\\\/\\\/radioljubuski.ba\\\/index.php\\\/2021\\\/06\\\/27\\\/gp-bih-ocekuju-se-guzve-na-granici-koristite-alternativne-prijelaze\\\/#breadcrumb\"},\"inLanguage\":\"hr\",\"potentialAction\":[{\"@type\":\"ReadAction\",\"target\":[\"https:\\\/\\\/radioljubuski.ba\\\/index.php\\\/2021\\\/06\\\/27\\\/gp-bih-ocekuju-se-guzve-na-granici-koristite-alternativne-prijelaze\\\/\"]}]},{\"@type\":\"ImageObject\",\"inLanguage\":\"hr\",\"@id\":\"https:\\\/\\\/radioljubuski.ba\\\/index.php\\\/2021\\\/06\\\/27\\\/gp-bih-ocekuju-se-guzve-na-granici-koristite-alternativne-prijelaze\\\/#primaryimage\",\"url\":\"https:\\\/\\\/radioljubuski.ba\\\/wp-content\\\/uploads\\\/2021\\\/06\\\/BJnLcHut_doljanii.jpg\",\"contentUrl\":\"https:\\\/\\\/radioljubuski.ba\\\/wp-content\\\/uploads\\\/2021\\\/06\\\/BJnLcHut_doljanii.jpg\",\"width\":1000,\"height\":625},{\"@type\":\"BreadcrumbList\",\"@id\":\"https:\\\/\\\/radioljubuski.ba\\\/index.php\\\/2021\\\/06\\\/27\\\/gp-bih-ocekuju-se-guzve-na-granici-koristite-alternativne-prijelaze\\\/#breadcrumb\",\"itemListElement\":[{\"@type\":\"ListItem\",\"position\":1,\"name\":\"Po\u010detna stranica\",\"item\":\"https:\\\/\\\/radioljubuski.ba\\\/\"},{\"@type\":\"ListItem\",\"position\":2,\"name\":\"GP BIH: O\u010dekuju se gu\u017eve na granici, koristite alternativne prijelaze\"}]},{\"@type\":\"WebSite\",\"@id\":\"https:\\\/\\\/radioljubuski.ba\\\/#website\",\"url\":\"https:\\\/\\\/radioljubuski.ba\\\/\",\"name\":\"Radio Ljubu\u0161ki\",\"description\":\"Sun\u010dana frekvencija Hercegovine\",\"publisher\":{\"@id\":\"https:\\\/\\\/radioljubuski.ba\\\/#organization\"},\"potentialAction\":[{\"@type\":\"SearchAction\",\"target\":{\"@type\":\"EntryPoint\",\"urlTemplate\":\"https:\\\/\\\/radioljubuski.ba\\\/?s={search_term_string}\"},\"query-input\":{\"@type\":\"PropertyValueSpecification\",\"valueRequired\":true,\"valueName\":\"search_term_string\"}}],\"inLanguage\":\"hr\"},{\"@type\":\"Organization\",\"@id\":\"https:\\\/\\\/radioljubuski.ba\\\/#organization\",\"name\":\"Radio Ljubu\u0161ki\",\"url\":\"https:\\\/\\\/radioljubuski.ba\\\/\",\"logo\":{\"@type\":\"ImageObject\",\"inLanguage\":\"hr\",\"@id\":\"https:\\\/\\\/radioljubuski.ba\\\/#\\\/schema\\\/logo\\\/image\\\/\",\"url\":\"https:\\\/\\\/radioljubuski.ba\\\/wp-content\\\/uploads\\\/2021\\\/02\\\/cropped-Radio_Ljubuski_logo1.jpg\",\"contentUrl\":\"https:\\\/\\\/radioljubuski.ba\\\/wp-content\\\/uploads\\\/2021\\\/02\\\/cropped-Radio_Ljubuski_logo1.jpg\",\"width\":512,\"height\":512,\"caption\":\"Radio Ljubu\u0161ki\"},\"image\":{\"@id\":\"https:\\\/\\\/radioljubuski.ba\\\/#\\\/schema\\\/logo\\\/image\\\/\"},\"sameAs\":[\"https:\\\/\\\/www.facebook.com\\\/Radiio-Ljubuski-1490835324566332\",\"https:\\\/\\\/x.com\\\/radioljubuski\",\"https:\\\/\\\/hr.linkedin.com\\\/company\\\/radio-ljubuski\",\"https:\\\/\\\/www.youtube.com\\\/channel\\\/UCHYaeO_n0Db3tjNGudGpXyw\"]},{\"@type\":\"Person\",\"@id\":\"https:\\\/\\\/radioljubuski.ba\\\/#\\\/schema\\\/person\\\/19fc700381a780f69665d7956c469e3b\",\"name\":\"Radio Ljubu\u0161ki\"}]}<\/script>\n<!-- \/ Yoast SEO plugin. -->","yoast_head_json":{"title":"GP BIH: O\u010dekuju se gu\u017eve na granici, koristite alternativne prijelaze - RADIO LJUBU\u0160KI","robots":{"index":"index","follow":"follow","max-snippet":"max-snippet:-1","max-image-preview":"max-image-preview:large","max-video-preview":"max-video-preview:-1"},"canonical":"https:\/\/radioljubuski.ba\/index.php\/2021\/06\/27\/gp-bih-ocekuju-se-guzve-na-granici-koristite-alternativne-prijelaze\/","og_locale":"hr_HR","og_type":"article","og_title":"GP BIH: O\u010dekuju se gu\u017eve na granici, koristite alternativne prijelaze - RADIO LJUBU\u0160KI","og_description":"Na grani\u010dnim prijelazima na izlazu iz BiH jo\u0161 uvijek nema prevelikih zadr\u017eavanja, no s toplijim vremenom i ve\u0107 ubla\u017eenim mjerama ta situacija polako se mijenja, \u0161to su potvrdili iz Grani\u010dne policije BiH. &#8211; S obzirom na turisti\u010dku sezonu i ubla\u017eene mjere na grani\u010dnim prijelazima zbog povoljnije situacije s pandemijom COVID-19, dolazi do pove\u0107anja prometa. Trenuta\u010dno [&hellip;]","og_url":"https:\/\/radioljubuski.ba\/index.php\/2021\/06\/27\/gp-bih-ocekuju-se-guzve-na-granici-koristite-alternativne-prijelaze\/","og_site_name":"RADIO LJUBU\u0160KI","article_publisher":"https:\/\/www.facebook.com\/Radiio-Ljubuski-1490835324566332","article_published_time":"2021-06-27T11:03:07+00:00","article_modified_time":"2021-06-27T11:03:09+00:00","og_image":[{"width":1000,"height":625,"url":"https:\/\/radioljubuski.ba\/wp-content\/uploads\/2021\/06\/BJnLcHut_doljanii.jpg","type":"image\/jpeg"}],"author":"Radio Ljubu\u0161ki","twitter_card":"summary_large_image","twitter_creator":"@radioljubuski","twitter_site":"@radioljubuski","twitter_misc":{"Napisao\/la":"Radio Ljubu\u0161ki","Procijenjeno vrijeme \u010ditanja":"3 minute"},"schema":{"@context":"https:\/\/schema.org","@graph":[{"@type":"Article","@id":"https:\/\/radioljubuski.ba\/index.php\/2021\/06\/27\/gp-bih-ocekuju-se-guzve-na-granici-koristite-alternativne-prijelaze\/#article","isPartOf":{"@id":"https:\/\/radioljubuski.ba\/index.php\/2021\/06\/27\/gp-bih-ocekuju-se-guzve-na-granici-koristite-alternativne-prijelaze\/"},"author":{"name":"Radio Ljubu\u0161ki","@id":"https:\/\/radioljubuski.ba\/#\/schema\/person\/19fc700381a780f69665d7956c469e3b"},"headline":"GP BIH: O\u010dekuju se gu\u017eve na granici, koristite alternativne prijelaze","datePublished":"2021-06-27T11:03:07+00:00","dateModified":"2021-06-27T11:03:09+00:00","mainEntityOfPage":{"@id":"https:\/\/radioljubuski.ba\/index.php\/2021\/06\/27\/gp-bih-ocekuju-se-guzve-na-granici-koristite-alternativne-prijelaze\/"},"wordCount":661,"publisher":{"@id":"https:\/\/radioljubuski.ba\/#organization"},"image":{"@id":"https:\/\/radioljubuski.ba\/index.php\/2021\/06\/27\/gp-bih-ocekuju-se-guzve-na-granici-koristite-alternativne-prijelaze\/#primaryimage"},"thumbnailUrl":"https:\/\/radioljubuski.ba\/wp-content\/uploads\/2021\/06\/BJnLcHut_doljanii.jpg","articleSection":["BIH i regija"],"inLanguage":"hr"},{"@type":"WebPage","@id":"https:\/\/radioljubuski.ba\/index.php\/2021\/06\/27\/gp-bih-ocekuju-se-guzve-na-granici-koristite-alternativne-prijelaze\/","url":"https:\/\/radioljubuski.ba\/index.php\/2021\/06\/27\/gp-bih-ocekuju-se-guzve-na-granici-koristite-alternativne-prijelaze\/","name":"GP BIH: O\u010dekuju se gu\u017eve na granici, koristite alternativne prijelaze - RADIO LJUBU\u0160KI","isPartOf":{"@id":"https:\/\/radioljubuski.ba\/#website"},"primaryImageOfPage":{"@id":"https:\/\/radioljubuski.ba\/index.php\/2021\/06\/27\/gp-bih-ocekuju-se-guzve-na-granici-koristite-alternativne-prijelaze\/#primaryimage"},"image":{"@id":"https:\/\/radioljubuski.ba\/index.php\/2021\/06\/27\/gp-bih-ocekuju-se-guzve-na-granici-koristite-alternativne-prijelaze\/#primaryimage"},"thumbnailUrl":"https:\/\/radioljubuski.ba\/wp-content\/uploads\/2021\/06\/BJnLcHut_doljanii.jpg","datePublished":"2021-06-27T11:03:07+00:00","dateModified":"2021-06-27T11:03:09+00:00","breadcrumb":{"@id":"https:\/\/radioljubuski.ba\/index.php\/2021\/06\/27\/gp-bih-ocekuju-se-guzve-na-granici-koristite-alternativne-prijelaze\/#breadcrumb"},"inLanguage":"hr","potentialAction":[{"@type":"ReadAction","target":["https:\/\/radioljubuski.ba\/index.php\/2021\/06\/27\/gp-bih-ocekuju-se-guzve-na-granici-koristite-alternativne-prijelaze\/"]}]},{"@type":"ImageObject","inLanguage":"hr","@id":"https:\/\/radioljubuski.ba\/index.php\/2021\/06\/27\/gp-bih-ocekuju-se-guzve-na-granici-koristite-alternativne-prijelaze\/#primaryimage","url":"https:\/\/radioljubuski.ba\/wp-content\/uploads\/2021\/06\/BJnLcHut_doljanii.jpg","contentUrl":"https:\/\/radioljubuski.ba\/wp-content\/uploads\/2021\/06\/BJnLcHut_doljanii.jpg","width":1000,"height":625},{"@type":"BreadcrumbList","@id":"https:\/\/radioljubuski.ba\/index.php\/2021\/06\/27\/gp-bih-ocekuju-se-guzve-na-granici-koristite-alternativne-prijelaze\/#breadcrumb","itemListElement":[{"@type":"ListItem","position":1,"name":"Po\u010detna stranica","item":"https:\/\/radioljubuski.ba\/"},{"@type":"ListItem","position":2,"name":"GP BIH: O\u010dekuju se gu\u017eve na granici, koristite alternativne prijelaze"}]},{"@type":"WebSite","@id":"https:\/\/radioljubuski.ba\/#website","url":"https:\/\/radioljubuski.ba\/","name":"Radio Ljubu\u0161ki","description":"Sun\u010dana frekvencija Hercegovine","publisher":{"@id":"https:\/\/radioljubuski.ba\/#organization"},"potentialAction":[{"@type":"SearchAction","target":{"@type":"EntryPoint","urlTemplate":"https:\/\/radioljubuski.ba\/?s={search_term_string}"},"query-input":{"@type":"PropertyValueSpecification","valueRequired":true,"valueName":"search_term_string"}}],"inLanguage":"hr"},{"@type":"Organization","@id":"https:\/\/radioljubuski.ba\/#organization","name":"Radio Ljubu\u0161ki","url":"https:\/\/radioljubuski.ba\/","logo":{"@type":"ImageObject","inLanguage":"hr","@id":"https:\/\/radioljubuski.ba\/#\/schema\/logo\/image\/","url":"https:\/\/radioljubuski.ba\/wp-content\/uploads\/2021\/02\/cropped-Radio_Ljubuski_logo1.jpg","contentUrl":"https:\/\/radioljubuski.ba\/wp-content\/uploads\/2021\/02\/cropped-Radio_Ljubuski_logo1.jpg","width":512,"height":512,"caption":"Radio Ljubu\u0161ki"},"image":{"@id":"https:\/\/radioljubuski.ba\/#\/schema\/logo\/image\/"},"sameAs":["https:\/\/www.facebook.com\/Radiio-Ljubuski-1490835324566332","https:\/\/x.com\/radioljubuski","https:\/\/hr.linkedin.com\/company\/radio-ljubuski","https:\/\/www.youtube.com\/channel\/UCHYaeO_n0Db3tjNGudGpXyw"]},{"@type":"Person","@id":"https:\/\/radioljubuski.ba\/#\/schema\/person\/19fc700381a780f69665d7956c469e3b","name":"Radio Ljubu\u0161ki"}]}},"_links":{"self":[{"href":"https:\/\/radioljubuski.ba\/index.php\/wp-json\/wp\/v2\/posts\/36304","targetHints":{"allow":["GET"]}}],"collection":[{"href":"https:\/\/radioljubuski.ba\/index.php\/wp-json\/wp\/v2\/posts"}],"about":[{"href":"https:\/\/radioljubuski.ba\/index.php\/wp-json\/wp\/v2\/types\/post"}],"author":[{"embeddable":true,"href":"https:\/\/radioljubuski.ba\/index.php\/wp-json\/wp\/v2\/users\/2"}],"replies":[{"embeddable":true,"href":"https:\/\/radioljubuski.ba\/index.php\/wp-json\/wp\/v2\/comments?post=36304"}],"version-history":[{"count":1,"href":"https:\/\/radioljubuski.ba\/index.php\/wp-json\/wp\/v2\/posts\/36304\/revisions"}],"predecessor-version":[{"id":36306,"href":"https:\/\/radioljubuski.ba\/index.php\/wp-json\/wp\/v2\/posts\/36304\/revisions\/36306"}],"wp:featuredmedia":[{"embeddable":true,"href":"https:\/\/radioljubuski.ba\/index.php\/wp-json\/wp\/v2\/media\/36305"}],"wp:attachment":[{"href":"https:\/\/radioljubuski.ba\/index.php\/wp-json\/wp\/v2\/media?parent=36304"}],"wp:term":[{"taxonomy":"category","embeddable":true,"href":"https:\/\/radioljubuski.ba\/index.php\/wp-json\/wp\/v2\/categories?post=36304"},{"taxonomy":"post_tag","embeddable":true,"href":"https:\/\/radioljubuski.ba\/index.php\/wp-json\/wp\/v2\/tags?post=36304"}],"curies":[{"name":"wp","href":"https:\/\/api.w.org\/{rel}","templated":true}]}}