{"id":36310,"date":"2021-06-27T12:06:27","date_gmt":"2021-06-27T11:06:27","guid":{"rendered":"https:\/\/radioljubuski.ba\/?p=36310"},"modified":"2021-06-27T12:06:27","modified_gmt":"2021-06-27T11:06:27","slug":"27-lipnja-1358-uspostavljena-dubrovacka-republika-do-1806-odolijevala-pretenzijama","status":"publish","type":"post","link":"https:\/\/radioljubuski.ba\/index.php\/2021\/06\/27\/27-lipnja-1358-uspostavljena-dubrovacka-republika-do-1806-odolijevala-pretenzijama\/","title":{"rendered":"27. lipnja 1358. uspostavljena Dubrova\u010dka Republika: Do 1806. odolijevala pretenzijama"},"content":{"rendered":"\n<p><strong>Godina 1358. bila je prijelomnica u dubrova\u010dkoj povijesti.&nbsp;<\/strong><em><strong>Vi\u0161egradskim ugovorom<\/strong><\/em><strong>&nbsp;s Ludovikom&nbsp;I. An\u017euvincem, Dubrovnik je priznao vlast hrvatsko-ugarskog kralja. Stekav\u0161i postupno sve atribute dr\u017eavnosti, teritorij, grb, zastavu i vlastiti monetarni sustav, a dubrova\u010dka se komuna od polovice XIV.&nbsp;st. po\u010dinje nazivati&nbsp;<\/strong><em><strong>Republikom<\/strong><\/em><strong>&nbsp;<\/strong><em><strong>(Respublica Ragusina).<\/strong><\/em><\/p>\n\n\n\n<p>Dana 27. lipnja 1358. Ludovik I. An\u017euvinac Zadarskim mirom stavlja pod vlast cijelu mleta\u010dku Dalmaciju te Vi\u0161egradskim ugovorom potvr\u0111uje Dubrova\u010dkoj Republici sve atribute dr\u017eavnosti. Venecija je Zadarskim mirom izgubila otoke i gradove od Kvarnera do Dra\u010da, a Dubrovnik je priznao vlast hrvatsko-ugarskog kralja Ludovika I. An\u017euvinca. Vi\u0161egradskim ugovorom regulirani su odnosni izme\u0111u Dubrova\u010dke Republike i kralja koji je primao godi\u0161nji danak od 500 dukata, a zauzvrat se nije mije\u0161ao u unutarnje poslove Republike.<\/p>\n\n\n\n<p>Tako je raniji naziv COMMUNITAS RAGUSINA (Op\u0107ina Dubrovnik) prerastao u REPUBLICA RAGUSINA (Republika Dubrova\u010dka).<\/p>\n\n\n\n<p>Iznimno va\u017ean doga\u0111aj za civitet Dubrovnika zbio se potkraj X.&nbsp;st., kada je papa Grgur V. uzdigao Dubrova\u010dku biskupiju na rang nadbiskupije i metropolijskoga sjedi\u0161ta, s Kotorskom, Barskom i Ulcinjskom biskupijom kao sufraganskima, a papa Benedikt VIII. potvrdio je 1022. jurisdikciju dubrova\u010dkoga nadbiskupa.<\/p>\n\n\n\n<p>U XI. i XII.&nbsp;st. Dubrovnik je u najduljim intervalima priznavao bizantsko (1018\u201369; 1167\u201371; 1192\u20131205), u kra\u0107im rasponima mleta\u010dko (1000\u201318; 1171\u201372) i normansko (1081\u201385; 1172\u201392) vrhovni\u0161tvo, a u nekoliko navrata bio je i formalno samostalan, napose nakon 1069., kada je bio u tijesnoj vezi s Hrvatskim Kraljevstvom. Od toga doba izvori potvr\u0111uju hrvatsku etni\u010dku pripadnost Dubrov\u010dana.<\/p>\n\n\n\n<p>Dubrova\u010dka Republika bila je dr\u017eava vrlo jakog pomorstva i sa\u010duvala je svoju neovisnost trgovinom s velikim silama, poput Osmanskog Carstva. Dubrovnik, teritorijalno malen kao dr\u017eava, morao je trgovati sa silama, davati im ustupke, ali je lukavom diplomacijom priklije\u0161ten izme\u0111u velikh sila uspio ostati slobodan do ranog 18. stolje\u0107a. Temelj dubrova\u010dkog bogatstva bila je posredni\u010dka trgovina i pomorstvo. Dubrovnik je nabavljao sirovine i rude u zale\u0111u i izvozio ih na Zapad. Luksuznu robu kupovao je na Zapadu i izvozio je po gradovima i mjestima bli\u017eeg i daljeg zale\u0111a.<\/p>\n\n\n\n<p>Razdoblje, u kojem je Dubrova\u010dka Republika do\u017eivjela svoj vrhunac, traje sve do 31. sije\u010dnja 1808., kad ju Napoleonove okupacijske snage slu\u017ebeno ukidaju.<\/p>\n\n\n\n<p>Nadaleko poznata dubrova\u010dka diplomacija, uvijek pod pritiskom i prijetnjama velikih okolnih sila kao Otomanskog Carstva, Venecije, pa prije toga Bizanta, Bugarske, Saracena i drugih, uspjela je nevjerojatnim umije\u0107em postati uzorom diplomatskog djelovanja na Mediteranu i Europi. Kao takva ta diplomacija mo\u017ee postati primjer i uzor dana\u0161njoj hrvatskoj diplomaciji koja se jo\u0161 uvijek ne snalazi dobro na svjetskoj karti sudaranja velikih sila na ovim prostorima. Hrvati mogu i moraju mnogo toga nau\u010diti i ba\u0161tiniti iz svoje prebogate povijesti.<\/p>\n\n\n\n<p><em>Izvor: narod.hr<\/em><\/p>\n","protected":false},"excerpt":{"rendered":"<p>Godina 1358. bila je prijelomnica u dubrova\u010dkoj povijesti.&nbsp;Vi\u0161egradskim ugovorom&nbsp;s Ludovikom&nbsp;I. An\u017euvincem, Dubrovnik je priznao vlast hrvatsko-ugarskog kralja. Stekav\u0161i postupno sve atribute dr\u017eavnosti, teritorij, grb, zastavu i vlastiti monetarni sustav, a dubrova\u010dka se komuna od polovice XIV.&nbsp;st. po\u010dinje nazivati&nbsp;Republikom&nbsp;(Respublica Ragusina). Dana 27. lipnja 1358. Ludovik I. An\u017euvinac Zadarskim mirom stavlja pod vlast cijelu mleta\u010dku Dalmaciju te [&hellip;]<\/p>\n","protected":false},"author":2,"featured_media":36311,"comment_status":"closed","ping_status":"closed","sticky":false,"template":"","format":"standard","meta":{"h5ap_radio_sources":[],"footnotes":""},"categories":[1],"tags":[],"class_list":["post-36310","post","type-post","status-publish","format-standard","has-post-thumbnail","hentry","category-bihiregija"],"yoast_head":"<!-- This site is optimized with the Yoast SEO plugin v27.5 - https:\/\/yoast.com\/product\/yoast-seo-wordpress\/ -->\n<title>27. lipnja 1358. uspostavljena Dubrova\u010dka Republika: Do 1806. odolijevala pretenzijama - RADIO LJUBU\u0160KI<\/title>\n<meta name=\"robots\" content=\"index, follow, max-snippet:-1, max-image-preview:large, max-video-preview:-1\" \/>\n<link rel=\"canonical\" href=\"https:\/\/radioljubuski.ba\/index.php\/2021\/06\/27\/27-lipnja-1358-uspostavljena-dubrovacka-republika-do-1806-odolijevala-pretenzijama\/\" \/>\n<meta property=\"og:locale\" content=\"hr_HR\" \/>\n<meta property=\"og:type\" content=\"article\" \/>\n<meta property=\"og:title\" content=\"27. lipnja 1358. uspostavljena Dubrova\u010dka Republika: Do 1806. odolijevala pretenzijama - RADIO LJUBU\u0160KI\" \/>\n<meta property=\"og:description\" content=\"Godina 1358. bila je prijelomnica u dubrova\u010dkoj povijesti.&nbsp;Vi\u0161egradskim ugovorom&nbsp;s Ludovikom&nbsp;I. An\u017euvincem, Dubrovnik je priznao vlast hrvatsko-ugarskog kralja. Stekav\u0161i postupno sve atribute dr\u017eavnosti, teritorij, grb, zastavu i vlastiti monetarni sustav, a dubrova\u010dka se komuna od polovice XIV.&nbsp;st. po\u010dinje nazivati&nbsp;Republikom&nbsp;(Respublica Ragusina). Dana 27. lipnja 1358. Ludovik I. An\u017euvinac Zadarskim mirom stavlja pod vlast cijelu mleta\u010dku Dalmaciju te [&hellip;]\" \/>\n<meta property=\"og:url\" content=\"https:\/\/radioljubuski.ba\/index.php\/2021\/06\/27\/27-lipnja-1358-uspostavljena-dubrovacka-republika-do-1806-odolijevala-pretenzijama\/\" \/>\n<meta property=\"og:site_name\" content=\"RADIO LJUBU\u0160KI\" \/>\n<meta property=\"article:publisher\" content=\"https:\/\/www.facebook.com\/Radiio-Ljubuski-1490835324566332\" \/>\n<meta property=\"article:published_time\" content=\"2021-06-27T11:06:27+00:00\" \/>\n<meta property=\"og:image\" content=\"https:\/\/radioljubuski.ba\/wp-content\/uploads\/2021\/06\/Dubrovacka-republika-696x485-1.jpg\" \/>\n\t<meta property=\"og:image:width\" content=\"696\" \/>\n\t<meta property=\"og:image:height\" content=\"485\" \/>\n\t<meta property=\"og:image:type\" content=\"image\/jpeg\" \/>\n<meta name=\"author\" content=\"Radio Ljubu\u0161ki\" \/>\n<meta name=\"twitter:card\" content=\"summary_large_image\" \/>\n<meta name=\"twitter:creator\" content=\"@radioljubuski\" \/>\n<meta name=\"twitter:site\" content=\"@radioljubuski\" \/>\n<meta name=\"twitter:label1\" content=\"Napisao\/la\" \/>\n\t<meta name=\"twitter:data1\" content=\"Radio Ljubu\u0161ki\" \/>\n\t<meta name=\"twitter:label2\" content=\"Procijenjeno vrijeme \u010ditanja\" \/>\n\t<meta name=\"twitter:data2\" content=\"2 minute\" \/>\n<script type=\"application\/ld+json\" class=\"yoast-schema-graph\">{\"@context\":\"https:\\\/\\\/schema.org\",\"@graph\":[{\"@type\":\"Article\",\"@id\":\"https:\\\/\\\/radioljubuski.ba\\\/index.php\\\/2021\\\/06\\\/27\\\/27-lipnja-1358-uspostavljena-dubrovacka-republika-do-1806-odolijevala-pretenzijama\\\/#article\",\"isPartOf\":{\"@id\":\"https:\\\/\\\/radioljubuski.ba\\\/index.php\\\/2021\\\/06\\\/27\\\/27-lipnja-1358-uspostavljena-dubrovacka-republika-do-1806-odolijevala-pretenzijama\\\/\"},\"author\":{\"name\":\"Radio Ljubu\u0161ki\",\"@id\":\"https:\\\/\\\/radioljubuski.ba\\\/#\\\/schema\\\/person\\\/19fc700381a780f69665d7956c469e3b\"},\"headline\":\"27. lipnja 1358. uspostavljena Dubrova\u010dka Republika: Do 1806. odolijevala pretenzijama\",\"datePublished\":\"2021-06-27T11:06:27+00:00\",\"mainEntityOfPage\":{\"@id\":\"https:\\\/\\\/radioljubuski.ba\\\/index.php\\\/2021\\\/06\\\/27\\\/27-lipnja-1358-uspostavljena-dubrovacka-republika-do-1806-odolijevala-pretenzijama\\\/\"},\"wordCount\":475,\"publisher\":{\"@id\":\"https:\\\/\\\/radioljubuski.ba\\\/#organization\"},\"image\":{\"@id\":\"https:\\\/\\\/radioljubuski.ba\\\/index.php\\\/2021\\\/06\\\/27\\\/27-lipnja-1358-uspostavljena-dubrovacka-republika-do-1806-odolijevala-pretenzijama\\\/#primaryimage\"},\"thumbnailUrl\":\"https:\\\/\\\/radioljubuski.ba\\\/wp-content\\\/uploads\\\/2021\\\/06\\\/Dubrovacka-republika-696x485-1.jpg\",\"articleSection\":[\"BIH i regija\"],\"inLanguage\":\"hr\"},{\"@type\":\"WebPage\",\"@id\":\"https:\\\/\\\/radioljubuski.ba\\\/index.php\\\/2021\\\/06\\\/27\\\/27-lipnja-1358-uspostavljena-dubrovacka-republika-do-1806-odolijevala-pretenzijama\\\/\",\"url\":\"https:\\\/\\\/radioljubuski.ba\\\/index.php\\\/2021\\\/06\\\/27\\\/27-lipnja-1358-uspostavljena-dubrovacka-republika-do-1806-odolijevala-pretenzijama\\\/\",\"name\":\"27. lipnja 1358. uspostavljena Dubrova\u010dka Republika: Do 1806. odolijevala pretenzijama - RADIO LJUBU\u0160KI\",\"isPartOf\":{\"@id\":\"https:\\\/\\\/radioljubuski.ba\\\/#website\"},\"primaryImageOfPage\":{\"@id\":\"https:\\\/\\\/radioljubuski.ba\\\/index.php\\\/2021\\\/06\\\/27\\\/27-lipnja-1358-uspostavljena-dubrovacka-republika-do-1806-odolijevala-pretenzijama\\\/#primaryimage\"},\"image\":{\"@id\":\"https:\\\/\\\/radioljubuski.ba\\\/index.php\\\/2021\\\/06\\\/27\\\/27-lipnja-1358-uspostavljena-dubrovacka-republika-do-1806-odolijevala-pretenzijama\\\/#primaryimage\"},\"thumbnailUrl\":\"https:\\\/\\\/radioljubuski.ba\\\/wp-content\\\/uploads\\\/2021\\\/06\\\/Dubrovacka-republika-696x485-1.jpg\",\"datePublished\":\"2021-06-27T11:06:27+00:00\",\"breadcrumb\":{\"@id\":\"https:\\\/\\\/radioljubuski.ba\\\/index.php\\\/2021\\\/06\\\/27\\\/27-lipnja-1358-uspostavljena-dubrovacka-republika-do-1806-odolijevala-pretenzijama\\\/#breadcrumb\"},\"inLanguage\":\"hr\",\"potentialAction\":[{\"@type\":\"ReadAction\",\"target\":[\"https:\\\/\\\/radioljubuski.ba\\\/index.php\\\/2021\\\/06\\\/27\\\/27-lipnja-1358-uspostavljena-dubrovacka-republika-do-1806-odolijevala-pretenzijama\\\/\"]}]},{\"@type\":\"ImageObject\",\"inLanguage\":\"hr\",\"@id\":\"https:\\\/\\\/radioljubuski.ba\\\/index.php\\\/2021\\\/06\\\/27\\\/27-lipnja-1358-uspostavljena-dubrovacka-republika-do-1806-odolijevala-pretenzijama\\\/#primaryimage\",\"url\":\"https:\\\/\\\/radioljubuski.ba\\\/wp-content\\\/uploads\\\/2021\\\/06\\\/Dubrovacka-republika-696x485-1.jpg\",\"contentUrl\":\"https:\\\/\\\/radioljubuski.ba\\\/wp-content\\\/uploads\\\/2021\\\/06\\\/Dubrovacka-republika-696x485-1.jpg\",\"width\":696,\"height\":485},{\"@type\":\"BreadcrumbList\",\"@id\":\"https:\\\/\\\/radioljubuski.ba\\\/index.php\\\/2021\\\/06\\\/27\\\/27-lipnja-1358-uspostavljena-dubrovacka-republika-do-1806-odolijevala-pretenzijama\\\/#breadcrumb\",\"itemListElement\":[{\"@type\":\"ListItem\",\"position\":1,\"name\":\"Po\u010detna stranica\",\"item\":\"https:\\\/\\\/radioljubuski.ba\\\/\"},{\"@type\":\"ListItem\",\"position\":2,\"name\":\"27. lipnja 1358. uspostavljena Dubrova\u010dka Republika: Do 1806. odolijevala pretenzijama\"}]},{\"@type\":\"WebSite\",\"@id\":\"https:\\\/\\\/radioljubuski.ba\\\/#website\",\"url\":\"https:\\\/\\\/radioljubuski.ba\\\/\",\"name\":\"Radio Ljubu\u0161ki\",\"description\":\"Sun\u010dana frekvencija Hercegovine\",\"publisher\":{\"@id\":\"https:\\\/\\\/radioljubuski.ba\\\/#organization\"},\"potentialAction\":[{\"@type\":\"SearchAction\",\"target\":{\"@type\":\"EntryPoint\",\"urlTemplate\":\"https:\\\/\\\/radioljubuski.ba\\\/?s={search_term_string}\"},\"query-input\":{\"@type\":\"PropertyValueSpecification\",\"valueRequired\":true,\"valueName\":\"search_term_string\"}}],\"inLanguage\":\"hr\"},{\"@type\":\"Organization\",\"@id\":\"https:\\\/\\\/radioljubuski.ba\\\/#organization\",\"name\":\"Radio Ljubu\u0161ki\",\"url\":\"https:\\\/\\\/radioljubuski.ba\\\/\",\"logo\":{\"@type\":\"ImageObject\",\"inLanguage\":\"hr\",\"@id\":\"https:\\\/\\\/radioljubuski.ba\\\/#\\\/schema\\\/logo\\\/image\\\/\",\"url\":\"https:\\\/\\\/radioljubuski.ba\\\/wp-content\\\/uploads\\\/2021\\\/02\\\/cropped-Radio_Ljubuski_logo1.jpg\",\"contentUrl\":\"https:\\\/\\\/radioljubuski.ba\\\/wp-content\\\/uploads\\\/2021\\\/02\\\/cropped-Radio_Ljubuski_logo1.jpg\",\"width\":512,\"height\":512,\"caption\":\"Radio Ljubu\u0161ki\"},\"image\":{\"@id\":\"https:\\\/\\\/radioljubuski.ba\\\/#\\\/schema\\\/logo\\\/image\\\/\"},\"sameAs\":[\"https:\\\/\\\/www.facebook.com\\\/Radiio-Ljubuski-1490835324566332\",\"https:\\\/\\\/x.com\\\/radioljubuski\",\"https:\\\/\\\/hr.linkedin.com\\\/company\\\/radio-ljubuski\",\"https:\\\/\\\/www.youtube.com\\\/channel\\\/UCHYaeO_n0Db3tjNGudGpXyw\"]},{\"@type\":\"Person\",\"@id\":\"https:\\\/\\\/radioljubuski.ba\\\/#\\\/schema\\\/person\\\/19fc700381a780f69665d7956c469e3b\",\"name\":\"Radio Ljubu\u0161ki\"}]}<\/script>\n<!-- \/ Yoast SEO plugin. -->","yoast_head_json":{"title":"27. lipnja 1358. uspostavljena Dubrova\u010dka Republika: Do 1806. odolijevala pretenzijama - RADIO LJUBU\u0160KI","robots":{"index":"index","follow":"follow","max-snippet":"max-snippet:-1","max-image-preview":"max-image-preview:large","max-video-preview":"max-video-preview:-1"},"canonical":"https:\/\/radioljubuski.ba\/index.php\/2021\/06\/27\/27-lipnja-1358-uspostavljena-dubrovacka-republika-do-1806-odolijevala-pretenzijama\/","og_locale":"hr_HR","og_type":"article","og_title":"27. lipnja 1358. uspostavljena Dubrova\u010dka Republika: Do 1806. odolijevala pretenzijama - RADIO LJUBU\u0160KI","og_description":"Godina 1358. bila je prijelomnica u dubrova\u010dkoj povijesti.&nbsp;Vi\u0161egradskim ugovorom&nbsp;s Ludovikom&nbsp;I. An\u017euvincem, Dubrovnik je priznao vlast hrvatsko-ugarskog kralja. Stekav\u0161i postupno sve atribute dr\u017eavnosti, teritorij, grb, zastavu i vlastiti monetarni sustav, a dubrova\u010dka se komuna od polovice XIV.&nbsp;st. po\u010dinje nazivati&nbsp;Republikom&nbsp;(Respublica Ragusina). Dana 27. lipnja 1358. Ludovik I. An\u017euvinac Zadarskim mirom stavlja pod vlast cijelu mleta\u010dku Dalmaciju te [&hellip;]","og_url":"https:\/\/radioljubuski.ba\/index.php\/2021\/06\/27\/27-lipnja-1358-uspostavljena-dubrovacka-republika-do-1806-odolijevala-pretenzijama\/","og_site_name":"RADIO LJUBU\u0160KI","article_publisher":"https:\/\/www.facebook.com\/Radiio-Ljubuski-1490835324566332","article_published_time":"2021-06-27T11:06:27+00:00","og_image":[{"width":696,"height":485,"url":"https:\/\/radioljubuski.ba\/wp-content\/uploads\/2021\/06\/Dubrovacka-republika-696x485-1.jpg","type":"image\/jpeg"}],"author":"Radio Ljubu\u0161ki","twitter_card":"summary_large_image","twitter_creator":"@radioljubuski","twitter_site":"@radioljubuski","twitter_misc":{"Napisao\/la":"Radio Ljubu\u0161ki","Procijenjeno vrijeme \u010ditanja":"2 minute"},"schema":{"@context":"https:\/\/schema.org","@graph":[{"@type":"Article","@id":"https:\/\/radioljubuski.ba\/index.php\/2021\/06\/27\/27-lipnja-1358-uspostavljena-dubrovacka-republika-do-1806-odolijevala-pretenzijama\/#article","isPartOf":{"@id":"https:\/\/radioljubuski.ba\/index.php\/2021\/06\/27\/27-lipnja-1358-uspostavljena-dubrovacka-republika-do-1806-odolijevala-pretenzijama\/"},"author":{"name":"Radio Ljubu\u0161ki","@id":"https:\/\/radioljubuski.ba\/#\/schema\/person\/19fc700381a780f69665d7956c469e3b"},"headline":"27. lipnja 1358. uspostavljena Dubrova\u010dka Republika: Do 1806. odolijevala pretenzijama","datePublished":"2021-06-27T11:06:27+00:00","mainEntityOfPage":{"@id":"https:\/\/radioljubuski.ba\/index.php\/2021\/06\/27\/27-lipnja-1358-uspostavljena-dubrovacka-republika-do-1806-odolijevala-pretenzijama\/"},"wordCount":475,"publisher":{"@id":"https:\/\/radioljubuski.ba\/#organization"},"image":{"@id":"https:\/\/radioljubuski.ba\/index.php\/2021\/06\/27\/27-lipnja-1358-uspostavljena-dubrovacka-republika-do-1806-odolijevala-pretenzijama\/#primaryimage"},"thumbnailUrl":"https:\/\/radioljubuski.ba\/wp-content\/uploads\/2021\/06\/Dubrovacka-republika-696x485-1.jpg","articleSection":["BIH i regija"],"inLanguage":"hr"},{"@type":"WebPage","@id":"https:\/\/radioljubuski.ba\/index.php\/2021\/06\/27\/27-lipnja-1358-uspostavljena-dubrovacka-republika-do-1806-odolijevala-pretenzijama\/","url":"https:\/\/radioljubuski.ba\/index.php\/2021\/06\/27\/27-lipnja-1358-uspostavljena-dubrovacka-republika-do-1806-odolijevala-pretenzijama\/","name":"27. lipnja 1358. uspostavljena Dubrova\u010dka Republika: Do 1806. odolijevala pretenzijama - RADIO LJUBU\u0160KI","isPartOf":{"@id":"https:\/\/radioljubuski.ba\/#website"},"primaryImageOfPage":{"@id":"https:\/\/radioljubuski.ba\/index.php\/2021\/06\/27\/27-lipnja-1358-uspostavljena-dubrovacka-republika-do-1806-odolijevala-pretenzijama\/#primaryimage"},"image":{"@id":"https:\/\/radioljubuski.ba\/index.php\/2021\/06\/27\/27-lipnja-1358-uspostavljena-dubrovacka-republika-do-1806-odolijevala-pretenzijama\/#primaryimage"},"thumbnailUrl":"https:\/\/radioljubuski.ba\/wp-content\/uploads\/2021\/06\/Dubrovacka-republika-696x485-1.jpg","datePublished":"2021-06-27T11:06:27+00:00","breadcrumb":{"@id":"https:\/\/radioljubuski.ba\/index.php\/2021\/06\/27\/27-lipnja-1358-uspostavljena-dubrovacka-republika-do-1806-odolijevala-pretenzijama\/#breadcrumb"},"inLanguage":"hr","potentialAction":[{"@type":"ReadAction","target":["https:\/\/radioljubuski.ba\/index.php\/2021\/06\/27\/27-lipnja-1358-uspostavljena-dubrovacka-republika-do-1806-odolijevala-pretenzijama\/"]}]},{"@type":"ImageObject","inLanguage":"hr","@id":"https:\/\/radioljubuski.ba\/index.php\/2021\/06\/27\/27-lipnja-1358-uspostavljena-dubrovacka-republika-do-1806-odolijevala-pretenzijama\/#primaryimage","url":"https:\/\/radioljubuski.ba\/wp-content\/uploads\/2021\/06\/Dubrovacka-republika-696x485-1.jpg","contentUrl":"https:\/\/radioljubuski.ba\/wp-content\/uploads\/2021\/06\/Dubrovacka-republika-696x485-1.jpg","width":696,"height":485},{"@type":"BreadcrumbList","@id":"https:\/\/radioljubuski.ba\/index.php\/2021\/06\/27\/27-lipnja-1358-uspostavljena-dubrovacka-republika-do-1806-odolijevala-pretenzijama\/#breadcrumb","itemListElement":[{"@type":"ListItem","position":1,"name":"Po\u010detna stranica","item":"https:\/\/radioljubuski.ba\/"},{"@type":"ListItem","position":2,"name":"27. lipnja 1358. uspostavljena Dubrova\u010dka Republika: Do 1806. odolijevala pretenzijama"}]},{"@type":"WebSite","@id":"https:\/\/radioljubuski.ba\/#website","url":"https:\/\/radioljubuski.ba\/","name":"Radio Ljubu\u0161ki","description":"Sun\u010dana frekvencija Hercegovine","publisher":{"@id":"https:\/\/radioljubuski.ba\/#organization"},"potentialAction":[{"@type":"SearchAction","target":{"@type":"EntryPoint","urlTemplate":"https:\/\/radioljubuski.ba\/?s={search_term_string}"},"query-input":{"@type":"PropertyValueSpecification","valueRequired":true,"valueName":"search_term_string"}}],"inLanguage":"hr"},{"@type":"Organization","@id":"https:\/\/radioljubuski.ba\/#organization","name":"Radio Ljubu\u0161ki","url":"https:\/\/radioljubuski.ba\/","logo":{"@type":"ImageObject","inLanguage":"hr","@id":"https:\/\/radioljubuski.ba\/#\/schema\/logo\/image\/","url":"https:\/\/radioljubuski.ba\/wp-content\/uploads\/2021\/02\/cropped-Radio_Ljubuski_logo1.jpg","contentUrl":"https:\/\/radioljubuski.ba\/wp-content\/uploads\/2021\/02\/cropped-Radio_Ljubuski_logo1.jpg","width":512,"height":512,"caption":"Radio Ljubu\u0161ki"},"image":{"@id":"https:\/\/radioljubuski.ba\/#\/schema\/logo\/image\/"},"sameAs":["https:\/\/www.facebook.com\/Radiio-Ljubuski-1490835324566332","https:\/\/x.com\/radioljubuski","https:\/\/hr.linkedin.com\/company\/radio-ljubuski","https:\/\/www.youtube.com\/channel\/UCHYaeO_n0Db3tjNGudGpXyw"]},{"@type":"Person","@id":"https:\/\/radioljubuski.ba\/#\/schema\/person\/19fc700381a780f69665d7956c469e3b","name":"Radio Ljubu\u0161ki"}]}},"_links":{"self":[{"href":"https:\/\/radioljubuski.ba\/index.php\/wp-json\/wp\/v2\/posts\/36310","targetHints":{"allow":["GET"]}}],"collection":[{"href":"https:\/\/radioljubuski.ba\/index.php\/wp-json\/wp\/v2\/posts"}],"about":[{"href":"https:\/\/radioljubuski.ba\/index.php\/wp-json\/wp\/v2\/types\/post"}],"author":[{"embeddable":true,"href":"https:\/\/radioljubuski.ba\/index.php\/wp-json\/wp\/v2\/users\/2"}],"replies":[{"embeddable":true,"href":"https:\/\/radioljubuski.ba\/index.php\/wp-json\/wp\/v2\/comments?post=36310"}],"version-history":[{"count":1,"href":"https:\/\/radioljubuski.ba\/index.php\/wp-json\/wp\/v2\/posts\/36310\/revisions"}],"predecessor-version":[{"id":36312,"href":"https:\/\/radioljubuski.ba\/index.php\/wp-json\/wp\/v2\/posts\/36310\/revisions\/36312"}],"wp:featuredmedia":[{"embeddable":true,"href":"https:\/\/radioljubuski.ba\/index.php\/wp-json\/wp\/v2\/media\/36311"}],"wp:attachment":[{"href":"https:\/\/radioljubuski.ba\/index.php\/wp-json\/wp\/v2\/media?parent=36310"}],"wp:term":[{"taxonomy":"category","embeddable":true,"href":"https:\/\/radioljubuski.ba\/index.php\/wp-json\/wp\/v2\/categories?post=36310"},{"taxonomy":"post_tag","embeddable":true,"href":"https:\/\/radioljubuski.ba\/index.php\/wp-json\/wp\/v2\/tags?post=36310"}],"curies":[{"name":"wp","href":"https:\/\/api.w.org\/{rel}","templated":true}]}}