{"id":36313,"date":"2021-06-27T12:08:54","date_gmt":"2021-06-27T11:08:54","guid":{"rendered":"https:\/\/radioljubuski.ba\/?p=36313"},"modified":"2021-06-27T12:08:55","modified_gmt":"2021-06-27T11:08:55","slug":"27-lipnja-1991-unisten-crveni-fico-u-osijeku-ratna-snimka-koja-je-obisla-svijet-video","status":"publish","type":"post","link":"https:\/\/radioljubuski.ba\/index.php\/2021\/06\/27\/27-lipnja-1991-unisten-crveni-fico-u-osijeku-ratna-snimka-koja-je-obisla-svijet-video\/","title":{"rendered":"27. lipnja 1991. uni\u0161ten crveni fi\u0107o u Osijeku: Ratna snimka koja je obi\u0161la svijet! &#8211; video"},"content":{"rendered":"\n<p><strong>Na dana\u0161nji dan 27. lipnja 1991. dogodio se u Osijeku jedan od najupe\u010datljivijih doga\u0111aja iz Domovinskog rata.<\/strong><\/p>\n\n\n\n<figure class=\"wp-block-embed is-type-video is-provider-youtube wp-block-embed-youtube wp-embed-aspect-16-9 wp-has-aspect-ratio\"><div class=\"wp-block-embed__wrapper\">\n<iframe loading=\"lazy\" title=\"Red FIAT - Crveni fi\u0107o: Pre-war events in Osijek, Croatia\" width=\"640\" height=\"360\" src=\"https:\/\/www.youtube.com\/embed\/YFAGatAZKuk?feature=oembed\" frameborder=\"0\" allow=\"accelerometer; autoplay; clipboard-write; encrypted-media; gyroscope; picture-in-picture; web-share\" referrerpolicy=\"strict-origin-when-cross-origin\" allowfullscreen><\/iframe>\n<\/div><\/figure>\n\n\n\n<p>U sam osvit po\u010detka Domovinskog rata \u201ecrvenog fi\u0107u\u201c osje\u010dkih registracijskih oznaka bezobzirno je pregazio tenk T-55 Jugoslavenske narodne armije, pri prolasku kolone tenkova JNA gradom Osijekom.<\/p>\n\n\n\n<p>Kad je vidio demonstraciju sile golemih tenkova koji su se kroz grad Osijek Vukovarskom kretali u smjeru zapada, Branko Bre\u0161ki\u0107 bez razmi\u0161ljanja je krenuo s benzinske postaje, gdje je to\u010dio gorivo u \u201ecrvenog fi\u0107u\u201d i krenuo za kolonom tenkova. Po tvrdnjama o\u010devidaca hrabri Branko je s prijateljem pretekao kolonu tenkova i na sigurnoj udaljenosti isko\u010dio iz auta napraviv\u0161i tako prepreku tenkovima. Tenk je nai\u0161ao na prepreku, legendarnog osje\u010dkog \u201ecrvenog fi\u0107u\u201c, i smrskao ga.<\/p>\n\n\n\n<p>Snimka toga trenutka u lipnju 1991. obi\u0161la je svijet, a \u201cfi\u0107o\u201d crvene boje u\u0161ao je u legendu i kolektivno pam\u0107enje hrvatskog naroda.<\/p>\n\n\n\n<p>Godine 2011. \u201ecrveni fi\u0107o\u201c dobio je spomenik u Osijeku koji trajno podsje\u0107a na taj doga\u0111aj koji simbolizira odlu\u010dnost i otpor malog hrvatskog \u010dovjeka prema sili i agresiji. Spomenik se sastoji od \u201ccrvenog fi\u0107e\u201d koji gazi tenk JNA.<\/p>\n\n\n\n<figure class=\"wp-block-image\"><img decoding=\"async\" src=\"https:\/\/narod.hr\/wp-content\/uploads\/2014\/11\/crveni-fi%C4%87o.jpg\" alt=\"\"\/><\/figure>\n\n\n\n<p>Branko Bre\u0161ki\u0107, hrabri vlasnik \u201ecrvenog fi\u0107e\u201c, postao je ubrzo hrvatski branitelj, pre\u017eivio rat i umro 2001.<\/p>\n\n\n\n<p><em>Izvor: narod.hr<\/em><\/p>\n","protected":false},"excerpt":{"rendered":"<p>Na dana\u0161nji dan 27. lipnja 1991. dogodio se u Osijeku jedan od najupe\u010datljivijih doga\u0111aja iz Domovinskog rata. U sam osvit po\u010detka Domovinskog rata \u201ecrvenog fi\u0107u\u201c osje\u010dkih registracijskih oznaka bezobzirno je pregazio tenk T-55 Jugoslavenske narodne armije, pri prolasku kolone tenkova JNA gradom Osijekom. Kad je vidio demonstraciju sile golemih tenkova koji su se kroz grad [&hellip;]<\/p>\n","protected":false},"author":2,"featured_media":36314,"comment_status":"closed","ping_status":"closed","sticky":false,"template":"","format":"standard","meta":{"h5ap_radio_sources":[],"footnotes":""},"categories":[1],"tags":[],"class_list":["post-36313","post","type-post","status-publish","format-standard","has-post-thumbnail","hentry","category-bihiregija"],"yoast_head":"<!-- This site is optimized with the Yoast SEO plugin v27.5 - https:\/\/yoast.com\/product\/yoast-seo-wordpress\/ -->\n<title>27. lipnja 1991. uni\u0161ten crveni fi\u0107o u Osijeku: Ratna snimka koja je obi\u0161la svijet! - video - RADIO LJUBU\u0160KI<\/title>\n<meta name=\"robots\" content=\"index, follow, max-snippet:-1, max-image-preview:large, max-video-preview:-1\" \/>\n<link rel=\"canonical\" href=\"https:\/\/radioljubuski.ba\/index.php\/2021\/06\/27\/27-lipnja-1991-unisten-crveni-fico-u-osijeku-ratna-snimka-koja-je-obisla-svijet-video\/\" \/>\n<meta property=\"og:locale\" content=\"hr_HR\" \/>\n<meta property=\"og:type\" content=\"article\" \/>\n<meta property=\"og:title\" content=\"27. lipnja 1991. uni\u0161ten crveni fi\u0107o u Osijeku: Ratna snimka koja je obi\u0161la svijet! - video - RADIO LJUBU\u0160KI\" \/>\n<meta property=\"og:description\" content=\"Na dana\u0161nji dan 27. lipnja 1991. dogodio se u Osijeku jedan od najupe\u010datljivijih doga\u0111aja iz Domovinskog rata. U sam osvit po\u010detka Domovinskog rata \u201ecrvenog fi\u0107u\u201c osje\u010dkih registracijskih oznaka bezobzirno je pregazio tenk T-55 Jugoslavenske narodne armije, pri prolasku kolone tenkova JNA gradom Osijekom. Kad je vidio demonstraciju sile golemih tenkova koji su se kroz grad [&hellip;]\" \/>\n<meta property=\"og:url\" content=\"https:\/\/radioljubuski.ba\/index.php\/2021\/06\/27\/27-lipnja-1991-unisten-crveni-fico-u-osijeku-ratna-snimka-koja-je-obisla-svijet-video\/\" \/>\n<meta property=\"og:site_name\" content=\"RADIO LJUBU\u0160KI\" \/>\n<meta property=\"article:publisher\" content=\"https:\/\/www.facebook.com\/Radiio-Ljubuski-1490835324566332\" \/>\n<meta property=\"article:published_time\" content=\"2021-06-27T11:08:54+00:00\" \/>\n<meta property=\"article:modified_time\" content=\"2021-06-27T11:08:55+00:00\" \/>\n<meta property=\"og:image\" content=\"https:\/\/radioljubuski.ba\/wp-content\/uploads\/2021\/06\/crveni-fico-696x452-1.jpg\" \/>\n\t<meta property=\"og:image:width\" content=\"696\" \/>\n\t<meta property=\"og:image:height\" content=\"452\" \/>\n\t<meta property=\"og:image:type\" content=\"image\/jpeg\" \/>\n<meta name=\"author\" content=\"Radio Ljubu\u0161ki\" \/>\n<meta name=\"twitter:card\" content=\"summary_large_image\" \/>\n<meta name=\"twitter:creator\" content=\"@radioljubuski\" \/>\n<meta name=\"twitter:site\" content=\"@radioljubuski\" \/>\n<meta name=\"twitter:label1\" content=\"Napisao\/la\" \/>\n\t<meta name=\"twitter:data1\" content=\"Radio Ljubu\u0161ki\" \/>\n\t<meta name=\"twitter:label2\" content=\"Procijenjeno vrijeme \u010ditanja\" \/>\n\t<meta name=\"twitter:data2\" content=\"2 minute\" \/>\n<script type=\"application\/ld+json\" class=\"yoast-schema-graph\">{\"@context\":\"https:\\\/\\\/schema.org\",\"@graph\":[{\"@type\":\"Article\",\"@id\":\"https:\\\/\\\/radioljubuski.ba\\\/index.php\\\/2021\\\/06\\\/27\\\/27-lipnja-1991-unisten-crveni-fico-u-osijeku-ratna-snimka-koja-je-obisla-svijet-video\\\/#article\",\"isPartOf\":{\"@id\":\"https:\\\/\\\/radioljubuski.ba\\\/index.php\\\/2021\\\/06\\\/27\\\/27-lipnja-1991-unisten-crveni-fico-u-osijeku-ratna-snimka-koja-je-obisla-svijet-video\\\/\"},\"author\":{\"name\":\"Radio Ljubu\u0161ki\",\"@id\":\"https:\\\/\\\/radioljubuski.ba\\\/#\\\/schema\\\/person\\\/19fc700381a780f69665d7956c469e3b\"},\"headline\":\"27. lipnja 1991. uni\u0161ten crveni fi\u0107o u Osijeku: Ratna snimka koja je obi\u0161la svijet! &#8211; video\",\"datePublished\":\"2021-06-27T11:08:54+00:00\",\"dateModified\":\"2021-06-27T11:08:55+00:00\",\"mainEntityOfPage\":{\"@id\":\"https:\\\/\\\/radioljubuski.ba\\\/index.php\\\/2021\\\/06\\\/27\\\/27-lipnja-1991-unisten-crveni-fico-u-osijeku-ratna-snimka-koja-je-obisla-svijet-video\\\/\"},\"wordCount\":241,\"publisher\":{\"@id\":\"https:\\\/\\\/radioljubuski.ba\\\/#organization\"},\"image\":{\"@id\":\"https:\\\/\\\/radioljubuski.ba\\\/index.php\\\/2021\\\/06\\\/27\\\/27-lipnja-1991-unisten-crveni-fico-u-osijeku-ratna-snimka-koja-je-obisla-svijet-video\\\/#primaryimage\"},\"thumbnailUrl\":\"https:\\\/\\\/radioljubuski.ba\\\/wp-content\\\/uploads\\\/2021\\\/06\\\/crveni-fico-696x452-1.jpg\",\"articleSection\":[\"BIH i regija\"],\"inLanguage\":\"hr\"},{\"@type\":\"WebPage\",\"@id\":\"https:\\\/\\\/radioljubuski.ba\\\/index.php\\\/2021\\\/06\\\/27\\\/27-lipnja-1991-unisten-crveni-fico-u-osijeku-ratna-snimka-koja-je-obisla-svijet-video\\\/\",\"url\":\"https:\\\/\\\/radioljubuski.ba\\\/index.php\\\/2021\\\/06\\\/27\\\/27-lipnja-1991-unisten-crveni-fico-u-osijeku-ratna-snimka-koja-je-obisla-svijet-video\\\/\",\"name\":\"27. lipnja 1991. uni\u0161ten crveni fi\u0107o u Osijeku: Ratna snimka koja je obi\u0161la svijet! - video - RADIO LJUBU\u0160KI\",\"isPartOf\":{\"@id\":\"https:\\\/\\\/radioljubuski.ba\\\/#website\"},\"primaryImageOfPage\":{\"@id\":\"https:\\\/\\\/radioljubuski.ba\\\/index.php\\\/2021\\\/06\\\/27\\\/27-lipnja-1991-unisten-crveni-fico-u-osijeku-ratna-snimka-koja-je-obisla-svijet-video\\\/#primaryimage\"},\"image\":{\"@id\":\"https:\\\/\\\/radioljubuski.ba\\\/index.php\\\/2021\\\/06\\\/27\\\/27-lipnja-1991-unisten-crveni-fico-u-osijeku-ratna-snimka-koja-je-obisla-svijet-video\\\/#primaryimage\"},\"thumbnailUrl\":\"https:\\\/\\\/radioljubuski.ba\\\/wp-content\\\/uploads\\\/2021\\\/06\\\/crveni-fico-696x452-1.jpg\",\"datePublished\":\"2021-06-27T11:08:54+00:00\",\"dateModified\":\"2021-06-27T11:08:55+00:00\",\"breadcrumb\":{\"@id\":\"https:\\\/\\\/radioljubuski.ba\\\/index.php\\\/2021\\\/06\\\/27\\\/27-lipnja-1991-unisten-crveni-fico-u-osijeku-ratna-snimka-koja-je-obisla-svijet-video\\\/#breadcrumb\"},\"inLanguage\":\"hr\",\"potentialAction\":[{\"@type\":\"ReadAction\",\"target\":[\"https:\\\/\\\/radioljubuski.ba\\\/index.php\\\/2021\\\/06\\\/27\\\/27-lipnja-1991-unisten-crveni-fico-u-osijeku-ratna-snimka-koja-je-obisla-svijet-video\\\/\"]}]},{\"@type\":\"ImageObject\",\"inLanguage\":\"hr\",\"@id\":\"https:\\\/\\\/radioljubuski.ba\\\/index.php\\\/2021\\\/06\\\/27\\\/27-lipnja-1991-unisten-crveni-fico-u-osijeku-ratna-snimka-koja-je-obisla-svijet-video\\\/#primaryimage\",\"url\":\"https:\\\/\\\/radioljubuski.ba\\\/wp-content\\\/uploads\\\/2021\\\/06\\\/crveni-fico-696x452-1.jpg\",\"contentUrl\":\"https:\\\/\\\/radioljubuski.ba\\\/wp-content\\\/uploads\\\/2021\\\/06\\\/crveni-fico-696x452-1.jpg\",\"width\":696,\"height\":452},{\"@type\":\"BreadcrumbList\",\"@id\":\"https:\\\/\\\/radioljubuski.ba\\\/index.php\\\/2021\\\/06\\\/27\\\/27-lipnja-1991-unisten-crveni-fico-u-osijeku-ratna-snimka-koja-je-obisla-svijet-video\\\/#breadcrumb\",\"itemListElement\":[{\"@type\":\"ListItem\",\"position\":1,\"name\":\"Po\u010detna stranica\",\"item\":\"https:\\\/\\\/radioljubuski.ba\\\/\"},{\"@type\":\"ListItem\",\"position\":2,\"name\":\"27. lipnja 1991. uni\u0161ten crveni fi\u0107o u Osijeku: Ratna snimka koja je obi\u0161la svijet! &#8211; video\"}]},{\"@type\":\"WebSite\",\"@id\":\"https:\\\/\\\/radioljubuski.ba\\\/#website\",\"url\":\"https:\\\/\\\/radioljubuski.ba\\\/\",\"name\":\"Radio Ljubu\u0161ki\",\"description\":\"Sun\u010dana frekvencija Hercegovine\",\"publisher\":{\"@id\":\"https:\\\/\\\/radioljubuski.ba\\\/#organization\"},\"potentialAction\":[{\"@type\":\"SearchAction\",\"target\":{\"@type\":\"EntryPoint\",\"urlTemplate\":\"https:\\\/\\\/radioljubuski.ba\\\/?s={search_term_string}\"},\"query-input\":{\"@type\":\"PropertyValueSpecification\",\"valueRequired\":true,\"valueName\":\"search_term_string\"}}],\"inLanguage\":\"hr\"},{\"@type\":\"Organization\",\"@id\":\"https:\\\/\\\/radioljubuski.ba\\\/#organization\",\"name\":\"Radio Ljubu\u0161ki\",\"url\":\"https:\\\/\\\/radioljubuski.ba\\\/\",\"logo\":{\"@type\":\"ImageObject\",\"inLanguage\":\"hr\",\"@id\":\"https:\\\/\\\/radioljubuski.ba\\\/#\\\/schema\\\/logo\\\/image\\\/\",\"url\":\"https:\\\/\\\/radioljubuski.ba\\\/wp-content\\\/uploads\\\/2021\\\/02\\\/cropped-Radio_Ljubuski_logo1.jpg\",\"contentUrl\":\"https:\\\/\\\/radioljubuski.ba\\\/wp-content\\\/uploads\\\/2021\\\/02\\\/cropped-Radio_Ljubuski_logo1.jpg\",\"width\":512,\"height\":512,\"caption\":\"Radio Ljubu\u0161ki\"},\"image\":{\"@id\":\"https:\\\/\\\/radioljubuski.ba\\\/#\\\/schema\\\/logo\\\/image\\\/\"},\"sameAs\":[\"https:\\\/\\\/www.facebook.com\\\/Radiio-Ljubuski-1490835324566332\",\"https:\\\/\\\/x.com\\\/radioljubuski\",\"https:\\\/\\\/hr.linkedin.com\\\/company\\\/radio-ljubuski\",\"https:\\\/\\\/www.youtube.com\\\/channel\\\/UCHYaeO_n0Db3tjNGudGpXyw\"]},{\"@type\":\"Person\",\"@id\":\"https:\\\/\\\/radioljubuski.ba\\\/#\\\/schema\\\/person\\\/19fc700381a780f69665d7956c469e3b\",\"name\":\"Radio Ljubu\u0161ki\"}]}<\/script>\n<!-- \/ Yoast SEO plugin. -->","yoast_head_json":{"title":"27. lipnja 1991. uni\u0161ten crveni fi\u0107o u Osijeku: Ratna snimka koja je obi\u0161la svijet! - video - RADIO LJUBU\u0160KI","robots":{"index":"index","follow":"follow","max-snippet":"max-snippet:-1","max-image-preview":"max-image-preview:large","max-video-preview":"max-video-preview:-1"},"canonical":"https:\/\/radioljubuski.ba\/index.php\/2021\/06\/27\/27-lipnja-1991-unisten-crveni-fico-u-osijeku-ratna-snimka-koja-je-obisla-svijet-video\/","og_locale":"hr_HR","og_type":"article","og_title":"27. lipnja 1991. uni\u0161ten crveni fi\u0107o u Osijeku: Ratna snimka koja je obi\u0161la svijet! - video - RADIO LJUBU\u0160KI","og_description":"Na dana\u0161nji dan 27. lipnja 1991. dogodio se u Osijeku jedan od najupe\u010datljivijih doga\u0111aja iz Domovinskog rata. U sam osvit po\u010detka Domovinskog rata \u201ecrvenog fi\u0107u\u201c osje\u010dkih registracijskih oznaka bezobzirno je pregazio tenk T-55 Jugoslavenske narodne armije, pri prolasku kolone tenkova JNA gradom Osijekom. Kad je vidio demonstraciju sile golemih tenkova koji su se kroz grad [&hellip;]","og_url":"https:\/\/radioljubuski.ba\/index.php\/2021\/06\/27\/27-lipnja-1991-unisten-crveni-fico-u-osijeku-ratna-snimka-koja-je-obisla-svijet-video\/","og_site_name":"RADIO LJUBU\u0160KI","article_publisher":"https:\/\/www.facebook.com\/Radiio-Ljubuski-1490835324566332","article_published_time":"2021-06-27T11:08:54+00:00","article_modified_time":"2021-06-27T11:08:55+00:00","og_image":[{"width":696,"height":452,"url":"https:\/\/radioljubuski.ba\/wp-content\/uploads\/2021\/06\/crveni-fico-696x452-1.jpg","type":"image\/jpeg"}],"author":"Radio Ljubu\u0161ki","twitter_card":"summary_large_image","twitter_creator":"@radioljubuski","twitter_site":"@radioljubuski","twitter_misc":{"Napisao\/la":"Radio Ljubu\u0161ki","Procijenjeno vrijeme \u010ditanja":"2 minute"},"schema":{"@context":"https:\/\/schema.org","@graph":[{"@type":"Article","@id":"https:\/\/radioljubuski.ba\/index.php\/2021\/06\/27\/27-lipnja-1991-unisten-crveni-fico-u-osijeku-ratna-snimka-koja-je-obisla-svijet-video\/#article","isPartOf":{"@id":"https:\/\/radioljubuski.ba\/index.php\/2021\/06\/27\/27-lipnja-1991-unisten-crveni-fico-u-osijeku-ratna-snimka-koja-je-obisla-svijet-video\/"},"author":{"name":"Radio Ljubu\u0161ki","@id":"https:\/\/radioljubuski.ba\/#\/schema\/person\/19fc700381a780f69665d7956c469e3b"},"headline":"27. lipnja 1991. uni\u0161ten crveni fi\u0107o u Osijeku: Ratna snimka koja je obi\u0161la svijet! &#8211; video","datePublished":"2021-06-27T11:08:54+00:00","dateModified":"2021-06-27T11:08:55+00:00","mainEntityOfPage":{"@id":"https:\/\/radioljubuski.ba\/index.php\/2021\/06\/27\/27-lipnja-1991-unisten-crveni-fico-u-osijeku-ratna-snimka-koja-je-obisla-svijet-video\/"},"wordCount":241,"publisher":{"@id":"https:\/\/radioljubuski.ba\/#organization"},"image":{"@id":"https:\/\/radioljubuski.ba\/index.php\/2021\/06\/27\/27-lipnja-1991-unisten-crveni-fico-u-osijeku-ratna-snimka-koja-je-obisla-svijet-video\/#primaryimage"},"thumbnailUrl":"https:\/\/radioljubuski.ba\/wp-content\/uploads\/2021\/06\/crveni-fico-696x452-1.jpg","articleSection":["BIH i regija"],"inLanguage":"hr"},{"@type":"WebPage","@id":"https:\/\/radioljubuski.ba\/index.php\/2021\/06\/27\/27-lipnja-1991-unisten-crveni-fico-u-osijeku-ratna-snimka-koja-je-obisla-svijet-video\/","url":"https:\/\/radioljubuski.ba\/index.php\/2021\/06\/27\/27-lipnja-1991-unisten-crveni-fico-u-osijeku-ratna-snimka-koja-je-obisla-svijet-video\/","name":"27. lipnja 1991. uni\u0161ten crveni fi\u0107o u Osijeku: Ratna snimka koja je obi\u0161la svijet! - video - RADIO LJUBU\u0160KI","isPartOf":{"@id":"https:\/\/radioljubuski.ba\/#website"},"primaryImageOfPage":{"@id":"https:\/\/radioljubuski.ba\/index.php\/2021\/06\/27\/27-lipnja-1991-unisten-crveni-fico-u-osijeku-ratna-snimka-koja-je-obisla-svijet-video\/#primaryimage"},"image":{"@id":"https:\/\/radioljubuski.ba\/index.php\/2021\/06\/27\/27-lipnja-1991-unisten-crveni-fico-u-osijeku-ratna-snimka-koja-je-obisla-svijet-video\/#primaryimage"},"thumbnailUrl":"https:\/\/radioljubuski.ba\/wp-content\/uploads\/2021\/06\/crveni-fico-696x452-1.jpg","datePublished":"2021-06-27T11:08:54+00:00","dateModified":"2021-06-27T11:08:55+00:00","breadcrumb":{"@id":"https:\/\/radioljubuski.ba\/index.php\/2021\/06\/27\/27-lipnja-1991-unisten-crveni-fico-u-osijeku-ratna-snimka-koja-je-obisla-svijet-video\/#breadcrumb"},"inLanguage":"hr","potentialAction":[{"@type":"ReadAction","target":["https:\/\/radioljubuski.ba\/index.php\/2021\/06\/27\/27-lipnja-1991-unisten-crveni-fico-u-osijeku-ratna-snimka-koja-je-obisla-svijet-video\/"]}]},{"@type":"ImageObject","inLanguage":"hr","@id":"https:\/\/radioljubuski.ba\/index.php\/2021\/06\/27\/27-lipnja-1991-unisten-crveni-fico-u-osijeku-ratna-snimka-koja-je-obisla-svijet-video\/#primaryimage","url":"https:\/\/radioljubuski.ba\/wp-content\/uploads\/2021\/06\/crveni-fico-696x452-1.jpg","contentUrl":"https:\/\/radioljubuski.ba\/wp-content\/uploads\/2021\/06\/crveni-fico-696x452-1.jpg","width":696,"height":452},{"@type":"BreadcrumbList","@id":"https:\/\/radioljubuski.ba\/index.php\/2021\/06\/27\/27-lipnja-1991-unisten-crveni-fico-u-osijeku-ratna-snimka-koja-je-obisla-svijet-video\/#breadcrumb","itemListElement":[{"@type":"ListItem","position":1,"name":"Po\u010detna stranica","item":"https:\/\/radioljubuski.ba\/"},{"@type":"ListItem","position":2,"name":"27. lipnja 1991. uni\u0161ten crveni fi\u0107o u Osijeku: Ratna snimka koja je obi\u0161la svijet! &#8211; video"}]},{"@type":"WebSite","@id":"https:\/\/radioljubuski.ba\/#website","url":"https:\/\/radioljubuski.ba\/","name":"Radio Ljubu\u0161ki","description":"Sun\u010dana frekvencija Hercegovine","publisher":{"@id":"https:\/\/radioljubuski.ba\/#organization"},"potentialAction":[{"@type":"SearchAction","target":{"@type":"EntryPoint","urlTemplate":"https:\/\/radioljubuski.ba\/?s={search_term_string}"},"query-input":{"@type":"PropertyValueSpecification","valueRequired":true,"valueName":"search_term_string"}}],"inLanguage":"hr"},{"@type":"Organization","@id":"https:\/\/radioljubuski.ba\/#organization","name":"Radio Ljubu\u0161ki","url":"https:\/\/radioljubuski.ba\/","logo":{"@type":"ImageObject","inLanguage":"hr","@id":"https:\/\/radioljubuski.ba\/#\/schema\/logo\/image\/","url":"https:\/\/radioljubuski.ba\/wp-content\/uploads\/2021\/02\/cropped-Radio_Ljubuski_logo1.jpg","contentUrl":"https:\/\/radioljubuski.ba\/wp-content\/uploads\/2021\/02\/cropped-Radio_Ljubuski_logo1.jpg","width":512,"height":512,"caption":"Radio Ljubu\u0161ki"},"image":{"@id":"https:\/\/radioljubuski.ba\/#\/schema\/logo\/image\/"},"sameAs":["https:\/\/www.facebook.com\/Radiio-Ljubuski-1490835324566332","https:\/\/x.com\/radioljubuski","https:\/\/hr.linkedin.com\/company\/radio-ljubuski","https:\/\/www.youtube.com\/channel\/UCHYaeO_n0Db3tjNGudGpXyw"]},{"@type":"Person","@id":"https:\/\/radioljubuski.ba\/#\/schema\/person\/19fc700381a780f69665d7956c469e3b","name":"Radio Ljubu\u0161ki"}]}},"_links":{"self":[{"href":"https:\/\/radioljubuski.ba\/index.php\/wp-json\/wp\/v2\/posts\/36313","targetHints":{"allow":["GET"]}}],"collection":[{"href":"https:\/\/radioljubuski.ba\/index.php\/wp-json\/wp\/v2\/posts"}],"about":[{"href":"https:\/\/radioljubuski.ba\/index.php\/wp-json\/wp\/v2\/types\/post"}],"author":[{"embeddable":true,"href":"https:\/\/radioljubuski.ba\/index.php\/wp-json\/wp\/v2\/users\/2"}],"replies":[{"embeddable":true,"href":"https:\/\/radioljubuski.ba\/index.php\/wp-json\/wp\/v2\/comments?post=36313"}],"version-history":[{"count":1,"href":"https:\/\/radioljubuski.ba\/index.php\/wp-json\/wp\/v2\/posts\/36313\/revisions"}],"predecessor-version":[{"id":36315,"href":"https:\/\/radioljubuski.ba\/index.php\/wp-json\/wp\/v2\/posts\/36313\/revisions\/36315"}],"wp:featuredmedia":[{"embeddable":true,"href":"https:\/\/radioljubuski.ba\/index.php\/wp-json\/wp\/v2\/media\/36314"}],"wp:attachment":[{"href":"https:\/\/radioljubuski.ba\/index.php\/wp-json\/wp\/v2\/media?parent=36313"}],"wp:term":[{"taxonomy":"category","embeddable":true,"href":"https:\/\/radioljubuski.ba\/index.php\/wp-json\/wp\/v2\/categories?post=36313"},{"taxonomy":"post_tag","embeddable":true,"href":"https:\/\/radioljubuski.ba\/index.php\/wp-json\/wp\/v2\/tags?post=36313"}],"curies":[{"name":"wp","href":"https:\/\/api.w.org\/{rel}","templated":true}]}}