{"id":36316,"date":"2021-06-27T12:12:21","date_gmt":"2021-06-27T11:12:21","guid":{"rendered":"https:\/\/radioljubuski.ba\/?p=36316"},"modified":"2021-06-27T12:12:22","modified_gmt":"2021-06-27T11:12:22","slug":"27-lipnja-sveti-ladislav-kralj-koji-je-1094-osnovao-zagrebacku-biskupiju","status":"publish","type":"post","link":"https:\/\/radioljubuski.ba\/index.php\/2021\/06\/27\/27-lipnja-sveti-ladislav-kralj-koji-je-1094-osnovao-zagrebacku-biskupiju\/","title":{"rendered":"27. lipnja sveti Ladislav \u2013 kralj koji je 1094. osnovao Zagreba\u010dku biskupiju?"},"content":{"rendered":"\n<p><strong>Za nas Hrvate kralj Ladislav je zna\u010dajan zbog toga sto je koncem XI. st. u Zagrebu osnovao biskupiju i tako na\u0161em gradu postavio preduvjete da jednog dana postane kulturno, vjersko i politi\u010dko sredi\u0161te hrvatskoga naroda.<\/strong>&nbsp;<strong>Bio je brat Jelene Lijepe, supruge hrvatskog kralja Zvonimira.<\/strong><\/p>\n\n\n\n<p>Razlog je osnivanja biskupije taj \u0161to je sjeverna Hrvatska bila daleko od hrvatskih biskupskih sjedi\u0161ta u Splitu, Kninu i Ninu, pa je ovda\u0161nji kr\u0161\u0107anski narod lako mogao zapasti u vjersko neznanje i krivovjerje. To je vjerski razlog i potpuno je opravdan, a drugi je politi\u010dke prirode i \u017eelje za u\u010dvr\u0161\u0107enjem vlasti.<\/p>\n\n\n\n<p>O osnutku zagreba\u010dke biskupije po Ladislavu povjesni\u010dar i sve\u0107enik profesor Sre\u0107ko Drago\u0161evi\u0107 pi\u0161e ovo:<\/p>\n\n\n\n<p>\u201cLadislav je godine 1091. uspio uspostaviti vlast tek u Posavskoj Hrvatskoj, a kako je tada hrvatski biskup bio uz kralja Petra Sva\u010di\u0107a, Ladislavu se nametnula nu\u017ena potreba da u Posavskoj Hrvatskoj provede samostalnu crkvenu organizaciju s biskupom na \u010delu. Sigurno se nadao da \u0107e time i zemlju \u010dvr\u0161\u0107e vezati uz sebe. Posavsku Hrvatsku nije mogao podijeliti me\u0111u ma\u0111arske biskupije, jer je postojala nepremostiva zapreka jezika. Da je to ipak napravio, izazvao bi oporbu i splitskoga nadbiskupa i hrvatskog biskupa, a i samoga Rima. Nadao se da \u0107e dopu\u0161tenje za osnivanje nove posebne biskupije dosta lagano posti\u0107i, jer je pri\u0161ao protupapi Klementu III., koji je \u017eelio svoje pristalice povezati uz sebe daju\u0107i im ustupke. Sigurno je jedan od razloga osnivanja nove biskupije bio i vjerski, jer je narod bez crkvene organizacije mogao lako upasti u vjersko neznanje i zastraniti u krivovjerje. No, politi\u010dki vidik u\u010dvr\u0161\u0107enja arpadovske vlasti bio je o\u010dito na prvom mjestu. Sama bula o osnutku biskupije nije sa\u010duvana, ali je u kasnijim potpuno pouzdanim dokumentima sa\u010duvan najve\u0107im dijelom njezin sadr\u017eaj\u2026 Prema ispravama mo\u017ee se skoro sa sigurnos\u0107u utvrditi da je zagreba\u010dka biskupija osnovana oko godine 1094., a ne to\u010dno te godine, kako tvrdi \u0160i\u0161i\u0107. Kad je osnovana zagreba\u010dka biskupija, bila je podvrgnuta kao sufraganska biskupija Ostrogonu. Tim je pretrgnuta vjekovna crkvena veza izme\u0111u Primorske i Panonske Hrvatske\u2026\u201d<\/p>\n\n\n\n<p>Sveti Ladislav je umro 29. srpnja 1095. godine u Nitri, a prema svjedo\u010danstvu legendi kanoniziran je 1192. godine.<\/p>\n\n\n\n<p>Povjesni\u010darka Edith Pasztor pi\u0161e o njemu:<\/p>\n\n\n\n<p>\u201cPeriod je vladavine sv. Ladislava za ma\u0111arsku povijest zna\u010dajan po tome \u0161to je nastojao oko u\u010dvr\u0161\u0107enja kr\u0161\u0107anske dr\u017eave. Njegovi dekreti kao i oni sa sinode u Szabolcsu iz godine 1092., kojoj je predsjedao, svjedo\u010de o naporu da se izlije\u010di moralno propadanje ma\u0111arskoga klera i puka, zemlje koja je samo polagano usvajala ideje gregorijanske obnove\u201d \u2013 one obnove \u0161to ju je u Crkvi tako vatreno promicao veliki papa sveti Grgur VII.<\/p>\n\n\n\n<p>Rimski martirologij spominje svetog Ladislava 27. lipnja. Njega je zagreba\u010dka biskupija, kasnije nadbiskupija, slavila kao svoga prvotnoga za\u0161titnika. Suza\u0161titnik je zagreba\u010dke katedrale. Jedan od oltara posve\u0107en je njemu, gdje se nalazi i njegov kip.<\/p>\n\n\n\n<p><em>Izvor: narod.hr<\/em><\/p>\n","protected":false},"excerpt":{"rendered":"<p>Za nas Hrvate kralj Ladislav je zna\u010dajan zbog toga sto je koncem XI. st. u Zagrebu osnovao biskupiju i tako na\u0161em gradu postavio preduvjete da jednog dana postane kulturno, vjersko i politi\u010dko sredi\u0161te hrvatskoga naroda.&nbsp;Bio je brat Jelene Lijepe, supruge hrvatskog kralja Zvonimira. Razlog je osnivanja biskupije taj \u0161to je sjeverna Hrvatska bila daleko od [&hellip;]<\/p>\n","protected":false},"author":2,"featured_media":36317,"comment_status":"closed","ping_status":"closed","sticky":false,"template":"","format":"standard","meta":{"h5ap_radio_sources":[],"footnotes":""},"categories":[1],"tags":[],"class_list":["post-36316","post","type-post","status-publish","format-standard","has-post-thumbnail","hentry","category-bihiregija"],"yoast_head":"<!-- This site is optimized with the Yoast SEO plugin v27.5 - https:\/\/yoast.com\/product\/yoast-seo-wordpress\/ -->\n<title>27. lipnja sveti Ladislav \u2013 kralj koji je 1094. osnovao Zagreba\u010dku biskupiju? - RADIO LJUBU\u0160KI<\/title>\n<meta name=\"robots\" content=\"index, follow, max-snippet:-1, max-image-preview:large, max-video-preview:-1\" \/>\n<link rel=\"canonical\" href=\"https:\/\/radioljubuski.ba\/index.php\/2021\/06\/27\/27-lipnja-sveti-ladislav-kralj-koji-je-1094-osnovao-zagrebacku-biskupiju\/\" \/>\n<meta property=\"og:locale\" content=\"hr_HR\" \/>\n<meta property=\"og:type\" content=\"article\" \/>\n<meta property=\"og:title\" content=\"27. lipnja sveti Ladislav \u2013 kralj koji je 1094. osnovao Zagreba\u010dku biskupiju? - RADIO LJUBU\u0160KI\" \/>\n<meta property=\"og:description\" content=\"Za nas Hrvate kralj Ladislav je zna\u010dajan zbog toga sto je koncem XI. st. u Zagrebu osnovao biskupiju i tako na\u0161em gradu postavio preduvjete da jednog dana postane kulturno, vjersko i politi\u010dko sredi\u0161te hrvatskoga naroda.&nbsp;Bio je brat Jelene Lijepe, supruge hrvatskog kralja Zvonimira. Razlog je osnivanja biskupije taj \u0161to je sjeverna Hrvatska bila daleko od [&hellip;]\" \/>\n<meta property=\"og:url\" content=\"https:\/\/radioljubuski.ba\/index.php\/2021\/06\/27\/27-lipnja-sveti-ladislav-kralj-koji-je-1094-osnovao-zagrebacku-biskupiju\/\" \/>\n<meta property=\"og:site_name\" content=\"RADIO LJUBU\u0160KI\" \/>\n<meta property=\"article:publisher\" content=\"https:\/\/www.facebook.com\/Radiio-Ljubuski-1490835324566332\" \/>\n<meta property=\"article:published_time\" content=\"2021-06-27T11:12:21+00:00\" \/>\n<meta property=\"article:modified_time\" content=\"2021-06-27T11:12:22+00:00\" \/>\n<meta property=\"og:image\" content=\"https:\/\/radioljubuski.ba\/wp-content\/uploads\/2021\/06\/sv._ladislav-696x482-1.png\" \/>\n\t<meta property=\"og:image:width\" content=\"696\" \/>\n\t<meta property=\"og:image:height\" content=\"482\" \/>\n\t<meta property=\"og:image:type\" content=\"image\/png\" \/>\n<meta name=\"author\" content=\"Radio Ljubu\u0161ki\" \/>\n<meta name=\"twitter:card\" content=\"summary_large_image\" \/>\n<meta name=\"twitter:creator\" content=\"@radioljubuski\" \/>\n<meta name=\"twitter:site\" content=\"@radioljubuski\" \/>\n<meta name=\"twitter:label1\" content=\"Napisao\/la\" \/>\n\t<meta name=\"twitter:data1\" content=\"Radio Ljubu\u0161ki\" \/>\n\t<meta name=\"twitter:label2\" content=\"Procijenjeno vrijeme \u010ditanja\" \/>\n\t<meta name=\"twitter:data2\" content=\"3 minute\" \/>\n<script type=\"application\/ld+json\" class=\"yoast-schema-graph\">{\"@context\":\"https:\\\/\\\/schema.org\",\"@graph\":[{\"@type\":\"Article\",\"@id\":\"https:\\\/\\\/radioljubuski.ba\\\/index.php\\\/2021\\\/06\\\/27\\\/27-lipnja-sveti-ladislav-kralj-koji-je-1094-osnovao-zagrebacku-biskupiju\\\/#article\",\"isPartOf\":{\"@id\":\"https:\\\/\\\/radioljubuski.ba\\\/index.php\\\/2021\\\/06\\\/27\\\/27-lipnja-sveti-ladislav-kralj-koji-je-1094-osnovao-zagrebacku-biskupiju\\\/\"},\"author\":{\"name\":\"Radio Ljubu\u0161ki\",\"@id\":\"https:\\\/\\\/radioljubuski.ba\\\/#\\\/schema\\\/person\\\/19fc700381a780f69665d7956c469e3b\"},\"headline\":\"27. lipnja sveti Ladislav \u2013 kralj koji je 1094. osnovao Zagreba\u010dku biskupiju?\",\"datePublished\":\"2021-06-27T11:12:21+00:00\",\"dateModified\":\"2021-06-27T11:12:22+00:00\",\"mainEntityOfPage\":{\"@id\":\"https:\\\/\\\/radioljubuski.ba\\\/index.php\\\/2021\\\/06\\\/27\\\/27-lipnja-sveti-ladislav-kralj-koji-je-1094-osnovao-zagrebacku-biskupiju\\\/\"},\"wordCount\":519,\"publisher\":{\"@id\":\"https:\\\/\\\/radioljubuski.ba\\\/#organization\"},\"image\":{\"@id\":\"https:\\\/\\\/radioljubuski.ba\\\/index.php\\\/2021\\\/06\\\/27\\\/27-lipnja-sveti-ladislav-kralj-koji-je-1094-osnovao-zagrebacku-biskupiju\\\/#primaryimage\"},\"thumbnailUrl\":\"https:\\\/\\\/radioljubuski.ba\\\/wp-content\\\/uploads\\\/2021\\\/06\\\/sv._ladislav-696x482-1.png\",\"articleSection\":[\"BIH i regija\"],\"inLanguage\":\"hr\"},{\"@type\":\"WebPage\",\"@id\":\"https:\\\/\\\/radioljubuski.ba\\\/index.php\\\/2021\\\/06\\\/27\\\/27-lipnja-sveti-ladislav-kralj-koji-je-1094-osnovao-zagrebacku-biskupiju\\\/\",\"url\":\"https:\\\/\\\/radioljubuski.ba\\\/index.php\\\/2021\\\/06\\\/27\\\/27-lipnja-sveti-ladislav-kralj-koji-je-1094-osnovao-zagrebacku-biskupiju\\\/\",\"name\":\"27. lipnja sveti Ladislav \u2013 kralj koji je 1094. osnovao Zagreba\u010dku biskupiju? - RADIO LJUBU\u0160KI\",\"isPartOf\":{\"@id\":\"https:\\\/\\\/radioljubuski.ba\\\/#website\"},\"primaryImageOfPage\":{\"@id\":\"https:\\\/\\\/radioljubuski.ba\\\/index.php\\\/2021\\\/06\\\/27\\\/27-lipnja-sveti-ladislav-kralj-koji-je-1094-osnovao-zagrebacku-biskupiju\\\/#primaryimage\"},\"image\":{\"@id\":\"https:\\\/\\\/radioljubuski.ba\\\/index.php\\\/2021\\\/06\\\/27\\\/27-lipnja-sveti-ladislav-kralj-koji-je-1094-osnovao-zagrebacku-biskupiju\\\/#primaryimage\"},\"thumbnailUrl\":\"https:\\\/\\\/radioljubuski.ba\\\/wp-content\\\/uploads\\\/2021\\\/06\\\/sv._ladislav-696x482-1.png\",\"datePublished\":\"2021-06-27T11:12:21+00:00\",\"dateModified\":\"2021-06-27T11:12:22+00:00\",\"breadcrumb\":{\"@id\":\"https:\\\/\\\/radioljubuski.ba\\\/index.php\\\/2021\\\/06\\\/27\\\/27-lipnja-sveti-ladislav-kralj-koji-je-1094-osnovao-zagrebacku-biskupiju\\\/#breadcrumb\"},\"inLanguage\":\"hr\",\"potentialAction\":[{\"@type\":\"ReadAction\",\"target\":[\"https:\\\/\\\/radioljubuski.ba\\\/index.php\\\/2021\\\/06\\\/27\\\/27-lipnja-sveti-ladislav-kralj-koji-je-1094-osnovao-zagrebacku-biskupiju\\\/\"]}]},{\"@type\":\"ImageObject\",\"inLanguage\":\"hr\",\"@id\":\"https:\\\/\\\/radioljubuski.ba\\\/index.php\\\/2021\\\/06\\\/27\\\/27-lipnja-sveti-ladislav-kralj-koji-je-1094-osnovao-zagrebacku-biskupiju\\\/#primaryimage\",\"url\":\"https:\\\/\\\/radioljubuski.ba\\\/wp-content\\\/uploads\\\/2021\\\/06\\\/sv._ladislav-696x482-1.png\",\"contentUrl\":\"https:\\\/\\\/radioljubuski.ba\\\/wp-content\\\/uploads\\\/2021\\\/06\\\/sv._ladislav-696x482-1.png\",\"width\":696,\"height\":482},{\"@type\":\"BreadcrumbList\",\"@id\":\"https:\\\/\\\/radioljubuski.ba\\\/index.php\\\/2021\\\/06\\\/27\\\/27-lipnja-sveti-ladislav-kralj-koji-je-1094-osnovao-zagrebacku-biskupiju\\\/#breadcrumb\",\"itemListElement\":[{\"@type\":\"ListItem\",\"position\":1,\"name\":\"Po\u010detna stranica\",\"item\":\"https:\\\/\\\/radioljubuski.ba\\\/\"},{\"@type\":\"ListItem\",\"position\":2,\"name\":\"27. lipnja sveti Ladislav \u2013 kralj koji je 1094. osnovao Zagreba\u010dku biskupiju?\"}]},{\"@type\":\"WebSite\",\"@id\":\"https:\\\/\\\/radioljubuski.ba\\\/#website\",\"url\":\"https:\\\/\\\/radioljubuski.ba\\\/\",\"name\":\"Radio Ljubu\u0161ki\",\"description\":\"Sun\u010dana frekvencija Hercegovine\",\"publisher\":{\"@id\":\"https:\\\/\\\/radioljubuski.ba\\\/#organization\"},\"potentialAction\":[{\"@type\":\"SearchAction\",\"target\":{\"@type\":\"EntryPoint\",\"urlTemplate\":\"https:\\\/\\\/radioljubuski.ba\\\/?s={search_term_string}\"},\"query-input\":{\"@type\":\"PropertyValueSpecification\",\"valueRequired\":true,\"valueName\":\"search_term_string\"}}],\"inLanguage\":\"hr\"},{\"@type\":\"Organization\",\"@id\":\"https:\\\/\\\/radioljubuski.ba\\\/#organization\",\"name\":\"Radio Ljubu\u0161ki\",\"url\":\"https:\\\/\\\/radioljubuski.ba\\\/\",\"logo\":{\"@type\":\"ImageObject\",\"inLanguage\":\"hr\",\"@id\":\"https:\\\/\\\/radioljubuski.ba\\\/#\\\/schema\\\/logo\\\/image\\\/\",\"url\":\"https:\\\/\\\/radioljubuski.ba\\\/wp-content\\\/uploads\\\/2021\\\/02\\\/cropped-Radio_Ljubuski_logo1.jpg\",\"contentUrl\":\"https:\\\/\\\/radioljubuski.ba\\\/wp-content\\\/uploads\\\/2021\\\/02\\\/cropped-Radio_Ljubuski_logo1.jpg\",\"width\":512,\"height\":512,\"caption\":\"Radio Ljubu\u0161ki\"},\"image\":{\"@id\":\"https:\\\/\\\/radioljubuski.ba\\\/#\\\/schema\\\/logo\\\/image\\\/\"},\"sameAs\":[\"https:\\\/\\\/www.facebook.com\\\/Radiio-Ljubuski-1490835324566332\",\"https:\\\/\\\/x.com\\\/radioljubuski\",\"https:\\\/\\\/hr.linkedin.com\\\/company\\\/radio-ljubuski\",\"https:\\\/\\\/www.youtube.com\\\/channel\\\/UCHYaeO_n0Db3tjNGudGpXyw\"]},{\"@type\":\"Person\",\"@id\":\"https:\\\/\\\/radioljubuski.ba\\\/#\\\/schema\\\/person\\\/19fc700381a780f69665d7956c469e3b\",\"name\":\"Radio Ljubu\u0161ki\"}]}<\/script>\n<!-- \/ Yoast SEO plugin. -->","yoast_head_json":{"title":"27. lipnja sveti Ladislav \u2013 kralj koji je 1094. osnovao Zagreba\u010dku biskupiju? - RADIO LJUBU\u0160KI","robots":{"index":"index","follow":"follow","max-snippet":"max-snippet:-1","max-image-preview":"max-image-preview:large","max-video-preview":"max-video-preview:-1"},"canonical":"https:\/\/radioljubuski.ba\/index.php\/2021\/06\/27\/27-lipnja-sveti-ladislav-kralj-koji-je-1094-osnovao-zagrebacku-biskupiju\/","og_locale":"hr_HR","og_type":"article","og_title":"27. lipnja sveti Ladislav \u2013 kralj koji je 1094. osnovao Zagreba\u010dku biskupiju? - RADIO LJUBU\u0160KI","og_description":"Za nas Hrvate kralj Ladislav je zna\u010dajan zbog toga sto je koncem XI. st. u Zagrebu osnovao biskupiju i tako na\u0161em gradu postavio preduvjete da jednog dana postane kulturno, vjersko i politi\u010dko sredi\u0161te hrvatskoga naroda.&nbsp;Bio je brat Jelene Lijepe, supruge hrvatskog kralja Zvonimira. Razlog je osnivanja biskupije taj \u0161to je sjeverna Hrvatska bila daleko od [&hellip;]","og_url":"https:\/\/radioljubuski.ba\/index.php\/2021\/06\/27\/27-lipnja-sveti-ladislav-kralj-koji-je-1094-osnovao-zagrebacku-biskupiju\/","og_site_name":"RADIO LJUBU\u0160KI","article_publisher":"https:\/\/www.facebook.com\/Radiio-Ljubuski-1490835324566332","article_published_time":"2021-06-27T11:12:21+00:00","article_modified_time":"2021-06-27T11:12:22+00:00","og_image":[{"width":696,"height":482,"url":"https:\/\/radioljubuski.ba\/wp-content\/uploads\/2021\/06\/sv._ladislav-696x482-1.png","type":"image\/png"}],"author":"Radio Ljubu\u0161ki","twitter_card":"summary_large_image","twitter_creator":"@radioljubuski","twitter_site":"@radioljubuski","twitter_misc":{"Napisao\/la":"Radio Ljubu\u0161ki","Procijenjeno vrijeme \u010ditanja":"3 minute"},"schema":{"@context":"https:\/\/schema.org","@graph":[{"@type":"Article","@id":"https:\/\/radioljubuski.ba\/index.php\/2021\/06\/27\/27-lipnja-sveti-ladislav-kralj-koji-je-1094-osnovao-zagrebacku-biskupiju\/#article","isPartOf":{"@id":"https:\/\/radioljubuski.ba\/index.php\/2021\/06\/27\/27-lipnja-sveti-ladislav-kralj-koji-je-1094-osnovao-zagrebacku-biskupiju\/"},"author":{"name":"Radio Ljubu\u0161ki","@id":"https:\/\/radioljubuski.ba\/#\/schema\/person\/19fc700381a780f69665d7956c469e3b"},"headline":"27. lipnja sveti Ladislav \u2013 kralj koji je 1094. osnovao Zagreba\u010dku biskupiju?","datePublished":"2021-06-27T11:12:21+00:00","dateModified":"2021-06-27T11:12:22+00:00","mainEntityOfPage":{"@id":"https:\/\/radioljubuski.ba\/index.php\/2021\/06\/27\/27-lipnja-sveti-ladislav-kralj-koji-je-1094-osnovao-zagrebacku-biskupiju\/"},"wordCount":519,"publisher":{"@id":"https:\/\/radioljubuski.ba\/#organization"},"image":{"@id":"https:\/\/radioljubuski.ba\/index.php\/2021\/06\/27\/27-lipnja-sveti-ladislav-kralj-koji-je-1094-osnovao-zagrebacku-biskupiju\/#primaryimage"},"thumbnailUrl":"https:\/\/radioljubuski.ba\/wp-content\/uploads\/2021\/06\/sv._ladislav-696x482-1.png","articleSection":["BIH i regija"],"inLanguage":"hr"},{"@type":"WebPage","@id":"https:\/\/radioljubuski.ba\/index.php\/2021\/06\/27\/27-lipnja-sveti-ladislav-kralj-koji-je-1094-osnovao-zagrebacku-biskupiju\/","url":"https:\/\/radioljubuski.ba\/index.php\/2021\/06\/27\/27-lipnja-sveti-ladislav-kralj-koji-je-1094-osnovao-zagrebacku-biskupiju\/","name":"27. lipnja sveti Ladislav \u2013 kralj koji je 1094. osnovao Zagreba\u010dku biskupiju? - RADIO LJUBU\u0160KI","isPartOf":{"@id":"https:\/\/radioljubuski.ba\/#website"},"primaryImageOfPage":{"@id":"https:\/\/radioljubuski.ba\/index.php\/2021\/06\/27\/27-lipnja-sveti-ladislav-kralj-koji-je-1094-osnovao-zagrebacku-biskupiju\/#primaryimage"},"image":{"@id":"https:\/\/radioljubuski.ba\/index.php\/2021\/06\/27\/27-lipnja-sveti-ladislav-kralj-koji-je-1094-osnovao-zagrebacku-biskupiju\/#primaryimage"},"thumbnailUrl":"https:\/\/radioljubuski.ba\/wp-content\/uploads\/2021\/06\/sv._ladislav-696x482-1.png","datePublished":"2021-06-27T11:12:21+00:00","dateModified":"2021-06-27T11:12:22+00:00","breadcrumb":{"@id":"https:\/\/radioljubuski.ba\/index.php\/2021\/06\/27\/27-lipnja-sveti-ladislav-kralj-koji-je-1094-osnovao-zagrebacku-biskupiju\/#breadcrumb"},"inLanguage":"hr","potentialAction":[{"@type":"ReadAction","target":["https:\/\/radioljubuski.ba\/index.php\/2021\/06\/27\/27-lipnja-sveti-ladislav-kralj-koji-je-1094-osnovao-zagrebacku-biskupiju\/"]}]},{"@type":"ImageObject","inLanguage":"hr","@id":"https:\/\/radioljubuski.ba\/index.php\/2021\/06\/27\/27-lipnja-sveti-ladislav-kralj-koji-je-1094-osnovao-zagrebacku-biskupiju\/#primaryimage","url":"https:\/\/radioljubuski.ba\/wp-content\/uploads\/2021\/06\/sv._ladislav-696x482-1.png","contentUrl":"https:\/\/radioljubuski.ba\/wp-content\/uploads\/2021\/06\/sv._ladislav-696x482-1.png","width":696,"height":482},{"@type":"BreadcrumbList","@id":"https:\/\/radioljubuski.ba\/index.php\/2021\/06\/27\/27-lipnja-sveti-ladislav-kralj-koji-je-1094-osnovao-zagrebacku-biskupiju\/#breadcrumb","itemListElement":[{"@type":"ListItem","position":1,"name":"Po\u010detna stranica","item":"https:\/\/radioljubuski.ba\/"},{"@type":"ListItem","position":2,"name":"27. lipnja sveti Ladislav \u2013 kralj koji je 1094. osnovao Zagreba\u010dku biskupiju?"}]},{"@type":"WebSite","@id":"https:\/\/radioljubuski.ba\/#website","url":"https:\/\/radioljubuski.ba\/","name":"Radio Ljubu\u0161ki","description":"Sun\u010dana frekvencija Hercegovine","publisher":{"@id":"https:\/\/radioljubuski.ba\/#organization"},"potentialAction":[{"@type":"SearchAction","target":{"@type":"EntryPoint","urlTemplate":"https:\/\/radioljubuski.ba\/?s={search_term_string}"},"query-input":{"@type":"PropertyValueSpecification","valueRequired":true,"valueName":"search_term_string"}}],"inLanguage":"hr"},{"@type":"Organization","@id":"https:\/\/radioljubuski.ba\/#organization","name":"Radio Ljubu\u0161ki","url":"https:\/\/radioljubuski.ba\/","logo":{"@type":"ImageObject","inLanguage":"hr","@id":"https:\/\/radioljubuski.ba\/#\/schema\/logo\/image\/","url":"https:\/\/radioljubuski.ba\/wp-content\/uploads\/2021\/02\/cropped-Radio_Ljubuski_logo1.jpg","contentUrl":"https:\/\/radioljubuski.ba\/wp-content\/uploads\/2021\/02\/cropped-Radio_Ljubuski_logo1.jpg","width":512,"height":512,"caption":"Radio Ljubu\u0161ki"},"image":{"@id":"https:\/\/radioljubuski.ba\/#\/schema\/logo\/image\/"},"sameAs":["https:\/\/www.facebook.com\/Radiio-Ljubuski-1490835324566332","https:\/\/x.com\/radioljubuski","https:\/\/hr.linkedin.com\/company\/radio-ljubuski","https:\/\/www.youtube.com\/channel\/UCHYaeO_n0Db3tjNGudGpXyw"]},{"@type":"Person","@id":"https:\/\/radioljubuski.ba\/#\/schema\/person\/19fc700381a780f69665d7956c469e3b","name":"Radio Ljubu\u0161ki"}]}},"_links":{"self":[{"href":"https:\/\/radioljubuski.ba\/index.php\/wp-json\/wp\/v2\/posts\/36316","targetHints":{"allow":["GET"]}}],"collection":[{"href":"https:\/\/radioljubuski.ba\/index.php\/wp-json\/wp\/v2\/posts"}],"about":[{"href":"https:\/\/radioljubuski.ba\/index.php\/wp-json\/wp\/v2\/types\/post"}],"author":[{"embeddable":true,"href":"https:\/\/radioljubuski.ba\/index.php\/wp-json\/wp\/v2\/users\/2"}],"replies":[{"embeddable":true,"href":"https:\/\/radioljubuski.ba\/index.php\/wp-json\/wp\/v2\/comments?post=36316"}],"version-history":[{"count":1,"href":"https:\/\/radioljubuski.ba\/index.php\/wp-json\/wp\/v2\/posts\/36316\/revisions"}],"predecessor-version":[{"id":36318,"href":"https:\/\/radioljubuski.ba\/index.php\/wp-json\/wp\/v2\/posts\/36316\/revisions\/36318"}],"wp:featuredmedia":[{"embeddable":true,"href":"https:\/\/radioljubuski.ba\/index.php\/wp-json\/wp\/v2\/media\/36317"}],"wp:attachment":[{"href":"https:\/\/radioljubuski.ba\/index.php\/wp-json\/wp\/v2\/media?parent=36316"}],"wp:term":[{"taxonomy":"category","embeddable":true,"href":"https:\/\/radioljubuski.ba\/index.php\/wp-json\/wp\/v2\/categories?post=36316"},{"taxonomy":"post_tag","embeddable":true,"href":"https:\/\/radioljubuski.ba\/index.php\/wp-json\/wp\/v2\/tags?post=36316"}],"curies":[{"name":"wp","href":"https:\/\/api.w.org\/{rel}","templated":true}]}}