{"id":36319,"date":"2021-06-27T12:14:14","date_gmt":"2021-06-27T11:14:14","guid":{"rendered":"https:\/\/radioljubuski.ba\/?p=36319"},"modified":"2021-06-27T12:14:16","modified_gmt":"2021-06-27T11:14:16","slug":"katolicka-liga-biden-je-prekrsio-temelje-crkvenog-nauka-barem-32-puta","status":"publish","type":"post","link":"https:\/\/radioljubuski.ba\/index.php\/2021\/06\/27\/katolicka-liga-biden-je-prekrsio-temelje-crkvenog-nauka-barem-32-puta\/","title":{"rendered":"Katoli\u010dka liga: Biden je prekr\u0161io temelje crkvenog nauka barem 32 puta"},"content":{"rendered":"\n<p>Ameri\u010dka biskupska konferencija najavila je dokument kojim bi&nbsp; se ameri\u010dkom predsjedniku Joe Bidenu onemogu\u0107ilo primiti sakrament pri\u010desti.<\/p>\n\n\n\n<p>\u201cTo je privatna stvar i ne vjerujem da \u0107e se dogoditi\u201d, reagirao je Biden na odluku ameri\u010dkih biskupa.<\/p>\n\n\n\n<p>Predsjednik odbora za doktrinu u Ameri\u010dkoj biskupskoj konferenciji biskup Kevin Rhoades, koji priprema tekst o mogu\u0107oj zabrani pri\u010desti za Bidena, ka\u017ee kako svi biskupi mogu dati svoj prilog u pripremi zavr\u0161nog dokumenta.<\/p>\n\n\n\n<p><strong>Ameri\u010dka Katoli\u010dka liga objavila je nedavno izvje\u0161\u0107e s 32 slu\u010daja u kojima se ameri\u010dki predsjednik Joe Biden ogrije\u0161io o temelje katoli\u010dkog nauka o moralu otkako je inauguriran<\/strong>, prenosi&nbsp;<a href=\"https:\/\/www.lifesitenews.com\/news\/biden-has-violated-fundamental-catholic-teaching-at-least-32-times-report-to-bishops-says\">LifeSiteNews<\/a>.<\/p>\n\n\n\n<p>\u201cIzvje\u0161\u0107e je poslano svim biskupima u SAD-u\u201d, isti\u010de predsjednik Katoli\u010dke lige Bill Donohue. \u201cOno ocrtava mnoge slu\u010dajeve u kojima Bidenovo odlu\u010divanje o va\u017enim moralnim pitanjima nije bilo uskla\u0111eno s katoli\u010dkim u\u010denjem\u201d.<\/p>\n\n\n\n<p>Izvje\u0161\u0107e je prije svega razmatralo \u201cneprijeporna na\u010dela katoli\u010dkog nauka o klju\u010dnim dru\u0161tvenim pitanjima kao \u0161to su ljudski \u017eivot, vjerske slobode i komplemetarnost mu\u0161karca i \u017eene\u201d, isti\u010de dr. Thomas D. Williams.<\/p>\n\n\n\n<p>Odluke Bidenove administracije sa\u010dinjavaju neke od najte\u017eih napada na \u017eivot, obitelj i slobodu vjeroispovjesti u povijesti Amerike. Oko tre\u0107ina takvih odluka donesena je unutar prvih 10 dana Bidenovog vr\u0161enja du\u017enosti.<\/p>\n\n\n\n<p>Izvr\u0161ne odredbe o otvaranju vojske transrodnim osobama i institucionalizacija transrodnosti u \u0161kolama i sportu prve su me\u0111u takvim Bidenovim odlukama. Uz to, Biden od vladinih federalnih agencija zahtijeva tretiranje seksualne orijentacije i rodnog identiteta kao za\u0161ti\u0107enih kategorija.<\/p>\n\n\n\n<p>\u010cak \u010detiri te\u0161ka prekr\u0161aja katoli\u010dkog nauka istaknuta u izvje\u0161\u0107u odigrala su se tijekom istog dana, 28. sije\u010dnja. Tada je Biden ukinuo zabranu tro\u0161enja novca poreznih obveznika na poba\u010daje u\u010dinjene u inozemstvu. Uz to obnovio je financijsku podr\u0161ku za Planned Parenthood kao i pro-abortivnom Fondu UN-a za aktivnosti stanovni\u0161tva. Tako\u0111er je udvostru\u010dio potro\u0161nju inozemne pomo\u0107i na promociju tzv. \u201cabortivnih prava\u201d u svijetu.<\/p>\n\n\n\n<p>U velja\u010di Bijela ku\u0107a izdala je \u201cMemorandum o napretku ljudskih prava LGBTQI osoba diljem svijeta\u201d. On \u0107e \u201cograni\u010diti mogu\u0107nosti udruga utemeljenih na vjerskom uvjerenju u njihovom doprinosu inozemnoj pomo\u0107i\u201d, navodi Katoli\u010dka liga.<\/p>\n\n\n\n<p>Uz to, Biden je na mjesto zamjenika tajnika Ministarstva zdravstva i socijalne skrbi (HHS) imenovao Richarda Levinea \u2013 transrodnog mu\u0161karca koji je preuzeo ime Rachel i podupire promjene spola u maloljetnika. Uz njega, Senat je potvrdio i tajnika ministarstva Xaviera Becerra, branitelja nezakonite prakse poba\u010daja tijekom poro\u0111aja (partial-birth abortion).<\/p>\n\n\n\n<p>Joe Biden, samoprozvani \u201cdrugi katoli\u010dki predsjednik\u201d SAD-a tako\u0111er je pove\u0107ao radikalne napade na vjerske slobode i va\u017ee\u0107e propise o poba\u010daju tijekom o\u017eujka i travnja.<\/p>\n\n\n\n<p>Nakon \u0161to je Bijela Ku\u0107a odobrila Akt o ameri\u010dkom planu spasa (ARPA), ameri\u010dka FDA koju vodi Bidenova namje\u0161tenica Janet Woodcock najavila je da \u0107e ukinuti ograni\u010denja na tablete za poba\u010daj poslane po\u0161tom.<\/p>\n\n\n\n<p>Istoga tjedna HHS omogu\u0107io je vr\u0161enje eksperimentalnih postupaka na tijelima poba\u010dene djece.<\/p>\n\n\n\n<p>Izvje\u0161\u0107e bilje\u017ei da je Bidenov HHS u vi\u0161e navrata sudskom prisilom prisiljavalo lije\u010dnike na vr\u0161enje operacije promjene spola.<\/p>\n\n\n\n<p>Druge odredbe Bidenove politike koje se kose s katoli\u010dkim u\u010denjem prema izvje\u0161\u0107u su: akt o ravnopravnosti, akt Za narod, akt o nasilju nad \u017eenama (VAWA) te rje\u0161enje Bijele ku\u0107e o potpori amandmanu o ljudskim pravima.<\/p>\n\n\n\n<p>Izvje\u0161\u0107e je pripremljeno uo\u010di biskupskog zasjedanja na kojem se odlu\u010duje o nacrtu dokumenta o pri\u010de\u0161\u0107ivanju katolika koji podupiru poba\u010daj.<\/p>\n\n\n\n<p><em>Izvor: narod.hr\/lifesitenews.com<\/em><\/p>\n","protected":false},"excerpt":{"rendered":"<p>Ameri\u010dka biskupska konferencija najavila je dokument kojim bi&nbsp; se ameri\u010dkom predsjedniku Joe Bidenu onemogu\u0107ilo primiti sakrament pri\u010desti. \u201cTo je privatna stvar i ne vjerujem da \u0107e se dogoditi\u201d, reagirao je Biden na odluku ameri\u010dkih biskupa. Predsjednik odbora za doktrinu u Ameri\u010dkoj biskupskoj konferenciji biskup Kevin Rhoades, koji priprema tekst o mogu\u0107oj zabrani pri\u010desti za Bidena, [&hellip;]<\/p>\n","protected":false},"author":2,"featured_media":36320,"comment_status":"closed","ping_status":"closed","sticky":false,"template":"","format":"standard","meta":{"h5ap_radio_sources":[],"footnotes":""},"categories":[1],"tags":[],"class_list":["post-36319","post","type-post","status-publish","format-standard","has-post-thumbnail","hentry","category-bihiregija"],"yoast_head":"<!-- This site is optimized with the Yoast SEO plugin v27.5 - https:\/\/yoast.com\/product\/yoast-seo-wordpress\/ -->\n<title>Katoli\u010dka liga: Biden je prekr\u0161io temelje crkvenog nauka barem 32 puta - RADIO LJUBU\u0160KI<\/title>\n<meta name=\"robots\" content=\"index, follow, max-snippet:-1, max-image-preview:large, max-video-preview:-1\" \/>\n<link rel=\"canonical\" href=\"https:\/\/radioljubuski.ba\/index.php\/2021\/06\/27\/katolicka-liga-biden-je-prekrsio-temelje-crkvenog-nauka-barem-32-puta\/\" \/>\n<meta property=\"og:locale\" content=\"hr_HR\" \/>\n<meta property=\"og:type\" content=\"article\" \/>\n<meta property=\"og:title\" content=\"Katoli\u010dka liga: Biden je prekr\u0161io temelje crkvenog nauka barem 32 puta - RADIO LJUBU\u0160KI\" \/>\n<meta property=\"og:description\" content=\"Ameri\u010dka biskupska konferencija najavila je dokument kojim bi&nbsp; se ameri\u010dkom predsjedniku Joe Bidenu onemogu\u0107ilo primiti sakrament pri\u010desti. \u201cTo je privatna stvar i ne vjerujem da \u0107e se dogoditi\u201d, reagirao je Biden na odluku ameri\u010dkih biskupa. Predsjednik odbora za doktrinu u Ameri\u010dkoj biskupskoj konferenciji biskup Kevin Rhoades, koji priprema tekst o mogu\u0107oj zabrani pri\u010desti za Bidena, [&hellip;]\" \/>\n<meta property=\"og:url\" content=\"https:\/\/radioljubuski.ba\/index.php\/2021\/06\/27\/katolicka-liga-biden-je-prekrsio-temelje-crkvenog-nauka-barem-32-puta\/\" \/>\n<meta property=\"og:site_name\" content=\"RADIO LJUBU\u0160KI\" \/>\n<meta property=\"article:publisher\" content=\"https:\/\/www.facebook.com\/Radiio-Ljubuski-1490835324566332\" \/>\n<meta property=\"article:published_time\" content=\"2021-06-27T11:14:14+00:00\" \/>\n<meta property=\"article:modified_time\" content=\"2021-06-27T11:14:16+00:00\" \/>\n<meta property=\"og:image\" content=\"https:\/\/radioljubuski.ba\/wp-content\/uploads\/2021\/06\/joe-biden-nauk-katolicke-crkve-696x464-1.jpg\" \/>\n\t<meta property=\"og:image:width\" content=\"696\" \/>\n\t<meta property=\"og:image:height\" content=\"464\" \/>\n\t<meta property=\"og:image:type\" content=\"image\/jpeg\" \/>\n<meta name=\"author\" content=\"Radio Ljubu\u0161ki\" \/>\n<meta name=\"twitter:card\" content=\"summary_large_image\" \/>\n<meta name=\"twitter:creator\" content=\"@radioljubuski\" \/>\n<meta name=\"twitter:site\" content=\"@radioljubuski\" \/>\n<meta name=\"twitter:label1\" content=\"Napisao\/la\" \/>\n\t<meta name=\"twitter:data1\" content=\"Radio Ljubu\u0161ki\" \/>\n\t<meta name=\"twitter:label2\" content=\"Procijenjeno vrijeme \u010ditanja\" \/>\n\t<meta name=\"twitter:data2\" content=\"3 minute\" \/>\n<script type=\"application\/ld+json\" class=\"yoast-schema-graph\">{\"@context\":\"https:\\\/\\\/schema.org\",\"@graph\":[{\"@type\":\"Article\",\"@id\":\"https:\\\/\\\/radioljubuski.ba\\\/index.php\\\/2021\\\/06\\\/27\\\/katolicka-liga-biden-je-prekrsio-temelje-crkvenog-nauka-barem-32-puta\\\/#article\",\"isPartOf\":{\"@id\":\"https:\\\/\\\/radioljubuski.ba\\\/index.php\\\/2021\\\/06\\\/27\\\/katolicka-liga-biden-je-prekrsio-temelje-crkvenog-nauka-barem-32-puta\\\/\"},\"author\":{\"name\":\"Radio Ljubu\u0161ki\",\"@id\":\"https:\\\/\\\/radioljubuski.ba\\\/#\\\/schema\\\/person\\\/19fc700381a780f69665d7956c469e3b\"},\"headline\":\"Katoli\u010dka liga: Biden je prekr\u0161io temelje crkvenog nauka barem 32 puta\",\"datePublished\":\"2021-06-27T11:14:14+00:00\",\"dateModified\":\"2021-06-27T11:14:16+00:00\",\"mainEntityOfPage\":{\"@id\":\"https:\\\/\\\/radioljubuski.ba\\\/index.php\\\/2021\\\/06\\\/27\\\/katolicka-liga-biden-je-prekrsio-temelje-crkvenog-nauka-barem-32-puta\\\/\"},\"wordCount\":619,\"publisher\":{\"@id\":\"https:\\\/\\\/radioljubuski.ba\\\/#organization\"},\"image\":{\"@id\":\"https:\\\/\\\/radioljubuski.ba\\\/index.php\\\/2021\\\/06\\\/27\\\/katolicka-liga-biden-je-prekrsio-temelje-crkvenog-nauka-barem-32-puta\\\/#primaryimage\"},\"thumbnailUrl\":\"https:\\\/\\\/radioljubuski.ba\\\/wp-content\\\/uploads\\\/2021\\\/06\\\/joe-biden-nauk-katolicke-crkve-696x464-1.jpg\",\"articleSection\":[\"BIH i regija\"],\"inLanguage\":\"hr\"},{\"@type\":\"WebPage\",\"@id\":\"https:\\\/\\\/radioljubuski.ba\\\/index.php\\\/2021\\\/06\\\/27\\\/katolicka-liga-biden-je-prekrsio-temelje-crkvenog-nauka-barem-32-puta\\\/\",\"url\":\"https:\\\/\\\/radioljubuski.ba\\\/index.php\\\/2021\\\/06\\\/27\\\/katolicka-liga-biden-je-prekrsio-temelje-crkvenog-nauka-barem-32-puta\\\/\",\"name\":\"Katoli\u010dka liga: Biden je prekr\u0161io temelje crkvenog nauka barem 32 puta - RADIO LJUBU\u0160KI\",\"isPartOf\":{\"@id\":\"https:\\\/\\\/radioljubuski.ba\\\/#website\"},\"primaryImageOfPage\":{\"@id\":\"https:\\\/\\\/radioljubuski.ba\\\/index.php\\\/2021\\\/06\\\/27\\\/katolicka-liga-biden-je-prekrsio-temelje-crkvenog-nauka-barem-32-puta\\\/#primaryimage\"},\"image\":{\"@id\":\"https:\\\/\\\/radioljubuski.ba\\\/index.php\\\/2021\\\/06\\\/27\\\/katolicka-liga-biden-je-prekrsio-temelje-crkvenog-nauka-barem-32-puta\\\/#primaryimage\"},\"thumbnailUrl\":\"https:\\\/\\\/radioljubuski.ba\\\/wp-content\\\/uploads\\\/2021\\\/06\\\/joe-biden-nauk-katolicke-crkve-696x464-1.jpg\",\"datePublished\":\"2021-06-27T11:14:14+00:00\",\"dateModified\":\"2021-06-27T11:14:16+00:00\",\"breadcrumb\":{\"@id\":\"https:\\\/\\\/radioljubuski.ba\\\/index.php\\\/2021\\\/06\\\/27\\\/katolicka-liga-biden-je-prekrsio-temelje-crkvenog-nauka-barem-32-puta\\\/#breadcrumb\"},\"inLanguage\":\"hr\",\"potentialAction\":[{\"@type\":\"ReadAction\",\"target\":[\"https:\\\/\\\/radioljubuski.ba\\\/index.php\\\/2021\\\/06\\\/27\\\/katolicka-liga-biden-je-prekrsio-temelje-crkvenog-nauka-barem-32-puta\\\/\"]}]},{\"@type\":\"ImageObject\",\"inLanguage\":\"hr\",\"@id\":\"https:\\\/\\\/radioljubuski.ba\\\/index.php\\\/2021\\\/06\\\/27\\\/katolicka-liga-biden-je-prekrsio-temelje-crkvenog-nauka-barem-32-puta\\\/#primaryimage\",\"url\":\"https:\\\/\\\/radioljubuski.ba\\\/wp-content\\\/uploads\\\/2021\\\/06\\\/joe-biden-nauk-katolicke-crkve-696x464-1.jpg\",\"contentUrl\":\"https:\\\/\\\/radioljubuski.ba\\\/wp-content\\\/uploads\\\/2021\\\/06\\\/joe-biden-nauk-katolicke-crkve-696x464-1.jpg\",\"width\":696,\"height\":464},{\"@type\":\"BreadcrumbList\",\"@id\":\"https:\\\/\\\/radioljubuski.ba\\\/index.php\\\/2021\\\/06\\\/27\\\/katolicka-liga-biden-je-prekrsio-temelje-crkvenog-nauka-barem-32-puta\\\/#breadcrumb\",\"itemListElement\":[{\"@type\":\"ListItem\",\"position\":1,\"name\":\"Po\u010detna stranica\",\"item\":\"https:\\\/\\\/radioljubuski.ba\\\/\"},{\"@type\":\"ListItem\",\"position\":2,\"name\":\"Katoli\u010dka liga: Biden je prekr\u0161io temelje crkvenog nauka barem 32 puta\"}]},{\"@type\":\"WebSite\",\"@id\":\"https:\\\/\\\/radioljubuski.ba\\\/#website\",\"url\":\"https:\\\/\\\/radioljubuski.ba\\\/\",\"name\":\"Radio Ljubu\u0161ki\",\"description\":\"Sun\u010dana frekvencija Hercegovine\",\"publisher\":{\"@id\":\"https:\\\/\\\/radioljubuski.ba\\\/#organization\"},\"potentialAction\":[{\"@type\":\"SearchAction\",\"target\":{\"@type\":\"EntryPoint\",\"urlTemplate\":\"https:\\\/\\\/radioljubuski.ba\\\/?s={search_term_string}\"},\"query-input\":{\"@type\":\"PropertyValueSpecification\",\"valueRequired\":true,\"valueName\":\"search_term_string\"}}],\"inLanguage\":\"hr\"},{\"@type\":\"Organization\",\"@id\":\"https:\\\/\\\/radioljubuski.ba\\\/#organization\",\"name\":\"Radio Ljubu\u0161ki\",\"url\":\"https:\\\/\\\/radioljubuski.ba\\\/\",\"logo\":{\"@type\":\"ImageObject\",\"inLanguage\":\"hr\",\"@id\":\"https:\\\/\\\/radioljubuski.ba\\\/#\\\/schema\\\/logo\\\/image\\\/\",\"url\":\"https:\\\/\\\/radioljubuski.ba\\\/wp-content\\\/uploads\\\/2021\\\/02\\\/cropped-Radio_Ljubuski_logo1.jpg\",\"contentUrl\":\"https:\\\/\\\/radioljubuski.ba\\\/wp-content\\\/uploads\\\/2021\\\/02\\\/cropped-Radio_Ljubuski_logo1.jpg\",\"width\":512,\"height\":512,\"caption\":\"Radio Ljubu\u0161ki\"},\"image\":{\"@id\":\"https:\\\/\\\/radioljubuski.ba\\\/#\\\/schema\\\/logo\\\/image\\\/\"},\"sameAs\":[\"https:\\\/\\\/www.facebook.com\\\/Radiio-Ljubuski-1490835324566332\",\"https:\\\/\\\/x.com\\\/radioljubuski\",\"https:\\\/\\\/hr.linkedin.com\\\/company\\\/radio-ljubuski\",\"https:\\\/\\\/www.youtube.com\\\/channel\\\/UCHYaeO_n0Db3tjNGudGpXyw\"]},{\"@type\":\"Person\",\"@id\":\"https:\\\/\\\/radioljubuski.ba\\\/#\\\/schema\\\/person\\\/19fc700381a780f69665d7956c469e3b\",\"name\":\"Radio Ljubu\u0161ki\"}]}<\/script>\n<!-- \/ Yoast SEO plugin. -->","yoast_head_json":{"title":"Katoli\u010dka liga: Biden je prekr\u0161io temelje crkvenog nauka barem 32 puta - RADIO LJUBU\u0160KI","robots":{"index":"index","follow":"follow","max-snippet":"max-snippet:-1","max-image-preview":"max-image-preview:large","max-video-preview":"max-video-preview:-1"},"canonical":"https:\/\/radioljubuski.ba\/index.php\/2021\/06\/27\/katolicka-liga-biden-je-prekrsio-temelje-crkvenog-nauka-barem-32-puta\/","og_locale":"hr_HR","og_type":"article","og_title":"Katoli\u010dka liga: Biden je prekr\u0161io temelje crkvenog nauka barem 32 puta - RADIO LJUBU\u0160KI","og_description":"Ameri\u010dka biskupska konferencija najavila je dokument kojim bi&nbsp; se ameri\u010dkom predsjedniku Joe Bidenu onemogu\u0107ilo primiti sakrament pri\u010desti. \u201cTo je privatna stvar i ne vjerujem da \u0107e se dogoditi\u201d, reagirao je Biden na odluku ameri\u010dkih biskupa. Predsjednik odbora za doktrinu u Ameri\u010dkoj biskupskoj konferenciji biskup Kevin Rhoades, koji priprema tekst o mogu\u0107oj zabrani pri\u010desti za Bidena, [&hellip;]","og_url":"https:\/\/radioljubuski.ba\/index.php\/2021\/06\/27\/katolicka-liga-biden-je-prekrsio-temelje-crkvenog-nauka-barem-32-puta\/","og_site_name":"RADIO LJUBU\u0160KI","article_publisher":"https:\/\/www.facebook.com\/Radiio-Ljubuski-1490835324566332","article_published_time":"2021-06-27T11:14:14+00:00","article_modified_time":"2021-06-27T11:14:16+00:00","og_image":[{"width":696,"height":464,"url":"https:\/\/radioljubuski.ba\/wp-content\/uploads\/2021\/06\/joe-biden-nauk-katolicke-crkve-696x464-1.jpg","type":"image\/jpeg"}],"author":"Radio Ljubu\u0161ki","twitter_card":"summary_large_image","twitter_creator":"@radioljubuski","twitter_site":"@radioljubuski","twitter_misc":{"Napisao\/la":"Radio Ljubu\u0161ki","Procijenjeno vrijeme \u010ditanja":"3 minute"},"schema":{"@context":"https:\/\/schema.org","@graph":[{"@type":"Article","@id":"https:\/\/radioljubuski.ba\/index.php\/2021\/06\/27\/katolicka-liga-biden-je-prekrsio-temelje-crkvenog-nauka-barem-32-puta\/#article","isPartOf":{"@id":"https:\/\/radioljubuski.ba\/index.php\/2021\/06\/27\/katolicka-liga-biden-je-prekrsio-temelje-crkvenog-nauka-barem-32-puta\/"},"author":{"name":"Radio Ljubu\u0161ki","@id":"https:\/\/radioljubuski.ba\/#\/schema\/person\/19fc700381a780f69665d7956c469e3b"},"headline":"Katoli\u010dka liga: Biden je prekr\u0161io temelje crkvenog nauka barem 32 puta","datePublished":"2021-06-27T11:14:14+00:00","dateModified":"2021-06-27T11:14:16+00:00","mainEntityOfPage":{"@id":"https:\/\/radioljubuski.ba\/index.php\/2021\/06\/27\/katolicka-liga-biden-je-prekrsio-temelje-crkvenog-nauka-barem-32-puta\/"},"wordCount":619,"publisher":{"@id":"https:\/\/radioljubuski.ba\/#organization"},"image":{"@id":"https:\/\/radioljubuski.ba\/index.php\/2021\/06\/27\/katolicka-liga-biden-je-prekrsio-temelje-crkvenog-nauka-barem-32-puta\/#primaryimage"},"thumbnailUrl":"https:\/\/radioljubuski.ba\/wp-content\/uploads\/2021\/06\/joe-biden-nauk-katolicke-crkve-696x464-1.jpg","articleSection":["BIH i regija"],"inLanguage":"hr"},{"@type":"WebPage","@id":"https:\/\/radioljubuski.ba\/index.php\/2021\/06\/27\/katolicka-liga-biden-je-prekrsio-temelje-crkvenog-nauka-barem-32-puta\/","url":"https:\/\/radioljubuski.ba\/index.php\/2021\/06\/27\/katolicka-liga-biden-je-prekrsio-temelje-crkvenog-nauka-barem-32-puta\/","name":"Katoli\u010dka liga: Biden je prekr\u0161io temelje crkvenog nauka barem 32 puta - RADIO LJUBU\u0160KI","isPartOf":{"@id":"https:\/\/radioljubuski.ba\/#website"},"primaryImageOfPage":{"@id":"https:\/\/radioljubuski.ba\/index.php\/2021\/06\/27\/katolicka-liga-biden-je-prekrsio-temelje-crkvenog-nauka-barem-32-puta\/#primaryimage"},"image":{"@id":"https:\/\/radioljubuski.ba\/index.php\/2021\/06\/27\/katolicka-liga-biden-je-prekrsio-temelje-crkvenog-nauka-barem-32-puta\/#primaryimage"},"thumbnailUrl":"https:\/\/radioljubuski.ba\/wp-content\/uploads\/2021\/06\/joe-biden-nauk-katolicke-crkve-696x464-1.jpg","datePublished":"2021-06-27T11:14:14+00:00","dateModified":"2021-06-27T11:14:16+00:00","breadcrumb":{"@id":"https:\/\/radioljubuski.ba\/index.php\/2021\/06\/27\/katolicka-liga-biden-je-prekrsio-temelje-crkvenog-nauka-barem-32-puta\/#breadcrumb"},"inLanguage":"hr","potentialAction":[{"@type":"ReadAction","target":["https:\/\/radioljubuski.ba\/index.php\/2021\/06\/27\/katolicka-liga-biden-je-prekrsio-temelje-crkvenog-nauka-barem-32-puta\/"]}]},{"@type":"ImageObject","inLanguage":"hr","@id":"https:\/\/radioljubuski.ba\/index.php\/2021\/06\/27\/katolicka-liga-biden-je-prekrsio-temelje-crkvenog-nauka-barem-32-puta\/#primaryimage","url":"https:\/\/radioljubuski.ba\/wp-content\/uploads\/2021\/06\/joe-biden-nauk-katolicke-crkve-696x464-1.jpg","contentUrl":"https:\/\/radioljubuski.ba\/wp-content\/uploads\/2021\/06\/joe-biden-nauk-katolicke-crkve-696x464-1.jpg","width":696,"height":464},{"@type":"BreadcrumbList","@id":"https:\/\/radioljubuski.ba\/index.php\/2021\/06\/27\/katolicka-liga-biden-je-prekrsio-temelje-crkvenog-nauka-barem-32-puta\/#breadcrumb","itemListElement":[{"@type":"ListItem","position":1,"name":"Po\u010detna stranica","item":"https:\/\/radioljubuski.ba\/"},{"@type":"ListItem","position":2,"name":"Katoli\u010dka liga: Biden je prekr\u0161io temelje crkvenog nauka barem 32 puta"}]},{"@type":"WebSite","@id":"https:\/\/radioljubuski.ba\/#website","url":"https:\/\/radioljubuski.ba\/","name":"Radio Ljubu\u0161ki","description":"Sun\u010dana frekvencija Hercegovine","publisher":{"@id":"https:\/\/radioljubuski.ba\/#organization"},"potentialAction":[{"@type":"SearchAction","target":{"@type":"EntryPoint","urlTemplate":"https:\/\/radioljubuski.ba\/?s={search_term_string}"},"query-input":{"@type":"PropertyValueSpecification","valueRequired":true,"valueName":"search_term_string"}}],"inLanguage":"hr"},{"@type":"Organization","@id":"https:\/\/radioljubuski.ba\/#organization","name":"Radio Ljubu\u0161ki","url":"https:\/\/radioljubuski.ba\/","logo":{"@type":"ImageObject","inLanguage":"hr","@id":"https:\/\/radioljubuski.ba\/#\/schema\/logo\/image\/","url":"https:\/\/radioljubuski.ba\/wp-content\/uploads\/2021\/02\/cropped-Radio_Ljubuski_logo1.jpg","contentUrl":"https:\/\/radioljubuski.ba\/wp-content\/uploads\/2021\/02\/cropped-Radio_Ljubuski_logo1.jpg","width":512,"height":512,"caption":"Radio Ljubu\u0161ki"},"image":{"@id":"https:\/\/radioljubuski.ba\/#\/schema\/logo\/image\/"},"sameAs":["https:\/\/www.facebook.com\/Radiio-Ljubuski-1490835324566332","https:\/\/x.com\/radioljubuski","https:\/\/hr.linkedin.com\/company\/radio-ljubuski","https:\/\/www.youtube.com\/channel\/UCHYaeO_n0Db3tjNGudGpXyw"]},{"@type":"Person","@id":"https:\/\/radioljubuski.ba\/#\/schema\/person\/19fc700381a780f69665d7956c469e3b","name":"Radio Ljubu\u0161ki"}]}},"_links":{"self":[{"href":"https:\/\/radioljubuski.ba\/index.php\/wp-json\/wp\/v2\/posts\/36319","targetHints":{"allow":["GET"]}}],"collection":[{"href":"https:\/\/radioljubuski.ba\/index.php\/wp-json\/wp\/v2\/posts"}],"about":[{"href":"https:\/\/radioljubuski.ba\/index.php\/wp-json\/wp\/v2\/types\/post"}],"author":[{"embeddable":true,"href":"https:\/\/radioljubuski.ba\/index.php\/wp-json\/wp\/v2\/users\/2"}],"replies":[{"embeddable":true,"href":"https:\/\/radioljubuski.ba\/index.php\/wp-json\/wp\/v2\/comments?post=36319"}],"version-history":[{"count":1,"href":"https:\/\/radioljubuski.ba\/index.php\/wp-json\/wp\/v2\/posts\/36319\/revisions"}],"predecessor-version":[{"id":36321,"href":"https:\/\/radioljubuski.ba\/index.php\/wp-json\/wp\/v2\/posts\/36319\/revisions\/36321"}],"wp:featuredmedia":[{"embeddable":true,"href":"https:\/\/radioljubuski.ba\/index.php\/wp-json\/wp\/v2\/media\/36320"}],"wp:attachment":[{"href":"https:\/\/radioljubuski.ba\/index.php\/wp-json\/wp\/v2\/media?parent=36319"}],"wp:term":[{"taxonomy":"category","embeddable":true,"href":"https:\/\/radioljubuski.ba\/index.php\/wp-json\/wp\/v2\/categories?post=36319"},{"taxonomy":"post_tag","embeddable":true,"href":"https:\/\/radioljubuski.ba\/index.php\/wp-json\/wp\/v2\/tags?post=36319"}],"curies":[{"name":"wp","href":"https:\/\/api.w.org\/{rel}","templated":true}]}}